{"id":999,"date":"2011-06-07T11:44:10","date_gmt":"2011-06-07T11:44:10","guid":{"rendered":"https:\/\/www.revistarambla.com\/branguli-el-fotografo-que-retrato-crecer-a-barcelona\/"},"modified":"2021-04-29T21:17:42","modified_gmt":"2021-04-29T19:17:42","slug":"branguli-el-fotografo-que-retrato-crecer-a-barcelona","status":"publish","type":"post","link":"https:\/\/www.revistarambla.com\/en\/branguli-el-fotografo-que-retrato-crecer-a-barcelona\/","title":{"rendered":"Brangul\u00ed, el fot\u00f3grafo que retrat\u00f3 crecer a Barcelona"},"content":{"rendered":"<p>A partir del 7 de junio hasta el 23 de octubre, <a href=\"https:\/\/www.cccb.org\/es\/exposiciones\/ficha\/branguli-barcelona-1909-1945\/35958\">el CCCB acoge la exposici\u00f3n de la obra del fot\u00f3grafo catal\u00e1n Josep Brangul\u00ed<\/a> (1879 \u2013 1945), un fot\u00f3grafo que, a trav\u00e9s de su c\u00e1mara fotogr\u00e1fica, retrat\u00f3 la Barcelona de la primera mitad del s.XX y toda la transformaci\u00f3n social que conllev\u00f3 esa \u00e9poca.<\/p>\n<p><img decoding=\"async\" class=\"aligncenter wp-image-31161 size-full\" src=\"https:\/\/www.revistarambla.com\/wp-content\/uploads\/2011\/06\/branguuul.jpg\" alt=\"\" width=\"1000\" height=\"560\" srcset=\"https:\/\/www.revistarambla.com\/wp-content\/uploads\/2011\/06\/branguuul.jpg 1000w, https:\/\/www.revistarambla.com\/wp-content\/uploads\/2011\/06\/branguuul-300x168.jpg 300w, https:\/\/www.revistarambla.com\/wp-content\/uploads\/2011\/06\/branguuul-768x430.jpg 768w\" sizes=\"(max-width: 1000px) 100vw, 1000px\" \/><\/p>\n<p>La Setmana Tr\u00e0gica, la Rep\u00fablica, la Guerra Civil, los talleres artesanos, las f\u00e1bricas con sus trabajadores y hasta los combates de boxeo de los a\u00f1os 30 fueron algunas de las \u00e9pocas y lugares que inmortaliz\u00f3 el fot\u00f3grafo Josep Brangul\u00ed durante los a\u00f1os 1909 y 1945.\u00a0 La ciudad de Barcelona fue, primordialmente, el escenario principal de su obra y el cambio social de la capital catalana y su apariencia fueron los guiones. Brangul\u00ed retrat\u00f3 el puente entre el s.XIX y la modernidad que tuvo lugar en esos a\u00f1os donde hubieron tantos cambios en todos los \u00e1mbitos.<\/p>\n<p>Brangul\u00ed fue uno de los primeros reporteros gr\u00e1ficos que trabajaba sin los plazos que marcaban a los reporteros fotogr\u00e1ficos de los peri\u00f3dicos, por lo que su libertad le permiti\u00f3 plasmar en sus fotos momentos que fueron determinantes en el cambio de una ciudad y una sociedad, important\u00edsimos en su historia y en la de Espa\u00f1a.\u00a0 Su serie de la Setmana Tr\u00e0gica fue su primera y en ella podemos observar el comportamiento de una sociedad en transici\u00f3n pol\u00edtica y social, una sociedad que tambi\u00e9n vemos en sus fotograf\u00edas de los combates de boxeo en el Teatro Olympia o en los varios acontecimientos sociales que tuvieron lugar en esos a\u00f1os. Pero no solo retrat\u00f3 el cambio social sino el cambio de apariencia que sufri\u00f3 la ciudad de Barcelona al principio del s.XX. Brangul\u00ed inmortaliz\u00f3 lugares de la ciudad condal que fueron desapareciendo debido a las obras de modernizaci\u00f3n como, por ejemplo, la construcci\u00f3n de la Via Laietana que comport\u00f3 la demolici\u00f3n de muchas viviendas y calles, aunque no se sabe del todo bien si fue por encargo o por criterio del fot\u00f3grafo. \u00a0La arquitectura tambi\u00e9n tiene un lugar especial en su colecci\u00f3n, ya que podemos apreciar como fue cambiando y se moderniz\u00f3, adapt\u00e1ndose tambi\u00e9n el fot\u00f3grafo a nuevos estilos y t\u00e9cnicas para as\u00ed poder ver a trav\u00e9s de toda su colecci\u00f3n la transformaci\u00f3n que tuvo lugar en el cielo y las calles de Barcelona.<\/p>\n<p>Aun as\u00ed, gran parte de la obra de Brangul\u00ed fue retratar la vida de las f\u00e1bricas de la \u00e9poca y es aqu\u00ed donde vemos por primera vez como las mujeres compaginaban el trabajar con las tareas dom\u00e9sticas y sus roles como matriarcas, adem\u00e1s del trabajo infantil en los talleres. As\u00ed descubri\u00f3 realidades pol\u00edticas, sociales y econ\u00f3micas hasta ahora desconocidas sobre Catalunya.<\/p>\n<p>Pero no s\u00f3lo vemos realidades sociales desconocidas, sino que a trav\u00e9s de sus fotograf\u00edas vemos tambi\u00e9n detalles incre\u00edbles que han pasado desapercibidos durante a\u00f1os, como es la aparici\u00f3n min\u00fascula de un cine en una fotograf\u00eda que data del 1911. Detalles as\u00ed son los que hacen que las fotos de Brangul\u00ed sean \u00fanicas y que, gracias a ellas, podamos revivir esos a\u00f1os que fueron tan importantes en la historia de nuestra ciudad y nuestro pa\u00eds.<\/p>","protected":false},"excerpt":{"rendered":"<p>A partir del 7 de junio hasta el 23 de octubre, el CCCB acoge la exposici\u00f3n de la obra del fot\u00f3grafo catal\u00e1n Josep Brangul\u00ed (1879 \u2013 1945), un fot\u00f3grafo que, a trav\u00e9s de su c\u00e1mara fotogr\u00e1fica, retrat\u00f3 la Barcelona de la primera mitad del s.XX y toda la transformaci\u00f3n social [&hellip;]<\/p>\n","protected":false},"author":1,"featured_media":31161,"comment_status":"open","ping_status":"open","sticky":false,"template":"","format":"standard","meta":{"footnotes":""},"categories":[64,4],"tags":[],"class_list":["post-999","post","type-post","status-publish","format-standard","has-post-thumbnail","hentry","category-arte","category-cultura"],"yoast_head":"<!-- This site is optimized with the Yoast SEO plugin v27.5 - https:\/\/yoast.com\/product\/yoast-seo-wordpress\/ -->\n<title>Brangul\u00ed, el fot\u00f3grafo que retrat\u00f3 crecer a Barcelona - Revista Rambla<\/title>\n<meta name=\"robots\" content=\"index, follow, max-snippet:-1, max-image-preview:large, max-video-preview:-1\" \/>\n<link rel=\"canonical\" href=\"https:\/\/www.revistarambla.com\/en\/branguli-el-fotografo-que-retrato-crecer-a-barcelona\/\" \/>\n<meta property=\"og:locale\" content=\"en_GB\" \/>\n<meta property=\"og:type\" content=\"article\" \/>\n<meta property=\"og:title\" content=\"Brangul\u00ed, el fot\u00f3grafo que retrat\u00f3 crecer a Barcelona - Revista Rambla\" \/>\n<meta property=\"og:description\" content=\"A partir del 7 de junio hasta el 23 de octubre, el CCCB acoge la exposici\u00f3n de la obra del fot\u00f3grafo catal\u00e1n Josep Brangul\u00ed (1879 \u2013 1945), un fot\u00f3grafo que, a trav\u00e9s de su c\u00e1mara fotogr\u00e1fica, retrat\u00f3 la Barcelona de la primera mitad del s.XX y toda la transformaci\u00f3n social [&hellip;]\" \/>\n<meta property=\"og:url\" content=\"https:\/\/www.revistarambla.com\/en\/branguli-el-fotografo-que-retrato-crecer-a-barcelona\/\" \/>\n<meta property=\"og:site_name\" content=\"Revista Rambla\" \/>\n<meta property=\"article:publisher\" content=\"https:\/\/www.facebook.com\/revistarambla\/\" \/>\n<meta property=\"article:published_time\" content=\"2011-06-07T11:44:10+00:00\" \/>\n<meta property=\"article:modified_time\" content=\"2021-04-29T19:17:42+00:00\" \/>\n<meta property=\"og:image\" content=\"https:\/\/i0.wp.com\/www.revistarambla.com\/wp-content\/uploads\/2011\/06\/branguuul.jpg?fit=1000%2C560&ssl=1\" \/>\n\t<meta property=\"og:image:width\" content=\"1000\" \/>\n\t<meta property=\"og:image:height\" content=\"560\" \/>\n\t<meta property=\"og:image:type\" content=\"image\/jpeg\" \/>\n<meta name=\"author\" content=\"Aleix Gwilliam\" \/>\n<meta name=\"twitter:card\" content=\"summary_large_image\" \/>\n<meta name=\"twitter:creator\" content=\"@revistarambla\" \/>\n<meta name=\"twitter:site\" content=\"@revistarambla\" \/>\n<meta name=\"twitter:label1\" content=\"Written by\" \/>\n\t<meta name=\"twitter:data1\" content=\"Aleix Gwilliam\" \/>\n\t<meta name=\"twitter:label2\" content=\"Estimated reading time\" \/>\n\t<meta name=\"twitter:data2\" content=\"3 minutes\" \/>\n<script type=\"application\/ld+json\" class=\"yoast-schema-graph\">{\"@context\":\"https:\\\/\\\/schema.org\",\"@graph\":[{\"@type\":\"Article\",\"@id\":\"https:\\\/\\\/www.revistarambla.com\\\/branguli-el-fotografo-que-retrato-crecer-a-barcelona\\\/#article\",\"isPartOf\":{\"@id\":\"https:\\\/\\\/www.revistarambla.com\\\/branguli-el-fotografo-que-retrato-crecer-a-barcelona\\\/\"},\"author\":{\"name\":\"Aleix Gwilliam\",\"@id\":\"https:\\\/\\\/www.revistarambla.com\\\/#\\\/schema\\\/person\\\/4a5652fc8c82df1f8593002d038cd79e\"},\"headline\":\"Brangul\u00ed, el fot\u00f3grafo que retrat\u00f3 crecer a Barcelona\",\"datePublished\":\"2011-06-07T11:44:10+00:00\",\"dateModified\":\"2021-04-29T19:17:42+00:00\",\"mainEntityOfPage\":{\"@id\":\"https:\\\/\\\/www.revistarambla.com\\\/branguli-el-fotografo-que-retrato-crecer-a-barcelona\\\/\"},\"wordCount\":574,\"commentCount\":0,\"publisher\":{\"@id\":\"https:\\\/\\\/www.revistarambla.com\\\/#organization\"},\"image\":{\"@id\":\"https:\\\/\\\/www.revistarambla.com\\\/branguli-el-fotografo-que-retrato-crecer-a-barcelona\\\/#primaryimage\"},\"thumbnailUrl\":\"https:\\\/\\\/www.revistarambla.com\\\/wp-content\\\/uploads\\\/2011\\\/06\\\/branguuul.jpg\",\"articleSection\":[\"Arte\",\"Cultura\"],\"inLanguage\":\"en-GB\",\"potentialAction\":[{\"@type\":\"CommentAction\",\"name\":\"Comment\",\"target\":[\"https:\\\/\\\/www.revistarambla.com\\\/branguli-el-fotografo-que-retrato-crecer-a-barcelona\\\/#respond\"]}]},{\"@type\":\"WebPage\",\"@id\":\"https:\\\/\\\/www.revistarambla.com\\\/branguli-el-fotografo-que-retrato-crecer-a-barcelona\\\/\",\"url\":\"https:\\\/\\\/www.revistarambla.com\\\/branguli-el-fotografo-que-retrato-crecer-a-barcelona\\\/\",\"name\":\"Brangul\u00ed, el fot\u00f3grafo que retrat\u00f3 crecer a Barcelona - Revista Rambla\",\"isPartOf\":{\"@id\":\"https:\\\/\\\/www.revistarambla.com\\\/#website\"},\"primaryImageOfPage\":{\"@id\":\"https:\\\/\\\/www.revistarambla.com\\\/branguli-el-fotografo-que-retrato-crecer-a-barcelona\\\/#primaryimage\"},\"image\":{\"@id\":\"https:\\\/\\\/www.revistarambla.com\\\/branguli-el-fotografo-que-retrato-crecer-a-barcelona\\\/#primaryimage\"},\"thumbnailUrl\":\"https:\\\/\\\/www.revistarambla.com\\\/wp-content\\\/uploads\\\/2011\\\/06\\\/branguuul.jpg\",\"datePublished\":\"2011-06-07T11:44:10+00:00\",\"dateModified\":\"2021-04-29T19:17:42+00:00\",\"breadcrumb\":{\"@id\":\"https:\\\/\\\/www.revistarambla.com\\\/branguli-el-fotografo-que-retrato-crecer-a-barcelona\\\/#breadcrumb\"},\"inLanguage\":\"en-GB\",\"potentialAction\":[{\"@type\":\"ReadAction\",\"target\":[\"https:\\\/\\\/www.revistarambla.com\\\/branguli-el-fotografo-que-retrato-crecer-a-barcelona\\\/\"]}]},{\"@type\":\"ImageObject\",\"inLanguage\":\"en-GB\",\"@id\":\"https:\\\/\\\/www.revistarambla.com\\\/branguli-el-fotografo-que-retrato-crecer-a-barcelona\\\/#primaryimage\",\"url\":\"https:\\\/\\\/www.revistarambla.com\\\/wp-content\\\/uploads\\\/2011\\\/06\\\/branguuul.jpg\",\"contentUrl\":\"https:\\\/\\\/www.revistarambla.com\\\/wp-content\\\/uploads\\\/2011\\\/06\\\/branguuul.jpg\",\"width\":1000,\"height\":560},{\"@type\":\"BreadcrumbList\",\"@id\":\"https:\\\/\\\/www.revistarambla.com\\\/branguli-el-fotografo-que-retrato-crecer-a-barcelona\\\/#breadcrumb\",\"itemListElement\":[{\"@type\":\"ListItem\",\"position\":1,\"name\":\"Portada\",\"item\":\"https:\\\/\\\/www.revistarambla.com\\\/\"},{\"@type\":\"ListItem\",\"position\":2,\"name\":\"Brangul\u00ed, el fot\u00f3grafo que retrat\u00f3 crecer a Barcelona\"}]},{\"@type\":\"WebSite\",\"@id\":\"https:\\\/\\\/www.revistarambla.com\\\/#website\",\"url\":\"https:\\\/\\\/www.revistarambla.com\\\/\",\"name\":\"Revista Rambla Barcelona\",\"description\":\"Periodismo independiente\",\"publisher\":{\"@id\":\"https:\\\/\\\/www.revistarambla.com\\\/#organization\"},\"potentialAction\":[{\"@type\":\"SearchAction\",\"target\":{\"@type\":\"EntryPoint\",\"urlTemplate\":\"https:\\\/\\\/www.revistarambla.com\\\/?s={search_term_string}\"},\"query-input\":{\"@type\":\"PropertyValueSpecification\",\"valueRequired\":true,\"valueName\":\"search_term_string\"}}],\"inLanguage\":\"en-GB\"},{\"@type\":\"Organization\",\"@id\":\"https:\\\/\\\/www.revistarambla.com\\\/#organization\",\"name\":\"Revista Rambla\",\"url\":\"https:\\\/\\\/www.revistarambla.com\\\/\",\"logo\":{\"@type\":\"ImageObject\",\"inLanguage\":\"en-GB\",\"@id\":\"https:\\\/\\\/www.revistarambla.com\\\/#\\\/schema\\\/logo\\\/image\\\/\",\"url\":\"https:\\\/\\\/www.revistarambla.com\\\/wp-content\\\/uploads\\\/2020\\\/09\\\/banner_rambla_1900x600_BB.png\",\"contentUrl\":\"https:\\\/\\\/www.revistarambla.com\\\/wp-content\\\/uploads\\\/2020\\\/09\\\/banner_rambla_1900x600_BB.png\",\"width\":1900,\"height\":600,\"caption\":\"Revista Rambla\"},\"image\":{\"@id\":\"https:\\\/\\\/www.revistarambla.com\\\/#\\\/schema\\\/logo\\\/image\\\/\"},\"sameAs\":[\"https:\\\/\\\/www.facebook.com\\\/revistarambla\\\/\",\"https:\\\/\\\/x.com\\\/revistarambla\",\"https:\\\/\\\/www.instagram.com\\\/revista_rambla\",\"https:\\\/\\\/es.linkedin.com\\\/company\\\/revista-rambla\"]},{\"@type\":\"Person\",\"@id\":\"https:\\\/\\\/www.revistarambla.com\\\/#\\\/schema\\\/person\\\/4a5652fc8c82df1f8593002d038cd79e\",\"name\":\"Aleix Gwilliam\"}]}<\/script>\n<!-- \/ Yoast SEO plugin. -->","yoast_head_json":{"title":"Brangul\u00ed, el fot\u00f3grafo que retrat\u00f3 crecer a Barcelona - Revista Rambla","robots":{"index":"index","follow":"follow","max-snippet":"max-snippet:-1","max-image-preview":"max-image-preview:large","max-video-preview":"max-video-preview:-1"},"canonical":"https:\/\/www.revistarambla.com\/en\/branguli-el-fotografo-que-retrato-crecer-a-barcelona\/","og_locale":"en_GB","og_type":"article","og_title":"Brangul\u00ed, el fot\u00f3grafo que retrat\u00f3 crecer a Barcelona - Revista Rambla","og_description":"A partir del 7 de junio hasta el 23 de octubre, el CCCB acoge la exposici\u00f3n de la obra del fot\u00f3grafo catal\u00e1n Josep Brangul\u00ed (1879 \u2013 1945), un fot\u00f3grafo que, a trav\u00e9s de su c\u00e1mara fotogr\u00e1fica, retrat\u00f3 la Barcelona de la primera mitad del s.XX y toda la transformaci\u00f3n social [&hellip;]","og_url":"https:\/\/www.revistarambla.com\/en\/branguli-el-fotografo-que-retrato-crecer-a-barcelona\/","og_site_name":"Revista Rambla","article_publisher":"https:\/\/www.facebook.com\/revistarambla\/","article_published_time":"2011-06-07T11:44:10+00:00","article_modified_time":"2021-04-29T19:17:42+00:00","og_image":[{"width":1000,"height":560,"url":"https:\/\/i0.wp.com\/www.revistarambla.com\/wp-content\/uploads\/2011\/06\/branguuul.jpg?fit=1000%2C560&ssl=1","type":"image\/jpeg"}],"author":"Aleix Gwilliam","twitter_card":"summary_large_image","twitter_creator":"@revistarambla","twitter_site":"@revistarambla","twitter_misc":{"Written by":"Aleix Gwilliam","Estimated reading time":"3 minutes"},"schema":{"@context":"https:\/\/schema.org","@graph":[{"@type":"Article","@id":"https:\/\/www.revistarambla.com\/branguli-el-fotografo-que-retrato-crecer-a-barcelona\/#article","isPartOf":{"@id":"https:\/\/www.revistarambla.com\/branguli-el-fotografo-que-retrato-crecer-a-barcelona\/"},"author":{"name":"Aleix Gwilliam","@id":"https:\/\/www.revistarambla.com\/#\/schema\/person\/4a5652fc8c82df1f8593002d038cd79e"},"headline":"Brangul\u00ed, el fot\u00f3grafo que retrat\u00f3 crecer a Barcelona","datePublished":"2011-06-07T11:44:10+00:00","dateModified":"2021-04-29T19:17:42+00:00","mainEntityOfPage":{"@id":"https:\/\/www.revistarambla.com\/branguli-el-fotografo-que-retrato-crecer-a-barcelona\/"},"wordCount":574,"commentCount":0,"publisher":{"@id":"https:\/\/www.revistarambla.com\/#organization"},"image":{"@id":"https:\/\/www.revistarambla.com\/branguli-el-fotografo-que-retrato-crecer-a-barcelona\/#primaryimage"},"thumbnailUrl":"https:\/\/www.revistarambla.com\/wp-content\/uploads\/2011\/06\/branguuul.jpg","articleSection":["Arte","Cultura"],"inLanguage":"en-GB","potentialAction":[{"@type":"CommentAction","name":"Comment","target":["https:\/\/www.revistarambla.com\/branguli-el-fotografo-que-retrato-crecer-a-barcelona\/#respond"]}]},{"@type":"WebPage","@id":"https:\/\/www.revistarambla.com\/branguli-el-fotografo-que-retrato-crecer-a-barcelona\/","url":"https:\/\/www.revistarambla.com\/branguli-el-fotografo-que-retrato-crecer-a-barcelona\/","name":"Brangul\u00ed, el fot\u00f3grafo que retrat\u00f3 crecer a Barcelona - Revista Rambla","isPartOf":{"@id":"https:\/\/www.revistarambla.com\/#website"},"primaryImageOfPage":{"@id":"https:\/\/www.revistarambla.com\/branguli-el-fotografo-que-retrato-crecer-a-barcelona\/#primaryimage"},"image":{"@id":"https:\/\/www.revistarambla.com\/branguli-el-fotografo-que-retrato-crecer-a-barcelona\/#primaryimage"},"thumbnailUrl":"https:\/\/www.revistarambla.com\/wp-content\/uploads\/2011\/06\/branguuul.jpg","datePublished":"2011-06-07T11:44:10+00:00","dateModified":"2021-04-29T19:17:42+00:00","breadcrumb":{"@id":"https:\/\/www.revistarambla.com\/branguli-el-fotografo-que-retrato-crecer-a-barcelona\/#breadcrumb"},"inLanguage":"en-GB","potentialAction":[{"@type":"ReadAction","target":["https:\/\/www.revistarambla.com\/branguli-el-fotografo-que-retrato-crecer-a-barcelona\/"]}]},{"@type":"ImageObject","inLanguage":"en-GB","@id":"https:\/\/www.revistarambla.com\/branguli-el-fotografo-que-retrato-crecer-a-barcelona\/#primaryimage","url":"https:\/\/www.revistarambla.com\/wp-content\/uploads\/2011\/06\/branguuul.jpg","contentUrl":"https:\/\/www.revistarambla.com\/wp-content\/uploads\/2011\/06\/branguuul.jpg","width":1000,"height":560},{"@type":"BreadcrumbList","@id":"https:\/\/www.revistarambla.com\/branguli-el-fotografo-que-retrato-crecer-a-barcelona\/#breadcrumb","itemListElement":[{"@type":"ListItem","position":1,"name":"Portada","item":"https:\/\/www.revistarambla.com\/"},{"@type":"ListItem","position":2,"name":"Brangul\u00ed, el fot\u00f3grafo que retrat\u00f3 crecer a Barcelona"}]},{"@type":"WebSite","@id":"https:\/\/www.revistarambla.com\/#website","url":"https:\/\/www.revistarambla.com\/","name":"Revista Rambla Barcelona","description":"Periodismo independiente","publisher":{"@id":"https:\/\/www.revistarambla.com\/#organization"},"potentialAction":[{"@type":"SearchAction","target":{"@type":"EntryPoint","urlTemplate":"https:\/\/www.revistarambla.com\/?s={search_term_string}"},"query-input":{"@type":"PropertyValueSpecification","valueRequired":true,"valueName":"search_term_string"}}],"inLanguage":"en-GB"},{"@type":"Organization","@id":"https:\/\/www.revistarambla.com\/#organization","name":"Revista Rambla","url":"https:\/\/www.revistarambla.com\/","logo":{"@type":"ImageObject","inLanguage":"en-GB","@id":"https:\/\/www.revistarambla.com\/#\/schema\/logo\/image\/","url":"https:\/\/www.revistarambla.com\/wp-content\/uploads\/2020\/09\/banner_rambla_1900x600_BB.png","contentUrl":"https:\/\/www.revistarambla.com\/wp-content\/uploads\/2020\/09\/banner_rambla_1900x600_BB.png","width":1900,"height":600,"caption":"Revista Rambla"},"image":{"@id":"https:\/\/www.revistarambla.com\/#\/schema\/logo\/image\/"},"sameAs":["https:\/\/www.facebook.com\/revistarambla\/","https:\/\/x.com\/revistarambla","https:\/\/www.instagram.com\/revista_rambla","https:\/\/es.linkedin.com\/company\/revista-rambla"]},{"@type":"Person","@id":"https:\/\/www.revistarambla.com\/#\/schema\/person\/4a5652fc8c82df1f8593002d038cd79e","name":"Aleix Gwilliam"}]}},"_links":{"self":[{"href":"https:\/\/www.revistarambla.com\/en\/wp-json\/wp\/v2\/posts\/999","targetHints":{"allow":["GET"]}}],"collection":[{"href":"https:\/\/www.revistarambla.com\/en\/wp-json\/wp\/v2\/posts"}],"about":[{"href":"https:\/\/www.revistarambla.com\/en\/wp-json\/wp\/v2\/types\/post"}],"author":[{"embeddable":true,"href":"https:\/\/www.revistarambla.com\/en\/wp-json\/wp\/v2\/users\/1"}],"replies":[{"embeddable":true,"href":"https:\/\/www.revistarambla.com\/en\/wp-json\/wp\/v2\/comments?post=999"}],"version-history":[{"count":0,"href":"https:\/\/www.revistarambla.com\/en\/wp-json\/wp\/v2\/posts\/999\/revisions"}],"wp:featuredmedia":[{"embeddable":true,"href":"https:\/\/www.revistarambla.com\/en\/wp-json\/wp\/v2\/media\/31161"}],"wp:attachment":[{"href":"https:\/\/www.revistarambla.com\/en\/wp-json\/wp\/v2\/media?parent=999"}],"wp:term":[{"taxonomy":"category","embeddable":true,"href":"https:\/\/www.revistarambla.com\/en\/wp-json\/wp\/v2\/categories?post=999"},{"taxonomy":"post_tag","embeddable":true,"href":"https:\/\/www.revistarambla.com\/en\/wp-json\/wp\/v2\/tags?post=999"}],"curies":[{"name":"wp","href":"https:\/\/api.w.org\/{rel}","templated":true}]}}