{"id":9959,"date":"2016-08-10T07:13:39","date_gmt":"2016-08-10T05:13:39","guid":{"rendered":"https:\/\/www.revistarambla.com\/?p=9959"},"modified":"2021-12-08T20:45:04","modified_gmt":"2021-12-08T19:45:04","slug":"joan-orriols-hay-que-ser-radical-escribir-desde-la-rebeldia-hacer-sangre","status":"publish","type":"post","link":"https:\/\/www.revistarambla.com\/en\/joan-orriols-hay-que-ser-radical-escribir-desde-la-rebeldia-hacer-sangre\/","title":{"rendered":"Joan Orriols: \u00abHay que ser radical, escribir desde la rebeld\u00eda, hacer sangre\u00bb"},"content":{"rendered":"<p style=\"text-align: left;\">\u201cMejor que te hagan una cara nueva antes que pasar desapercibido, sobre todo no dejes a nadie indiferente\u201d. Es uno de los lemas-consejos del poeta Nan Orriols (1945), con un breve pasado en el ayuntamiento de su Vic natal en el primer gobierno de Pujol (\u201cme fui corriendo al cabo de poco tiempo\u201d) y una trayectoria profesional como empresario. Ya jubilado y todav\u00eda de izquierdas (\u201csoy m\u00e1s radical que la CUP, nunca discutir\u00e9 c\u00f3mo pintar el piso si todav\u00eda no lo tengo\u201d), el 15 de septiembre presentar\u00e1 su nueva entrega po\u00e9tica, \u2018Pintallavis\u2019 (\u2018Pintalabios\u2019), en una carrera po\u00e9tica reciente que empez\u00f3 por casualidad. Toda la vida hab\u00eda ido acumulando de manera dispersa versos y anotaciones en libretas, fruto de sus numerosos viajes, hasta que un amigo le anim\u00f3 a publicar en 2011. Desde entonces, Viena Edicions le ha editado \u2018Certeses i somnis\u2019 (\u2018Certezas y sue\u00f1os\u2019), \u2018\u00c0nimes\u2019 (\u2018Almas\u2019) y Ocells petits\u2019 (\u2018P\u00e1jaros peque\u00f1os\u2019), siempre con la naturaleza por bandera y la radicalidad de un estilo directo que interpela con aforismos breves a modo de balas precisas. No busqu\u00e9is su rostro en las rese\u00f1as biogr\u00e1ficas de sus libros: prefiere que el lugar reservado a la fotograf\u00eda est\u00e9 ocupado por el dibujo de alg\u00fan animal.<\/p>\n<figure id=\"attachment_9963\" aria-describedby=\"caption-attachment-9963\" style=\"width: 700px\" class=\"wp-caption aligncenter\"><img decoding=\"async\" class=\"wp-image-9963 size-full\" src=\"https:\/\/www.revistarambla.com\/wp-content\/uploads\/2016\/08\/p0eta-02.jpg\" alt=\"p0eta-02\" width=\"700\" height=\"444\" srcset=\"https:\/\/www.revistarambla.com\/wp-content\/uploads\/2016\/08\/p0eta-02.jpg 700w, https:\/\/www.revistarambla.com\/wp-content\/uploads\/2016\/08\/p0eta-02-300x190.jpg 300w, https:\/\/www.revistarambla.com\/wp-content\/uploads\/2016\/08\/p0eta-02-500x317.jpg 500w\" sizes=\"(max-width: 700px) 100vw, 700px\" \/><figcaption id=\"caption-attachment-9963\" class=\"wp-caption-text\">Joan Orriols Foto: Carles Batalla<\/figcaption><\/figure>\n<p style=\"text-align: left;\"><strong>Crece la edici\u00f3n en catal\u00e1n de las obras maestras, est\u00e1n en auge las traducciones de poes\u00eda en catal\u00e1n y paralelamente est\u00e1n naciendo muchas editoriales alternativas, algunas de las cuales se han fusionado. \u00bfEs un buen momento para la literatura en catal\u00e1n?<\/strong><\/p>\n<p style=\"text-align: left;\">Hay poes\u00eda en catal\u00e1n muy buena, se hacen traducciones y el mero hecho de escribir en catal\u00e1n es un acto heroico porque tienes unas posibilidades m\u00e1s peque\u00f1as en comparaci\u00f3n al que lo hace en castellano, que tiene un mercado mucho m\u00e1s amplio. Sin olvidar que a un escritor catal\u00e1n que quisiera escribir en castellano se le abrir\u00edan todas las puertas, s\u00f3lo por ser un catal\u00e1n que escribe en castellano. Se traduce Llull, se hizo el a\u00f1o Vinyoli, hay actividad y lo que sobra es que el mundo de la cultura est\u00e1 demasiado relacionado con la subvenci\u00f3n, hay un mundo pr\u00f3ximo a la consejer\u00eda de Cultura que hace lo que quiere y otro mundo formado por gente extraordinaria que vive ignorada.<\/p>\n<p style=\"text-align: left;\"><strong>En el art\u00edculo \u201cEl plagio verdagueriano\u201d publicado en Naci\u00f3 Digital afirmaba que \u201cel Departamento de Cultura de la Generalitat y todos los premios literarios son un esc\u00e1ndalo de estafadores sin freno\u201d. La mayor\u00eda de premios se ama\u00f1an para que los ganen autores conocidos, muy pocos se reservan s\u00f3lo a in\u00e9ditos, se trata de ganar uno y entras en el c\u00edrculo\u2026<\/strong><\/p>\n<p style=\"text-align: left;\">S\u00ed, conozco autores a los que le han dicho: \u2018pres\u00e9ntate a este premio que te lo daremos\u2019 y ya est\u00e1, adem\u00e1s se lo reparten entre unos cuantos, ya les va bien y est\u00e1n contentos, unos son asesores del consejero a mi modo de ver la cultura no deber\u00eda tener ni Consejer\u00eda, quiz\u00e1s s\u00f3lo una para mantener patrimonio, patrimonio mudo, el que no habla y est\u00e1 quieto y ha vivido cientos de a\u00f1os.<\/p>\n<p style=\"text-align: left;\"><strong>Adem\u00e1s, en los premios literarios siempre se exigen unos patrones muy concretos y r\u00edgidos: un eje tem\u00e1tico, una extensi\u00f3n, un orden, un estilo\u2026<\/strong><\/p>\n<p style=\"text-align: left;\">Es horroroso, Jorge Amado dijo una vez que todos los escritores que se presentan a concursos son unos desgraciados porque si participas es para darte a conocer o ganar dinero, quiere decir que ya hay unos intereses, si hay intereses es que existe alguien que se mueve por conseguirlos. Un escritor debe escribir para \u00e9l y para sus amigos.<\/p>\n<p style=\"text-align: left;\"><strong>Hab\u00eda un comentario digno de menci\u00f3n en el art\u00edculo que dec\u00eda as\u00ed: \u201cculturalmente en Catalunya domina la \u2018capillita\u2019, una serie de endogamias provincianas que act\u00faan mediocremente como mafia siciliana. Se dan los premios entre ellos, siempre los mismos. Total, que aqu\u00ed la cultura importa una mierda, domina la capillita que act\u00faa gravemente de tap\u00f3n a la gente que sobresale. Impera la envidia, la correcci\u00f3n pol\u00edtica disfrazada de ji ji ja ja, la escasez de miras y lo que se hace en materia de premios es de cara a la galer\u00eda: lo de menos es la cultura y los autores ganadores, que en realidad son usados como pieza inevitable de la fiesta de cada ayuntamiento o entidad organizadora de los premios\u2019. \u00bfEst\u00e1 de acuerdo con esa reflexi\u00f3n?<\/strong><\/p>\n<p style=\"text-align: left;\">S\u00ed, nosotros somos as\u00ed, eso ha cambiado mucho con la televisi\u00f3n, antes no exist\u00edan los medi\u00e1ticos, hay muchas cosas buenas pero no se entera nadie.<\/p>\n<p style=\"text-align: left;\"><strong>\u00bfC\u00f3mo se puede cambiar?<\/strong><\/p>\n<p style=\"text-align: left;\">Supongo que no se puede, de gente que quiere vivir del sistema, sea cultural, de la televisi\u00f3n&#8230; hay mucha. Adem\u00e1s somos un pa\u00eds en el que intentamos intervenirlo todo demasiado, por ejemplo, cuando Vic fue elegida capital de la cultura catalana, muy bien, si la cultura tiene capital es que la cultura no existe porque la cultura es cultura.<\/p>\n<p style=\"text-align: left;\"><strong>\u00bfHasta qu\u00e9 punto hay envidia entre los escritores? Con frecuencia los propios escritores son los peores cr\u00edticos de otros colegas, con cr\u00edticas que parecen correcciones escolares y apuntes muy desleales\u2026<\/strong><\/p>\n<p style=\"text-align: left;\">S\u00ed, nos sacamos los ojos. Explican que T\u00e0pies prefer\u00eda luchar para que no le hicieran una entrevista a otro pintor antes de luchar para que se le hicieran a \u00e9l y as\u00ed en todos los sitios. Hay muchos intereses, los Ateneos, todo el mundo quiere salir, si tienes un art\u00edculo en la Wikipedia ya parece que eres alguien&#8230;<\/p>\n<p style=\"text-align: left;\"><strong>Igual que la pintura o la escultura, la poes\u00eda ha quedado como un reducto del pasado y objeto del mercadeo editorial. \u00bfPor qu\u00e9 los gobiernos no la promueven y c\u00f3mo se puede corregir esa tendencia?<\/strong><\/p>\n<p style=\"text-align: left;\">Creo que el verdadero problema es que hoy no hay galeristas, hemos ido perdiendo sociedad civil que con una buena ley de mecenazgo hubiera podido hacer verdaderas maravillas y en cambio tenemos un intervencionismo terrible que nos lleva a una situaci\u00f3n complicada. Lo veo dif\u00edcil de arreglar, con un mecenazgo bueno seguramente eso funcionar\u00eda porque saldr\u00edan inversores privados, coleccionistas&#8230; Adem\u00e1s pasan cosas fant\u00e1sticas, la pintura religiosa ten\u00eda inter\u00e9s y ahora ya no, la pintura del pa\u00eds ha bajado much\u00edsimo, las cosas cambian muy deprisa. Se deber\u00eda apostar por potenciar la sociedad civil.<\/p>\n<p style=\"text-align: left;\"><strong>Con la poes\u00eda uno es marginal por partida triple: lo es porque hace cultura, ya arrinconada por los gobiernos, dentro de ella la literatura, que es una de las hermanas pobres del arte, y dentro de ella la poes\u00eda. \u00bfPor qu\u00e9 el g\u00e9nero literario por excelencia en la actualidad es la novela, cuando antiguamente lo eran la poes\u00eda y el teatro?<\/strong><\/p>\n<p style=\"text-align: left;\">La respuesta es: televisi\u00f3n, televisi\u00f3n y televisi\u00f3n. Cuando no exist\u00eda la televisi\u00f3n hab\u00eda libros, teatro\u2026 ahora o haces novelas de grandes tiradas que de alguna manera tienen una proyecci\u00f3n comercial y de marketing o nada, en cambio buscas las prosas de Joaquim Ruyra, que son excelentes, y te cuesta encontrarlas. Tenemos libros magn\u00edficos de personajes de la Guerra Civil o Jaume de Mur, un poeta de principios del siglo XX que vivi\u00f3 18 a\u00f1os, como Rimbaud, su familia hizo para s\u00ed misma una edici\u00f3n digital de su obra pero de eso no se entera ni la Generalitat ni todos los que hacen cr\u00edtica de poes\u00eda.<\/p>\n<p style=\"text-align: left;\"><strong>En cuanto al estilo po\u00e9tico, conviven dos realidades paralelas: los que luchan por ser los m\u00e1s cr\u00edpticos y enrevesados con los que hacen rimas pueriles y \u00f1o\u00f1as que rayan lo infantil y lo vulgar. \u00bfC\u00f3mo se puede encontrar el equilibrio?<\/strong><\/p>\n<p style=\"text-align: left;\">Hoy el mundo es feo, no hay nada bonito excepto la inocencia de los ni\u00f1os y el amor y por decirlo de alg\u00fan modo el mundo desgraciadamente confunde la justicia con el amor, los partidos creen que las cosas se pueden hacer justas, no, las cosas nunca ser\u00e1n justas, la especie humana ha fracasado siempre igual que la democracia, no hay nada que hacer. El mundo tiene unos problemas de superpoblaci\u00f3n que afectan nuestro h\u00e1bitat y el poeta debe ser radical, denunciar la realidad que le ha tocado vivir porque la \u00e9poca de Goethe y B\u00e9cquer ha terminado.<\/p>\n<p style=\"text-align: left;\"><strong>En el fondo la literatura es necesidad fisiol\u00f3gica, refugio, lucha contra la muerte, ansia de inmortalidad o diversi\u00f3n, la finalidad inicial no es publicar. \u00bfPero entonces por qu\u00e9 necesitamos ver la obra plasmada en un libro, por qu\u00e9 necesitamos el reconocimiento ajeno para dar validez y autentificar el talento?<\/strong><\/p>\n<p style=\"text-align: left;\">Debido a la vanidad, uno de los libros de la Biblia, el \u2018Eclesiast\u00e9s\u2019, ya habla de la vanidad. Escribimos por vanidad, en un determinado momento todos tenemos nuestra cuota de vanidad y no lo podemos evitar. Seguramente est\u00e1 lleno de poetas que no dicen nada y son mejores que los que publicamos.<\/p>\n<p style=\"text-align: left;\"><strong>Adem\u00e1s de convertir la literatura en un conglomerado de cifras, intereses, subvenciones, capillitas, endogamias, premios manipulados, reverencias y listas de ventas, este circo de la cultura tiene sus poetas oficiales (Espriu, Maragall, Foix, Mart\u00ed i Pol) y otros malditos que apenas se promocionan y leen (Blai Bonet, Miquel Bau\u00e7\u00e0, Palau i Fabre). En lengua castellano tambi\u00e9n sucede igual, los Alberti, Jos\u00e9 Hierro, Garc\u00eda Montero, \u00c1ngel Gonz\u00e1lez tapan a los Panero, Valente, Brines, Claudio Rodr\u00edguez\u2026<\/strong><\/p>\n<p style=\"text-align: left;\">S\u00ed, y vas a Soria y siempre es el a\u00f1o Machado, en pintura igual, vas a Toledo y siempre es el a\u00f1o de la muerte del conde Orgaz. Esto ya no tendr\u00eda que ser un problema, ahora se pueden hacer autoediciones y libros a la carta, gracias a Internet accedes a mucha informaci\u00f3n.<\/p>\n<p style=\"text-align: left;\"><strong>En la literatura catalana domina como par\u00e1metro el estilo Mart\u00ed i Pol, esa poes\u00eda tan pulcra y pol\u00edticamente correcta. \u00bfPor qu\u00e9?<\/strong><\/p>\n<p style=\"text-align: left;\">Mart\u00ed i Pol representa una \u00e9poca, lo que no se puede hacer nunca es copiar, en aquel momento no hab\u00eda pr\u00e1cticamente televisi\u00f3n. Le conoc\u00ed personalmente, era un hombre que ya denunciaba la dictadura, de poes\u00eda de la f\u00e1brica por decirlo de alguna manera, de Roda de Ter. Adem\u00e1s, t\u00fa le lees y en un alto porcentaje le entiendes.<\/p>\n<p style=\"text-align: left;\"><strong>Tambi\u00e9n es muy repetitivo\u2026<\/strong><\/p>\n<p style=\"text-align: left;\">S\u00ed, pero por ejemplo el bacalao lo puedes cortar quiz\u00e1s de 20 maneras pero no de 50, en Sagi Serrallonga dec\u00eda \u2018no diremos nada pero lo diremos todo\u2019, a veces has de aprender a comunicarte de diferentes maneras pero has de hacerte entender.<\/p>\n<p style=\"text-align: left;\"><strong>En Catalunya en algunas ocasiones tambi\u00e9n se ha producido una confusi\u00f3n entre la noble contribuci\u00f3n a la lengua y cultura catalanas con la calidad literaria, como si se hubiera hecho un juicio m\u00e1s ben\u00e9volo por el mero hecho de escribir en catal\u00e1n.<\/strong><\/p>\n<p style=\"text-align: left;\">Puede ser. Por otro lado, a veces dicen \u2018es que el libro tiene 600 p\u00e1ginas\u2019, mejor un libro de 10 p\u00e1ginas buenas, Rulfo s\u00f3lo public\u00f3 2 libros y quiz\u00e1s es el mejor escritor mejicano de todos los tiempos. Otra cosa importante es que perdemos el contacto con la naturaleza, con lo que perdemos vocabulario. El mundo ha cambiado mucho en 30-40 a\u00f1os, el mundo de los pescadores y los payeses se ha acabado y ten\u00edan su jerga, en la Costa Brava hablaban en salat, la lengua estaba muy entroncada en el pa\u00eds. Se ha perdido y no lo recuperaremos pero hay un mundo nuevo urbano, cruel si quieres, pero que puede generar un vocabulario nuevo. Hay que escribir desde la rebeld\u00eda, no desde el confort.<\/p>\n<p style=\"text-align: left;\"><strong>Si en la calle muestro el mismo poema a alguien que no sabe su autor y una vez le\u00eddo le digo que es de alguien conocido, su reacci\u00f3n ser\u00e1 muy distinta a si con posterioridad le digo que es de un autor in\u00e9dito.<\/strong><\/p>\n<p style=\"text-align: left;\">S\u00ed, los que hacemos poes\u00eda, cuando tenemos nuestro c\u00edrculo de amigos ya no podemos buscar m\u00e1s, en TV3 har\u00e1n \u2018Cites\u2019 o \u2018La Riera\u2019, y en Sant Jordi te venden la vida de Messi&#8230; la poes\u00eda tiene un inter\u00e9s muy relativo, peque\u00f1o, hay que ser radical y hacer da\u00f1o, sangre, para ver si la gente reacciona.<\/p>\n<p style=\"text-align: left;\"><strong>\u00bfEl verdadero problema es que la literatura es un negocio, una industria que debe ser rentable y cuadrar n\u00fameros, cuando en realidad deber\u00eda ser una artesan\u00eda?<\/strong><\/p>\n<p style=\"text-align: left;\">Hoy las editoriales est\u00e1n tocadas, antes la Generalitat daba un apoyo gen\u00e9rico y de cada libro editado la Generalitat se quedaba 200 o 300 ejemplares y los enviaba a bibliotecas y escuelas. En todas partes hay premios literarios municipales, con la poes\u00eda es muy dif\u00edcil. Por ejemplo, Llu\u00eds Sol\u00e0 vive la emoci\u00f3n de la edici\u00f3n de su obra completa, la quiere presentar en una librer\u00eda en Valencia y acuden 6 personas, lo hacen en Lleida y van 2 personas\u2026 hay una parte que debes garantizar, no hay que buscar un \u00e9xito medi\u00e1tico pero s\u00ed defenderlo un poco.<\/p>\n<p style=\"text-align: left;\"><strong>Editores, representantes, intermediarios\u2026 viven del talento ajeno, el del escritor. \u00bfEso es moral?<\/strong><\/p>\n<p style=\"text-align: left;\">Las editoriales van muy justitas, si hablamos de \u2018La catedral del mar\u2019 o este tipo de libros, ya es otra historia. El primo de mi padre era Mossen Ballar\u00edn, empez\u00f3 a hacer entrevistas con Mari Pau Huguet y TV3 y a partir de entonces lo que escribi\u00f3 tuvo inter\u00e9s, si no nadie se hubiera enterado, se sent\u00eda a gusto y vend\u00eda su moto: que como capell\u00e1n fue un incomprendido, que lo desterraron a Queralbs, que escrib\u00eda en catal\u00e1n, que otra iglesia era posible&#8230;Hab\u00eda gente defraudada con la actitud de la iglesia que compr\u00f3 su discurso y le funcion\u00f3. \u00bfPor qu\u00e9 vende Pilar Rahola? Porque sale por la televisi\u00f3n.<\/p>\n<p style=\"text-align: left;\"><strong>Las librer\u00edas tampoco ayudan, porque habitualmente colocan los libros estrat\u00e9gicamente como productos de supermercado en las estanter\u00edas, es decir, los best-sellers y los medi\u00e1ticos en primera l\u00ednea y ocup\u00e1ndolo todo, mientras que la poes\u00eda debe conformarse con media estanter\u00eda dif\u00edcil de encontrar\u2026<\/strong><\/p>\n<p style=\"text-align: left;\">Ponen delante lo que vende, es algo comercial, claro. Vuelvo a decir, el hecho de editar, escribir y publicar novela, poes\u00eda o ensayo en catal\u00e1n tiene un m\u00e9rito porque el mundo es muy peque\u00f1o, debemos estar contentos de que exista.<\/p>\n<p style=\"text-align: left;\"><strong>Por otro lado existe una obsesi\u00f3n de objetivizar el arte y la literatura, de cumplir unos supuestos par\u00e1metros. \u00bfCu\u00e1les son? <\/strong><\/p>\n<p style=\"text-align: left;\">Eso de los par\u00e1metros, especialmente en los premios, cuando te dicen que debe reunir un m\u00ednimo de folios y de caracteres&#8230; Recomendar\u00eda que si quieres dedicarte a la poes\u00eda o a pintar, vayas trabajar por la ma\u00f1ana en otra cosa y te dediques a las artes por la tarde. Pero no vayas a buscar premios literarios dej\u00e1ndote humillar de esa manera, iros a la mierda. Hay que buscarse la vida para tener tus ingresos, al que le gustan los trenes el\u00e9ctricos se los compra, es un hobby, querer vivir de eso es traer problemas a los que van de buena fe y si debes autoeditarte y gastarte 1000 euros, lo haces.<\/p>\n<p style=\"text-align: left;\"><strong>\u00bfQu\u00e9 ingredientes debe reunir la poes\u00eda? Parece claro que hay que haber le\u00eddo y vivido mucho y despu\u00e9s hay algo de irracional como de revelaci\u00f3n dif\u00edcil de explicar. Luego cada uno tendr\u00e1 su don o habilidad y aprender\u00e1 una t\u00e9cnica\u2026<\/strong><\/p>\n<p style=\"text-align: left;\">No puedes explicar c\u00f3mo se hace el amor si no lo has practicado, hay muchos que lo intentan, todos quieren describir la pasi\u00f3n. Es necesario haberte enamorado para vivir todo eso, es necesario haber vivido en el bosque con los animales para hablar del bosque, es necesario haber vivido en el desierto, como yo he hecho, para hablar del desierto, tal y como hago en algunos poemas. En el mundo urbano y en el rural hay dos ejemplos de que todo es posible si se hace conoci\u00e9ndolo bien: el libro de \u2018Las ratas\u2019 de Miguel Delibes, que es excelente, y por otro lado Jorge Amado tiene un libro parecido llamado \u2018Sudor\u2019, es un edificio en el que todo el mundo vive api\u00f1ado y lucha para cazar las ratas, el mismo problema en los dos \u00e1mbitos.<\/p>\n<p style=\"text-align: left;\"><strong>Hay mucho impostor en la literatura\u2026<\/strong><\/p>\n<p style=\"text-align: left;\">Muchos, dicen que un autor catal\u00e1n escrib\u00eda libros de pa\u00edses donde no hab\u00eda estado nunca.<\/p>\n<p style=\"text-align: left;\"><strong>Josep Pla.<\/strong><\/p>\n<p style=\"text-align: left;\">S\u00ed, y despu\u00e9s hay plagios, para escribir bien te debe llegar, todav\u00eda escribo en papel porque muchas veces lloro y me caer\u00edan las l\u00e1grimas en las teclas. Siempre debes permitir que el lector ponga su parte y hay que ser muy directo.<\/p>\n<p style=\"text-align: left;\"><strong>Seg\u00fan el m\u00fasico Jordi Savall un pa\u00eds que no da valor a la cultura no tiene futuro. \u00bfCoincide con \u00e9l?<\/strong><\/p>\n<p style=\"text-align: left;\">Los catalanes damos mucha importancia a la cultura, tenemos escuelas de m\u00fasica, el auditorio, el Liceu, el Palau de la M\u00fasica\u2026 el problema es que somos muy conscientes que nuestra lengua es un pilar fundamental del pa\u00eds, que es imprescindible, lo que pasa es que a veces nosotros mismos nos hacemos da\u00f1o. Savall tiene raz\u00f3n, si volvemos a abrir el grifo del dinero, \u00bfqu\u00e9 haremos? \u00bfPondremos 500 trabajadores m\u00e1s en TV3? \u00bfHaremos otra Atl\u00e1ntida en Vic cuando ya tenemos el teatro de Calldetenes o el de Seva? Hay que tener cabeza, en las escuelas a los alumnos les hacen comprar los libros de Merc\u00e8 Rodoreda, vale, y les hacen pagar para que se los descarguen para Internet. A mi entender deber\u00edan poder baj\u00e1rselos todos y gratuitamente, entonces me dicen que Merc\u00e8 Rodoreda tiene una fundaci\u00f3n que cobra los derechos de autor, siempre es la misma historia, ves que la fundaci\u00f3n tiene un presupuesto y que busca financiamiento. Si te metes con Rodoreda te caer\u00e1n palos por todos los sitios, igual que si te metes con la del Club del Editor, Maria Bohigas: su abuelo era Joan Sales, autor de la obra \u2018Incerta gl\u00f2ria\u2019 que ahora han editado en ingl\u00e9s, ella va a vender la moto que el libro debe traducirse y en el fondo busca una subvenci\u00f3n para que ella pueda editar el libro, si ara\u00f1as vas encontrando los intereses y que detr\u00e1s es un esti\u00e9rcol y un putiferio. \u00bfY el pastelero de Orist\u00e0 no aguanta la cultura? \u00bfY no lo hacen las bibliotecas de pueblo de Olost de Llu\u00e7an\u00e8s y de Sant Feliu Sesserres? \u00bfY no la aguanta la gente de Sant Joan de les Abadesses? Barcelona es el Titanic, eso lo dijo De Az\u00faa, parece que lo que no pase en Barcelona no pase en Catalunya.<\/p>\n<p style=\"text-align: left;\"><strong>\u00bfLas palabras \u2018comercial\u2019 y \u2018calidad\u2019 pueden ir juntas en literatura? <\/strong><\/p>\n<p style=\"text-align: left;\">Si la obra tiene la suerte de caer en una editorial que comercializa bien no tiene por qu\u00e9 ser mala, hay editoriales que pr\u00e1cticamente no distribuyen.<\/p>\n<p style=\"text-align: left;\"><strong>\u00bfY qui\u00e9n decide qui\u00e9n es moda y qu\u00e9 es un cl\u00e1sico?<\/strong><\/p>\n<p style=\"text-align: left;\">Se deber\u00eda crear una editorial que hiciera lo siguiente: que toda la obra en catal\u00e1n que ya no tiene derechos de autor se digitalizase de tal manera que estuviera al alcance de todo el mundo, la Consejer\u00eda de Cultura podr\u00eda hacerlo. Para simplificar, cl\u00e1sico o no, cuando una cosa ya no tiene autor para decirlo de alguna manera y tiene inter\u00e9s, es cl\u00e1sico. Maragall es un t\u00edo sorprendente, tiene unos art\u00edculos muy buenos, Verdaguer era un loco, un neur\u00f3tico obsesivo y al final de su vida quiso morir como un muerto de hambre, el ayuntamiento le daba dinero y lo rechazaba, mucha gente busca ser un m\u00e1rtir y sabe que la muerte les dar\u00e1 trascendencia.<\/p>\n<p style=\"text-align: left;\"><strong>Teniendo en cuenta la cantidad de obras mediocres o el relleno que hay en algunos libros, \u00bfel silencio de un autor se deber\u00eda considerar como su obra m\u00e1s coherente? En el sentido de que, si no tiene nada nuevo, diferente o curioso que decir, es mejor que calle y no publique nada.<\/strong><\/p>\n<p style=\"text-align: left;\">S\u00ed, en mi caso no hubiera pensado nunca en publicar, yo viajaba por el mundo e iba haciendo anotaciones en libretas.<\/p>\n<p style=\"text-align: left;\"><strong>\u00bfVe factible que en el futuro en la literatura se produzca una revoluci\u00f3n democr\u00e1tica como la que ha sucedido en la m\u00fasica, es decir, que la industria deje de decidir qui\u00e9n es bueno y qui\u00e9n no, a qui\u00e9n se le da difusi\u00f3n y a qui\u00e9n no, y todos los escritores puedan colgar libremente sus obras en plataformas de Internet para que sea s\u00f3lo el lector qui\u00e9n decida qu\u00e9 le parece bueno y qu\u00e9 le gusta?<\/strong><\/p>\n<p style=\"text-align: left;\">Se piratea todo y seguramente el futuro de la poes\u00eda por ejemplo pasa por colgar poemas acompa\u00f1ados por m\u00fasica en plataformas, como si fueran videoclips. Es lo que se deber\u00eda hacer, porque lo hace f\u00e1cil a la gente.<\/p>\n<p style=\"text-align: left;\"><strong>\u00bfQu\u00e9 puede avanzarnos sobre su nuevo libro, \u201cPintallavis\u201d?<\/strong><\/p>\n<p style=\"text-align: left;\">Es un libro de denuncia de la especie humana, de la crueldad del hombre consigo mismo y con los animales, digo que la especie humana no tiene futuro, incluye di\u00e1logos, intento hacerlo suave porque la gente no se deprima cuando termine de leerlo.<\/p>","protected":false},"excerpt":{"rendered":"<p>\u201cMejor que te hagan una cara nueva antes que pasar desapercibido, sobre todo no dejes a nadie indiferente\u201d. Es uno de los lemas-consejos del poeta Nan Orriols (1945), con un breve pasado en el ayuntamiento de su Vic natal en el primer gobierno de Pujol (\u201cme fui corriendo al cabo [&hellip;]<\/p>\n","protected":false},"author":40,"featured_media":9961,"comment_status":"open","ping_status":"open","sticky":false,"template":"","format":"standard","meta":{"footnotes":""},"categories":[3,76],"tags":[],"class_list":["post-9959","post","type-post","status-publish","format-standard","has-post-thumbnail","hentry","category-actualidad","category-barcelona"],"yoast_head":"<!-- This site is optimized with the Yoast SEO plugin v27.5 - https:\/\/yoast.com\/product\/yoast-seo-wordpress\/ -->\n<title>Joan Orriols: &quot;Hay que ser radical, escribir desde la rebeld\u00eda, hacer sangre&quot; - Revista Rambla<\/title>\n<meta name=\"robots\" content=\"index, follow, max-snippet:-1, max-image-preview:large, max-video-preview:-1\" \/>\n<link rel=\"canonical\" href=\"https:\/\/www.revistarambla.com\/en\/joan-orriols-hay-que-ser-radical-escribir-desde-la-rebeldia-hacer-sangre\/\" \/>\n<meta property=\"og:locale\" content=\"en_GB\" \/>\n<meta property=\"og:type\" content=\"article\" \/>\n<meta property=\"og:title\" content=\"Joan Orriols: &quot;Hay que ser radical, escribir desde la rebeld\u00eda, hacer sangre&quot; - Revista Rambla\" \/>\n<meta property=\"og:description\" content=\"\u201cMejor que te hagan una cara nueva antes que pasar desapercibido, sobre todo no dejes a nadie indiferente\u201d. Es uno de los lemas-consejos del poeta Nan Orriols (1945), con un breve pasado en el ayuntamiento de su Vic natal en el primer gobierno de Pujol (\u201cme fui corriendo al cabo [&hellip;]\" \/>\n<meta property=\"og:url\" content=\"https:\/\/www.revistarambla.com\/en\/joan-orriols-hay-que-ser-radical-escribir-desde-la-rebeldia-hacer-sangre\/\" \/>\n<meta property=\"og:site_name\" content=\"Revista Rambla\" \/>\n<meta property=\"article:publisher\" content=\"https:\/\/www.facebook.com\/revistarambla\/\" \/>\n<meta property=\"article:author\" content=\"https:\/\/www.facebook.com\/carles.batalla.7\" \/>\n<meta property=\"article:published_time\" content=\"2016-08-10T05:13:39+00:00\" \/>\n<meta property=\"article:modified_time\" content=\"2021-12-08T19:45:04+00:00\" \/>\n<meta property=\"og:image\" content=\"https:\/\/www.revistarambla.com\/wp-content\/uploads\/2016\/08\/p0eta-01.jpg\" \/>\n\t<meta property=\"og:image:width\" content=\"1179\" \/>\n\t<meta property=\"og:image:height\" content=\"582\" \/>\n\t<meta property=\"og:image:type\" content=\"image\/jpeg\" \/>\n<meta name=\"author\" content=\"Carles Batalla\" \/>\n<meta name=\"twitter:card\" content=\"summary_large_image\" \/>\n<meta name=\"twitter:creator\" content=\"@batallacarles\" \/>\n<meta name=\"twitter:site\" content=\"@revistarambla\" \/>\n<meta name=\"twitter:label1\" content=\"Written by\" \/>\n\t<meta name=\"twitter:data1\" content=\"Carles Batalla\" \/>\n\t<meta name=\"twitter:label2\" content=\"Estimated reading time\" \/>\n\t<meta name=\"twitter:data2\" content=\"15 minutes\" \/>\n<script type=\"application\/ld+json\" class=\"yoast-schema-graph\">{\"@context\":\"https:\\\/\\\/schema.org\",\"@graph\":[{\"@type\":\"Article\",\"@id\":\"https:\\\/\\\/www.revistarambla.com\\\/joan-orriols-hay-que-ser-radical-escribir-desde-la-rebeldia-hacer-sangre\\\/#article\",\"isPartOf\":{\"@id\":\"https:\\\/\\\/www.revistarambla.com\\\/joan-orriols-hay-que-ser-radical-escribir-desde-la-rebeldia-hacer-sangre\\\/\"},\"author\":{\"name\":\"Carles Batalla\",\"@id\":\"https:\\\/\\\/www.revistarambla.com\\\/#\\\/schema\\\/person\\\/6929729dc40824a1c398a961398e6d97\"},\"headline\":\"Joan Orriols: \u00abHay que ser radical, escribir desde la rebeld\u00eda, hacer sangre\u00bb\",\"datePublished\":\"2016-08-10T05:13:39+00:00\",\"dateModified\":\"2021-12-08T19:45:04+00:00\",\"mainEntityOfPage\":{\"@id\":\"https:\\\/\\\/www.revistarambla.com\\\/joan-orriols-hay-que-ser-radical-escribir-desde-la-rebeldia-hacer-sangre\\\/\"},\"wordCount\":3640,\"commentCount\":3,\"publisher\":{\"@id\":\"https:\\\/\\\/www.revistarambla.com\\\/#organization\"},\"image\":{\"@id\":\"https:\\\/\\\/www.revistarambla.com\\\/joan-orriols-hay-que-ser-radical-escribir-desde-la-rebeldia-hacer-sangre\\\/#primaryimage\"},\"thumbnailUrl\":\"https:\\\/\\\/www.revistarambla.com\\\/wp-content\\\/uploads\\\/2016\\\/08\\\/p0eta-01.jpg\",\"articleSection\":[\"Actualidad\",\"Barcelona\"],\"inLanguage\":\"en-GB\",\"potentialAction\":[{\"@type\":\"CommentAction\",\"name\":\"Comment\",\"target\":[\"https:\\\/\\\/www.revistarambla.com\\\/joan-orriols-hay-que-ser-radical-escribir-desde-la-rebeldia-hacer-sangre\\\/#respond\"]}]},{\"@type\":\"WebPage\",\"@id\":\"https:\\\/\\\/www.revistarambla.com\\\/joan-orriols-hay-que-ser-radical-escribir-desde-la-rebeldia-hacer-sangre\\\/\",\"url\":\"https:\\\/\\\/www.revistarambla.com\\\/joan-orriols-hay-que-ser-radical-escribir-desde-la-rebeldia-hacer-sangre\\\/\",\"name\":\"Joan Orriols: \\\"Hay que ser radical, escribir desde la rebeld\u00eda, hacer sangre\\\" - Revista Rambla\",\"isPartOf\":{\"@id\":\"https:\\\/\\\/www.revistarambla.com\\\/#website\"},\"primaryImageOfPage\":{\"@id\":\"https:\\\/\\\/www.revistarambla.com\\\/joan-orriols-hay-que-ser-radical-escribir-desde-la-rebeldia-hacer-sangre\\\/#primaryimage\"},\"image\":{\"@id\":\"https:\\\/\\\/www.revistarambla.com\\\/joan-orriols-hay-que-ser-radical-escribir-desde-la-rebeldia-hacer-sangre\\\/#primaryimage\"},\"thumbnailUrl\":\"https:\\\/\\\/www.revistarambla.com\\\/wp-content\\\/uploads\\\/2016\\\/08\\\/p0eta-01.jpg\",\"datePublished\":\"2016-08-10T05:13:39+00:00\",\"dateModified\":\"2021-12-08T19:45:04+00:00\",\"breadcrumb\":{\"@id\":\"https:\\\/\\\/www.revistarambla.com\\\/joan-orriols-hay-que-ser-radical-escribir-desde-la-rebeldia-hacer-sangre\\\/#breadcrumb\"},\"inLanguage\":\"en-GB\",\"potentialAction\":[{\"@type\":\"ReadAction\",\"target\":[\"https:\\\/\\\/www.revistarambla.com\\\/joan-orriols-hay-que-ser-radical-escribir-desde-la-rebeldia-hacer-sangre\\\/\"]}]},{\"@type\":\"ImageObject\",\"inLanguage\":\"en-GB\",\"@id\":\"https:\\\/\\\/www.revistarambla.com\\\/joan-orriols-hay-que-ser-radical-escribir-desde-la-rebeldia-hacer-sangre\\\/#primaryimage\",\"url\":\"https:\\\/\\\/www.revistarambla.com\\\/wp-content\\\/uploads\\\/2016\\\/08\\\/p0eta-01.jpg\",\"contentUrl\":\"https:\\\/\\\/www.revistarambla.com\\\/wp-content\\\/uploads\\\/2016\\\/08\\\/p0eta-01.jpg\",\"width\":1179,\"height\":582},{\"@type\":\"BreadcrumbList\",\"@id\":\"https:\\\/\\\/www.revistarambla.com\\\/joan-orriols-hay-que-ser-radical-escribir-desde-la-rebeldia-hacer-sangre\\\/#breadcrumb\",\"itemListElement\":[{\"@type\":\"ListItem\",\"position\":1,\"name\":\"Portada\",\"item\":\"https:\\\/\\\/www.revistarambla.com\\\/\"},{\"@type\":\"ListItem\",\"position\":2,\"name\":\"Joan Orriols: \u00abHay que ser radical, escribir desde la rebeld\u00eda, hacer sangre\u00bb\"}]},{\"@type\":\"WebSite\",\"@id\":\"https:\\\/\\\/www.revistarambla.com\\\/#website\",\"url\":\"https:\\\/\\\/www.revistarambla.com\\\/\",\"name\":\"Revista Rambla Barcelona\",\"description\":\"Periodismo independiente\",\"publisher\":{\"@id\":\"https:\\\/\\\/www.revistarambla.com\\\/#organization\"},\"potentialAction\":[{\"@type\":\"SearchAction\",\"target\":{\"@type\":\"EntryPoint\",\"urlTemplate\":\"https:\\\/\\\/www.revistarambla.com\\\/?s={search_term_string}\"},\"query-input\":{\"@type\":\"PropertyValueSpecification\",\"valueRequired\":true,\"valueName\":\"search_term_string\"}}],\"inLanguage\":\"en-GB\"},{\"@type\":\"Organization\",\"@id\":\"https:\\\/\\\/www.revistarambla.com\\\/#organization\",\"name\":\"Revista Rambla\",\"url\":\"https:\\\/\\\/www.revistarambla.com\\\/\",\"logo\":{\"@type\":\"ImageObject\",\"inLanguage\":\"en-GB\",\"@id\":\"https:\\\/\\\/www.revistarambla.com\\\/#\\\/schema\\\/logo\\\/image\\\/\",\"url\":\"https:\\\/\\\/www.revistarambla.com\\\/wp-content\\\/uploads\\\/2020\\\/09\\\/banner_rambla_1900x600_BB.png\",\"contentUrl\":\"https:\\\/\\\/www.revistarambla.com\\\/wp-content\\\/uploads\\\/2020\\\/09\\\/banner_rambla_1900x600_BB.png\",\"width\":1900,\"height\":600,\"caption\":\"Revista Rambla\"},\"image\":{\"@id\":\"https:\\\/\\\/www.revistarambla.com\\\/#\\\/schema\\\/logo\\\/image\\\/\"},\"sameAs\":[\"https:\\\/\\\/www.facebook.com\\\/revistarambla\\\/\",\"https:\\\/\\\/x.com\\\/revistarambla\",\"https:\\\/\\\/www.instagram.com\\\/revista_rambla\",\"https:\\\/\\\/es.linkedin.com\\\/company\\\/revista-rambla\"]},{\"@type\":\"Person\",\"@id\":\"https:\\\/\\\/www.revistarambla.com\\\/#\\\/schema\\\/person\\\/6929729dc40824a1c398a961398e6d97\",\"name\":\"Carles Batalla\",\"description\":\"Periodista y poeta.\",\"sameAs\":[\"https:\\\/\\\/www.facebook.com\\\/carles.batalla.7\",\"https:\\\/\\\/x.com\\\/batallacarles\"]}]}<\/script>\n<!-- \/ Yoast SEO plugin. -->","yoast_head_json":{"title":"Joan Orriols: \"Hay que ser radical, escribir desde la rebeld\u00eda, hacer sangre\" - Revista Rambla","robots":{"index":"index","follow":"follow","max-snippet":"max-snippet:-1","max-image-preview":"max-image-preview:large","max-video-preview":"max-video-preview:-1"},"canonical":"https:\/\/www.revistarambla.com\/en\/joan-orriols-hay-que-ser-radical-escribir-desde-la-rebeldia-hacer-sangre\/","og_locale":"en_GB","og_type":"article","og_title":"Joan Orriols: \"Hay que ser radical, escribir desde la rebeld\u00eda, hacer sangre\" - Revista Rambla","og_description":"\u201cMejor que te hagan una cara nueva antes que pasar desapercibido, sobre todo no dejes a nadie indiferente\u201d. Es uno de los lemas-consejos del poeta Nan Orriols (1945), con un breve pasado en el ayuntamiento de su Vic natal en el primer gobierno de Pujol (\u201cme fui corriendo al cabo [&hellip;]","og_url":"https:\/\/www.revistarambla.com\/en\/joan-orriols-hay-que-ser-radical-escribir-desde-la-rebeldia-hacer-sangre\/","og_site_name":"Revista Rambla","article_publisher":"https:\/\/www.facebook.com\/revistarambla\/","article_author":"https:\/\/www.facebook.com\/carles.batalla.7","article_published_time":"2016-08-10T05:13:39+00:00","article_modified_time":"2021-12-08T19:45:04+00:00","og_image":[{"width":1179,"height":582,"url":"https:\/\/www.revistarambla.com\/wp-content\/uploads\/2016\/08\/p0eta-01.jpg","type":"image\/jpeg"}],"author":"Carles Batalla","twitter_card":"summary_large_image","twitter_creator":"@batallacarles","twitter_site":"@revistarambla","twitter_misc":{"Written by":"Carles Batalla","Estimated reading time":"15 minutes"},"schema":{"@context":"https:\/\/schema.org","@graph":[{"@type":"Article","@id":"https:\/\/www.revistarambla.com\/joan-orriols-hay-que-ser-radical-escribir-desde-la-rebeldia-hacer-sangre\/#article","isPartOf":{"@id":"https:\/\/www.revistarambla.com\/joan-orriols-hay-que-ser-radical-escribir-desde-la-rebeldia-hacer-sangre\/"},"author":{"name":"Carles Batalla","@id":"https:\/\/www.revistarambla.com\/#\/schema\/person\/6929729dc40824a1c398a961398e6d97"},"headline":"Joan Orriols: \u00abHay que ser radical, escribir desde la rebeld\u00eda, hacer sangre\u00bb","datePublished":"2016-08-10T05:13:39+00:00","dateModified":"2021-12-08T19:45:04+00:00","mainEntityOfPage":{"@id":"https:\/\/www.revistarambla.com\/joan-orriols-hay-que-ser-radical-escribir-desde-la-rebeldia-hacer-sangre\/"},"wordCount":3640,"commentCount":3,"publisher":{"@id":"https:\/\/www.revistarambla.com\/#organization"},"image":{"@id":"https:\/\/www.revistarambla.com\/joan-orriols-hay-que-ser-radical-escribir-desde-la-rebeldia-hacer-sangre\/#primaryimage"},"thumbnailUrl":"https:\/\/www.revistarambla.com\/wp-content\/uploads\/2016\/08\/p0eta-01.jpg","articleSection":["Actualidad","Barcelona"],"inLanguage":"en-GB","potentialAction":[{"@type":"CommentAction","name":"Comment","target":["https:\/\/www.revistarambla.com\/joan-orriols-hay-que-ser-radical-escribir-desde-la-rebeldia-hacer-sangre\/#respond"]}]},{"@type":"WebPage","@id":"https:\/\/www.revistarambla.com\/joan-orriols-hay-que-ser-radical-escribir-desde-la-rebeldia-hacer-sangre\/","url":"https:\/\/www.revistarambla.com\/joan-orriols-hay-que-ser-radical-escribir-desde-la-rebeldia-hacer-sangre\/","name":"Joan Orriols: \"Hay que ser radical, escribir desde la rebeld\u00eda, hacer sangre\" - Revista Rambla","isPartOf":{"@id":"https:\/\/www.revistarambla.com\/#website"},"primaryImageOfPage":{"@id":"https:\/\/www.revistarambla.com\/joan-orriols-hay-que-ser-radical-escribir-desde-la-rebeldia-hacer-sangre\/#primaryimage"},"image":{"@id":"https:\/\/www.revistarambla.com\/joan-orriols-hay-que-ser-radical-escribir-desde-la-rebeldia-hacer-sangre\/#primaryimage"},"thumbnailUrl":"https:\/\/www.revistarambla.com\/wp-content\/uploads\/2016\/08\/p0eta-01.jpg","datePublished":"2016-08-10T05:13:39+00:00","dateModified":"2021-12-08T19:45:04+00:00","breadcrumb":{"@id":"https:\/\/www.revistarambla.com\/joan-orriols-hay-que-ser-radical-escribir-desde-la-rebeldia-hacer-sangre\/#breadcrumb"},"inLanguage":"en-GB","potentialAction":[{"@type":"ReadAction","target":["https:\/\/www.revistarambla.com\/joan-orriols-hay-que-ser-radical-escribir-desde-la-rebeldia-hacer-sangre\/"]}]},{"@type":"ImageObject","inLanguage":"en-GB","@id":"https:\/\/www.revistarambla.com\/joan-orriols-hay-que-ser-radical-escribir-desde-la-rebeldia-hacer-sangre\/#primaryimage","url":"https:\/\/www.revistarambla.com\/wp-content\/uploads\/2016\/08\/p0eta-01.jpg","contentUrl":"https:\/\/www.revistarambla.com\/wp-content\/uploads\/2016\/08\/p0eta-01.jpg","width":1179,"height":582},{"@type":"BreadcrumbList","@id":"https:\/\/www.revistarambla.com\/joan-orriols-hay-que-ser-radical-escribir-desde-la-rebeldia-hacer-sangre\/#breadcrumb","itemListElement":[{"@type":"ListItem","position":1,"name":"Portada","item":"https:\/\/www.revistarambla.com\/"},{"@type":"ListItem","position":2,"name":"Joan Orriols: \u00abHay que ser radical, escribir desde la rebeld\u00eda, hacer sangre\u00bb"}]},{"@type":"WebSite","@id":"https:\/\/www.revistarambla.com\/#website","url":"https:\/\/www.revistarambla.com\/","name":"Revista Rambla Barcelona","description":"Periodismo independiente","publisher":{"@id":"https:\/\/www.revistarambla.com\/#organization"},"potentialAction":[{"@type":"SearchAction","target":{"@type":"EntryPoint","urlTemplate":"https:\/\/www.revistarambla.com\/?s={search_term_string}"},"query-input":{"@type":"PropertyValueSpecification","valueRequired":true,"valueName":"search_term_string"}}],"inLanguage":"en-GB"},{"@type":"Organization","@id":"https:\/\/www.revistarambla.com\/#organization","name":"Revista Rambla","url":"https:\/\/www.revistarambla.com\/","logo":{"@type":"ImageObject","inLanguage":"en-GB","@id":"https:\/\/www.revistarambla.com\/#\/schema\/logo\/image\/","url":"https:\/\/www.revistarambla.com\/wp-content\/uploads\/2020\/09\/banner_rambla_1900x600_BB.png","contentUrl":"https:\/\/www.revistarambla.com\/wp-content\/uploads\/2020\/09\/banner_rambla_1900x600_BB.png","width":1900,"height":600,"caption":"Revista Rambla"},"image":{"@id":"https:\/\/www.revistarambla.com\/#\/schema\/logo\/image\/"},"sameAs":["https:\/\/www.facebook.com\/revistarambla\/","https:\/\/x.com\/revistarambla","https:\/\/www.instagram.com\/revista_rambla","https:\/\/es.linkedin.com\/company\/revista-rambla"]},{"@type":"Person","@id":"https:\/\/www.revistarambla.com\/#\/schema\/person\/6929729dc40824a1c398a961398e6d97","name":"Carles Batalla","description":"Periodista y poeta.","sameAs":["https:\/\/www.facebook.com\/carles.batalla.7","https:\/\/x.com\/batallacarles"]}]}},"_links":{"self":[{"href":"https:\/\/www.revistarambla.com\/en\/wp-json\/wp\/v2\/posts\/9959","targetHints":{"allow":["GET"]}}],"collection":[{"href":"https:\/\/www.revistarambla.com\/en\/wp-json\/wp\/v2\/posts"}],"about":[{"href":"https:\/\/www.revistarambla.com\/en\/wp-json\/wp\/v2\/types\/post"}],"author":[{"embeddable":true,"href":"https:\/\/www.revistarambla.com\/en\/wp-json\/wp\/v2\/users\/40"}],"replies":[{"embeddable":true,"href":"https:\/\/www.revistarambla.com\/en\/wp-json\/wp\/v2\/comments?post=9959"}],"version-history":[{"count":0,"href":"https:\/\/www.revistarambla.com\/en\/wp-json\/wp\/v2\/posts\/9959\/revisions"}],"wp:featuredmedia":[{"embeddable":true,"href":"https:\/\/www.revistarambla.com\/en\/wp-json\/wp\/v2\/media\/9961"}],"wp:attachment":[{"href":"https:\/\/www.revistarambla.com\/en\/wp-json\/wp\/v2\/media?parent=9959"}],"wp:term":[{"taxonomy":"category","embeddable":true,"href":"https:\/\/www.revistarambla.com\/en\/wp-json\/wp\/v2\/categories?post=9959"},{"taxonomy":"post_tag","embeddable":true,"href":"https:\/\/www.revistarambla.com\/en\/wp-json\/wp\/v2\/tags?post=9959"}],"curies":[{"name":"wp","href":"https:\/\/api.w.org\/{rel}","templated":true}]}}