{"id":985,"date":"2011-06-01T14:53:59","date_gmt":"2011-06-01T12:53:59","guid":{"rendered":"https:\/\/www.revistarambla.com\/guillamino-si-solo-hiciera-pop-con-una-guitarra-o-un-ukelele-todo-seria-mas-facil\/"},"modified":"2021-12-08T20:49:22","modified_gmt":"2021-12-08T19:49:22","slug":"guillamino-si-solo-hiciera-pop-con-una-guitarra-o-un-ukelele-todo-seria-mas-facil","status":"publish","type":"post","link":"https:\/\/www.revistarambla.com\/en\/guillamino-si-solo-hiciera-pop-con-una-guitarra-o-un-ukelele-todo-seria-mas-facil\/","title":{"rendered":"Guillamino: \u00abSi s\u00f3lo hiciera pop con una guitarra o un ukelele, todo ser\u00eda m\u00e1s facil\u00bb"},"content":{"rendered":"<p><img decoding=\"async\" class=\"aligncenter\" src=\"https:\/\/www.revistarambla.com\/wp-content\/uploads\/2011\/06\/gullermino1.jpg\" alt=\"alt\" width=\"550\" height=\"298\" \/><\/p>\n<p>Inquieto por naturaleza y con la electr\u00f3nica como base, a Guillamino le encanta picotear en todos los estilos, sea pop, funk, soul o incluso sardana. Este hiperactivo creador catal\u00e1n vuelve a la actualidad con \u201cFang\u201d (Bankrobber, 2011), una receta con ingredientes variados cuya misi\u00f3n es expresarse, comunicar, conectar con la gente a trav\u00e9s del movimiento y el baile. Todo es v\u00e1lido si estimula el paladar y sacia el apetito.<\/p>\n<p><strong>\u00bfTu nuevo \u00e1lbum se titula \u201cFang\u201d (\u201cBarro\u201d), que suena muy terrestre y org\u00e1nico. \u00bfEsa era la idea que quer\u00edas transmitir?<\/strong><\/p>\n<p>\u201cSe refiere al barro y tambi\u00e9n al funky, las dos lecturas. No es funky de James Brown pero tiene una esencia funk en cuanto a sonoridad y en la manera de cantarlo, pero nunca siendo un funk arquet\u00edpico sino mezclado con otros estilos. Y lo de barro porque refleja un momento de final de etapa e inicio de otra. Puede ser estar hundido en el barro, como en la canci\u00f3n \u201cFang fosc\u201d (\u201cBarro oscuro\u201d) o el barro de nueva g\u00e9nesis, de creaci\u00f3n, de algo moldeable con lo que puedes hacer aparecer algo\u201d.<\/p>\n<p><strong>\u00bfEn qu\u00e9 sentido es un final de etapa?<\/strong><\/p>\n<p>\u201cA nivel vital pas\u00e9 una \u00e9poca en la que necesitaba nuevos est\u00edmulos y nuevas cosas. Todo era muy crepuscular, exist\u00eda un vac\u00edo vital importante pero finalmente lo he podido llenar y ha vuelto a salir el sol, algo muy habitual en los seres humanos\u201d.<\/p>\n<p><strong>\u00bfLas canciones son pop pero tambi\u00e9n contienen soul y en definitiva son temas para bailar. \u00bfLas haces con esa finalidad y o te salen as\u00ed? <\/strong><\/p>\n<p>\u201cLa m\u00fasica electr\u00f3nica siempre tiene ese punto, a menos que sea experimental. La electr\u00f3nica que me gusta es la m\u00fasica negra, lo que tiene que ver con el hip hop, o la m\u00fasica dance, y hay mucho de eso. Son canciones pop vestidas de esta manera y despu\u00e9s de la fase de la guitarra y el piano, cuando suenan electr\u00f3nicas, si te hacen bailar a ti y te mueves eso significa que los dem\u00e1s tambi\u00e9n se mover\u00e1n. Haces la prueba, y si lo haces a una hora intempestiva, todav\u00eda mejor, a las tantas de la noche, con el volumen alto en el estudio, pues la cosa funciona\u201d.<\/p>\n<p><strong>\u00bfTambi\u00e9n se dice que hay un punto fr\u00edvolo&#8230;?<\/strong><\/p>\n<p>\u201cLas tem\u00e1ticas a veces lo son un poco, por ejemplo en \u201cFang fosc\u201d, que habla de los enamoramientos fugaces por la calle, \u201cDorm nena\u201d (\u201cDuerme ni\u00f1a\u201d) o \u201cHelp me\u201d, un di\u00e1logo con unas chicas. Pero despu\u00e9s hay \u201cNatura morta\u201d (\u201cNaturaleza muerta\u201d) o \u201cSalvar-nos\u201d, que no son canciones fr\u00edvolas. Hay un poco de todo.\u201d<\/p>\n<p><strong>\u00bfC\u00f3mo se lleva eso de hacer m\u00fasica electr\u00f3nica en Girona?<\/strong><\/p>\n<p>\u201cLo que pasa es que la m\u00fasica la hago en Barcelona. Mi padre es de Figueres, yo me siento ampurdan\u00e9s y me siento muy vinculado all\u00ed y me han presentado como tal en alg\u00fan festival de all\u00ed, en esa comarca me aceptan. Pero es la misma situaci\u00f3n. La m\u00fasica electr\u00f3nica es una peque\u00f1a capilla en relaci\u00f3n con la pop y yo estoy con un pie en cada sitio, la situaci\u00f3n m\u00e1s extrema, pero por suerte las tierras no se separan sino que se juntan, la cosa va convergiendo y unific\u00e1ndose\u201d.<\/p>\n<p><strong>\u00bfEn los \u00faltimos a\u00f1os has notado un auge del g\u00e9nero en Barcelona?<\/strong><\/p>\n<p>\u201cS\u00ed, al final pasa como en todos los sitios, que las escenas se hacen con la gente que hace cosas que molan o que llegan, pero no tiene por qu\u00e9 ser de una ciudad concreta. La ciudad es un aglutinador\u201d.<\/p>\n<p style=\"margin: 0.1pt 0cm;\"><b>Has actuado en algunos pa\u00edses extranjeros. \u00bfQu\u00e9 tal ha sido la acogida? Tu estilo tiene un toque internacional que lo hace m\u00e1s exportable&#8230;<\/b><\/p>\n<p>\u201cS\u00ed, la acogida ha sido muy buena pero tambi\u00e9n eres muy <em>underground<\/em>. Claro, he ido y he tocado fuera, hay gente que no lo hace. Est\u00e1 muy bien pero tambi\u00e9n hay mucha competencia, m\u00e1s que aqu\u00ed. Pero seguir\u00e9 yendo y est\u00e1 muy bien\u201d.<\/p>\n<p><strong>\u00bfEn tu trayectoria has llegado a mezclar la sardana con el house, dos estilos a priori muy alejados, y es curioso porque te interesan las nuevas tecnolog\u00edas pero al mismo tiempo reivindicas el folklore&#8230;?<\/strong><\/p>\n<p>\u201cEs como mezclar bravas con horchata&#8230;La sardana es una m\u00fasica muy interesante y de baile, que es lo que hago yo, no hay tanta diferencia. Se trata de quitarte los complejos de encima, que hay mucha gente que todav\u00eda los arrastra. Antes pasaba mucho con la m\u00fasica hecha en catal\u00e1n, si cantabas en catal\u00e1n ya pod\u00edas olvidarte, te quedabas relegado para los cuatro politizados y ahora esa realidad ha cambiado. La sardana sigue siendo as\u00ed, tiene un punto muy surrealista y <em>hardcore<\/em>, muy extrema a nivel sonora. Hay sardanas que parecen bandas sonoras de Walt Disney o m\u00fasica \u00e1rabe, si buscas un poco encuentras perlas. Yo fui a buscar sardanas que no sonaran a sardanas, encontr\u00e9 una de Pep Ventura que la hice con Yacine, excantante de Noir. En la m\u00fasica todo es muy interesante\u201d.<\/p>\n<p class=\"MsoNormal\"><b>\u00bfTodav\u00eda tenemos esa man\u00eda de separar g\u00e9neros y de adoptar esa postura purista cuando la realidad es que todo se mezcla&#8230;?<\/b><\/p>\n<p>\u201cS\u00ed pero la gente siempre querr\u00e1 separaci\u00f3n de estilos&#8230;pero no s\u00e9 qu\u00e9 decirte, la sardana est\u00e1 bien\u201d.<\/p>\n<p><strong>\u00bfEl proyecto de creaci\u00f3n de m\u00fasica en tiempo real c\u00f3mo se vive? <\/strong><\/p>\n<p>\u201cEs lo que podemos hacer los m\u00fasicos electr\u00f3nicos en cuanto a <em>jam session<\/em>. Un\u00a0 m\u00fasico de jazz coge el saxo y se inventa algo y el m\u00fasico electr\u00f3nico hace lo mismo. Con la electr\u00f3nica puedes hacer de todo, todos los instrumentos y creas en directo con la ayuda del p\u00fablico, en mi caso de los ni\u00f1os. Es muy divertido. Yo lo comparo con tirarse con paraca\u00eddas pero en ca\u00edda libre, que abres al final. En un concierto normalmente tienes un repertorio y all\u00ed est\u00e1s en pelotas, es muy divertido y estimulante\u201d.<\/p>\n<p><strong>\u00bfY no tienes algo de v\u00e9rtigo de pensar que vas a hacer en cada momento?<\/strong><\/p>\n<p>\u201cS\u00ed pero he aprendido a dejarme ir, es divertido. Es como Bobby McFerrin cuando canta a capella, hablas con la gente, es comunicar a trav\u00e9s de la m\u00fasica. No es dif\u00edcil o no deber\u00eda serlo, cuando es divertido no es dif\u00edcil pero si no te diviertes la cosa se complica\u201d.<\/p>\n<p><strong>\u00bfTe diviertes ense\u00f1ando m\u00fasica electr\u00f3nica a los ni\u00f1os?<\/strong><\/p>\n<p>\u201cSe lo pasan muy bien, es un p\u00fablico muy franco, si les gusta es muy buen p\u00fablico pero si no les gustas se van, o se ponen a rascar un \u00e1rbol&#8230;Es fant\u00e1stico, me lo paso muy bien con ellos, aunque son muy exigentes. Pero te pones el chip de ni\u00f1o, de cuenta cuentos, rollo planeta imaginario y ya est\u00e1\u201d.<\/p>\n<p><strong>\u00bfC\u00f3mo valoras el panorama de la m\u00fasica electr\u00f3nica en Catalunya?<\/strong><\/p>\n<p>\u201cTodo est\u00e1 concentrado en Barcelona, aunque la gente sea de diversas procedencias, en Barcelona es donde se hace m\u00e1s ruido. Hay un festival llamado Cau d\u2019Orella que concentra toda la escena electr\u00f3nica de la ciudad. En el resto de Catalunya tambi\u00e9n se hacen cosas pero Barcelona tiene ese punto aglutinador de capital. Yo siempre reivindico el Festival Electrollad\u00f3 de Llad\u00f3, un festival muy <em>underground<\/em> que re\u00fane a bastante gente y se hace en un pueblo de l\u2019Empord\u00e0, o el Estrany de Banyoles, el Remor de Girona&#8230;\u201d.<\/p>\n<p><strong>\u00bfEs un buen momento para la m\u00fasica?<\/strong><\/p>\n<p>\u201cSiempre ser\u00e1 buen o mal momento, la cuesti\u00f3n es que se hagan cosas. Si lo comparas con el fen\u00f3meno Manel o Els Amics de les Arts es distinto, eso est\u00e1 consolidado y es pan-generacional porque gusta a padres e hijos, pero la electr\u00f3nica est\u00e1 en periodo de efervescencia. Yo hago la comparaci\u00f3n con la m\u00fasica <em>indie<\/em> espa\u00f1ola: en 1992 o 1993 aparec\u00edan Los Planetas y los grupos de aquella \u00e9poca y ahora al cabo de 20 a\u00f1os tienes una generaci\u00f3n de gente nacida en 19865, 86 o 87 para los que el <em>indie<\/em> en espa\u00f1ol es algo normal. Con la electr\u00f3nica, y podemos extrapolarlo a toda Espa\u00f1a, faltan 20 a\u00f1os. Aparte de las veinte ediciones del S\u00f3nar, que pill\u00f3 a la gente que ahora tiene entre 30 y 40 a\u00f1os, faltan 20 a\u00f1os para que esa gente que entonces ten\u00eda 5 o 10 a\u00f1os ya crezca con otra perspectiva. Falta tiempo. Pero bueno, yo aparte de electr\u00f3nica hago pop\u201d.<\/p>\n<p><strong>\u00bfY eso es una ventaja o un inconveniente?<\/strong><\/p>\n<p>\u201cAmbas cosas. Pero claro, si s\u00f3lo hiciera pop con una guitarra o un ukelele, todo ser\u00eda m\u00e1s f\u00e1cil. Pero es que a m\u00ed me gusta la m\u00fasica electr\u00f3nica. Quiz\u00e1s dentro de unos a\u00f1os haga un disco pop s\u00f3lo con guitarras, ya veremos\u201d.<\/p>\n<p><strong>\u00bfTienes algo entre manos?<\/strong><\/p>\n<p>\u201cS\u00ed, hay un proyecto marciano que me gustar\u00eda hacer pero no puedo dar nombres porque al sujeto en cuesti\u00f3n tenemos que pillarle desprevenido. Se puede perpetrar algo extra\u00f1o, distinto a mi estilo. La m\u00fasica es muy grande, si te gusta todo tipo de estilos eso tambi\u00e9n se refleja en tu m\u00fasica. No es necesario hacer una cosa de cada color. Yo siempre estoy con la electr\u00f3nica pero hay muchas influencias\u201d.<\/p>","protected":false},"excerpt":{"rendered":"<p>Inquieto por naturaleza y con la electr\u00f3nica como base, a Guillamino le encanta picotear en todos los estilos, sea pop, funk, soul o incluso sardana. Este hiperactivo creador catal\u00e1n vuelve a la actualidad con \u201cFang\u201d (Bankrobber, 2011), una receta con ingredientes variados cuya misi\u00f3n es expresarse, comunicar, conectar con la [&hellip;]<\/p>\n","protected":false},"author":40,"featured_media":0,"comment_status":"open","ping_status":"open","sticky":false,"template":"","format":"standard","meta":{"footnotes":""},"categories":[4,65],"tags":[],"class_list":["post-985","post","type-post","status-publish","format-standard","hentry","category-cultura","category-musica"],"yoast_head":"<!-- This site is optimized with the Yoast SEO plugin v27.5 - https:\/\/yoast.com\/product\/yoast-seo-wordpress\/ -->\n<title>Guillamino: &quot;Si s\u00f3lo hiciera pop con una guitarra o un ukelele, todo ser\u00eda m\u00e1s facil&quot; - Revista Rambla<\/title>\n<meta name=\"robots\" content=\"index, follow, max-snippet:-1, max-image-preview:large, max-video-preview:-1\" \/>\n<link rel=\"canonical\" href=\"https:\/\/www.revistarambla.com\/en\/guillamino-si-solo-hiciera-pop-con-una-guitarra-o-un-ukelele-todo-seria-mas-facil\/\" \/>\n<meta property=\"og:locale\" content=\"en_GB\" \/>\n<meta property=\"og:type\" content=\"article\" \/>\n<meta property=\"og:title\" content=\"Guillamino: &quot;Si s\u00f3lo hiciera pop con una guitarra o un ukelele, todo ser\u00eda m\u00e1s facil&quot; - Revista Rambla\" \/>\n<meta property=\"og:description\" content=\"Inquieto por naturaleza y con la electr\u00f3nica como base, a Guillamino le encanta picotear en todos los estilos, sea pop, funk, soul o incluso sardana. Este hiperactivo creador catal\u00e1n vuelve a la actualidad con \u201cFang\u201d (Bankrobber, 2011), una receta con ingredientes variados cuya misi\u00f3n es expresarse, comunicar, conectar con la [&hellip;]\" \/>\n<meta property=\"og:url\" content=\"https:\/\/www.revistarambla.com\/en\/guillamino-si-solo-hiciera-pop-con-una-guitarra-o-un-ukelele-todo-seria-mas-facil\/\" \/>\n<meta property=\"og:site_name\" content=\"Revista Rambla\" \/>\n<meta property=\"article:publisher\" content=\"https:\/\/www.facebook.com\/revistarambla\/\" \/>\n<meta property=\"article:author\" content=\"https:\/\/www.facebook.com\/carles.batalla.7\" \/>\n<meta property=\"article:published_time\" content=\"2011-06-01T12:53:59+00:00\" \/>\n<meta property=\"article:modified_time\" content=\"2021-12-08T19:49:22+00:00\" \/>\n<meta property=\"og:image\" content=\"https:\/\/www.revistarambla.com\/wp-content\/uploads\/2011\/06\/gullermino.jpg\" \/>\n\t<meta property=\"og:image:width\" content=\"250\" \/>\n\t<meta property=\"og:image:height\" content=\"167\" \/>\n\t<meta property=\"og:image:type\" content=\"image\/jpeg\" \/>\n<meta name=\"author\" content=\"Carles Batalla\" \/>\n<meta name=\"twitter:card\" content=\"summary_large_image\" \/>\n<meta name=\"twitter:creator\" content=\"@batallacarles\" \/>\n<meta name=\"twitter:site\" content=\"@revistarambla\" \/>\n<meta name=\"twitter:label1\" content=\"Written by\" \/>\n\t<meta name=\"twitter:data1\" content=\"Carles Batalla\" \/>\n\t<meta name=\"twitter:label2\" content=\"Estimated reading time\" \/>\n\t<meta name=\"twitter:data2\" content=\"7 minutes\" \/>\n<script type=\"application\/ld+json\" class=\"yoast-schema-graph\">{\"@context\":\"https:\\\/\\\/schema.org\",\"@graph\":[{\"@type\":\"Article\",\"@id\":\"https:\\\/\\\/www.revistarambla.com\\\/guillamino-si-solo-hiciera-pop-con-una-guitarra-o-un-ukelele-todo-seria-mas-facil\\\/#article\",\"isPartOf\":{\"@id\":\"https:\\\/\\\/www.revistarambla.com\\\/guillamino-si-solo-hiciera-pop-con-una-guitarra-o-un-ukelele-todo-seria-mas-facil\\\/\"},\"author\":{\"name\":\"Carles Batalla\",\"@id\":\"https:\\\/\\\/www.revistarambla.com\\\/#\\\/schema\\\/person\\\/6929729dc40824a1c398a961398e6d97\"},\"headline\":\"Guillamino: \u00abSi s\u00f3lo hiciera pop con una guitarra o un ukelele, todo ser\u00eda m\u00e1s facil\u00bb\",\"datePublished\":\"2011-06-01T12:53:59+00:00\",\"dateModified\":\"2021-12-08T19:49:22+00:00\",\"mainEntityOfPage\":{\"@id\":\"https:\\\/\\\/www.revistarambla.com\\\/guillamino-si-solo-hiciera-pop-con-una-guitarra-o-un-ukelele-todo-seria-mas-facil\\\/\"},\"wordCount\":1621,\"commentCount\":0,\"publisher\":{\"@id\":\"https:\\\/\\\/www.revistarambla.com\\\/#organization\"},\"image\":{\"@id\":\"https:\\\/\\\/www.revistarambla.com\\\/guillamino-si-solo-hiciera-pop-con-una-guitarra-o-un-ukelele-todo-seria-mas-facil\\\/#primaryimage\"},\"thumbnailUrl\":\"https:\\\/\\\/www.revistarambla.com\\\/wp-content\\\/uploads\\\/2011\\\/06\\\/gullermino1.jpg\",\"articleSection\":[\"Cultura\",\"M\u00fasica\"],\"inLanguage\":\"en-GB\",\"potentialAction\":[{\"@type\":\"CommentAction\",\"name\":\"Comment\",\"target\":[\"https:\\\/\\\/www.revistarambla.com\\\/guillamino-si-solo-hiciera-pop-con-una-guitarra-o-un-ukelele-todo-seria-mas-facil\\\/#respond\"]}]},{\"@type\":\"WebPage\",\"@id\":\"https:\\\/\\\/www.revistarambla.com\\\/guillamino-si-solo-hiciera-pop-con-una-guitarra-o-un-ukelele-todo-seria-mas-facil\\\/\",\"url\":\"https:\\\/\\\/www.revistarambla.com\\\/guillamino-si-solo-hiciera-pop-con-una-guitarra-o-un-ukelele-todo-seria-mas-facil\\\/\",\"name\":\"Guillamino: \\\"Si s\u00f3lo hiciera pop con una guitarra o un ukelele, todo ser\u00eda m\u00e1s facil\\\" - Revista Rambla\",\"isPartOf\":{\"@id\":\"https:\\\/\\\/www.revistarambla.com\\\/#website\"},\"primaryImageOfPage\":{\"@id\":\"https:\\\/\\\/www.revistarambla.com\\\/guillamino-si-solo-hiciera-pop-con-una-guitarra-o-un-ukelele-todo-seria-mas-facil\\\/#primaryimage\"},\"image\":{\"@id\":\"https:\\\/\\\/www.revistarambla.com\\\/guillamino-si-solo-hiciera-pop-con-una-guitarra-o-un-ukelele-todo-seria-mas-facil\\\/#primaryimage\"},\"thumbnailUrl\":\"https:\\\/\\\/www.revistarambla.com\\\/wp-content\\\/uploads\\\/2011\\\/06\\\/gullermino1.jpg\",\"datePublished\":\"2011-06-01T12:53:59+00:00\",\"dateModified\":\"2021-12-08T19:49:22+00:00\",\"breadcrumb\":{\"@id\":\"https:\\\/\\\/www.revistarambla.com\\\/guillamino-si-solo-hiciera-pop-con-una-guitarra-o-un-ukelele-todo-seria-mas-facil\\\/#breadcrumb\"},\"inLanguage\":\"en-GB\",\"potentialAction\":[{\"@type\":\"ReadAction\",\"target\":[\"https:\\\/\\\/www.revistarambla.com\\\/guillamino-si-solo-hiciera-pop-con-una-guitarra-o-un-ukelele-todo-seria-mas-facil\\\/\"]}]},{\"@type\":\"ImageObject\",\"inLanguage\":\"en-GB\",\"@id\":\"https:\\\/\\\/www.revistarambla.com\\\/guillamino-si-solo-hiciera-pop-con-una-guitarra-o-un-ukelele-todo-seria-mas-facil\\\/#primaryimage\",\"url\":\"https:\\\/\\\/www.revistarambla.com\\\/wp-content\\\/uploads\\\/2011\\\/06\\\/gullermino1.jpg\",\"contentUrl\":\"https:\\\/\\\/www.revistarambla.com\\\/wp-content\\\/uploads\\\/2011\\\/06\\\/gullermino1.jpg\"},{\"@type\":\"BreadcrumbList\",\"@id\":\"https:\\\/\\\/www.revistarambla.com\\\/guillamino-si-solo-hiciera-pop-con-una-guitarra-o-un-ukelele-todo-seria-mas-facil\\\/#breadcrumb\",\"itemListElement\":[{\"@type\":\"ListItem\",\"position\":1,\"name\":\"Portada\",\"item\":\"https:\\\/\\\/www.revistarambla.com\\\/\"},{\"@type\":\"ListItem\",\"position\":2,\"name\":\"Guillamino: \u00abSi s\u00f3lo hiciera pop con una guitarra o un ukelele, todo ser\u00eda m\u00e1s facil\u00bb\"}]},{\"@type\":\"WebSite\",\"@id\":\"https:\\\/\\\/www.revistarambla.com\\\/#website\",\"url\":\"https:\\\/\\\/www.revistarambla.com\\\/\",\"name\":\"Revista Rambla Barcelona\",\"description\":\"Periodismo independiente\",\"publisher\":{\"@id\":\"https:\\\/\\\/www.revistarambla.com\\\/#organization\"},\"potentialAction\":[{\"@type\":\"SearchAction\",\"target\":{\"@type\":\"EntryPoint\",\"urlTemplate\":\"https:\\\/\\\/www.revistarambla.com\\\/?s={search_term_string}\"},\"query-input\":{\"@type\":\"PropertyValueSpecification\",\"valueRequired\":true,\"valueName\":\"search_term_string\"}}],\"inLanguage\":\"en-GB\"},{\"@type\":\"Organization\",\"@id\":\"https:\\\/\\\/www.revistarambla.com\\\/#organization\",\"name\":\"Revista Rambla\",\"url\":\"https:\\\/\\\/www.revistarambla.com\\\/\",\"logo\":{\"@type\":\"ImageObject\",\"inLanguage\":\"en-GB\",\"@id\":\"https:\\\/\\\/www.revistarambla.com\\\/#\\\/schema\\\/logo\\\/image\\\/\",\"url\":\"https:\\\/\\\/www.revistarambla.com\\\/wp-content\\\/uploads\\\/2020\\\/09\\\/banner_rambla_1900x600_BB.png\",\"contentUrl\":\"https:\\\/\\\/www.revistarambla.com\\\/wp-content\\\/uploads\\\/2020\\\/09\\\/banner_rambla_1900x600_BB.png\",\"width\":1900,\"height\":600,\"caption\":\"Revista Rambla\"},\"image\":{\"@id\":\"https:\\\/\\\/www.revistarambla.com\\\/#\\\/schema\\\/logo\\\/image\\\/\"},\"sameAs\":[\"https:\\\/\\\/www.facebook.com\\\/revistarambla\\\/\",\"https:\\\/\\\/x.com\\\/revistarambla\",\"https:\\\/\\\/www.instagram.com\\\/revista_rambla\",\"https:\\\/\\\/es.linkedin.com\\\/company\\\/revista-rambla\"]},{\"@type\":\"Person\",\"@id\":\"https:\\\/\\\/www.revistarambla.com\\\/#\\\/schema\\\/person\\\/6929729dc40824a1c398a961398e6d97\",\"name\":\"Carles Batalla\",\"description\":\"Periodista y poeta.\",\"sameAs\":[\"https:\\\/\\\/www.facebook.com\\\/carles.batalla.7\",\"https:\\\/\\\/x.com\\\/batallacarles\"]}]}<\/script>\n<!-- \/ Yoast SEO plugin. -->","yoast_head_json":{"title":"Guillamino: \"Si s\u00f3lo hiciera pop con una guitarra o un ukelele, todo ser\u00eda m\u00e1s facil\" - Revista Rambla","robots":{"index":"index","follow":"follow","max-snippet":"max-snippet:-1","max-image-preview":"max-image-preview:large","max-video-preview":"max-video-preview:-1"},"canonical":"https:\/\/www.revistarambla.com\/en\/guillamino-si-solo-hiciera-pop-con-una-guitarra-o-un-ukelele-todo-seria-mas-facil\/","og_locale":"en_GB","og_type":"article","og_title":"Guillamino: \"Si s\u00f3lo hiciera pop con una guitarra o un ukelele, todo ser\u00eda m\u00e1s facil\" - Revista Rambla","og_description":"Inquieto por naturaleza y con la electr\u00f3nica como base, a Guillamino le encanta picotear en todos los estilos, sea pop, funk, soul o incluso sardana. Este hiperactivo creador catal\u00e1n vuelve a la actualidad con \u201cFang\u201d (Bankrobber, 2011), una receta con ingredientes variados cuya misi\u00f3n es expresarse, comunicar, conectar con la [&hellip;]","og_url":"https:\/\/www.revistarambla.com\/en\/guillamino-si-solo-hiciera-pop-con-una-guitarra-o-un-ukelele-todo-seria-mas-facil\/","og_site_name":"Revista Rambla","article_publisher":"https:\/\/www.facebook.com\/revistarambla\/","article_author":"https:\/\/www.facebook.com\/carles.batalla.7","article_published_time":"2011-06-01T12:53:59+00:00","article_modified_time":"2021-12-08T19:49:22+00:00","og_image":[{"width":250,"height":167,"url":"https:\/\/www.revistarambla.com\/wp-content\/uploads\/2011\/06\/gullermino.jpg","type":"image\/jpeg"}],"author":"Carles Batalla","twitter_card":"summary_large_image","twitter_creator":"@batallacarles","twitter_site":"@revistarambla","twitter_misc":{"Written by":"Carles Batalla","Estimated reading time":"7 minutes"},"schema":{"@context":"https:\/\/schema.org","@graph":[{"@type":"Article","@id":"https:\/\/www.revistarambla.com\/guillamino-si-solo-hiciera-pop-con-una-guitarra-o-un-ukelele-todo-seria-mas-facil\/#article","isPartOf":{"@id":"https:\/\/www.revistarambla.com\/guillamino-si-solo-hiciera-pop-con-una-guitarra-o-un-ukelele-todo-seria-mas-facil\/"},"author":{"name":"Carles Batalla","@id":"https:\/\/www.revistarambla.com\/#\/schema\/person\/6929729dc40824a1c398a961398e6d97"},"headline":"Guillamino: \u00abSi s\u00f3lo hiciera pop con una guitarra o un ukelele, todo ser\u00eda m\u00e1s facil\u00bb","datePublished":"2011-06-01T12:53:59+00:00","dateModified":"2021-12-08T19:49:22+00:00","mainEntityOfPage":{"@id":"https:\/\/www.revistarambla.com\/guillamino-si-solo-hiciera-pop-con-una-guitarra-o-un-ukelele-todo-seria-mas-facil\/"},"wordCount":1621,"commentCount":0,"publisher":{"@id":"https:\/\/www.revistarambla.com\/#organization"},"image":{"@id":"https:\/\/www.revistarambla.com\/guillamino-si-solo-hiciera-pop-con-una-guitarra-o-un-ukelele-todo-seria-mas-facil\/#primaryimage"},"thumbnailUrl":"https:\/\/www.revistarambla.com\/wp-content\/uploads\/2011\/06\/gullermino1.jpg","articleSection":["Cultura","M\u00fasica"],"inLanguage":"en-GB","potentialAction":[{"@type":"CommentAction","name":"Comment","target":["https:\/\/www.revistarambla.com\/guillamino-si-solo-hiciera-pop-con-una-guitarra-o-un-ukelele-todo-seria-mas-facil\/#respond"]}]},{"@type":"WebPage","@id":"https:\/\/www.revistarambla.com\/guillamino-si-solo-hiciera-pop-con-una-guitarra-o-un-ukelele-todo-seria-mas-facil\/","url":"https:\/\/www.revistarambla.com\/guillamino-si-solo-hiciera-pop-con-una-guitarra-o-un-ukelele-todo-seria-mas-facil\/","name":"Guillamino: \"Si s\u00f3lo hiciera pop con una guitarra o un ukelele, todo ser\u00eda m\u00e1s facil\" - Revista Rambla","isPartOf":{"@id":"https:\/\/www.revistarambla.com\/#website"},"primaryImageOfPage":{"@id":"https:\/\/www.revistarambla.com\/guillamino-si-solo-hiciera-pop-con-una-guitarra-o-un-ukelele-todo-seria-mas-facil\/#primaryimage"},"image":{"@id":"https:\/\/www.revistarambla.com\/guillamino-si-solo-hiciera-pop-con-una-guitarra-o-un-ukelele-todo-seria-mas-facil\/#primaryimage"},"thumbnailUrl":"https:\/\/www.revistarambla.com\/wp-content\/uploads\/2011\/06\/gullermino1.jpg","datePublished":"2011-06-01T12:53:59+00:00","dateModified":"2021-12-08T19:49:22+00:00","breadcrumb":{"@id":"https:\/\/www.revistarambla.com\/guillamino-si-solo-hiciera-pop-con-una-guitarra-o-un-ukelele-todo-seria-mas-facil\/#breadcrumb"},"inLanguage":"en-GB","potentialAction":[{"@type":"ReadAction","target":["https:\/\/www.revistarambla.com\/guillamino-si-solo-hiciera-pop-con-una-guitarra-o-un-ukelele-todo-seria-mas-facil\/"]}]},{"@type":"ImageObject","inLanguage":"en-GB","@id":"https:\/\/www.revistarambla.com\/guillamino-si-solo-hiciera-pop-con-una-guitarra-o-un-ukelele-todo-seria-mas-facil\/#primaryimage","url":"https:\/\/www.revistarambla.com\/wp-content\/uploads\/2011\/06\/gullermino1.jpg","contentUrl":"https:\/\/www.revistarambla.com\/wp-content\/uploads\/2011\/06\/gullermino1.jpg"},{"@type":"BreadcrumbList","@id":"https:\/\/www.revistarambla.com\/guillamino-si-solo-hiciera-pop-con-una-guitarra-o-un-ukelele-todo-seria-mas-facil\/#breadcrumb","itemListElement":[{"@type":"ListItem","position":1,"name":"Portada","item":"https:\/\/www.revistarambla.com\/"},{"@type":"ListItem","position":2,"name":"Guillamino: \u00abSi s\u00f3lo hiciera pop con una guitarra o un ukelele, todo ser\u00eda m\u00e1s facil\u00bb"}]},{"@type":"WebSite","@id":"https:\/\/www.revistarambla.com\/#website","url":"https:\/\/www.revistarambla.com\/","name":"Revista Rambla Barcelona","description":"Periodismo independiente","publisher":{"@id":"https:\/\/www.revistarambla.com\/#organization"},"potentialAction":[{"@type":"SearchAction","target":{"@type":"EntryPoint","urlTemplate":"https:\/\/www.revistarambla.com\/?s={search_term_string}"},"query-input":{"@type":"PropertyValueSpecification","valueRequired":true,"valueName":"search_term_string"}}],"inLanguage":"en-GB"},{"@type":"Organization","@id":"https:\/\/www.revistarambla.com\/#organization","name":"Revista Rambla","url":"https:\/\/www.revistarambla.com\/","logo":{"@type":"ImageObject","inLanguage":"en-GB","@id":"https:\/\/www.revistarambla.com\/#\/schema\/logo\/image\/","url":"https:\/\/www.revistarambla.com\/wp-content\/uploads\/2020\/09\/banner_rambla_1900x600_BB.png","contentUrl":"https:\/\/www.revistarambla.com\/wp-content\/uploads\/2020\/09\/banner_rambla_1900x600_BB.png","width":1900,"height":600,"caption":"Revista Rambla"},"image":{"@id":"https:\/\/www.revistarambla.com\/#\/schema\/logo\/image\/"},"sameAs":["https:\/\/www.facebook.com\/revistarambla\/","https:\/\/x.com\/revistarambla","https:\/\/www.instagram.com\/revista_rambla","https:\/\/es.linkedin.com\/company\/revista-rambla"]},{"@type":"Person","@id":"https:\/\/www.revistarambla.com\/#\/schema\/person\/6929729dc40824a1c398a961398e6d97","name":"Carles Batalla","description":"Periodista y poeta.","sameAs":["https:\/\/www.facebook.com\/carles.batalla.7","https:\/\/x.com\/batallacarles"]}]}},"_links":{"self":[{"href":"https:\/\/www.revistarambla.com\/en\/wp-json\/wp\/v2\/posts\/985","targetHints":{"allow":["GET"]}}],"collection":[{"href":"https:\/\/www.revistarambla.com\/en\/wp-json\/wp\/v2\/posts"}],"about":[{"href":"https:\/\/www.revistarambla.com\/en\/wp-json\/wp\/v2\/types\/post"}],"author":[{"embeddable":true,"href":"https:\/\/www.revistarambla.com\/en\/wp-json\/wp\/v2\/users\/40"}],"replies":[{"embeddable":true,"href":"https:\/\/www.revistarambla.com\/en\/wp-json\/wp\/v2\/comments?post=985"}],"version-history":[{"count":0,"href":"https:\/\/www.revistarambla.com\/en\/wp-json\/wp\/v2\/posts\/985\/revisions"}],"wp:attachment":[{"href":"https:\/\/www.revistarambla.com\/en\/wp-json\/wp\/v2\/media?parent=985"}],"wp:term":[{"taxonomy":"category","embeddable":true,"href":"https:\/\/www.revistarambla.com\/en\/wp-json\/wp\/v2\/categories?post=985"},{"taxonomy":"post_tag","embeddable":true,"href":"https:\/\/www.revistarambla.com\/en\/wp-json\/wp\/v2\/tags?post=985"}],"curies":[{"name":"wp","href":"https:\/\/api.w.org\/{rel}","templated":true}]}}