{"id":9794,"date":"2016-07-25T11:34:40","date_gmt":"2016-07-25T09:34:40","guid":{"rendered":"https:\/\/www.revistarambla.com\/?p=9794"},"modified":"2024-04-30T19:17:37","modified_gmt":"2024-04-30T17:17:37","slug":"objetivo-prolongar-la-guerra-la-batalla-del-ebro","status":"publish","type":"post","link":"https:\/\/www.revistarambla.com\/en\/objetivo-prolongar-la-guerra-la-batalla-del-ebro\/","title":{"rendered":"Batalla del Ebro: objetivo, prolongar la guerra"},"content":{"rendered":"<p>A las cero horas del d\u00eda 25 de julio de 1938, festividad del Ap\u00f3stol Santiago, Patr\u00f3n de <a href=\"https:\/\/www.revistarambla.com\/en\/actualidad\/estado-espanol\/\">Espa\u00f1a<\/a>, cien mil soldados republicanos iniciaron la aventurada empresa de cruzar el Ebro en barcas o sin ellas, muchos de ellos apenas pertrechados con fusiles y cartucheras, para desalojar de la orilla derecha del r\u00edo a las fuerzas de la 40 Divisi\u00f3n del Norte del ej\u00e9rcito franquista. Aunque la diferencia de medios entre unas fuerzas y otras pod\u00eda calificarse de chistosa, digna de una comedia b\u00e9lica francesa, nada hubo de broma en el largo episodio que se pon\u00eda en marcha, hoy conocido como Batalla del Ebro, y s\u00ed una lucha encarnizada, con muerte a espuertas e inmenso dolor para ambos contendientes.<\/p>\n<p>La operaci\u00f3n, a\u00f1os m\u00e1s tarde elogiada incluso por altos militares del bando contrario, fue dise\u00f1ada al detalle por el coronel Vicente Rojo, el mejor de los estrategas republicanos, y ejecutada por un ej\u00e9rcito \u00abde Maniobra\u00bb (como su nombre oficial se\u00f1alaba), es decir, bien instruido y organizado a pesar de la precariedad de recursos y ajeno por completo al caos entusiasta \u2014pero caos al fin y al cabo\u2014 de las milicias populares, que jam\u00e1s hubieran podido emprender una operaci\u00f3n ofensiva de tama\u00f1a enjundia (ya lo dijo el general Miaja, defensor de Madrid frente al cerco franquista: \u00abEl miliciano resiste, pero no maniobra\u00bb). Participaron en el paso del Ebro unidades veteranas de los frentes de L\u00e9rida y Arag\u00f3n (como el Quinto Cuerpo de Ej\u00e9rcito de Enrique L\u00edster), las Brigadas Internacionales (que destacaron por su arrojo y sacrificio) y la \u00abQuinta del Biber\u00f3n\u00bb, as\u00ed llamada porque la integraban reclutas de 17 y 18 a\u00f1os (la mayor\u00eda de ellos reclutados en <a href=\"https:\/\/www.revistarambla.com\/en\/actualidad\/catalunya\/\">Catalu\u00f1a<\/a>, ya que esta se hallaba incomunicada desde el mes de mayo con la zona republicana central y levantina).<\/p>\n<p>La acometida fue tan inesperada que las tropas republicanas penetraron casi 40 km en apenas doce horas de avance continuado y agotador, hasta alcanzar la l\u00ednea de frente trazada por la carretera entre las localidades tarragoninas de Villalba dels Arcs y Gandesa. Rojo, que era valiente, pero no temerario, mantuvo en la orilla izquierda del r\u00edo a la Tercera Divisi\u00f3n, la unidad mejor equipada y entrenada de su ej\u00e9rcito, para cubrir la retirada de las tropas expedicionarias en el caso de que hallaran una resistencia infranqueable al otro lado del cauce. La Fortuna le neg\u00f3 entonces ese amor que prodiga a los hombres osados, porque la ofensiva republicana muri\u00f3 de \u00e9xito: la ausencia de las tropas de reserva, unida al sacrificio del V Tabor de regulares de Ceuta (unidad de oficialidad espa\u00f1ola y tropa <a href=\"https:\/\/www.revistarambla.com\/en\/el-plan-marruecos-2030-ocupacion-de-ceuta-melilla-y-las-canarias\/\">marroqu\u00ed<\/a>, que perdi\u00f3 a m\u00e1s de medio millar de sus seiscientos efectivos intentando taponar el avance republicano en el paraje de Camposines), impidi\u00f3 la ocupaci\u00f3n de Gandesa en la tarde de ese mismo 25 de julio. Por el camino hab\u00eda quedado destruida la localidad de Corbera d\u2019Ebre (las ruinas de su antiguo pueblo a\u00fan pueden visitarse).<\/p>\n<p>Repelido un primer intento de entrar en Gandesa, la vanguardia republicana se detuvo para reponer fuerzas frente a la poblaci\u00f3n, y el alto mando del ej\u00e9rcito de Franco aprovech\u00f3 el par\u00f3n para desplegar una operaci\u00f3n log\u00edstica de admirable eficacia, transportando desde lejanos frentes a miles de soldados e inmensa cantidad de pertrechos. Los refuerzos fueron llegando al lugar en los dos d\u00edas siguientes, ante la desesperaci\u00f3n de los republicanos: cuanto m\u00e1s se desgastaban ellos en ataques fallidos, con m\u00e1s fuerzas contaban los defensores, ahora socorridos por tanques, artiller\u00eda y aviones. Las acometidas frontales republicanas se prolongaron durante una semana, tanto en Gandesa como en Villalba. El 2 de agosto, con las posiciones estabilizadas, el escenario principal de la batalla se desplaz\u00f3 a las vecinas sierras de P\u00e0ndols y Cavalls, inicialmente ocupadas por las fuerzas de Enrique L\u00edster.<\/p>\n<p>Mientras la poderosa aviaci\u00f3n alemana e italiana atacaba sin cesar los pontones y pasarelas sobre el Ebro, en cuya reconstrucci\u00f3n y mantenimiento hizo el arma de Ingenieros republicana prodigios de celeridad y pericia, una nutrida fuerza de distinta composici\u00f3n (soldados de quinta, tropas marroqu\u00edes, legionarios, requet\u00e9s, milicias de Falange) inici\u00f3 el asalto a la sierra de P\u00e0ndols desde el santuario de la Fontcalda, paraje de soberbia belleza natural. Los republicanos dispon\u00edan de menos hombres, mucha menos artiller\u00eda \u2014aunque bien posicionada, favorecida por las anfractuosidades del terreno\u2014 y pocos aviones, que no pudieron disputar la hegemon\u00eda a\u00e9rea a los franquistas. Los combates fueron cruentos; el avance de las tropas de Franco, muy lento, se realiz\u00f3 trinchera a trinchera, ti\u00f1endo de sangre cada palmo de terreno serrano. Los republicanos resistieron por encima de las posibilidades que auguraban los continuos bombardeos a\u00e9reos y artilleros ca\u00eddos sobre sus posiciones, que a la postre hubieron de ser tomadas a la bayoneta, en ataques que mucho ten\u00edan de suicidas, donde las tropas franquistas demostraron eso que los militares llaman \u00abvalor\u00bb y que a muchos otros ajenos a esa profesi\u00f3n simplemente les parece insania o desesperaci\u00f3n. Por cierto que en Cavalls y P\u00e0ndols sancionaron su leyenda de sacrificio los alf\u00e9reces provisionales del ej\u00e9rcito franquista, oficiales de complemento reclutados entre el colectivo universitario que participaron al frente de sus unidades en la guerra de trincheras, con triste saldo de bajas (\u00abAlf\u00e9rez provisional, cad\u00e1ver efectivo\u00bb, se dec\u00eda entre los soldados).<\/p>\n<h2>Batalla del Ebro: el paso del Ebro<\/h2>\n<p>El General del Estado Mayor republicano, Vicente Rojo, entrado el mes de octubre, tras una tregua forzada por las malas condiciones metereol\u00f3gicas, la batalla se reanud\u00f3 en condiciones de lucha netamente favorables al ej\u00e9rcito franquista. Las bajas en hombres y material del bando republicano apenas hab\u00edan podido ser cubiertas, la mayor\u00eda de los combatientes estaban agotados, a un paso del marasmo, y, por el contrario, las fuerzas enemigas hab\u00edan recibido nuevos refuerzos de efectivos y armamento, en especial los ca\u00f1ones alemanes de 88 mm con un innovador sistema de tiro que multiplic\u00f3 la eficacia de los bombardeos artilleros. Sin embargo, Rojo consigui\u00f3 evacuar Cavalls en orden, de modo que los restos del Ej\u00e9rcito de Maniobra cruzaron el r\u00edo Ebro \u2014en sentido contrario al de hac\u00eda casi cuatro meses\u2014 el 16 de noviembre de 1938. La batalla hab\u00eda concluido con m\u00e1s de 70.000 bajas entre muertos y heridos de ambos ej\u00e9rcitos, y ya nadie dudaba de cu\u00e1l ser\u00eda la suerte de la guerra.<\/p>\n<p>A juicio de muchos analistas, el paso del Ebro de julio de 1938 fue cuando menos un acto osado, condenado al desastre. Pese al \u00e9xito inicial, el ej\u00e9rcito republicano no estaba en condiciones de enfrentarse \u2014y aun as\u00ed, lo hizo\u2014 a una batalla de larga intensidad y duraci\u00f3n contra su adversario. En tal sentido, la lucha hubiera sido de mantenimiento imposible para Rojo en un marco geogr\u00e1fico menos accidentado.<\/p>\n<h2>Prolongar la guerra<\/h2>\n<p>La batalla tambi\u00e9n tuvo un m\u00f3vil pol\u00edtico. M\u00e1s all\u00e1 de su cuestionable valor estrat\u00e9gico (posiblemente nulo), se trat\u00f3 del \u00faltimo y desesperado recurso del <a href=\"https:\/\/www.revistarambla.com\/en\/golpe-de-estado-contra-la-republica-democratica\/\">gobierno republicano<\/a> para la prolongaci\u00f3n de una guerra que ciertamente pod\u00eda haber acabado meses antes. \u00bfY cu\u00e1l era el sentido de esa pr\u00f3rroga? Aguardar con los dedos cruzados que la creciente tensi\u00f3n entre <a href=\"https:\/\/www.revistarambla.com\/en\/la-bailarina-de-hitler\/\">Hitler<\/a>, por un lado, y Francia y el Reino Unido por otro, desembocase en una nueva guerra europea en la que Franco, aliado del dictador alem\u00e1n, se convirtiera en enemigo de los aliados. Sin embargo, las esperanzas republicanas se fueron al traste con la firma de los Acuerdos de M\u00fanich (30 de septiembre de 1938), por los que franceses y brit\u00e1nicos agacharon la cerviz ante el l\u00edder nazi, quien vio sancionada su previa anexi\u00f3n de los Sudetes (los territorios de Checoslovaquia con poblaci\u00f3n de lengua alemana). La cuenta atr\u00e1s para la guerra mundial hab\u00eda echado a andar, pero la Rep\u00fablica no ten\u00eda fuerzas para caminar mucho rato m\u00e1s.<\/p>\n<p>Por \u00faltimo, ha de saberse que una vez qued\u00f3 estabilizado el frente en la l\u00ednea P\u00e0ndols-Gandesa-Villaba, algunos consejeros militares de Franco recomendaron eludir el choque frontal para atacar por el norte, a la altura de la ciudad de Lleida, y embolsar as\u00ed a las tropas republicanas, forzando su rendici\u00f3n. El \u00abCaudillo\u00bb se neg\u00f3 en rotundo, pues quer\u00eda infligir al enemigo una derrota ejemplar y humillante, aunque costase miles de vidas propias y ajenas. Parece muy cuestionable que cumpliera con tal objetivo, pues no logr\u00f3 la aniquilaci\u00f3n del Ej\u00e9rcito de Maniobra, pero no hay duda de que obtuvo plenamente su tr\u00e1gico efecto.<\/p>","protected":false},"excerpt":{"rendered":"<p>A las cero horas del d\u00eda 25 de julio de 1938, festividad del Ap\u00f3stol Santiago, Patr\u00f3n de Espa\u00f1a, cien mil soldados republicanos iniciaron la aventurada empresa de cruzar el Ebro en barcas o sin ellas, muchos de ellos apenas pertrechados con fusiles y cartucheras, para desalojar de la orilla derecha [&hellip;]<\/p>\n","protected":false},"author":21,"featured_media":59853,"comment_status":"open","ping_status":"open","sticky":false,"template":"","format":"standard","meta":{"footnotes":""},"categories":[562],"tags":[],"class_list":["post-9794","post","type-post","status-publish","format-standard","has-post-thumbnail","hentry","category-historia"],"yoast_head":"<!-- This site is optimized with the Yoast SEO plugin v27.5 - https:\/\/yoast.com\/product\/yoast-seo-wordpress\/ -->\n<title>Batalla del Ebro: objetivo, prolongar la guerra - Revista Rambla<\/title>\n<meta name=\"description\" content=\"Nada hubo de broma en el largo episodio que se iniciaba, hoy conocido como Batalla del Ebro, y s\u00ed una lucha encarnizada.\" \/>\n<meta name=\"robots\" content=\"index, follow, max-snippet:-1, max-image-preview:large, max-video-preview:-1\" \/>\n<link rel=\"canonical\" href=\"https:\/\/www.revistarambla.com\/en\/objetivo-prolongar-la-guerra-la-batalla-del-ebro\/\" \/>\n<meta property=\"og:locale\" content=\"en_GB\" \/>\n<meta property=\"og:type\" content=\"article\" \/>\n<meta property=\"og:title\" content=\"Batalla del Ebro: objetivo, prolongar la guerra - Revista Rambla\" \/>\n<meta property=\"og:description\" content=\"Nada hubo de broma en el largo episodio que se iniciaba, hoy conocido como Batalla del Ebro, y s\u00ed una lucha encarnizada.\" \/>\n<meta property=\"og:url\" content=\"https:\/\/www.revistarambla.com\/en\/objetivo-prolongar-la-guerra-la-batalla-del-ebro\/\" \/>\n<meta property=\"og:site_name\" content=\"Revista Rambla\" \/>\n<meta property=\"article:publisher\" content=\"https:\/\/www.facebook.com\/revistarambla\/\" \/>\n<meta property=\"article:author\" content=\"https:\/\/www.facebook.com\/Ignacio.gonzalezorozco\" \/>\n<meta property=\"article:published_time\" content=\"2016-07-25T09:34:40+00:00\" \/>\n<meta property=\"article:modified_time\" content=\"2024-04-30T17:17:37+00:00\" \/>\n<meta property=\"og:image\" content=\"https:\/\/www.revistarambla.com\/wp-content\/uploads\/2016\/07\/Batalla-del-ebro-guerra-civil-espana.webp\" \/>\n\t<meta property=\"og:image:width\" content=\"383\" \/>\n\t<meta property=\"og:image:height\" content=\"275\" \/>\n\t<meta property=\"og:image:type\" content=\"image\/webp\" \/>\n<meta name=\"author\" content=\"Ignacio Gonz\u00e1lez Orozco\" \/>\n<meta name=\"twitter:card\" content=\"summary_large_image\" \/>\n<meta name=\"twitter:creator\" content=\"@iggonor\" \/>\n<meta name=\"twitter:site\" content=\"@revistarambla\" \/>\n<meta name=\"twitter:label1\" content=\"Written by\" \/>\n\t<meta name=\"twitter:data1\" content=\"Ignacio Gonz\u00e1lez Orozco\" \/>\n\t<meta name=\"twitter:label2\" content=\"Estimated reading time\" \/>\n\t<meta name=\"twitter:data2\" content=\"7 minutes\" \/>\n<script type=\"application\/ld+json\" class=\"yoast-schema-graph\">{\"@context\":\"https:\\\/\\\/schema.org\",\"@graph\":[{\"@type\":\"Article\",\"@id\":\"https:\\\/\\\/www.revistarambla.com\\\/objetivo-prolongar-la-guerra-la-batalla-del-ebro\\\/#article\",\"isPartOf\":{\"@id\":\"https:\\\/\\\/www.revistarambla.com\\\/objetivo-prolongar-la-guerra-la-batalla-del-ebro\\\/\"},\"author\":{\"name\":\"Ignacio Gonz\u00e1lez Orozco\",\"@id\":\"https:\\\/\\\/www.revistarambla.com\\\/#\\\/schema\\\/person\\\/f57e0b5bc0173cd6b95a123fd3fcca75\"},\"headline\":\"Batalla del Ebro: objetivo, prolongar la guerra\",\"datePublished\":\"2016-07-25T09:34:40+00:00\",\"dateModified\":\"2024-04-30T17:17:37+00:00\",\"mainEntityOfPage\":{\"@id\":\"https:\\\/\\\/www.revistarambla.com\\\/objetivo-prolongar-la-guerra-la-batalla-del-ebro\\\/\"},\"wordCount\":1477,\"commentCount\":0,\"publisher\":{\"@id\":\"https:\\\/\\\/www.revistarambla.com\\\/#organization\"},\"image\":{\"@id\":\"https:\\\/\\\/www.revistarambla.com\\\/objetivo-prolongar-la-guerra-la-batalla-del-ebro\\\/#primaryimage\"},\"thumbnailUrl\":\"https:\\\/\\\/www.revistarambla.com\\\/wp-content\\\/uploads\\\/2016\\\/07\\\/Batalla-del-ebro-guerra-civil-espana.webp\",\"articleSection\":[\"Historia\"],\"inLanguage\":\"en-GB\",\"potentialAction\":[{\"@type\":\"CommentAction\",\"name\":\"Comment\",\"target\":[\"https:\\\/\\\/www.revistarambla.com\\\/objetivo-prolongar-la-guerra-la-batalla-del-ebro\\\/#respond\"]}]},{\"@type\":\"WebPage\",\"@id\":\"https:\\\/\\\/www.revistarambla.com\\\/objetivo-prolongar-la-guerra-la-batalla-del-ebro\\\/\",\"url\":\"https:\\\/\\\/www.revistarambla.com\\\/objetivo-prolongar-la-guerra-la-batalla-del-ebro\\\/\",\"name\":\"Batalla del Ebro: objetivo, prolongar la guerra - Revista Rambla\",\"isPartOf\":{\"@id\":\"https:\\\/\\\/www.revistarambla.com\\\/#website\"},\"primaryImageOfPage\":{\"@id\":\"https:\\\/\\\/www.revistarambla.com\\\/objetivo-prolongar-la-guerra-la-batalla-del-ebro\\\/#primaryimage\"},\"image\":{\"@id\":\"https:\\\/\\\/www.revistarambla.com\\\/objetivo-prolongar-la-guerra-la-batalla-del-ebro\\\/#primaryimage\"},\"thumbnailUrl\":\"https:\\\/\\\/www.revistarambla.com\\\/wp-content\\\/uploads\\\/2016\\\/07\\\/Batalla-del-ebro-guerra-civil-espana.webp\",\"datePublished\":\"2016-07-25T09:34:40+00:00\",\"dateModified\":\"2024-04-30T17:17:37+00:00\",\"description\":\"Nada hubo de broma en el largo episodio que se iniciaba, hoy conocido como Batalla del Ebro, y s\u00ed una lucha encarnizada.\",\"breadcrumb\":{\"@id\":\"https:\\\/\\\/www.revistarambla.com\\\/objetivo-prolongar-la-guerra-la-batalla-del-ebro\\\/#breadcrumb\"},\"inLanguage\":\"en-GB\",\"potentialAction\":[{\"@type\":\"ReadAction\",\"target\":[\"https:\\\/\\\/www.revistarambla.com\\\/objetivo-prolongar-la-guerra-la-batalla-del-ebro\\\/\"]}]},{\"@type\":\"ImageObject\",\"inLanguage\":\"en-GB\",\"@id\":\"https:\\\/\\\/www.revistarambla.com\\\/objetivo-prolongar-la-guerra-la-batalla-del-ebro\\\/#primaryimage\",\"url\":\"https:\\\/\\\/www.revistarambla.com\\\/wp-content\\\/uploads\\\/2016\\\/07\\\/Batalla-del-ebro-guerra-civil-espana.webp\",\"contentUrl\":\"https:\\\/\\\/www.revistarambla.com\\\/wp-content\\\/uploads\\\/2016\\\/07\\\/Batalla-del-ebro-guerra-civil-espana.webp\",\"width\":383,\"height\":275,\"caption\":\"batalla del ebro\"},{\"@type\":\"BreadcrumbList\",\"@id\":\"https:\\\/\\\/www.revistarambla.com\\\/objetivo-prolongar-la-guerra-la-batalla-del-ebro\\\/#breadcrumb\",\"itemListElement\":[{\"@type\":\"ListItem\",\"position\":1,\"name\":\"Portada\",\"item\":\"https:\\\/\\\/www.revistarambla.com\\\/\"},{\"@type\":\"ListItem\",\"position\":2,\"name\":\"Batalla del Ebro: objetivo, prolongar la guerra\"}]},{\"@type\":\"WebSite\",\"@id\":\"https:\\\/\\\/www.revistarambla.com\\\/#website\",\"url\":\"https:\\\/\\\/www.revistarambla.com\\\/\",\"name\":\"Revista Rambla Barcelona\",\"description\":\"Periodismo independiente\",\"publisher\":{\"@id\":\"https:\\\/\\\/www.revistarambla.com\\\/#organization\"},\"potentialAction\":[{\"@type\":\"SearchAction\",\"target\":{\"@type\":\"EntryPoint\",\"urlTemplate\":\"https:\\\/\\\/www.revistarambla.com\\\/?s={search_term_string}\"},\"query-input\":{\"@type\":\"PropertyValueSpecification\",\"valueRequired\":true,\"valueName\":\"search_term_string\"}}],\"inLanguage\":\"en-GB\"},{\"@type\":\"Organization\",\"@id\":\"https:\\\/\\\/www.revistarambla.com\\\/#organization\",\"name\":\"Revista Rambla\",\"url\":\"https:\\\/\\\/www.revistarambla.com\\\/\",\"logo\":{\"@type\":\"ImageObject\",\"inLanguage\":\"en-GB\",\"@id\":\"https:\\\/\\\/www.revistarambla.com\\\/#\\\/schema\\\/logo\\\/image\\\/\",\"url\":\"https:\\\/\\\/www.revistarambla.com\\\/wp-content\\\/uploads\\\/2020\\\/09\\\/banner_rambla_1900x600_BB.png\",\"contentUrl\":\"https:\\\/\\\/www.revistarambla.com\\\/wp-content\\\/uploads\\\/2020\\\/09\\\/banner_rambla_1900x600_BB.png\",\"width\":1900,\"height\":600,\"caption\":\"Revista Rambla\"},\"image\":{\"@id\":\"https:\\\/\\\/www.revistarambla.com\\\/#\\\/schema\\\/logo\\\/image\\\/\"},\"sameAs\":[\"https:\\\/\\\/www.facebook.com\\\/revistarambla\\\/\",\"https:\\\/\\\/x.com\\\/revistarambla\",\"https:\\\/\\\/www.instagram.com\\\/revista_rambla\",\"https:\\\/\\\/es.linkedin.com\\\/company\\\/revista-rambla\"]},{\"@type\":\"Person\",\"@id\":\"https:\\\/\\\/www.revistarambla.com\\\/#\\\/schema\\\/person\\\/f57e0b5bc0173cd6b95a123fd3fcca75\",\"name\":\"Ignacio Gonz\u00e1lez Orozco\",\"description\":\"Editor, periodista y escritor. Autor de libros como 'Annual: todas las guerras, todas las v\u00edctimas' o 'Amores y quebrantos', entre muchos otros.\",\"sameAs\":[\"https:\\\/\\\/www.facebook.com\\\/Ignacio.gonzalezorozco\",\"https:\\\/\\\/x.com\\\/iggonor\"]}]}<\/script>\n<!-- \/ Yoast SEO plugin. -->","yoast_head_json":{"title":"Batalla del Ebro: objetivo, prolongar la guerra - Revista Rambla","description":"Nada hubo de broma en el largo episodio que se iniciaba, hoy conocido como Batalla del Ebro, y s\u00ed una lucha encarnizada.","robots":{"index":"index","follow":"follow","max-snippet":"max-snippet:-1","max-image-preview":"max-image-preview:large","max-video-preview":"max-video-preview:-1"},"canonical":"https:\/\/www.revistarambla.com\/en\/objetivo-prolongar-la-guerra-la-batalla-del-ebro\/","og_locale":"en_GB","og_type":"article","og_title":"Batalla del Ebro: objetivo, prolongar la guerra - Revista Rambla","og_description":"Nada hubo de broma en el largo episodio que se iniciaba, hoy conocido como Batalla del Ebro, y s\u00ed una lucha encarnizada.","og_url":"https:\/\/www.revistarambla.com\/en\/objetivo-prolongar-la-guerra-la-batalla-del-ebro\/","og_site_name":"Revista Rambla","article_publisher":"https:\/\/www.facebook.com\/revistarambla\/","article_author":"https:\/\/www.facebook.com\/Ignacio.gonzalezorozco","article_published_time":"2016-07-25T09:34:40+00:00","article_modified_time":"2024-04-30T17:17:37+00:00","og_image":[{"width":383,"height":275,"url":"https:\/\/www.revistarambla.com\/wp-content\/uploads\/2016\/07\/Batalla-del-ebro-guerra-civil-espana.webp","type":"image\/webp"}],"author":"Ignacio Gonz\u00e1lez Orozco","twitter_card":"summary_large_image","twitter_creator":"@iggonor","twitter_site":"@revistarambla","twitter_misc":{"Written by":"Ignacio Gonz\u00e1lez Orozco","Estimated reading time":"7 minutes"},"schema":{"@context":"https:\/\/schema.org","@graph":[{"@type":"Article","@id":"https:\/\/www.revistarambla.com\/objetivo-prolongar-la-guerra-la-batalla-del-ebro\/#article","isPartOf":{"@id":"https:\/\/www.revistarambla.com\/objetivo-prolongar-la-guerra-la-batalla-del-ebro\/"},"author":{"name":"Ignacio Gonz\u00e1lez Orozco","@id":"https:\/\/www.revistarambla.com\/#\/schema\/person\/f57e0b5bc0173cd6b95a123fd3fcca75"},"headline":"Batalla del Ebro: objetivo, prolongar la guerra","datePublished":"2016-07-25T09:34:40+00:00","dateModified":"2024-04-30T17:17:37+00:00","mainEntityOfPage":{"@id":"https:\/\/www.revistarambla.com\/objetivo-prolongar-la-guerra-la-batalla-del-ebro\/"},"wordCount":1477,"commentCount":0,"publisher":{"@id":"https:\/\/www.revistarambla.com\/#organization"},"image":{"@id":"https:\/\/www.revistarambla.com\/objetivo-prolongar-la-guerra-la-batalla-del-ebro\/#primaryimage"},"thumbnailUrl":"https:\/\/www.revistarambla.com\/wp-content\/uploads\/2016\/07\/Batalla-del-ebro-guerra-civil-espana.webp","articleSection":["Historia"],"inLanguage":"en-GB","potentialAction":[{"@type":"CommentAction","name":"Comment","target":["https:\/\/www.revistarambla.com\/objetivo-prolongar-la-guerra-la-batalla-del-ebro\/#respond"]}]},{"@type":"WebPage","@id":"https:\/\/www.revistarambla.com\/objetivo-prolongar-la-guerra-la-batalla-del-ebro\/","url":"https:\/\/www.revistarambla.com\/objetivo-prolongar-la-guerra-la-batalla-del-ebro\/","name":"Batalla del Ebro: objetivo, prolongar la guerra - Revista Rambla","isPartOf":{"@id":"https:\/\/www.revistarambla.com\/#website"},"primaryImageOfPage":{"@id":"https:\/\/www.revistarambla.com\/objetivo-prolongar-la-guerra-la-batalla-del-ebro\/#primaryimage"},"image":{"@id":"https:\/\/www.revistarambla.com\/objetivo-prolongar-la-guerra-la-batalla-del-ebro\/#primaryimage"},"thumbnailUrl":"https:\/\/www.revistarambla.com\/wp-content\/uploads\/2016\/07\/Batalla-del-ebro-guerra-civil-espana.webp","datePublished":"2016-07-25T09:34:40+00:00","dateModified":"2024-04-30T17:17:37+00:00","description":"Nada hubo de broma en el largo episodio que se iniciaba, hoy conocido como Batalla del Ebro, y s\u00ed una lucha encarnizada.","breadcrumb":{"@id":"https:\/\/www.revistarambla.com\/objetivo-prolongar-la-guerra-la-batalla-del-ebro\/#breadcrumb"},"inLanguage":"en-GB","potentialAction":[{"@type":"ReadAction","target":["https:\/\/www.revistarambla.com\/objetivo-prolongar-la-guerra-la-batalla-del-ebro\/"]}]},{"@type":"ImageObject","inLanguage":"en-GB","@id":"https:\/\/www.revistarambla.com\/objetivo-prolongar-la-guerra-la-batalla-del-ebro\/#primaryimage","url":"https:\/\/www.revistarambla.com\/wp-content\/uploads\/2016\/07\/Batalla-del-ebro-guerra-civil-espana.webp","contentUrl":"https:\/\/www.revistarambla.com\/wp-content\/uploads\/2016\/07\/Batalla-del-ebro-guerra-civil-espana.webp","width":383,"height":275,"caption":"batalla del ebro"},{"@type":"BreadcrumbList","@id":"https:\/\/www.revistarambla.com\/objetivo-prolongar-la-guerra-la-batalla-del-ebro\/#breadcrumb","itemListElement":[{"@type":"ListItem","position":1,"name":"Portada","item":"https:\/\/www.revistarambla.com\/"},{"@type":"ListItem","position":2,"name":"Batalla del Ebro: objetivo, prolongar la guerra"}]},{"@type":"WebSite","@id":"https:\/\/www.revistarambla.com\/#website","url":"https:\/\/www.revistarambla.com\/","name":"Revista Rambla Barcelona","description":"Periodismo independiente","publisher":{"@id":"https:\/\/www.revistarambla.com\/#organization"},"potentialAction":[{"@type":"SearchAction","target":{"@type":"EntryPoint","urlTemplate":"https:\/\/www.revistarambla.com\/?s={search_term_string}"},"query-input":{"@type":"PropertyValueSpecification","valueRequired":true,"valueName":"search_term_string"}}],"inLanguage":"en-GB"},{"@type":"Organization","@id":"https:\/\/www.revistarambla.com\/#organization","name":"Revista Rambla","url":"https:\/\/www.revistarambla.com\/","logo":{"@type":"ImageObject","inLanguage":"en-GB","@id":"https:\/\/www.revistarambla.com\/#\/schema\/logo\/image\/","url":"https:\/\/www.revistarambla.com\/wp-content\/uploads\/2020\/09\/banner_rambla_1900x600_BB.png","contentUrl":"https:\/\/www.revistarambla.com\/wp-content\/uploads\/2020\/09\/banner_rambla_1900x600_BB.png","width":1900,"height":600,"caption":"Revista Rambla"},"image":{"@id":"https:\/\/www.revistarambla.com\/#\/schema\/logo\/image\/"},"sameAs":["https:\/\/www.facebook.com\/revistarambla\/","https:\/\/x.com\/revistarambla","https:\/\/www.instagram.com\/revista_rambla","https:\/\/es.linkedin.com\/company\/revista-rambla"]},{"@type":"Person","@id":"https:\/\/www.revistarambla.com\/#\/schema\/person\/f57e0b5bc0173cd6b95a123fd3fcca75","name":"Ignacio Gonz\u00e1lez Orozco","description":"Editor, periodista y escritor. Autor de libros como 'Annual: todas las guerras, todas las v\u00edctimas' o 'Amores y quebrantos', entre muchos otros.","sameAs":["https:\/\/www.facebook.com\/Ignacio.gonzalezorozco","https:\/\/x.com\/iggonor"]}]}},"_links":{"self":[{"href":"https:\/\/www.revistarambla.com\/en\/wp-json\/wp\/v2\/posts\/9794","targetHints":{"allow":["GET"]}}],"collection":[{"href":"https:\/\/www.revistarambla.com\/en\/wp-json\/wp\/v2\/posts"}],"about":[{"href":"https:\/\/www.revistarambla.com\/en\/wp-json\/wp\/v2\/types\/post"}],"author":[{"embeddable":true,"href":"https:\/\/www.revistarambla.com\/en\/wp-json\/wp\/v2\/users\/21"}],"replies":[{"embeddable":true,"href":"https:\/\/www.revistarambla.com\/en\/wp-json\/wp\/v2\/comments?post=9794"}],"version-history":[{"count":2,"href":"https:\/\/www.revistarambla.com\/en\/wp-json\/wp\/v2\/posts\/9794\/revisions"}],"predecessor-version":[{"id":59852,"href":"https:\/\/www.revistarambla.com\/en\/wp-json\/wp\/v2\/posts\/9794\/revisions\/59852"}],"wp:featuredmedia":[{"embeddable":true,"href":"https:\/\/www.revistarambla.com\/en\/wp-json\/wp\/v2\/media\/59853"}],"wp:attachment":[{"href":"https:\/\/www.revistarambla.com\/en\/wp-json\/wp\/v2\/media?parent=9794"}],"wp:term":[{"taxonomy":"category","embeddable":true,"href":"https:\/\/www.revistarambla.com\/en\/wp-json\/wp\/v2\/categories?post=9794"},{"taxonomy":"post_tag","embeddable":true,"href":"https:\/\/www.revistarambla.com\/en\/wp-json\/wp\/v2\/tags?post=9794"}],"curies":[{"name":"wp","href":"https:\/\/api.w.org\/{rel}","templated":true}]}}