{"id":970,"date":"2011-05-28T06:54:22","date_gmt":"2011-05-28T04:54:22","guid":{"rendered":"https:\/\/www.revistarambla.com\/entrevista-a-arturo-seeber-bonorino-autor-de-un-paquete-para-el-manager-relatos-negros-de-boxeo\/"},"modified":"2022-01-08T20:01:45","modified_gmt":"2022-01-08T19:01:45","slug":"entrevista-a-arturo-seeber-bonorino-autor-de-un-paquete-para-el-manager-relatos-negros-de-boxeo","status":"publish","type":"post","link":"https:\/\/www.revistarambla.com\/en\/entrevista-a-arturo-seeber-bonorino-autor-de-un-paquete-para-el-manager-relatos-negros-de-boxeo\/","title":{"rendered":"Arturo Seeber Bonorino, autor de \u00abUn paquete para el m\u00e1nager. Relatos negros de boxeo\u00bb"},"content":{"rendered":"<p><img decoding=\"async\" class=\"alignright\" src=\"https:\/\/www.revistarambla.com\/wp-content\/uploads\/2011\/05\/Arturo%201.jpg\" alt=\"alt\" width=\"250\" height=\"357\" \/>\u00bfC\u00f3mo<strong> surge este libro de cuentos de boxeo \u00abUn paquete para el m\u00e1nager?<\/strong><\/p>\n<p>Cuando me concedieron el XXI Certamen Manuel V\u00e1zquez Montalb\u00e1n, en el Real Sitio de San Fernando de Henares, por <em>La gran oportunidad del Pelusa<\/em>, me entusiasm\u00e9 con la idea de hacer un libro de relatos de boxeo, ya que he sido aficionado a este deporte desde joven.<\/p>\n<p><strong>Los cuentos est\u00e1n ambientados en la ciudad de Buenos Aires, \u00bfno es as\u00ed?<\/strong><\/p>\n<p>S\u00ed. Aunque llevo casi dos d\u00e9cadas viviendo en Espa\u00f1a, me he formado al estilo de all\u00ed, que difiere mucho del boxeo en Espa\u00f1a. Aqu\u00ed, el boxeo se ha civilizado mucho, es un deporte m\u00e1s, porque en Espa\u00f1a ya no hay miseria, y que as\u00ed espero que dude. Argentina es y ha sido siempre un pa\u00eds de grandes diferencias sociales. Si tuviera que hacer una apretada s\u00edntesis, te dir\u00eda que s\u00f3lo hay dos clases sociales, el blanco, descendiente de inmigrantes, y el indio o mestizo, lo que en tiempos de Per\u00f3n se llamaba \u00abcabecita negra\u00bb, en la pr\u00e1ctica, considerado un ciudadano de segunda&#8230; \u00a1Y que no me digan que en mi pa\u00eds no hay racismo!<\/p>\n<p><strong>\u00bfY eso qu\u00e9 diferencia marca?<\/strong><\/p>\n<p>El \u00abcabecita\u00bb, que suele vivir en unas chabolas que all\u00ed se llaman \u00abvillas miseria\u00bb,\u00a0 o en casuchas hechas con sus propias manos y a medio terminar, en barriadas humildes, es la materia prima de los trabajos m\u00e1s bajos, y no tiene acceso a la educaci\u00f3n ni a la cultura, as\u00ed, cuando llega al boxeo llega como a un desquite, porque el triunfo como boxeador le deparar\u00e1 fortuna, fama y una pseudo elevaci\u00f3n social. Pero salvo excepciones, la ignorancia, los a\u00f1os de escasez, lo llevan a dilapidar pronto la fortuna que han adquirido, enga\u00f1ado por los \u00ablistos\u00bb que lo rodean, y aturdi\u00e9ndose con alcohol, drogas y jodiendas. As\u00ed comienza y finaliza su quiebra, econ\u00f3mica y personal. \u00a1Cu\u00e1ntas veces he visto, con suma tristeza, a Pascualito P\u00e9rez, primer campe\u00f3n mundial argentino, del peso mosca, rodear por las noches el Estadio Luna Park, sucio, harapiento y borracho, pidiendo a todo Cristo para seguir chupando.<\/p>\n<p><strong>Una dura ca\u00edda, recordando aquel cl\u00e1sico del cine negro<\/strong><\/p>\n<p>S\u00ed, salvo excepciones, como el caso de Horacio Accavallo, nuestro segundo campe\u00f3n mundial mosca, que invirti\u00f3 el dinero ganado en una cadena de tiendas deportivas, en general el destino final de estos triunfadores es una miseria peor, el alcohol, una vida delictiva de peque\u00f1o alcance, y muchas veces una violencia acrecentada que los vuelve pendencieros y asiduos a las comisar\u00edas. Si a eso sumamos la corrupci\u00f3n policial, resulta un c\u00f3ctel explosivo, como muestro en otro cuentos, <em>El duro falso<\/em>, premiado en el VII Certamen de relato de Coslada. Y c\u00f3mo no tratar los a\u00f1os de la corrupci\u00f3n militar, del \u00faltimo golpe de Estado llamado <em>Proceso de Reorganizaci\u00f3n Nacional<\/em>, que nos azot\u00f3 desde 1976 a 1983, con una b\u00e1rbara e indiscriminada represi\u00f3n que en nada tiene que envidiar a la represi\u00f3n de posguerra del franquismo. Un clima de impunidad, en que grupos militares hac\u00edan una suerte de islas en cualquier zona del territorio argentino, llamadas \u00abzonas liberadas\u00bb, donde con soberan\u00eda propia y absoluta pod\u00edan raptar y asesinar a quienes les viniese en gana (todo el pa\u00eds era \u00abzona liberada\u00bb, ser\u00eda m\u00e1s preciso decir). En este tel\u00f3n de fondo se sit\u00faan dos cuentos: <em>Las \u00abvariantes\u00bb del Se\u00f1or Subcomisario<\/em> y <em>Un round de entrecasa\u00bb.<\/em><\/p>\n<p><strong>Pues no creo que tu libro se pueda definir como \u00aboptimista\u00bb.<\/strong><\/p>\n<p>Como expreso en un momento del pr\u00f3logo, acaso s\u00ed lo es. Estoy convencido que la ficci\u00f3n es siempre m\u00e1s clemente que la realidad.<\/p>\n<p><strong>Un paquete para el manager. Relatos negros de boxeo<\/strong><\/p>\n<p><strong>El Garaje Ediciones SL<\/strong><\/p>\n<p><strong>160 p\u00e1ginas<\/strong><\/p>\n<p><strong>Precio Venta P\u00fablico: 12 euros<\/strong><\/p>\n<p><strong><img decoding=\"async\" class=\"size-full wp-image-969 aligncenter\" style=\"width: 490px; height: 709px;\" src=\"https:\/\/www.revistarambla.com\/wp-content\/uploads\/2011\/05\/PORTADA%20BOXEO.jpg\" alt=\"alt\" width=\"490\" height=\"709\" \/><\/strong><\/p>","protected":false},"excerpt":{"rendered":"<p>\u00bfC\u00f3mo surge este libro de cuentos de boxeo \u00abUn paquete para el m\u00e1nager? Cuando me concedieron el XXI Certamen Manuel V\u00e1zquez Montalb\u00e1n, en el Real Sitio de San Fernando de Henares, por La gran oportunidad del Pelusa, me entusiasm\u00e9 con la idea de hacer un libro de relatos de boxeo, [&hellip;]<\/p>\n","protected":false},"author":97,"featured_media":0,"comment_status":"open","ping_status":"open","sticky":false,"template":"","format":"standard","meta":{"footnotes":""},"categories":[4,60],"tags":[],"class_list":["post-970","post","type-post","status-publish","format-standard","hentry","category-cultura","category-libros"],"yoast_head":"<!-- This site is optimized with the Yoast SEO plugin v27.5 - https:\/\/yoast.com\/product\/yoast-seo-wordpress\/ -->\n<title>Arturo Seeber Bonorino, autor de &quot;Un paquete para el m\u00e1nager. Relatos negros de boxeo&quot; - Revista Rambla<\/title>\n<meta name=\"robots\" content=\"index, follow, max-snippet:-1, max-image-preview:large, max-video-preview:-1\" \/>\n<link rel=\"canonical\" href=\"https:\/\/www.revistarambla.com\/en\/entrevista-a-arturo-seeber-bonorino-autor-de-un-paquete-para-el-manager-relatos-negros-de-boxeo\/\" \/>\n<meta property=\"og:locale\" content=\"en_GB\" \/>\n<meta property=\"og:type\" content=\"article\" \/>\n<meta property=\"og:title\" content=\"Arturo Seeber Bonorino, autor de &quot;Un paquete para el m\u00e1nager. Relatos negros de boxeo&quot; - Revista Rambla\" \/>\n<meta property=\"og:description\" content=\"\u00bfC\u00f3mo surge este libro de cuentos de boxeo \u00abUn paquete para el m\u00e1nager? Cuando me concedieron el XXI Certamen Manuel V\u00e1zquez Montalb\u00e1n, en el Real Sitio de San Fernando de Henares, por La gran oportunidad del Pelusa, me entusiasm\u00e9 con la idea de hacer un libro de relatos de boxeo, [&hellip;]\" \/>\n<meta property=\"og:url\" content=\"https:\/\/www.revistarambla.com\/en\/entrevista-a-arturo-seeber-bonorino-autor-de-un-paquete-para-el-manager-relatos-negros-de-boxeo\/\" \/>\n<meta property=\"og:site_name\" content=\"Revista Rambla\" \/>\n<meta property=\"article:publisher\" content=\"https:\/\/www.facebook.com\/revistarambla\/\" \/>\n<meta property=\"article:author\" content=\"https:\/\/www.facebook.com\/LaComunaPresxsDelFranquismo\/\" \/>\n<meta property=\"article:published_time\" content=\"2011-05-28T04:54:22+00:00\" \/>\n<meta property=\"article:modified_time\" content=\"2022-01-08T19:01:45+00:00\" \/>\n<meta property=\"og:image\" content=\"https:\/\/www.revistarambla.com\/wp-content\/uploads\/2011\/05\/Arturo.jpg\" \/>\n\t<meta property=\"og:image:width\" content=\"250\" \/>\n\t<meta property=\"og:image:height\" content=\"166\" \/>\n\t<meta property=\"og:image:type\" content=\"image\/jpeg\" \/>\n<meta name=\"author\" content=\"Manuel Blanco Chivite\" \/>\n<meta name=\"twitter:card\" content=\"summary_large_image\" \/>\n<meta name=\"twitter:creator\" content=\"@lacomunapresxs\" \/>\n<meta name=\"twitter:site\" content=\"@revistarambla\" \/>\n<meta name=\"twitter:label1\" content=\"Written by\" \/>\n\t<meta name=\"twitter:data1\" content=\"Manuel Blanco Chivite\" \/>\n\t<meta name=\"twitter:label2\" content=\"Estimated reading time\" \/>\n\t<meta name=\"twitter:data2\" content=\"4 minutes\" \/>\n<script type=\"application\/ld+json\" class=\"yoast-schema-graph\">{\"@context\":\"https:\\\/\\\/schema.org\",\"@graph\":[{\"@type\":\"Article\",\"@id\":\"https:\\\/\\\/www.revistarambla.com\\\/entrevista-a-arturo-seeber-bonorino-autor-de-un-paquete-para-el-manager-relatos-negros-de-boxeo\\\/#article\",\"isPartOf\":{\"@id\":\"https:\\\/\\\/www.revistarambla.com\\\/entrevista-a-arturo-seeber-bonorino-autor-de-un-paquete-para-el-manager-relatos-negros-de-boxeo\\\/\"},\"author\":{\"name\":\"Manuel Blanco Chivite\",\"@id\":\"https:\\\/\\\/www.revistarambla.com\\\/#\\\/schema\\\/person\\\/e3e50b25d04340ea7d87123101d5af4b\"},\"headline\":\"Arturo Seeber Bonorino, autor de \u00abUn paquete para el m\u00e1nager. Relatos negros de boxeo\u00bb\",\"datePublished\":\"2011-05-28T04:54:22+00:00\",\"dateModified\":\"2022-01-08T19:01:45+00:00\",\"mainEntityOfPage\":{\"@id\":\"https:\\\/\\\/www.revistarambla.com\\\/entrevista-a-arturo-seeber-bonorino-autor-de-un-paquete-para-el-manager-relatos-negros-de-boxeo\\\/\"},\"wordCount\":673,\"commentCount\":0,\"publisher\":{\"@id\":\"https:\\\/\\\/www.revistarambla.com\\\/#organization\"},\"image\":{\"@id\":\"https:\\\/\\\/www.revistarambla.com\\\/entrevista-a-arturo-seeber-bonorino-autor-de-un-paquete-para-el-manager-relatos-negros-de-boxeo\\\/#primaryimage\"},\"thumbnailUrl\":\"https:\\\/\\\/www.revistarambla.com\\\/wp-content\\\/uploads\\\/2011\\\/05\\\/Arturo%201.jpg\",\"articleSection\":[\"Cultura\",\"Libros\"],\"inLanguage\":\"en-GB\",\"potentialAction\":[{\"@type\":\"CommentAction\",\"name\":\"Comment\",\"target\":[\"https:\\\/\\\/www.revistarambla.com\\\/entrevista-a-arturo-seeber-bonorino-autor-de-un-paquete-para-el-manager-relatos-negros-de-boxeo\\\/#respond\"]}]},{\"@type\":\"WebPage\",\"@id\":\"https:\\\/\\\/www.revistarambla.com\\\/entrevista-a-arturo-seeber-bonorino-autor-de-un-paquete-para-el-manager-relatos-negros-de-boxeo\\\/\",\"url\":\"https:\\\/\\\/www.revistarambla.com\\\/entrevista-a-arturo-seeber-bonorino-autor-de-un-paquete-para-el-manager-relatos-negros-de-boxeo\\\/\",\"name\":\"Arturo Seeber Bonorino, autor de \\\"Un paquete para el m\u00e1nager. Relatos negros de boxeo\\\" - Revista Rambla\",\"isPartOf\":{\"@id\":\"https:\\\/\\\/www.revistarambla.com\\\/#website\"},\"primaryImageOfPage\":{\"@id\":\"https:\\\/\\\/www.revistarambla.com\\\/entrevista-a-arturo-seeber-bonorino-autor-de-un-paquete-para-el-manager-relatos-negros-de-boxeo\\\/#primaryimage\"},\"image\":{\"@id\":\"https:\\\/\\\/www.revistarambla.com\\\/entrevista-a-arturo-seeber-bonorino-autor-de-un-paquete-para-el-manager-relatos-negros-de-boxeo\\\/#primaryimage\"},\"thumbnailUrl\":\"https:\\\/\\\/www.revistarambla.com\\\/wp-content\\\/uploads\\\/2011\\\/05\\\/Arturo%201.jpg\",\"datePublished\":\"2011-05-28T04:54:22+00:00\",\"dateModified\":\"2022-01-08T19:01:45+00:00\",\"breadcrumb\":{\"@id\":\"https:\\\/\\\/www.revistarambla.com\\\/entrevista-a-arturo-seeber-bonorino-autor-de-un-paquete-para-el-manager-relatos-negros-de-boxeo\\\/#breadcrumb\"},\"inLanguage\":\"en-GB\",\"potentialAction\":[{\"@type\":\"ReadAction\",\"target\":[\"https:\\\/\\\/www.revistarambla.com\\\/entrevista-a-arturo-seeber-bonorino-autor-de-un-paquete-para-el-manager-relatos-negros-de-boxeo\\\/\"]}]},{\"@type\":\"ImageObject\",\"inLanguage\":\"en-GB\",\"@id\":\"https:\\\/\\\/www.revistarambla.com\\\/entrevista-a-arturo-seeber-bonorino-autor-de-un-paquete-para-el-manager-relatos-negros-de-boxeo\\\/#primaryimage\",\"url\":\"https:\\\/\\\/www.revistarambla.com\\\/wp-content\\\/uploads\\\/2011\\\/05\\\/Arturo%201.jpg\",\"contentUrl\":\"https:\\\/\\\/www.revistarambla.com\\\/wp-content\\\/uploads\\\/2011\\\/05\\\/Arturo%201.jpg\"},{\"@type\":\"BreadcrumbList\",\"@id\":\"https:\\\/\\\/www.revistarambla.com\\\/entrevista-a-arturo-seeber-bonorino-autor-de-un-paquete-para-el-manager-relatos-negros-de-boxeo\\\/#breadcrumb\",\"itemListElement\":[{\"@type\":\"ListItem\",\"position\":1,\"name\":\"Portada\",\"item\":\"https:\\\/\\\/www.revistarambla.com\\\/\"},{\"@type\":\"ListItem\",\"position\":2,\"name\":\"Arturo Seeber Bonorino, autor de &#8220;Un paquete para el m\u00e1nager. Relatos negros de boxeo&#8221;\"}]},{\"@type\":\"WebSite\",\"@id\":\"https:\\\/\\\/www.revistarambla.com\\\/#website\",\"url\":\"https:\\\/\\\/www.revistarambla.com\\\/\",\"name\":\"Revista Rambla Barcelona\",\"description\":\"Periodismo independiente\",\"publisher\":{\"@id\":\"https:\\\/\\\/www.revistarambla.com\\\/#organization\"},\"potentialAction\":[{\"@type\":\"SearchAction\",\"target\":{\"@type\":\"EntryPoint\",\"urlTemplate\":\"https:\\\/\\\/www.revistarambla.com\\\/?s={search_term_string}\"},\"query-input\":{\"@type\":\"PropertyValueSpecification\",\"valueRequired\":true,\"valueName\":\"search_term_string\"}}],\"inLanguage\":\"en-GB\"},{\"@type\":\"Organization\",\"@id\":\"https:\\\/\\\/www.revistarambla.com\\\/#organization\",\"name\":\"Revista Rambla\",\"url\":\"https:\\\/\\\/www.revistarambla.com\\\/\",\"logo\":{\"@type\":\"ImageObject\",\"inLanguage\":\"en-GB\",\"@id\":\"https:\\\/\\\/www.revistarambla.com\\\/#\\\/schema\\\/logo\\\/image\\\/\",\"url\":\"https:\\\/\\\/www.revistarambla.com\\\/wp-content\\\/uploads\\\/2020\\\/09\\\/banner_rambla_1900x600_BB.png\",\"contentUrl\":\"https:\\\/\\\/www.revistarambla.com\\\/wp-content\\\/uploads\\\/2020\\\/09\\\/banner_rambla_1900x600_BB.png\",\"width\":1900,\"height\":600,\"caption\":\"Revista Rambla\"},\"image\":{\"@id\":\"https:\\\/\\\/www.revistarambla.com\\\/#\\\/schema\\\/logo\\\/image\\\/\"},\"sameAs\":[\"https:\\\/\\\/www.facebook.com\\\/revistarambla\\\/\",\"https:\\\/\\\/x.com\\\/revistarambla\",\"https:\\\/\\\/www.instagram.com\\\/revista_rambla\",\"https:\\\/\\\/es.linkedin.com\\\/company\\\/revista-rambla\"]},{\"@type\":\"Person\",\"@id\":\"https:\\\/\\\/www.revistarambla.com\\\/#\\\/schema\\\/person\\\/e3e50b25d04340ea7d87123101d5af4b\",\"name\":\"Manuel Blanco Chivite\",\"description\":\"San Sebasti\u00e1n, 4 de febrero de 1945. Periodista y editor espa\u00f1ol, antiguo luchador antifranquista. Integrante de La Comuna presxs del Franquismo.\",\"sameAs\":[\"https:\\\/\\\/www.lacomunapresxsdelfranquismo.org\\\/\",\"https:\\\/\\\/www.facebook.com\\\/LaComunaPresxsDelFranquismo\\\/\",\"https:\\\/\\\/x.com\\\/lacomunapresxs\",\"https:\\\/\\\/www.youtube.com\\\/c\\\/lacomunapresxsdelfranquismo\"]}]}<\/script>\n<!-- \/ Yoast SEO plugin. -->","yoast_head_json":{"title":"Arturo Seeber Bonorino, autor de \"Un paquete para el m\u00e1nager. Relatos negros de boxeo\" - Revista Rambla","robots":{"index":"index","follow":"follow","max-snippet":"max-snippet:-1","max-image-preview":"max-image-preview:large","max-video-preview":"max-video-preview:-1"},"canonical":"https:\/\/www.revistarambla.com\/en\/entrevista-a-arturo-seeber-bonorino-autor-de-un-paquete-para-el-manager-relatos-negros-de-boxeo\/","og_locale":"en_GB","og_type":"article","og_title":"Arturo Seeber Bonorino, autor de \"Un paquete para el m\u00e1nager. Relatos negros de boxeo\" - Revista Rambla","og_description":"\u00bfC\u00f3mo surge este libro de cuentos de boxeo \u00abUn paquete para el m\u00e1nager? Cuando me concedieron el XXI Certamen Manuel V\u00e1zquez Montalb\u00e1n, en el Real Sitio de San Fernando de Henares, por La gran oportunidad del Pelusa, me entusiasm\u00e9 con la idea de hacer un libro de relatos de boxeo, [&hellip;]","og_url":"https:\/\/www.revistarambla.com\/en\/entrevista-a-arturo-seeber-bonorino-autor-de-un-paquete-para-el-manager-relatos-negros-de-boxeo\/","og_site_name":"Revista Rambla","article_publisher":"https:\/\/www.facebook.com\/revistarambla\/","article_author":"https:\/\/www.facebook.com\/LaComunaPresxsDelFranquismo\/","article_published_time":"2011-05-28T04:54:22+00:00","article_modified_time":"2022-01-08T19:01:45+00:00","og_image":[{"width":250,"height":166,"url":"https:\/\/www.revistarambla.com\/wp-content\/uploads\/2011\/05\/Arturo.jpg","type":"image\/jpeg"}],"author":"Manuel Blanco Chivite","twitter_card":"summary_large_image","twitter_creator":"@lacomunapresxs","twitter_site":"@revistarambla","twitter_misc":{"Written by":"Manuel Blanco Chivite","Estimated reading time":"4 minutes"},"schema":{"@context":"https:\/\/schema.org","@graph":[{"@type":"Article","@id":"https:\/\/www.revistarambla.com\/entrevista-a-arturo-seeber-bonorino-autor-de-un-paquete-para-el-manager-relatos-negros-de-boxeo\/#article","isPartOf":{"@id":"https:\/\/www.revistarambla.com\/entrevista-a-arturo-seeber-bonorino-autor-de-un-paquete-para-el-manager-relatos-negros-de-boxeo\/"},"author":{"name":"Manuel Blanco Chivite","@id":"https:\/\/www.revistarambla.com\/#\/schema\/person\/e3e50b25d04340ea7d87123101d5af4b"},"headline":"Arturo Seeber Bonorino, autor de \u00abUn paquete para el m\u00e1nager. Relatos negros de boxeo\u00bb","datePublished":"2011-05-28T04:54:22+00:00","dateModified":"2022-01-08T19:01:45+00:00","mainEntityOfPage":{"@id":"https:\/\/www.revistarambla.com\/entrevista-a-arturo-seeber-bonorino-autor-de-un-paquete-para-el-manager-relatos-negros-de-boxeo\/"},"wordCount":673,"commentCount":0,"publisher":{"@id":"https:\/\/www.revistarambla.com\/#organization"},"image":{"@id":"https:\/\/www.revistarambla.com\/entrevista-a-arturo-seeber-bonorino-autor-de-un-paquete-para-el-manager-relatos-negros-de-boxeo\/#primaryimage"},"thumbnailUrl":"https:\/\/www.revistarambla.com\/wp-content\/uploads\/2011\/05\/Arturo%201.jpg","articleSection":["Cultura","Libros"],"inLanguage":"en-GB","potentialAction":[{"@type":"CommentAction","name":"Comment","target":["https:\/\/www.revistarambla.com\/entrevista-a-arturo-seeber-bonorino-autor-de-un-paquete-para-el-manager-relatos-negros-de-boxeo\/#respond"]}]},{"@type":"WebPage","@id":"https:\/\/www.revistarambla.com\/entrevista-a-arturo-seeber-bonorino-autor-de-un-paquete-para-el-manager-relatos-negros-de-boxeo\/","url":"https:\/\/www.revistarambla.com\/entrevista-a-arturo-seeber-bonorino-autor-de-un-paquete-para-el-manager-relatos-negros-de-boxeo\/","name":"Arturo Seeber Bonorino, autor de \"Un paquete para el m\u00e1nager. Relatos negros de boxeo\" - Revista Rambla","isPartOf":{"@id":"https:\/\/www.revistarambla.com\/#website"},"primaryImageOfPage":{"@id":"https:\/\/www.revistarambla.com\/entrevista-a-arturo-seeber-bonorino-autor-de-un-paquete-para-el-manager-relatos-negros-de-boxeo\/#primaryimage"},"image":{"@id":"https:\/\/www.revistarambla.com\/entrevista-a-arturo-seeber-bonorino-autor-de-un-paquete-para-el-manager-relatos-negros-de-boxeo\/#primaryimage"},"thumbnailUrl":"https:\/\/www.revistarambla.com\/wp-content\/uploads\/2011\/05\/Arturo%201.jpg","datePublished":"2011-05-28T04:54:22+00:00","dateModified":"2022-01-08T19:01:45+00:00","breadcrumb":{"@id":"https:\/\/www.revistarambla.com\/entrevista-a-arturo-seeber-bonorino-autor-de-un-paquete-para-el-manager-relatos-negros-de-boxeo\/#breadcrumb"},"inLanguage":"en-GB","potentialAction":[{"@type":"ReadAction","target":["https:\/\/www.revistarambla.com\/entrevista-a-arturo-seeber-bonorino-autor-de-un-paquete-para-el-manager-relatos-negros-de-boxeo\/"]}]},{"@type":"ImageObject","inLanguage":"en-GB","@id":"https:\/\/www.revistarambla.com\/entrevista-a-arturo-seeber-bonorino-autor-de-un-paquete-para-el-manager-relatos-negros-de-boxeo\/#primaryimage","url":"https:\/\/www.revistarambla.com\/wp-content\/uploads\/2011\/05\/Arturo%201.jpg","contentUrl":"https:\/\/www.revistarambla.com\/wp-content\/uploads\/2011\/05\/Arturo%201.jpg"},{"@type":"BreadcrumbList","@id":"https:\/\/www.revistarambla.com\/entrevista-a-arturo-seeber-bonorino-autor-de-un-paquete-para-el-manager-relatos-negros-de-boxeo\/#breadcrumb","itemListElement":[{"@type":"ListItem","position":1,"name":"Portada","item":"https:\/\/www.revistarambla.com\/"},{"@type":"ListItem","position":2,"name":"Arturo Seeber Bonorino, autor de &#8220;Un paquete para el m\u00e1nager. Relatos negros de boxeo&#8221;"}]},{"@type":"WebSite","@id":"https:\/\/www.revistarambla.com\/#website","url":"https:\/\/www.revistarambla.com\/","name":"Revista Rambla Barcelona","description":"Periodismo independiente","publisher":{"@id":"https:\/\/www.revistarambla.com\/#organization"},"potentialAction":[{"@type":"SearchAction","target":{"@type":"EntryPoint","urlTemplate":"https:\/\/www.revistarambla.com\/?s={search_term_string}"},"query-input":{"@type":"PropertyValueSpecification","valueRequired":true,"valueName":"search_term_string"}}],"inLanguage":"en-GB"},{"@type":"Organization","@id":"https:\/\/www.revistarambla.com\/#organization","name":"Revista Rambla","url":"https:\/\/www.revistarambla.com\/","logo":{"@type":"ImageObject","inLanguage":"en-GB","@id":"https:\/\/www.revistarambla.com\/#\/schema\/logo\/image\/","url":"https:\/\/www.revistarambla.com\/wp-content\/uploads\/2020\/09\/banner_rambla_1900x600_BB.png","contentUrl":"https:\/\/www.revistarambla.com\/wp-content\/uploads\/2020\/09\/banner_rambla_1900x600_BB.png","width":1900,"height":600,"caption":"Revista Rambla"},"image":{"@id":"https:\/\/www.revistarambla.com\/#\/schema\/logo\/image\/"},"sameAs":["https:\/\/www.facebook.com\/revistarambla\/","https:\/\/x.com\/revistarambla","https:\/\/www.instagram.com\/revista_rambla","https:\/\/es.linkedin.com\/company\/revista-rambla"]},{"@type":"Person","@id":"https:\/\/www.revistarambla.com\/#\/schema\/person\/e3e50b25d04340ea7d87123101d5af4b","name":"Manuel Blanco Chivite","description":"San Sebasti\u00e1n, 4 de febrero de 1945. Periodista y editor espa\u00f1ol, antiguo luchador antifranquista. Integrante de La Comuna presxs del Franquismo.","sameAs":["https:\/\/www.lacomunapresxsdelfranquismo.org\/","https:\/\/www.facebook.com\/LaComunaPresxsDelFranquismo\/","https:\/\/x.com\/lacomunapresxs","https:\/\/www.youtube.com\/c\/lacomunapresxsdelfranquismo"]}]}},"_links":{"self":[{"href":"https:\/\/www.revistarambla.com\/en\/wp-json\/wp\/v2\/posts\/970","targetHints":{"allow":["GET"]}}],"collection":[{"href":"https:\/\/www.revistarambla.com\/en\/wp-json\/wp\/v2\/posts"}],"about":[{"href":"https:\/\/www.revistarambla.com\/en\/wp-json\/wp\/v2\/types\/post"}],"author":[{"embeddable":true,"href":"https:\/\/www.revistarambla.com\/en\/wp-json\/wp\/v2\/users\/97"}],"replies":[{"embeddable":true,"href":"https:\/\/www.revistarambla.com\/en\/wp-json\/wp\/v2\/comments?post=970"}],"version-history":[{"count":0,"href":"https:\/\/www.revistarambla.com\/en\/wp-json\/wp\/v2\/posts\/970\/revisions"}],"wp:attachment":[{"href":"https:\/\/www.revistarambla.com\/en\/wp-json\/wp\/v2\/media?parent=970"}],"wp:term":[{"taxonomy":"category","embeddable":true,"href":"https:\/\/www.revistarambla.com\/en\/wp-json\/wp\/v2\/categories?post=970"},{"taxonomy":"post_tag","embeddable":true,"href":"https:\/\/www.revistarambla.com\/en\/wp-json\/wp\/v2\/tags?post=970"}],"curies":[{"name":"wp","href":"https:\/\/api.w.org\/{rel}","templated":true}]}}