{"id":9661,"date":"2016-07-16T06:46:24","date_gmt":"2016-07-16T04:46:24","guid":{"rendered":"https:\/\/www.revistarambla.com\/?p=9661"},"modified":"2021-04-09T13:04:24","modified_gmt":"2021-04-09T11:04:24","slug":"rosa-valls-en-la-ub-hay-castas-que-eran-intocables-hasta-que-se-rompio-el-silencio","status":"publish","type":"post","link":"https:\/\/www.revistarambla.com\/en\/rosa-valls-en-la-ub-hay-castas-que-eran-intocables-hasta-que-se-rompio-el-silencio\/","title":{"rendered":"Rosa Valls: \u00abEn la UB hay castas que eran intocables hasta que se rompi\u00f3 el silencio\u00bb"},"content":{"rendered":"<p style=\"text-align: left;\">La Universidad de Barcelona (UB) ha llevado a la fiscal\u00eda las denuncias por \u201cpr\u00e1cticas sectarias\u201d del centro de investigaci\u00f3n CREA que, desde 2004, viene denunciando casos de acoso sexual en la universidad.<\/p>\n<figure id=\"attachment_9648\" aria-describedby=\"caption-attachment-9648\" style=\"width: 700px\" class=\"wp-caption aligncenter\"><img decoding=\"async\" class=\"wp-image-9648 size-full\" src=\"https:\/\/www.revistarambla.com\/wp-content\/uploads\/2016\/07\/Rosa-02.jpg\" alt=\"Rosa-02\" width=\"700\" height=\"475\" \/><figcaption id=\"caption-attachment-9648\" class=\"wp-caption-text\">Rosa Valls Foto: Francesc Sans<\/figcaption><\/figure>\n<p style=\"text-align: left;\">La cadena SER dio la noticia, la UB ha trasladado a la Audiencia Provincial de Barcelona tres denuncias por \u201ccomportamientos sectarios\u201d contra <em>Community of Research on Excellence for All <\/em>(CREA), un centro de investigaci\u00f3n creado en 1991\u2026 <strong>\u201cCon el objetivo de generar una investigaci\u00f3n cient\u00edfica capaz de identificar teor\u00edas y pr\u00e1cticas superadoras de desigualdades y formar profesionales de la m\u00e1xima excelencia docente e investigadora, provenientes de diferentes etnias, g\u00e9neros, edades y clases sociales\u201d<\/strong>, seg\u00fan declaran en su web. La primera denuncia contra el CREA data del 18 de mayo, cuando el denunciante declaraba que los directivos del centro \u201ccontrolaban completamente su vida\u201d. Por su parte, los miembros del CREA denuncian <strong>ser objeto de una campa\u00f1a de difamaci\u00f3n y desprestigio desde que empezaron a denunciar las pr\u00e1cticas machistas y el acoso sexual en la universidad.<\/strong> Las calumnias, afirman desde el CREA, contra el centro empezaron a ser an\u00f3nimas por Internet, y ahora han llegado a la fiscal\u00eda, pero de alguna forma siguen siendo an\u00f3nimas, porque la UB se ha negado a dar al abogado del CREA el contenido de tales denuncias, que los denunciados dicen enterarse de las mismas por la prensa.<\/p>\n<p style=\"text-align: left;\">Los presuntos casos de acoso sexual en la UB saltaron a la prensa en 2004, cuando se denunci\u00f3 a un catedr\u00e1tico. El 25 de enero de 2004 la edici\u00f3n de Catalunya de <em>El Pa\u00eds <\/em>lo cont\u00f3 as\u00ed: <strong>\u201cVarios alumnos de la facultad de Econom\u00eda de la Universidad de Barcelona (UB) han sido presuntamente acosados sexualmente por el catedr\u00e1tico de Sociolog\u00eda Jes\u00fas de Miguel. As\u00ed lo admite tanto la fiscal\u00eda y el propio campus, pero ninguna de las instituciones puede sancionar el docente porque los hechos han prescrito. El carpetazo al caso, que se extiende a decenas de estudiantes durante varias d\u00e9cadas seg\u00fan los testimonios, ha indignado a las v\u00edctimas, que se sienten \u201cfrustrados e impotentes\u201d<\/strong>. En 1993, <strong>sesenta profesores y catedr\u00e1ticos<\/strong> de la facultad de Econ\u00f3micas de la UB dirigieron una carta al entonces rector <strong>Josep Maria Bricall<\/strong> pidi\u00e9ndole la destituci\u00f3n del citado soci\u00f3logo por las presuntas irregularidades que cometi\u00f3 siendo el presidente de un tribunal de un concurso de c\u00e1tedra, y donde favoreci\u00f3 descaradamente a uno de los opositores (v\u00e9ase <em>El Pa\u00eds, <\/em>20-10-93). Legalmente el catedr\u00e1tico sigue siendo profesor de la UB y pronto volver\u00e1 a dar clase. Los estudiantes, que act\u00faan de forma aut\u00f3noma de cualquier instituci\u00f3n, iniciaron una recogida de firmas en <a href=\"https:\/\/www.change.org\/p\/universidad-de-barcelona-no-permitamos-el-acoso-sexual-en-la-universidad\">Change.org<\/a>, para denunciar el acoso sexual, petici\u00f3n que sigue estando activa. Para hablar sobre todo ello entrevistamos a <strong>Rosa Valls<\/strong>, subdirectora del CREA y profesora de Teor\u00eda e Historia de la Educaci\u00f3n en la UB.<\/p>\n<p style=\"text-align: left;\"><strong>Las primeras preguntas, en bater\u00eda, se las tengo que hacer: \u00bfHay pr\u00e1cticas coercitivas en el CREA? \u00bfSe acepta a cualquier acad\u00e9mico, sea hombre o mujer, en el centro? \u00bfEl control de las publicaciones de los miembros va m\u00e1s all\u00e1 de lo razonable?<\/strong><\/p>\n<p style=\"text-align: left;\">No solo no hay ninguna pr\u00e1ctica coercitiva sino que el CREA, junto con centros y acad\u00e9micos de otros \u00e1mbitos, han sido precursores en Espa\u00f1a en la eliminaci\u00f3n de las pr\u00e1cticas coercitivas que dominaban el feudalismo universitario hasta hace algunos a\u00f1os.<\/p>\n<p style=\"text-align: left;\">El CREA est\u00e1 formado por personas muy diversas, cuesti\u00f3n que en el contexto espa\u00f1ol, a diferencia del internacional, no es todav\u00eda habitual: diversidad de g\u00e9neros, de opciones sexuales, ideolog\u00edas, creencias, grupos culturales, etc. Somos una red de la que puede formar parte cualquier persona acad\u00e9mica que respete los Derechos Humanos, no se aceptan personas acosadoras o racistas. En cuanto a mujeres y hombres, como puede verse en la web, un 73% son mujeres, mientras que seg\u00fan datos de la OCDE somos mujeres el 76% de quienes nos titulamos en educaci\u00f3n. Ya sabemos que al ascender en escala\u00a0profesional, la proporci\u00f3n de hombres va aumentando mientras disminuye la de mujeres, pero eso no ocurre en CREA, ya que ser\u00eda muy inconsecuente dedicarse a la superaci\u00f3n de desigualdades si luego hici\u00e9ramos la t\u00edpica segregaci\u00f3n vertical.<\/p>\n<p style=\"text-align: left;\">Las normativas de publicaciones de CREA (incluida la Comisi\u00f3n de Gesti\u00f3n del Conocimiento) est\u00e1n copiadas de las normativas internacionales y concretamente, de la normativa europea:<\/p>\n<p style=\"text-align: left;\"><a href=\"http:\/\/ec.europa.eu\/research\/fp6\/model-contract\/pdf\/fp6-iprguidelines_en.pdf\">http:\/\/ec.europa.eu\/research\/fp6\/model-contract\/pdf\/fp6-iprguidelines_en.pdf<\/a>.<\/p>\n<p style=\"text-align: left;\">Precisamente, uno de los objetivos de esta normativa es que unas personas no puedan publicar el trabajo de otras. Si no, todo depende de qui\u00e9n manda. En los grupos de investigaci\u00f3n con estas normativas, como en CREA, estas pr\u00e1cticas no son posibles.<\/p>\n<p style=\"text-align: left;\"><strong>\u00bfSaben exactamente de qu\u00e9 se les acusa?<\/strong><\/p>\n<p style=\"text-align: left;\">No. Ya nos lo hicieron en el 2004 y llevamos desde entonces reclamando jur\u00eddicamente esas denuncias sin \u00e9xito, ni siquiera hicieron caso a la petici\u00f3n del defensor del pueblo de Catalunya, La t\u00e1ctica del 2004 consisti\u00f3 en hacer denuncias (no sabemos si es cierto ni cuantas) que luego se archivaron, pero que sirvieron para legitimar los ataques an\u00f3nimos diciendo: se les investig\u00f3. Ahora est\u00e1n haciendo lo mismo. Por la forma en que actuaban y act\u00faan, se utiliza la t\u00e1ctica de difama que algo queda. Al mismo tiempo, y como ha ocurrido en otras ocasiones, se intenta deslegitimar el trabajo que desarrollamos. Lo m\u00e1s grave es que todo esto hace da\u00f1o a nuestras familias, hijos e hijas. En algunos casos los hijos de algunos compa\u00f1eros han comenzado a recibir <em>bullying<\/em> en sus colegios. La mala fe con que se viene actuando hace que pensemos que el objetivo es difamarnos\u2026 sea como sea\u2026 y al precio que sea.<\/p>\n<p style=\"text-align: left;\"><strong>Las primeras denuncias aparecieron an\u00f3nimamente en Internet. \u00bfQui\u00e9n sospechan que estaba detr\u00e1s de las mismas?<\/strong><\/p>\n<p style=\"text-align: left;\">Solo hace falta ver la coincidencia entre lo que pensamos que se dijo de nosotros en las supuestas denuncias del 2004, los ataques an\u00f3nimos que aparecieron en internet desde entonces y las declaraciones, tambi\u00e9n an\u00f3nimas, actuales. Se organizaron a principios de 2004 cuando iniciamos las primeras investigaciones sobre este tema con el Instituto de la Mujer de Madrid y el Institut Catal\u00e0 de la Dona de Catalunya. Nos atrevimos a hacerlo porque ten\u00edamos el apoyo del <em>European Womens lobby<\/em>, de la oficina contra el acoso sexual de Harvard y del feminismo internacional. Sin ese apoyo, ya nos hubieran destruido como lo hab\u00edan hecho hasta entonces, una a una, a las profesoras precarias que se hab\u00edan atrevido a denunciar un caso.<\/p>\n<p style=\"text-align: left;\"><strong>Ustedes dicen que la campa\u00f1a contra el CREA comienza por romper el silencio sobre la violencia de g\u00e9nero en las universidades. \u00bfQuieren ustedes decir que hay estamentos universitarios que est\u00e1n interesados en silenciarles?<\/strong><\/p>\n<p style=\"text-align: left;\">Cuando hicimos la primera investigaci\u00f3n, diferentes rectores nos dijeron (incluso pretendieron re\u00f1irnos) que eso era desprestigiar a las universidades espa\u00f1olas, que no hac\u00edan falta ni nunca habr\u00eda comisiones de igualdad ni protocolos. No consiguieron asustarnos, hablamos con parlamentarias desde octubre de 2004, lo cual llev\u00f3 a que el parlamento espa\u00f1ol legislara en 2007 la obligatoriedad de las universidades de afrontar este problema. No obstante, dos responsables de igualdad de dos universidades que se comprometieron con sendas v\u00edctimas fueron apartadas del cargo. Cuando denunciamos a uno de los agresores cuyos acosos eran conocidos en muchas, sino todas las universidades espa\u00f1olas, se inici\u00f3 una nueva persecuci\u00f3n hacia nuestro centro, que ahora ha llegado al m\u00e1ximo justo coincidiendo con la posible reincorporaci\u00f3n de ese catedr\u00e1tico en la universidad.<\/p>\n<p style=\"text-align: left;\"><strong>\u00bfTodos los propagadores de rumores contra ustedes provienen del \u00e1mbito universitario? Si no es as\u00ed: \u00bfQu\u00e9 motivaciones pueden tener?<\/strong><\/p>\n<p style=\"text-align: left;\">Al grupo inicial que maneja los hilos, se unen muchas personas por diversos motivos, en algunos casos porque no hemos aceptado un uso corrupto e ilegal de los fondos de investigaci\u00f3n, porque no hemos aceptado pr\u00e1cticas fraudulentas en la investigaci\u00f3n, porque tenemos mucho \u00e9xito cient\u00edfico e internacional y eso puede provocar envidias, lideramos proyectos de investigaci\u00f3n competitivos a nivel internacional, porque publicamos en Harvard y en Cambridge, y tambi\u00e9n con algunas de las principales feministas como Judith Butler y autores\/as de diferentes disciplinas. Y porque tambi\u00e9n tienen mucho \u00e9xito los proyectos sociales y las entidades que nos piden apoyo. Incluso que colaboremos tan desinteresadamente con quienes nos lo piden, es algo que algunos no pueden resistir porque cuestiona sus pr\u00e1cticas habituales, sus chiringuitos.<\/p>\n<figure id=\"attachment_9649\" aria-describedby=\"caption-attachment-9649\" style=\"width: 324px\" class=\"wp-caption alignright\"><img decoding=\"async\" class=\"wp-image-9649 size-full\" src=\"https:\/\/www.revistarambla.com\/wp-content\/uploads\/2016\/07\/Rosa-03.jpg\" alt=\"Rosa-03\" width=\"324\" height=\"677\" \/><figcaption id=\"caption-attachment-9649\" class=\"wp-caption-text\">Rosa Valls<\/figcaption><\/figure>\n<p style=\"text-align: left;\"><strong>\u00bfHay castas intocables en la UB?<\/strong><\/p>\n<p style=\"text-align: left;\">Hay castas que eran intocables hasta que se rompi\u00f3 el silencio, tambi\u00e9n hasta que en este sentido se comenzaron a abrir las puertas de la universidad. Desde entonces, cada vez m\u00e1s estudiantes e incluso profesorado se est\u00e1n uniendo al movimiento por lograr violencia cero en las universidades, para acabar con las relaciones de poder que protegen a algunos en sus desmanes. La Universidad cambia poco a poco y ha de cambiar m\u00e1s, ha de ser m\u00e1s transparente, m\u00e1s democr\u00e1tica, m\u00e1s respetuosa, m\u00e1s responsable en prevenir injusticias internas y en resolverlas cuando se producen, protegiendo a las v\u00edctimas, poni\u00e9ndose claramente a su lado. Todav\u00eda muchos estudiantes no se quejan, no denuncian porque no saben que lo pueden hacer y tambi\u00e9n porque no se atreven a enfrentarse con el sistema, con el poder establecido. Cuando algunos rectores nos dec\u00edan, nunca habr\u00e1 comisiones de igualdad, nosotros les dec\u00edamos: las habr\u00e1 dentro de pocos a\u00f1os en todas las universidades. Ahora nos dicen, no habr\u00e1 redes solidarias de v\u00edctimas y les decimos las habr\u00e1 y ser\u00e1n cada vez m\u00e1s fuertes hasta lograr <em>bystander intervention<\/em>, todas y todos a una, que es la \u00fanica soluci\u00f3n a este problema.<\/p>\n<p style=\"text-align: left;\"><strong>\u00a0<\/strong><strong>\u00bfVan a tomar medidas legales?<\/strong><\/p>\n<p style=\"text-align: left;\">Hace un a\u00f1o denunciamos a la justicia y a la polic\u00eda esa campa\u00f1a an\u00f3nima. Ya hace tiempo que han comenzado a investigar. Esperamos que puedan llegar a la c\u00fapula y que todo el mundo pueda saber qui\u00e9nes est\u00e1n detr\u00e1s de esta campa\u00f1a.<\/p>\n<p style=\"text-align: left;\">Ya en el 2004 quien entonces era director de CREA recibi\u00f3 amenazas de muerte an\u00f3nimas a las 3 de la ma\u00f1ana, pero ahora se est\u00e1n generalizando las amenazas, incluso por la calle ya nos las han hecho y, lo que m\u00e1s nos duele, ya est\u00e1n sufriendo las consecuencias algunos de los hijos e hijas de las mujeres de CREA.<\/p>\n<p style=\"text-align: left;\"><strong>Si quiere a\u00f1adir algo m\u00e1s\u2026<\/strong><\/p>\n<p style=\"text-align: left;\">Solidaridad, feminismo, no sexismo, no violencia, igualdad, derechos humanos, no pueden ser palabras huecas, son palabras que exigen compromiso. Nosotras hemos asumido el coste profesional y personal de romper el silencio, de posicionarnos con claridad a favor de avanzar en luchas que son comunes, que trabajan a favor de un mundo mejor que el que tenemos, una Universidad mejor que la que nos encontramos. En un tiempo en el que los referentes morales y pol\u00edticos est\u00e1n cambiando r\u00e1pidamente, es importante juzgar a partir de lo que hacen las personas\u2026 obras son amores y no solo a partir de las etiquetas que interesadamente utilizan algunos y algunas para atribuirse m\u00e9ritos que no tienen.<\/p>\n<p style=\"text-align: left;\"><strong>Gracias.<\/strong><\/p>\n<p style=\"text-align: left;\"><strong>Rosa Valls <\/strong>es profesora titular de la UB y subdirectora de CREA (<em>Community of Research on excellence for all<\/em>). Fue la directora de la primera investigaci\u00f3n en Espa\u00f1a sobre <strong>Violencia de G\u00e9nero en la Universidad<\/strong>, los resultados se incluyeron en la <strong>Ley Espa\u00f1ola por la Igualdad Efectiva entre Mujeres y Hombres (2007<\/strong>), que llev\u00f3 a la creaci\u00f3n de las comisiones de igualdad y del primer protocolo de prevenci\u00f3n y actuaci\u00f3n frente al acoso sexual en las universidades espa\u00f1olas. Con solo 22 a\u00f1os, ya particip\u00f3 en las hist\u00f3ricas <strong>Jornadas Feministas de 1976<\/strong> en el paraninfo de UB. Desde entonces ha trabajado sin interrupci\u00f3n en <a href=\"https:\/\/eladelanto.wordpress.com\/\">los movimientos de mujeres de los barrios populares<\/a>.<\/p>","protected":false},"excerpt":{"rendered":"<p>La Universidad de Barcelona (UB) ha llevado a la fiscal\u00eda las denuncias por \u201cpr\u00e1cticas sectarias\u201d del centro de investigaci\u00f3n CREA que, desde 2004, viene denunciando casos de acoso sexual en la universidad. La cadena SER dio la noticia, la UB ha trasladado a la Audiencia Provincial de Barcelona tres denuncias [&hellip;]<\/p>\n","protected":false},"author":3,"featured_media":0,"comment_status":"open","ping_status":"open","sticky":false,"template":"","format":"standard","meta":{"footnotes":""},"categories":[3,59],"tags":[],"class_list":["post-9661","post","type-post","status-publish","format-standard","hentry","category-actualidad","category-catalunya"],"yoast_head":"<!-- This site is optimized with the Yoast SEO plugin v27.5 - https:\/\/yoast.com\/product\/yoast-seo-wordpress\/ -->\n<title>Rosa Valls: &quot;En la UB hay castas que eran intocables hasta que se rompi\u00f3 el silencio&quot; - Revista Rambla<\/title>\n<meta name=\"robots\" content=\"index, follow, max-snippet:-1, max-image-preview:large, max-video-preview:-1\" \/>\n<link rel=\"canonical\" href=\"https:\/\/www.revistarambla.com\/en\/rosa-valls-en-la-ub-hay-castas-que-eran-intocables-hasta-que-se-rompio-el-silencio\/\" \/>\n<meta property=\"og:locale\" content=\"en_GB\" \/>\n<meta property=\"og:type\" content=\"article\" \/>\n<meta property=\"og:title\" content=\"Rosa Valls: &quot;En la UB hay castas que eran intocables hasta que se rompi\u00f3 el silencio&quot; - Revista Rambla\" \/>\n<meta property=\"og:description\" content=\"La Universidad de Barcelona (UB) ha llevado a la fiscal\u00eda las denuncias por \u201cpr\u00e1cticas sectarias\u201d del centro de investigaci\u00f3n CREA que, desde 2004, viene denunciando casos de acoso sexual en la universidad. La cadena SER dio la noticia, la UB ha trasladado a la Audiencia Provincial de Barcelona tres denuncias [&hellip;]\" \/>\n<meta property=\"og:url\" content=\"https:\/\/www.revistarambla.com\/en\/rosa-valls-en-la-ub-hay-castas-que-eran-intocables-hasta-que-se-rompio-el-silencio\/\" \/>\n<meta property=\"og:site_name\" content=\"Revista Rambla\" \/>\n<meta property=\"article:publisher\" content=\"https:\/\/www.facebook.com\/revistarambla\/\" \/>\n<meta property=\"article:author\" content=\"https:\/\/www.facebook.com\/revistarambla\" \/>\n<meta property=\"article:published_time\" content=\"2016-07-16T04:46:24+00:00\" \/>\n<meta property=\"article:modified_time\" content=\"2021-04-09T11:04:24+00:00\" \/>\n<meta property=\"og:image\" content=\"https:\/\/i0.wp.com\/www.revistarambla.com\/wp-content\/uploads\/2016\/07\/Rosa-01.jpg?fit=682%2C432&ssl=1\" \/>\n\t<meta property=\"og:image:width\" content=\"682\" \/>\n\t<meta property=\"og:image:height\" content=\"432\" \/>\n\t<meta property=\"og:image:type\" content=\"image\/jpeg\" \/>\n<meta name=\"author\" content=\"R@mbla\" \/>\n<meta name=\"twitter:card\" content=\"summary_large_image\" \/>\n<meta name=\"twitter:creator\" content=\"@revistarambla\" \/>\n<meta name=\"twitter:site\" content=\"@revistarambla\" \/>\n<meta name=\"twitter:label1\" content=\"Written by\" \/>\n\t<meta name=\"twitter:data1\" content=\"R@mbla\" \/>\n\t<meta name=\"twitter:label2\" content=\"Estimated reading time\" \/>\n\t<meta name=\"twitter:data2\" content=\"9 minutes\" \/>\n<script type=\"application\/ld+json\" class=\"yoast-schema-graph\">{\"@context\":\"https:\\\/\\\/schema.org\",\"@graph\":[{\"@type\":\"Article\",\"@id\":\"https:\\\/\\\/www.revistarambla.com\\\/rosa-valls-en-la-ub-hay-castas-que-eran-intocables-hasta-que-se-rompio-el-silencio\\\/#article\",\"isPartOf\":{\"@id\":\"https:\\\/\\\/www.revistarambla.com\\\/rosa-valls-en-la-ub-hay-castas-que-eran-intocables-hasta-que-se-rompio-el-silencio\\\/\"},\"author\":{\"name\":\"R@mbla\",\"@id\":\"https:\\\/\\\/www.revistarambla.com\\\/#\\\/schema\\\/person\\\/a146a5a2550b94981a75131180e1bd9c\"},\"headline\":\"Rosa Valls: \u00abEn la UB hay castas que eran intocables hasta que se rompi\u00f3 el silencio\u00bb\",\"datePublished\":\"2016-07-16T04:46:24+00:00\",\"dateModified\":\"2021-04-09T11:04:24+00:00\",\"mainEntityOfPage\":{\"@id\":\"https:\\\/\\\/www.revistarambla.com\\\/rosa-valls-en-la-ub-hay-castas-que-eran-intocables-hasta-que-se-rompio-el-silencio\\\/\"},\"wordCount\":2074,\"commentCount\":0,\"publisher\":{\"@id\":\"https:\\\/\\\/www.revistarambla.com\\\/#organization\"},\"image\":{\"@id\":\"https:\\\/\\\/www.revistarambla.com\\\/rosa-valls-en-la-ub-hay-castas-que-eran-intocables-hasta-que-se-rompio-el-silencio\\\/#primaryimage\"},\"thumbnailUrl\":\"https:\\\/\\\/www.revistarambla.com\\\/wp-content\\\/uploads\\\/2016\\\/07\\\/Rosa-02.jpg\",\"articleSection\":[\"Actualidad\",\"Catalunya\"],\"inLanguage\":\"en-GB\",\"potentialAction\":[{\"@type\":\"CommentAction\",\"name\":\"Comment\",\"target\":[\"https:\\\/\\\/www.revistarambla.com\\\/rosa-valls-en-la-ub-hay-castas-que-eran-intocables-hasta-que-se-rompio-el-silencio\\\/#respond\"]}]},{\"@type\":\"WebPage\",\"@id\":\"https:\\\/\\\/www.revistarambla.com\\\/rosa-valls-en-la-ub-hay-castas-que-eran-intocables-hasta-que-se-rompio-el-silencio\\\/\",\"url\":\"https:\\\/\\\/www.revistarambla.com\\\/rosa-valls-en-la-ub-hay-castas-que-eran-intocables-hasta-que-se-rompio-el-silencio\\\/\",\"name\":\"Rosa Valls: \\\"En la UB hay castas que eran intocables hasta que se rompi\u00f3 el silencio\\\" - Revista Rambla\",\"isPartOf\":{\"@id\":\"https:\\\/\\\/www.revistarambla.com\\\/#website\"},\"primaryImageOfPage\":{\"@id\":\"https:\\\/\\\/www.revistarambla.com\\\/rosa-valls-en-la-ub-hay-castas-que-eran-intocables-hasta-que-se-rompio-el-silencio\\\/#primaryimage\"},\"image\":{\"@id\":\"https:\\\/\\\/www.revistarambla.com\\\/rosa-valls-en-la-ub-hay-castas-que-eran-intocables-hasta-que-se-rompio-el-silencio\\\/#primaryimage\"},\"thumbnailUrl\":\"https:\\\/\\\/www.revistarambla.com\\\/wp-content\\\/uploads\\\/2016\\\/07\\\/Rosa-02.jpg\",\"datePublished\":\"2016-07-16T04:46:24+00:00\",\"dateModified\":\"2021-04-09T11:04:24+00:00\",\"breadcrumb\":{\"@id\":\"https:\\\/\\\/www.revistarambla.com\\\/rosa-valls-en-la-ub-hay-castas-que-eran-intocables-hasta-que-se-rompio-el-silencio\\\/#breadcrumb\"},\"inLanguage\":\"en-GB\",\"potentialAction\":[{\"@type\":\"ReadAction\",\"target\":[\"https:\\\/\\\/www.revistarambla.com\\\/rosa-valls-en-la-ub-hay-castas-que-eran-intocables-hasta-que-se-rompio-el-silencio\\\/\"]}]},{\"@type\":\"ImageObject\",\"inLanguage\":\"en-GB\",\"@id\":\"https:\\\/\\\/www.revistarambla.com\\\/rosa-valls-en-la-ub-hay-castas-que-eran-intocables-hasta-que-se-rompio-el-silencio\\\/#primaryimage\",\"url\":\"https:\\\/\\\/www.revistarambla.com\\\/wp-content\\\/uploads\\\/2016\\\/07\\\/Rosa-02.jpg\",\"contentUrl\":\"https:\\\/\\\/www.revistarambla.com\\\/wp-content\\\/uploads\\\/2016\\\/07\\\/Rosa-02.jpg\"},{\"@type\":\"BreadcrumbList\",\"@id\":\"https:\\\/\\\/www.revistarambla.com\\\/rosa-valls-en-la-ub-hay-castas-que-eran-intocables-hasta-que-se-rompio-el-silencio\\\/#breadcrumb\",\"itemListElement\":[{\"@type\":\"ListItem\",\"position\":1,\"name\":\"Portada\",\"item\":\"https:\\\/\\\/www.revistarambla.com\\\/\"},{\"@type\":\"ListItem\",\"position\":2,\"name\":\"Rosa Valls: \u00abEn la UB hay castas que eran intocables hasta que se rompi\u00f3 el silencio\u00bb\"}]},{\"@type\":\"WebSite\",\"@id\":\"https:\\\/\\\/www.revistarambla.com\\\/#website\",\"url\":\"https:\\\/\\\/www.revistarambla.com\\\/\",\"name\":\"Revista Rambla Barcelona\",\"description\":\"Periodismo independiente\",\"publisher\":{\"@id\":\"https:\\\/\\\/www.revistarambla.com\\\/#organization\"},\"potentialAction\":[{\"@type\":\"SearchAction\",\"target\":{\"@type\":\"EntryPoint\",\"urlTemplate\":\"https:\\\/\\\/www.revistarambla.com\\\/?s={search_term_string}\"},\"query-input\":{\"@type\":\"PropertyValueSpecification\",\"valueRequired\":true,\"valueName\":\"search_term_string\"}}],\"inLanguage\":\"en-GB\"},{\"@type\":\"Organization\",\"@id\":\"https:\\\/\\\/www.revistarambla.com\\\/#organization\",\"name\":\"Revista Rambla\",\"url\":\"https:\\\/\\\/www.revistarambla.com\\\/\",\"logo\":{\"@type\":\"ImageObject\",\"inLanguage\":\"en-GB\",\"@id\":\"https:\\\/\\\/www.revistarambla.com\\\/#\\\/schema\\\/logo\\\/image\\\/\",\"url\":\"https:\\\/\\\/www.revistarambla.com\\\/wp-content\\\/uploads\\\/2020\\\/09\\\/banner_rambla_1900x600_BB.png\",\"contentUrl\":\"https:\\\/\\\/www.revistarambla.com\\\/wp-content\\\/uploads\\\/2020\\\/09\\\/banner_rambla_1900x600_BB.png\",\"width\":1900,\"height\":600,\"caption\":\"Revista Rambla\"},\"image\":{\"@id\":\"https:\\\/\\\/www.revistarambla.com\\\/#\\\/schema\\\/logo\\\/image\\\/\"},\"sameAs\":[\"https:\\\/\\\/www.facebook.com\\\/revistarambla\\\/\",\"https:\\\/\\\/x.com\\\/revistarambla\",\"https:\\\/\\\/www.instagram.com\\\/revista_rambla\",\"https:\\\/\\\/es.linkedin.com\\\/company\\\/revista-rambla\"]},{\"@type\":\"Person\",\"@id\":\"https:\\\/\\\/www.revistarambla.com\\\/#\\\/schema\\\/person\\\/a146a5a2550b94981a75131180e1bd9c\",\"name\":\"R@mbla\",\"description\":\"Este art\u00edculo ha sido redactado y\\\/o validado por el equipo de redacci\u00f3n de Revista Rambla.\",\"sameAs\":[\"https:\\\/\\\/www.revistarambla.com\\\/\",\"https:\\\/\\\/www.facebook.com\\\/revistarambla\",\"https:\\\/\\\/x.com\\\/revistarambla\"]}]}<\/script>\n<!-- \/ Yoast SEO plugin. -->","yoast_head_json":{"title":"Rosa Valls: \"En la UB hay castas que eran intocables hasta que se rompi\u00f3 el silencio\" - Revista Rambla","robots":{"index":"index","follow":"follow","max-snippet":"max-snippet:-1","max-image-preview":"max-image-preview:large","max-video-preview":"max-video-preview:-1"},"canonical":"https:\/\/www.revistarambla.com\/en\/rosa-valls-en-la-ub-hay-castas-que-eran-intocables-hasta-que-se-rompio-el-silencio\/","og_locale":"en_GB","og_type":"article","og_title":"Rosa Valls: \"En la UB hay castas que eran intocables hasta que se rompi\u00f3 el silencio\" - Revista Rambla","og_description":"La Universidad de Barcelona (UB) ha llevado a la fiscal\u00eda las denuncias por \u201cpr\u00e1cticas sectarias\u201d del centro de investigaci\u00f3n CREA que, desde 2004, viene denunciando casos de acoso sexual en la universidad. La cadena SER dio la noticia, la UB ha trasladado a la Audiencia Provincial de Barcelona tres denuncias [&hellip;]","og_url":"https:\/\/www.revistarambla.com\/en\/rosa-valls-en-la-ub-hay-castas-que-eran-intocables-hasta-que-se-rompio-el-silencio\/","og_site_name":"Revista Rambla","article_publisher":"https:\/\/www.facebook.com\/revistarambla\/","article_author":"https:\/\/www.facebook.com\/revistarambla","article_published_time":"2016-07-16T04:46:24+00:00","article_modified_time":"2021-04-09T11:04:24+00:00","og_image":[{"width":682,"height":432,"url":"https:\/\/i0.wp.com\/www.revistarambla.com\/wp-content\/uploads\/2016\/07\/Rosa-01.jpg?fit=682%2C432&ssl=1","type":"image\/jpeg"}],"author":"R@mbla","twitter_card":"summary_large_image","twitter_creator":"@revistarambla","twitter_site":"@revistarambla","twitter_misc":{"Written by":"R@mbla","Estimated reading time":"9 minutes"},"schema":{"@context":"https:\/\/schema.org","@graph":[{"@type":"Article","@id":"https:\/\/www.revistarambla.com\/rosa-valls-en-la-ub-hay-castas-que-eran-intocables-hasta-que-se-rompio-el-silencio\/#article","isPartOf":{"@id":"https:\/\/www.revistarambla.com\/rosa-valls-en-la-ub-hay-castas-que-eran-intocables-hasta-que-se-rompio-el-silencio\/"},"author":{"name":"R@mbla","@id":"https:\/\/www.revistarambla.com\/#\/schema\/person\/a146a5a2550b94981a75131180e1bd9c"},"headline":"Rosa Valls: \u00abEn la UB hay castas que eran intocables hasta que se rompi\u00f3 el silencio\u00bb","datePublished":"2016-07-16T04:46:24+00:00","dateModified":"2021-04-09T11:04:24+00:00","mainEntityOfPage":{"@id":"https:\/\/www.revistarambla.com\/rosa-valls-en-la-ub-hay-castas-que-eran-intocables-hasta-que-se-rompio-el-silencio\/"},"wordCount":2074,"commentCount":0,"publisher":{"@id":"https:\/\/www.revistarambla.com\/#organization"},"image":{"@id":"https:\/\/www.revistarambla.com\/rosa-valls-en-la-ub-hay-castas-que-eran-intocables-hasta-que-se-rompio-el-silencio\/#primaryimage"},"thumbnailUrl":"https:\/\/www.revistarambla.com\/wp-content\/uploads\/2016\/07\/Rosa-02.jpg","articleSection":["Actualidad","Catalunya"],"inLanguage":"en-GB","potentialAction":[{"@type":"CommentAction","name":"Comment","target":["https:\/\/www.revistarambla.com\/rosa-valls-en-la-ub-hay-castas-que-eran-intocables-hasta-que-se-rompio-el-silencio\/#respond"]}]},{"@type":"WebPage","@id":"https:\/\/www.revistarambla.com\/rosa-valls-en-la-ub-hay-castas-que-eran-intocables-hasta-que-se-rompio-el-silencio\/","url":"https:\/\/www.revistarambla.com\/rosa-valls-en-la-ub-hay-castas-que-eran-intocables-hasta-que-se-rompio-el-silencio\/","name":"Rosa Valls: \"En la UB hay castas que eran intocables hasta que se rompi\u00f3 el silencio\" - Revista Rambla","isPartOf":{"@id":"https:\/\/www.revistarambla.com\/#website"},"primaryImageOfPage":{"@id":"https:\/\/www.revistarambla.com\/rosa-valls-en-la-ub-hay-castas-que-eran-intocables-hasta-que-se-rompio-el-silencio\/#primaryimage"},"image":{"@id":"https:\/\/www.revistarambla.com\/rosa-valls-en-la-ub-hay-castas-que-eran-intocables-hasta-que-se-rompio-el-silencio\/#primaryimage"},"thumbnailUrl":"https:\/\/www.revistarambla.com\/wp-content\/uploads\/2016\/07\/Rosa-02.jpg","datePublished":"2016-07-16T04:46:24+00:00","dateModified":"2021-04-09T11:04:24+00:00","breadcrumb":{"@id":"https:\/\/www.revistarambla.com\/rosa-valls-en-la-ub-hay-castas-que-eran-intocables-hasta-que-se-rompio-el-silencio\/#breadcrumb"},"inLanguage":"en-GB","potentialAction":[{"@type":"ReadAction","target":["https:\/\/www.revistarambla.com\/rosa-valls-en-la-ub-hay-castas-que-eran-intocables-hasta-que-se-rompio-el-silencio\/"]}]},{"@type":"ImageObject","inLanguage":"en-GB","@id":"https:\/\/www.revistarambla.com\/rosa-valls-en-la-ub-hay-castas-que-eran-intocables-hasta-que-se-rompio-el-silencio\/#primaryimage","url":"https:\/\/www.revistarambla.com\/wp-content\/uploads\/2016\/07\/Rosa-02.jpg","contentUrl":"https:\/\/www.revistarambla.com\/wp-content\/uploads\/2016\/07\/Rosa-02.jpg"},{"@type":"BreadcrumbList","@id":"https:\/\/www.revistarambla.com\/rosa-valls-en-la-ub-hay-castas-que-eran-intocables-hasta-que-se-rompio-el-silencio\/#breadcrumb","itemListElement":[{"@type":"ListItem","position":1,"name":"Portada","item":"https:\/\/www.revistarambla.com\/"},{"@type":"ListItem","position":2,"name":"Rosa Valls: \u00abEn la UB hay castas que eran intocables hasta que se rompi\u00f3 el silencio\u00bb"}]},{"@type":"WebSite","@id":"https:\/\/www.revistarambla.com\/#website","url":"https:\/\/www.revistarambla.com\/","name":"Revista Rambla Barcelona","description":"Periodismo independiente","publisher":{"@id":"https:\/\/www.revistarambla.com\/#organization"},"potentialAction":[{"@type":"SearchAction","target":{"@type":"EntryPoint","urlTemplate":"https:\/\/www.revistarambla.com\/?s={search_term_string}"},"query-input":{"@type":"PropertyValueSpecification","valueRequired":true,"valueName":"search_term_string"}}],"inLanguage":"en-GB"},{"@type":"Organization","@id":"https:\/\/www.revistarambla.com\/#organization","name":"Revista Rambla","url":"https:\/\/www.revistarambla.com\/","logo":{"@type":"ImageObject","inLanguage":"en-GB","@id":"https:\/\/www.revistarambla.com\/#\/schema\/logo\/image\/","url":"https:\/\/www.revistarambla.com\/wp-content\/uploads\/2020\/09\/banner_rambla_1900x600_BB.png","contentUrl":"https:\/\/www.revistarambla.com\/wp-content\/uploads\/2020\/09\/banner_rambla_1900x600_BB.png","width":1900,"height":600,"caption":"Revista Rambla"},"image":{"@id":"https:\/\/www.revistarambla.com\/#\/schema\/logo\/image\/"},"sameAs":["https:\/\/www.facebook.com\/revistarambla\/","https:\/\/x.com\/revistarambla","https:\/\/www.instagram.com\/revista_rambla","https:\/\/es.linkedin.com\/company\/revista-rambla"]},{"@type":"Person","@id":"https:\/\/www.revistarambla.com\/#\/schema\/person\/a146a5a2550b94981a75131180e1bd9c","name":"R@mbla","description":"Este art\u00edculo ha sido redactado y\/o validado por el equipo de redacci\u00f3n de Revista Rambla.","sameAs":["https:\/\/www.revistarambla.com\/","https:\/\/www.facebook.com\/revistarambla","https:\/\/x.com\/revistarambla"]}]}},"_links":{"self":[{"href":"https:\/\/www.revistarambla.com\/en\/wp-json\/wp\/v2\/posts\/9661","targetHints":{"allow":["GET"]}}],"collection":[{"href":"https:\/\/www.revistarambla.com\/en\/wp-json\/wp\/v2\/posts"}],"about":[{"href":"https:\/\/www.revistarambla.com\/en\/wp-json\/wp\/v2\/types\/post"}],"author":[{"embeddable":true,"href":"https:\/\/www.revistarambla.com\/en\/wp-json\/wp\/v2\/users\/3"}],"replies":[{"embeddable":true,"href":"https:\/\/www.revistarambla.com\/en\/wp-json\/wp\/v2\/comments?post=9661"}],"version-history":[{"count":0,"href":"https:\/\/www.revistarambla.com\/en\/wp-json\/wp\/v2\/posts\/9661\/revisions"}],"wp:attachment":[{"href":"https:\/\/www.revistarambla.com\/en\/wp-json\/wp\/v2\/media?parent=9661"}],"wp:term":[{"taxonomy":"category","embeddable":true,"href":"https:\/\/www.revistarambla.com\/en\/wp-json\/wp\/v2\/categories?post=9661"},{"taxonomy":"post_tag","embeddable":true,"href":"https:\/\/www.revistarambla.com\/en\/wp-json\/wp\/v2\/tags?post=9661"}],"curies":[{"name":"wp","href":"https:\/\/api.w.org\/{rel}","templated":true}]}}