{"id":9622,"date":"2016-07-12T20:31:30","date_gmt":"2016-07-12T18:31:30","guid":{"rendered":"https:\/\/www.revistarambla.com\/?p=9622"},"modified":"2021-04-09T13:05:51","modified_gmt":"2021-04-09T11:05:51","slug":"barcelona-sale-a-la-calle-para-apoyar-a-la-comunidad-transexual","status":"publish","type":"post","link":"https:\/\/www.revistarambla.com\/en\/barcelona-sale-a-la-calle-para-apoyar-a-la-comunidad-transexual\/","title":{"rendered":"Barcelona sale a la calle para apoyar a la comunidad transexual"},"content":{"rendered":"<p style=\"text-align: left;\">Diversidad, fiesta y mucho calor. A pesar de las altas temperaturas, miles de personas han llenado este s\u00e1bado las calles de Barcelona por el Pride Parade, uno de los actos m\u00e1s esperados del festival gay que ha acogido la ciudad desde el 28 de junio. Este a\u00f1o, el desfile -que ha recorrido la avenida Paralelo desde plaza Espa\u00f1a hasta el Moll de la Fusta- ha sido capitaneada por el colectivo transexual bajo el lema \u00abPersonas Trans, tan comunes como diversxs\u00bb. El objetivo, seg\u00fan la organizaci\u00f3n, es dar protagonismo a la comunidad m\u00e1s perseguida del mundo LGTB y acelerar as\u00ed su normalizaci\u00f3n en la sociedad.<\/p>\n<figure id=\"attachment_9624\" aria-describedby=\"caption-attachment-9624\" style=\"width: 700px\" class=\"wp-caption aligncenter\"><img decoding=\"async\" class=\"wp-image-9624 size-full\" src=\"https:\/\/www.revistarambla.com\/wp-content\/uploads\/2016\/07\/gay-revistarambla-03.jpg\" alt=\"gay-revistarambla-03\" width=\"700\" height=\"412\" srcset=\"https:\/\/www.revistarambla.com\/wp-content\/uploads\/2016\/07\/gay-revistarambla-03.jpg 700w, https:\/\/www.revistarambla.com\/wp-content\/uploads\/2016\/07\/gay-revistarambla-03-300x177.jpg 300w, https:\/\/www.revistarambla.com\/wp-content\/uploads\/2016\/07\/gay-revistarambla-03-500x294.jpg 500w\" sizes=\"(max-width: 700px) 100vw, 700px\" \/><figcaption id=\"caption-attachment-9624\" class=\"wp-caption-text\">Foto: Francesc Sans<\/figcaption><\/figure>\n<p style=\"text-align: left;\">Entre banderas multicolor, m\u00fasica, bailes y carrozas; tambi\u00e9n ha habido espacio para reivindicaciones concretas con pancartas para la prevenci\u00f3n del sida, la defensa de familias homosexuales o en recuerdo de las v\u00edctimas del atentado contra una discoteca de ambiente el pasado 12 de junio en Orlando. Personas de todas las edades, condiciones sexuales y nacionalidades han amenizado un espect\u00e1culo en que espectadores y participantes se han fundido en una fiesta que termin\u00f3 a lo largo de la noche con actividades y conciertos programados en el Moll de la Fusta.<\/p>\n<p style=\"text-align: left;\">Asociaciones, colectivos sociales, empresas privadas, sindicatos o incluso partidos pol\u00edticos -C s, CDC, ERC, ICV o el PSC han conducido sus propias carrozas- han hecho posible esta celebraci\u00f3n. Y es que la sociedad catalana (casi) al completo ha querido reivindicar la igualdad e inclusi\u00f3n del colectivo LGTB: con el lema \u00abama como quieras en la Rep\u00fablica Catalana\u00bb, la ANC ha liderado una de las carrozas m\u00e1s multitudinarias. En algunos momentos del desfile, incluso se han podido o\u00edr algunos t\u00edmidos gritos por la Independencia.<\/p>\n<p style=\"text-align: left;\">La asociaci\u00f3n de polic\u00edas gays y lesbianas \u00abGaylespol\u00bb o la comunidad cristiana \u00abprotestantes inclusivos\u00bb tambi\u00e9n han querido unirse a la fiesta de la diversidad, que se ha desarrollado sin ning\u00fan tipo de incidente.<\/p>\n<p><img decoding=\"async\" class=\"wp-image-9625 size-full alignleft\" src=\"https:\/\/www.revistarambla.com\/wp-content\/uploads\/2016\/07\/gay-revistarambla-13.jpg\" alt=\"gay-revistarambla-13\" width=\"700\" height=\"464\" srcset=\"https:\/\/www.revistarambla.com\/wp-content\/uploads\/2016\/07\/gay-revistarambla-13.jpg 700w, https:\/\/www.revistarambla.com\/wp-content\/uploads\/2016\/07\/gay-revistarambla-13-300x199.jpg 300w, https:\/\/www.revistarambla.com\/wp-content\/uploads\/2016\/07\/gay-revistarambla-13-500x331.jpg 500w\" sizes=\"(max-width: 700px) 100vw, 700px\" \/><\/p>","protected":false},"excerpt":{"rendered":"<p>Diversidad, fiesta y mucho calor. A pesar de las altas temperaturas, miles de personas han llenado este s\u00e1bado las calles de Barcelona por el Pride Parade, uno de los actos m\u00e1s esperados del festival gay que ha acogido la ciudad desde el 28 de junio. Este a\u00f1o, el desfile -que [&hellip;]<\/p>\n","protected":false},"author":3,"featured_media":9623,"comment_status":"open","ping_status":"open","sticky":false,"template":"","format":"standard","meta":{"footnotes":""},"categories":[3,76],"tags":[],"class_list":["post-9622","post","type-post","status-publish","format-standard","has-post-thumbnail","hentry","category-actualidad","category-barcelona"],"yoast_head":"<!-- This site is optimized with the Yoast SEO plugin v27.5 - https:\/\/yoast.com\/product\/yoast-seo-wordpress\/ -->\n<title>Barcelona sale a la calle para apoyar a la comunidad transexual - Revista Rambla<\/title>\n<meta name=\"robots\" content=\"index, follow, max-snippet:-1, max-image-preview:large, max-video-preview:-1\" \/>\n<link rel=\"canonical\" href=\"https:\/\/www.revistarambla.com\/en\/barcelona-sale-a-la-calle-para-apoyar-a-la-comunidad-transexual\/\" \/>\n<meta property=\"og:locale\" content=\"en_GB\" \/>\n<meta property=\"og:type\" content=\"article\" \/>\n<meta property=\"og:title\" content=\"Barcelona sale a la calle para apoyar a la comunidad transexual - Revista Rambla\" \/>\n<meta property=\"og:description\" content=\"Diversidad, fiesta y mucho calor. A pesar de las altas temperaturas, miles de personas han llenado este s\u00e1bado las calles de Barcelona por el Pride Parade, uno de los actos m\u00e1s esperados del festival gay que ha acogido la ciudad desde el 28 de junio. Este a\u00f1o, el desfile -que [&hellip;]\" \/>\n<meta property=\"og:url\" content=\"https:\/\/www.revistarambla.com\/en\/barcelona-sale-a-la-calle-para-apoyar-a-la-comunidad-transexual\/\" \/>\n<meta property=\"og:site_name\" content=\"Revista Rambla\" \/>\n<meta property=\"article:publisher\" content=\"https:\/\/www.facebook.com\/revistarambla\/\" \/>\n<meta property=\"article:author\" content=\"https:\/\/www.facebook.com\/revistarambla\" \/>\n<meta property=\"article:published_time\" content=\"2016-07-12T18:31:30+00:00\" \/>\n<meta property=\"article:modified_time\" content=\"2021-04-09T11:05:51+00:00\" \/>\n<meta property=\"og:image\" content=\"https:\/\/i0.wp.com\/www.revistarambla.com\/wp-content\/uploads\/2016\/07\/gay-revistarambla-01.jpg?fit=700%2C466&ssl=1\" \/>\n\t<meta property=\"og:image:width\" content=\"700\" \/>\n\t<meta property=\"og:image:height\" content=\"466\" \/>\n\t<meta property=\"og:image:type\" content=\"image\/jpeg\" \/>\n<meta name=\"author\" content=\"R@mbla\" \/>\n<meta name=\"twitter:card\" content=\"summary_large_image\" \/>\n<meta name=\"twitter:creator\" content=\"@revistarambla\" \/>\n<meta name=\"twitter:site\" content=\"@revistarambla\" \/>\n<meta name=\"twitter:label1\" content=\"Written by\" \/>\n\t<meta name=\"twitter:data1\" content=\"R@mbla\" \/>\n\t<meta name=\"twitter:label2\" content=\"Estimated reading time\" \/>\n\t<meta name=\"twitter:data2\" content=\"2 minutes\" \/>\n<script type=\"application\/ld+json\" class=\"yoast-schema-graph\">{\"@context\":\"https:\\\/\\\/schema.org\",\"@graph\":[{\"@type\":\"Article\",\"@id\":\"https:\\\/\\\/www.revistarambla.com\\\/barcelona-sale-a-la-calle-para-apoyar-a-la-comunidad-transexual\\\/#article\",\"isPartOf\":{\"@id\":\"https:\\\/\\\/www.revistarambla.com\\\/barcelona-sale-a-la-calle-para-apoyar-a-la-comunidad-transexual\\\/\"},\"author\":{\"name\":\"R@mbla\",\"@id\":\"https:\\\/\\\/www.revistarambla.com\\\/#\\\/schema\\\/person\\\/a146a5a2550b94981a75131180e1bd9c\"},\"headline\":\"Barcelona sale a la calle para apoyar a la comunidad transexual\",\"datePublished\":\"2016-07-12T18:31:30+00:00\",\"dateModified\":\"2021-04-09T11:05:51+00:00\",\"mainEntityOfPage\":{\"@id\":\"https:\\\/\\\/www.revistarambla.com\\\/barcelona-sale-a-la-calle-para-apoyar-a-la-comunidad-transexual\\\/\"},\"wordCount\":352,\"commentCount\":0,\"publisher\":{\"@id\":\"https:\\\/\\\/www.revistarambla.com\\\/#organization\"},\"image\":{\"@id\":\"https:\\\/\\\/www.revistarambla.com\\\/barcelona-sale-a-la-calle-para-apoyar-a-la-comunidad-transexual\\\/#primaryimage\"},\"thumbnailUrl\":\"https:\\\/\\\/www.revistarambla.com\\\/wp-content\\\/uploads\\\/2016\\\/07\\\/gay-revistarambla-01.jpg\",\"articleSection\":[\"Actualidad\",\"Barcelona\"],\"inLanguage\":\"en-GB\",\"potentialAction\":[{\"@type\":\"CommentAction\",\"name\":\"Comment\",\"target\":[\"https:\\\/\\\/www.revistarambla.com\\\/barcelona-sale-a-la-calle-para-apoyar-a-la-comunidad-transexual\\\/#respond\"]}]},{\"@type\":\"WebPage\",\"@id\":\"https:\\\/\\\/www.revistarambla.com\\\/barcelona-sale-a-la-calle-para-apoyar-a-la-comunidad-transexual\\\/\",\"url\":\"https:\\\/\\\/www.revistarambla.com\\\/barcelona-sale-a-la-calle-para-apoyar-a-la-comunidad-transexual\\\/\",\"name\":\"Barcelona sale a la calle para apoyar a la comunidad transexual - Revista Rambla\",\"isPartOf\":{\"@id\":\"https:\\\/\\\/www.revistarambla.com\\\/#website\"},\"primaryImageOfPage\":{\"@id\":\"https:\\\/\\\/www.revistarambla.com\\\/barcelona-sale-a-la-calle-para-apoyar-a-la-comunidad-transexual\\\/#primaryimage\"},\"image\":{\"@id\":\"https:\\\/\\\/www.revistarambla.com\\\/barcelona-sale-a-la-calle-para-apoyar-a-la-comunidad-transexual\\\/#primaryimage\"},\"thumbnailUrl\":\"https:\\\/\\\/www.revistarambla.com\\\/wp-content\\\/uploads\\\/2016\\\/07\\\/gay-revistarambla-01.jpg\",\"datePublished\":\"2016-07-12T18:31:30+00:00\",\"dateModified\":\"2021-04-09T11:05:51+00:00\",\"breadcrumb\":{\"@id\":\"https:\\\/\\\/www.revistarambla.com\\\/barcelona-sale-a-la-calle-para-apoyar-a-la-comunidad-transexual\\\/#breadcrumb\"},\"inLanguage\":\"en-GB\",\"potentialAction\":[{\"@type\":\"ReadAction\",\"target\":[\"https:\\\/\\\/www.revistarambla.com\\\/barcelona-sale-a-la-calle-para-apoyar-a-la-comunidad-transexual\\\/\"]}]},{\"@type\":\"ImageObject\",\"inLanguage\":\"en-GB\",\"@id\":\"https:\\\/\\\/www.revistarambla.com\\\/barcelona-sale-a-la-calle-para-apoyar-a-la-comunidad-transexual\\\/#primaryimage\",\"url\":\"https:\\\/\\\/www.revistarambla.com\\\/wp-content\\\/uploads\\\/2016\\\/07\\\/gay-revistarambla-01.jpg\",\"contentUrl\":\"https:\\\/\\\/www.revistarambla.com\\\/wp-content\\\/uploads\\\/2016\\\/07\\\/gay-revistarambla-01.jpg\",\"width\":700,\"height\":466},{\"@type\":\"BreadcrumbList\",\"@id\":\"https:\\\/\\\/www.revistarambla.com\\\/barcelona-sale-a-la-calle-para-apoyar-a-la-comunidad-transexual\\\/#breadcrumb\",\"itemListElement\":[{\"@type\":\"ListItem\",\"position\":1,\"name\":\"Portada\",\"item\":\"https:\\\/\\\/www.revistarambla.com\\\/\"},{\"@type\":\"ListItem\",\"position\":2,\"name\":\"Barcelona sale a la calle para apoyar a la comunidad transexual\"}]},{\"@type\":\"WebSite\",\"@id\":\"https:\\\/\\\/www.revistarambla.com\\\/#website\",\"url\":\"https:\\\/\\\/www.revistarambla.com\\\/\",\"name\":\"Revista Rambla Barcelona\",\"description\":\"Periodismo independiente\",\"publisher\":{\"@id\":\"https:\\\/\\\/www.revistarambla.com\\\/#organization\"},\"potentialAction\":[{\"@type\":\"SearchAction\",\"target\":{\"@type\":\"EntryPoint\",\"urlTemplate\":\"https:\\\/\\\/www.revistarambla.com\\\/?s={search_term_string}\"},\"query-input\":{\"@type\":\"PropertyValueSpecification\",\"valueRequired\":true,\"valueName\":\"search_term_string\"}}],\"inLanguage\":\"en-GB\"},{\"@type\":\"Organization\",\"@id\":\"https:\\\/\\\/www.revistarambla.com\\\/#organization\",\"name\":\"Revista Rambla\",\"url\":\"https:\\\/\\\/www.revistarambla.com\\\/\",\"logo\":{\"@type\":\"ImageObject\",\"inLanguage\":\"en-GB\",\"@id\":\"https:\\\/\\\/www.revistarambla.com\\\/#\\\/schema\\\/logo\\\/image\\\/\",\"url\":\"https:\\\/\\\/www.revistarambla.com\\\/wp-content\\\/uploads\\\/2020\\\/09\\\/banner_rambla_1900x600_BB.png\",\"contentUrl\":\"https:\\\/\\\/www.revistarambla.com\\\/wp-content\\\/uploads\\\/2020\\\/09\\\/banner_rambla_1900x600_BB.png\",\"width\":1900,\"height\":600,\"caption\":\"Revista Rambla\"},\"image\":{\"@id\":\"https:\\\/\\\/www.revistarambla.com\\\/#\\\/schema\\\/logo\\\/image\\\/\"},\"sameAs\":[\"https:\\\/\\\/www.facebook.com\\\/revistarambla\\\/\",\"https:\\\/\\\/x.com\\\/revistarambla\",\"https:\\\/\\\/www.instagram.com\\\/revista_rambla\",\"https:\\\/\\\/es.linkedin.com\\\/company\\\/revista-rambla\"]},{\"@type\":\"Person\",\"@id\":\"https:\\\/\\\/www.revistarambla.com\\\/#\\\/schema\\\/person\\\/a146a5a2550b94981a75131180e1bd9c\",\"name\":\"R@mbla\",\"description\":\"Este art\u00edculo ha sido redactado y\\\/o validado por el equipo de redacci\u00f3n de Revista Rambla.\",\"sameAs\":[\"https:\\\/\\\/www.revistarambla.com\\\/\",\"https:\\\/\\\/www.facebook.com\\\/revistarambla\",\"https:\\\/\\\/x.com\\\/revistarambla\"]}]}<\/script>\n<!-- \/ Yoast SEO plugin. -->","yoast_head_json":{"title":"Barcelona sale a la calle para apoyar a la comunidad transexual - Revista Rambla","robots":{"index":"index","follow":"follow","max-snippet":"max-snippet:-1","max-image-preview":"max-image-preview:large","max-video-preview":"max-video-preview:-1"},"canonical":"https:\/\/www.revistarambla.com\/en\/barcelona-sale-a-la-calle-para-apoyar-a-la-comunidad-transexual\/","og_locale":"en_GB","og_type":"article","og_title":"Barcelona sale a la calle para apoyar a la comunidad transexual - Revista Rambla","og_description":"Diversidad, fiesta y mucho calor. A pesar de las altas temperaturas, miles de personas han llenado este s\u00e1bado las calles de Barcelona por el Pride Parade, uno de los actos m\u00e1s esperados del festival gay que ha acogido la ciudad desde el 28 de junio. Este a\u00f1o, el desfile -que [&hellip;]","og_url":"https:\/\/www.revistarambla.com\/en\/barcelona-sale-a-la-calle-para-apoyar-a-la-comunidad-transexual\/","og_site_name":"Revista Rambla","article_publisher":"https:\/\/www.facebook.com\/revistarambla\/","article_author":"https:\/\/www.facebook.com\/revistarambla","article_published_time":"2016-07-12T18:31:30+00:00","article_modified_time":"2021-04-09T11:05:51+00:00","og_image":[{"width":700,"height":466,"url":"https:\/\/i0.wp.com\/www.revistarambla.com\/wp-content\/uploads\/2016\/07\/gay-revistarambla-01.jpg?fit=700%2C466&ssl=1","type":"image\/jpeg"}],"author":"R@mbla","twitter_card":"summary_large_image","twitter_creator":"@revistarambla","twitter_site":"@revistarambla","twitter_misc":{"Written by":"R@mbla","Estimated reading time":"2 minutes"},"schema":{"@context":"https:\/\/schema.org","@graph":[{"@type":"Article","@id":"https:\/\/www.revistarambla.com\/barcelona-sale-a-la-calle-para-apoyar-a-la-comunidad-transexual\/#article","isPartOf":{"@id":"https:\/\/www.revistarambla.com\/barcelona-sale-a-la-calle-para-apoyar-a-la-comunidad-transexual\/"},"author":{"name":"R@mbla","@id":"https:\/\/www.revistarambla.com\/#\/schema\/person\/a146a5a2550b94981a75131180e1bd9c"},"headline":"Barcelona sale a la calle para apoyar a la comunidad transexual","datePublished":"2016-07-12T18:31:30+00:00","dateModified":"2021-04-09T11:05:51+00:00","mainEntityOfPage":{"@id":"https:\/\/www.revistarambla.com\/barcelona-sale-a-la-calle-para-apoyar-a-la-comunidad-transexual\/"},"wordCount":352,"commentCount":0,"publisher":{"@id":"https:\/\/www.revistarambla.com\/#organization"},"image":{"@id":"https:\/\/www.revistarambla.com\/barcelona-sale-a-la-calle-para-apoyar-a-la-comunidad-transexual\/#primaryimage"},"thumbnailUrl":"https:\/\/www.revistarambla.com\/wp-content\/uploads\/2016\/07\/gay-revistarambla-01.jpg","articleSection":["Actualidad","Barcelona"],"inLanguage":"en-GB","potentialAction":[{"@type":"CommentAction","name":"Comment","target":["https:\/\/www.revistarambla.com\/barcelona-sale-a-la-calle-para-apoyar-a-la-comunidad-transexual\/#respond"]}]},{"@type":"WebPage","@id":"https:\/\/www.revistarambla.com\/barcelona-sale-a-la-calle-para-apoyar-a-la-comunidad-transexual\/","url":"https:\/\/www.revistarambla.com\/barcelona-sale-a-la-calle-para-apoyar-a-la-comunidad-transexual\/","name":"Barcelona sale a la calle para apoyar a la comunidad transexual - Revista Rambla","isPartOf":{"@id":"https:\/\/www.revistarambla.com\/#website"},"primaryImageOfPage":{"@id":"https:\/\/www.revistarambla.com\/barcelona-sale-a-la-calle-para-apoyar-a-la-comunidad-transexual\/#primaryimage"},"image":{"@id":"https:\/\/www.revistarambla.com\/barcelona-sale-a-la-calle-para-apoyar-a-la-comunidad-transexual\/#primaryimage"},"thumbnailUrl":"https:\/\/www.revistarambla.com\/wp-content\/uploads\/2016\/07\/gay-revistarambla-01.jpg","datePublished":"2016-07-12T18:31:30+00:00","dateModified":"2021-04-09T11:05:51+00:00","breadcrumb":{"@id":"https:\/\/www.revistarambla.com\/barcelona-sale-a-la-calle-para-apoyar-a-la-comunidad-transexual\/#breadcrumb"},"inLanguage":"en-GB","potentialAction":[{"@type":"ReadAction","target":["https:\/\/www.revistarambla.com\/barcelona-sale-a-la-calle-para-apoyar-a-la-comunidad-transexual\/"]}]},{"@type":"ImageObject","inLanguage":"en-GB","@id":"https:\/\/www.revistarambla.com\/barcelona-sale-a-la-calle-para-apoyar-a-la-comunidad-transexual\/#primaryimage","url":"https:\/\/www.revistarambla.com\/wp-content\/uploads\/2016\/07\/gay-revistarambla-01.jpg","contentUrl":"https:\/\/www.revistarambla.com\/wp-content\/uploads\/2016\/07\/gay-revistarambla-01.jpg","width":700,"height":466},{"@type":"BreadcrumbList","@id":"https:\/\/www.revistarambla.com\/barcelona-sale-a-la-calle-para-apoyar-a-la-comunidad-transexual\/#breadcrumb","itemListElement":[{"@type":"ListItem","position":1,"name":"Portada","item":"https:\/\/www.revistarambla.com\/"},{"@type":"ListItem","position":2,"name":"Barcelona sale a la calle para apoyar a la comunidad transexual"}]},{"@type":"WebSite","@id":"https:\/\/www.revistarambla.com\/#website","url":"https:\/\/www.revistarambla.com\/","name":"Revista Rambla Barcelona","description":"Periodismo independiente","publisher":{"@id":"https:\/\/www.revistarambla.com\/#organization"},"potentialAction":[{"@type":"SearchAction","target":{"@type":"EntryPoint","urlTemplate":"https:\/\/www.revistarambla.com\/?s={search_term_string}"},"query-input":{"@type":"PropertyValueSpecification","valueRequired":true,"valueName":"search_term_string"}}],"inLanguage":"en-GB"},{"@type":"Organization","@id":"https:\/\/www.revistarambla.com\/#organization","name":"Revista Rambla","url":"https:\/\/www.revistarambla.com\/","logo":{"@type":"ImageObject","inLanguage":"en-GB","@id":"https:\/\/www.revistarambla.com\/#\/schema\/logo\/image\/","url":"https:\/\/www.revistarambla.com\/wp-content\/uploads\/2020\/09\/banner_rambla_1900x600_BB.png","contentUrl":"https:\/\/www.revistarambla.com\/wp-content\/uploads\/2020\/09\/banner_rambla_1900x600_BB.png","width":1900,"height":600,"caption":"Revista Rambla"},"image":{"@id":"https:\/\/www.revistarambla.com\/#\/schema\/logo\/image\/"},"sameAs":["https:\/\/www.facebook.com\/revistarambla\/","https:\/\/x.com\/revistarambla","https:\/\/www.instagram.com\/revista_rambla","https:\/\/es.linkedin.com\/company\/revista-rambla"]},{"@type":"Person","@id":"https:\/\/www.revistarambla.com\/#\/schema\/person\/a146a5a2550b94981a75131180e1bd9c","name":"R@mbla","description":"Este art\u00edculo ha sido redactado y\/o validado por el equipo de redacci\u00f3n de Revista Rambla.","sameAs":["https:\/\/www.revistarambla.com\/","https:\/\/www.facebook.com\/revistarambla","https:\/\/x.com\/revistarambla"]}]}},"_links":{"self":[{"href":"https:\/\/www.revistarambla.com\/en\/wp-json\/wp\/v2\/posts\/9622","targetHints":{"allow":["GET"]}}],"collection":[{"href":"https:\/\/www.revistarambla.com\/en\/wp-json\/wp\/v2\/posts"}],"about":[{"href":"https:\/\/www.revistarambla.com\/en\/wp-json\/wp\/v2\/types\/post"}],"author":[{"embeddable":true,"href":"https:\/\/www.revistarambla.com\/en\/wp-json\/wp\/v2\/users\/3"}],"replies":[{"embeddable":true,"href":"https:\/\/www.revistarambla.com\/en\/wp-json\/wp\/v2\/comments?post=9622"}],"version-history":[{"count":0,"href":"https:\/\/www.revistarambla.com\/en\/wp-json\/wp\/v2\/posts\/9622\/revisions"}],"wp:featuredmedia":[{"embeddable":true,"href":"https:\/\/www.revistarambla.com\/en\/wp-json\/wp\/v2\/media\/9623"}],"wp:attachment":[{"href":"https:\/\/www.revistarambla.com\/en\/wp-json\/wp\/v2\/media?parent=9622"}],"wp:term":[{"taxonomy":"category","embeddable":true,"href":"https:\/\/www.revistarambla.com\/en\/wp-json\/wp\/v2\/categories?post=9622"},{"taxonomy":"post_tag","embeddable":true,"href":"https:\/\/www.revistarambla.com\/en\/wp-json\/wp\/v2\/tags?post=9622"}],"curies":[{"name":"wp","href":"https:\/\/api.w.org\/{rel}","templated":true}]}}