{"id":950,"date":"2011-05-26T03:26:36","date_gmt":"2011-05-26T03:26:36","guid":{"rendered":"https:\/\/www.revistarambla.com\/los-recortes-en-sanidad-o-la-jaca-del-tio-cucharon\/"},"modified":"2021-04-28T21:39:10","modified_gmt":"2021-04-28T19:39:10","slug":"los-recortes-en-sanidad-o-la-jaca-del-tio-cucharon","status":"publish","type":"post","link":"https:\/\/www.revistarambla.com\/en\/los-recortes-en-sanidad-o-la-jaca-del-tio-cucharon\/","title":{"rendered":"Los recortes en sanidad, o la jaca del T\u00edo Cuchar\u00f3n"},"content":{"rendered":"<p><a href=\"https:\/\/www.revistarambla.com\/wp-content\/uploads\/2011\/05\/hebron2.jpg\"><img decoding=\"async\" class=\"aligncenter wp-image-949 size-full\" src=\"https:\/\/www.revistarambla.com\/wp-content\/uploads\/2011\/05\/hebron2.jpg\" alt=\"reortes sanidad\" width=\"550\" height=\"296\" srcset=\"https:\/\/www.revistarambla.com\/wp-content\/uploads\/2011\/05\/hebron2.jpg 550w, https:\/\/www.revistarambla.com\/wp-content\/uploads\/2011\/05\/hebron2-300x161.jpg 300w, https:\/\/www.revistarambla.com\/wp-content\/uploads\/2011\/05\/hebron2-500x269.jpg 500w\" sizes=\"(max-width: 550px) 100vw, 550px\" \/><\/a><\/p>\n<p>Otro mi\u00e9rcoles m\u00e1s -otro episodio m\u00e1s- en las protestas convocadas desde los hospitales p\u00fablicos en contra de los recortes en sanidad implantados por la Generalitat de Catalunya. En esta ocasi\u00f3n, la Revista R@mbla se desplaz\u00f3 hasta el Hospital de la Vall d&#8217;Hebron, donde los recortes presupuestarios se han plasmado de diversas formas: reducci\u00f3n de plantilla, supresi\u00f3n de la contrataci\u00f3n eventual, reducci\u00f3n de la guardia de especialidades m\u00e9dicas, cierre de plantas, etc\u00e9tera.<\/p>\n<h3><strong>Duelo al sol (con meg\u00e1fono)<\/strong><\/h3>\n<p>A las 13h cerca de sesenta personas -la gran mayor\u00eda con relucientes batas blancas- se debat\u00edan sobre la conveniencia o no de cortar la Ronda de Dalt a su paso por el Hospital del Vall d&#8217;Hebron. Una mujer, meg\u00e1fono en mano, denunciaba que las protestas contaban cada vez con menor n\u00famero de asistentes, y que para futuras convocatorias era necesario hacer un llamamiento al compromiso de todo el mundo; tambi\u00e9n propon\u00eda para la protesta en curso no cortar la Ronda de Dalt, apostando por un recorrido alternativo a la par que mucho menos vistoso. El meg\u00e1fono cambi\u00f3 de manos, y un hombre record\u00f3 que durante la Asamblea en Pla\u00e7a de Catalunya del d\u00eda anterior, se acord\u00f3 cortar el tr\u00e1fico de la Ronda de Dalt. De nuevo, el meg\u00e1fono regres\u00f3 a manos de la mujer, que hizo valer la soberan\u00eda de la asamblea realizada en el hospital donde, en efecto, se hab\u00eda aprobado una acci\u00f3n que no incluyera la acci\u00f3n de la Ronda de Dalt.<\/p>\n<p>De este modo, se inici\u00f3 una marcha que deb\u00eda consistir en cruzar por uno de los puentes de la Ronda, regresar por otro puente, entrar en el edificio de Maternidad, protestar en los comedores y volver al punto de partida. Cuando el primer puente ya hab\u00eda sido atravesado, a la altura de la salida n\u00famero 5, los manifestantes observaron con algo de desconcierto que la Ronda estaba desierta: ni un veh\u00edculo asomaba. La polic\u00eda se hab\u00eda anticipado, cortando el tr\u00e1fico y atajando de ra\u00edz cualquier discusi\u00f3n previa. Hubo dudas: improvisar sobre lo decidido o mantenerse fiel a la propuesta adoptada. Finalmente, la decisi\u00f3n tomada en asamblea se respet\u00f3 y el conjunto de los manifestantes no tom\u00f3 la entrada 5 para hacer suya la Ronda. Tan s\u00f3lo tres j\u00f3venes se dieron el gusto de cruzar una Ronda de Dalt desnuda para ellos solos.<\/p>\n<h3><strong>La sabidur\u00eda popular pone la guinda<\/strong><\/h3>\n<p>\u201cNo hab\u00e9is venido el mejor d\u00eda\u201d, dice <strong>Concha Corbal\u00e1n<\/strong>, integrante de la <strong>Junta de Personal<\/strong> y de <strong>CATAC<\/strong> (Candidatura Aut\u00f2noma de Treballadors i Treballadores de Catalunya). Respecto a c\u00f3mo afectar\u00e1n los recortes al Hospital de la Vall d&#8217;Hebron, Corbal\u00e1n afirma que \u201cni ellos [los responsables de los recortes] saben c\u00f3mo va afectar. Lo primero que han hecho ha sido cerrar casi el 50% de las camas, las operaciones de las tardes ya las han suprimido,&#8230; Tambi\u00e9n estamos sorprendidos porque no est\u00e1 ingresando el n\u00famero global de personas que acostumbra, por lo que deben estar desviando. <strong>Esto es el desmantelamiento de la sanidad p\u00fablica<\/strong>. Que todo el mundo lo tenga claro\u201d Y a\u00f1ade: \u201cCerraron dos plantas de tor\u00e1cica, que finalmente conseguimos reabrir, pero en un plan muy bestia que no podemos hacer cada d\u00eda&#8230;\u201d.<\/p>\n<p>De vuelta a casa, esperando en la parada del autob\u00fas, una anciana con ganas de largar me asalta: \u201c\u00bfSabe usted, joven? Esto de la sanidad me recuerda a la jaca del t\u00edo Cuchar\u00f3n\u201d. Ante mi total asombro, la buena mujer -que sab\u00eda c\u00f3mo hacerse la interesante- continu\u00f3: \u201cEl t\u00edo Cuchar\u00f3n bajaba al bar del pueblo y siempre fanfarroneaba con que, para ahorrar, ten\u00eda una idea genial: iba a ense\u00f1ar a su jaca a vivir sin comer. Y as\u00ed un d\u00eda tras otro. Y los presentes siempre le preguntaban al verlo entrar: <em>\u00bfQu\u00e9, t\u00edo Cuchar\u00f3n? \u00bfYa has ense\u00f1ado a tu jaca a vivir sin comer?<\/em>. Y el t\u00edo Cuchar\u00f3n que siempre respond\u00eda: <em>Ah\u00ed estamos, ya va comiendo menos, ya va comiendo menos&#8230;.<\/em> Hasta que cierto d\u00eda, el t\u00edo Cuchar\u00f3n entr\u00f3 en el bar con una cara de mil demonios y cuando los tertulianos, como siempre, le preguntaron: \u00bf<em>Qu\u00e9, t\u00edo Cuchar\u00f3n? \u00bfYa has ense\u00f1ado a tu jaca a vivir sin comer?<\/em>, el t\u00edo Cuchar\u00f3n respondi\u00f3: <em>S\u00ed, por fin aprendi\u00f3 a no comer&#8230; Pero ayer, la muy desgraciada, se me muri\u00f3<\/em>.\u201d<\/p>\n","protected":false},"excerpt":{"rendered":"<p>Otro mi\u00e9rcoles m\u00e1s -otro episodio m\u00e1s- en las protestas convocadas desde los hospitales p\u00fablicos en contra de los recortes en sanidad implantados por la Generalitat de Catalunya. En esta ocasi\u00f3n, la Revista R@mbla se desplaz\u00f3 hasta el Hospital de la Vall d&#8217;Hebron, donde los recortes presupuestarios se han plasmado de [&hellip;]<\/p>\n","protected":false},"author":1,"featured_media":0,"comment_status":"open","ping_status":"open","sticky":false,"template":"","format":"standard","meta":{"footnotes":""},"categories":[3,76],"tags":[],"class_list":["post-950","post","type-post","status-publish","format-standard","hentry","category-actualidad","category-barcelona"],"yoast_head":"<!-- This site is optimized with the Yoast SEO plugin v27.5 - https:\/\/yoast.com\/product\/yoast-seo-wordpress\/ -->\n<title>Los recortes en sanidad, o la jaca del T\u00edo Cuchar\u00f3n - Revista Rambla<\/title>\n<meta name=\"description\" content=\"Otro mi\u00e9rcoles m\u00e1s -otro episodio m\u00e1s- en las protestas convocadas desde los hospitales p\u00fablicos en contra de los recortes en sanidad implantados por...\" \/>\n<meta name=\"robots\" content=\"index, follow, max-snippet:-1, max-image-preview:large, max-video-preview:-1\" \/>\n<link rel=\"canonical\" href=\"https:\/\/www.revistarambla.com\/en\/los-recortes-en-sanidad-o-la-jaca-del-tio-cucharon\/\" \/>\n<meta property=\"og:locale\" content=\"en_GB\" \/>\n<meta property=\"og:type\" content=\"article\" \/>\n<meta property=\"og:title\" content=\"Los recortes en sanidad, o la jaca del T\u00edo Cuchar\u00f3n - Revista Rambla\" \/>\n<meta property=\"og:description\" content=\"Otro mi\u00e9rcoles m\u00e1s -otro episodio m\u00e1s- en las protestas convocadas desde los hospitales p\u00fablicos en contra de los recortes en sanidad implantados por...\" \/>\n<meta property=\"og:url\" content=\"https:\/\/www.revistarambla.com\/en\/los-recortes-en-sanidad-o-la-jaca-del-tio-cucharon\/\" \/>\n<meta property=\"og:site_name\" content=\"Revista Rambla\" \/>\n<meta property=\"article:publisher\" content=\"https:\/\/www.facebook.com\/revistarambla\/\" \/>\n<meta property=\"article:published_time\" content=\"2011-05-26T03:26:36+00:00\" \/>\n<meta property=\"article:modified_time\" content=\"2021-04-28T19:39:10+00:00\" \/>\n<meta property=\"og:image\" content=\"https:\/\/i0.wp.com\/www.revistarambla.com\/wp-content\/uploads\/2011\/05\/hebron1.jpg?fit=250%2C167&ssl=1\" \/>\n\t<meta property=\"og:image:width\" content=\"250\" \/>\n\t<meta property=\"og:image:height\" content=\"167\" \/>\n\t<meta property=\"og:image:type\" content=\"image\/jpeg\" \/>\n<meta name=\"author\" content=\"Joan Pere N.\" \/>\n<meta name=\"twitter:card\" content=\"summary_large_image\" \/>\n<meta name=\"twitter:creator\" content=\"@revistarambla\" \/>\n<meta name=\"twitter:site\" content=\"@revistarambla\" \/>\n<meta name=\"twitter:label1\" content=\"Written by\" \/>\n\t<meta name=\"twitter:data1\" content=\"Joan Pere N.\" \/>\n\t<meta name=\"twitter:label2\" content=\"Estimated reading time\" \/>\n\t<meta name=\"twitter:data2\" content=\"4 minutes\" \/>\n<script type=\"application\/ld+json\" class=\"yoast-schema-graph\">{\"@context\":\"https:\\\/\\\/schema.org\",\"@graph\":[{\"@type\":\"Article\",\"@id\":\"https:\\\/\\\/www.revistarambla.com\\\/los-recortes-en-sanidad-o-la-jaca-del-tio-cucharon\\\/#article\",\"isPartOf\":{\"@id\":\"https:\\\/\\\/www.revistarambla.com\\\/los-recortes-en-sanidad-o-la-jaca-del-tio-cucharon\\\/\"},\"author\":{\"name\":\"Joan Pere N.\",\"@id\":\"https:\\\/\\\/www.revistarambla.com\\\/#\\\/schema\\\/person\\\/4a5652fc8c82df1f8593002d038cd79e\"},\"headline\":\"Los recortes en sanidad, o la jaca del T\u00edo Cuchar\u00f3n\",\"datePublished\":\"2011-05-26T03:26:36+00:00\",\"dateModified\":\"2021-04-28T19:39:10+00:00\",\"mainEntityOfPage\":{\"@id\":\"https:\\\/\\\/www.revistarambla.com\\\/los-recortes-en-sanidad-o-la-jaca-del-tio-cucharon\\\/\"},\"wordCount\":790,\"commentCount\":0,\"publisher\":{\"@id\":\"https:\\\/\\\/www.revistarambla.com\\\/#organization\"},\"image\":{\"@id\":\"https:\\\/\\\/www.revistarambla.com\\\/los-recortes-en-sanidad-o-la-jaca-del-tio-cucharon\\\/#primaryimage\"},\"thumbnailUrl\":\"https:\\\/\\\/www.revistarambla.com\\\/wp-content\\\/uploads\\\/2011\\\/05\\\/hebron2.jpg\",\"articleSection\":[\"Actualidad\",\"Barcelona\"],\"inLanguage\":\"en-GB\",\"potentialAction\":[{\"@type\":\"CommentAction\",\"name\":\"Comment\",\"target\":[\"https:\\\/\\\/www.revistarambla.com\\\/los-recortes-en-sanidad-o-la-jaca-del-tio-cucharon\\\/#respond\"]}]},{\"@type\":\"WebPage\",\"@id\":\"https:\\\/\\\/www.revistarambla.com\\\/los-recortes-en-sanidad-o-la-jaca-del-tio-cucharon\\\/\",\"url\":\"https:\\\/\\\/www.revistarambla.com\\\/los-recortes-en-sanidad-o-la-jaca-del-tio-cucharon\\\/\",\"name\":\"Los recortes en sanidad, o la jaca del T\u00edo Cuchar\u00f3n - Revista Rambla\",\"isPartOf\":{\"@id\":\"https:\\\/\\\/www.revistarambla.com\\\/#website\"},\"primaryImageOfPage\":{\"@id\":\"https:\\\/\\\/www.revistarambla.com\\\/los-recortes-en-sanidad-o-la-jaca-del-tio-cucharon\\\/#primaryimage\"},\"image\":{\"@id\":\"https:\\\/\\\/www.revistarambla.com\\\/los-recortes-en-sanidad-o-la-jaca-del-tio-cucharon\\\/#primaryimage\"},\"thumbnailUrl\":\"https:\\\/\\\/www.revistarambla.com\\\/wp-content\\\/uploads\\\/2011\\\/05\\\/hebron2.jpg\",\"datePublished\":\"2011-05-26T03:26:36+00:00\",\"dateModified\":\"2021-04-28T19:39:10+00:00\",\"description\":\"Otro mi\u00e9rcoles m\u00e1s -otro episodio m\u00e1s- en las protestas convocadas desde los hospitales p\u00fablicos en contra de los recortes en sanidad implantados por...\",\"breadcrumb\":{\"@id\":\"https:\\\/\\\/www.revistarambla.com\\\/los-recortes-en-sanidad-o-la-jaca-del-tio-cucharon\\\/#breadcrumb\"},\"inLanguage\":\"en-GB\",\"potentialAction\":[{\"@type\":\"ReadAction\",\"target\":[\"https:\\\/\\\/www.revistarambla.com\\\/los-recortes-en-sanidad-o-la-jaca-del-tio-cucharon\\\/\"]}]},{\"@type\":\"ImageObject\",\"inLanguage\":\"en-GB\",\"@id\":\"https:\\\/\\\/www.revistarambla.com\\\/los-recortes-en-sanidad-o-la-jaca-del-tio-cucharon\\\/#primaryimage\",\"url\":\"https:\\\/\\\/www.revistarambla.com\\\/wp-content\\\/uploads\\\/2011\\\/05\\\/hebron2.jpg\",\"contentUrl\":\"https:\\\/\\\/www.revistarambla.com\\\/wp-content\\\/uploads\\\/2011\\\/05\\\/hebron2.jpg\"},{\"@type\":\"BreadcrumbList\",\"@id\":\"https:\\\/\\\/www.revistarambla.com\\\/los-recortes-en-sanidad-o-la-jaca-del-tio-cucharon\\\/#breadcrumb\",\"itemListElement\":[{\"@type\":\"ListItem\",\"position\":1,\"name\":\"Portada\",\"item\":\"https:\\\/\\\/www.revistarambla.com\\\/\"},{\"@type\":\"ListItem\",\"position\":2,\"name\":\"Los recortes en sanidad, o la jaca del T\u00edo Cuchar\u00f3n\"}]},{\"@type\":\"WebSite\",\"@id\":\"https:\\\/\\\/www.revistarambla.com\\\/#website\",\"url\":\"https:\\\/\\\/www.revistarambla.com\\\/\",\"name\":\"Revista Rambla Barcelona\",\"description\":\"Periodismo independiente\",\"publisher\":{\"@id\":\"https:\\\/\\\/www.revistarambla.com\\\/#organization\"},\"potentialAction\":[{\"@type\":\"SearchAction\",\"target\":{\"@type\":\"EntryPoint\",\"urlTemplate\":\"https:\\\/\\\/www.revistarambla.com\\\/?s={search_term_string}\"},\"query-input\":{\"@type\":\"PropertyValueSpecification\",\"valueRequired\":true,\"valueName\":\"search_term_string\"}}],\"inLanguage\":\"en-GB\"},{\"@type\":\"Organization\",\"@id\":\"https:\\\/\\\/www.revistarambla.com\\\/#organization\",\"name\":\"Revista Rambla\",\"url\":\"https:\\\/\\\/www.revistarambla.com\\\/\",\"logo\":{\"@type\":\"ImageObject\",\"inLanguage\":\"en-GB\",\"@id\":\"https:\\\/\\\/www.revistarambla.com\\\/#\\\/schema\\\/logo\\\/image\\\/\",\"url\":\"https:\\\/\\\/www.revistarambla.com\\\/wp-content\\\/uploads\\\/2020\\\/09\\\/banner_rambla_1900x600_BB.png\",\"contentUrl\":\"https:\\\/\\\/www.revistarambla.com\\\/wp-content\\\/uploads\\\/2020\\\/09\\\/banner_rambla_1900x600_BB.png\",\"width\":1900,\"height\":600,\"caption\":\"Revista Rambla\"},\"image\":{\"@id\":\"https:\\\/\\\/www.revistarambla.com\\\/#\\\/schema\\\/logo\\\/image\\\/\"},\"sameAs\":[\"https:\\\/\\\/www.facebook.com\\\/revistarambla\\\/\",\"https:\\\/\\\/x.com\\\/revistarambla\",\"https:\\\/\\\/www.instagram.com\\\/revista_rambla\",\"https:\\\/\\\/es.linkedin.com\\\/company\\\/revista-rambla\"]},{\"@type\":\"Person\",\"@id\":\"https:\\\/\\\/www.revistarambla.com\\\/#\\\/schema\\\/person\\\/4a5652fc8c82df1f8593002d038cd79e\",\"name\":\"Joan Pere N.\"}]}<\/script>\n<!-- \/ Yoast SEO plugin. -->","yoast_head_json":{"title":"Los recortes en sanidad, o la jaca del T\u00edo Cuchar\u00f3n - Revista Rambla","description":"Otro mi\u00e9rcoles m\u00e1s -otro episodio m\u00e1s- en las protestas convocadas desde los hospitales p\u00fablicos en contra de los recortes en sanidad implantados por...","robots":{"index":"index","follow":"follow","max-snippet":"max-snippet:-1","max-image-preview":"max-image-preview:large","max-video-preview":"max-video-preview:-1"},"canonical":"https:\/\/www.revistarambla.com\/en\/los-recortes-en-sanidad-o-la-jaca-del-tio-cucharon\/","og_locale":"en_GB","og_type":"article","og_title":"Los recortes en sanidad, o la jaca del T\u00edo Cuchar\u00f3n - Revista Rambla","og_description":"Otro mi\u00e9rcoles m\u00e1s -otro episodio m\u00e1s- en las protestas convocadas desde los hospitales p\u00fablicos en contra de los recortes en sanidad implantados por...","og_url":"https:\/\/www.revistarambla.com\/en\/los-recortes-en-sanidad-o-la-jaca-del-tio-cucharon\/","og_site_name":"Revista Rambla","article_publisher":"https:\/\/www.facebook.com\/revistarambla\/","article_published_time":"2011-05-26T03:26:36+00:00","article_modified_time":"2021-04-28T19:39:10+00:00","og_image":[{"width":250,"height":167,"url":"https:\/\/i0.wp.com\/www.revistarambla.com\/wp-content\/uploads\/2011\/05\/hebron1.jpg?fit=250%2C167&ssl=1","type":"image\/jpeg"}],"author":"Joan Pere N.","twitter_card":"summary_large_image","twitter_creator":"@revistarambla","twitter_site":"@revistarambla","twitter_misc":{"Written by":"Joan Pere N.","Estimated reading time":"4 minutes"},"schema":{"@context":"https:\/\/schema.org","@graph":[{"@type":"Article","@id":"https:\/\/www.revistarambla.com\/los-recortes-en-sanidad-o-la-jaca-del-tio-cucharon\/#article","isPartOf":{"@id":"https:\/\/www.revistarambla.com\/los-recortes-en-sanidad-o-la-jaca-del-tio-cucharon\/"},"author":{"name":"Joan Pere N.","@id":"https:\/\/www.revistarambla.com\/#\/schema\/person\/4a5652fc8c82df1f8593002d038cd79e"},"headline":"Los recortes en sanidad, o la jaca del T\u00edo Cuchar\u00f3n","datePublished":"2011-05-26T03:26:36+00:00","dateModified":"2021-04-28T19:39:10+00:00","mainEntityOfPage":{"@id":"https:\/\/www.revistarambla.com\/los-recortes-en-sanidad-o-la-jaca-del-tio-cucharon\/"},"wordCount":790,"commentCount":0,"publisher":{"@id":"https:\/\/www.revistarambla.com\/#organization"},"image":{"@id":"https:\/\/www.revistarambla.com\/los-recortes-en-sanidad-o-la-jaca-del-tio-cucharon\/#primaryimage"},"thumbnailUrl":"https:\/\/www.revistarambla.com\/wp-content\/uploads\/2011\/05\/hebron2.jpg","articleSection":["Actualidad","Barcelona"],"inLanguage":"en-GB","potentialAction":[{"@type":"CommentAction","name":"Comment","target":["https:\/\/www.revistarambla.com\/los-recortes-en-sanidad-o-la-jaca-del-tio-cucharon\/#respond"]}]},{"@type":"WebPage","@id":"https:\/\/www.revistarambla.com\/los-recortes-en-sanidad-o-la-jaca-del-tio-cucharon\/","url":"https:\/\/www.revistarambla.com\/los-recortes-en-sanidad-o-la-jaca-del-tio-cucharon\/","name":"Los recortes en sanidad, o la jaca del T\u00edo Cuchar\u00f3n - Revista Rambla","isPartOf":{"@id":"https:\/\/www.revistarambla.com\/#website"},"primaryImageOfPage":{"@id":"https:\/\/www.revistarambla.com\/los-recortes-en-sanidad-o-la-jaca-del-tio-cucharon\/#primaryimage"},"image":{"@id":"https:\/\/www.revistarambla.com\/los-recortes-en-sanidad-o-la-jaca-del-tio-cucharon\/#primaryimage"},"thumbnailUrl":"https:\/\/www.revistarambla.com\/wp-content\/uploads\/2011\/05\/hebron2.jpg","datePublished":"2011-05-26T03:26:36+00:00","dateModified":"2021-04-28T19:39:10+00:00","description":"Otro mi\u00e9rcoles m\u00e1s -otro episodio m\u00e1s- en las protestas convocadas desde los hospitales p\u00fablicos en contra de los recortes en sanidad implantados por...","breadcrumb":{"@id":"https:\/\/www.revistarambla.com\/los-recortes-en-sanidad-o-la-jaca-del-tio-cucharon\/#breadcrumb"},"inLanguage":"en-GB","potentialAction":[{"@type":"ReadAction","target":["https:\/\/www.revistarambla.com\/los-recortes-en-sanidad-o-la-jaca-del-tio-cucharon\/"]}]},{"@type":"ImageObject","inLanguage":"en-GB","@id":"https:\/\/www.revistarambla.com\/los-recortes-en-sanidad-o-la-jaca-del-tio-cucharon\/#primaryimage","url":"https:\/\/www.revistarambla.com\/wp-content\/uploads\/2011\/05\/hebron2.jpg","contentUrl":"https:\/\/www.revistarambla.com\/wp-content\/uploads\/2011\/05\/hebron2.jpg"},{"@type":"BreadcrumbList","@id":"https:\/\/www.revistarambla.com\/los-recortes-en-sanidad-o-la-jaca-del-tio-cucharon\/#breadcrumb","itemListElement":[{"@type":"ListItem","position":1,"name":"Portada","item":"https:\/\/www.revistarambla.com\/"},{"@type":"ListItem","position":2,"name":"Los recortes en sanidad, o la jaca del T\u00edo Cuchar\u00f3n"}]},{"@type":"WebSite","@id":"https:\/\/www.revistarambla.com\/#website","url":"https:\/\/www.revistarambla.com\/","name":"Revista Rambla Barcelona","description":"Periodismo independiente","publisher":{"@id":"https:\/\/www.revistarambla.com\/#organization"},"potentialAction":[{"@type":"SearchAction","target":{"@type":"EntryPoint","urlTemplate":"https:\/\/www.revistarambla.com\/?s={search_term_string}"},"query-input":{"@type":"PropertyValueSpecification","valueRequired":true,"valueName":"search_term_string"}}],"inLanguage":"en-GB"},{"@type":"Organization","@id":"https:\/\/www.revistarambla.com\/#organization","name":"Revista Rambla","url":"https:\/\/www.revistarambla.com\/","logo":{"@type":"ImageObject","inLanguage":"en-GB","@id":"https:\/\/www.revistarambla.com\/#\/schema\/logo\/image\/","url":"https:\/\/www.revistarambla.com\/wp-content\/uploads\/2020\/09\/banner_rambla_1900x600_BB.png","contentUrl":"https:\/\/www.revistarambla.com\/wp-content\/uploads\/2020\/09\/banner_rambla_1900x600_BB.png","width":1900,"height":600,"caption":"Revista Rambla"},"image":{"@id":"https:\/\/www.revistarambla.com\/#\/schema\/logo\/image\/"},"sameAs":["https:\/\/www.facebook.com\/revistarambla\/","https:\/\/x.com\/revistarambla","https:\/\/www.instagram.com\/revista_rambla","https:\/\/es.linkedin.com\/company\/revista-rambla"]},{"@type":"Person","@id":"https:\/\/www.revistarambla.com\/#\/schema\/person\/4a5652fc8c82df1f8593002d038cd79e","name":"Joan Pere N."}]}},"_links":{"self":[{"href":"https:\/\/www.revistarambla.com\/en\/wp-json\/wp\/v2\/posts\/950","targetHints":{"allow":["GET"]}}],"collection":[{"href":"https:\/\/www.revistarambla.com\/en\/wp-json\/wp\/v2\/posts"}],"about":[{"href":"https:\/\/www.revistarambla.com\/en\/wp-json\/wp\/v2\/types\/post"}],"author":[{"embeddable":true,"href":"https:\/\/www.revistarambla.com\/en\/wp-json\/wp\/v2\/users\/1"}],"replies":[{"embeddable":true,"href":"https:\/\/www.revistarambla.com\/en\/wp-json\/wp\/v2\/comments?post=950"}],"version-history":[{"count":0,"href":"https:\/\/www.revistarambla.com\/en\/wp-json\/wp\/v2\/posts\/950\/revisions"}],"wp:attachment":[{"href":"https:\/\/www.revistarambla.com\/en\/wp-json\/wp\/v2\/media?parent=950"}],"wp:term":[{"taxonomy":"category","embeddable":true,"href":"https:\/\/www.revistarambla.com\/en\/wp-json\/wp\/v2\/categories?post=950"},{"taxonomy":"post_tag","embeddable":true,"href":"https:\/\/www.revistarambla.com\/en\/wp-json\/wp\/v2\/tags?post=950"}],"curies":[{"name":"wp","href":"https:\/\/api.w.org\/{rel}","templated":true}]}}