{"id":946,"date":"2011-05-25T19:05:40","date_gmt":"2011-05-25T17:05:40","guid":{"rendered":"https:\/\/www.revistarambla.com\/ultimos-dias-de-catherine-collart-en-espai-b\/"},"modified":"2021-12-16T21:10:15","modified_gmt":"2021-12-16T20:10:15","slug":"ultimos-dias-de-catherine-collart-en-espai-b","status":"publish","type":"post","link":"https:\/\/www.revistarambla.com\/en\/ultimos-dias-de-catherine-collart-en-espai-b\/","title":{"rendered":"\u00daltimos d\u00edas de Catherine Collart en Espai B"},"content":{"rendered":"<p><a href=\"https:\/\/www.revistarambla.com\/wp-content\/uploads\/2011\/05\/ointora2.jpg\"><img decoding=\"async\" class=\"aligncenter wp-image-944 size-full\" style=\"width: 550px; height: 277px;\" src=\"https:\/\/www.revistarambla.com\/wp-content\/uploads\/2011\/05\/ointora2.jpg\" alt=\"Catherine Collart\" width=\"550\" height=\"277\" srcset=\"https:\/\/www.revistarambla.com\/wp-content\/uploads\/2011\/05\/ointora2.jpg 550w, https:\/\/www.revistarambla.com\/wp-content\/uploads\/2011\/05\/ointora2-300x151.jpg 300w, https:\/\/www.revistarambla.com\/wp-content\/uploads\/2011\/05\/ointora2-500x252.jpg 500w\" sizes=\"(max-width: 550px) 100vw, 550px\" \/><\/a><\/p>\n<p>\u00bfEst\u00e1 el retrato desfasado como expresi\u00f3n art\u00edstica? Los cr\u00edticos dicen que las \u00faltimas tendencias se han basado demasiado en resaltar aspectos extravagantes para llamar la atenci\u00f3n. Pero \u00faltimamente se apuesta por el pasado y se vuelven a trabajar los valores cl\u00e1sicos del arte, por este motivo, el retrato est\u00e1 teniendo una buena acogida. Precisamente esto es lo que ha experimentado el trabajo de Catherine Collart durante estos d\u00edas en la galer\u00eda de arte Espai B. <em>Los otros y yo<\/em> se compone de una serie de retratos donde se han juntado tres aspectos b\u00e1sicos para la autora: el amor a los animales, la pasi\u00f3n por retratarlos y la mezcla de estos dos elementos con los colores y actitudes flamencos.<\/p>\n<p>Collart utiliza perspectivas planas, con encuadres fotogr\u00e1ficos pero d\u00e1ndole relieve al personaje principal de sus retratos. Sus pinturas recrean el arte flamenco, un arte que en su \u00e9poca tuvo mucho apogeo y que ahora se enfoca con otro prisma.<\/p>\n<p>Con esta serie lo que se pretende es fundir el retrato animal con la actitud humana. Hay una l\u00ednea de retratos de animales y otra de retratos de personas con animales. En esta \u00faltima, los animales van ligados a las caras de las personas; cada animal representa un sentimiento o estado de \u00e1nimo: el susto se asocia al rat\u00f3n, el caracol a la mirada inexpresiva y el car\u00e1cter avispado con el gallo. Asimismo, dentro de esta colecci\u00f3n, los animales retratados tienen una mirada muy humana. La exposici\u00f3n se compone de un total de 24 cuadros pintados en oleo y acr\u00edlico.<\/p>\n<p>Catherine Collart vivi\u00f3 hace unos a\u00f1os un alto en su carrera art\u00edstica debido a la maternidad y actualmente se dedica, junto con su marido, al dise\u00f1o de joyer\u00eda. Desarrolla sus creaciones durante el tiempo libre que le dejan el trabajo y su familia, en las que predomina el oleo, el pastel y el acr\u00edlico. Es una persona perfeccionista con su trabajo: cada cuadro tiene cuatro o cinco capas y a medida que evolucionan los va retocando. Eso s\u00ed, cuando empieza uno ya sabe como lo va a acabar. Seg\u00fan ella es muy dif\u00edcil ponerse delante de una tela en blanco, pero encontrar la poes\u00eda que envuelve al retrato cuesta mucho m\u00e1s.<\/p>\n<p>La artista habla de sus cuadros como sus amigos: \u201cson retratos que me vienen a la cabeza y acabo pintando. Se convierten en mis amigos porque pasamos mucho tiempo juntos, de hecho, esta obra me ha llevado casi tres a\u00f1os prepararla. Acabo rodeada de todos ellos en mi estudio y al final se crea una complicidad. Es como una cadena, pintas uno y despu\u00e9s te viene la idea de otro, y parece que ellos mismos te vayan diciendo como continuar.\u201d<\/p>\n<p>Los otros y yo permanecer\u00e1 hasta este viernes 27 de mayo en la galer\u00eda Espai B, situada en el barrio de Gracia de Barcelona.<\/p>\n<p><a href=\"https:\/\/www.revistarambla.com\/wp-content\/uploads\/2011\/05\/ointora3.jpg\"><img decoding=\"async\" class=\"aligncenter wp-image-945 size-full\" style=\"width: 550px; height: 310px;\" src=\"https:\/\/www.revistarambla.com\/wp-content\/uploads\/2011\/05\/ointora3.jpg\" alt=\"Catherine Collart\" width=\"550\" height=\"310\" srcset=\"https:\/\/www.revistarambla.com\/wp-content\/uploads\/2011\/05\/ointora3.jpg 550w, https:\/\/www.revistarambla.com\/wp-content\/uploads\/2011\/05\/ointora3-300x169.jpg 300w, https:\/\/www.revistarambla.com\/wp-content\/uploads\/2011\/05\/ointora3-500x282.jpg 500w\" sizes=\"(max-width: 550px) 100vw, 550px\" \/><\/a><\/p>","protected":false},"excerpt":{"rendered":"<p>\u00bfEst\u00e1 el retrato desfasado como expresi\u00f3n art\u00edstica? Los cr\u00edticos dicen que las \u00faltimas tendencias se han basado demasiado en resaltar aspectos extravagantes para llamar la atenci\u00f3n. Pero \u00faltimamente se apuesta por el pasado y se vuelven a trabajar los valores cl\u00e1sicos del arte, por este motivo, el retrato est\u00e1 teniendo [&hellip;]<\/p>\n","protected":false},"author":66,"featured_media":0,"comment_status":"open","ping_status":"open","sticky":false,"template":"","format":"standard","meta":{"footnotes":""},"categories":[64,4],"tags":[],"class_list":["post-946","post","type-post","status-publish","format-standard","hentry","category-arte","category-cultura"],"yoast_head":"<!-- This site is optimized with the Yoast SEO plugin v27.5 - https:\/\/yoast.com\/product\/yoast-seo-wordpress\/ -->\n<title>\u00daltimos d\u00edas de Catherine Collart en Espai B - Revista Rambla<\/title>\n<meta name=\"description\" content=\"Precisamente esto es lo que ha experimentado el trabajo de Catherine Collart durante estos d\u00edas en la galer\u00eda de arte Espai B. Los otros y yo se compone...\" \/>\n<meta name=\"robots\" content=\"index, follow, max-snippet:-1, max-image-preview:large, max-video-preview:-1\" \/>\n<link rel=\"canonical\" href=\"https:\/\/www.revistarambla.com\/en\/ultimos-dias-de-catherine-collart-en-espai-b\/\" \/>\n<meta property=\"og:locale\" content=\"en_GB\" \/>\n<meta property=\"og:type\" content=\"article\" \/>\n<meta property=\"og:title\" content=\"\u00daltimos d\u00edas de Catherine Collart en Espai B - Revista Rambla\" \/>\n<meta property=\"og:description\" content=\"Precisamente esto es lo que ha experimentado el trabajo de Catherine Collart durante estos d\u00edas en la galer\u00eda de arte Espai B. Los otros y yo se compone...\" \/>\n<meta property=\"og:url\" content=\"https:\/\/www.revistarambla.com\/en\/ultimos-dias-de-catherine-collart-en-espai-b\/\" \/>\n<meta property=\"og:site_name\" content=\"Revista Rambla\" \/>\n<meta property=\"article:publisher\" content=\"https:\/\/www.facebook.com\/revistarambla\/\" \/>\n<meta property=\"article:published_time\" content=\"2011-05-25T17:05:40+00:00\" \/>\n<meta property=\"article:modified_time\" content=\"2021-12-16T20:10:15+00:00\" \/>\n<meta property=\"og:image\" content=\"https:\/\/www.revistarambla.com\/wp-content\/uploads\/2011\/05\/ointora1.jpg\" \/>\n\t<meta property=\"og:image:width\" content=\"250\" \/>\n\t<meta property=\"og:image:height\" content=\"185\" \/>\n\t<meta property=\"og:image:type\" content=\"image\/jpeg\" \/>\n<meta name=\"author\" content=\"Ver\u00f3nica Encinas Salgado\" \/>\n<meta name=\"twitter:card\" content=\"summary_large_image\" \/>\n<meta name=\"twitter:creator\" content=\"@revistarambla\" \/>\n<meta name=\"twitter:site\" content=\"@revistarambla\" \/>\n<meta name=\"twitter:label1\" content=\"Written by\" \/>\n\t<meta name=\"twitter:data1\" content=\"Ver\u00f3nica Encinas Salgado\" \/>\n\t<meta name=\"twitter:label2\" content=\"Estimated reading time\" \/>\n\t<meta name=\"twitter:data2\" content=\"2 minutes\" \/>\n<script type=\"application\/ld+json\" class=\"yoast-schema-graph\">{\"@context\":\"https:\\\/\\\/schema.org\",\"@graph\":[{\"@type\":\"Article\",\"@id\":\"https:\\\/\\\/www.revistarambla.com\\\/ultimos-dias-de-catherine-collart-en-espai-b\\\/#article\",\"isPartOf\":{\"@id\":\"https:\\\/\\\/www.revistarambla.com\\\/ultimos-dias-de-catherine-collart-en-espai-b\\\/\"},\"author\":{\"name\":\"Ver\u00f3nica Encinas Salgado\",\"@id\":\"https:\\\/\\\/www.revistarambla.com\\\/#\\\/schema\\\/person\\\/d5b8d7715dcc8b0e3eeac113266d2af6\"},\"headline\":\"\u00daltimos d\u00edas de Catherine Collart en Espai B\",\"datePublished\":\"2011-05-25T17:05:40+00:00\",\"dateModified\":\"2021-12-16T20:10:15+00:00\",\"mainEntityOfPage\":{\"@id\":\"https:\\\/\\\/www.revistarambla.com\\\/ultimos-dias-de-catherine-collart-en-espai-b\\\/\"},\"wordCount\":508,\"commentCount\":0,\"publisher\":{\"@id\":\"https:\\\/\\\/www.revistarambla.com\\\/#organization\"},\"image\":{\"@id\":\"https:\\\/\\\/www.revistarambla.com\\\/ultimos-dias-de-catherine-collart-en-espai-b\\\/#primaryimage\"},\"thumbnailUrl\":\"https:\\\/\\\/www.revistarambla.com\\\/wp-content\\\/uploads\\\/2011\\\/05\\\/ointora2.jpg\",\"articleSection\":[\"Arte\",\"Cultura\"],\"inLanguage\":\"en-GB\",\"potentialAction\":[{\"@type\":\"CommentAction\",\"name\":\"Comment\",\"target\":[\"https:\\\/\\\/www.revistarambla.com\\\/ultimos-dias-de-catherine-collart-en-espai-b\\\/#respond\"]}]},{\"@type\":\"WebPage\",\"@id\":\"https:\\\/\\\/www.revistarambla.com\\\/ultimos-dias-de-catherine-collart-en-espai-b\\\/\",\"url\":\"https:\\\/\\\/www.revistarambla.com\\\/ultimos-dias-de-catherine-collart-en-espai-b\\\/\",\"name\":\"\u00daltimos d\u00edas de Catherine Collart en Espai B - Revista Rambla\",\"isPartOf\":{\"@id\":\"https:\\\/\\\/www.revistarambla.com\\\/#website\"},\"primaryImageOfPage\":{\"@id\":\"https:\\\/\\\/www.revistarambla.com\\\/ultimos-dias-de-catherine-collart-en-espai-b\\\/#primaryimage\"},\"image\":{\"@id\":\"https:\\\/\\\/www.revistarambla.com\\\/ultimos-dias-de-catherine-collart-en-espai-b\\\/#primaryimage\"},\"thumbnailUrl\":\"https:\\\/\\\/www.revistarambla.com\\\/wp-content\\\/uploads\\\/2011\\\/05\\\/ointora2.jpg\",\"datePublished\":\"2011-05-25T17:05:40+00:00\",\"dateModified\":\"2021-12-16T20:10:15+00:00\",\"description\":\"Precisamente esto es lo que ha experimentado el trabajo de Catherine Collart durante estos d\u00edas en la galer\u00eda de arte Espai B. Los otros y yo se compone...\",\"breadcrumb\":{\"@id\":\"https:\\\/\\\/www.revistarambla.com\\\/ultimos-dias-de-catherine-collart-en-espai-b\\\/#breadcrumb\"},\"inLanguage\":\"en-GB\",\"potentialAction\":[{\"@type\":\"ReadAction\",\"target\":[\"https:\\\/\\\/www.revistarambla.com\\\/ultimos-dias-de-catherine-collart-en-espai-b\\\/\"]}]},{\"@type\":\"ImageObject\",\"inLanguage\":\"en-GB\",\"@id\":\"https:\\\/\\\/www.revistarambla.com\\\/ultimos-dias-de-catherine-collart-en-espai-b\\\/#primaryimage\",\"url\":\"https:\\\/\\\/www.revistarambla.com\\\/wp-content\\\/uploads\\\/2011\\\/05\\\/ointora2.jpg\",\"contentUrl\":\"https:\\\/\\\/www.revistarambla.com\\\/wp-content\\\/uploads\\\/2011\\\/05\\\/ointora2.jpg\"},{\"@type\":\"BreadcrumbList\",\"@id\":\"https:\\\/\\\/www.revistarambla.com\\\/ultimos-dias-de-catherine-collart-en-espai-b\\\/#breadcrumb\",\"itemListElement\":[{\"@type\":\"ListItem\",\"position\":1,\"name\":\"Portada\",\"item\":\"https:\\\/\\\/www.revistarambla.com\\\/\"},{\"@type\":\"ListItem\",\"position\":2,\"name\":\"\u00daltimos d\u00edas de Catherine Collart en Espai B\"}]},{\"@type\":\"WebSite\",\"@id\":\"https:\\\/\\\/www.revistarambla.com\\\/#website\",\"url\":\"https:\\\/\\\/www.revistarambla.com\\\/\",\"name\":\"Revista Rambla Barcelona\",\"description\":\"Periodismo independiente\",\"publisher\":{\"@id\":\"https:\\\/\\\/www.revistarambla.com\\\/#organization\"},\"potentialAction\":[{\"@type\":\"SearchAction\",\"target\":{\"@type\":\"EntryPoint\",\"urlTemplate\":\"https:\\\/\\\/www.revistarambla.com\\\/?s={search_term_string}\"},\"query-input\":{\"@type\":\"PropertyValueSpecification\",\"valueRequired\":true,\"valueName\":\"search_term_string\"}}],\"inLanguage\":\"en-GB\"},{\"@type\":\"Organization\",\"@id\":\"https:\\\/\\\/www.revistarambla.com\\\/#organization\",\"name\":\"Revista Rambla\",\"url\":\"https:\\\/\\\/www.revistarambla.com\\\/\",\"logo\":{\"@type\":\"ImageObject\",\"inLanguage\":\"en-GB\",\"@id\":\"https:\\\/\\\/www.revistarambla.com\\\/#\\\/schema\\\/logo\\\/image\\\/\",\"url\":\"https:\\\/\\\/www.revistarambla.com\\\/wp-content\\\/uploads\\\/2020\\\/09\\\/banner_rambla_1900x600_BB.png\",\"contentUrl\":\"https:\\\/\\\/www.revistarambla.com\\\/wp-content\\\/uploads\\\/2020\\\/09\\\/banner_rambla_1900x600_BB.png\",\"width\":1900,\"height\":600,\"caption\":\"Revista Rambla\"},\"image\":{\"@id\":\"https:\\\/\\\/www.revistarambla.com\\\/#\\\/schema\\\/logo\\\/image\\\/\"},\"sameAs\":[\"https:\\\/\\\/www.facebook.com\\\/revistarambla\\\/\",\"https:\\\/\\\/x.com\\\/revistarambla\",\"https:\\\/\\\/www.instagram.com\\\/revista_rambla\",\"https:\\\/\\\/es.linkedin.com\\\/company\\\/revista-rambla\"]},{\"@type\":\"Person\",\"@id\":\"https:\\\/\\\/www.revistarambla.com\\\/#\\\/schema\\\/person\\\/d5b8d7715dcc8b0e3eeac113266d2af6\",\"name\":\"Ver\u00f3nica Encinas Salgado\",\"description\":\"Licenciada en Ciencias Pol\u00edticas por la Universidad Aut\u00f3noma de Barcelona y especializada en periodismo y comunicaci\u00f3n digital.\",\"sameAs\":[\"https:\\\/\\\/www.instagram.com\\\/veronica.encinas.salgado\\\/\",\"https:\\\/\\\/es.linkedin.com\\\/in\\\/veronicaencinassalgado\"]}]}<\/script>\n<!-- \/ Yoast SEO plugin. -->","yoast_head_json":{"title":"\u00daltimos d\u00edas de Catherine Collart en Espai B - Revista Rambla","description":"Precisamente esto es lo que ha experimentado el trabajo de Catherine Collart durante estos d\u00edas en la galer\u00eda de arte Espai B. Los otros y yo se compone...","robots":{"index":"index","follow":"follow","max-snippet":"max-snippet:-1","max-image-preview":"max-image-preview:large","max-video-preview":"max-video-preview:-1"},"canonical":"https:\/\/www.revistarambla.com\/en\/ultimos-dias-de-catherine-collart-en-espai-b\/","og_locale":"en_GB","og_type":"article","og_title":"\u00daltimos d\u00edas de Catherine Collart en Espai B - Revista Rambla","og_description":"Precisamente esto es lo que ha experimentado el trabajo de Catherine Collart durante estos d\u00edas en la galer\u00eda de arte Espai B. Los otros y yo se compone...","og_url":"https:\/\/www.revistarambla.com\/en\/ultimos-dias-de-catherine-collart-en-espai-b\/","og_site_name":"Revista Rambla","article_publisher":"https:\/\/www.facebook.com\/revistarambla\/","article_published_time":"2011-05-25T17:05:40+00:00","article_modified_time":"2021-12-16T20:10:15+00:00","og_image":[{"width":250,"height":185,"url":"https:\/\/www.revistarambla.com\/wp-content\/uploads\/2011\/05\/ointora1.jpg","type":"image\/jpeg"}],"author":"Ver\u00f3nica Encinas Salgado","twitter_card":"summary_large_image","twitter_creator":"@revistarambla","twitter_site":"@revistarambla","twitter_misc":{"Written by":"Ver\u00f3nica Encinas Salgado","Estimated reading time":"2 minutes"},"schema":{"@context":"https:\/\/schema.org","@graph":[{"@type":"Article","@id":"https:\/\/www.revistarambla.com\/ultimos-dias-de-catherine-collart-en-espai-b\/#article","isPartOf":{"@id":"https:\/\/www.revistarambla.com\/ultimos-dias-de-catherine-collart-en-espai-b\/"},"author":{"name":"Ver\u00f3nica Encinas Salgado","@id":"https:\/\/www.revistarambla.com\/#\/schema\/person\/d5b8d7715dcc8b0e3eeac113266d2af6"},"headline":"\u00daltimos d\u00edas de Catherine Collart en Espai B","datePublished":"2011-05-25T17:05:40+00:00","dateModified":"2021-12-16T20:10:15+00:00","mainEntityOfPage":{"@id":"https:\/\/www.revistarambla.com\/ultimos-dias-de-catherine-collart-en-espai-b\/"},"wordCount":508,"commentCount":0,"publisher":{"@id":"https:\/\/www.revistarambla.com\/#organization"},"image":{"@id":"https:\/\/www.revistarambla.com\/ultimos-dias-de-catherine-collart-en-espai-b\/#primaryimage"},"thumbnailUrl":"https:\/\/www.revistarambla.com\/wp-content\/uploads\/2011\/05\/ointora2.jpg","articleSection":["Arte","Cultura"],"inLanguage":"en-GB","potentialAction":[{"@type":"CommentAction","name":"Comment","target":["https:\/\/www.revistarambla.com\/ultimos-dias-de-catherine-collart-en-espai-b\/#respond"]}]},{"@type":"WebPage","@id":"https:\/\/www.revistarambla.com\/ultimos-dias-de-catherine-collart-en-espai-b\/","url":"https:\/\/www.revistarambla.com\/ultimos-dias-de-catherine-collart-en-espai-b\/","name":"\u00daltimos d\u00edas de Catherine Collart en Espai B - Revista Rambla","isPartOf":{"@id":"https:\/\/www.revistarambla.com\/#website"},"primaryImageOfPage":{"@id":"https:\/\/www.revistarambla.com\/ultimos-dias-de-catherine-collart-en-espai-b\/#primaryimage"},"image":{"@id":"https:\/\/www.revistarambla.com\/ultimos-dias-de-catherine-collart-en-espai-b\/#primaryimage"},"thumbnailUrl":"https:\/\/www.revistarambla.com\/wp-content\/uploads\/2011\/05\/ointora2.jpg","datePublished":"2011-05-25T17:05:40+00:00","dateModified":"2021-12-16T20:10:15+00:00","description":"Precisamente esto es lo que ha experimentado el trabajo de Catherine Collart durante estos d\u00edas en la galer\u00eda de arte Espai B. Los otros y yo se compone...","breadcrumb":{"@id":"https:\/\/www.revistarambla.com\/ultimos-dias-de-catherine-collart-en-espai-b\/#breadcrumb"},"inLanguage":"en-GB","potentialAction":[{"@type":"ReadAction","target":["https:\/\/www.revistarambla.com\/ultimos-dias-de-catherine-collart-en-espai-b\/"]}]},{"@type":"ImageObject","inLanguage":"en-GB","@id":"https:\/\/www.revistarambla.com\/ultimos-dias-de-catherine-collart-en-espai-b\/#primaryimage","url":"https:\/\/www.revistarambla.com\/wp-content\/uploads\/2011\/05\/ointora2.jpg","contentUrl":"https:\/\/www.revistarambla.com\/wp-content\/uploads\/2011\/05\/ointora2.jpg"},{"@type":"BreadcrumbList","@id":"https:\/\/www.revistarambla.com\/ultimos-dias-de-catherine-collart-en-espai-b\/#breadcrumb","itemListElement":[{"@type":"ListItem","position":1,"name":"Portada","item":"https:\/\/www.revistarambla.com\/"},{"@type":"ListItem","position":2,"name":"\u00daltimos d\u00edas de Catherine Collart en Espai B"}]},{"@type":"WebSite","@id":"https:\/\/www.revistarambla.com\/#website","url":"https:\/\/www.revistarambla.com\/","name":"Revista Rambla Barcelona","description":"Periodismo independiente","publisher":{"@id":"https:\/\/www.revistarambla.com\/#organization"},"potentialAction":[{"@type":"SearchAction","target":{"@type":"EntryPoint","urlTemplate":"https:\/\/www.revistarambla.com\/?s={search_term_string}"},"query-input":{"@type":"PropertyValueSpecification","valueRequired":true,"valueName":"search_term_string"}}],"inLanguage":"en-GB"},{"@type":"Organization","@id":"https:\/\/www.revistarambla.com\/#organization","name":"Revista Rambla","url":"https:\/\/www.revistarambla.com\/","logo":{"@type":"ImageObject","inLanguage":"en-GB","@id":"https:\/\/www.revistarambla.com\/#\/schema\/logo\/image\/","url":"https:\/\/www.revistarambla.com\/wp-content\/uploads\/2020\/09\/banner_rambla_1900x600_BB.png","contentUrl":"https:\/\/www.revistarambla.com\/wp-content\/uploads\/2020\/09\/banner_rambla_1900x600_BB.png","width":1900,"height":600,"caption":"Revista Rambla"},"image":{"@id":"https:\/\/www.revistarambla.com\/#\/schema\/logo\/image\/"},"sameAs":["https:\/\/www.facebook.com\/revistarambla\/","https:\/\/x.com\/revistarambla","https:\/\/www.instagram.com\/revista_rambla","https:\/\/es.linkedin.com\/company\/revista-rambla"]},{"@type":"Person","@id":"https:\/\/www.revistarambla.com\/#\/schema\/person\/d5b8d7715dcc8b0e3eeac113266d2af6","name":"Ver\u00f3nica Encinas Salgado","description":"Licenciada en Ciencias Pol\u00edticas por la Universidad Aut\u00f3noma de Barcelona y especializada en periodismo y comunicaci\u00f3n digital.","sameAs":["https:\/\/www.instagram.com\/veronica.encinas.salgado\/","https:\/\/es.linkedin.com\/in\/veronicaencinassalgado"]}]}},"_links":{"self":[{"href":"https:\/\/www.revistarambla.com\/en\/wp-json\/wp\/v2\/posts\/946","targetHints":{"allow":["GET"]}}],"collection":[{"href":"https:\/\/www.revistarambla.com\/en\/wp-json\/wp\/v2\/posts"}],"about":[{"href":"https:\/\/www.revistarambla.com\/en\/wp-json\/wp\/v2\/types\/post"}],"author":[{"embeddable":true,"href":"https:\/\/www.revistarambla.com\/en\/wp-json\/wp\/v2\/users\/66"}],"replies":[{"embeddable":true,"href":"https:\/\/www.revistarambla.com\/en\/wp-json\/wp\/v2\/comments?post=946"}],"version-history":[{"count":0,"href":"https:\/\/www.revistarambla.com\/en\/wp-json\/wp\/v2\/posts\/946\/revisions"}],"wp:attachment":[{"href":"https:\/\/www.revistarambla.com\/en\/wp-json\/wp\/v2\/media?parent=946"}],"wp:term":[{"taxonomy":"category","embeddable":true,"href":"https:\/\/www.revistarambla.com\/en\/wp-json\/wp\/v2\/categories?post=946"},{"taxonomy":"post_tag","embeddable":true,"href":"https:\/\/www.revistarambla.com\/en\/wp-json\/wp\/v2\/tags?post=946"}],"curies":[{"name":"wp","href":"https:\/\/api.w.org\/{rel}","templated":true}]}}