{"id":941,"date":"2011-05-25T06:22:41","date_gmt":"2011-05-25T04:22:41","guid":{"rendered":"https:\/\/www.revistarambla.com\/jordi-calvo-espana-si-esta-en-el-g-8-en-cuanto-a-exportacion-de-armas\/"},"modified":"2021-12-08T20:49:37","modified_gmt":"2021-12-08T19:49:37","slug":"jordi-calvo-espana-si-esta-en-el-g-8-en-cuanto-a-exportacion-de-armas","status":"publish","type":"post","link":"https:\/\/www.revistarambla.com\/en\/jordi-calvo-espana-si-esta-en-el-g-8-en-cuanto-a-exportacion-de-armas\/","title":{"rendered":"Jordi Calvo: \u00abEspa\u00f1a s\u00ed est\u00e1 en el G-8 en cuanto a exportaci\u00f3n de armas\u00bb"},"content":{"rendered":"<p><a href=\"https:\/\/www.revistarambla.com\/wp-content\/uploads\/2011\/05\/jordi calvo01.jpg\"><img decoding=\"async\" class=\"aligncenter wp-image-939\" src=\"https:\/\/www.revistarambla.com\/wp-content\/uploads\/2011\/05\/jordi%20calvo01.jpg\" alt=\"exportaci\u00f3n armas espa\u00f1a\" width=\"750\" height=\"393\" \/><\/a><\/p>\n<p>Lograr el progresivo desarme del mundo. Este objetivo, que muchos calificar\u00edamos impulsivamente como quimera, es lo que mueve diariamente a Jordi Calvo, investigador del <strong><a href=\"http:\/\/www.centredelas.org\/es\/\">Centro de Estudios para la Paz<\/a><\/strong>. Con Arcadi Oliveres como referente y est\u00edmulo cercano, este joven valenciano no pone la otra mejilla sino que lucha con los medios m\u00e1s sensatos a su alcance: el di\u00e1logo, la comprensi\u00f3n, la empat\u00eda, la sensibilidad, la paz, el respeto al pr\u00f3jimo&#8230; Unas armas que deber\u00edan ser de construcci\u00f3n masiva en una sociedad global que ha incorporado la violencia como realidad cotidiana y normalizada.<\/p>\n<p><strong>Hace poco usted intervino en el programa Latituds de TV3 para denunciar que Espa\u00f1a es uno de los pa\u00edses l\u00edderes en la venta de armas. \u00bfCu\u00e1les son las cifras concretas y hasta qu\u00e9 punto es grave esa realidad?<\/strong><\/p>\n<p>\u201cEspa\u00f1a se ha convertido en uno de los primeros exportadores de armas del mundo y en relaci\u00f3n al 2000 la cifra se ha multiplicado por diez: ahora ya se han superado los mil millones de euros anuales. Espa\u00f1a el sexto pa\u00eds que m\u00e1s armas exporta al mundo, en este \u00e1mbito s\u00ed es del G-8. Y son armas de todo tipo: pistolas, granadas, misiles, tanques, blindados, todo lo que te puedas imaginar. Si hay guerras, una de las razones es porque se est\u00e1n preparando, y se preparan con un ej\u00e9rcito que responde a la orden del pol\u00edtico de turno pero tambi\u00e9n porque tienen armas para disparar contra otro ej\u00e9rcito. En caso contrario, las guerras ser\u00edan distintas o no ser\u00edan tan f\u00e1ciles de hacer. El desarme es la opci\u00f3n que nosotros proponemos, cu\u00e1ntas menos armas haya menos violencia habr\u00e1 en el mundo. Todas las ventas pasan por un filtro del gobierno, que es qui\u00e9n autoriza o no que se hagan, porque el mercado ilegal dicen que es grande pero no lo es tanto. Hay una junta interministerial que decide qu\u00e9 armas se exportan y a qu\u00e9 pa\u00edses, hay unos acuerdos con los gobernantes, que normalmente son los que compran\u201d.<\/p>\n<p><strong>\u00bfSe venden armas a cualquier pa\u00eds que las compre o se analizan los pa\u00edses?<\/strong><\/p>\n<p>\u201cSe lo miran pero no sabemos muy bien qu\u00e9 es lo que miran porque se vende a casi todo los pa\u00edses del mundo y la mayor\u00eda de los pa\u00edses no son democracias, violan los derechos humanos o hay sospechas de que hay represi\u00f3n contra la poblaci\u00f3n. Hay una ley de comercio de armas aprobada a finales del 2007\u00a0 que dice que no se pueden vender a pa\u00edses que no cumplan algunos requisitos b\u00e1sicos de convivencia y libertad, a pa\u00edses que no den garant\u00edas de democracia. Espa\u00f1a vende habitualmente a Ghana pero como es un pa\u00eds peque\u00f1o en relaci\u00f3n a las armas que compra, la sospecha es que sea suministrador de conflictos de su alrededor: Costa de Marfil, Mal\u00ed, Nigeria&#8230;Se vende a pa\u00edses de la Uni\u00f3n Europea y de la OTAN\u201d.<\/p>\n<p><strong>Y a Gadafi le hemos vendido algunas, \u00bftodav\u00eda lo estamos haciendo?<\/strong><\/p>\n<p>\u201cAhora no porque hay un embargo internacional y si se hiciera ser\u00eda contrabando\u201d.<\/p>\n<p><strong>\u00bfCu\u00e1l es el mejor cliente de Espa\u00f1a en este sector?<\/strong><\/p>\n<p>\u201cPues el que m\u00e1s gasta, los Estados Unidos pero tambi\u00e9n el Reino Unido, Francia, Alemania, Portugal&#8230;\u201d<\/p>\n<p><strong>\u00bfHay alg\u00fan producto estrella?<\/strong><\/p>\n<p>\u201cEso depende del a\u00f1o porque por ejemplo Espa\u00f1a tiene una industria potente de barcos de guerra y cuando vende una fragata a Noruega, como pas\u00f3 hace poco, pues claro, Noruega sale el primero en el ranking porque es car\u00edsima. A los pa\u00edses europeos y a los Estados Unidos se les vende cosas caras. Son armas que la gente no tiene la sensaci\u00f3n de que son las peores, comparadas con un misil, una bomba o una pistola. El comercio que hay en los pa\u00edses africanos o de Asia o Am\u00e9rica Latina va m\u00e1s ligado a las armas cortas, que son las que se usan en las guerras: a lo mejor la cantidad de dinero es baja pero son armas que matan mucho. Y es muy poco probable que la fragata de Noruega se use para matar a alguien. Algunos dicen que si se eliminase este industria ir\u00eda mucha gente a la calle pero no ser\u00eda ning\u00fan desastre, estamos hablando de unos miles de personas\u201d.<\/p>\n<p><strong>Hay pa\u00edses como Jap\u00f3n o Alemania que desde la Segunda Guerra Mundial iniciaron un proceso de reindustrializaci\u00f3n, y empresas que hac\u00edan escopetas de pronto empezaron a hacer transistores, se reciclaron y esto se podr\u00eda hacer&#8230;<\/strong><\/p>\n<p>\u201cEstamos seguros que la reconversi\u00f3n es tan f\u00e1cil como tener voluntad de hacerla. En Espa\u00f1a hay un caso muy claro: Gamesa es ahora una empresa l\u00edder que fabrica molinos de viento, es una multinacional, y antes de hacer estas estructuras met\u00e1licas hac\u00eda tanques y blindados. La industria armament\u00edstica en Espa\u00f1a involucra a unas 20.000 personas, no es una cantidad muy alta, y el 70% de lo que se fabrica es autoconsumo, pero eso es una trampa porque estamos manteniendo empresas que tienen garantizada la venta de lo que hacen, no tienen una competencia clara. Si el 70% ya te lo compra el ej\u00e9rcito para los pr\u00f3ximos a\u00f1os, eso encarece el producto. Hoy en d\u00eda estamos pagando un coste adicional para mantener una industria muy parasitaria del Estado que recibe, adem\u00e1s de los presupuestos, ayudas directas a la investigaci\u00f3n, un aut\u00e9ntico dineral para crear nuevas armas. Hubo un a\u00f1o, por cierto en la \u00e9poca Aznar, en el que la aportaci\u00f3n a la investigaci\u00f3n y el desarrollo militar era m\u00e1s alta que lo que se destinaba al I+D civil y a partir de all\u00ed la investigaci\u00f3n civil ha subido pero la militar se ha mantenido, cada a\u00f1o son unos mil millones de euros, algo que pagamos todos nosotros\u201d.<\/p>\n<p><strong>\u00bfYa no se hacen ni se venden bombas de racimo?<\/strong><\/p>\n<p>\u201cDesde el 2008 ya no se puede hacer por ley, est\u00e1n prohibidas y no se pueden ni vender, ni almacenar ni exportar pero el problema es que se hab\u00edan vendido muchas anteriormente. Nosotros sospechamos que las dos empresas que las fabricaban, una en Zaragoza y la otra en C\u00e1ceres, pueden haber transferido esa tecnolog\u00eda a otras empresas. Llegaron a acuerdos con empresas similares en Brasil, un pa\u00eds que no ha firmado ese tratado, y como su objetivo es convertirse en potencia mundial y uno de los componentes para conseguirlo es la producci\u00f3n militar&#8230; Es as\u00ed de triste pero es as\u00ed en el contexto actual. Estados Unidos ha conseguido ser la potencia hegem\u00f3nica gracias a esto. En el tema de las bombas de racimo, cuando se incorpore la legislaci\u00f3n internacional a la ley nacional, que tiene que hacerse este a\u00f1o y ya hay una propuesta encima de la mesa, quieren que se incorpore tambi\u00e9n la financiaci\u00f3n de las empresas que las fabrican porque nosotros podemos estar colaborando a trav\u00e9s de las entidades financieras de aqu\u00ed, dando cr\u00e9ditos y facilitando las cosas a otras empresas de Estados Unidos que fabrican esas bombas y que no han firmado ese tratado.\u201d.<\/p>\n<p><strong>Entonces, estamos ante un caso flagrante de hipocres\u00eda y de falta de \u00e9tica, porque por un lado, de cara a la galer\u00eda los pol\u00edticos hacen alegatos a favor de la paz y condenan guerras y conflictos armados que por otro lado financian. El propio Zapatero lleg\u00f3 al poder, en buena medida, gracias a abanderar el no a Irak\u2026<\/strong><\/p>\n<p>\u201cLa hipocres\u00eda forma parte de las relaciones internacionales, los gobiernos tienen que decir a su poblaci\u00f3n que est\u00e1n a favor de la paz&#8230;Zapatero dijo no a Irak pero dio el s\u00ed a Afganist\u00e1n y ahora el s\u00ed a Libia. Es una hipocres\u00eda que hay que denunciar. Desde que existe la democracia, la cosa no ha cambiado sino que la tendencia es la misma, de aumentar la producci\u00f3n, venta de armamento y la participaci\u00f3n en conflictos armados, est\u00e9 el PP o el PSOE. La pol\u00edtica de defensa no ha cambiado, hay cosas que est\u00e1n bien amarradas, es lo que llamamos el complejo militar-industrial, la relaci\u00f3n que hay entre los militares de carrera y las industrias que hacen las armas y hay casos de personas con mucho poder en el Ministerio de Defensa que despu\u00e9s han tenido mucho poder en alguna empresa de armas. Desde que Serra se fue a La Caixa, tambi\u00e9n encontramos algo de financiaci\u00f3n de armas, est\u00e1 todo ligado\u201d.<\/p>\n<p><strong>Precisamente La Caixa se ha comprometido recientemente a no participar en operaciones de financiaci\u00f3n o exportaci\u00f3n de material de uso b\u00e9lico. \u00bfQu\u00e9 le parece?<\/strong><\/p>\n<p>\u201cEn este momento de posicionamiento, quiz\u00e1s es una parte de su estrategia, pero dicen que no invertir\u00e1n en ciertas armas, que no financiar\u00e1n armas de uso b\u00e9lico y esa afirmaci\u00f3n es muy abstracta. Son normativas que no sabes muy bien c\u00f3mo se aplican y qui\u00e9n las controla. Es un paso, eso significa que se preocupan del tema y quiz\u00e1s dentro de unos a\u00f1os los bancos se vean obligados a no financiar armas y la gente lo ver\u00e1 normal\u201d.<\/p>\n<p><strong><a href=\"https:\/\/www.revistarambla.com\/wp-content\/uploads\/2011\/05\/jordi calvo2(1).jpg\"><img decoding=\"async\" class=\"alignright wp-image-940 size-full\" style=\"width: 230px; height: 453px; margin-left: 6px; margin-right: 6px; float: right;\" src=\"https:\/\/www.revistarambla.com\/wp-content\/uploads\/2011\/05\/jordi calvo2(1).jpg\" alt=\"EXPORTACI\u00d3N ARMAS ESPA\u00d1A\" width=\"230\" height=\"453\" srcset=\"https:\/\/www.revistarambla.com\/wp-content\/uploads\/2011\/05\/jordi%20calvo2(1).jpg 230w, https:\/\/www.revistarambla.com\/wp-content\/uploads\/2011\/05\/jordi%20calvo2(1)-152x300.jpg 152w\" sizes=\"(max-width: 230px) 100vw, 230px\" \/><\/a>\u00bfEs realmente posible vivir en un mundo sin armas o es una utop\u00eda?<\/strong><\/p>\n<p>\u201cEs una utop\u00eda y nos sirve para acercarnos a ella. Ser\u00eda posible si quisi\u00e9ramos. Si haces esta pregunta a los Estados Unidos te dir\u00edan que es impensable, que ser\u00eda un caos, y en cambio hay pa\u00edses que no tienen ej\u00e9rcito, aunque s\u00ed polic\u00eda. Es un tema cultural, vivimos en una cultura de la violencia y el arma forma parte de eso y a trav\u00e9s de la televisi\u00f3n o los videojuegos la vamos normalizando. Si hay m\u00e1s armas hay m\u00e1s violencia, es algo autom\u00e1tico\u201d.<\/p>\n<p><strong>Desde las ONG\u2019s, asociaciones para la paz y dem\u00e1s entidades sociales y culturales relacionadas, \u00bfqu\u00e9 se puede hacer para combatir esta lacra, aparte de estudios, campa\u00f1as y advertencias, que casi nunca son vinculantes y que no tienen suficiente repercusi\u00f3n medi\u00e1tica? <\/strong><\/p>\n<p>\u201cNosotros tenemos una lista de campa\u00f1as contra el desarme: desde las que intentan prohibir armas, como las minas antipersonas o las bombas de dispersi\u00f3n&#8230;La iniciativa es una mezcla de sociedad civil y algunos aliados en los gobiernos. Lo de las minas antipersonas lo empezaron tres o cuatro personas a finales de los 80 y despu\u00e9s de muchos a\u00f1os la cosa fructific\u00f3\u201d.<\/p>\n<p><strong>Pero es una lucha muy desigual, ellos tienen m\u00e1s poder y las armas y vosotros s\u00f3lo las palabras.<\/strong><\/p>\n<p>\u201cPero nosotros tenemos la raz\u00f3n, y cuando te sientas en alguna mesa a hablar del tema con los pol\u00edticos, no te pueden decir que no. Claro que los industriales hacen su lobby. A la hora de hablar, el entendimiento en cuanto a valores y contenido es total, pero el problema es que te dicen: \u2018esto no se puede hacer\u2019, y claro, tenemos que presionar m\u00e1s. La presi\u00f3n tiene que venir desde fuera, nuestra fuerza es tener muchos socios, el respaldo de la opini\u00f3n p\u00fablica\u201d.<\/p>\n<p><strong>\u00bfQu\u00e9 cuota de responsabilidad tienen los medios de comunicaci\u00f3n, especialmente la televisi\u00f3n, en el fomento de la violencia? En los informativos hay una tendencia a la alarma social y a hacer \u00e9nfasis en hechos negativos o morbosos, acompa\u00f1adas de una cuantiosa raci\u00f3n de sangre\u2026<\/strong><\/p>\n<p>\u201cEl an\u00e1lisis que hacemos estar\u00eda m\u00e1s relacionado con la generaci\u00f3n de una cultura de la violencia. Nosotros trabajamos para la cultura de la paz, basada en unos valores y una manera de comunicar y de tratar a los dem\u00e1s&#8230;La cultura de la violencia est\u00e1 por todos los sitios. Esto tambi\u00e9n es consecuencia de los valores del sistema en el que estamos, muy competitivo, de ganar al otro&#8230;y esa violencia tambi\u00e9n est\u00e1 alimentada por los videojuegos: juegas a matar, te dan puntos, es muy sanguinario. Y las pel\u00edculas que vemos est\u00e1n muy basadas en las armas. Nosotros nos hemos educado en eso y es dif\u00edcil luchar en contra pero es importante decirlo y denunciarlo y aplicarnos el cuento en casa, haciendo la tarea adecuada en casa, con la familia. Si ves que el arma mata, te quedas con la copla. Ver violencia te la normaliza\u201d.<\/p>\n<p><strong>Desde una perspectiva occidental, nos han inculcado que la violencia era la reacci\u00f3n t\u00edpica de la gente primaria e instintiva, algo propio de culturas menos desarrolladas, pero desde los atentados a las torres gemelas algunos nos dimos cuenta de que, si analizas el contexto, ves que la violencia a veces es el \u00faltimo recurso ante la desesperaci\u00f3n, la \u00fanica respuesta a una situaci\u00f3n de pobreza y desigualdad profunda e injusta porque las otras v\u00edas se han agotado, la \u00fanica forma de llamar la atenci\u00f3n ante una indiferencia cr\u00f3nica por parte de pa\u00edses que directa o indirectamente han provocado esta situaci\u00f3n de miseria\u2026<\/strong><\/p>\n<p>\u201c\u00c9ste es el marco de la violencia estructural, que ser\u00eda la pobreza: recibes violencia del sistema y de la sociedad y normalmente respondes con violencia. Eso te lleva a la violencia cultural, que forma parte de la normalidad, y a la violencia directa, que es la que conocemos: disparar el arma o da\u00f1ar a alguien\u201d.<\/p>\n<p><strong>\u00bfLa presencia constante de guerras por todo el mundo es la prueba de que los humanos no hemos aprendido todav\u00eda la lecci\u00f3n? Lo digo porque parec\u00eda que despu\u00e9s de Hiroshima y Nagasaki hab\u00edamos llegado a un cierto compromiso moral y a una cierta conciencia de no repetir determinados actos y hechos\u2026<\/strong><\/p>\n<p>\u201cLa tendencia no es buena y desde hace d\u00e9cadas podemos decir que hay unos 30 o 40 conflictos armados en el mundo continuamente, ahora mismo. Quiz\u00e1s son conflictos m\u00e1s internos, pero eso no significa que no participen los de fuera, pero no son entre Estados, como antes. Eso ha cambiado aunque los actores tradicionales suelen ser los mismos porque tienen unos intereses y unos empresas all\u00ed&#8230;La cosa no va a mejor, queda mucho por hacer\u201d.<\/p>\n<p><strong>La violencia engendra m\u00e1s violencia pero el di\u00e1logo no siempre genera m\u00e1s di\u00e1logo. \u00bfEst\u00e1 de acuerdo?<\/strong><\/p>\n<p>\u201cPues te dir\u00eda que no. Hay espacios que han ido ganando, hace 500 a\u00f1os era habitual una guerra entre Barcelona y Tarragona por decir algo. Si lo miramos en positivo, han habido marcos de di\u00e1logo entre Estados a nivel de la Uni\u00f3n Europea, ahora mismo ser\u00eda impensable que existiera una guerra entre Estados. Ahora deber\u00edamos ir un paso m\u00e1s all\u00e1, profundizar en eso, para que no haya esas otras guerras internas o que los pa\u00edses no se salten ciertas normativas en cu\u00e1nto a armas\u201d.<\/p>","protected":false},"excerpt":{"rendered":"<p>Lograr el progresivo desarme del mundo. Este objetivo, que muchos calificar\u00edamos impulsivamente como quimera, es lo que mueve diariamente a Jordi Calvo, investigador del Centro de Estudios para la Paz. Con Arcadi Oliveres como referente y est\u00edmulo cercano, este joven valenciano no pone la otra mejilla sino que lucha con [&hellip;]<\/p>\n","protected":false},"author":40,"featured_media":0,"comment_status":"open","ping_status":"open","sticky":false,"template":"","format":"standard","meta":{"footnotes":""},"categories":[3,76],"tags":[],"class_list":["post-941","post","type-post","status-publish","format-standard","hentry","category-actualidad","category-barcelona"],"yoast_head":"<!-- This site is optimized with the Yoast SEO plugin v27.5 - https:\/\/yoast.com\/product\/yoast-seo-wordpress\/ -->\n<title>Jordi Calvo sobre la exportaci\u00f3n de armas de Espa\u00f1a - Revista Rambla<\/title>\n<meta name=\"description\" content=\"Jordi Calvo: &quot;Espa\u00f1a s\u00ed est\u00e1 en el G-8 en cuanto a exportaci\u00f3n de armas\u201d. Lograr el progresivo desarme del mundo. Este objetivo, que muchos califica...\" \/>\n<meta name=\"robots\" content=\"index, follow, max-snippet:-1, max-image-preview:large, max-video-preview:-1\" \/>\n<link rel=\"canonical\" href=\"https:\/\/www.revistarambla.com\/en\/jordi-calvo-espana-si-esta-en-el-g-8-en-cuanto-a-exportacion-de-armas\/\" \/>\n<meta property=\"og:locale\" content=\"en_GB\" \/>\n<meta property=\"og:type\" content=\"article\" \/>\n<meta property=\"og:title\" content=\"Jordi Calvo sobre la exportaci\u00f3n de armas de Espa\u00f1a - Revista Rambla\" \/>\n<meta property=\"og:description\" content=\"Jordi Calvo: &quot;Espa\u00f1a s\u00ed est\u00e1 en el G-8 en cuanto a exportaci\u00f3n de armas\u201d. Lograr el progresivo desarme del mundo. Este objetivo, que muchos califica...\" \/>\n<meta property=\"og:url\" content=\"https:\/\/www.revistarambla.com\/en\/jordi-calvo-espana-si-esta-en-el-g-8-en-cuanto-a-exportacion-de-armas\/\" \/>\n<meta property=\"og:site_name\" content=\"Revista Rambla\" \/>\n<meta property=\"article:publisher\" content=\"https:\/\/www.facebook.com\/revistarambla\/\" \/>\n<meta property=\"article:author\" content=\"https:\/\/www.facebook.com\/carles.batalla.7\" \/>\n<meta property=\"article:published_time\" content=\"2011-05-25T04:22:41+00:00\" \/>\n<meta property=\"article:modified_time\" content=\"2021-12-08T19:49:37+00:00\" \/>\n<meta property=\"og:image\" content=\"https:\/\/www.revistarambla.com\/wp-content\/uploads\/2011\/05\/jordi%20calvo3.jpg\" \/>\n\t<meta property=\"og:image:width\" content=\"250\" \/>\n\t<meta property=\"og:image:height\" content=\"167\" \/>\n\t<meta property=\"og:image:type\" content=\"image\/jpeg\" \/>\n<meta name=\"author\" content=\"Carles Batalla\" \/>\n<meta name=\"twitter:card\" content=\"summary_large_image\" \/>\n<meta name=\"twitter:creator\" content=\"@batallacarles\" \/>\n<meta name=\"twitter:site\" content=\"@revistarambla\" \/>\n<meta name=\"twitter:label1\" content=\"Written by\" \/>\n\t<meta name=\"twitter:data1\" content=\"Carles Batalla\" \/>\n\t<meta name=\"twitter:label2\" content=\"Estimated reading time\" \/>\n\t<meta name=\"twitter:data2\" content=\"13 minutes\" \/>\n<script type=\"application\/ld+json\" class=\"yoast-schema-graph\">{\"@context\":\"https:\\\/\\\/schema.org\",\"@graph\":[{\"@type\":\"Article\",\"@id\":\"https:\\\/\\\/www.revistarambla.com\\\/jordi-calvo-espana-si-esta-en-el-g-8-en-cuanto-a-exportacion-de-armas\\\/#article\",\"isPartOf\":{\"@id\":\"https:\\\/\\\/www.revistarambla.com\\\/jordi-calvo-espana-si-esta-en-el-g-8-en-cuanto-a-exportacion-de-armas\\\/\"},\"author\":{\"name\":\"Carles Batalla\",\"@id\":\"https:\\\/\\\/www.revistarambla.com\\\/#\\\/schema\\\/person\\\/6929729dc40824a1c398a961398e6d97\"},\"headline\":\"Jordi Calvo: \u00abEspa\u00f1a s\u00ed est\u00e1 en el G-8 en cuanto a exportaci\u00f3n de armas\u00bb\",\"datePublished\":\"2011-05-25T04:22:41+00:00\",\"dateModified\":\"2021-12-08T19:49:37+00:00\",\"mainEntityOfPage\":{\"@id\":\"https:\\\/\\\/www.revistarambla.com\\\/jordi-calvo-espana-si-esta-en-el-g-8-en-cuanto-a-exportacion-de-armas\\\/\"},\"wordCount\":2549,\"commentCount\":0,\"publisher\":{\"@id\":\"https:\\\/\\\/www.revistarambla.com\\\/#organization\"},\"image\":{\"@id\":\"https:\\\/\\\/www.revistarambla.com\\\/jordi-calvo-espana-si-esta-en-el-g-8-en-cuanto-a-exportacion-de-armas\\\/#primaryimage\"},\"thumbnailUrl\":\"https:\\\/\\\/www.revistarambla.com\\\/wp-content\\\/uploads\\\/2011\\\/05\\\/jordi%20calvo01.jpg\",\"articleSection\":[\"Actualidad\",\"Barcelona\"],\"inLanguage\":\"en-GB\",\"potentialAction\":[{\"@type\":\"CommentAction\",\"name\":\"Comment\",\"target\":[\"https:\\\/\\\/www.revistarambla.com\\\/jordi-calvo-espana-si-esta-en-el-g-8-en-cuanto-a-exportacion-de-armas\\\/#respond\"]}]},{\"@type\":\"WebPage\",\"@id\":\"https:\\\/\\\/www.revistarambla.com\\\/jordi-calvo-espana-si-esta-en-el-g-8-en-cuanto-a-exportacion-de-armas\\\/\",\"url\":\"https:\\\/\\\/www.revistarambla.com\\\/jordi-calvo-espana-si-esta-en-el-g-8-en-cuanto-a-exportacion-de-armas\\\/\",\"name\":\"Jordi Calvo sobre la exportaci\u00f3n de armas de Espa\u00f1a - Revista Rambla\",\"isPartOf\":{\"@id\":\"https:\\\/\\\/www.revistarambla.com\\\/#website\"},\"primaryImageOfPage\":{\"@id\":\"https:\\\/\\\/www.revistarambla.com\\\/jordi-calvo-espana-si-esta-en-el-g-8-en-cuanto-a-exportacion-de-armas\\\/#primaryimage\"},\"image\":{\"@id\":\"https:\\\/\\\/www.revistarambla.com\\\/jordi-calvo-espana-si-esta-en-el-g-8-en-cuanto-a-exportacion-de-armas\\\/#primaryimage\"},\"thumbnailUrl\":\"https:\\\/\\\/www.revistarambla.com\\\/wp-content\\\/uploads\\\/2011\\\/05\\\/jordi%20calvo01.jpg\",\"datePublished\":\"2011-05-25T04:22:41+00:00\",\"dateModified\":\"2021-12-08T19:49:37+00:00\",\"description\":\"Jordi Calvo: \\\"Espa\u00f1a s\u00ed est\u00e1 en el G-8 en cuanto a exportaci\u00f3n de armas\u201d. Lograr el progresivo desarme del mundo. Este objetivo, que muchos califica...\",\"breadcrumb\":{\"@id\":\"https:\\\/\\\/www.revistarambla.com\\\/jordi-calvo-espana-si-esta-en-el-g-8-en-cuanto-a-exportacion-de-armas\\\/#breadcrumb\"},\"inLanguage\":\"en-GB\",\"potentialAction\":[{\"@type\":\"ReadAction\",\"target\":[\"https:\\\/\\\/www.revistarambla.com\\\/jordi-calvo-espana-si-esta-en-el-g-8-en-cuanto-a-exportacion-de-armas\\\/\"]}]},{\"@type\":\"ImageObject\",\"inLanguage\":\"en-GB\",\"@id\":\"https:\\\/\\\/www.revistarambla.com\\\/jordi-calvo-espana-si-esta-en-el-g-8-en-cuanto-a-exportacion-de-armas\\\/#primaryimage\",\"url\":\"https:\\\/\\\/www.revistarambla.com\\\/wp-content\\\/uploads\\\/2011\\\/05\\\/jordi%20calvo01.jpg\",\"contentUrl\":\"https:\\\/\\\/www.revistarambla.com\\\/wp-content\\\/uploads\\\/2011\\\/05\\\/jordi%20calvo01.jpg\"},{\"@type\":\"BreadcrumbList\",\"@id\":\"https:\\\/\\\/www.revistarambla.com\\\/jordi-calvo-espana-si-esta-en-el-g-8-en-cuanto-a-exportacion-de-armas\\\/#breadcrumb\",\"itemListElement\":[{\"@type\":\"ListItem\",\"position\":1,\"name\":\"Portada\",\"item\":\"https:\\\/\\\/www.revistarambla.com\\\/\"},{\"@type\":\"ListItem\",\"position\":2,\"name\":\"Jordi Calvo: \u00abEspa\u00f1a s\u00ed est\u00e1 en el G-8 en cuanto a exportaci\u00f3n de armas\u00bb\"}]},{\"@type\":\"WebSite\",\"@id\":\"https:\\\/\\\/www.revistarambla.com\\\/#website\",\"url\":\"https:\\\/\\\/www.revistarambla.com\\\/\",\"name\":\"Revista Rambla Barcelona\",\"description\":\"Periodismo independiente\",\"publisher\":{\"@id\":\"https:\\\/\\\/www.revistarambla.com\\\/#organization\"},\"potentialAction\":[{\"@type\":\"SearchAction\",\"target\":{\"@type\":\"EntryPoint\",\"urlTemplate\":\"https:\\\/\\\/www.revistarambla.com\\\/?s={search_term_string}\"},\"query-input\":{\"@type\":\"PropertyValueSpecification\",\"valueRequired\":true,\"valueName\":\"search_term_string\"}}],\"inLanguage\":\"en-GB\"},{\"@type\":\"Organization\",\"@id\":\"https:\\\/\\\/www.revistarambla.com\\\/#organization\",\"name\":\"Revista Rambla\",\"url\":\"https:\\\/\\\/www.revistarambla.com\\\/\",\"logo\":{\"@type\":\"ImageObject\",\"inLanguage\":\"en-GB\",\"@id\":\"https:\\\/\\\/www.revistarambla.com\\\/#\\\/schema\\\/logo\\\/image\\\/\",\"url\":\"https:\\\/\\\/www.revistarambla.com\\\/wp-content\\\/uploads\\\/2020\\\/09\\\/banner_rambla_1900x600_BB.png\",\"contentUrl\":\"https:\\\/\\\/www.revistarambla.com\\\/wp-content\\\/uploads\\\/2020\\\/09\\\/banner_rambla_1900x600_BB.png\",\"width\":1900,\"height\":600,\"caption\":\"Revista Rambla\"},\"image\":{\"@id\":\"https:\\\/\\\/www.revistarambla.com\\\/#\\\/schema\\\/logo\\\/image\\\/\"},\"sameAs\":[\"https:\\\/\\\/www.facebook.com\\\/revistarambla\\\/\",\"https:\\\/\\\/x.com\\\/revistarambla\",\"https:\\\/\\\/www.instagram.com\\\/revista_rambla\",\"https:\\\/\\\/es.linkedin.com\\\/company\\\/revista-rambla\"]},{\"@type\":\"Person\",\"@id\":\"https:\\\/\\\/www.revistarambla.com\\\/#\\\/schema\\\/person\\\/6929729dc40824a1c398a961398e6d97\",\"name\":\"Carles Batalla\",\"description\":\"Periodista y poeta.\",\"sameAs\":[\"https:\\\/\\\/www.facebook.com\\\/carles.batalla.7\",\"https:\\\/\\\/x.com\\\/batallacarles\"]}]}<\/script>\n<!-- \/ Yoast SEO plugin. -->","yoast_head_json":{"title":"Jordi Calvo sobre la exportaci\u00f3n de armas de Espa\u00f1a - Revista Rambla","description":"Jordi Calvo: \"Espa\u00f1a s\u00ed est\u00e1 en el G-8 en cuanto a exportaci\u00f3n de armas\u201d. Lograr el progresivo desarme del mundo. Este objetivo, que muchos califica...","robots":{"index":"index","follow":"follow","max-snippet":"max-snippet:-1","max-image-preview":"max-image-preview:large","max-video-preview":"max-video-preview:-1"},"canonical":"https:\/\/www.revistarambla.com\/en\/jordi-calvo-espana-si-esta-en-el-g-8-en-cuanto-a-exportacion-de-armas\/","og_locale":"en_GB","og_type":"article","og_title":"Jordi Calvo sobre la exportaci\u00f3n de armas de Espa\u00f1a - Revista Rambla","og_description":"Jordi Calvo: \"Espa\u00f1a s\u00ed est\u00e1 en el G-8 en cuanto a exportaci\u00f3n de armas\u201d. Lograr el progresivo desarme del mundo. Este objetivo, que muchos califica...","og_url":"https:\/\/www.revistarambla.com\/en\/jordi-calvo-espana-si-esta-en-el-g-8-en-cuanto-a-exportacion-de-armas\/","og_site_name":"Revista Rambla","article_publisher":"https:\/\/www.facebook.com\/revistarambla\/","article_author":"https:\/\/www.facebook.com\/carles.batalla.7","article_published_time":"2011-05-25T04:22:41+00:00","article_modified_time":"2021-12-08T19:49:37+00:00","og_image":[{"width":250,"height":167,"url":"https:\/\/www.revistarambla.com\/wp-content\/uploads\/2011\/05\/jordi calvo3.jpg","type":"image\/jpeg"}],"author":"Carles Batalla","twitter_card":"summary_large_image","twitter_creator":"@batallacarles","twitter_site":"@revistarambla","twitter_misc":{"Written by":"Carles Batalla","Estimated reading time":"13 minutes"},"schema":{"@context":"https:\/\/schema.org","@graph":[{"@type":"Article","@id":"https:\/\/www.revistarambla.com\/jordi-calvo-espana-si-esta-en-el-g-8-en-cuanto-a-exportacion-de-armas\/#article","isPartOf":{"@id":"https:\/\/www.revistarambla.com\/jordi-calvo-espana-si-esta-en-el-g-8-en-cuanto-a-exportacion-de-armas\/"},"author":{"name":"Carles Batalla","@id":"https:\/\/www.revistarambla.com\/#\/schema\/person\/6929729dc40824a1c398a961398e6d97"},"headline":"Jordi Calvo: \u00abEspa\u00f1a s\u00ed est\u00e1 en el G-8 en cuanto a exportaci\u00f3n de armas\u00bb","datePublished":"2011-05-25T04:22:41+00:00","dateModified":"2021-12-08T19:49:37+00:00","mainEntityOfPage":{"@id":"https:\/\/www.revistarambla.com\/jordi-calvo-espana-si-esta-en-el-g-8-en-cuanto-a-exportacion-de-armas\/"},"wordCount":2549,"commentCount":0,"publisher":{"@id":"https:\/\/www.revistarambla.com\/#organization"},"image":{"@id":"https:\/\/www.revistarambla.com\/jordi-calvo-espana-si-esta-en-el-g-8-en-cuanto-a-exportacion-de-armas\/#primaryimage"},"thumbnailUrl":"https:\/\/www.revistarambla.com\/wp-content\/uploads\/2011\/05\/jordi%20calvo01.jpg","articleSection":["Actualidad","Barcelona"],"inLanguage":"en-GB","potentialAction":[{"@type":"CommentAction","name":"Comment","target":["https:\/\/www.revistarambla.com\/jordi-calvo-espana-si-esta-en-el-g-8-en-cuanto-a-exportacion-de-armas\/#respond"]}]},{"@type":"WebPage","@id":"https:\/\/www.revistarambla.com\/jordi-calvo-espana-si-esta-en-el-g-8-en-cuanto-a-exportacion-de-armas\/","url":"https:\/\/www.revistarambla.com\/jordi-calvo-espana-si-esta-en-el-g-8-en-cuanto-a-exportacion-de-armas\/","name":"Jordi Calvo sobre la exportaci\u00f3n de armas de Espa\u00f1a - Revista Rambla","isPartOf":{"@id":"https:\/\/www.revistarambla.com\/#website"},"primaryImageOfPage":{"@id":"https:\/\/www.revistarambla.com\/jordi-calvo-espana-si-esta-en-el-g-8-en-cuanto-a-exportacion-de-armas\/#primaryimage"},"image":{"@id":"https:\/\/www.revistarambla.com\/jordi-calvo-espana-si-esta-en-el-g-8-en-cuanto-a-exportacion-de-armas\/#primaryimage"},"thumbnailUrl":"https:\/\/www.revistarambla.com\/wp-content\/uploads\/2011\/05\/jordi%20calvo01.jpg","datePublished":"2011-05-25T04:22:41+00:00","dateModified":"2021-12-08T19:49:37+00:00","description":"Jordi Calvo: \"Espa\u00f1a s\u00ed est\u00e1 en el G-8 en cuanto a exportaci\u00f3n de armas\u201d. Lograr el progresivo desarme del mundo. Este objetivo, que muchos califica...","breadcrumb":{"@id":"https:\/\/www.revistarambla.com\/jordi-calvo-espana-si-esta-en-el-g-8-en-cuanto-a-exportacion-de-armas\/#breadcrumb"},"inLanguage":"en-GB","potentialAction":[{"@type":"ReadAction","target":["https:\/\/www.revistarambla.com\/jordi-calvo-espana-si-esta-en-el-g-8-en-cuanto-a-exportacion-de-armas\/"]}]},{"@type":"ImageObject","inLanguage":"en-GB","@id":"https:\/\/www.revistarambla.com\/jordi-calvo-espana-si-esta-en-el-g-8-en-cuanto-a-exportacion-de-armas\/#primaryimage","url":"https:\/\/www.revistarambla.com\/wp-content\/uploads\/2011\/05\/jordi%20calvo01.jpg","contentUrl":"https:\/\/www.revistarambla.com\/wp-content\/uploads\/2011\/05\/jordi%20calvo01.jpg"},{"@type":"BreadcrumbList","@id":"https:\/\/www.revistarambla.com\/jordi-calvo-espana-si-esta-en-el-g-8-en-cuanto-a-exportacion-de-armas\/#breadcrumb","itemListElement":[{"@type":"ListItem","position":1,"name":"Portada","item":"https:\/\/www.revistarambla.com\/"},{"@type":"ListItem","position":2,"name":"Jordi Calvo: \u00abEspa\u00f1a s\u00ed est\u00e1 en el G-8 en cuanto a exportaci\u00f3n de armas\u00bb"}]},{"@type":"WebSite","@id":"https:\/\/www.revistarambla.com\/#website","url":"https:\/\/www.revistarambla.com\/","name":"Revista Rambla Barcelona","description":"Periodismo independiente","publisher":{"@id":"https:\/\/www.revistarambla.com\/#organization"},"potentialAction":[{"@type":"SearchAction","target":{"@type":"EntryPoint","urlTemplate":"https:\/\/www.revistarambla.com\/?s={search_term_string}"},"query-input":{"@type":"PropertyValueSpecification","valueRequired":true,"valueName":"search_term_string"}}],"inLanguage":"en-GB"},{"@type":"Organization","@id":"https:\/\/www.revistarambla.com\/#organization","name":"Revista Rambla","url":"https:\/\/www.revistarambla.com\/","logo":{"@type":"ImageObject","inLanguage":"en-GB","@id":"https:\/\/www.revistarambla.com\/#\/schema\/logo\/image\/","url":"https:\/\/www.revistarambla.com\/wp-content\/uploads\/2020\/09\/banner_rambla_1900x600_BB.png","contentUrl":"https:\/\/www.revistarambla.com\/wp-content\/uploads\/2020\/09\/banner_rambla_1900x600_BB.png","width":1900,"height":600,"caption":"Revista Rambla"},"image":{"@id":"https:\/\/www.revistarambla.com\/#\/schema\/logo\/image\/"},"sameAs":["https:\/\/www.facebook.com\/revistarambla\/","https:\/\/x.com\/revistarambla","https:\/\/www.instagram.com\/revista_rambla","https:\/\/es.linkedin.com\/company\/revista-rambla"]},{"@type":"Person","@id":"https:\/\/www.revistarambla.com\/#\/schema\/person\/6929729dc40824a1c398a961398e6d97","name":"Carles Batalla","description":"Periodista y poeta.","sameAs":["https:\/\/www.facebook.com\/carles.batalla.7","https:\/\/x.com\/batallacarles"]}]}},"_links":{"self":[{"href":"https:\/\/www.revistarambla.com\/en\/wp-json\/wp\/v2\/posts\/941","targetHints":{"allow":["GET"]}}],"collection":[{"href":"https:\/\/www.revistarambla.com\/en\/wp-json\/wp\/v2\/posts"}],"about":[{"href":"https:\/\/www.revistarambla.com\/en\/wp-json\/wp\/v2\/types\/post"}],"author":[{"embeddable":true,"href":"https:\/\/www.revistarambla.com\/en\/wp-json\/wp\/v2\/users\/40"}],"replies":[{"embeddable":true,"href":"https:\/\/www.revistarambla.com\/en\/wp-json\/wp\/v2\/comments?post=941"}],"version-history":[{"count":0,"href":"https:\/\/www.revistarambla.com\/en\/wp-json\/wp\/v2\/posts\/941\/revisions"}],"wp:attachment":[{"href":"https:\/\/www.revistarambla.com\/en\/wp-json\/wp\/v2\/media?parent=941"}],"wp:term":[{"taxonomy":"category","embeddable":true,"href":"https:\/\/www.revistarambla.com\/en\/wp-json\/wp\/v2\/categories?post=941"},{"taxonomy":"post_tag","embeddable":true,"href":"https:\/\/www.revistarambla.com\/en\/wp-json\/wp\/v2\/tags?post=941"}],"curies":[{"name":"wp","href":"https:\/\/api.w.org\/{rel}","templated":true}]}}