{"id":919,"date":"2011-05-21T04:32:55","date_gmt":"2011-05-21T02:32:55","guid":{"rendered":"https:\/\/www.revistarambla.com\/xavier-trias-mi-obsesion-es-cuidar-del-bienestar-de-la-gente\/"},"modified":"2021-12-08T20:50:08","modified_gmt":"2021-12-08T19:50:08","slug":"xavier-trias-mi-obsesion-es-cuidar-del-bienestar-de-la-gente","status":"publish","type":"post","link":"https:\/\/www.revistarambla.com\/en\/xavier-trias-mi-obsesion-es-cuidar-del-bienestar-de-la-gente\/","title":{"rendered":"Xavier Trias: \u00abMi obsesi\u00f3n es cuidar del bienestar de la gente\u00bb"},"content":{"rendered":"<p><img decoding=\"async\" class=\"aligncenter\" src=\"https:\/\/www.revistarambla.com\/wp-content\/uploads\/2011\/05\/trias.jpg\" alt=\"alt\" width=\"612\" height=\"238\" \/><\/p>\n<p><strong>\u00bfCu\u00e1les son los ejes del programa de CIU?<\/strong><\/p>\n<p>\u201cDespu\u00e9s de 32 a\u00f1os en los que han gobernado los mismos, ofrecemos un cambio en positivo para Barcelona que tenga como prioridad a las personas y que d\u00e9 respuesta a las necesidades de la gente para convertir la ciudad en un referente mundial en calidad de vida. El primer objetivo es luchar para salir de la crisis manteniendo una obsesi\u00f3n: la creaci\u00f3n de puestos de trabajo, trabajar para que no se cierren empresas y pensando en el hecho de que nadie puede quedarse atr\u00e1s. Y ofreciendo una nueva manera de hacer pol\u00edtica que tiene, como ejes principales, escuchar a la gente, colaborar con la sociedad civil sin hacerle la competencia y todo en el marco de una administraci\u00f3n que ser\u00e1 ejemplar por su austeridad y por hacer cumplir las normas\u201d.<\/p>\n<p><strong>\u00bfEl ambiente de crispaci\u00f3n generado a ra\u00edz de los recortes en sanidad y las posteriores manifestaciones les puede ir en contra o al contrario, cree que todav\u00eda se ver\u00e1n beneficiados por la inercia de las auton\u00f3micas?<\/strong><\/p>\n<p>\u201cEn Barcelona hay mucho deseo de cambio, deseo de que las cosas sean distintas, de que se gestione el Ayuntamiento de manera diferente. Y creo que la gente quiere personas serias, que gestionen con rigor y sentido com\u00fan el dinero que es de todos. Eso es lo que ofrecemos nosotros. El Govern de Artur Mas se ve obligado a poner al d\u00eda las cuentas de la Generalitat, despu\u00e9s de que el tripartito haya dejado las finanzas de Catalu\u00f1a en una situaci\u00f3n lamentable. En unos a\u00f1os se han gastado 7.600 euros m\u00e1s de los que ten\u00edan. Eso es una gran irresponsabilidad y creo que es una gran osad\u00eda que ahora intenten criticar los que intentamos poner un poco de orden\u201d.<\/p>\n<p><strong>Teniendo en cuenta que usted ha sido consejero de Sanidad, director del ICS y vocal de hospitales, a nivel catal\u00e1n y estatal, y que adem\u00e1s es licenciado en medicina, \u00bfc\u00f3mo valora las quejas originadas en el \u00e1mbito sanitario ante la amenaza de recortes? Habr\u00e1 especialidades muy afectadas, plantas que van a tener que cerrar, la calidad del servicio puede debilitarse, los profesionales, que ya tienen una presi\u00f3n laboral importante y un sueldo proporcionalmente bajo puede que no aguanten, los interinos no tendr\u00e1n plaza\u2026 \u00bfNo se siente un poco entre la espada y la pared?<\/strong><\/p>\n<p>\u201cA nadie le gusta tener que hacer recortes. En este sentido, el Govern de Artur Mas tampoco. El problema es que la Generalitat actualmente no tiene dinero. El gobierno del tripartito anterior se gast\u00f3 un dinero, much\u00edsimo dinero que no ten\u00eda, y ahora estamos obligados a cuadrar los n\u00fameros. El peor ataque contra las pol\u00edticas de bienestar es gastar mal. Ahora hay que aplicar un fuerte ajuste, pero no para desmontar el sistema ni para reducir su calidad sino para salvarlo, fortalecerlo y que pueda crecer en los pr\u00f3ximos ejercicios\u201d.<\/p>\n<p><strong>\u00bfQu\u00e9 aspectos positivos y negativos destacar\u00eda de los \u00faltimos a\u00f1os de mandato socialista en Barcelona?<\/strong><\/p>\n<p>\u201cDurante muchos a\u00f1os los socialistas han liderado con \u00e9xito el gobierno de la ciudad de Barcelona. La transformaci\u00f3n, vinculada a las Olimp\u00edadas de 1992, ha sido important\u00edsima y Pasqual Maragall fue un gran alcalde. Despu\u00e9s, las cosas se fueron torciendo. El PSC y los alcaldes que llegaron despu\u00e9s han aplicado pol\u00edticas err\u00f3neas, desarrollando una forma de gobernar y unas f\u00f3rmulas agotadas. Han olvidado a las personas y a su gente y s\u00f3lo se han dedicado a las piedras, al urbanismo puro y duro, al decorado\u201d.<\/p>\n<p><strong>\u00bfHace falta un relevo en el Ayuntamiento de Barcelona? \u00bfSi la Generalitat y el Ayuntamiento estuvieran gobernados por el mismo partido eso ayudar\u00eda al pa\u00eds en el sentido de tener un centro de poder m\u00e1s fuerte, unificado y cohesionado a la hora de tomar decisiones importantes? <\/strong><\/p>\n<p>\u201cYo soy partidario de la colaboraci\u00f3n y el acuerdo. Un alcalde debe ser exigente con la Generalitat para que cumpla sus compromisos con la ciudad, y yo lo ser\u00e9 con el Govern de Artur Mas, pero eso se puede hacer y lo har\u00e9 desde la lealtad institucional, estando al lado del gobierno de mi pa\u00eds y asumiendo los momentos de dificultad que nos toca vivir. Un error grave del PSC y de Jordi Hereu es que mientras han estado sus compa\u00f1eros de partido en la Generalitat \u00e9l estaba callado, sin molestar a nadie, y cuando CIU y Artur Mas han llegado al ejecutivo, entonces se le ha despertado la vena reivindicativa y se ha dedicado a reclamar todo lo que no se hab\u00eda atrevido a hacer hasta ahora. Ning\u00fan alcalde, ni el de la capital de Catalu\u00f1a, debe erigirse en el jefe de la oposici\u00f3n del Govern de la Generalitat, no es su rol. Yo luchar\u00e9 con Mas y su gobierno para exigir lo que le corresponde a Catalu\u00f1a pero desde la lealtad. Nos va a ir muy bien\u201d.<\/p>\n<p><strong>\u00bfQu\u00e9 es lo que le motiva a presentarse en estas elecciones? \u00bfLo percibe como su \u00faltima oportunidad para acceder al poder local despu\u00e9s de tantos intentos?<\/strong><\/p>\n<p>\u201cEstoy decidido a liderar la ciudad de Barcelona desde la alcald\u00eda para asumir los nuevos retos que afrontamos, estableciendo como prioridad m\u00e1xima las necesidades de las personas. Mi obsesi\u00f3n es cuidar del bienestar de la gente, servirles. Por eso me hice m\u00e9dico y por eso entr\u00e9 en la pol\u00edtica y por ese motivo ahora quiero ser el alcalde de Barcelona. Hace ocho a\u00f1os que trabajo para conseguirlo y estoy convencido que ahora los ciudadanos y ciudadanas de Barcelona me van a dar su confianza\u201d.<\/p>\n<p><strong>\u00bfLa seguridad es un tema prioritario dentro del programa de CIU? \u00bfSe plantean poner m\u00e1s c\u00e1maras, incrementar la dotaci\u00f3n policial?<\/strong><\/p>\n<p>\u201cSeg\u00fan datos oficiales, uno de cada cuatro barceloneses asegura haber sido v\u00edctima de un delito en los \u00faltimos a\u00f1os. Es intolerable que tengamos un \u00edndice de victimizaci\u00f3n que hace a\u00f1os que no se registraba. El se\u00f1or Hereu dice que ha puesto 1.000 agentes de la Guardia Urbana durante este mandato pero eso no es cierto. S\u00f3lo hemos aumentado la plantilla en poco m\u00e1s de 300 agentes y actualmente tenemos los mismos efectivos que en 1987. Nosotros implantaremos el modelo de guardia de barrio, que ser\u00e1 una persona con ra\u00edces en el territorio que har\u00e1 prevenci\u00f3n e interactuar\u00e1 con vecinos, comerciantes y con el tejido asociativo. Tambi\u00e9n exigiremos la dotaci\u00f3n de Mossos d\u2019Esquadra que le corresponde a la ciudad\u201d.<\/p>\n<p><strong>\u00bfQu\u00e9 opina del resto de l\u00edderes que rivalizan con usted por la alcald\u00eda?<\/strong><\/p>\n<p>\u201cRespeto la capacidad de trabajo de todos ellos y valoro como algo muy importante su determinaci\u00f3n para defender y hacer avanzar Barcelona; es con esta determinaci\u00f3n con la que quiero contar el d\u00eda despu\u00e9s de ganar las elecciones: para construir y superar, todos juntos, la actual de situaci\u00f3n de crisis que vivimos\u201d.<\/p>\n<p><strong>Otra cuesti\u00f3n esencial es la del turismo: supone una inyecci\u00f3n econ\u00f3mica nada despreciable pero tiene la contrapartida del ruido y de los que asocian diversi\u00f3n con alcohol y vandalismo, con el consiguiente estorbo que esto supone para los vecinos. \u00bfC\u00f3mo abordar\u00e1n este punto?<\/strong><\/p>\n<p>\u201cBarcelona es una marca de \u00e9xito en el mundo y el turismo es uno de los motores de nuestra actividad econ\u00f3mica. Este sector genera ocupaci\u00f3n y representa el 15% de la riqueza de la ciudad. A pesar de todo, conozco a personas que me dicen que los turistas les sobran. Debemos apostar por el turismo de calidad y que los vecinos perciban que la riqueza que nos dejan los visitantes revierte en la ciudad y, sobre todo, en los lugares que concentran m\u00e1s presencia de visitantes, como por ejemplo Ciutat Vella\u201d.<\/p>\n<p><strong>\u00bfLa abstenci\u00f3n y la desafecci\u00f3n del ciudadano ante la pol\u00edtica ser\u00e1n los otros enemigos a batir?<\/strong><\/p>\n<p>\u201cLa actual situaci\u00f3n de crisis econ\u00f3mica, el gran porcentaje de parados (hasta el punto de que en la ciudad de Barcelona hay m\u00e1s de 108.000), la crisis social que se deriva de eso, con decisiones err\u00f3neas tomadas desde la pol\u00edtica, han llevado a mucha gente a desilusionarse, a la desafecci\u00f3n. Desde la pol\u00edtica no nos vale s\u00f3lo con lamentarnos en \u00e9poca de elecciones o justo despu\u00e9s cuando las cifras de abstenci\u00f3n se disparan. Es responsabilidad de todos hacer frente a estos problemas, con una gesti\u00f3n p\u00fablica que destaque por su rigor y solvencia, que sea ejemplar y profundice en los mecanismos de participaci\u00f3n ciudadana. \u00c9se es el camino\u201d.<\/p>","protected":false},"excerpt":{"rendered":"<p>\u00bfCu\u00e1les son los ejes del programa de CIU? \u201cDespu\u00e9s de 32 a\u00f1os en los que han gobernado los mismos, ofrecemos un cambio en positivo para Barcelona que tenga como prioridad a las personas y que d\u00e9 respuesta a las necesidades de la gente para convertir la ciudad en un referente [&hellip;]<\/p>\n","protected":false},"author":40,"featured_media":0,"comment_status":"open","ping_status":"open","sticky":false,"template":"","format":"standard","meta":{"footnotes":""},"categories":[3,76],"tags":[],"class_list":["post-919","post","type-post","status-publish","format-standard","hentry","category-actualidad","category-barcelona"],"yoast_head":"<!-- This site is optimized with the Yoast SEO plugin v27.5 - https:\/\/yoast.com\/product\/yoast-seo-wordpress\/ -->\n<title>Xavier Trias: &quot;Mi obsesi\u00f3n es cuidar del bienestar de la gente&quot; - Revista Rambla<\/title>\n<meta name=\"robots\" content=\"index, follow, max-snippet:-1, max-image-preview:large, max-video-preview:-1\" \/>\n<link rel=\"canonical\" href=\"https:\/\/www.revistarambla.com\/en\/xavier-trias-mi-obsesion-es-cuidar-del-bienestar-de-la-gente\/\" \/>\n<meta property=\"og:locale\" content=\"en_GB\" \/>\n<meta property=\"og:type\" content=\"article\" \/>\n<meta property=\"og:title\" content=\"Xavier Trias: &quot;Mi obsesi\u00f3n es cuidar del bienestar de la gente&quot; - Revista Rambla\" \/>\n<meta property=\"og:description\" content=\"\u00bfCu\u00e1les son los ejes del programa de CIU? \u201cDespu\u00e9s de 32 a\u00f1os en los que han gobernado los mismos, ofrecemos un cambio en positivo para Barcelona que tenga como prioridad a las personas y que d\u00e9 respuesta a las necesidades de la gente para convertir la ciudad en un referente [&hellip;]\" \/>\n<meta property=\"og:url\" content=\"https:\/\/www.revistarambla.com\/en\/xavier-trias-mi-obsesion-es-cuidar-del-bienestar-de-la-gente\/\" \/>\n<meta property=\"og:site_name\" content=\"Revista Rambla\" \/>\n<meta property=\"article:publisher\" content=\"https:\/\/www.facebook.com\/revistarambla\/\" \/>\n<meta property=\"article:author\" content=\"https:\/\/www.facebook.com\/carles.batalla.7\" \/>\n<meta property=\"article:published_time\" content=\"2011-05-21T02:32:55+00:00\" \/>\n<meta property=\"article:modified_time\" content=\"2021-12-08T19:50:08+00:00\" \/>\n<meta property=\"og:image\" content=\"https:\/\/www.revistarambla.com\/wp-content\/uploads\/2011\/05\/trias2.jpg\" \/>\n\t<meta property=\"og:image:width\" content=\"250\" \/>\n\t<meta property=\"og:image:height\" content=\"180\" \/>\n\t<meta property=\"og:image:type\" content=\"image\/jpeg\" \/>\n<meta name=\"author\" content=\"Carles Batalla\" \/>\n<meta name=\"twitter:card\" content=\"summary_large_image\" \/>\n<meta name=\"twitter:creator\" content=\"@batallacarles\" \/>\n<meta name=\"twitter:site\" content=\"@revistarambla\" \/>\n<meta name=\"twitter:label1\" content=\"Written by\" \/>\n\t<meta name=\"twitter:data1\" content=\"Carles Batalla\" \/>\n\t<meta name=\"twitter:label2\" content=\"Estimated reading time\" \/>\n\t<meta name=\"twitter:data2\" content=\"7 minutes\" \/>\n<script type=\"application\/ld+json\" class=\"yoast-schema-graph\">{\"@context\":\"https:\\\/\\\/schema.org\",\"@graph\":[{\"@type\":\"Article\",\"@id\":\"https:\\\/\\\/www.revistarambla.com\\\/xavier-trias-mi-obsesion-es-cuidar-del-bienestar-de-la-gente\\\/#article\",\"isPartOf\":{\"@id\":\"https:\\\/\\\/www.revistarambla.com\\\/xavier-trias-mi-obsesion-es-cuidar-del-bienestar-de-la-gente\\\/\"},\"author\":{\"name\":\"Carles Batalla\",\"@id\":\"https:\\\/\\\/www.revistarambla.com\\\/#\\\/schema\\\/person\\\/6929729dc40824a1c398a961398e6d97\"},\"headline\":\"Xavier Trias: \u00abMi obsesi\u00f3n es cuidar del bienestar de la gente\u00bb\",\"datePublished\":\"2011-05-21T02:32:55+00:00\",\"dateModified\":\"2021-12-08T19:50:08+00:00\",\"mainEntityOfPage\":{\"@id\":\"https:\\\/\\\/www.revistarambla.com\\\/xavier-trias-mi-obsesion-es-cuidar-del-bienestar-de-la-gente\\\/\"},\"wordCount\":1488,\"commentCount\":0,\"publisher\":{\"@id\":\"https:\\\/\\\/www.revistarambla.com\\\/#organization\"},\"image\":{\"@id\":\"https:\\\/\\\/www.revistarambla.com\\\/xavier-trias-mi-obsesion-es-cuidar-del-bienestar-de-la-gente\\\/#primaryimage\"},\"thumbnailUrl\":\"https:\\\/\\\/www.revistarambla.com\\\/wp-content\\\/uploads\\\/2011\\\/05\\\/trias.jpg\",\"articleSection\":[\"Actualidad\",\"Barcelona\"],\"inLanguage\":\"en-GB\",\"potentialAction\":[{\"@type\":\"CommentAction\",\"name\":\"Comment\",\"target\":[\"https:\\\/\\\/www.revistarambla.com\\\/xavier-trias-mi-obsesion-es-cuidar-del-bienestar-de-la-gente\\\/#respond\"]}]},{\"@type\":\"WebPage\",\"@id\":\"https:\\\/\\\/www.revistarambla.com\\\/xavier-trias-mi-obsesion-es-cuidar-del-bienestar-de-la-gente\\\/\",\"url\":\"https:\\\/\\\/www.revistarambla.com\\\/xavier-trias-mi-obsesion-es-cuidar-del-bienestar-de-la-gente\\\/\",\"name\":\"Xavier Trias: \\\"Mi obsesi\u00f3n es cuidar del bienestar de la gente\\\" - Revista Rambla\",\"isPartOf\":{\"@id\":\"https:\\\/\\\/www.revistarambla.com\\\/#website\"},\"primaryImageOfPage\":{\"@id\":\"https:\\\/\\\/www.revistarambla.com\\\/xavier-trias-mi-obsesion-es-cuidar-del-bienestar-de-la-gente\\\/#primaryimage\"},\"image\":{\"@id\":\"https:\\\/\\\/www.revistarambla.com\\\/xavier-trias-mi-obsesion-es-cuidar-del-bienestar-de-la-gente\\\/#primaryimage\"},\"thumbnailUrl\":\"https:\\\/\\\/www.revistarambla.com\\\/wp-content\\\/uploads\\\/2011\\\/05\\\/trias.jpg\",\"datePublished\":\"2011-05-21T02:32:55+00:00\",\"dateModified\":\"2021-12-08T19:50:08+00:00\",\"breadcrumb\":{\"@id\":\"https:\\\/\\\/www.revistarambla.com\\\/xavier-trias-mi-obsesion-es-cuidar-del-bienestar-de-la-gente\\\/#breadcrumb\"},\"inLanguage\":\"en-GB\",\"potentialAction\":[{\"@type\":\"ReadAction\",\"target\":[\"https:\\\/\\\/www.revistarambla.com\\\/xavier-trias-mi-obsesion-es-cuidar-del-bienestar-de-la-gente\\\/\"]}]},{\"@type\":\"ImageObject\",\"inLanguage\":\"en-GB\",\"@id\":\"https:\\\/\\\/www.revistarambla.com\\\/xavier-trias-mi-obsesion-es-cuidar-del-bienestar-de-la-gente\\\/#primaryimage\",\"url\":\"https:\\\/\\\/www.revistarambla.com\\\/wp-content\\\/uploads\\\/2011\\\/05\\\/trias.jpg\",\"contentUrl\":\"https:\\\/\\\/www.revistarambla.com\\\/wp-content\\\/uploads\\\/2011\\\/05\\\/trias.jpg\"},{\"@type\":\"BreadcrumbList\",\"@id\":\"https:\\\/\\\/www.revistarambla.com\\\/xavier-trias-mi-obsesion-es-cuidar-del-bienestar-de-la-gente\\\/#breadcrumb\",\"itemListElement\":[{\"@type\":\"ListItem\",\"position\":1,\"name\":\"Portada\",\"item\":\"https:\\\/\\\/www.revistarambla.com\\\/\"},{\"@type\":\"ListItem\",\"position\":2,\"name\":\"Xavier Trias: \u00abMi obsesi\u00f3n es cuidar del bienestar de la gente\u00bb\"}]},{\"@type\":\"WebSite\",\"@id\":\"https:\\\/\\\/www.revistarambla.com\\\/#website\",\"url\":\"https:\\\/\\\/www.revistarambla.com\\\/\",\"name\":\"Revista Rambla Barcelona\",\"description\":\"Periodismo independiente\",\"publisher\":{\"@id\":\"https:\\\/\\\/www.revistarambla.com\\\/#organization\"},\"potentialAction\":[{\"@type\":\"SearchAction\",\"target\":{\"@type\":\"EntryPoint\",\"urlTemplate\":\"https:\\\/\\\/www.revistarambla.com\\\/?s={search_term_string}\"},\"query-input\":{\"@type\":\"PropertyValueSpecification\",\"valueRequired\":true,\"valueName\":\"search_term_string\"}}],\"inLanguage\":\"en-GB\"},{\"@type\":\"Organization\",\"@id\":\"https:\\\/\\\/www.revistarambla.com\\\/#organization\",\"name\":\"Revista Rambla\",\"url\":\"https:\\\/\\\/www.revistarambla.com\\\/\",\"logo\":{\"@type\":\"ImageObject\",\"inLanguage\":\"en-GB\",\"@id\":\"https:\\\/\\\/www.revistarambla.com\\\/#\\\/schema\\\/logo\\\/image\\\/\",\"url\":\"https:\\\/\\\/www.revistarambla.com\\\/wp-content\\\/uploads\\\/2020\\\/09\\\/banner_rambla_1900x600_BB.png\",\"contentUrl\":\"https:\\\/\\\/www.revistarambla.com\\\/wp-content\\\/uploads\\\/2020\\\/09\\\/banner_rambla_1900x600_BB.png\",\"width\":1900,\"height\":600,\"caption\":\"Revista Rambla\"},\"image\":{\"@id\":\"https:\\\/\\\/www.revistarambla.com\\\/#\\\/schema\\\/logo\\\/image\\\/\"},\"sameAs\":[\"https:\\\/\\\/www.facebook.com\\\/revistarambla\\\/\",\"https:\\\/\\\/x.com\\\/revistarambla\",\"https:\\\/\\\/www.instagram.com\\\/revista_rambla\",\"https:\\\/\\\/es.linkedin.com\\\/company\\\/revista-rambla\"]},{\"@type\":\"Person\",\"@id\":\"https:\\\/\\\/www.revistarambla.com\\\/#\\\/schema\\\/person\\\/6929729dc40824a1c398a961398e6d97\",\"name\":\"Carles Batalla\",\"description\":\"Periodista y poeta.\",\"sameAs\":[\"https:\\\/\\\/www.facebook.com\\\/carles.batalla.7\",\"https:\\\/\\\/x.com\\\/batallacarles\"]}]}<\/script>\n<!-- \/ Yoast SEO plugin. -->","yoast_head_json":{"title":"Xavier Trias: \"Mi obsesi\u00f3n es cuidar del bienestar de la gente\" - Revista Rambla","robots":{"index":"index","follow":"follow","max-snippet":"max-snippet:-1","max-image-preview":"max-image-preview:large","max-video-preview":"max-video-preview:-1"},"canonical":"https:\/\/www.revistarambla.com\/en\/xavier-trias-mi-obsesion-es-cuidar-del-bienestar-de-la-gente\/","og_locale":"en_GB","og_type":"article","og_title":"Xavier Trias: \"Mi obsesi\u00f3n es cuidar del bienestar de la gente\" - Revista Rambla","og_description":"\u00bfCu\u00e1les son los ejes del programa de CIU? \u201cDespu\u00e9s de 32 a\u00f1os en los que han gobernado los mismos, ofrecemos un cambio en positivo para Barcelona que tenga como prioridad a las personas y que d\u00e9 respuesta a las necesidades de la gente para convertir la ciudad en un referente [&hellip;]","og_url":"https:\/\/www.revistarambla.com\/en\/xavier-trias-mi-obsesion-es-cuidar-del-bienestar-de-la-gente\/","og_site_name":"Revista Rambla","article_publisher":"https:\/\/www.facebook.com\/revistarambla\/","article_author":"https:\/\/www.facebook.com\/carles.batalla.7","article_published_time":"2011-05-21T02:32:55+00:00","article_modified_time":"2021-12-08T19:50:08+00:00","og_image":[{"width":250,"height":180,"url":"https:\/\/www.revistarambla.com\/wp-content\/uploads\/2011\/05\/trias2.jpg","type":"image\/jpeg"}],"author":"Carles Batalla","twitter_card":"summary_large_image","twitter_creator":"@batallacarles","twitter_site":"@revistarambla","twitter_misc":{"Written by":"Carles Batalla","Estimated reading time":"7 minutes"},"schema":{"@context":"https:\/\/schema.org","@graph":[{"@type":"Article","@id":"https:\/\/www.revistarambla.com\/xavier-trias-mi-obsesion-es-cuidar-del-bienestar-de-la-gente\/#article","isPartOf":{"@id":"https:\/\/www.revistarambla.com\/xavier-trias-mi-obsesion-es-cuidar-del-bienestar-de-la-gente\/"},"author":{"name":"Carles Batalla","@id":"https:\/\/www.revistarambla.com\/#\/schema\/person\/6929729dc40824a1c398a961398e6d97"},"headline":"Xavier Trias: \u00abMi obsesi\u00f3n es cuidar del bienestar de la gente\u00bb","datePublished":"2011-05-21T02:32:55+00:00","dateModified":"2021-12-08T19:50:08+00:00","mainEntityOfPage":{"@id":"https:\/\/www.revistarambla.com\/xavier-trias-mi-obsesion-es-cuidar-del-bienestar-de-la-gente\/"},"wordCount":1488,"commentCount":0,"publisher":{"@id":"https:\/\/www.revistarambla.com\/#organization"},"image":{"@id":"https:\/\/www.revistarambla.com\/xavier-trias-mi-obsesion-es-cuidar-del-bienestar-de-la-gente\/#primaryimage"},"thumbnailUrl":"https:\/\/www.revistarambla.com\/wp-content\/uploads\/2011\/05\/trias.jpg","articleSection":["Actualidad","Barcelona"],"inLanguage":"en-GB","potentialAction":[{"@type":"CommentAction","name":"Comment","target":["https:\/\/www.revistarambla.com\/xavier-trias-mi-obsesion-es-cuidar-del-bienestar-de-la-gente\/#respond"]}]},{"@type":"WebPage","@id":"https:\/\/www.revistarambla.com\/xavier-trias-mi-obsesion-es-cuidar-del-bienestar-de-la-gente\/","url":"https:\/\/www.revistarambla.com\/xavier-trias-mi-obsesion-es-cuidar-del-bienestar-de-la-gente\/","name":"Xavier Trias: \"Mi obsesi\u00f3n es cuidar del bienestar de la gente\" - Revista Rambla","isPartOf":{"@id":"https:\/\/www.revistarambla.com\/#website"},"primaryImageOfPage":{"@id":"https:\/\/www.revistarambla.com\/xavier-trias-mi-obsesion-es-cuidar-del-bienestar-de-la-gente\/#primaryimage"},"image":{"@id":"https:\/\/www.revistarambla.com\/xavier-trias-mi-obsesion-es-cuidar-del-bienestar-de-la-gente\/#primaryimage"},"thumbnailUrl":"https:\/\/www.revistarambla.com\/wp-content\/uploads\/2011\/05\/trias.jpg","datePublished":"2011-05-21T02:32:55+00:00","dateModified":"2021-12-08T19:50:08+00:00","breadcrumb":{"@id":"https:\/\/www.revistarambla.com\/xavier-trias-mi-obsesion-es-cuidar-del-bienestar-de-la-gente\/#breadcrumb"},"inLanguage":"en-GB","potentialAction":[{"@type":"ReadAction","target":["https:\/\/www.revistarambla.com\/xavier-trias-mi-obsesion-es-cuidar-del-bienestar-de-la-gente\/"]}]},{"@type":"ImageObject","inLanguage":"en-GB","@id":"https:\/\/www.revistarambla.com\/xavier-trias-mi-obsesion-es-cuidar-del-bienestar-de-la-gente\/#primaryimage","url":"https:\/\/www.revistarambla.com\/wp-content\/uploads\/2011\/05\/trias.jpg","contentUrl":"https:\/\/www.revistarambla.com\/wp-content\/uploads\/2011\/05\/trias.jpg"},{"@type":"BreadcrumbList","@id":"https:\/\/www.revistarambla.com\/xavier-trias-mi-obsesion-es-cuidar-del-bienestar-de-la-gente\/#breadcrumb","itemListElement":[{"@type":"ListItem","position":1,"name":"Portada","item":"https:\/\/www.revistarambla.com\/"},{"@type":"ListItem","position":2,"name":"Xavier Trias: \u00abMi obsesi\u00f3n es cuidar del bienestar de la gente\u00bb"}]},{"@type":"WebSite","@id":"https:\/\/www.revistarambla.com\/#website","url":"https:\/\/www.revistarambla.com\/","name":"Revista Rambla Barcelona","description":"Periodismo independiente","publisher":{"@id":"https:\/\/www.revistarambla.com\/#organization"},"potentialAction":[{"@type":"SearchAction","target":{"@type":"EntryPoint","urlTemplate":"https:\/\/www.revistarambla.com\/?s={search_term_string}"},"query-input":{"@type":"PropertyValueSpecification","valueRequired":true,"valueName":"search_term_string"}}],"inLanguage":"en-GB"},{"@type":"Organization","@id":"https:\/\/www.revistarambla.com\/#organization","name":"Revista Rambla","url":"https:\/\/www.revistarambla.com\/","logo":{"@type":"ImageObject","inLanguage":"en-GB","@id":"https:\/\/www.revistarambla.com\/#\/schema\/logo\/image\/","url":"https:\/\/www.revistarambla.com\/wp-content\/uploads\/2020\/09\/banner_rambla_1900x600_BB.png","contentUrl":"https:\/\/www.revistarambla.com\/wp-content\/uploads\/2020\/09\/banner_rambla_1900x600_BB.png","width":1900,"height":600,"caption":"Revista Rambla"},"image":{"@id":"https:\/\/www.revistarambla.com\/#\/schema\/logo\/image\/"},"sameAs":["https:\/\/www.facebook.com\/revistarambla\/","https:\/\/x.com\/revistarambla","https:\/\/www.instagram.com\/revista_rambla","https:\/\/es.linkedin.com\/company\/revista-rambla"]},{"@type":"Person","@id":"https:\/\/www.revistarambla.com\/#\/schema\/person\/6929729dc40824a1c398a961398e6d97","name":"Carles Batalla","description":"Periodista y poeta.","sameAs":["https:\/\/www.facebook.com\/carles.batalla.7","https:\/\/x.com\/batallacarles"]}]}},"_links":{"self":[{"href":"https:\/\/www.revistarambla.com\/en\/wp-json\/wp\/v2\/posts\/919","targetHints":{"allow":["GET"]}}],"collection":[{"href":"https:\/\/www.revistarambla.com\/en\/wp-json\/wp\/v2\/posts"}],"about":[{"href":"https:\/\/www.revistarambla.com\/en\/wp-json\/wp\/v2\/types\/post"}],"author":[{"embeddable":true,"href":"https:\/\/www.revistarambla.com\/en\/wp-json\/wp\/v2\/users\/40"}],"replies":[{"embeddable":true,"href":"https:\/\/www.revistarambla.com\/en\/wp-json\/wp\/v2\/comments?post=919"}],"version-history":[{"count":0,"href":"https:\/\/www.revistarambla.com\/en\/wp-json\/wp\/v2\/posts\/919\/revisions"}],"wp:attachment":[{"href":"https:\/\/www.revistarambla.com\/en\/wp-json\/wp\/v2\/media?parent=919"}],"wp:term":[{"taxonomy":"category","embeddable":true,"href":"https:\/\/www.revistarambla.com\/en\/wp-json\/wp\/v2\/categories?post=919"},{"taxonomy":"post_tag","embeddable":true,"href":"https:\/\/www.revistarambla.com\/en\/wp-json\/wp\/v2\/tags?post=919"}],"curies":[{"name":"wp","href":"https:\/\/api.w.org\/{rel}","templated":true}]}}