{"id":9161,"date":"2016-06-17T15:38:26","date_gmt":"2016-06-17T13:38:26","guid":{"rendered":"https:\/\/www.revistarambla.com\/?p=9161"},"modified":"2021-12-17T20:37:34","modified_gmt":"2021-12-17T19:37:34","slug":"una-mirada-a-palermo","status":"publish","type":"post","link":"https:\/\/www.revistarambla.com\/en\/una-mirada-a-palermo\/","title":{"rendered":"Una mirada a Palermo"},"content":{"rendered":"<p style=\"text-align: left;\">Es una ciudad para vivirla, para sentirla, para recorrerla pausadamente y tomarle el pulso. Palermo, la capital de Sicilia, es una ciudad agraciada art\u00edsticamente con magn\u00edficos monumentos como la capilla palatina del Palacio de los Normandos, la iglesia de la Martorana o la Piazza Pretoria.<\/p>\n<p style=\"text-align: left;\"><img decoding=\"async\" width=\"700\" height=\"394\" class=\"aligncenter size-full wp-image-9163\" src=\"https:\/\/www.revistarambla.com\/wp-content\/uploads\/2016\/06\/paler_revistarambla_02.jpg\" alt=\"Foto: Francesc Sans \" srcset=\"https:\/\/www.revistarambla.com\/wp-content\/uploads\/2016\/06\/paler_revistarambla_02.jpg 700w, https:\/\/www.revistarambla.com\/wp-content\/uploads\/2016\/06\/paler_revistarambla_02-300x169.jpg 300w, https:\/\/www.revistarambla.com\/wp-content\/uploads\/2016\/06\/paler_revistarambla_02-500x281.jpg 500w, https:\/\/www.revistarambla.com\/wp-content\/uploads\/2016\/06\/paler_revistarambla_02-678x381.jpg 678w\" sizes=\"(max-width: 700px) 100vw, 700px\" \/>Pero Palermo es mucho m\u00e1s. Decenas de peque\u00f1as iglesias salpican muchos de sus rincones. Mercados al aire libre, testimonio\u00a0de un pasado \u00e1rabe, evocan una \u00e9poca en la que las mercanc\u00edas se exhib\u00edan a sus posibles compradores separadas por gremios. Un laberinto de calles y callejuelas, con la ropa tendida en los balcones, nos dejan entrever la vida cotidiana de estas gentes, para las que la calle es un espacio vital. El barrio de la Kalsa que creci\u00f3 entorno al puerto, el m\u00e1s antiguo de la ciudad, nos remite a sus or\u00edgenes&#8230;.<\/p>\n<p style=\"text-align: left;\">Por ella han pasado, a lo largo de los siglos, fenicios, cartagineses, romanos, \u00e1rabes, normandos, espa\u00f1oles&#8230;.Todo ese legado cultural ha dejado su huella en muchas de sus esquinas.<\/p>\n<p style=\"text-align: left;\">Desgraciadamente, el caso antiguo se encuentra en un estado bastante deteriorado y muchos edificios, incluidas algunas iglesias, amenazan ruina. Palermo, con sus bellas iglesias, parece una ciudad olvidada de la mano de Dios. O mejor dicho, de las administraciones. Buena parte de su patrimonio art\u00edstico ni se conserva ni se restaura. Y si resulta doloroso contemplar toda esa bellaza a punto de desmoronarse, todav\u00eda lo es m\u00e1s la suciedad con la que conviven los habitantes del viejo Palermo. A \u00faltima hora de la tarde, la basura y los desperdicios acumulados durante el d\u00eda se muestran en las calles sin ning\u00fan tipo de pudor, de forma casi violenta. Esas mismas calles en las que uno puede cruzarse de noche con un ni\u00f1o italiano de a penas siete u ocho a\u00f1os vendiendo unos objetos luminosos que no se sabe bien qu\u00e9 son.<\/p>\n<p style=\"text-align: left;\">Es entonces cuando a uno le asalta la duda y se pregunta: \u00bfesto es Italia, ese pa\u00eds que forma parte del selecto y exclusivo Grupo de los 8, de los m\u00e1s poderosos de entre los poderosos?. Como suele decirse, no es oro todo lo que reluce y Palermo se est\u00e1 convirtiendo poco a poco en un precioso metal sin brillo.<\/p>\n<p style=\"text-align: left;\">Una mirada atenta a las calles por las que uno transita nos recuerda, adem\u00e1s, que estamos en la cuna de Cosa Nostra. Carteles en los que se denuncia la extorsi\u00f3n, carteles explicativos sobre las actividades del comit\u00e9 antimafia de la ciudad, carteles conmemorativos del asesinato del juez Paolo Borsellino&#8230;&#8230;Es la cara visible de una realidad casi siempre oculta, pero siempre presente en la vida cotidiana de los palermitanos.<\/p>\n<p style=\"text-align: left;\">Un recorrido a pie por el casco antiguo<\/p>\n<p style=\"text-align: left;\">Si hay un monumento por excelencia en Palermo es la impresionante Capilla palatina del Palacio de los Normandos, reflejo de la\u00a0opulencia de los monarcas del siglo XII, uno de los per\u00edodos de\u00a0mayor esplendor en la historia de la ciudad. El centelleo de los mosaicos que recubren las paredes de la capilla asombra al visitante, sobre todo, el Cristo Pantocr\u00e1tor de\u00a0la c\u00fapula, flanqueado por los cuatro evangelistas..<\/p>\n<p style=\"text-align: left;\">Casi enfrente del Palacio de los Normandos, en la calle Vittorio<\/p>\n<p style=\"text-align: left;\">Emanuele -una de las arterias principales de la ciudad-, se encuentran la Catedral con su espectacular portal g\u00f3tico y el Palacio arzobispal. Continuando por esta calle se llega a Quatro Canti, centro neur\u00e1lgico del casco antiguo de Palermo. Aqu\u00ed, m\u00e1s que en ning\u00fan otro sitio, se respira el barroco fruto del dominio espa\u00f1ol. En cada una de las cuatro esquinas se eleva un edificio del siglo XVII, precedida de una fuente y coronada por una de las estatuas de las cuatro estaciones. De noche, con la tenue luz de las farolas, la plaza denota su car\u00e1cter especial.<\/p>\n<p style=\"text-align: left;\">A unos pasos de Quatro Canti, encontramos dos de las plazas m\u00e1s\u00a0bellas de la ciudad: la Piazza Pretoria y la Piazza Bellini. La Piazza Pretoria,\u00a0una de las m\u00e1s antiguas, acoge dos iglesias del siglo XVI y la sede\u00a0del ayuntamiento, un bello palacio del siglo XV. Y en medio de la plaza, la fuente\u00a0Pretoria, bordeada por figuras mitol\u00f3gicas y divinidades realizadas en m\u00e1rmol. En la Piazza Bellini, se alza uno de los monumentos m\u00e1s destacados de Palermo: la iglesia de La Martorana, con sus bellos mosaicos que reproducen escenas del Antiguo y del Nuevo Testamento.<\/p>\n<p style=\"text-align: left;\">En la calle Vittorio Emanuele hay, adem\u00e1s, encantadoras librer\u00edas en las que uno puede bucear en busca de alguna peque\u00f1a joya, como un libro de fotograf\u00edas antiguas de Palermo. Tambi\u00e9n aqu\u00ed encontramos la mayor concentraci\u00f3n de tiendas de souvenirs de la ciudad. Junto a los tradicionales recuerdos, como las t\u00edpicas marionetas de Palermo, hay toda una parafernaria de objetos sobre la mafia y de la pel\u00edcula que mejor ha sabido retratarla: \u201cEl Padrino\u201d, de Francis Ford Coppola, con Marlon Brando haciendo de capo mafioso. La imagen de Marlon Brando estampada en una camiseta, en un delantal, en una taza, en un cenicero, en un im\u00e1n&#8230;..No s\u00e9 si todo esto se debe a un sentido del humor terror\u00edfico y corrosivo de los sicilianos o es, simplemente, un gran negocio. O, quiz\u00e1s, ambas cosas a la vez.<\/p>\n<p style=\"text-align: left;\">Llegados a este punto y una vez visitados algunos de los\u00a0monumentos m\u00e1s destacados de Palermo, lo mejor es dejarse llevar,\u00a0caminar sin rumbo fijo y perderse por sus tortuosas calles. As\u00ed,\u00a0descubriremos rincones tan m\u00e1gicos como la Piazza San Francesco, la Piazza\u00a0de la Kalsa o la Piazza Marina, que de noche cobra un halo rom\u00e1ntico: un sinf\u00edn de restaurantes con terraza bordean esta inmensa plaza, en cuyo centro se alzan grandes ficus.<\/p>\n<p style=\"text-align: left;\">Uno no debe abandonar Palermo sin haber visitado antes, por lo menos, alguno de los mercados al aire libre que hay en el casco antiguo. Sin duda, uno de los m\u00e1s pintorescos es el del Capo, situado cerca del Teatro Massimo, un barrio con un fuerte predominio de la inmigraci\u00f3n asi\u00e1tica. Aqu\u00ed se impone caminar despacio, fijarse en la amplia gama de productos que se nos ofrecen a nuestros ojos: desde comida a telas, l\u00e1mparas&#8230;, observar a los vecinos del barrio, donde las gentes locales se mezclan con mujeres vestidas con saris de vivos colores&#8230;.Mercados tambi\u00e9n llenos de encanto y de colorido son el de la Vucciria y el de Ballar\u00f3. Otro de los atractivos de los mercados son los peque\u00f1os bares que hay escondidos entre los puestos. Una buena oportunidad para probar un vino siciliano o la cerveza local m\u00e1s popular -Moretti- y, de paso, sumergirse en un ambiente t\u00edpicamente siciliano.<\/p>","protected":false},"excerpt":{"rendered":"<p>Es una ciudad para vivirla, para sentirla, para recorrerla pausadamente y tomarle el pulso. Palermo, la capital de Sicilia, es una ciudad agraciada art\u00edsticamente con magn\u00edficos monumentos como la capilla palatina del Palacio de los Normandos, la iglesia de la Martorana o la Piazza Pretoria. Pero Palermo es mucho m\u00e1s. [&hellip;]<\/p>\n","protected":false},"author":67,"featured_media":9162,"comment_status":"open","ping_status":"open","sticky":false,"template":"","format":"standard","meta":{"footnotes":""},"categories":[6,66],"tags":[],"class_list":["post-9161","post","type-post","status-publish","format-standard","has-post-thumbnail","hentry","category-ocio","category-viajes"],"yoast_head":"<!-- This site is optimized with the Yoast SEO plugin v27.5 - https:\/\/yoast.com\/product\/yoast-seo-wordpress\/ -->\n<title>Una mirada a Palermo - Revista Rambla<\/title>\n<meta name=\"robots\" content=\"index, follow, max-snippet:-1, max-image-preview:large, max-video-preview:-1\" \/>\n<link rel=\"canonical\" href=\"https:\/\/www.revistarambla.com\/en\/una-mirada-a-palermo\/\" \/>\n<meta property=\"og:locale\" content=\"en_GB\" \/>\n<meta property=\"og:type\" content=\"article\" \/>\n<meta property=\"og:title\" content=\"Una mirada a Palermo - Revista Rambla\" \/>\n<meta property=\"og:description\" content=\"Es una ciudad para vivirla, para sentirla, para recorrerla pausadamente y tomarle el pulso. Palermo, la capital de Sicilia, es una ciudad agraciada art\u00edsticamente con magn\u00edficos monumentos como la capilla palatina del Palacio de los Normandos, la iglesia de la Martorana o la Piazza Pretoria. Pero Palermo es mucho m\u00e1s. [&hellip;]\" \/>\n<meta property=\"og:url\" content=\"https:\/\/www.revistarambla.com\/en\/una-mirada-a-palermo\/\" \/>\n<meta property=\"og:site_name\" content=\"Revista Rambla\" \/>\n<meta property=\"article:publisher\" content=\"https:\/\/www.facebook.com\/revistarambla\/\" \/>\n<meta property=\"article:published_time\" content=\"2016-06-17T13:38:26+00:00\" \/>\n<meta property=\"article:modified_time\" content=\"2021-12-17T19:37:34+00:00\" \/>\n<meta property=\"og:image\" content=\"https:\/\/www.revistarambla.com\/wp-content\/uploads\/2016\/06\/palermo_revistarambla_01.jpg\" \/>\n\t<meta property=\"og:image:width\" content=\"682\" \/>\n\t<meta property=\"og:image:height\" content=\"450\" \/>\n\t<meta property=\"og:image:type\" content=\"image\/jpeg\" \/>\n<meta name=\"author\" content=\"Silvia Gracia\" \/>\n<meta name=\"twitter:card\" content=\"summary_large_image\" \/>\n<meta name=\"twitter:creator\" content=\"@revistarambla\" \/>\n<meta name=\"twitter:site\" content=\"@revistarambla\" \/>\n<meta name=\"twitter:label1\" content=\"Written by\" \/>\n\t<meta name=\"twitter:data1\" content=\"Silvia Gracia\" \/>\n\t<meta name=\"twitter:label2\" content=\"Estimated reading time\" \/>\n\t<meta name=\"twitter:data2\" content=\"5 minutes\" \/>\n<script type=\"application\/ld+json\" class=\"yoast-schema-graph\">{\"@context\":\"https:\\\/\\\/schema.org\",\"@graph\":[{\"@type\":\"Article\",\"@id\":\"https:\\\/\\\/www.revistarambla.com\\\/una-mirada-a-palermo\\\/#article\",\"isPartOf\":{\"@id\":\"https:\\\/\\\/www.revistarambla.com\\\/una-mirada-a-palermo\\\/\"},\"author\":{\"name\":\"Silvia Gracia\",\"@id\":\"https:\\\/\\\/www.revistarambla.com\\\/#\\\/schema\\\/person\\\/de37454421aea2704ebd6a3b4b2a6d0f\"},\"headline\":\"Una mirada a Palermo\",\"datePublished\":\"2016-06-17T13:38:26+00:00\",\"dateModified\":\"2021-12-17T19:37:34+00:00\",\"mainEntityOfPage\":{\"@id\":\"https:\\\/\\\/www.revistarambla.com\\\/una-mirada-a-palermo\\\/\"},\"wordCount\":1141,\"commentCount\":0,\"publisher\":{\"@id\":\"https:\\\/\\\/www.revistarambla.com\\\/#organization\"},\"image\":{\"@id\":\"https:\\\/\\\/www.revistarambla.com\\\/una-mirada-a-palermo\\\/#primaryimage\"},\"thumbnailUrl\":\"https:\\\/\\\/www.revistarambla.com\\\/wp-content\\\/uploads\\\/2016\\\/06\\\/palermo_revistarambla_01.jpg\",\"articleSection\":[\"Ocio\",\"Viajes\"],\"inLanguage\":\"en-GB\",\"potentialAction\":[{\"@type\":\"CommentAction\",\"name\":\"Comment\",\"target\":[\"https:\\\/\\\/www.revistarambla.com\\\/una-mirada-a-palermo\\\/#respond\"]}]},{\"@type\":\"WebPage\",\"@id\":\"https:\\\/\\\/www.revistarambla.com\\\/una-mirada-a-palermo\\\/\",\"url\":\"https:\\\/\\\/www.revistarambla.com\\\/una-mirada-a-palermo\\\/\",\"name\":\"Una mirada a Palermo - Revista Rambla\",\"isPartOf\":{\"@id\":\"https:\\\/\\\/www.revistarambla.com\\\/#website\"},\"primaryImageOfPage\":{\"@id\":\"https:\\\/\\\/www.revistarambla.com\\\/una-mirada-a-palermo\\\/#primaryimage\"},\"image\":{\"@id\":\"https:\\\/\\\/www.revistarambla.com\\\/una-mirada-a-palermo\\\/#primaryimage\"},\"thumbnailUrl\":\"https:\\\/\\\/www.revistarambla.com\\\/wp-content\\\/uploads\\\/2016\\\/06\\\/palermo_revistarambla_01.jpg\",\"datePublished\":\"2016-06-17T13:38:26+00:00\",\"dateModified\":\"2021-12-17T19:37:34+00:00\",\"breadcrumb\":{\"@id\":\"https:\\\/\\\/www.revistarambla.com\\\/una-mirada-a-palermo\\\/#breadcrumb\"},\"inLanguage\":\"en-GB\",\"potentialAction\":[{\"@type\":\"ReadAction\",\"target\":[\"https:\\\/\\\/www.revistarambla.com\\\/una-mirada-a-palermo\\\/\"]}]},{\"@type\":\"ImageObject\",\"inLanguage\":\"en-GB\",\"@id\":\"https:\\\/\\\/www.revistarambla.com\\\/una-mirada-a-palermo\\\/#primaryimage\",\"url\":\"https:\\\/\\\/www.revistarambla.com\\\/wp-content\\\/uploads\\\/2016\\\/06\\\/palermo_revistarambla_01.jpg\",\"contentUrl\":\"https:\\\/\\\/www.revistarambla.com\\\/wp-content\\\/uploads\\\/2016\\\/06\\\/palermo_revistarambla_01.jpg\",\"width\":682,\"height\":450},{\"@type\":\"BreadcrumbList\",\"@id\":\"https:\\\/\\\/www.revistarambla.com\\\/una-mirada-a-palermo\\\/#breadcrumb\",\"itemListElement\":[{\"@type\":\"ListItem\",\"position\":1,\"name\":\"Portada\",\"item\":\"https:\\\/\\\/www.revistarambla.com\\\/\"},{\"@type\":\"ListItem\",\"position\":2,\"name\":\"Una mirada a Palermo\"}]},{\"@type\":\"WebSite\",\"@id\":\"https:\\\/\\\/www.revistarambla.com\\\/#website\",\"url\":\"https:\\\/\\\/www.revistarambla.com\\\/\",\"name\":\"Revista Rambla Barcelona\",\"description\":\"Periodismo independiente\",\"publisher\":{\"@id\":\"https:\\\/\\\/www.revistarambla.com\\\/#organization\"},\"potentialAction\":[{\"@type\":\"SearchAction\",\"target\":{\"@type\":\"EntryPoint\",\"urlTemplate\":\"https:\\\/\\\/www.revistarambla.com\\\/?s={search_term_string}\"},\"query-input\":{\"@type\":\"PropertyValueSpecification\",\"valueRequired\":true,\"valueName\":\"search_term_string\"}}],\"inLanguage\":\"en-GB\"},{\"@type\":\"Organization\",\"@id\":\"https:\\\/\\\/www.revistarambla.com\\\/#organization\",\"name\":\"Revista Rambla\",\"url\":\"https:\\\/\\\/www.revistarambla.com\\\/\",\"logo\":{\"@type\":\"ImageObject\",\"inLanguage\":\"en-GB\",\"@id\":\"https:\\\/\\\/www.revistarambla.com\\\/#\\\/schema\\\/logo\\\/image\\\/\",\"url\":\"https:\\\/\\\/www.revistarambla.com\\\/wp-content\\\/uploads\\\/2020\\\/09\\\/banner_rambla_1900x600_BB.png\",\"contentUrl\":\"https:\\\/\\\/www.revistarambla.com\\\/wp-content\\\/uploads\\\/2020\\\/09\\\/banner_rambla_1900x600_BB.png\",\"width\":1900,\"height\":600,\"caption\":\"Revista Rambla\"},\"image\":{\"@id\":\"https:\\\/\\\/www.revistarambla.com\\\/#\\\/schema\\\/logo\\\/image\\\/\"},\"sameAs\":[\"https:\\\/\\\/www.facebook.com\\\/revistarambla\\\/\",\"https:\\\/\\\/x.com\\\/revistarambla\",\"https:\\\/\\\/www.instagram.com\\\/revista_rambla\",\"https:\\\/\\\/es.linkedin.com\\\/company\\\/revista-rambla\"]},{\"@type\":\"Person\",\"@id\":\"https:\\\/\\\/www.revistarambla.com\\\/#\\\/schema\\\/person\\\/de37454421aea2704ebd6a3b4b2a6d0f\",\"name\":\"Silvia Gracia\",\"description\":\"Periodista.\"}]}<\/script>\n<!-- \/ Yoast SEO plugin. -->","yoast_head_json":{"title":"Una mirada a Palermo - Revista Rambla","robots":{"index":"index","follow":"follow","max-snippet":"max-snippet:-1","max-image-preview":"max-image-preview:large","max-video-preview":"max-video-preview:-1"},"canonical":"https:\/\/www.revistarambla.com\/en\/una-mirada-a-palermo\/","og_locale":"en_GB","og_type":"article","og_title":"Una mirada a Palermo - Revista Rambla","og_description":"Es una ciudad para vivirla, para sentirla, para recorrerla pausadamente y tomarle el pulso. Palermo, la capital de Sicilia, es una ciudad agraciada art\u00edsticamente con magn\u00edficos monumentos como la capilla palatina del Palacio de los Normandos, la iglesia de la Martorana o la Piazza Pretoria. Pero Palermo es mucho m\u00e1s. [&hellip;]","og_url":"https:\/\/www.revistarambla.com\/en\/una-mirada-a-palermo\/","og_site_name":"Revista Rambla","article_publisher":"https:\/\/www.facebook.com\/revistarambla\/","article_published_time":"2016-06-17T13:38:26+00:00","article_modified_time":"2021-12-17T19:37:34+00:00","og_image":[{"width":682,"height":450,"url":"https:\/\/www.revistarambla.com\/wp-content\/uploads\/2016\/06\/palermo_revistarambla_01.jpg","type":"image\/jpeg"}],"author":"Silvia Gracia","twitter_card":"summary_large_image","twitter_creator":"@revistarambla","twitter_site":"@revistarambla","twitter_misc":{"Written by":"Silvia Gracia","Estimated reading time":"5 minutes"},"schema":{"@context":"https:\/\/schema.org","@graph":[{"@type":"Article","@id":"https:\/\/www.revistarambla.com\/una-mirada-a-palermo\/#article","isPartOf":{"@id":"https:\/\/www.revistarambla.com\/una-mirada-a-palermo\/"},"author":{"name":"Silvia Gracia","@id":"https:\/\/www.revistarambla.com\/#\/schema\/person\/de37454421aea2704ebd6a3b4b2a6d0f"},"headline":"Una mirada a Palermo","datePublished":"2016-06-17T13:38:26+00:00","dateModified":"2021-12-17T19:37:34+00:00","mainEntityOfPage":{"@id":"https:\/\/www.revistarambla.com\/una-mirada-a-palermo\/"},"wordCount":1141,"commentCount":0,"publisher":{"@id":"https:\/\/www.revistarambla.com\/#organization"},"image":{"@id":"https:\/\/www.revistarambla.com\/una-mirada-a-palermo\/#primaryimage"},"thumbnailUrl":"https:\/\/www.revistarambla.com\/wp-content\/uploads\/2016\/06\/palermo_revistarambla_01.jpg","articleSection":["Ocio","Viajes"],"inLanguage":"en-GB","potentialAction":[{"@type":"CommentAction","name":"Comment","target":["https:\/\/www.revistarambla.com\/una-mirada-a-palermo\/#respond"]}]},{"@type":"WebPage","@id":"https:\/\/www.revistarambla.com\/una-mirada-a-palermo\/","url":"https:\/\/www.revistarambla.com\/una-mirada-a-palermo\/","name":"Una mirada a Palermo - Revista Rambla","isPartOf":{"@id":"https:\/\/www.revistarambla.com\/#website"},"primaryImageOfPage":{"@id":"https:\/\/www.revistarambla.com\/una-mirada-a-palermo\/#primaryimage"},"image":{"@id":"https:\/\/www.revistarambla.com\/una-mirada-a-palermo\/#primaryimage"},"thumbnailUrl":"https:\/\/www.revistarambla.com\/wp-content\/uploads\/2016\/06\/palermo_revistarambla_01.jpg","datePublished":"2016-06-17T13:38:26+00:00","dateModified":"2021-12-17T19:37:34+00:00","breadcrumb":{"@id":"https:\/\/www.revistarambla.com\/una-mirada-a-palermo\/#breadcrumb"},"inLanguage":"en-GB","potentialAction":[{"@type":"ReadAction","target":["https:\/\/www.revistarambla.com\/una-mirada-a-palermo\/"]}]},{"@type":"ImageObject","inLanguage":"en-GB","@id":"https:\/\/www.revistarambla.com\/una-mirada-a-palermo\/#primaryimage","url":"https:\/\/www.revistarambla.com\/wp-content\/uploads\/2016\/06\/palermo_revistarambla_01.jpg","contentUrl":"https:\/\/www.revistarambla.com\/wp-content\/uploads\/2016\/06\/palermo_revistarambla_01.jpg","width":682,"height":450},{"@type":"BreadcrumbList","@id":"https:\/\/www.revistarambla.com\/una-mirada-a-palermo\/#breadcrumb","itemListElement":[{"@type":"ListItem","position":1,"name":"Portada","item":"https:\/\/www.revistarambla.com\/"},{"@type":"ListItem","position":2,"name":"Una mirada a Palermo"}]},{"@type":"WebSite","@id":"https:\/\/www.revistarambla.com\/#website","url":"https:\/\/www.revistarambla.com\/","name":"Revista Rambla Barcelona","description":"Periodismo independiente","publisher":{"@id":"https:\/\/www.revistarambla.com\/#organization"},"potentialAction":[{"@type":"SearchAction","target":{"@type":"EntryPoint","urlTemplate":"https:\/\/www.revistarambla.com\/?s={search_term_string}"},"query-input":{"@type":"PropertyValueSpecification","valueRequired":true,"valueName":"search_term_string"}}],"inLanguage":"en-GB"},{"@type":"Organization","@id":"https:\/\/www.revistarambla.com\/#organization","name":"Revista Rambla","url":"https:\/\/www.revistarambla.com\/","logo":{"@type":"ImageObject","inLanguage":"en-GB","@id":"https:\/\/www.revistarambla.com\/#\/schema\/logo\/image\/","url":"https:\/\/www.revistarambla.com\/wp-content\/uploads\/2020\/09\/banner_rambla_1900x600_BB.png","contentUrl":"https:\/\/www.revistarambla.com\/wp-content\/uploads\/2020\/09\/banner_rambla_1900x600_BB.png","width":1900,"height":600,"caption":"Revista Rambla"},"image":{"@id":"https:\/\/www.revistarambla.com\/#\/schema\/logo\/image\/"},"sameAs":["https:\/\/www.facebook.com\/revistarambla\/","https:\/\/x.com\/revistarambla","https:\/\/www.instagram.com\/revista_rambla","https:\/\/es.linkedin.com\/company\/revista-rambla"]},{"@type":"Person","@id":"https:\/\/www.revistarambla.com\/#\/schema\/person\/de37454421aea2704ebd6a3b4b2a6d0f","name":"Silvia Gracia","description":"Periodista."}]}},"_links":{"self":[{"href":"https:\/\/www.revistarambla.com\/en\/wp-json\/wp\/v2\/posts\/9161","targetHints":{"allow":["GET"]}}],"collection":[{"href":"https:\/\/www.revistarambla.com\/en\/wp-json\/wp\/v2\/posts"}],"about":[{"href":"https:\/\/www.revistarambla.com\/en\/wp-json\/wp\/v2\/types\/post"}],"author":[{"embeddable":true,"href":"https:\/\/www.revistarambla.com\/en\/wp-json\/wp\/v2\/users\/67"}],"replies":[{"embeddable":true,"href":"https:\/\/www.revistarambla.com\/en\/wp-json\/wp\/v2\/comments?post=9161"}],"version-history":[{"count":0,"href":"https:\/\/www.revistarambla.com\/en\/wp-json\/wp\/v2\/posts\/9161\/revisions"}],"wp:featuredmedia":[{"embeddable":true,"href":"https:\/\/www.revistarambla.com\/en\/wp-json\/wp\/v2\/media\/9162"}],"wp:attachment":[{"href":"https:\/\/www.revistarambla.com\/en\/wp-json\/wp\/v2\/media?parent=9161"}],"wp:term":[{"taxonomy":"category","embeddable":true,"href":"https:\/\/www.revistarambla.com\/en\/wp-json\/wp\/v2\/categories?post=9161"},{"taxonomy":"post_tag","embeddable":true,"href":"https:\/\/www.revistarambla.com\/en\/wp-json\/wp\/v2\/tags?post=9161"}],"curies":[{"name":"wp","href":"https:\/\/api.w.org\/{rel}","templated":true}]}}