{"id":895,"date":"2011-05-17T04:55:17","date_gmt":"2011-05-17T02:55:17","guid":{"rendered":"https:\/\/www.revistarambla.com\/pronostico-reservado-para-el-hospital-clinic\/"},"modified":"2021-12-08T20:50:22","modified_gmt":"2021-12-08T19:50:22","slug":"pronostico-reservado-para-el-hospital-clinic","status":"publish","type":"post","link":"https:\/\/www.revistarambla.com\/en\/pronostico-reservado-para-el-hospital-clinic\/","title":{"rendered":"Pr\u00f3nostico reservado para el Hospital Cl\u00ednic de Barcelona"},"content":{"rendered":"<p><img decoding=\"async\" class=\"aligncenter\" src=\"https:\/\/www.revistarambla.com\/wp-content\/uploads\/2011\/05\/clinic2.jpg\" alt=\"alt\" width=\"550\" height=\"223\" \/><\/p>\n<p>Los recortes anunciados por el Govern de la Generalitat en el \u00e1mbito de la sanidad ya est\u00e1n empezando a tener consecuencias pr\u00e1cticas en el d\u00eda a d\u00eda del sector, con lo que se condiciona la calidad del servicio futuro. Un ejemplo muy claro es el Hospital Cl\u00ednic de Barcelona, cuyos trabajadores est\u00e1n en pie de guerra por la progresiva p\u00e9rdida de recursos materiales y humanos.<\/p>\n<p>La previsi\u00f3n de cierre de camas en este centro afectar\u00e1 a la mayor\u00eda de especialidades. Entre las m\u00e1s afectadas, destaca la unidad de pr\u00f3tesis de rodilla, con 14 camas menos, las de obstetricia y ginecolog\u00eda, con 8 y 6 respectivamente, las de cardiolog\u00eda y neurocirug\u00eda, ambas con 6, las 5 de psiquiatr\u00eda infantil-juvenil o las 4 de neumolog\u00eda. Peor parada sale la sala de dermato-autoinmune, que se cerrar\u00e1 el 3 de junio, al igual que el \u00e1rea de urgencias de la calle Valencia 184, ya inactiva. El cierre de este centro de atenci\u00f3n primaria es particularmente grave, ya que desde hace veinte a\u00f1os daba servicio a unas 15.000 personas, la mayor\u00eda gente de la tercera edad a la que se proporcionaba una atenci\u00f3n de calidad y proximidad y con la que hab\u00eda unos v\u00ednculos afectivos notables.<\/p>\n<p>A finales de mayo tambi\u00e9n est\u00e1 previsto que deje de funcionar el servicio de mamograf\u00edas. Adem\u00e1s, entre DUI, auxiliares de enfermer\u00eda y auxiliares sanitarios, los distintos centros que integran el Cl\u00ednic tienen un excedente de 40 personas, que en breve engrosar\u00e1n las listas del paro.<\/p>\n<p>Esa reducci\u00f3n dr\u00e1stica del servicio se enmarca en un contexto de precariedad del colectivo, presionado al l\u00edmite por unas jornadas laborales maratonianas que no tienen reflejo a nivel salarial. Unos 100 trabajadores del Cl\u00ednic denunciaron hace un a\u00f1o y medio irregularidades contractuales, pendientes de analizar por parte de los autoridades judiciales correspondientes. Por si fuera poco, en el ambiente flota el rumor de un ERE que afectar\u00eda a unas 70 personas, b\u00e1sicamente a los trabajadores con menos antig\u00fcedad.<\/p>\n<p>\u201cHay una gran preocupaci\u00f3n e indignaci\u00f3n porque los recortes afectar\u00e1n la vida del barrio\u201d explica Llu\u00eds, de la asociaci\u00f3n de vecinos de la zona, que ha recogido firmas y elaborado pancartas en contra de la decisi\u00f3n pol\u00edtica. Finalmente, el CAP que tanto se hab\u00eda reivindicado en la calle Borrell 305 (tocando a la calle Paris), y que cost\u00f3 m\u00e1s de 4 millones de euros, est\u00e1 ocupado parcialmente por los servicios sociales del Ayuntamiento de Barcelona. Su objetivo inicial era atender a unas 38.000 personas, pero actualmente no hay personal suficiente para hacerlo operativo. Se especula con la posibilidad de que inicie su andadura despu\u00e9s de las vacaciones de verano pero no hay ninguna certeza ni fecha concreta al respecto.<\/p>\n<p>M\u00e1s all\u00e1 de la crudeza y la frialdad de las cifras, Llu\u00eds avisa de los efectos palpables del tijeretazo: \u201cla degradaci\u00f3n de la calidad asistencial y el colapso del servicio de urgencias\u201d. Los profesionales sanitarios no tienen la intenci\u00f3n de ceder y se continuar\u00e1n manifestando para hacer escuchar su voz en pro de una sanidad p\u00fablica, universal, de calidad y humana con todas las garant\u00edas.<\/p>\n<p><img decoding=\"async\" class=\"size-full wp-image-894 aligncenter\" src=\"https:\/\/www.revistarambla.com\/wp-content\/uploads\/2011\/05\/clinic4.jpg\" alt=\"alt\" width=\"550\" height=\"339\" srcset=\"https:\/\/www.revistarambla.com\/wp-content\/uploads\/2011\/05\/clinic4.jpg 550w, https:\/\/www.revistarambla.com\/wp-content\/uploads\/2011\/05\/clinic4-300x185.jpg 300w, https:\/\/www.revistarambla.com\/wp-content\/uploads\/2011\/05\/clinic4-500x308.jpg 500w\" sizes=\"(max-width: 550px) 100vw, 550px\" \/><\/p>","protected":false},"excerpt":{"rendered":"<p>Los recortes anunciados por el Govern de la Generalitat en el \u00e1mbito de la sanidad ya est\u00e1n empezando a tener consecuencias pr\u00e1cticas en el d\u00eda a d\u00eda del sector, con lo que se condiciona la calidad del servicio futuro. Un ejemplo muy claro es el Hospital Cl\u00ednic de Barcelona, cuyos [&hellip;]<\/p>\n","protected":false},"author":40,"featured_media":0,"comment_status":"open","ping_status":"open","sticky":false,"template":"","format":"standard","meta":{"footnotes":""},"categories":[3,76],"tags":[],"class_list":["post-895","post","type-post","status-publish","format-standard","hentry","category-actualidad","category-barcelona"],"yoast_head":"<!-- This site is optimized with the Yoast SEO plugin v27.5 - https:\/\/yoast.com\/product\/yoast-seo-wordpress\/ -->\n<title>Pr\u00f3nostico reservado para el Hospital Cl\u00ednic de Barcelona - Revista Rambla<\/title>\n<meta name=\"robots\" content=\"index, follow, max-snippet:-1, max-image-preview:large, max-video-preview:-1\" \/>\n<link rel=\"canonical\" href=\"https:\/\/www.revistarambla.com\/en\/pronostico-reservado-para-el-hospital-clinic\/\" \/>\n<meta property=\"og:locale\" content=\"en_GB\" \/>\n<meta property=\"og:type\" content=\"article\" \/>\n<meta property=\"og:title\" content=\"Pr\u00f3nostico reservado para el Hospital Cl\u00ednic de Barcelona - Revista Rambla\" \/>\n<meta property=\"og:description\" content=\"Los recortes anunciados por el Govern de la Generalitat en el \u00e1mbito de la sanidad ya est\u00e1n empezando a tener consecuencias pr\u00e1cticas en el d\u00eda a d\u00eda del sector, con lo que se condiciona la calidad del servicio futuro. Un ejemplo muy claro es el Hospital Cl\u00ednic de Barcelona, cuyos [&hellip;]\" \/>\n<meta property=\"og:url\" content=\"https:\/\/www.revistarambla.com\/en\/pronostico-reservado-para-el-hospital-clinic\/\" \/>\n<meta property=\"og:site_name\" content=\"Revista Rambla\" \/>\n<meta property=\"article:publisher\" content=\"https:\/\/www.facebook.com\/revistarambla\/\" \/>\n<meta property=\"article:author\" content=\"https:\/\/www.facebook.com\/carles.batalla.7\" \/>\n<meta property=\"article:published_time\" content=\"2011-05-17T02:55:17+00:00\" \/>\n<meta property=\"article:modified_time\" content=\"2021-12-08T19:50:22+00:00\" \/>\n<meta property=\"og:image\" content=\"https:\/\/www.revistarambla.com\/wp-content\/uploads\/2011\/05\/clinic3.jpg\" \/>\n\t<meta property=\"og:image:width\" content=\"250\" \/>\n\t<meta property=\"og:image:height\" content=\"162\" \/>\n\t<meta property=\"og:image:type\" content=\"image\/jpeg\" \/>\n<meta name=\"author\" content=\"Carles Batalla\" \/>\n<meta name=\"twitter:card\" content=\"summary_large_image\" \/>\n<meta name=\"twitter:creator\" content=\"@batallacarles\" \/>\n<meta name=\"twitter:site\" content=\"@revistarambla\" \/>\n<meta name=\"twitter:label1\" content=\"Written by\" \/>\n\t<meta name=\"twitter:data1\" content=\"Carles Batalla\" \/>\n\t<meta name=\"twitter:label2\" content=\"Estimated reading time\" \/>\n\t<meta name=\"twitter:data2\" content=\"3 minutes\" \/>\n<script type=\"application\/ld+json\" class=\"yoast-schema-graph\">{\"@context\":\"https:\\\/\\\/schema.org\",\"@graph\":[{\"@type\":\"Article\",\"@id\":\"https:\\\/\\\/www.revistarambla.com\\\/pronostico-reservado-para-el-hospital-clinic\\\/#article\",\"isPartOf\":{\"@id\":\"https:\\\/\\\/www.revistarambla.com\\\/pronostico-reservado-para-el-hospital-clinic\\\/\"},\"author\":{\"name\":\"Carles Batalla\",\"@id\":\"https:\\\/\\\/www.revistarambla.com\\\/#\\\/schema\\\/person\\\/6929729dc40824a1c398a961398e6d97\"},\"headline\":\"Pr\u00f3nostico reservado para el Hospital Cl\u00ednic de Barcelona\",\"datePublished\":\"2011-05-17T02:55:17+00:00\",\"dateModified\":\"2021-12-08T19:50:22+00:00\",\"mainEntityOfPage\":{\"@id\":\"https:\\\/\\\/www.revistarambla.com\\\/pronostico-reservado-para-el-hospital-clinic\\\/\"},\"wordCount\":556,\"commentCount\":0,\"publisher\":{\"@id\":\"https:\\\/\\\/www.revistarambla.com\\\/#organization\"},\"image\":{\"@id\":\"https:\\\/\\\/www.revistarambla.com\\\/pronostico-reservado-para-el-hospital-clinic\\\/#primaryimage\"},\"thumbnailUrl\":\"https:\\\/\\\/www.revistarambla.com\\\/wp-content\\\/uploads\\\/2011\\\/05\\\/clinic2.jpg\",\"articleSection\":[\"Actualidad\",\"Barcelona\"],\"inLanguage\":\"en-GB\",\"potentialAction\":[{\"@type\":\"CommentAction\",\"name\":\"Comment\",\"target\":[\"https:\\\/\\\/www.revistarambla.com\\\/pronostico-reservado-para-el-hospital-clinic\\\/#respond\"]}]},{\"@type\":\"WebPage\",\"@id\":\"https:\\\/\\\/www.revistarambla.com\\\/pronostico-reservado-para-el-hospital-clinic\\\/\",\"url\":\"https:\\\/\\\/www.revistarambla.com\\\/pronostico-reservado-para-el-hospital-clinic\\\/\",\"name\":\"Pr\u00f3nostico reservado para el Hospital Cl\u00ednic de Barcelona - Revista Rambla\",\"isPartOf\":{\"@id\":\"https:\\\/\\\/www.revistarambla.com\\\/#website\"},\"primaryImageOfPage\":{\"@id\":\"https:\\\/\\\/www.revistarambla.com\\\/pronostico-reservado-para-el-hospital-clinic\\\/#primaryimage\"},\"image\":{\"@id\":\"https:\\\/\\\/www.revistarambla.com\\\/pronostico-reservado-para-el-hospital-clinic\\\/#primaryimage\"},\"thumbnailUrl\":\"https:\\\/\\\/www.revistarambla.com\\\/wp-content\\\/uploads\\\/2011\\\/05\\\/clinic2.jpg\",\"datePublished\":\"2011-05-17T02:55:17+00:00\",\"dateModified\":\"2021-12-08T19:50:22+00:00\",\"breadcrumb\":{\"@id\":\"https:\\\/\\\/www.revistarambla.com\\\/pronostico-reservado-para-el-hospital-clinic\\\/#breadcrumb\"},\"inLanguage\":\"en-GB\",\"potentialAction\":[{\"@type\":\"ReadAction\",\"target\":[\"https:\\\/\\\/www.revistarambla.com\\\/pronostico-reservado-para-el-hospital-clinic\\\/\"]}]},{\"@type\":\"ImageObject\",\"inLanguage\":\"en-GB\",\"@id\":\"https:\\\/\\\/www.revistarambla.com\\\/pronostico-reservado-para-el-hospital-clinic\\\/#primaryimage\",\"url\":\"https:\\\/\\\/www.revistarambla.com\\\/wp-content\\\/uploads\\\/2011\\\/05\\\/clinic2.jpg\",\"contentUrl\":\"https:\\\/\\\/www.revistarambla.com\\\/wp-content\\\/uploads\\\/2011\\\/05\\\/clinic2.jpg\"},{\"@type\":\"BreadcrumbList\",\"@id\":\"https:\\\/\\\/www.revistarambla.com\\\/pronostico-reservado-para-el-hospital-clinic\\\/#breadcrumb\",\"itemListElement\":[{\"@type\":\"ListItem\",\"position\":1,\"name\":\"Portada\",\"item\":\"https:\\\/\\\/www.revistarambla.com\\\/\"},{\"@type\":\"ListItem\",\"position\":2,\"name\":\"Pr\u00f3nostico reservado para el Hospital Cl\u00ednic de Barcelona\"}]},{\"@type\":\"WebSite\",\"@id\":\"https:\\\/\\\/www.revistarambla.com\\\/#website\",\"url\":\"https:\\\/\\\/www.revistarambla.com\\\/\",\"name\":\"Revista Rambla Barcelona\",\"description\":\"Periodismo independiente\",\"publisher\":{\"@id\":\"https:\\\/\\\/www.revistarambla.com\\\/#organization\"},\"potentialAction\":[{\"@type\":\"SearchAction\",\"target\":{\"@type\":\"EntryPoint\",\"urlTemplate\":\"https:\\\/\\\/www.revistarambla.com\\\/?s={search_term_string}\"},\"query-input\":{\"@type\":\"PropertyValueSpecification\",\"valueRequired\":true,\"valueName\":\"search_term_string\"}}],\"inLanguage\":\"en-GB\"},{\"@type\":\"Organization\",\"@id\":\"https:\\\/\\\/www.revistarambla.com\\\/#organization\",\"name\":\"Revista Rambla\",\"url\":\"https:\\\/\\\/www.revistarambla.com\\\/\",\"logo\":{\"@type\":\"ImageObject\",\"inLanguage\":\"en-GB\",\"@id\":\"https:\\\/\\\/www.revistarambla.com\\\/#\\\/schema\\\/logo\\\/image\\\/\",\"url\":\"https:\\\/\\\/www.revistarambla.com\\\/wp-content\\\/uploads\\\/2020\\\/09\\\/banner_rambla_1900x600_BB.png\",\"contentUrl\":\"https:\\\/\\\/www.revistarambla.com\\\/wp-content\\\/uploads\\\/2020\\\/09\\\/banner_rambla_1900x600_BB.png\",\"width\":1900,\"height\":600,\"caption\":\"Revista Rambla\"},\"image\":{\"@id\":\"https:\\\/\\\/www.revistarambla.com\\\/#\\\/schema\\\/logo\\\/image\\\/\"},\"sameAs\":[\"https:\\\/\\\/www.facebook.com\\\/revistarambla\\\/\",\"https:\\\/\\\/x.com\\\/revistarambla\",\"https:\\\/\\\/www.instagram.com\\\/revista_rambla\",\"https:\\\/\\\/es.linkedin.com\\\/company\\\/revista-rambla\"]},{\"@type\":\"Person\",\"@id\":\"https:\\\/\\\/www.revistarambla.com\\\/#\\\/schema\\\/person\\\/6929729dc40824a1c398a961398e6d97\",\"name\":\"Carles Batalla\",\"description\":\"Periodista y poeta.\",\"sameAs\":[\"https:\\\/\\\/www.facebook.com\\\/carles.batalla.7\",\"https:\\\/\\\/x.com\\\/batallacarles\"]}]}<\/script>\n<!-- \/ Yoast SEO plugin. -->","yoast_head_json":{"title":"Pr\u00f3nostico reservado para el Hospital Cl\u00ednic de Barcelona - Revista Rambla","robots":{"index":"index","follow":"follow","max-snippet":"max-snippet:-1","max-image-preview":"max-image-preview:large","max-video-preview":"max-video-preview:-1"},"canonical":"https:\/\/www.revistarambla.com\/en\/pronostico-reservado-para-el-hospital-clinic\/","og_locale":"en_GB","og_type":"article","og_title":"Pr\u00f3nostico reservado para el Hospital Cl\u00ednic de Barcelona - Revista Rambla","og_description":"Los recortes anunciados por el Govern de la Generalitat en el \u00e1mbito de la sanidad ya est\u00e1n empezando a tener consecuencias pr\u00e1cticas en el d\u00eda a d\u00eda del sector, con lo que se condiciona la calidad del servicio futuro. Un ejemplo muy claro es el Hospital Cl\u00ednic de Barcelona, cuyos [&hellip;]","og_url":"https:\/\/www.revistarambla.com\/en\/pronostico-reservado-para-el-hospital-clinic\/","og_site_name":"Revista Rambla","article_publisher":"https:\/\/www.facebook.com\/revistarambla\/","article_author":"https:\/\/www.facebook.com\/carles.batalla.7","article_published_time":"2011-05-17T02:55:17+00:00","article_modified_time":"2021-12-08T19:50:22+00:00","og_image":[{"width":250,"height":162,"url":"https:\/\/www.revistarambla.com\/wp-content\/uploads\/2011\/05\/clinic3.jpg","type":"image\/jpeg"}],"author":"Carles Batalla","twitter_card":"summary_large_image","twitter_creator":"@batallacarles","twitter_site":"@revistarambla","twitter_misc":{"Written by":"Carles Batalla","Estimated reading time":"3 minutes"},"schema":{"@context":"https:\/\/schema.org","@graph":[{"@type":"Article","@id":"https:\/\/www.revistarambla.com\/pronostico-reservado-para-el-hospital-clinic\/#article","isPartOf":{"@id":"https:\/\/www.revistarambla.com\/pronostico-reservado-para-el-hospital-clinic\/"},"author":{"name":"Carles Batalla","@id":"https:\/\/www.revistarambla.com\/#\/schema\/person\/6929729dc40824a1c398a961398e6d97"},"headline":"Pr\u00f3nostico reservado para el Hospital Cl\u00ednic de Barcelona","datePublished":"2011-05-17T02:55:17+00:00","dateModified":"2021-12-08T19:50:22+00:00","mainEntityOfPage":{"@id":"https:\/\/www.revistarambla.com\/pronostico-reservado-para-el-hospital-clinic\/"},"wordCount":556,"commentCount":0,"publisher":{"@id":"https:\/\/www.revistarambla.com\/#organization"},"image":{"@id":"https:\/\/www.revistarambla.com\/pronostico-reservado-para-el-hospital-clinic\/#primaryimage"},"thumbnailUrl":"https:\/\/www.revistarambla.com\/wp-content\/uploads\/2011\/05\/clinic2.jpg","articleSection":["Actualidad","Barcelona"],"inLanguage":"en-GB","potentialAction":[{"@type":"CommentAction","name":"Comment","target":["https:\/\/www.revistarambla.com\/pronostico-reservado-para-el-hospital-clinic\/#respond"]}]},{"@type":"WebPage","@id":"https:\/\/www.revistarambla.com\/pronostico-reservado-para-el-hospital-clinic\/","url":"https:\/\/www.revistarambla.com\/pronostico-reservado-para-el-hospital-clinic\/","name":"Pr\u00f3nostico reservado para el Hospital Cl\u00ednic de Barcelona - Revista Rambla","isPartOf":{"@id":"https:\/\/www.revistarambla.com\/#website"},"primaryImageOfPage":{"@id":"https:\/\/www.revistarambla.com\/pronostico-reservado-para-el-hospital-clinic\/#primaryimage"},"image":{"@id":"https:\/\/www.revistarambla.com\/pronostico-reservado-para-el-hospital-clinic\/#primaryimage"},"thumbnailUrl":"https:\/\/www.revistarambla.com\/wp-content\/uploads\/2011\/05\/clinic2.jpg","datePublished":"2011-05-17T02:55:17+00:00","dateModified":"2021-12-08T19:50:22+00:00","breadcrumb":{"@id":"https:\/\/www.revistarambla.com\/pronostico-reservado-para-el-hospital-clinic\/#breadcrumb"},"inLanguage":"en-GB","potentialAction":[{"@type":"ReadAction","target":["https:\/\/www.revistarambla.com\/pronostico-reservado-para-el-hospital-clinic\/"]}]},{"@type":"ImageObject","inLanguage":"en-GB","@id":"https:\/\/www.revistarambla.com\/pronostico-reservado-para-el-hospital-clinic\/#primaryimage","url":"https:\/\/www.revistarambla.com\/wp-content\/uploads\/2011\/05\/clinic2.jpg","contentUrl":"https:\/\/www.revistarambla.com\/wp-content\/uploads\/2011\/05\/clinic2.jpg"},{"@type":"BreadcrumbList","@id":"https:\/\/www.revistarambla.com\/pronostico-reservado-para-el-hospital-clinic\/#breadcrumb","itemListElement":[{"@type":"ListItem","position":1,"name":"Portada","item":"https:\/\/www.revistarambla.com\/"},{"@type":"ListItem","position":2,"name":"Pr\u00f3nostico reservado para el Hospital Cl\u00ednic de Barcelona"}]},{"@type":"WebSite","@id":"https:\/\/www.revistarambla.com\/#website","url":"https:\/\/www.revistarambla.com\/","name":"Revista Rambla Barcelona","description":"Periodismo independiente","publisher":{"@id":"https:\/\/www.revistarambla.com\/#organization"},"potentialAction":[{"@type":"SearchAction","target":{"@type":"EntryPoint","urlTemplate":"https:\/\/www.revistarambla.com\/?s={search_term_string}"},"query-input":{"@type":"PropertyValueSpecification","valueRequired":true,"valueName":"search_term_string"}}],"inLanguage":"en-GB"},{"@type":"Organization","@id":"https:\/\/www.revistarambla.com\/#organization","name":"Revista Rambla","url":"https:\/\/www.revistarambla.com\/","logo":{"@type":"ImageObject","inLanguage":"en-GB","@id":"https:\/\/www.revistarambla.com\/#\/schema\/logo\/image\/","url":"https:\/\/www.revistarambla.com\/wp-content\/uploads\/2020\/09\/banner_rambla_1900x600_BB.png","contentUrl":"https:\/\/www.revistarambla.com\/wp-content\/uploads\/2020\/09\/banner_rambla_1900x600_BB.png","width":1900,"height":600,"caption":"Revista Rambla"},"image":{"@id":"https:\/\/www.revistarambla.com\/#\/schema\/logo\/image\/"},"sameAs":["https:\/\/www.facebook.com\/revistarambla\/","https:\/\/x.com\/revistarambla","https:\/\/www.instagram.com\/revista_rambla","https:\/\/es.linkedin.com\/company\/revista-rambla"]},{"@type":"Person","@id":"https:\/\/www.revistarambla.com\/#\/schema\/person\/6929729dc40824a1c398a961398e6d97","name":"Carles Batalla","description":"Periodista y poeta.","sameAs":["https:\/\/www.facebook.com\/carles.batalla.7","https:\/\/x.com\/batallacarles"]}]}},"_links":{"self":[{"href":"https:\/\/www.revistarambla.com\/en\/wp-json\/wp\/v2\/posts\/895","targetHints":{"allow":["GET"]}}],"collection":[{"href":"https:\/\/www.revistarambla.com\/en\/wp-json\/wp\/v2\/posts"}],"about":[{"href":"https:\/\/www.revistarambla.com\/en\/wp-json\/wp\/v2\/types\/post"}],"author":[{"embeddable":true,"href":"https:\/\/www.revistarambla.com\/en\/wp-json\/wp\/v2\/users\/40"}],"replies":[{"embeddable":true,"href":"https:\/\/www.revistarambla.com\/en\/wp-json\/wp\/v2\/comments?post=895"}],"version-history":[{"count":0,"href":"https:\/\/www.revistarambla.com\/en\/wp-json\/wp\/v2\/posts\/895\/revisions"}],"wp:attachment":[{"href":"https:\/\/www.revistarambla.com\/en\/wp-json\/wp\/v2\/media?parent=895"}],"wp:term":[{"taxonomy":"category","embeddable":true,"href":"https:\/\/www.revistarambla.com\/en\/wp-json\/wp\/v2\/categories?post=895"},{"taxonomy":"post_tag","embeddable":true,"href":"https:\/\/www.revistarambla.com\/en\/wp-json\/wp\/v2\/tags?post=895"}],"curies":[{"name":"wp","href":"https:\/\/api.w.org\/{rel}","templated":true}]}}