{"id":883,"date":"2011-05-11T09:53:30","date_gmt":"2011-05-11T07:53:30","guid":{"rendered":"https:\/\/www.revistarambla.com\/antes-dejaran-de-existir-los-estados-nacion-que-los-gitanos-porque-son-flexibles-y-adaptativos\/"},"modified":"2021-12-08T20:51:06","modified_gmt":"2021-12-08T19:51:06","slug":"antes-dejaran-de-existir-los-estados-nacion-que-los-gitanos-porque-son-flexibles-y-adaptativos","status":"publish","type":"post","link":"https:\/\/www.revistarambla.com\/en\/antes-dejaran-de-existir-los-estados-nacion-que-los-gitanos-porque-son-flexibles-y-adaptativos\/","title":{"rendered":"Sergio Rodr\u00edguez: \u00abAntes dejar\u00edan de existir los Estados que los gitanos\u00bb"},"content":{"rendered":"<p><span lang=\"CA\"><img decoding=\"async\" class=\"alignright wp-image-19733 size-full\" src=\"https:\/\/www.revistarambla.com\/wp-content\/uploads\/2011\/05\/9788472458970-es.jpg\" alt=\"gitanos\" width=\"323\" height=\"500\" srcset=\"https:\/\/www.revistarambla.com\/wp-content\/uploads\/2011\/05\/9788472458970-es.jpg 323w, https:\/\/www.revistarambla.com\/wp-content\/uploads\/2011\/05\/9788472458970-es-194x300.jpg 194w, https:\/\/www.revistarambla.com\/wp-content\/uploads\/2011\/05\/9788472458970-es-280x433.jpg 280w, https:\/\/www.revistarambla.com\/wp-content\/uploads\/2011\/05\/9788472458970-es-197x305.jpg 197w\" sizes=\"(max-width: 323px) 100vw, 323px\" \/>\u201cGitanidad. Otra manera de ver el mundo\u201d (Kair\u00f3s) es la nueva obra de <strong>Sergio Rodr\u00edguez<\/strong> (Barcelona,1970), doctor en Filosof\u00eda, periodista y director del Secretariado Gitano de Barcelona. Su profunda relaci\u00f3n con el pueblo gitano, que empez\u00f3 desde el voluntariado, le ha puesto en la tesitura de hacer un retrato contextualizado y amplio de los gitanos y, al mismo tiempo, arruinar t\u00f3picos, leyendas urbanas, prejuicios y dem\u00e1s opiniones sesgadas sobre la materia. Hablamos con \u00e9l justo antes de la presentaci\u00f3n del libro en la <a href=\"https:\/\/www.casaasia.es\/\">Casa Asia de Barcelona<\/a>.<\/span><\/p>\n<p><span lang=\"CA\"><strong>\u00bfCu\u00e1les son los t\u00f3picos y prejuicios m\u00e1s extendidos sobre los gitanos?<\/strong> <\/span><\/p>\n<p><span lang=\"CA\">\u201cEs una dicotom\u00eda: o son grandes artistas o grandes delincuentes, no hay t\u00e9rmino medio. La realidad gitana es muy plural y muchos de sus comportamientos los encuentras en cualquier sociedad mayoritaria. Muchos tienen su profesi\u00f3n como cualquier otra persona. La gente los percibe como delincuentes o como gente que se pasa el d\u00eda bailando y que no aporta nada al sistema productivo\u201d.<\/span><\/p>\n<p><span lang=\"CA\"><strong>\u00bfPero c\u00f3mo son realmente como pueblo? \u00bfTienen rasgos sociales, biol\u00f3gicos y culturales distintivos?<\/strong> <strong>Seg\u00fan su libro, parece que son pragm\u00e1ticos, espont\u00e1neos, listos, se les da mejor lo concreto que lo abstracto y viven el d\u00eda a d\u00eda&#8230;<\/strong><\/span><\/p>\n<p><span lang=\"CA\">\u201cS\u00ed, la tesis fundamental del libro es esa: a pesar de las diferencias dialectales, de clase, de situaci\u00f3n&#8230; cuando vas al meollo ves similitudes en todos los gitanos del mundo. Tienen una forma de pensar y de concebir el mundo, una forma de expresarse y comportarse, unos valores basados en el respeto a las tradiciones, a la gente joven y a la mayor, la fraternidad&#8230;Nosotros, desde Occidente, hemos configurado al individuo como base de la sociedad y en los gitanos el colectivo es m\u00e1s importante, la persona es una parte. Tienen una forma de pensar m\u00e1s abstracta e inductiva, son muy metaf\u00f3ricos y es una cultura muy simb\u00f3lica, cosa que contrasta con el mundo occidental, que es materialista\u201d.<\/span><\/p>\n<p><strong><span lang=\"CA\">Y recurren m\u00e1s a la sensibilidad y a la emoci\u00f3n que al pensamiento, adem\u00e1s de ser una cultura sonora y visual&#8230;<\/span><\/strong><\/p>\n<p><span lang=\"CA\">\u201cEs verdad, en el mundo indio, igual que en el gitano, lo que es visual o auditivo es muy importante. Un ejemplo es que hay gente que apenas sabe leer y escribir pero en cambio su incorporaci\u00f3n digital es mucho m\u00e1s r\u00e1pida que por la v\u00eda escolar tradicional. Eso se debe a su capacidad cultural, transmitida de generaci\u00f3n en generaci\u00f3n, de estar en contacto con el mundo auditivo y visual\u201d.<\/span><\/p>\n<p><strong><span lang=\"CA\">De hecho, en unos tiempos tan individualistas y marcados por la corrupci\u00f3n y la falta de \u00e9tica, los gitanos podr\u00edan servir de ejemplo por su concepci\u00f3n de la dignidad, de la solidaridad, el respeto a la gente mayor, la diferenciaci\u00f3n entre pobreza y miseria, su capacidad para llevar a cabo una vida austera y tener muy claro qu\u00e9 es prioritario y qu\u00e9 es un lujo prescindible&#8230;<\/span><\/strong><\/p>\n<p><span lang=\"CA\">\u201cDetr\u00e1s de esta crisis econ\u00f3mica hay una crisis de valores. Estamos en una sociedad en la que cu\u00e1nto m\u00e1s tienes m\u00e1s vales, y corre que la vida es un viaje y si lo puedes hacer en primera mejor que en segunda. En cambio, para los gitanos la propiedad es meramente instrumental, lo que valoran son los momentos, las vivencias, lo que puedes vivir, el presente. Es un carpe diem en el buen sentido, no de quemarlo todo sino de disfrutar de una buena charla o de un cigarro, sin obsesionarse con el presente o con el futuro\u201d.<\/span><\/p>\n<p><strong><span lang=\"CA\">En el contexto actual de crisis y de precariedad econ\u00f3mica lo m\u00e1s f\u00e1cil es culpar a los colectivos minoritarios y asociar inmigraci\u00f3n con inseguridad y delincuencia. \u00bfDetecta m\u00e1s o menos discriminaci\u00f3n a los gitanos en comparaci\u00f3n a unos a\u00f1os atr\u00e1s?<\/span><\/strong><\/p>\n<p><span lang=\"CA\">\u201cLa cosa se ha focalizado m\u00e1s en los immigrantes gitanos, los que tienen ambas cosas. A nivel espa\u00f1ol ha mejorado. El tema de los gitanos es un term\u00f3metro para saber c\u00f3mo est\u00e1n los derechos humanos en un pa\u00eds determinado. Lo que s\u00ed es cierto que se ha culpabilizado a los gitanos de fuera con el tema del cobre, de que son inc\u00edvicos&#8230;cuando hay crisis hay tensi\u00f3n social y lo normal es culpabilizarlos. Si t\u00fa miras proporcionalmente cu\u00e1ntos gitanos cogen cobre ver\u00e1s que la cifra no se aleja demasiado de los no gitanos que tambi\u00e9n lo hacen\u201d.<\/span><\/p>\n<p><strong><span lang=\"CA\">\u00bfLos gitanos tambi\u00e9n han tenido parte de culpa en su estigmatizaci\u00f3n? Quiz\u00e1s no han sabido explicarse y han creado guettos&#8230;<\/span><\/strong><\/p>\n<p><span lang=\"CA\">\u201cQuiz\u00e1s s\u00ed, porque la tendencia habitual es culpar \u00fanicamente a las sociedades mayoritarias. Cuando los gitanos llegaron a Europa hubo una fascinaci\u00f3n muy grande porque ten\u00edan un elemento ex\u00f3tico, despu\u00e9s, con los Estados-naci\u00f3n y el contexto sociopol\u00edtico, se les persigui\u00f3. Pero a diferencia, por ejemplo, de los afroamericanos, cuyo objetivo es integrarse y ser aceptados por la sociedad americana, los gitanos siempre han intentado mantener su identidad, y eso lo han hecho a veces sin incorporarse a la sociedad y se lo han hecho pagar. En una sociedad que tiende a la uniformidad, ser diferente es duro\u201d.<\/span><\/p>\n<p><strong><span lang=\"CA\">Desde la filosof\u00eda, pero especialmente desde la antropolog\u00eda e incluso desde la psicolog\u00eda, \u00bfc\u00f3mo se explica que el ser humano tenga ese miedo at\u00e1vico e inevitable a la diferencia, a la que considera amenaza y no riqueza? Es como si todo lo que se aparte del patr\u00f3n macho blanco occidental de clase alta sea visto con reticencia&#8230;<\/span><\/strong><\/p>\n<p><span lang=\"CA\">\u201cS\u00ed, y no pasa lo mismo con los orientales. Eso se debe a que los occidentales conocemos por el principio de diferenciaci\u00f3n: una cosa es porque no es otra cosa, y en cambio para los orientales una cosa es porque se parece a otra. Nosotros compartimentamos, hacemos segmentos de la realidad y despu\u00e9s los contraponemos y los jerarquizamos: si t\u00fa tienes dos coches la pregunta immediata ser\u00e1: \u2018\u00bfcu\u00e1l es el mejor?\u2019 mientras que los orientales se basan m\u00e1s en la inserci\u00f3n harm\u00f3nica con la naturaleza y el entorno\u201d.<\/span><\/p>\n<p><span lang=\"CA\"><strong>Es curioso que la marginaci\u00f3n hist\u00f3rica de ciertas minor\u00edas, por ejemplo los gitanos, los jud\u00edos o los catalanes (incluso en un sentido m\u00e1s amplio se podr\u00eda aplicar a las mujeres y a la raza negra) es inversamente proporcional a su resistencia pac\u00edfica y a su supervivencia, as\u00ed como a su potencial intelectual&#8230;<\/strong> <\/span><\/p>\n<p><span lang=\"CA\">\u201cLa gran capacidad que han tenido los gitanos ha sido la de saberse adaptar. En el fondo mantienen su m\u00e9dula oriental pero una parte de su comportamiento es flexible. Eso es como aquello de \u201cbe water my friend\u201d, el hecho de ser l\u00edquido. Es lo contrario a una columna, que se agrieta y se rompe, ellos son como el mimbre, que se mueve como el viento. Y ser flexibles les ha salvado\u201d.<\/span><\/p>\n<p><strong><span lang=\"CA\">\u00bfPiensa que la globalizaci\u00f3n en muchos casos se ha interpretado err\u00f3neamente (o maliciosamente) como una exaltaci\u00f3n o fortalecimiento de naciones o pa\u00edses muy potentes a nivel demogr\u00e1fico, econ\u00f3mico y cultural y que, al mismo tiempo, se ha utilizado como excusa para oprimir las minor\u00edas y colectivos diferentes?<\/span><\/strong><\/p>\n<p><span lang=\"CA\">\u201cEl caso de los gitanos es paradigm\u00e1tico porque, a diferencia de los jud\u00edos, no tienen dinero, y por lo tanto, no tienen acceso al sistema productivo, ni tampoco tienen Estado propio. Algunos gitanos propusieron crear un Estado propio, Romanest\u00e1n, pero eso no prosper\u00f3\u201d.<\/span><\/p>\n<p><strong><span lang=\"CA\">Otro aspecto llamativo es que los gitanos est\u00e1n muy orgullosos de serlo mientras que muchas veces el t\u00e9rmino gitano se usa de forma peyorativa por personas que, a su vez, se sienten ofendidas si un gitano se dirige a ellos con la expresi\u00f3n \u201cpayo\u201d&#8230;<\/span><\/strong><\/p>\n<p><span lang=\"CA\">\u201cYo no he conocido ning\u00fan gitano que no est\u00e9 orgulloso de serlo, otra cosa es que lo vayan proclamando a los cuatro vientos. Nadie lo nega, est\u00e1n orgullosos de su condici\u00f3n\u201d.<\/span><\/p>\n<p><strong><span lang=\"CA\">\u00bfC\u00f3mo est\u00e1n diseminados los 15 millones de gitanos que hay por el mundo?<\/span><\/strong><\/p>\n<p><span lang=\"CA\">\u201cLa mayor\u00eda de ellos, unos 13 millones, se encuentran en Europa y sobre todo en los pa\u00edses del Este, como por ejemplo Ruman\u00eda. En Espa\u00f1a hay unos 700.000 y en Catalu\u00f1a unos 80.000\u201d.<\/span><\/p>\n<p><strong><span lang=\"CA\">\u00bfEn qu\u00e9 situaci\u00f3n se encuentra el cal\u00f3? Tal y como apunta en el libro, sin patrimonio escrito, ni continuidad de uso en un territorio extenso ni poder pol\u00edtico detr\u00e1s que lo conserve, unifique e imponga, lo va a tener muy complicado para sobrevivir.<\/span><\/strong><\/p>\n<p><span lang=\"CA\">\u201cEst\u00e1 muy mal. Los gitanos de toda Europa hablan roman\u00f3 pero los de aqu\u00ed hablan cal\u00f3, que es b\u00e1sicamente la gram\u00e1tica del pa\u00eds de acogida (catal\u00e1n o castellano) con palabras del roman\u00f3. Se ha perdido, especialmente en los medios de comunicaci\u00f3n. Han habido intentos de recuperaci\u00f3n pero eso pasa por un reconocimiento pol\u00edtico y por la implicaci\u00f3n del sector educativo, que integre contenidos de la lengua gitana en los cr\u00e9ditos variables (lengua, historia) y as\u00ed el fracaso escolar disminuir\u00e1 y las familias dejar\u00e1n de percibir la instituci\u00f3n escolar como algo ajeno\u201d.<\/span><\/p>\n<p><span lang=\"CA\"><strong>\u00bfLa formaci\u00f3n, el acceso a la cultura y al conocimiento y la disminuci\u00f3n progresiva del analfabetismo y el absentismo escolar son la clave para la viabilidad del pueblo gitano?<\/strong> <\/span><\/p>\n<p><span lang=\"CA\">\u201cEl fracaso y el absentismo escolar son los grandes problemas, no el analfabetismo, que ha mejorado mucho respecto a los 60, cuando hab\u00eda un 95%. Ahora puede haber un 2 o un 3% residual. El absentismo ha bajado en primaria pero todav\u00eda es importante en secundaria, es el quid de la cuesti\u00f3n. Tambi\u00e9n hay que decir que actualmente los gitanos se encuentran en un punto en el que est\u00e1n haciendo una s\u00edntesis de su historia, discerniendo sobre los elementos a conservar y si han de incorporarse a ciertos \u00e1mbitos. Y en lo que se refiere a la escuela, dado que es una cultura que se basa mucho en el grupo, poder compaginar la vida laboral con la familiar es muy importante. Porque en caso de que tengan que elegir entre una carrera profesional o estar con su familia, siempre escoger\u00e1n lo segundo. Cuando los gitanos rompieron el v\u00ednculo con la India, crearon el concepto de familia como patria\u201d. <\/span><\/p>\n<p><span lang=\"CA\"><strong>\u00bfQu\u00e9 importancia tiene el arte en el pueblo gitano? \u00bfEst\u00e1n m\u00e1s dotados para el arte o eso es un mito falso?<\/strong> <\/span><\/p>\n<p><span lang=\"CA\">\u201cAqu\u00ed hay una trampa. Est\u00e1n m\u00e1s dotados, pero no a nivel gen\u00e9tico sino porque se cr\u00edan en un contexto en el que el arte es muy importante. Si t\u00fa naces en una familia en la que tus padres son m\u00fasicos y todo el d\u00eda est\u00e1n tocando, pues lo habr\u00e1s vivido desde peque\u00f1o, y los gitanos siempre est\u00e1n haciendo palmas\u201d.<\/span><\/p>\n<p><span lang=\"CA\"><strong>Hay un autor, Mendiola, que afirma que el siglo XXI ser\u00e1 de los gitanos. \u00bfEst\u00e1 de acuerdo con eso?<\/strong> <\/span><\/p>\n<p><span lang=\"CA\">\u201cTotalmente. En primer lugar, porque estamos en un cambio de paradigma, del homo sapiens al homo sentins, el hombre que siente m\u00e1s que el hombre que piensa, y el descubrimiento de la psicolog\u00eda contempor\u00e1nea del yo es un gran hito. Despu\u00e9s hay ese car\u00e1cter adaptativo. Hay unos principios que son b\u00e1sicos en las personas pero aquello de querer un mundo tal y c\u00f3mo lo tienes en la mente desaparece. Las sociedades se caracterizan por el mestizaje, el enriquecimiento mutuo, hoy la gente vive aqu\u00ed y ma\u00f1ana en otro lugar, las personas tienen que ser flexibles\u201d.<\/span><\/p>\n<p><strong><span lang=\"CA\">As\u00ed pues, \u00bfel futuro del pueblo gitano est\u00e1 garantizado?<\/span><\/strong><\/p>\n<p><span lang=\"CA\">\u201cTotalmente. Antes dejar\u00edan de existir buena parte de los Estados-naci\u00f3n, porque los gitanos son adaptativos\u201d.<\/span><\/p>","protected":false},"excerpt":{"rendered":"<p>\u201cGitanidad. Otra manera de ver el mundo\u201d (Kair\u00f3s) es la nueva obra de Sergio Rodr\u00edguez (Barcelona,1970), doctor en Filosof\u00eda, periodista y director del Secretariado Gitano de Barcelona. Su profunda relaci\u00f3n con el pueblo gitano, que empez\u00f3 desde el voluntariado, le ha puesto en la tesitura de hacer un retrato contextualizado [&hellip;]<\/p>\n","protected":false},"author":40,"featured_media":19733,"comment_status":"open","ping_status":"open","sticky":false,"template":"","format":"standard","meta":{"footnotes":""},"categories":[4,60],"tags":[],"class_list":["post-883","post","type-post","status-publish","format-standard","has-post-thumbnail","hentry","category-cultura","category-libros"],"yoast_head":"<!-- This site is optimized with the Yoast SEO plugin v27.5 - https:\/\/yoast.com\/product\/yoast-seo-wordpress\/ -->\n<title>&quot;Antes dejar\u00edan de existir los Estados que los gitanos&quot; - Revista Rambla<\/title>\n<meta name=\"description\" content=\"Un retrato contextualizado y amplio de los gitanos y, al mismo tiempo, arruinar t\u00f3picos, leyendas urbanas, prejuicios y dem\u00e1s opiniones sesgadas sobre la...\" \/>\n<meta name=\"robots\" content=\"index, follow, max-snippet:-1, max-image-preview:large, max-video-preview:-1\" \/>\n<link rel=\"canonical\" href=\"https:\/\/www.revistarambla.com\/en\/antes-dejaran-de-existir-los-estados-nacion-que-los-gitanos-porque-son-flexibles-y-adaptativos\/\" \/>\n<meta property=\"og:locale\" content=\"en_GB\" \/>\n<meta property=\"og:type\" content=\"article\" \/>\n<meta property=\"og:title\" content=\"&quot;Antes dejar\u00edan de existir los Estados que los gitanos&quot; - Revista Rambla\" \/>\n<meta property=\"og:description\" content=\"Un retrato contextualizado y amplio de los gitanos y, al mismo tiempo, arruinar t\u00f3picos, leyendas urbanas, prejuicios y dem\u00e1s opiniones sesgadas sobre la...\" \/>\n<meta property=\"og:url\" content=\"https:\/\/www.revistarambla.com\/en\/antes-dejaran-de-existir-los-estados-nacion-que-los-gitanos-porque-son-flexibles-y-adaptativos\/\" \/>\n<meta property=\"og:site_name\" content=\"Revista Rambla\" \/>\n<meta property=\"article:publisher\" content=\"https:\/\/www.facebook.com\/revistarambla\/\" \/>\n<meta property=\"article:author\" content=\"https:\/\/www.facebook.com\/carles.batalla.7\" \/>\n<meta property=\"article:published_time\" content=\"2011-05-11T07:53:30+00:00\" \/>\n<meta property=\"article:modified_time\" content=\"2021-12-08T19:51:06+00:00\" \/>\n<meta property=\"og:image\" content=\"https:\/\/www.revistarambla.com\/wp-content\/uploads\/2011\/05\/9788472458970-es.jpg\" \/>\n\t<meta property=\"og:image:width\" content=\"323\" \/>\n\t<meta property=\"og:image:height\" content=\"500\" \/>\n\t<meta property=\"og:image:type\" content=\"image\/jpeg\" \/>\n<meta name=\"author\" content=\"Carles Batalla\" \/>\n<meta name=\"twitter:card\" content=\"summary_large_image\" \/>\n<meta name=\"twitter:creator\" content=\"@batallacarles\" \/>\n<meta name=\"twitter:site\" content=\"@revistarambla\" \/>\n<meta name=\"twitter:label1\" content=\"Written by\" \/>\n\t<meta name=\"twitter:data1\" content=\"Carles Batalla\" \/>\n\t<meta name=\"twitter:label2\" content=\"Estimated reading time\" \/>\n\t<meta name=\"twitter:data2\" content=\"9 minutes\" \/>\n<script type=\"application\/ld+json\" class=\"yoast-schema-graph\">{\"@context\":\"https:\\\/\\\/schema.org\",\"@graph\":[{\"@type\":\"Article\",\"@id\":\"https:\\\/\\\/www.revistarambla.com\\\/antes-dejaran-de-existir-los-estados-nacion-que-los-gitanos-porque-son-flexibles-y-adaptativos\\\/#article\",\"isPartOf\":{\"@id\":\"https:\\\/\\\/www.revistarambla.com\\\/antes-dejaran-de-existir-los-estados-nacion-que-los-gitanos-porque-son-flexibles-y-adaptativos\\\/\"},\"author\":{\"name\":\"Carles Batalla\",\"@id\":\"https:\\\/\\\/www.revistarambla.com\\\/#\\\/schema\\\/person\\\/6929729dc40824a1c398a961398e6d97\"},\"headline\":\"Sergio Rodr\u00edguez: \u00abAntes dejar\u00edan de existir los Estados que los gitanos\u00bb\",\"datePublished\":\"2011-05-11T07:53:30+00:00\",\"dateModified\":\"2021-12-08T19:51:06+00:00\",\"mainEntityOfPage\":{\"@id\":\"https:\\\/\\\/www.revistarambla.com\\\/antes-dejaran-de-existir-los-estados-nacion-que-los-gitanos-porque-son-flexibles-y-adaptativos\\\/\"},\"wordCount\":2012,\"commentCount\":0,\"publisher\":{\"@id\":\"https:\\\/\\\/www.revistarambla.com\\\/#organization\"},\"image\":{\"@id\":\"https:\\\/\\\/www.revistarambla.com\\\/antes-dejaran-de-existir-los-estados-nacion-que-los-gitanos-porque-son-flexibles-y-adaptativos\\\/#primaryimage\"},\"thumbnailUrl\":\"https:\\\/\\\/www.revistarambla.com\\\/wp-content\\\/uploads\\\/2011\\\/05\\\/9788472458970-es.jpg\",\"articleSection\":[\"Cultura\",\"Libros\"],\"inLanguage\":\"en-GB\",\"potentialAction\":[{\"@type\":\"CommentAction\",\"name\":\"Comment\",\"target\":[\"https:\\\/\\\/www.revistarambla.com\\\/antes-dejaran-de-existir-los-estados-nacion-que-los-gitanos-porque-son-flexibles-y-adaptativos\\\/#respond\"]}]},{\"@type\":\"WebPage\",\"@id\":\"https:\\\/\\\/www.revistarambla.com\\\/antes-dejaran-de-existir-los-estados-nacion-que-los-gitanos-porque-son-flexibles-y-adaptativos\\\/\",\"url\":\"https:\\\/\\\/www.revistarambla.com\\\/antes-dejaran-de-existir-los-estados-nacion-que-los-gitanos-porque-son-flexibles-y-adaptativos\\\/\",\"name\":\"\\\"Antes dejar\u00edan de existir los Estados que los gitanos\\\" - Revista Rambla\",\"isPartOf\":{\"@id\":\"https:\\\/\\\/www.revistarambla.com\\\/#website\"},\"primaryImageOfPage\":{\"@id\":\"https:\\\/\\\/www.revistarambla.com\\\/antes-dejaran-de-existir-los-estados-nacion-que-los-gitanos-porque-son-flexibles-y-adaptativos\\\/#primaryimage\"},\"image\":{\"@id\":\"https:\\\/\\\/www.revistarambla.com\\\/antes-dejaran-de-existir-los-estados-nacion-que-los-gitanos-porque-son-flexibles-y-adaptativos\\\/#primaryimage\"},\"thumbnailUrl\":\"https:\\\/\\\/www.revistarambla.com\\\/wp-content\\\/uploads\\\/2011\\\/05\\\/9788472458970-es.jpg\",\"datePublished\":\"2011-05-11T07:53:30+00:00\",\"dateModified\":\"2021-12-08T19:51:06+00:00\",\"description\":\"Un retrato contextualizado y amplio de los gitanos y, al mismo tiempo, arruinar t\u00f3picos, leyendas urbanas, prejuicios y dem\u00e1s opiniones sesgadas sobre la...\",\"breadcrumb\":{\"@id\":\"https:\\\/\\\/www.revistarambla.com\\\/antes-dejaran-de-existir-los-estados-nacion-que-los-gitanos-porque-son-flexibles-y-adaptativos\\\/#breadcrumb\"},\"inLanguage\":\"en-GB\",\"potentialAction\":[{\"@type\":\"ReadAction\",\"target\":[\"https:\\\/\\\/www.revistarambla.com\\\/antes-dejaran-de-existir-los-estados-nacion-que-los-gitanos-porque-son-flexibles-y-adaptativos\\\/\"]}]},{\"@type\":\"ImageObject\",\"inLanguage\":\"en-GB\",\"@id\":\"https:\\\/\\\/www.revistarambla.com\\\/antes-dejaran-de-existir-los-estados-nacion-que-los-gitanos-porque-son-flexibles-y-adaptativos\\\/#primaryimage\",\"url\":\"https:\\\/\\\/www.revistarambla.com\\\/wp-content\\\/uploads\\\/2011\\\/05\\\/9788472458970-es.jpg\",\"contentUrl\":\"https:\\\/\\\/www.revistarambla.com\\\/wp-content\\\/uploads\\\/2011\\\/05\\\/9788472458970-es.jpg\",\"width\":323,\"height\":500,\"caption\":\"gitanos\"},{\"@type\":\"BreadcrumbList\",\"@id\":\"https:\\\/\\\/www.revistarambla.com\\\/antes-dejaran-de-existir-los-estados-nacion-que-los-gitanos-porque-son-flexibles-y-adaptativos\\\/#breadcrumb\",\"itemListElement\":[{\"@type\":\"ListItem\",\"position\":1,\"name\":\"Portada\",\"item\":\"https:\\\/\\\/www.revistarambla.com\\\/\"},{\"@type\":\"ListItem\",\"position\":2,\"name\":\"Sergio Rodr\u00edguez: \u00abAntes dejar\u00edan de existir los Estados que los gitanos\u00bb\"}]},{\"@type\":\"WebSite\",\"@id\":\"https:\\\/\\\/www.revistarambla.com\\\/#website\",\"url\":\"https:\\\/\\\/www.revistarambla.com\\\/\",\"name\":\"Revista Rambla Barcelona\",\"description\":\"Periodismo independiente\",\"publisher\":{\"@id\":\"https:\\\/\\\/www.revistarambla.com\\\/#organization\"},\"potentialAction\":[{\"@type\":\"SearchAction\",\"target\":{\"@type\":\"EntryPoint\",\"urlTemplate\":\"https:\\\/\\\/www.revistarambla.com\\\/?s={search_term_string}\"},\"query-input\":{\"@type\":\"PropertyValueSpecification\",\"valueRequired\":true,\"valueName\":\"search_term_string\"}}],\"inLanguage\":\"en-GB\"},{\"@type\":\"Organization\",\"@id\":\"https:\\\/\\\/www.revistarambla.com\\\/#organization\",\"name\":\"Revista Rambla\",\"url\":\"https:\\\/\\\/www.revistarambla.com\\\/\",\"logo\":{\"@type\":\"ImageObject\",\"inLanguage\":\"en-GB\",\"@id\":\"https:\\\/\\\/www.revistarambla.com\\\/#\\\/schema\\\/logo\\\/image\\\/\",\"url\":\"https:\\\/\\\/www.revistarambla.com\\\/wp-content\\\/uploads\\\/2020\\\/09\\\/banner_rambla_1900x600_BB.png\",\"contentUrl\":\"https:\\\/\\\/www.revistarambla.com\\\/wp-content\\\/uploads\\\/2020\\\/09\\\/banner_rambla_1900x600_BB.png\",\"width\":1900,\"height\":600,\"caption\":\"Revista Rambla\"},\"image\":{\"@id\":\"https:\\\/\\\/www.revistarambla.com\\\/#\\\/schema\\\/logo\\\/image\\\/\"},\"sameAs\":[\"https:\\\/\\\/www.facebook.com\\\/revistarambla\\\/\",\"https:\\\/\\\/x.com\\\/revistarambla\",\"https:\\\/\\\/www.instagram.com\\\/revista_rambla\",\"https:\\\/\\\/es.linkedin.com\\\/company\\\/revista-rambla\"]},{\"@type\":\"Person\",\"@id\":\"https:\\\/\\\/www.revistarambla.com\\\/#\\\/schema\\\/person\\\/6929729dc40824a1c398a961398e6d97\",\"name\":\"Carles Batalla\",\"description\":\"Periodista y poeta.\",\"sameAs\":[\"https:\\\/\\\/www.facebook.com\\\/carles.batalla.7\",\"https:\\\/\\\/x.com\\\/batallacarles\"]}]}<\/script>\n<!-- \/ Yoast SEO plugin. -->","yoast_head_json":{"title":"\"Antes dejar\u00edan de existir los Estados que los gitanos\" - Revista Rambla","description":"Un retrato contextualizado y amplio de los gitanos y, al mismo tiempo, arruinar t\u00f3picos, leyendas urbanas, prejuicios y dem\u00e1s opiniones sesgadas sobre la...","robots":{"index":"index","follow":"follow","max-snippet":"max-snippet:-1","max-image-preview":"max-image-preview:large","max-video-preview":"max-video-preview:-1"},"canonical":"https:\/\/www.revistarambla.com\/en\/antes-dejaran-de-existir-los-estados-nacion-que-los-gitanos-porque-son-flexibles-y-adaptativos\/","og_locale":"en_GB","og_type":"article","og_title":"\"Antes dejar\u00edan de existir los Estados que los gitanos\" - Revista Rambla","og_description":"Un retrato contextualizado y amplio de los gitanos y, al mismo tiempo, arruinar t\u00f3picos, leyendas urbanas, prejuicios y dem\u00e1s opiniones sesgadas sobre la...","og_url":"https:\/\/www.revistarambla.com\/en\/antes-dejaran-de-existir-los-estados-nacion-que-los-gitanos-porque-son-flexibles-y-adaptativos\/","og_site_name":"Revista Rambla","article_publisher":"https:\/\/www.facebook.com\/revistarambla\/","article_author":"https:\/\/www.facebook.com\/carles.batalla.7","article_published_time":"2011-05-11T07:53:30+00:00","article_modified_time":"2021-12-08T19:51:06+00:00","og_image":[{"width":323,"height":500,"url":"https:\/\/www.revistarambla.com\/wp-content\/uploads\/2011\/05\/9788472458970-es.jpg","type":"image\/jpeg"}],"author":"Carles Batalla","twitter_card":"summary_large_image","twitter_creator":"@batallacarles","twitter_site":"@revistarambla","twitter_misc":{"Written by":"Carles Batalla","Estimated reading time":"9 minutes"},"schema":{"@context":"https:\/\/schema.org","@graph":[{"@type":"Article","@id":"https:\/\/www.revistarambla.com\/antes-dejaran-de-existir-los-estados-nacion-que-los-gitanos-porque-son-flexibles-y-adaptativos\/#article","isPartOf":{"@id":"https:\/\/www.revistarambla.com\/antes-dejaran-de-existir-los-estados-nacion-que-los-gitanos-porque-son-flexibles-y-adaptativos\/"},"author":{"name":"Carles Batalla","@id":"https:\/\/www.revistarambla.com\/#\/schema\/person\/6929729dc40824a1c398a961398e6d97"},"headline":"Sergio Rodr\u00edguez: \u00abAntes dejar\u00edan de existir los Estados que los gitanos\u00bb","datePublished":"2011-05-11T07:53:30+00:00","dateModified":"2021-12-08T19:51:06+00:00","mainEntityOfPage":{"@id":"https:\/\/www.revistarambla.com\/antes-dejaran-de-existir-los-estados-nacion-que-los-gitanos-porque-son-flexibles-y-adaptativos\/"},"wordCount":2012,"commentCount":0,"publisher":{"@id":"https:\/\/www.revistarambla.com\/#organization"},"image":{"@id":"https:\/\/www.revistarambla.com\/antes-dejaran-de-existir-los-estados-nacion-que-los-gitanos-porque-son-flexibles-y-adaptativos\/#primaryimage"},"thumbnailUrl":"https:\/\/www.revistarambla.com\/wp-content\/uploads\/2011\/05\/9788472458970-es.jpg","articleSection":["Cultura","Libros"],"inLanguage":"en-GB","potentialAction":[{"@type":"CommentAction","name":"Comment","target":["https:\/\/www.revistarambla.com\/antes-dejaran-de-existir-los-estados-nacion-que-los-gitanos-porque-son-flexibles-y-adaptativos\/#respond"]}]},{"@type":"WebPage","@id":"https:\/\/www.revistarambla.com\/antes-dejaran-de-existir-los-estados-nacion-que-los-gitanos-porque-son-flexibles-y-adaptativos\/","url":"https:\/\/www.revistarambla.com\/antes-dejaran-de-existir-los-estados-nacion-que-los-gitanos-porque-son-flexibles-y-adaptativos\/","name":"\"Antes dejar\u00edan de existir los Estados que los gitanos\" - Revista Rambla","isPartOf":{"@id":"https:\/\/www.revistarambla.com\/#website"},"primaryImageOfPage":{"@id":"https:\/\/www.revistarambla.com\/antes-dejaran-de-existir-los-estados-nacion-que-los-gitanos-porque-son-flexibles-y-adaptativos\/#primaryimage"},"image":{"@id":"https:\/\/www.revistarambla.com\/antes-dejaran-de-existir-los-estados-nacion-que-los-gitanos-porque-son-flexibles-y-adaptativos\/#primaryimage"},"thumbnailUrl":"https:\/\/www.revistarambla.com\/wp-content\/uploads\/2011\/05\/9788472458970-es.jpg","datePublished":"2011-05-11T07:53:30+00:00","dateModified":"2021-12-08T19:51:06+00:00","description":"Un retrato contextualizado y amplio de los gitanos y, al mismo tiempo, arruinar t\u00f3picos, leyendas urbanas, prejuicios y dem\u00e1s opiniones sesgadas sobre la...","breadcrumb":{"@id":"https:\/\/www.revistarambla.com\/antes-dejaran-de-existir-los-estados-nacion-que-los-gitanos-porque-son-flexibles-y-adaptativos\/#breadcrumb"},"inLanguage":"en-GB","potentialAction":[{"@type":"ReadAction","target":["https:\/\/www.revistarambla.com\/antes-dejaran-de-existir-los-estados-nacion-que-los-gitanos-porque-son-flexibles-y-adaptativos\/"]}]},{"@type":"ImageObject","inLanguage":"en-GB","@id":"https:\/\/www.revistarambla.com\/antes-dejaran-de-existir-los-estados-nacion-que-los-gitanos-porque-son-flexibles-y-adaptativos\/#primaryimage","url":"https:\/\/www.revistarambla.com\/wp-content\/uploads\/2011\/05\/9788472458970-es.jpg","contentUrl":"https:\/\/www.revistarambla.com\/wp-content\/uploads\/2011\/05\/9788472458970-es.jpg","width":323,"height":500,"caption":"gitanos"},{"@type":"BreadcrumbList","@id":"https:\/\/www.revistarambla.com\/antes-dejaran-de-existir-los-estados-nacion-que-los-gitanos-porque-son-flexibles-y-adaptativos\/#breadcrumb","itemListElement":[{"@type":"ListItem","position":1,"name":"Portada","item":"https:\/\/www.revistarambla.com\/"},{"@type":"ListItem","position":2,"name":"Sergio Rodr\u00edguez: \u00abAntes dejar\u00edan de existir los Estados que los gitanos\u00bb"}]},{"@type":"WebSite","@id":"https:\/\/www.revistarambla.com\/#website","url":"https:\/\/www.revistarambla.com\/","name":"Revista Rambla Barcelona","description":"Periodismo independiente","publisher":{"@id":"https:\/\/www.revistarambla.com\/#organization"},"potentialAction":[{"@type":"SearchAction","target":{"@type":"EntryPoint","urlTemplate":"https:\/\/www.revistarambla.com\/?s={search_term_string}"},"query-input":{"@type":"PropertyValueSpecification","valueRequired":true,"valueName":"search_term_string"}}],"inLanguage":"en-GB"},{"@type":"Organization","@id":"https:\/\/www.revistarambla.com\/#organization","name":"Revista Rambla","url":"https:\/\/www.revistarambla.com\/","logo":{"@type":"ImageObject","inLanguage":"en-GB","@id":"https:\/\/www.revistarambla.com\/#\/schema\/logo\/image\/","url":"https:\/\/www.revistarambla.com\/wp-content\/uploads\/2020\/09\/banner_rambla_1900x600_BB.png","contentUrl":"https:\/\/www.revistarambla.com\/wp-content\/uploads\/2020\/09\/banner_rambla_1900x600_BB.png","width":1900,"height":600,"caption":"Revista Rambla"},"image":{"@id":"https:\/\/www.revistarambla.com\/#\/schema\/logo\/image\/"},"sameAs":["https:\/\/www.facebook.com\/revistarambla\/","https:\/\/x.com\/revistarambla","https:\/\/www.instagram.com\/revista_rambla","https:\/\/es.linkedin.com\/company\/revista-rambla"]},{"@type":"Person","@id":"https:\/\/www.revistarambla.com\/#\/schema\/person\/6929729dc40824a1c398a961398e6d97","name":"Carles Batalla","description":"Periodista y poeta.","sameAs":["https:\/\/www.facebook.com\/carles.batalla.7","https:\/\/x.com\/batallacarles"]}]}},"_links":{"self":[{"href":"https:\/\/www.revistarambla.com\/en\/wp-json\/wp\/v2\/posts\/883","targetHints":{"allow":["GET"]}}],"collection":[{"href":"https:\/\/www.revistarambla.com\/en\/wp-json\/wp\/v2\/posts"}],"about":[{"href":"https:\/\/www.revistarambla.com\/en\/wp-json\/wp\/v2\/types\/post"}],"author":[{"embeddable":true,"href":"https:\/\/www.revistarambla.com\/en\/wp-json\/wp\/v2\/users\/40"}],"replies":[{"embeddable":true,"href":"https:\/\/www.revistarambla.com\/en\/wp-json\/wp\/v2\/comments?post=883"}],"version-history":[{"count":0,"href":"https:\/\/www.revistarambla.com\/en\/wp-json\/wp\/v2\/posts\/883\/revisions"}],"wp:featuredmedia":[{"embeddable":true,"href":"https:\/\/www.revistarambla.com\/en\/wp-json\/wp\/v2\/media\/19733"}],"wp:attachment":[{"href":"https:\/\/www.revistarambla.com\/en\/wp-json\/wp\/v2\/media?parent=883"}],"wp:term":[{"taxonomy":"category","embeddable":true,"href":"https:\/\/www.revistarambla.com\/en\/wp-json\/wp\/v2\/categories?post=883"},{"taxonomy":"post_tag","embeddable":true,"href":"https:\/\/www.revistarambla.com\/en\/wp-json\/wp\/v2\/tags?post=883"}],"curies":[{"name":"wp","href":"https:\/\/api.w.org\/{rel}","templated":true}]}}