{"id":8623,"date":"2016-01-08T06:50:40","date_gmt":"2016-01-08T06:50:40","guid":{"rendered":"https:\/\/www.revistarambla.com\/ia-quien-le-quedan-fuerzas-para-aguantar-las-letras-de-independencia\/"},"modified":"2021-04-10T18:24:10","modified_gmt":"2021-04-10T16:24:10","slug":"ia-quien-le-quedan-fuerzas-para-aguantar-las-letras-de-independencia","status":"publish","type":"post","link":"https:\/\/www.revistarambla.com\/en\/ia-quien-le-quedan-fuerzas-para-aguantar-las-letras-de-independencia\/","title":{"rendered":"\u00bfA qui\u00e9n le quedan fuerzas para aguantar las letras de independencia?"},"content":{"rendered":"<p><a href=\"https:\/\/www.revistarambla.com\/wp-content\/uploads\/2016\/01\/mani-revistarambla-01%281%29.jpg\"><img decoding=\"async\" class=\"aligncenter\" src=\"https:\/\/www.revistarambla.com\/wp-content\/uploads\/2016\/01\/mani-revistarambla-01%281%29.jpg\" alt=\"la cup\" width=\"682\" height=\"432\" \/><\/a><\/p>\n<p>M\u00e1s de mil personas se concentraron ayer en\u00a0 la plaza de la Catedral de Barcelona para exigir un acuerdo entre Juntos el S\u00ed y la CUP que permita una investidura in extremis respondiendo a la llamada de la asamblea territorial del Barcelon\u00e8s de la Asamblea Nacional Catalana (ANC), a la misma hora de la tarde que ten\u00edan lugar otras concentraciones de la misma entidad: en la plaza del Vi de Girona, en la plaza de Prim de Reus y frente al ayuntamiento de Cambrils<\/p>\n<p>\u00abNecesitamos voluntarios entre los asistentes que quieran levantar las letras de independencia\u00bb, dice uno de los organizadores por megafon\u00eda. No se me ocurre requerimiento con m\u00e1s poder metaf\u00f3rico que \u00e9ste. Claro que a\u00fan podr\u00eda haber sido m\u00e1s claro y contundente y haber pedido: \u00ab\u00bfA qui\u00e9n le quedan fuerzas para seguir aguantando las letras de independencia?\u00bb O por qu\u00e9 no: \u00abA ver qui\u00e9n es el guapo que todav\u00eda lo cree, todo eso \u00ab. En la plaza de la catedral del ANC ha organizado una nueva concentraci\u00f3n para reclamar entendimiento entre JxS\u00ed y la CUP cuando las horas que quedan para conseguirlo son cada vez m\u00e1s exiguas. \u00abHay des\u00e1nimo. Quien no quiera admitirlo miente \u00ab, siento decir a una voz relevante dentro de la Asamblea que con cara de circunstancias se dispone a escuchar el manifiesto escrito de nuevo con grandes dosis de moral.<\/p>\n<p>El manifiesto es conciso y directo, sin pre\u00e1mbulos, per\u00edfrasis, circunloquios ni actuaciones musicales. Y las consignas suenan altas y enfadadas, abruptos incluso: \u00abQueremos acuerdo!\u00bb Y \u00abQueremos Gobierno!\u00bb La cantinela de independencia pocas veces se ha elevado m\u00e1s airada. Un voluntario de la ANC habla con dos turistas y los intenta explicar el entramado de la cuesti\u00f3n: \u00abHace muchos a\u00f1os que estamos intentando que haya una democracia real en Espa\u00f1a. Pero no lo hemos conseguido. Gobiernan los mismos que hicieron el 23-F \u00ab. Vaya, este debe de ser uno de los maestros del Gabriel Rufi\u00e1n. Parar la oreja es escuchar cabreo: \u00abEl odio entre CDC y la CUP no lleva a ninguna parte\u00bb, \u00abMas hab\u00eda que dar un paso atr\u00e1s pero lo que quiere es quedar como un C\u00e9sar\u00bb, \u00abA m\u00ed que no me pongan ninguna c\u00e1mara delante que con el cabreo que llevo dir\u00eda alguna barbaridad \u00ab.<\/p>\n<p>De entre todos los an\u00e1lisis que siento, una me llama la atenci\u00f3n. Un se\u00f1or sostiene que ahora la CUP quedar\u00e1 dividida en dos: independentistas y no independentistas. \u00ab\u00bfPero que no lo son todos?\u00bb, Le preguntan. \u00abNo! La mitad lo son, la otra mitad s\u00f3lo son revolucionarios \u00ab.<\/p>\n<p><a href=\"https:\/\/www.revistarambla.com\/wp-content\/uploads\/2016\/01\/mani-revistarambla-02.jpg\"><img decoding=\"async\" class=\"aligncenter\" src=\"https:\/\/www.revistarambla.com\/wp-content\/uploads\/2016\/01\/mani-revistarambla-02.jpg\" alt=\"la cup\" width=\"700\" height=\"374\" \/><\/a><\/p>","protected":false},"excerpt":{"rendered":"<p>M\u00e1s de mil personas se concentraron ayer en\u00a0 la plaza de la Catedral de Barcelona para exigir un acuerdo entre Juntos el S\u00ed y la CUP que permita una investidura in extremis respondiendo a la llamada de la asamblea territorial del Barcelon\u00e8s de la Asamblea Nacional Catalana (ANC), a la [&hellip;]<\/p>\n","protected":false},"author":3,"featured_media":0,"comment_status":"open","ping_status":"open","sticky":false,"template":"","format":"standard","meta":{"footnotes":""},"categories":[3,59],"tags":[],"class_list":["post-8623","post","type-post","status-publish","format-standard","hentry","category-actualidad","category-catalunya"],"yoast_head":"<!-- This site is optimized with the Yoast SEO plugin v27.5 - https:\/\/yoast.com\/product\/yoast-seo-wordpress\/ -->\n<title>La CUP quedar\u00e1 dividida en dos - Revista Rambla<\/title>\n<meta name=\"description\" content=\"Exigir un acuerdo entre Juntos el S\u00ed y la CUP que permita una investidura in extremis respondiendo a la llamada de la asamblea territorial del Barcelon\u00e8s...\" \/>\n<meta name=\"robots\" content=\"index, follow, max-snippet:-1, max-image-preview:large, max-video-preview:-1\" \/>\n<link rel=\"canonical\" href=\"https:\/\/www.revistarambla.com\/en\/ia-quien-le-quedan-fuerzas-para-aguantar-las-letras-de-independencia\/\" \/>\n<meta property=\"og:locale\" content=\"en_GB\" \/>\n<meta property=\"og:type\" content=\"article\" \/>\n<meta property=\"og:title\" content=\"La CUP quedar\u00e1 dividida en dos - Revista Rambla\" \/>\n<meta property=\"og:description\" content=\"Exigir un acuerdo entre Juntos el S\u00ed y la CUP que permita una investidura in extremis respondiendo a la llamada de la asamblea territorial del Barcelon\u00e8s...\" \/>\n<meta property=\"og:url\" content=\"https:\/\/www.revistarambla.com\/en\/ia-quien-le-quedan-fuerzas-para-aguantar-las-letras-de-independencia\/\" \/>\n<meta property=\"og:site_name\" content=\"Revista Rambla\" \/>\n<meta property=\"article:publisher\" content=\"https:\/\/www.facebook.com\/revistarambla\/\" \/>\n<meta property=\"article:author\" content=\"https:\/\/www.facebook.com\/revistarambla\" \/>\n<meta property=\"article:published_time\" content=\"2016-01-08T06:50:40+00:00\" \/>\n<meta property=\"article:modified_time\" content=\"2021-04-10T16:24:10+00:00\" \/>\n<meta property=\"og:image\" content=\"https:\/\/i1.wp.com\/www.revistarambla.com\/wp-content\/uploads\/2016\/01\/mani-revistarambla-01(1).jpg?fit=682%2C432&ssl=1\" \/>\n\t<meta property=\"og:image:width\" content=\"682\" \/>\n\t<meta property=\"og:image:height\" content=\"432\" \/>\n\t<meta property=\"og:image:type\" content=\"image\/jpeg\" \/>\n<meta name=\"author\" content=\"R@mbla\" \/>\n<meta name=\"twitter:card\" content=\"summary_large_image\" \/>\n<meta name=\"twitter:creator\" content=\"@revistarambla\" \/>\n<meta name=\"twitter:site\" content=\"@revistarambla\" \/>\n<meta name=\"twitter:label1\" content=\"Written by\" \/>\n\t<meta name=\"twitter:data1\" content=\"R@mbla\" \/>\n\t<meta name=\"twitter:label2\" content=\"Estimated reading time\" \/>\n\t<meta name=\"twitter:data2\" content=\"2 minutes\" \/>\n<script type=\"application\/ld+json\" class=\"yoast-schema-graph\">{\"@context\":\"https:\\\/\\\/schema.org\",\"@graph\":[{\"@type\":\"Article\",\"@id\":\"https:\\\/\\\/www.revistarambla.com\\\/ia-quien-le-quedan-fuerzas-para-aguantar-las-letras-de-independencia\\\/#article\",\"isPartOf\":{\"@id\":\"https:\\\/\\\/www.revistarambla.com\\\/ia-quien-le-quedan-fuerzas-para-aguantar-las-letras-de-independencia\\\/\"},\"author\":{\"name\":\"R@mbla\",\"@id\":\"https:\\\/\\\/www.revistarambla.com\\\/#\\\/schema\\\/person\\\/a146a5a2550b94981a75131180e1bd9c\"},\"headline\":\"\u00bfA qui\u00e9n le quedan fuerzas para aguantar las letras de independencia?\",\"datePublished\":\"2016-01-08T06:50:40+00:00\",\"dateModified\":\"2021-04-10T16:24:10+00:00\",\"mainEntityOfPage\":{\"@id\":\"https:\\\/\\\/www.revistarambla.com\\\/ia-quien-le-quedan-fuerzas-para-aguantar-las-letras-de-independencia\\\/\"},\"wordCount\":458,\"commentCount\":0,\"publisher\":{\"@id\":\"https:\\\/\\\/www.revistarambla.com\\\/#organization\"},\"image\":{\"@id\":\"https:\\\/\\\/www.revistarambla.com\\\/ia-quien-le-quedan-fuerzas-para-aguantar-las-letras-de-independencia\\\/#primaryimage\"},\"thumbnailUrl\":\"https:\\\/\\\/www.revistarambla.com\\\/wp-content\\\/uploads\\\/2016\\\/01\\\/mani-revistarambla-01%281%29.jpg\",\"articleSection\":[\"Actualidad\",\"Catalunya\"],\"inLanguage\":\"en-GB\",\"potentialAction\":[{\"@type\":\"CommentAction\",\"name\":\"Comment\",\"target\":[\"https:\\\/\\\/www.revistarambla.com\\\/ia-quien-le-quedan-fuerzas-para-aguantar-las-letras-de-independencia\\\/#respond\"]}]},{\"@type\":\"WebPage\",\"@id\":\"https:\\\/\\\/www.revistarambla.com\\\/ia-quien-le-quedan-fuerzas-para-aguantar-las-letras-de-independencia\\\/\",\"url\":\"https:\\\/\\\/www.revistarambla.com\\\/ia-quien-le-quedan-fuerzas-para-aguantar-las-letras-de-independencia\\\/\",\"name\":\"La CUP quedar\u00e1 dividida en dos - Revista Rambla\",\"isPartOf\":{\"@id\":\"https:\\\/\\\/www.revistarambla.com\\\/#website\"},\"primaryImageOfPage\":{\"@id\":\"https:\\\/\\\/www.revistarambla.com\\\/ia-quien-le-quedan-fuerzas-para-aguantar-las-letras-de-independencia\\\/#primaryimage\"},\"image\":{\"@id\":\"https:\\\/\\\/www.revistarambla.com\\\/ia-quien-le-quedan-fuerzas-para-aguantar-las-letras-de-independencia\\\/#primaryimage\"},\"thumbnailUrl\":\"https:\\\/\\\/www.revistarambla.com\\\/wp-content\\\/uploads\\\/2016\\\/01\\\/mani-revistarambla-01%281%29.jpg\",\"datePublished\":\"2016-01-08T06:50:40+00:00\",\"dateModified\":\"2021-04-10T16:24:10+00:00\",\"description\":\"Exigir un acuerdo entre Juntos el S\u00ed y la CUP que permita una investidura in extremis respondiendo a la llamada de la asamblea territorial del Barcelon\u00e8s...\",\"breadcrumb\":{\"@id\":\"https:\\\/\\\/www.revistarambla.com\\\/ia-quien-le-quedan-fuerzas-para-aguantar-las-letras-de-independencia\\\/#breadcrumb\"},\"inLanguage\":\"en-GB\",\"potentialAction\":[{\"@type\":\"ReadAction\",\"target\":[\"https:\\\/\\\/www.revistarambla.com\\\/ia-quien-le-quedan-fuerzas-para-aguantar-las-letras-de-independencia\\\/\"]}]},{\"@type\":\"ImageObject\",\"inLanguage\":\"en-GB\",\"@id\":\"https:\\\/\\\/www.revistarambla.com\\\/ia-quien-le-quedan-fuerzas-para-aguantar-las-letras-de-independencia\\\/#primaryimage\",\"url\":\"https:\\\/\\\/www.revistarambla.com\\\/wp-content\\\/uploads\\\/2016\\\/01\\\/mani-revistarambla-01%281%29.jpg\",\"contentUrl\":\"https:\\\/\\\/www.revistarambla.com\\\/wp-content\\\/uploads\\\/2016\\\/01\\\/mani-revistarambla-01%281%29.jpg\"},{\"@type\":\"BreadcrumbList\",\"@id\":\"https:\\\/\\\/www.revistarambla.com\\\/ia-quien-le-quedan-fuerzas-para-aguantar-las-letras-de-independencia\\\/#breadcrumb\",\"itemListElement\":[{\"@type\":\"ListItem\",\"position\":1,\"name\":\"Portada\",\"item\":\"https:\\\/\\\/www.revistarambla.com\\\/\"},{\"@type\":\"ListItem\",\"position\":2,\"name\":\"\u00bfA qui\u00e9n le quedan fuerzas para aguantar las letras de independencia?\"}]},{\"@type\":\"WebSite\",\"@id\":\"https:\\\/\\\/www.revistarambla.com\\\/#website\",\"url\":\"https:\\\/\\\/www.revistarambla.com\\\/\",\"name\":\"Revista Rambla Barcelona\",\"description\":\"Periodismo independiente\",\"publisher\":{\"@id\":\"https:\\\/\\\/www.revistarambla.com\\\/#organization\"},\"potentialAction\":[{\"@type\":\"SearchAction\",\"target\":{\"@type\":\"EntryPoint\",\"urlTemplate\":\"https:\\\/\\\/www.revistarambla.com\\\/?s={search_term_string}\"},\"query-input\":{\"@type\":\"PropertyValueSpecification\",\"valueRequired\":true,\"valueName\":\"search_term_string\"}}],\"inLanguage\":\"en-GB\"},{\"@type\":\"Organization\",\"@id\":\"https:\\\/\\\/www.revistarambla.com\\\/#organization\",\"name\":\"Revista Rambla\",\"url\":\"https:\\\/\\\/www.revistarambla.com\\\/\",\"logo\":{\"@type\":\"ImageObject\",\"inLanguage\":\"en-GB\",\"@id\":\"https:\\\/\\\/www.revistarambla.com\\\/#\\\/schema\\\/logo\\\/image\\\/\",\"url\":\"https:\\\/\\\/www.revistarambla.com\\\/wp-content\\\/uploads\\\/2020\\\/09\\\/banner_rambla_1900x600_BB.png\",\"contentUrl\":\"https:\\\/\\\/www.revistarambla.com\\\/wp-content\\\/uploads\\\/2020\\\/09\\\/banner_rambla_1900x600_BB.png\",\"width\":1900,\"height\":600,\"caption\":\"Revista Rambla\"},\"image\":{\"@id\":\"https:\\\/\\\/www.revistarambla.com\\\/#\\\/schema\\\/logo\\\/image\\\/\"},\"sameAs\":[\"https:\\\/\\\/www.facebook.com\\\/revistarambla\\\/\",\"https:\\\/\\\/x.com\\\/revistarambla\",\"https:\\\/\\\/www.instagram.com\\\/revista_rambla\",\"https:\\\/\\\/es.linkedin.com\\\/company\\\/revista-rambla\"]},{\"@type\":\"Person\",\"@id\":\"https:\\\/\\\/www.revistarambla.com\\\/#\\\/schema\\\/person\\\/a146a5a2550b94981a75131180e1bd9c\",\"name\":\"R@mbla\",\"description\":\"Este art\u00edculo ha sido redactado y\\\/o validado por el equipo de redacci\u00f3n de Revista Rambla.\",\"sameAs\":[\"https:\\\/\\\/www.revistarambla.com\\\/\",\"https:\\\/\\\/www.facebook.com\\\/revistarambla\",\"https:\\\/\\\/x.com\\\/revistarambla\"]}]}<\/script>\n<!-- \/ Yoast SEO plugin. -->","yoast_head_json":{"title":"La CUP quedar\u00e1 dividida en dos - Revista Rambla","description":"Exigir un acuerdo entre Juntos el S\u00ed y la CUP que permita una investidura in extremis respondiendo a la llamada de la asamblea territorial del Barcelon\u00e8s...","robots":{"index":"index","follow":"follow","max-snippet":"max-snippet:-1","max-image-preview":"max-image-preview:large","max-video-preview":"max-video-preview:-1"},"canonical":"https:\/\/www.revistarambla.com\/en\/ia-quien-le-quedan-fuerzas-para-aguantar-las-letras-de-independencia\/","og_locale":"en_GB","og_type":"article","og_title":"La CUP quedar\u00e1 dividida en dos - Revista Rambla","og_description":"Exigir un acuerdo entre Juntos el S\u00ed y la CUP que permita una investidura in extremis respondiendo a la llamada de la asamblea territorial del Barcelon\u00e8s...","og_url":"https:\/\/www.revistarambla.com\/en\/ia-quien-le-quedan-fuerzas-para-aguantar-las-letras-de-independencia\/","og_site_name":"Revista Rambla","article_publisher":"https:\/\/www.facebook.com\/revistarambla\/","article_author":"https:\/\/www.facebook.com\/revistarambla","article_published_time":"2016-01-08T06:50:40+00:00","article_modified_time":"2021-04-10T16:24:10+00:00","og_image":[{"width":682,"height":432,"url":"https:\/\/i1.wp.com\/www.revistarambla.com\/wp-content\/uploads\/2016\/01\/mani-revistarambla-01(1).jpg?fit=682%2C432&ssl=1","type":"image\/jpeg"}],"author":"R@mbla","twitter_card":"summary_large_image","twitter_creator":"@revistarambla","twitter_site":"@revistarambla","twitter_misc":{"Written by":"R@mbla","Estimated reading time":"2 minutes"},"schema":{"@context":"https:\/\/schema.org","@graph":[{"@type":"Article","@id":"https:\/\/www.revistarambla.com\/ia-quien-le-quedan-fuerzas-para-aguantar-las-letras-de-independencia\/#article","isPartOf":{"@id":"https:\/\/www.revistarambla.com\/ia-quien-le-quedan-fuerzas-para-aguantar-las-letras-de-independencia\/"},"author":{"name":"R@mbla","@id":"https:\/\/www.revistarambla.com\/#\/schema\/person\/a146a5a2550b94981a75131180e1bd9c"},"headline":"\u00bfA qui\u00e9n le quedan fuerzas para aguantar las letras de independencia?","datePublished":"2016-01-08T06:50:40+00:00","dateModified":"2021-04-10T16:24:10+00:00","mainEntityOfPage":{"@id":"https:\/\/www.revistarambla.com\/ia-quien-le-quedan-fuerzas-para-aguantar-las-letras-de-independencia\/"},"wordCount":458,"commentCount":0,"publisher":{"@id":"https:\/\/www.revistarambla.com\/#organization"},"image":{"@id":"https:\/\/www.revistarambla.com\/ia-quien-le-quedan-fuerzas-para-aguantar-las-letras-de-independencia\/#primaryimage"},"thumbnailUrl":"https:\/\/www.revistarambla.com\/wp-content\/uploads\/2016\/01\/mani-revistarambla-01%281%29.jpg","articleSection":["Actualidad","Catalunya"],"inLanguage":"en-GB","potentialAction":[{"@type":"CommentAction","name":"Comment","target":["https:\/\/www.revistarambla.com\/ia-quien-le-quedan-fuerzas-para-aguantar-las-letras-de-independencia\/#respond"]}]},{"@type":"WebPage","@id":"https:\/\/www.revistarambla.com\/ia-quien-le-quedan-fuerzas-para-aguantar-las-letras-de-independencia\/","url":"https:\/\/www.revistarambla.com\/ia-quien-le-quedan-fuerzas-para-aguantar-las-letras-de-independencia\/","name":"La CUP quedar\u00e1 dividida en dos - Revista Rambla","isPartOf":{"@id":"https:\/\/www.revistarambla.com\/#website"},"primaryImageOfPage":{"@id":"https:\/\/www.revistarambla.com\/ia-quien-le-quedan-fuerzas-para-aguantar-las-letras-de-independencia\/#primaryimage"},"image":{"@id":"https:\/\/www.revistarambla.com\/ia-quien-le-quedan-fuerzas-para-aguantar-las-letras-de-independencia\/#primaryimage"},"thumbnailUrl":"https:\/\/www.revistarambla.com\/wp-content\/uploads\/2016\/01\/mani-revistarambla-01%281%29.jpg","datePublished":"2016-01-08T06:50:40+00:00","dateModified":"2021-04-10T16:24:10+00:00","description":"Exigir un acuerdo entre Juntos el S\u00ed y la CUP que permita una investidura in extremis respondiendo a la llamada de la asamblea territorial del Barcelon\u00e8s...","breadcrumb":{"@id":"https:\/\/www.revistarambla.com\/ia-quien-le-quedan-fuerzas-para-aguantar-las-letras-de-independencia\/#breadcrumb"},"inLanguage":"en-GB","potentialAction":[{"@type":"ReadAction","target":["https:\/\/www.revistarambla.com\/ia-quien-le-quedan-fuerzas-para-aguantar-las-letras-de-independencia\/"]}]},{"@type":"ImageObject","inLanguage":"en-GB","@id":"https:\/\/www.revistarambla.com\/ia-quien-le-quedan-fuerzas-para-aguantar-las-letras-de-independencia\/#primaryimage","url":"https:\/\/www.revistarambla.com\/wp-content\/uploads\/2016\/01\/mani-revistarambla-01%281%29.jpg","contentUrl":"https:\/\/www.revistarambla.com\/wp-content\/uploads\/2016\/01\/mani-revistarambla-01%281%29.jpg"},{"@type":"BreadcrumbList","@id":"https:\/\/www.revistarambla.com\/ia-quien-le-quedan-fuerzas-para-aguantar-las-letras-de-independencia\/#breadcrumb","itemListElement":[{"@type":"ListItem","position":1,"name":"Portada","item":"https:\/\/www.revistarambla.com\/"},{"@type":"ListItem","position":2,"name":"\u00bfA qui\u00e9n le quedan fuerzas para aguantar las letras de independencia?"}]},{"@type":"WebSite","@id":"https:\/\/www.revistarambla.com\/#website","url":"https:\/\/www.revistarambla.com\/","name":"Revista Rambla Barcelona","description":"Periodismo independiente","publisher":{"@id":"https:\/\/www.revistarambla.com\/#organization"},"potentialAction":[{"@type":"SearchAction","target":{"@type":"EntryPoint","urlTemplate":"https:\/\/www.revistarambla.com\/?s={search_term_string}"},"query-input":{"@type":"PropertyValueSpecification","valueRequired":true,"valueName":"search_term_string"}}],"inLanguage":"en-GB"},{"@type":"Organization","@id":"https:\/\/www.revistarambla.com\/#organization","name":"Revista Rambla","url":"https:\/\/www.revistarambla.com\/","logo":{"@type":"ImageObject","inLanguage":"en-GB","@id":"https:\/\/www.revistarambla.com\/#\/schema\/logo\/image\/","url":"https:\/\/www.revistarambla.com\/wp-content\/uploads\/2020\/09\/banner_rambla_1900x600_BB.png","contentUrl":"https:\/\/www.revistarambla.com\/wp-content\/uploads\/2020\/09\/banner_rambla_1900x600_BB.png","width":1900,"height":600,"caption":"Revista Rambla"},"image":{"@id":"https:\/\/www.revistarambla.com\/#\/schema\/logo\/image\/"},"sameAs":["https:\/\/www.facebook.com\/revistarambla\/","https:\/\/x.com\/revistarambla","https:\/\/www.instagram.com\/revista_rambla","https:\/\/es.linkedin.com\/company\/revista-rambla"]},{"@type":"Person","@id":"https:\/\/www.revistarambla.com\/#\/schema\/person\/a146a5a2550b94981a75131180e1bd9c","name":"R@mbla","description":"Este art\u00edculo ha sido redactado y\/o validado por el equipo de redacci\u00f3n de Revista Rambla.","sameAs":["https:\/\/www.revistarambla.com\/","https:\/\/www.facebook.com\/revistarambla","https:\/\/x.com\/revistarambla"]}]}},"_links":{"self":[{"href":"https:\/\/www.revistarambla.com\/en\/wp-json\/wp\/v2\/posts\/8623","targetHints":{"allow":["GET"]}}],"collection":[{"href":"https:\/\/www.revistarambla.com\/en\/wp-json\/wp\/v2\/posts"}],"about":[{"href":"https:\/\/www.revistarambla.com\/en\/wp-json\/wp\/v2\/types\/post"}],"author":[{"embeddable":true,"href":"https:\/\/www.revistarambla.com\/en\/wp-json\/wp\/v2\/users\/3"}],"replies":[{"embeddable":true,"href":"https:\/\/www.revistarambla.com\/en\/wp-json\/wp\/v2\/comments?post=8623"}],"version-history":[{"count":0,"href":"https:\/\/www.revistarambla.com\/en\/wp-json\/wp\/v2\/posts\/8623\/revisions"}],"wp:attachment":[{"href":"https:\/\/www.revistarambla.com\/en\/wp-json\/wp\/v2\/media?parent=8623"}],"wp:term":[{"taxonomy":"category","embeddable":true,"href":"https:\/\/www.revistarambla.com\/en\/wp-json\/wp\/v2\/categories?post=8623"},{"taxonomy":"post_tag","embeddable":true,"href":"https:\/\/www.revistarambla.com\/en\/wp-json\/wp\/v2\/tags?post=8623"}],"curies":[{"name":"wp","href":"https:\/\/api.w.org\/{rel}","templated":true}]}}