{"id":848,"date":"2011-04-15T15:42:33","date_gmt":"2011-04-15T13:42:33","guid":{"rendered":"https:\/\/www.revistarambla.com\/las-protestas-no-tienen-sala-de-espera\/"},"modified":"2021-12-08T20:51:34","modified_gmt":"2021-12-08T19:51:34","slug":"las-protestas-no-tienen-sala-de-espera","status":"publish","type":"post","link":"https:\/\/www.revistarambla.com\/en\/las-protestas-no-tienen-sala-de-espera\/","title":{"rendered":"Las protestas no tienen sala de espera"},"content":{"rendered":"<p>Un d\u00eda despu\u00e9s de colapsar puntos neur\u00e1lgicos de acceso a Barcelona como la Diagonal, la Ronda de Dalt o la Ronda Litoral, la sanidad catalana volvi\u00f3 a salir a la calle para expresar su rechazo frontal a los recortes anunciados por la Generalitat. Miles de profesionales del sector se congregaron en la Pla\u00e7a Sant Jaume en una marcha pac\u00edfica al bullicioso ritmo de silbatos y gritos. Entre las pancartas m\u00e1s originales, cabe destacar <em>\u201cNo te Boi a votar Mas\u201d,<\/em> <em>\u201cArtur Manostijeras\u201d o \u201cCuando necesites un marcapaso, te vas a acordar\u201d.<\/em><\/p>\n<p>La reivindicaci\u00f3n cont\u00f3 con representantes del SATSE, el sindicato de enfermer\u00eda, de CCOO y de la UGT. Su secretario general en Catalunya, Josep Maria \u00c1lvarez, exigi\u00f3 que el Govern se replantee unas medidas tomadas sin ning\u00fan tipo de consenso. \u201cSe creen que pueden recortar sin un m\u00ednimo de debate, hay que terminar con esa prepotencia. Tienen que dar marcha atr\u00e1s porque o mienten o no saben qu\u00e9 hacer. Hace una semana dijeron, por ejemplo, que no afectar\u00eda a los servicios de urgencia\u201d.<\/p>\n<p>\u00c1lvarez puso \u00e9nfasis en el alcance de los recortes, que causar\u00e1n un grave perjuicio en todos los sentidos. \u201cHan cerrado plantas en el Hospital Vall d\u2019Hebron y en Bellvitge, el frenazo en las infraestructuras ser\u00e1 enorme, aunque en algunos casos s\u00ed se construir\u00e1n hospitales para quedar bien porque llegan las municipales. El recorte tambi\u00e9n afectar\u00e1 a la ocupaci\u00f3n y al bolsillo de las familias\u201d. El secretario general de la UGT de Catalunya avis\u00f3 que, de perderlos, \u201cson servicios que ya no se recuperan\u201d y acus\u00f3 a los pol\u00edticos de hipocres\u00eda. \u201cLo que nadie puede entender es que hace dos a\u00f1os ten\u00edamos que buscar m\u00e9dicos en el extranjero y ahora sobran\u201d.<\/p>\n<p>Los manifestantes tampoco se mordieron la lengua. \u201cLa situaci\u00f3n es insostenible. Se est\u00e1n haciendo recortes que ponen en peligro la salud de las personas y de toda la poblaci\u00f3n. No todo el mundo tiene opci\u00f3n a tener una sanidad privada, por lo que reivindicamos una sanidad p\u00fablica de calidad\u201d, explicaba una profesional del sector. Las propuestas para enderezar el rumbo son \u201cconsiderar la sanidad como un derecho b\u00e1sico e imprescindible y hacer recortes en otros sectores\u201d.<\/p>\n<p>Como ya era previsible, ning\u00fan pol\u00edtico del Govern hizo acto de presencia para recibir a los manifestantes o escuchar sus peticiones. Eso s\u00ed, desde el Parlament, Jordi Turull, portavoz de CIU, justific\u00f3 el tijeretazo en base al contexto econ\u00f3mico y a la herencia pol\u00edtica. \u201cLa delicada situaci\u00f3n de las finanzas de la Generalitat nos obligan a tomar medidas nada agradables. Los ajustes no se hacen por capricho o por ideolog\u00eda sino para arreglar el desbarajuste de los que han gobernado los \u00faltimos siete a\u00f1os\u201d.<\/p>\n<p>El acto termin\u00f3 con la lectura de un manifiesto en el que se denunci\u00f3 \u201cel ataque directo a la salud como pilar fundamental del Estado del bienestar\u201d. En el texto se incid\u00eda en las consecuencias de la decisi\u00f3n pol\u00edtica: \u201cLa p\u00e9rdida considerables de puestos de trabajo y el deterioro en la calidad de los servicios, cosa que abona el terreno a la gesti\u00f3n privada\u201d. Adem\u00e1s, se hizo un llamamiento a todas las entidades y organizaciones sociales y ciudadanas para impedir que se pase \u201cde un modelo universal de sanidad a un modelo asistencial y de m\u00ednimos\u201d y para salvaguardar \u201clos servicios p\u00fablicos y los derechos sociales\u201d.<\/p>\n<p>El canto de La Internacional y de Els Segadors y una menci\u00f3n al 80 aniversario de la proclamaci\u00f3n de la Rep\u00fablica bajaron el tel\u00f3n de una obra que tendr\u00e1 m\u00e1s actos de manera inmediata.<\/p>","protected":false},"excerpt":{"rendered":"<p>Un d\u00eda despu\u00e9s de colapsar puntos neur\u00e1lgicos de acceso a Barcelona como la Diagonal, la Ronda de Dalt o la Ronda Litoral, la sanidad catalana volvi\u00f3 a salir a la calle para expresar su rechazo frontal a los recortes anunciados por la Generalitat. Miles de profesionales del sector se congregaron [&hellip;]<\/p>\n","protected":false},"author":40,"featured_media":25241,"comment_status":"open","ping_status":"open","sticky":false,"template":"","format":"standard","meta":{"footnotes":""},"categories":[3,76],"tags":[],"class_list":["post-848","post","type-post","status-publish","format-standard","has-post-thumbnail","hentry","category-actualidad","category-barcelona"],"yoast_head":"<!-- This site is optimized with the Yoast SEO plugin v27.5 - https:\/\/yoast.com\/product\/yoast-seo-wordpress\/ -->\n<title>Las protestas no tienen sala de espera - Revista Rambla<\/title>\n<meta name=\"robots\" content=\"index, follow, max-snippet:-1, max-image-preview:large, max-video-preview:-1\" \/>\n<link rel=\"canonical\" href=\"https:\/\/www.revistarambla.com\/en\/las-protestas-no-tienen-sala-de-espera\/\" \/>\n<meta property=\"og:locale\" content=\"en_GB\" \/>\n<meta property=\"og:type\" content=\"article\" \/>\n<meta property=\"og:title\" content=\"Las protestas no tienen sala de espera - Revista Rambla\" \/>\n<meta property=\"og:description\" content=\"Un d\u00eda despu\u00e9s de colapsar puntos neur\u00e1lgicos de acceso a Barcelona como la Diagonal, la Ronda de Dalt o la Ronda Litoral, la sanidad catalana volvi\u00f3 a salir a la calle para expresar su rechazo frontal a los recortes anunciados por la Generalitat. Miles de profesionales del sector se congregaron [&hellip;]\" \/>\n<meta property=\"og:url\" content=\"https:\/\/www.revistarambla.com\/en\/las-protestas-no-tienen-sala-de-espera\/\" \/>\n<meta property=\"og:site_name\" content=\"Revista Rambla\" \/>\n<meta property=\"article:publisher\" content=\"https:\/\/www.facebook.com\/revistarambla\/\" \/>\n<meta property=\"article:author\" content=\"https:\/\/www.facebook.com\/carles.batalla.7\" \/>\n<meta property=\"article:published_time\" content=\"2011-04-15T13:42:33+00:00\" \/>\n<meta property=\"article:modified_time\" content=\"2021-12-08T19:51:34+00:00\" \/>\n<meta property=\"og:image\" content=\"https:\/\/www.revistarambla.com\/wp-content\/uploads\/2020\/10\/huelga-medicos-2.jpg\" \/>\n\t<meta property=\"og:image:width\" content=\"1004\" \/>\n\t<meta property=\"og:image:height\" content=\"591\" \/>\n\t<meta property=\"og:image:type\" content=\"image\/jpeg\" \/>\n<meta name=\"author\" content=\"Carles Batalla\" \/>\n<meta name=\"twitter:card\" content=\"summary_large_image\" \/>\n<meta name=\"twitter:creator\" content=\"@batallacarles\" \/>\n<meta name=\"twitter:site\" content=\"@revistarambla\" \/>\n<meta name=\"twitter:label1\" content=\"Written by\" \/>\n\t<meta name=\"twitter:data1\" content=\"Carles Batalla\" \/>\n\t<meta name=\"twitter:label2\" content=\"Estimated reading time\" \/>\n\t<meta name=\"twitter:data2\" content=\"3 minutes\" \/>\n<script type=\"application\/ld+json\" class=\"yoast-schema-graph\">{\"@context\":\"https:\\\/\\\/schema.org\",\"@graph\":[{\"@type\":\"Article\",\"@id\":\"https:\\\/\\\/www.revistarambla.com\\\/las-protestas-no-tienen-sala-de-espera\\\/#article\",\"isPartOf\":{\"@id\":\"https:\\\/\\\/www.revistarambla.com\\\/las-protestas-no-tienen-sala-de-espera\\\/\"},\"author\":{\"name\":\"Carles Batalla\",\"@id\":\"https:\\\/\\\/www.revistarambla.com\\\/#\\\/schema\\\/person\\\/6929729dc40824a1c398a961398e6d97\"},\"headline\":\"Las protestas no tienen sala de espera\",\"datePublished\":\"2011-04-15T13:42:33+00:00\",\"dateModified\":\"2021-12-08T19:51:34+00:00\",\"mainEntityOfPage\":{\"@id\":\"https:\\\/\\\/www.revistarambla.com\\\/las-protestas-no-tienen-sala-de-espera\\\/\"},\"wordCount\":636,\"commentCount\":0,\"publisher\":{\"@id\":\"https:\\\/\\\/www.revistarambla.com\\\/#organization\"},\"image\":{\"@id\":\"https:\\\/\\\/www.revistarambla.com\\\/las-protestas-no-tienen-sala-de-espera\\\/#primaryimage\"},\"thumbnailUrl\":\"https:\\\/\\\/www.revistarambla.com\\\/wp-content\\\/uploads\\\/2020\\\/10\\\/huelga-medicos-2.jpg\",\"articleSection\":[\"Actualidad\",\"Barcelona\"],\"inLanguage\":\"en-GB\",\"potentialAction\":[{\"@type\":\"CommentAction\",\"name\":\"Comment\",\"target\":[\"https:\\\/\\\/www.revistarambla.com\\\/las-protestas-no-tienen-sala-de-espera\\\/#respond\"]}]},{\"@type\":\"WebPage\",\"@id\":\"https:\\\/\\\/www.revistarambla.com\\\/las-protestas-no-tienen-sala-de-espera\\\/\",\"url\":\"https:\\\/\\\/www.revistarambla.com\\\/las-protestas-no-tienen-sala-de-espera\\\/\",\"name\":\"Las protestas no tienen sala de espera - Revista Rambla\",\"isPartOf\":{\"@id\":\"https:\\\/\\\/www.revistarambla.com\\\/#website\"},\"primaryImageOfPage\":{\"@id\":\"https:\\\/\\\/www.revistarambla.com\\\/las-protestas-no-tienen-sala-de-espera\\\/#primaryimage\"},\"image\":{\"@id\":\"https:\\\/\\\/www.revistarambla.com\\\/las-protestas-no-tienen-sala-de-espera\\\/#primaryimage\"},\"thumbnailUrl\":\"https:\\\/\\\/www.revistarambla.com\\\/wp-content\\\/uploads\\\/2020\\\/10\\\/huelga-medicos-2.jpg\",\"datePublished\":\"2011-04-15T13:42:33+00:00\",\"dateModified\":\"2021-12-08T19:51:34+00:00\",\"breadcrumb\":{\"@id\":\"https:\\\/\\\/www.revistarambla.com\\\/las-protestas-no-tienen-sala-de-espera\\\/#breadcrumb\"},\"inLanguage\":\"en-GB\",\"potentialAction\":[{\"@type\":\"ReadAction\",\"target\":[\"https:\\\/\\\/www.revistarambla.com\\\/las-protestas-no-tienen-sala-de-espera\\\/\"]}]},{\"@type\":\"ImageObject\",\"inLanguage\":\"en-GB\",\"@id\":\"https:\\\/\\\/www.revistarambla.com\\\/las-protestas-no-tienen-sala-de-espera\\\/#primaryimage\",\"url\":\"https:\\\/\\\/www.revistarambla.com\\\/wp-content\\\/uploads\\\/2020\\\/10\\\/huelga-medicos-2.jpg\",\"contentUrl\":\"https:\\\/\\\/www.revistarambla.com\\\/wp-content\\\/uploads\\\/2020\\\/10\\\/huelga-medicos-2.jpg\",\"width\":1004,\"height\":591},{\"@type\":\"BreadcrumbList\",\"@id\":\"https:\\\/\\\/www.revistarambla.com\\\/las-protestas-no-tienen-sala-de-espera\\\/#breadcrumb\",\"itemListElement\":[{\"@type\":\"ListItem\",\"position\":1,\"name\":\"Portada\",\"item\":\"https:\\\/\\\/www.revistarambla.com\\\/\"},{\"@type\":\"ListItem\",\"position\":2,\"name\":\"Las protestas no tienen sala de espera\"}]},{\"@type\":\"WebSite\",\"@id\":\"https:\\\/\\\/www.revistarambla.com\\\/#website\",\"url\":\"https:\\\/\\\/www.revistarambla.com\\\/\",\"name\":\"Revista Rambla Barcelona\",\"description\":\"Periodismo independiente\",\"publisher\":{\"@id\":\"https:\\\/\\\/www.revistarambla.com\\\/#organization\"},\"potentialAction\":[{\"@type\":\"SearchAction\",\"target\":{\"@type\":\"EntryPoint\",\"urlTemplate\":\"https:\\\/\\\/www.revistarambla.com\\\/?s={search_term_string}\"},\"query-input\":{\"@type\":\"PropertyValueSpecification\",\"valueRequired\":true,\"valueName\":\"search_term_string\"}}],\"inLanguage\":\"en-GB\"},{\"@type\":\"Organization\",\"@id\":\"https:\\\/\\\/www.revistarambla.com\\\/#organization\",\"name\":\"Revista Rambla\",\"url\":\"https:\\\/\\\/www.revistarambla.com\\\/\",\"logo\":{\"@type\":\"ImageObject\",\"inLanguage\":\"en-GB\",\"@id\":\"https:\\\/\\\/www.revistarambla.com\\\/#\\\/schema\\\/logo\\\/image\\\/\",\"url\":\"https:\\\/\\\/www.revistarambla.com\\\/wp-content\\\/uploads\\\/2020\\\/09\\\/banner_rambla_1900x600_BB.png\",\"contentUrl\":\"https:\\\/\\\/www.revistarambla.com\\\/wp-content\\\/uploads\\\/2020\\\/09\\\/banner_rambla_1900x600_BB.png\",\"width\":1900,\"height\":600,\"caption\":\"Revista Rambla\"},\"image\":{\"@id\":\"https:\\\/\\\/www.revistarambla.com\\\/#\\\/schema\\\/logo\\\/image\\\/\"},\"sameAs\":[\"https:\\\/\\\/www.facebook.com\\\/revistarambla\\\/\",\"https:\\\/\\\/x.com\\\/revistarambla\",\"https:\\\/\\\/www.instagram.com\\\/revista_rambla\",\"https:\\\/\\\/es.linkedin.com\\\/company\\\/revista-rambla\"]},{\"@type\":\"Person\",\"@id\":\"https:\\\/\\\/www.revistarambla.com\\\/#\\\/schema\\\/person\\\/6929729dc40824a1c398a961398e6d97\",\"name\":\"Carles Batalla\",\"description\":\"Periodista y poeta.\",\"sameAs\":[\"https:\\\/\\\/www.facebook.com\\\/carles.batalla.7\",\"https:\\\/\\\/x.com\\\/batallacarles\"]}]}<\/script>\n<!-- \/ Yoast SEO plugin. -->","yoast_head_json":{"title":"Las protestas no tienen sala de espera - Revista Rambla","robots":{"index":"index","follow":"follow","max-snippet":"max-snippet:-1","max-image-preview":"max-image-preview:large","max-video-preview":"max-video-preview:-1"},"canonical":"https:\/\/www.revistarambla.com\/en\/las-protestas-no-tienen-sala-de-espera\/","og_locale":"en_GB","og_type":"article","og_title":"Las protestas no tienen sala de espera - Revista Rambla","og_description":"Un d\u00eda despu\u00e9s de colapsar puntos neur\u00e1lgicos de acceso a Barcelona como la Diagonal, la Ronda de Dalt o la Ronda Litoral, la sanidad catalana volvi\u00f3 a salir a la calle para expresar su rechazo frontal a los recortes anunciados por la Generalitat. Miles de profesionales del sector se congregaron [&hellip;]","og_url":"https:\/\/www.revistarambla.com\/en\/las-protestas-no-tienen-sala-de-espera\/","og_site_name":"Revista Rambla","article_publisher":"https:\/\/www.facebook.com\/revistarambla\/","article_author":"https:\/\/www.facebook.com\/carles.batalla.7","article_published_time":"2011-04-15T13:42:33+00:00","article_modified_time":"2021-12-08T19:51:34+00:00","og_image":[{"width":1004,"height":591,"url":"https:\/\/www.revistarambla.com\/wp-content\/uploads\/2020\/10\/huelga-medicos-2.jpg","type":"image\/jpeg"}],"author":"Carles Batalla","twitter_card":"summary_large_image","twitter_creator":"@batallacarles","twitter_site":"@revistarambla","twitter_misc":{"Written by":"Carles Batalla","Estimated reading time":"3 minutes"},"schema":{"@context":"https:\/\/schema.org","@graph":[{"@type":"Article","@id":"https:\/\/www.revistarambla.com\/las-protestas-no-tienen-sala-de-espera\/#article","isPartOf":{"@id":"https:\/\/www.revistarambla.com\/las-protestas-no-tienen-sala-de-espera\/"},"author":{"name":"Carles Batalla","@id":"https:\/\/www.revistarambla.com\/#\/schema\/person\/6929729dc40824a1c398a961398e6d97"},"headline":"Las protestas no tienen sala de espera","datePublished":"2011-04-15T13:42:33+00:00","dateModified":"2021-12-08T19:51:34+00:00","mainEntityOfPage":{"@id":"https:\/\/www.revistarambla.com\/las-protestas-no-tienen-sala-de-espera\/"},"wordCount":636,"commentCount":0,"publisher":{"@id":"https:\/\/www.revistarambla.com\/#organization"},"image":{"@id":"https:\/\/www.revistarambla.com\/las-protestas-no-tienen-sala-de-espera\/#primaryimage"},"thumbnailUrl":"https:\/\/www.revistarambla.com\/wp-content\/uploads\/2020\/10\/huelga-medicos-2.jpg","articleSection":["Actualidad","Barcelona"],"inLanguage":"en-GB","potentialAction":[{"@type":"CommentAction","name":"Comment","target":["https:\/\/www.revistarambla.com\/las-protestas-no-tienen-sala-de-espera\/#respond"]}]},{"@type":"WebPage","@id":"https:\/\/www.revistarambla.com\/las-protestas-no-tienen-sala-de-espera\/","url":"https:\/\/www.revistarambla.com\/las-protestas-no-tienen-sala-de-espera\/","name":"Las protestas no tienen sala de espera - Revista Rambla","isPartOf":{"@id":"https:\/\/www.revistarambla.com\/#website"},"primaryImageOfPage":{"@id":"https:\/\/www.revistarambla.com\/las-protestas-no-tienen-sala-de-espera\/#primaryimage"},"image":{"@id":"https:\/\/www.revistarambla.com\/las-protestas-no-tienen-sala-de-espera\/#primaryimage"},"thumbnailUrl":"https:\/\/www.revistarambla.com\/wp-content\/uploads\/2020\/10\/huelga-medicos-2.jpg","datePublished":"2011-04-15T13:42:33+00:00","dateModified":"2021-12-08T19:51:34+00:00","breadcrumb":{"@id":"https:\/\/www.revistarambla.com\/las-protestas-no-tienen-sala-de-espera\/#breadcrumb"},"inLanguage":"en-GB","potentialAction":[{"@type":"ReadAction","target":["https:\/\/www.revistarambla.com\/las-protestas-no-tienen-sala-de-espera\/"]}]},{"@type":"ImageObject","inLanguage":"en-GB","@id":"https:\/\/www.revistarambla.com\/las-protestas-no-tienen-sala-de-espera\/#primaryimage","url":"https:\/\/www.revistarambla.com\/wp-content\/uploads\/2020\/10\/huelga-medicos-2.jpg","contentUrl":"https:\/\/www.revistarambla.com\/wp-content\/uploads\/2020\/10\/huelga-medicos-2.jpg","width":1004,"height":591},{"@type":"BreadcrumbList","@id":"https:\/\/www.revistarambla.com\/las-protestas-no-tienen-sala-de-espera\/#breadcrumb","itemListElement":[{"@type":"ListItem","position":1,"name":"Portada","item":"https:\/\/www.revistarambla.com\/"},{"@type":"ListItem","position":2,"name":"Las protestas no tienen sala de espera"}]},{"@type":"WebSite","@id":"https:\/\/www.revistarambla.com\/#website","url":"https:\/\/www.revistarambla.com\/","name":"Revista Rambla Barcelona","description":"Periodismo independiente","publisher":{"@id":"https:\/\/www.revistarambla.com\/#organization"},"potentialAction":[{"@type":"SearchAction","target":{"@type":"EntryPoint","urlTemplate":"https:\/\/www.revistarambla.com\/?s={search_term_string}"},"query-input":{"@type":"PropertyValueSpecification","valueRequired":true,"valueName":"search_term_string"}}],"inLanguage":"en-GB"},{"@type":"Organization","@id":"https:\/\/www.revistarambla.com\/#organization","name":"Revista Rambla","url":"https:\/\/www.revistarambla.com\/","logo":{"@type":"ImageObject","inLanguage":"en-GB","@id":"https:\/\/www.revistarambla.com\/#\/schema\/logo\/image\/","url":"https:\/\/www.revistarambla.com\/wp-content\/uploads\/2020\/09\/banner_rambla_1900x600_BB.png","contentUrl":"https:\/\/www.revistarambla.com\/wp-content\/uploads\/2020\/09\/banner_rambla_1900x600_BB.png","width":1900,"height":600,"caption":"Revista Rambla"},"image":{"@id":"https:\/\/www.revistarambla.com\/#\/schema\/logo\/image\/"},"sameAs":["https:\/\/www.facebook.com\/revistarambla\/","https:\/\/x.com\/revistarambla","https:\/\/www.instagram.com\/revista_rambla","https:\/\/es.linkedin.com\/company\/revista-rambla"]},{"@type":"Person","@id":"https:\/\/www.revistarambla.com\/#\/schema\/person\/6929729dc40824a1c398a961398e6d97","name":"Carles Batalla","description":"Periodista y poeta.","sameAs":["https:\/\/www.facebook.com\/carles.batalla.7","https:\/\/x.com\/batallacarles"]}]}},"_links":{"self":[{"href":"https:\/\/www.revistarambla.com\/en\/wp-json\/wp\/v2\/posts\/848","targetHints":{"allow":["GET"]}}],"collection":[{"href":"https:\/\/www.revistarambla.com\/en\/wp-json\/wp\/v2\/posts"}],"about":[{"href":"https:\/\/www.revistarambla.com\/en\/wp-json\/wp\/v2\/types\/post"}],"author":[{"embeddable":true,"href":"https:\/\/www.revistarambla.com\/en\/wp-json\/wp\/v2\/users\/40"}],"replies":[{"embeddable":true,"href":"https:\/\/www.revistarambla.com\/en\/wp-json\/wp\/v2\/comments?post=848"}],"version-history":[{"count":0,"href":"https:\/\/www.revistarambla.com\/en\/wp-json\/wp\/v2\/posts\/848\/revisions"}],"wp:featuredmedia":[{"embeddable":true,"href":"https:\/\/www.revistarambla.com\/en\/wp-json\/wp\/v2\/media\/25241"}],"wp:attachment":[{"href":"https:\/\/www.revistarambla.com\/en\/wp-json\/wp\/v2\/media?parent=848"}],"wp:term":[{"taxonomy":"category","embeddable":true,"href":"https:\/\/www.revistarambla.com\/en\/wp-json\/wp\/v2\/categories?post=848"},{"taxonomy":"post_tag","embeddable":true,"href":"https:\/\/www.revistarambla.com\/en\/wp-json\/wp\/v2\/tags?post=848"}],"curies":[{"name":"wp","href":"https:\/\/api.w.org\/{rel}","templated":true}]}}