{"id":846,"date":"2011-04-13T11:27:49","date_gmt":"2011-04-13T11:27:49","guid":{"rendered":"https:\/\/www.revistarambla.com\/el-mnac-enriquece-su-coleccion-de-arte-gotico-con-dos-importantes-adquisiciones\/"},"modified":"2021-04-27T19:50:26","modified_gmt":"2021-04-27T17:50:26","slug":"el-mnac-enriquece-su-coleccion-de-arte-gotico-con-dos-importantes-adquisiciones","status":"publish","type":"post","link":"https:\/\/www.revistarambla.com\/en\/el-mnac-enriquece-su-coleccion-de-arte-gotico-con-dos-importantes-adquisiciones\/","title":{"rendered":"El MNAC enriquece su colecci\u00f3n de arte g\u00f3tico con dos importantes adquisiciones"},"content":{"rendered":"<figure id=\"attachment_19774\" aria-describedby=\"caption-attachment-19774\" style=\"width: 640px\" class=\"wp-caption aligncenter\"><a href=\"https:\/\/www.revistarambla.com\/wp-content\/uploads\/2011\/04\/fotonoticia_20110412130243_640.jpg\"><img decoding=\"async\" class=\"size-full wp-image-19774\" src=\"https:\/\/www.revistarambla.com\/wp-content\/uploads\/2011\/04\/fotonoticia_20110412130243_640.jpg\" alt=\"arte g\u00f3tico\" width=\"640\" height=\"480\" srcset=\"https:\/\/www.revistarambla.com\/wp-content\/uploads\/2011\/04\/fotonoticia_20110412130243_640.jpg 640w, https:\/\/www.revistarambla.com\/wp-content\/uploads\/2011\/04\/fotonoticia_20110412130243_640-300x225.jpg 300w, https:\/\/www.revistarambla.com\/wp-content\/uploads\/2011\/04\/fotonoticia_20110412130243_640-500x375.jpg 500w, https:\/\/www.revistarambla.com\/wp-content\/uploads\/2011\/04\/fotonoticia_20110412130243_640-140x105.jpg 140w, https:\/\/www.revistarambla.com\/wp-content\/uploads\/2011\/04\/fotonoticia_20110412130243_640-577x433.jpg 577w, https:\/\/www.revistarambla.com\/wp-content\/uploads\/2011\/04\/fotonoticia_20110412130243_640-407x305.jpg 407w, https:\/\/www.revistarambla.com\/wp-content\/uploads\/2011\/04\/fotonoticia_20110412130243_640-326x245.jpg 326w, https:\/\/www.revistarambla.com\/wp-content\/uploads\/2011\/04\/fotonoticia_20110412130243_640-80x60.jpg 80w\" sizes=\"(max-width: 640px) 100vw, 640px\" \/><\/a><figcaption id=\"caption-attachment-19774\" class=\"wp-caption-text\">Un momento de la presentaci\u00f3n en el MNAC.<\/figcaption><\/figure>\n<p>El MNAC ha presentado las nueve piezas de arte g\u00f3tico que completan el Retablo de San Miguel y San Pedro, de <a href=\"http:\/\/enciclop\u00e8dia.cat\/EC-AG-0525601.xml\">Jaume Cirera y Bernat Despuig<\/a>, as\u00ed como el Retablo de San Miguel, de Joan Mates. La presentaci\u00f3n\u00a0 ha contado con la asistencia de Narc\u00eds Serra, presidente del MNAC, y de la Ministra de Cultura, \u00c1ngeles Gonz\u00e1lez-Sinde, a cuyo ministerio se debe agradecer los fondos para la adquisici\u00f3n de las piezas que permanec\u00edan dispersas desde comienzos del siglo pasado.<\/p>\n<p>Las piezas del Retablo de San Miguel y San Pedro -obra originaria del altar mayor de la Iglesia de Sant Miquel, en La Seu d&#8217;Urgell- han tenido un coste de 600.000 euros, que han sido transferidos a un coleccionista privado belga, quien tuvo a bien reducir el precio a favor del inter\u00e9s art\u00edstico de reunir las piezas que configuran el retablo. En consecuencia, esta obra de arte g\u00f3tico pasa a ser la de mayores dimensiones expuesta en el MNAC: 6,26 m de altura por 5,13 m de ancho. Sin embargo, el retablo a\u00fan no est\u00e1 completo: queda el bancal o predela, que permanece expuesto en el Museo Nacional de San Carlos de M\u00e9xico, as\u00ed como el marco o guardapolvo, que se perdi\u00f3. Las escenas representadas en este retablo de arte g\u00f3tico son de un marcado car\u00e1cter escatol\u00f3gico:im\u00e1genes dedicadas al fin de los tiempos, a la muerte y al Juicio.<\/p>\n<p>Por su parte, el Retablo de San Miguel -destinado, en el siglo XV, al santuario de Santa Maria de Penafel, en el Alt Pened\u00e8s- ha sido adquirido a una colecci\u00f3n particular catalana por 650.000 euros: la importancia de la obra radica en la gran calidad t\u00e9cnica y est\u00e9tica, prueba del valor de Joan Mates, uno de los pintores catalanes m\u00e1s destacados del primer cuarto del siglo XV, junto a Llu\u00eds Borrass\u00e0, Guerau Gener o Rafael Destorrents. En la pieza central de este retablo, se admira la figura caballeresca de San Miguel arc\u00e1ngel, que clava una lanza al drag\u00f3n de siete cabezas con el que, seg\u00fan el Apocalipsis, lucha al final de los tiempos.<\/p>\n<p>En lo que se refiere a los parlamentos de las autoridades, destacar c\u00f3mo Narc\u00eds Serra, en un impecable castellano, ha agradecido la colaboraci\u00f3n de la administraci\u00f3n estatal, auton\u00f3mica y municipal en lograr las piezas que se presentaban. Tambi\u00e9n, este ex alcalde Barcelona (y ex Ministro de Defensa, y ex Presidente de Caixa Catalunya, y&#8230; etc\u00e9tera), ha subrayado la importancia de mantener, como museo, un criterio de adquisici\u00f3n claro, en los actuales tiempos de crisis, no aptos para grandes caprichos econ\u00f3micos. Por su parte, la Ministra de Cultura Gonz\u00e1lez-Sinde ha destacado la relevancia de una pol\u00edtica p\u00fablica fuerte, a pesar de las actuales pol\u00edticas p\u00fablicas de recortes en cultura y, en general, en servicios sociales. Gonz\u00e1lez-Sinde ha destacado el papel estimulador del MNAC como un museo contempor\u00e1neo en el que se mantiene la misi\u00f3n cient\u00edfica e investigadora, a la par que se pretende acercar obras capitales al gran p\u00fablico. Al fin de su comparecencia, ha vinculado la presentaci\u00f3n de los dos retablos con la situaci\u00f3n actual de la industria cultural; al fin y al cabo, tanto los maestros que crearon los retablos como los actuales creadores \u201cpretenden narrar una historia, comunicar unas ideas\u201d, ha dicho la ministra, que ha tenido el honor de ver su apellido ligado a una ley, como as\u00ed ocurri\u00f3 con el senador Helms y el representante de Carolina del Norte Burton en relaci\u00f3n al bloqueo.<\/p>","protected":false},"excerpt":{"rendered":"<p>El MNAC ha presentado las nueve piezas de arte g\u00f3tico que completan el Retablo de San Miguel y San Pedro, de Jaume Cirera y Bernat Despuig, as\u00ed como el Retablo de San Miguel, de Joan Mates. La presentaci\u00f3n\u00a0 ha contado con la asistencia de Narc\u00eds Serra, presidente del MNAC, y [&hellip;]<\/p>\n","protected":false},"author":1,"featured_media":19774,"comment_status":"open","ping_status":"open","sticky":false,"template":"","format":"standard","meta":{"footnotes":""},"categories":[64,4],"tags":[],"class_list":["post-846","post","type-post","status-publish","format-standard","has-post-thumbnail","hentry","category-arte","category-cultura"],"yoast_head":"<!-- This site is optimized with the Yoast SEO plugin v27.5 - https:\/\/yoast.com\/product\/yoast-seo-wordpress\/ -->\n<title>El MNAC enriquece su colecci\u00f3n de arte g\u00f3tico con do... - Revista Rambla<\/title>\n<meta name=\"description\" content=\"El MNAC ha presentado las nueve piezas de arte g\u00f3tico que completan el Retablo de San Miguel y San Pedro, de Jaume Cirera y Bernat Despuig, as\u00ed como el...\" \/>\n<meta name=\"robots\" content=\"index, follow, max-snippet:-1, max-image-preview:large, max-video-preview:-1\" \/>\n<link rel=\"canonical\" href=\"https:\/\/www.revistarambla.com\/en\/el-mnac-enriquece-su-coleccion-de-arte-gotico-con-dos-importantes-adquisiciones\/\" \/>\n<meta property=\"og:locale\" content=\"en_GB\" \/>\n<meta property=\"og:type\" content=\"article\" \/>\n<meta property=\"og:title\" content=\"El MNAC enriquece su colecci\u00f3n de arte g\u00f3tico con do... - Revista Rambla\" \/>\n<meta property=\"og:description\" content=\"El MNAC ha presentado las nueve piezas de arte g\u00f3tico que completan el Retablo de San Miguel y San Pedro, de Jaume Cirera y Bernat Despuig, as\u00ed como el...\" \/>\n<meta property=\"og:url\" content=\"https:\/\/www.revistarambla.com\/en\/el-mnac-enriquece-su-coleccion-de-arte-gotico-con-dos-importantes-adquisiciones\/\" \/>\n<meta property=\"og:site_name\" content=\"Revista Rambla\" \/>\n<meta property=\"article:publisher\" content=\"https:\/\/www.facebook.com\/revistarambla\/\" \/>\n<meta property=\"article:published_time\" content=\"2011-04-13T11:27:49+00:00\" \/>\n<meta property=\"article:modified_time\" content=\"2021-04-27T17:50:26+00:00\" \/>\n<meta property=\"og:image\" content=\"https:\/\/i0.wp.com\/www.revistarambla.com\/wp-content\/uploads\/2011\/04\/fotonoticia_20110412130243_640.jpg?fit=640%2C480&ssl=1\" \/>\n\t<meta property=\"og:image:width\" content=\"640\" \/>\n\t<meta property=\"og:image:height\" content=\"480\" \/>\n\t<meta property=\"og:image:type\" content=\"image\/jpeg\" \/>\n<meta name=\"author\" content=\"Joan Pere N.\" \/>\n<meta name=\"twitter:card\" content=\"summary_large_image\" \/>\n<meta name=\"twitter:creator\" content=\"@revistarambla\" \/>\n<meta name=\"twitter:site\" content=\"@revistarambla\" \/>\n<meta name=\"twitter:label1\" content=\"Written by\" \/>\n\t<meta name=\"twitter:data1\" content=\"Joan Pere N.\" \/>\n\t<meta name=\"twitter:label2\" content=\"Estimated reading time\" \/>\n\t<meta name=\"twitter:data2\" content=\"3 minutes\" \/>\n<script type=\"application\/ld+json\" class=\"yoast-schema-graph\">{\"@context\":\"https:\\\/\\\/schema.org\",\"@graph\":[{\"@type\":\"Article\",\"@id\":\"https:\\\/\\\/www.revistarambla.com\\\/el-mnac-enriquece-su-coleccion-de-arte-gotico-con-dos-importantes-adquisiciones\\\/#article\",\"isPartOf\":{\"@id\":\"https:\\\/\\\/www.revistarambla.com\\\/el-mnac-enriquece-su-coleccion-de-arte-gotico-con-dos-importantes-adquisiciones\\\/\"},\"author\":{\"name\":\"Joan Pere N.\",\"@id\":\"https:\\\/\\\/www.revistarambla.com\\\/#\\\/schema\\\/person\\\/4a5652fc8c82df1f8593002d038cd79e\"},\"headline\":\"El MNAC enriquece su colecci\u00f3n de arte g\u00f3tico con dos importantes adquisiciones\",\"datePublished\":\"2011-04-13T11:27:49+00:00\",\"dateModified\":\"2021-04-27T17:50:26+00:00\",\"mainEntityOfPage\":{\"@id\":\"https:\\\/\\\/www.revistarambla.com\\\/el-mnac-enriquece-su-coleccion-de-arte-gotico-con-dos-importantes-adquisiciones\\\/\"},\"wordCount\":643,\"commentCount\":0,\"publisher\":{\"@id\":\"https:\\\/\\\/www.revistarambla.com\\\/#organization\"},\"image\":{\"@id\":\"https:\\\/\\\/www.revistarambla.com\\\/el-mnac-enriquece-su-coleccion-de-arte-gotico-con-dos-importantes-adquisiciones\\\/#primaryimage\"},\"thumbnailUrl\":\"https:\\\/\\\/www.revistarambla.com\\\/wp-content\\\/uploads\\\/2011\\\/04\\\/fotonoticia_20110412130243_640.jpg\",\"articleSection\":[\"Arte\",\"Cultura\"],\"inLanguage\":\"en-GB\",\"potentialAction\":[{\"@type\":\"CommentAction\",\"name\":\"Comment\",\"target\":[\"https:\\\/\\\/www.revistarambla.com\\\/el-mnac-enriquece-su-coleccion-de-arte-gotico-con-dos-importantes-adquisiciones\\\/#respond\"]}]},{\"@type\":\"WebPage\",\"@id\":\"https:\\\/\\\/www.revistarambla.com\\\/el-mnac-enriquece-su-coleccion-de-arte-gotico-con-dos-importantes-adquisiciones\\\/\",\"url\":\"https:\\\/\\\/www.revistarambla.com\\\/el-mnac-enriquece-su-coleccion-de-arte-gotico-con-dos-importantes-adquisiciones\\\/\",\"name\":\"El MNAC enriquece su colecci\u00f3n de arte g\u00f3tico con do... - Revista Rambla\",\"isPartOf\":{\"@id\":\"https:\\\/\\\/www.revistarambla.com\\\/#website\"},\"primaryImageOfPage\":{\"@id\":\"https:\\\/\\\/www.revistarambla.com\\\/el-mnac-enriquece-su-coleccion-de-arte-gotico-con-dos-importantes-adquisiciones\\\/#primaryimage\"},\"image\":{\"@id\":\"https:\\\/\\\/www.revistarambla.com\\\/el-mnac-enriquece-su-coleccion-de-arte-gotico-con-dos-importantes-adquisiciones\\\/#primaryimage\"},\"thumbnailUrl\":\"https:\\\/\\\/www.revistarambla.com\\\/wp-content\\\/uploads\\\/2011\\\/04\\\/fotonoticia_20110412130243_640.jpg\",\"datePublished\":\"2011-04-13T11:27:49+00:00\",\"dateModified\":\"2021-04-27T17:50:26+00:00\",\"description\":\"El MNAC ha presentado las nueve piezas de arte g\u00f3tico que completan el Retablo de San Miguel y San Pedro, de Jaume Cirera y Bernat Despuig, as\u00ed como el...\",\"breadcrumb\":{\"@id\":\"https:\\\/\\\/www.revistarambla.com\\\/el-mnac-enriquece-su-coleccion-de-arte-gotico-con-dos-importantes-adquisiciones\\\/#breadcrumb\"},\"inLanguage\":\"en-GB\",\"potentialAction\":[{\"@type\":\"ReadAction\",\"target\":[\"https:\\\/\\\/www.revistarambla.com\\\/el-mnac-enriquece-su-coleccion-de-arte-gotico-con-dos-importantes-adquisiciones\\\/\"]}]},{\"@type\":\"ImageObject\",\"inLanguage\":\"en-GB\",\"@id\":\"https:\\\/\\\/www.revistarambla.com\\\/el-mnac-enriquece-su-coleccion-de-arte-gotico-con-dos-importantes-adquisiciones\\\/#primaryimage\",\"url\":\"https:\\\/\\\/www.revistarambla.com\\\/wp-content\\\/uploads\\\/2011\\\/04\\\/fotonoticia_20110412130243_640.jpg\",\"contentUrl\":\"https:\\\/\\\/www.revistarambla.com\\\/wp-content\\\/uploads\\\/2011\\\/04\\\/fotonoticia_20110412130243_640.jpg\",\"width\":640,\"height\":480,\"caption\":\"Un momento de la presentaci\u00f3n en el MNAC.\"},{\"@type\":\"BreadcrumbList\",\"@id\":\"https:\\\/\\\/www.revistarambla.com\\\/el-mnac-enriquece-su-coleccion-de-arte-gotico-con-dos-importantes-adquisiciones\\\/#breadcrumb\",\"itemListElement\":[{\"@type\":\"ListItem\",\"position\":1,\"name\":\"Portada\",\"item\":\"https:\\\/\\\/www.revistarambla.com\\\/\"},{\"@type\":\"ListItem\",\"position\":2,\"name\":\"El MNAC enriquece su colecci\u00f3n de arte g\u00f3tico con dos importantes adquisiciones\"}]},{\"@type\":\"WebSite\",\"@id\":\"https:\\\/\\\/www.revistarambla.com\\\/#website\",\"url\":\"https:\\\/\\\/www.revistarambla.com\\\/\",\"name\":\"Revista Rambla Barcelona\",\"description\":\"Periodismo independiente\",\"publisher\":{\"@id\":\"https:\\\/\\\/www.revistarambla.com\\\/#organization\"},\"potentialAction\":[{\"@type\":\"SearchAction\",\"target\":{\"@type\":\"EntryPoint\",\"urlTemplate\":\"https:\\\/\\\/www.revistarambla.com\\\/?s={search_term_string}\"},\"query-input\":{\"@type\":\"PropertyValueSpecification\",\"valueRequired\":true,\"valueName\":\"search_term_string\"}}],\"inLanguage\":\"en-GB\"},{\"@type\":\"Organization\",\"@id\":\"https:\\\/\\\/www.revistarambla.com\\\/#organization\",\"name\":\"Revista Rambla\",\"url\":\"https:\\\/\\\/www.revistarambla.com\\\/\",\"logo\":{\"@type\":\"ImageObject\",\"inLanguage\":\"en-GB\",\"@id\":\"https:\\\/\\\/www.revistarambla.com\\\/#\\\/schema\\\/logo\\\/image\\\/\",\"url\":\"https:\\\/\\\/www.revistarambla.com\\\/wp-content\\\/uploads\\\/2020\\\/09\\\/banner_rambla_1900x600_BB.png\",\"contentUrl\":\"https:\\\/\\\/www.revistarambla.com\\\/wp-content\\\/uploads\\\/2020\\\/09\\\/banner_rambla_1900x600_BB.png\",\"width\":1900,\"height\":600,\"caption\":\"Revista Rambla\"},\"image\":{\"@id\":\"https:\\\/\\\/www.revistarambla.com\\\/#\\\/schema\\\/logo\\\/image\\\/\"},\"sameAs\":[\"https:\\\/\\\/www.facebook.com\\\/revistarambla\\\/\",\"https:\\\/\\\/x.com\\\/revistarambla\",\"https:\\\/\\\/www.instagram.com\\\/revista_rambla\",\"https:\\\/\\\/es.linkedin.com\\\/company\\\/revista-rambla\"]},{\"@type\":\"Person\",\"@id\":\"https:\\\/\\\/www.revistarambla.com\\\/#\\\/schema\\\/person\\\/4a5652fc8c82df1f8593002d038cd79e\",\"name\":\"Joan Pere N.\"}]}<\/script>\n<!-- \/ Yoast SEO plugin. -->","yoast_head_json":{"title":"El MNAC enriquece su colecci\u00f3n de arte g\u00f3tico con do... - Revista Rambla","description":"El MNAC ha presentado las nueve piezas de arte g\u00f3tico que completan el Retablo de San Miguel y San Pedro, de Jaume Cirera y Bernat Despuig, as\u00ed como el...","robots":{"index":"index","follow":"follow","max-snippet":"max-snippet:-1","max-image-preview":"max-image-preview:large","max-video-preview":"max-video-preview:-1"},"canonical":"https:\/\/www.revistarambla.com\/en\/el-mnac-enriquece-su-coleccion-de-arte-gotico-con-dos-importantes-adquisiciones\/","og_locale":"en_GB","og_type":"article","og_title":"El MNAC enriquece su colecci\u00f3n de arte g\u00f3tico con do... - Revista Rambla","og_description":"El MNAC ha presentado las nueve piezas de arte g\u00f3tico que completan el Retablo de San Miguel y San Pedro, de Jaume Cirera y Bernat Despuig, as\u00ed como el...","og_url":"https:\/\/www.revistarambla.com\/en\/el-mnac-enriquece-su-coleccion-de-arte-gotico-con-dos-importantes-adquisiciones\/","og_site_name":"Revista Rambla","article_publisher":"https:\/\/www.facebook.com\/revistarambla\/","article_published_time":"2011-04-13T11:27:49+00:00","article_modified_time":"2021-04-27T17:50:26+00:00","og_image":[{"width":640,"height":480,"url":"https:\/\/i0.wp.com\/www.revistarambla.com\/wp-content\/uploads\/2011\/04\/fotonoticia_20110412130243_640.jpg?fit=640%2C480&ssl=1","type":"image\/jpeg"}],"author":"Joan Pere N.","twitter_card":"summary_large_image","twitter_creator":"@revistarambla","twitter_site":"@revistarambla","twitter_misc":{"Written by":"Joan Pere N.","Estimated reading time":"3 minutes"},"schema":{"@context":"https:\/\/schema.org","@graph":[{"@type":"Article","@id":"https:\/\/www.revistarambla.com\/el-mnac-enriquece-su-coleccion-de-arte-gotico-con-dos-importantes-adquisiciones\/#article","isPartOf":{"@id":"https:\/\/www.revistarambla.com\/el-mnac-enriquece-su-coleccion-de-arte-gotico-con-dos-importantes-adquisiciones\/"},"author":{"name":"Joan Pere N.","@id":"https:\/\/www.revistarambla.com\/#\/schema\/person\/4a5652fc8c82df1f8593002d038cd79e"},"headline":"El MNAC enriquece su colecci\u00f3n de arte g\u00f3tico con dos importantes adquisiciones","datePublished":"2011-04-13T11:27:49+00:00","dateModified":"2021-04-27T17:50:26+00:00","mainEntityOfPage":{"@id":"https:\/\/www.revistarambla.com\/el-mnac-enriquece-su-coleccion-de-arte-gotico-con-dos-importantes-adquisiciones\/"},"wordCount":643,"commentCount":0,"publisher":{"@id":"https:\/\/www.revistarambla.com\/#organization"},"image":{"@id":"https:\/\/www.revistarambla.com\/el-mnac-enriquece-su-coleccion-de-arte-gotico-con-dos-importantes-adquisiciones\/#primaryimage"},"thumbnailUrl":"https:\/\/www.revistarambla.com\/wp-content\/uploads\/2011\/04\/fotonoticia_20110412130243_640.jpg","articleSection":["Arte","Cultura"],"inLanguage":"en-GB","potentialAction":[{"@type":"CommentAction","name":"Comment","target":["https:\/\/www.revistarambla.com\/el-mnac-enriquece-su-coleccion-de-arte-gotico-con-dos-importantes-adquisiciones\/#respond"]}]},{"@type":"WebPage","@id":"https:\/\/www.revistarambla.com\/el-mnac-enriquece-su-coleccion-de-arte-gotico-con-dos-importantes-adquisiciones\/","url":"https:\/\/www.revistarambla.com\/el-mnac-enriquece-su-coleccion-de-arte-gotico-con-dos-importantes-adquisiciones\/","name":"El MNAC enriquece su colecci\u00f3n de arte g\u00f3tico con do... - Revista Rambla","isPartOf":{"@id":"https:\/\/www.revistarambla.com\/#website"},"primaryImageOfPage":{"@id":"https:\/\/www.revistarambla.com\/el-mnac-enriquece-su-coleccion-de-arte-gotico-con-dos-importantes-adquisiciones\/#primaryimage"},"image":{"@id":"https:\/\/www.revistarambla.com\/el-mnac-enriquece-su-coleccion-de-arte-gotico-con-dos-importantes-adquisiciones\/#primaryimage"},"thumbnailUrl":"https:\/\/www.revistarambla.com\/wp-content\/uploads\/2011\/04\/fotonoticia_20110412130243_640.jpg","datePublished":"2011-04-13T11:27:49+00:00","dateModified":"2021-04-27T17:50:26+00:00","description":"El MNAC ha presentado las nueve piezas de arte g\u00f3tico que completan el Retablo de San Miguel y San Pedro, de Jaume Cirera y Bernat Despuig, as\u00ed como el...","breadcrumb":{"@id":"https:\/\/www.revistarambla.com\/el-mnac-enriquece-su-coleccion-de-arte-gotico-con-dos-importantes-adquisiciones\/#breadcrumb"},"inLanguage":"en-GB","potentialAction":[{"@type":"ReadAction","target":["https:\/\/www.revistarambla.com\/el-mnac-enriquece-su-coleccion-de-arte-gotico-con-dos-importantes-adquisiciones\/"]}]},{"@type":"ImageObject","inLanguage":"en-GB","@id":"https:\/\/www.revistarambla.com\/el-mnac-enriquece-su-coleccion-de-arte-gotico-con-dos-importantes-adquisiciones\/#primaryimage","url":"https:\/\/www.revistarambla.com\/wp-content\/uploads\/2011\/04\/fotonoticia_20110412130243_640.jpg","contentUrl":"https:\/\/www.revistarambla.com\/wp-content\/uploads\/2011\/04\/fotonoticia_20110412130243_640.jpg","width":640,"height":480,"caption":"Un momento de la presentaci\u00f3n en el MNAC."},{"@type":"BreadcrumbList","@id":"https:\/\/www.revistarambla.com\/el-mnac-enriquece-su-coleccion-de-arte-gotico-con-dos-importantes-adquisiciones\/#breadcrumb","itemListElement":[{"@type":"ListItem","position":1,"name":"Portada","item":"https:\/\/www.revistarambla.com\/"},{"@type":"ListItem","position":2,"name":"El MNAC enriquece su colecci\u00f3n de arte g\u00f3tico con dos importantes adquisiciones"}]},{"@type":"WebSite","@id":"https:\/\/www.revistarambla.com\/#website","url":"https:\/\/www.revistarambla.com\/","name":"Revista Rambla Barcelona","description":"Periodismo independiente","publisher":{"@id":"https:\/\/www.revistarambla.com\/#organization"},"potentialAction":[{"@type":"SearchAction","target":{"@type":"EntryPoint","urlTemplate":"https:\/\/www.revistarambla.com\/?s={search_term_string}"},"query-input":{"@type":"PropertyValueSpecification","valueRequired":true,"valueName":"search_term_string"}}],"inLanguage":"en-GB"},{"@type":"Organization","@id":"https:\/\/www.revistarambla.com\/#organization","name":"Revista Rambla","url":"https:\/\/www.revistarambla.com\/","logo":{"@type":"ImageObject","inLanguage":"en-GB","@id":"https:\/\/www.revistarambla.com\/#\/schema\/logo\/image\/","url":"https:\/\/www.revistarambla.com\/wp-content\/uploads\/2020\/09\/banner_rambla_1900x600_BB.png","contentUrl":"https:\/\/www.revistarambla.com\/wp-content\/uploads\/2020\/09\/banner_rambla_1900x600_BB.png","width":1900,"height":600,"caption":"Revista Rambla"},"image":{"@id":"https:\/\/www.revistarambla.com\/#\/schema\/logo\/image\/"},"sameAs":["https:\/\/www.facebook.com\/revistarambla\/","https:\/\/x.com\/revistarambla","https:\/\/www.instagram.com\/revista_rambla","https:\/\/es.linkedin.com\/company\/revista-rambla"]},{"@type":"Person","@id":"https:\/\/www.revistarambla.com\/#\/schema\/person\/4a5652fc8c82df1f8593002d038cd79e","name":"Joan Pere N."}]}},"_links":{"self":[{"href":"https:\/\/www.revistarambla.com\/en\/wp-json\/wp\/v2\/posts\/846","targetHints":{"allow":["GET"]}}],"collection":[{"href":"https:\/\/www.revistarambla.com\/en\/wp-json\/wp\/v2\/posts"}],"about":[{"href":"https:\/\/www.revistarambla.com\/en\/wp-json\/wp\/v2\/types\/post"}],"author":[{"embeddable":true,"href":"https:\/\/www.revistarambla.com\/en\/wp-json\/wp\/v2\/users\/1"}],"replies":[{"embeddable":true,"href":"https:\/\/www.revistarambla.com\/en\/wp-json\/wp\/v2\/comments?post=846"}],"version-history":[{"count":0,"href":"https:\/\/www.revistarambla.com\/en\/wp-json\/wp\/v2\/posts\/846\/revisions"}],"wp:featuredmedia":[{"embeddable":true,"href":"https:\/\/www.revistarambla.com\/en\/wp-json\/wp\/v2\/media\/19774"}],"wp:attachment":[{"href":"https:\/\/www.revistarambla.com\/en\/wp-json\/wp\/v2\/media?parent=846"}],"wp:term":[{"taxonomy":"category","embeddable":true,"href":"https:\/\/www.revistarambla.com\/en\/wp-json\/wp\/v2\/categories?post=846"},{"taxonomy":"post_tag","embeddable":true,"href":"https:\/\/www.revistarambla.com\/en\/wp-json\/wp\/v2\/tags?post=846"}],"curies":[{"name":"wp","href":"https:\/\/api.w.org\/{rel}","templated":true}]}}