{"id":845,"date":"2011-04-12T14:03:45","date_gmt":"2011-04-12T12:03:45","guid":{"rendered":"https:\/\/www.revistarambla.com\/dibujogente-estilo-sencillez-y-moda-unidos-en-un-mismo-proyecto\/"},"modified":"2021-12-16T21:12:23","modified_gmt":"2021-12-16T20:12:23","slug":"marta-r-gustems-presenta-su-nuevo-proyecto-dibujogente","status":"publish","type":"post","link":"https:\/\/www.revistarambla.com\/en\/marta-r-gustems-presenta-su-nuevo-proyecto-dibujogente\/","title":{"rendered":"Marta R Gustems presenta su nuevo proyecto &#8216;Dibujogente&#8217;"},"content":{"rendered":"<p><a href=\"https:\/\/www.revistarambla.com\/wp-content\/uploads\/2011\/04\/pintora3.jpg\"><img decoding=\"async\" class=\"wp-image-843 size-full aligncenter\" style=\"width: 550px; height: 308px;\" src=\"https:\/\/www.revistarambla.com\/wp-content\/uploads\/2011\/04\/pintora3.jpg\" alt=\"Marta R. Gustems\" width=\"550\" height=\"308\" srcset=\"https:\/\/www.revistarambla.com\/wp-content\/uploads\/2011\/04\/pintora3.jpg 550w, https:\/\/www.revistarambla.com\/wp-content\/uploads\/2011\/04\/pintora3-300x168.jpg 300w, https:\/\/www.revistarambla.com\/wp-content\/uploads\/2011\/04\/pintora3-500x280.jpg 500w\" sizes=\"(max-width: 550px) 100vw, 550px\" \/><\/a><\/p>\n<p>La <a href=\"http:\/\/www.galeriasafia.com\/\">galer\u00eda de arte Safia<\/a> acoge desde el\u00a0 7 de abril la exposici\u00f3n <em>Dibujogente<\/em>, un proyecto que con su nombre refleja su propio esp\u00edritu: la sencillez. Se trata de una serie de dibujos a l\u00e1piz de grafito sobre papel blanco mate, tama\u00f1o folio. La idea naci\u00f3 de su propio blog de moda, que es la ocupaci\u00f3n principal de la artista. \u201cYo siempre he dibujado desde peque\u00f1a, aunque me especialic\u00e9 en el dise\u00f1o de moda\u201d, dice Marta R Gustems, desde detr\u00e1s del mostrador de su boutique, situada en la calle Verdi de Barcelona.<\/p>\n<p>Marta R Gustems nos explica que hace un par de a\u00f1os empez\u00f3 a dibujar de nuevo, despu\u00e9s de una \u00e9poca de par\u00f3n: \u201cme apetec\u00eda hacer algo f\u00e1cil, por eso inici\u00e9 este proyecto tan sencillo a l\u00e1piz y papel\u201d. Y es que aunque el proyecto est\u00e1 pensado un poco en la moda, porque la idea inicial surgi\u00f3 de su blog, no buscaba lo \u201cfashion\u201d sino el estilo particular de las personas. De manera que no quer\u00eda plasmar gente que siguiera las tendencias sino personas que tuvieran un estilo propio y que desprendieran encanto, desde un adolescente hasta una se\u00f1ora mayor sentada en un banco de la calle o una tierna criatura.<\/p>\n<p>En general las representaciones son bastante realistas. La gente retratada es gente del entorno de la autora: amigos, familia, gente conocida hace tiempo en otros pa\u00edses\u2026 y los dibujos est\u00e1n hechos a partir de fotos que ha tomado ella misma. \u201cMe encanta la gente y me encanta retratarla\u201d, declara Marta R Gustems.<\/p>\n<p>Se trata de un proyecto compuesto por cien retratos con formato blog, pero en la galer\u00eda hay expuestos alrededor de unos 80. Hay algunos dibujos que todav\u00eda no han podido ser acabados y que llegaran a la exposici\u00f3n durante estos d\u00edas. La muestra sigue una secuencia l\u00f3gica, ya que los dibujos est\u00e1n colocados por orden de edad ascendente de las personas retratadas.<\/p>\n<p>As\u00ed, hasta el 21 de abril habr\u00e1 tiempo de poder contemplar en la galer\u00eda Safia del barrio de Gracia, el trabajo de esta artista polivalente que pretende transmitirnos su halo de encanto a trav\u00e9s de su obra.<\/p>\n<p><a href=\"https:\/\/www.revistarambla.com\/wp-content\/uploads\/2011\/04\/pintora2(1).jpg\"><img decoding=\"async\" class=\"aligncenter wp-image-844 size-full\" style=\"width: 550px; height: 179px;\" src=\"https:\/\/www.revistarambla.com\/wp-content\/uploads\/2011\/04\/pintora2(1).jpg\" alt=\"Marta R. Gustems\" width=\"550\" height=\"179\" srcset=\"https:\/\/www.revistarambla.com\/wp-content\/uploads\/2011\/04\/pintora2(1).jpg 550w, https:\/\/www.revistarambla.com\/wp-content\/uploads\/2011\/04\/pintora2(1)-300x98.jpg 300w, https:\/\/www.revistarambla.com\/wp-content\/uploads\/2011\/04\/pintora2(1)-500x163.jpg 500w\" sizes=\"(max-width: 550px) 100vw, 550px\" \/><\/a><\/p>","protected":false},"excerpt":{"rendered":"<p>La dise\u00f1adora y coolhunter Marta R Gustems ha dado vida al proyecto Dibujogente, compuesto por un total de 100 retratos de personas de distintas edades; un trabajo que hace de lo b\u00e1sico lo ideal<\/p>","protected":false},"author":66,"featured_media":0,"comment_status":"open","ping_status":"open","sticky":false,"template":"","format":"standard","meta":{"footnotes":""},"categories":[64,4],"tags":[],"class_list":["post-845","post","type-post","status-publish","format-standard","hentry","category-arte","category-cultura"],"yoast_head":"<!-- This site is optimized with the Yoast SEO plugin v27.5 - https:\/\/yoast.com\/product\/yoast-seo-wordpress\/ -->\n<title>Marta R Gustems presenta su nuevo proyecto &#039;Dibujo... - Revista Rambla<\/title>\n<meta name=\"description\" content=\"La dise\u00f1adora y coolhunter Marta R Gustems ha dado vida al proyecto Dibujogente, compuesto por un total de 100 retratos de personas de distintas edades.\" \/>\n<meta name=\"robots\" content=\"index, follow, max-snippet:-1, max-image-preview:large, max-video-preview:-1\" \/>\n<link rel=\"canonical\" href=\"https:\/\/www.revistarambla.com\/en\/marta-r-gustems-presenta-su-nuevo-proyecto-dibujogente\/\" \/>\n<meta property=\"og:locale\" content=\"en_GB\" \/>\n<meta property=\"og:type\" content=\"article\" \/>\n<meta property=\"og:title\" content=\"Marta R Gustems presenta su nuevo proyecto &#039;Dibujo... - Revista Rambla\" \/>\n<meta property=\"og:description\" content=\"La dise\u00f1adora y coolhunter Marta R Gustems ha dado vida al proyecto Dibujogente, compuesto por un total de 100 retratos de personas de distintas edades.\" \/>\n<meta property=\"og:url\" content=\"https:\/\/www.revistarambla.com\/en\/marta-r-gustems-presenta-su-nuevo-proyecto-dibujogente\/\" \/>\n<meta property=\"og:site_name\" content=\"Revista Rambla\" \/>\n<meta property=\"article:publisher\" content=\"https:\/\/www.facebook.com\/revistarambla\/\" \/>\n<meta property=\"article:published_time\" content=\"2011-04-12T12:03:45+00:00\" \/>\n<meta property=\"article:modified_time\" content=\"2021-12-16T20:12:23+00:00\" \/>\n<meta property=\"og:image\" content=\"https:\/\/www.revistarambla.com\/wp-content\/uploads\/2011\/04\/pintora1.jpg\" \/>\n\t<meta property=\"og:image:width\" content=\"250\" \/>\n\t<meta property=\"og:image:height\" content=\"181\" \/>\n\t<meta property=\"og:image:type\" content=\"image\/jpeg\" \/>\n<meta name=\"author\" content=\"Ver\u00f3nica Encinas Salgado\" \/>\n<meta name=\"twitter:card\" content=\"summary_large_image\" \/>\n<meta name=\"twitter:creator\" content=\"@revistarambla\" \/>\n<meta name=\"twitter:site\" content=\"@revistarambla\" \/>\n<meta name=\"twitter:label1\" content=\"Written by\" \/>\n\t<meta name=\"twitter:data1\" content=\"Ver\u00f3nica Encinas Salgado\" \/>\n\t<meta name=\"twitter:label2\" content=\"Estimated reading time\" \/>\n\t<meta name=\"twitter:data2\" content=\"2 minutes\" \/>\n<script type=\"application\/ld+json\" class=\"yoast-schema-graph\">{\"@context\":\"https:\\\/\\\/schema.org\",\"@graph\":[{\"@type\":\"Article\",\"@id\":\"https:\\\/\\\/www.revistarambla.com\\\/marta-r-gustems-presenta-su-nuevo-proyecto-dibujogente\\\/#article\",\"isPartOf\":{\"@id\":\"https:\\\/\\\/www.revistarambla.com\\\/marta-r-gustems-presenta-su-nuevo-proyecto-dibujogente\\\/\"},\"author\":{\"name\":\"Ver\u00f3nica Encinas Salgado\",\"@id\":\"https:\\\/\\\/www.revistarambla.com\\\/#\\\/schema\\\/person\\\/d5b8d7715dcc8b0e3eeac113266d2af6\"},\"headline\":\"Marta R Gustems presenta su nuevo proyecto &#8216;Dibujogente&#8217;\",\"datePublished\":\"2011-04-12T12:03:45+00:00\",\"dateModified\":\"2021-12-16T20:12:23+00:00\",\"mainEntityOfPage\":{\"@id\":\"https:\\\/\\\/www.revistarambla.com\\\/marta-r-gustems-presenta-su-nuevo-proyecto-dibujogente\\\/\"},\"wordCount\":385,\"commentCount\":0,\"publisher\":{\"@id\":\"https:\\\/\\\/www.revistarambla.com\\\/#organization\"},\"image\":{\"@id\":\"https:\\\/\\\/www.revistarambla.com\\\/marta-r-gustems-presenta-su-nuevo-proyecto-dibujogente\\\/#primaryimage\"},\"thumbnailUrl\":\"https:\\\/\\\/www.revistarambla.com\\\/wp-content\\\/uploads\\\/2011\\\/04\\\/pintora3.jpg\",\"articleSection\":[\"Arte\",\"Cultura\"],\"inLanguage\":\"en-GB\",\"potentialAction\":[{\"@type\":\"CommentAction\",\"name\":\"Comment\",\"target\":[\"https:\\\/\\\/www.revistarambla.com\\\/marta-r-gustems-presenta-su-nuevo-proyecto-dibujogente\\\/#respond\"]}]},{\"@type\":\"WebPage\",\"@id\":\"https:\\\/\\\/www.revistarambla.com\\\/marta-r-gustems-presenta-su-nuevo-proyecto-dibujogente\\\/\",\"url\":\"https:\\\/\\\/www.revistarambla.com\\\/marta-r-gustems-presenta-su-nuevo-proyecto-dibujogente\\\/\",\"name\":\"Marta R Gustems presenta su nuevo proyecto 'Dibujo... - Revista Rambla\",\"isPartOf\":{\"@id\":\"https:\\\/\\\/www.revistarambla.com\\\/#website\"},\"primaryImageOfPage\":{\"@id\":\"https:\\\/\\\/www.revistarambla.com\\\/marta-r-gustems-presenta-su-nuevo-proyecto-dibujogente\\\/#primaryimage\"},\"image\":{\"@id\":\"https:\\\/\\\/www.revistarambla.com\\\/marta-r-gustems-presenta-su-nuevo-proyecto-dibujogente\\\/#primaryimage\"},\"thumbnailUrl\":\"https:\\\/\\\/www.revistarambla.com\\\/wp-content\\\/uploads\\\/2011\\\/04\\\/pintora3.jpg\",\"datePublished\":\"2011-04-12T12:03:45+00:00\",\"dateModified\":\"2021-12-16T20:12:23+00:00\",\"description\":\"La dise\u00f1adora y coolhunter Marta R Gustems ha dado vida al proyecto Dibujogente, compuesto por un total de 100 retratos de personas de distintas edades.\",\"breadcrumb\":{\"@id\":\"https:\\\/\\\/www.revistarambla.com\\\/marta-r-gustems-presenta-su-nuevo-proyecto-dibujogente\\\/#breadcrumb\"},\"inLanguage\":\"en-GB\",\"potentialAction\":[{\"@type\":\"ReadAction\",\"target\":[\"https:\\\/\\\/www.revistarambla.com\\\/marta-r-gustems-presenta-su-nuevo-proyecto-dibujogente\\\/\"]}]},{\"@type\":\"ImageObject\",\"inLanguage\":\"en-GB\",\"@id\":\"https:\\\/\\\/www.revistarambla.com\\\/marta-r-gustems-presenta-su-nuevo-proyecto-dibujogente\\\/#primaryimage\",\"url\":\"https:\\\/\\\/www.revistarambla.com\\\/wp-content\\\/uploads\\\/2011\\\/04\\\/pintora3.jpg\",\"contentUrl\":\"https:\\\/\\\/www.revistarambla.com\\\/wp-content\\\/uploads\\\/2011\\\/04\\\/pintora3.jpg\"},{\"@type\":\"BreadcrumbList\",\"@id\":\"https:\\\/\\\/www.revistarambla.com\\\/marta-r-gustems-presenta-su-nuevo-proyecto-dibujogente\\\/#breadcrumb\",\"itemListElement\":[{\"@type\":\"ListItem\",\"position\":1,\"name\":\"Portada\",\"item\":\"https:\\\/\\\/www.revistarambla.com\\\/\"},{\"@type\":\"ListItem\",\"position\":2,\"name\":\"Marta R Gustems presenta su nuevo proyecto &#8216;Dibujogente&#8217;\"}]},{\"@type\":\"WebSite\",\"@id\":\"https:\\\/\\\/www.revistarambla.com\\\/#website\",\"url\":\"https:\\\/\\\/www.revistarambla.com\\\/\",\"name\":\"Revista Rambla Barcelona\",\"description\":\"Periodismo independiente\",\"publisher\":{\"@id\":\"https:\\\/\\\/www.revistarambla.com\\\/#organization\"},\"potentialAction\":[{\"@type\":\"SearchAction\",\"target\":{\"@type\":\"EntryPoint\",\"urlTemplate\":\"https:\\\/\\\/www.revistarambla.com\\\/?s={search_term_string}\"},\"query-input\":{\"@type\":\"PropertyValueSpecification\",\"valueRequired\":true,\"valueName\":\"search_term_string\"}}],\"inLanguage\":\"en-GB\"},{\"@type\":\"Organization\",\"@id\":\"https:\\\/\\\/www.revistarambla.com\\\/#organization\",\"name\":\"Revista Rambla\",\"url\":\"https:\\\/\\\/www.revistarambla.com\\\/\",\"logo\":{\"@type\":\"ImageObject\",\"inLanguage\":\"en-GB\",\"@id\":\"https:\\\/\\\/www.revistarambla.com\\\/#\\\/schema\\\/logo\\\/image\\\/\",\"url\":\"https:\\\/\\\/www.revistarambla.com\\\/wp-content\\\/uploads\\\/2020\\\/09\\\/banner_rambla_1900x600_BB.png\",\"contentUrl\":\"https:\\\/\\\/www.revistarambla.com\\\/wp-content\\\/uploads\\\/2020\\\/09\\\/banner_rambla_1900x600_BB.png\",\"width\":1900,\"height\":600,\"caption\":\"Revista Rambla\"},\"image\":{\"@id\":\"https:\\\/\\\/www.revistarambla.com\\\/#\\\/schema\\\/logo\\\/image\\\/\"},\"sameAs\":[\"https:\\\/\\\/www.facebook.com\\\/revistarambla\\\/\",\"https:\\\/\\\/x.com\\\/revistarambla\",\"https:\\\/\\\/www.instagram.com\\\/revista_rambla\",\"https:\\\/\\\/es.linkedin.com\\\/company\\\/revista-rambla\"]},{\"@type\":\"Person\",\"@id\":\"https:\\\/\\\/www.revistarambla.com\\\/#\\\/schema\\\/person\\\/d5b8d7715dcc8b0e3eeac113266d2af6\",\"name\":\"Ver\u00f3nica Encinas Salgado\",\"description\":\"Licenciada en Ciencias Pol\u00edticas por la Universidad Aut\u00f3noma de Barcelona y especializada en periodismo y comunicaci\u00f3n digital.\",\"sameAs\":[\"https:\\\/\\\/www.instagram.com\\\/veronica.encinas.salgado\\\/\",\"https:\\\/\\\/es.linkedin.com\\\/in\\\/veronicaencinassalgado\"]}]}<\/script>\n<!-- \/ Yoast SEO plugin. -->","yoast_head_json":{"title":"Marta R Gustems presenta su nuevo proyecto 'Dibujo... - Revista Rambla","description":"La dise\u00f1adora y coolhunter Marta R Gustems ha dado vida al proyecto Dibujogente, compuesto por un total de 100 retratos de personas de distintas edades.","robots":{"index":"index","follow":"follow","max-snippet":"max-snippet:-1","max-image-preview":"max-image-preview:large","max-video-preview":"max-video-preview:-1"},"canonical":"https:\/\/www.revistarambla.com\/en\/marta-r-gustems-presenta-su-nuevo-proyecto-dibujogente\/","og_locale":"en_GB","og_type":"article","og_title":"Marta R Gustems presenta su nuevo proyecto 'Dibujo... - Revista Rambla","og_description":"La dise\u00f1adora y coolhunter Marta R Gustems ha dado vida al proyecto Dibujogente, compuesto por un total de 100 retratos de personas de distintas edades.","og_url":"https:\/\/www.revistarambla.com\/en\/marta-r-gustems-presenta-su-nuevo-proyecto-dibujogente\/","og_site_name":"Revista Rambla","article_publisher":"https:\/\/www.facebook.com\/revistarambla\/","article_published_time":"2011-04-12T12:03:45+00:00","article_modified_time":"2021-12-16T20:12:23+00:00","og_image":[{"width":250,"height":181,"url":"https:\/\/www.revistarambla.com\/wp-content\/uploads\/2011\/04\/pintora1.jpg","type":"image\/jpeg"}],"author":"Ver\u00f3nica Encinas Salgado","twitter_card":"summary_large_image","twitter_creator":"@revistarambla","twitter_site":"@revistarambla","twitter_misc":{"Written by":"Ver\u00f3nica Encinas Salgado","Estimated reading time":"2 minutes"},"schema":{"@context":"https:\/\/schema.org","@graph":[{"@type":"Article","@id":"https:\/\/www.revistarambla.com\/marta-r-gustems-presenta-su-nuevo-proyecto-dibujogente\/#article","isPartOf":{"@id":"https:\/\/www.revistarambla.com\/marta-r-gustems-presenta-su-nuevo-proyecto-dibujogente\/"},"author":{"name":"Ver\u00f3nica Encinas Salgado","@id":"https:\/\/www.revistarambla.com\/#\/schema\/person\/d5b8d7715dcc8b0e3eeac113266d2af6"},"headline":"Marta R Gustems presenta su nuevo proyecto &#8216;Dibujogente&#8217;","datePublished":"2011-04-12T12:03:45+00:00","dateModified":"2021-12-16T20:12:23+00:00","mainEntityOfPage":{"@id":"https:\/\/www.revistarambla.com\/marta-r-gustems-presenta-su-nuevo-proyecto-dibujogente\/"},"wordCount":385,"commentCount":0,"publisher":{"@id":"https:\/\/www.revistarambla.com\/#organization"},"image":{"@id":"https:\/\/www.revistarambla.com\/marta-r-gustems-presenta-su-nuevo-proyecto-dibujogente\/#primaryimage"},"thumbnailUrl":"https:\/\/www.revistarambla.com\/wp-content\/uploads\/2011\/04\/pintora3.jpg","articleSection":["Arte","Cultura"],"inLanguage":"en-GB","potentialAction":[{"@type":"CommentAction","name":"Comment","target":["https:\/\/www.revistarambla.com\/marta-r-gustems-presenta-su-nuevo-proyecto-dibujogente\/#respond"]}]},{"@type":"WebPage","@id":"https:\/\/www.revistarambla.com\/marta-r-gustems-presenta-su-nuevo-proyecto-dibujogente\/","url":"https:\/\/www.revistarambla.com\/marta-r-gustems-presenta-su-nuevo-proyecto-dibujogente\/","name":"Marta R Gustems presenta su nuevo proyecto 'Dibujo... - Revista Rambla","isPartOf":{"@id":"https:\/\/www.revistarambla.com\/#website"},"primaryImageOfPage":{"@id":"https:\/\/www.revistarambla.com\/marta-r-gustems-presenta-su-nuevo-proyecto-dibujogente\/#primaryimage"},"image":{"@id":"https:\/\/www.revistarambla.com\/marta-r-gustems-presenta-su-nuevo-proyecto-dibujogente\/#primaryimage"},"thumbnailUrl":"https:\/\/www.revistarambla.com\/wp-content\/uploads\/2011\/04\/pintora3.jpg","datePublished":"2011-04-12T12:03:45+00:00","dateModified":"2021-12-16T20:12:23+00:00","description":"La dise\u00f1adora y coolhunter Marta R Gustems ha dado vida al proyecto Dibujogente, compuesto por un total de 100 retratos de personas de distintas edades.","breadcrumb":{"@id":"https:\/\/www.revistarambla.com\/marta-r-gustems-presenta-su-nuevo-proyecto-dibujogente\/#breadcrumb"},"inLanguage":"en-GB","potentialAction":[{"@type":"ReadAction","target":["https:\/\/www.revistarambla.com\/marta-r-gustems-presenta-su-nuevo-proyecto-dibujogente\/"]}]},{"@type":"ImageObject","inLanguage":"en-GB","@id":"https:\/\/www.revistarambla.com\/marta-r-gustems-presenta-su-nuevo-proyecto-dibujogente\/#primaryimage","url":"https:\/\/www.revistarambla.com\/wp-content\/uploads\/2011\/04\/pintora3.jpg","contentUrl":"https:\/\/www.revistarambla.com\/wp-content\/uploads\/2011\/04\/pintora3.jpg"},{"@type":"BreadcrumbList","@id":"https:\/\/www.revistarambla.com\/marta-r-gustems-presenta-su-nuevo-proyecto-dibujogente\/#breadcrumb","itemListElement":[{"@type":"ListItem","position":1,"name":"Portada","item":"https:\/\/www.revistarambla.com\/"},{"@type":"ListItem","position":2,"name":"Marta R Gustems presenta su nuevo proyecto &#8216;Dibujogente&#8217;"}]},{"@type":"WebSite","@id":"https:\/\/www.revistarambla.com\/#website","url":"https:\/\/www.revistarambla.com\/","name":"Revista Rambla Barcelona","description":"Periodismo independiente","publisher":{"@id":"https:\/\/www.revistarambla.com\/#organization"},"potentialAction":[{"@type":"SearchAction","target":{"@type":"EntryPoint","urlTemplate":"https:\/\/www.revistarambla.com\/?s={search_term_string}"},"query-input":{"@type":"PropertyValueSpecification","valueRequired":true,"valueName":"search_term_string"}}],"inLanguage":"en-GB"},{"@type":"Organization","@id":"https:\/\/www.revistarambla.com\/#organization","name":"Revista Rambla","url":"https:\/\/www.revistarambla.com\/","logo":{"@type":"ImageObject","inLanguage":"en-GB","@id":"https:\/\/www.revistarambla.com\/#\/schema\/logo\/image\/","url":"https:\/\/www.revistarambla.com\/wp-content\/uploads\/2020\/09\/banner_rambla_1900x600_BB.png","contentUrl":"https:\/\/www.revistarambla.com\/wp-content\/uploads\/2020\/09\/banner_rambla_1900x600_BB.png","width":1900,"height":600,"caption":"Revista Rambla"},"image":{"@id":"https:\/\/www.revistarambla.com\/#\/schema\/logo\/image\/"},"sameAs":["https:\/\/www.facebook.com\/revistarambla\/","https:\/\/x.com\/revistarambla","https:\/\/www.instagram.com\/revista_rambla","https:\/\/es.linkedin.com\/company\/revista-rambla"]},{"@type":"Person","@id":"https:\/\/www.revistarambla.com\/#\/schema\/person\/d5b8d7715dcc8b0e3eeac113266d2af6","name":"Ver\u00f3nica Encinas Salgado","description":"Licenciada en Ciencias Pol\u00edticas por la Universidad Aut\u00f3noma de Barcelona y especializada en periodismo y comunicaci\u00f3n digital.","sameAs":["https:\/\/www.instagram.com\/veronica.encinas.salgado\/","https:\/\/es.linkedin.com\/in\/veronicaencinassalgado"]}]}},"_links":{"self":[{"href":"https:\/\/www.revistarambla.com\/en\/wp-json\/wp\/v2\/posts\/845","targetHints":{"allow":["GET"]}}],"collection":[{"href":"https:\/\/www.revistarambla.com\/en\/wp-json\/wp\/v2\/posts"}],"about":[{"href":"https:\/\/www.revistarambla.com\/en\/wp-json\/wp\/v2\/types\/post"}],"author":[{"embeddable":true,"href":"https:\/\/www.revistarambla.com\/en\/wp-json\/wp\/v2\/users\/66"}],"replies":[{"embeddable":true,"href":"https:\/\/www.revistarambla.com\/en\/wp-json\/wp\/v2\/comments?post=845"}],"version-history":[{"count":0,"href":"https:\/\/www.revistarambla.com\/en\/wp-json\/wp\/v2\/posts\/845\/revisions"}],"wp:attachment":[{"href":"https:\/\/www.revistarambla.com\/en\/wp-json\/wp\/v2\/media?parent=845"}],"wp:term":[{"taxonomy":"category","embeddable":true,"href":"https:\/\/www.revistarambla.com\/en\/wp-json\/wp\/v2\/categories?post=845"},{"taxonomy":"post_tag","embeddable":true,"href":"https:\/\/www.revistarambla.com\/en\/wp-json\/wp\/v2\/tags?post=845"}],"curies":[{"name":"wp","href":"https:\/\/api.w.org\/{rel}","templated":true}]}}