{"id":8355,"date":"2015-11-24T05:42:17","date_gmt":"2015-11-24T05:42:17","guid":{"rendered":"https:\/\/www.revistarambla.com\/panrico-pago-a-ugt-y-ccoo-para-imponer-la-paz-social-ante\/"},"modified":"2021-04-12T17:19:38","modified_gmt":"2021-04-12T15:19:38","slug":"panrico-pago-a-ugt-y-ccoo-para-imponer-la-paz-social-ante","status":"publish","type":"post","link":"https:\/\/www.revistarambla.com\/en\/panrico-pago-a-ugt-y-ccoo-para-imponer-la-paz-social-ante\/","title":{"rendered":"Panrico pag\u00f3 a UGT y CCOO para imponer la paz social ante los ERE\u2019s"},"content":{"rendered":"<p><img decoding=\"async\" class=\"size-full wp-image-8353 aligncenter\" style=\"width: 700px; height: 436px;\" src=\"https:\/\/www.revistarambla.com\/wp-content\/uploads\/2015\/11\/panrico-02.jpg\" alt=\"alt\" width=\"700\" height=\"436\" srcset=\"https:\/\/www.revistarambla.com\/wp-content\/uploads\/2015\/11\/panrico-02.jpg 700w, https:\/\/www.revistarambla.com\/wp-content\/uploads\/2015\/11\/panrico-02-300x187.jpg 300w, https:\/\/www.revistarambla.com\/wp-content\/uploads\/2015\/11\/panrico-02-500x311.jpg 500w\" sizes=\"(max-width: 700px) 100vw, 700px\" \/><\/p>\n<p><span data-scayt_word=\"Pero\" data-scaytid=\"47\">Pero<\/span> en el <span data-scayt_word=\"texto\" data-scaytid=\"48\">texto<\/span> de la <span data-scayt_word=\"Audiencia\" data-scaytid=\"37\">Audiencia<\/span> sale <span data-scayt_word=\"todo\" data-scaytid=\"50\">todo<\/span> el <span data-scayt_word=\"preparativo\" data-scaytid=\"51\">preparativo<\/span> de la <span data-scayt_word=\"direcci\u00f3n\" data-scaytid=\"52\">direcci\u00f3n<\/span> de <span data-scayt_word=\"Panrico\" data-scaytid=\"53\">Panrico<\/span> y <span data-scayt_word=\"las\" data-scaytid=\"54\">las<\/span> <span data-scayt_word=\"direcciones\" data-scaytid=\"55\">direcciones<\/span> de <span data-scayt_word=\"CCOO\" data-scaytid=\"38\">CCOO<\/span> y <span data-scayt_word=\"UGT\" data-scaytid=\"58\">UGT<\/span> <span data-scayt_word=\"para\" data-scaytid=\"60\">para<\/span> <span data-scayt_word=\"imponer\" data-scaytid=\"63\">imponer<\/span> los dos ERE\u2019s a los <span data-scayt_word=\"trabajadores\" data-scaytid=\"64\">trabajadores<\/span>: <span data-scayt_word=\"cientos\" data-scaytid=\"65\">cientos<\/span> de <span data-scayt_word=\"despidos\" data-scaytid=\"66\">despidos<\/span> y <span data-scayt_word=\"una\" data-scaytid=\"67\">una<\/span> brutal <span data-scayt_word=\"rebaja\" data-scaytid=\"68\">rebaja<\/span> <span data-scayt_word=\"salarial\" data-scaytid=\"69\">salarial<\/span> <span data-scayt_word=\"para\" data-scaytid=\"61\">para<\/span> <span data-scayt_word=\"dejar\" data-scaytid=\"70\">dejar<\/span> la <span data-scayt_word=\"empresa\" data-scaytid=\"71\">empresa<\/span> a <span data-scayt_word=\"punto\" data-scaytid=\"72\">punto<\/span> <span data-scayt_word=\"para\" data-scaytid=\"62\">para<\/span> la <span data-scayt_word=\"venta\" data-scaytid=\"73\">venta<\/span> a Bimbo.<\/p>\n<p><strong><span data-scayt_word=\"PANRICO\" data-scaytid=\"74\">PANRICO<\/span> PONE <span data-scayt_word=\"PRECIO\" data-scaytid=\"75\">PRECIO<\/span> AL <span data-scayt_word=\"COMPROMISO\" data-scaytid=\"76\">COMPROMISO<\/span> DE <span data-scayt_word=\"CCOO\" data-scaytid=\"39\">CCOO<\/span> Y <span data-scayt_word=\"UGT\" data-scaytid=\"59\">UGT<\/span><\/strong><\/p>\n<p>El 5 de <span data-scayt_word=\"abril\" data-scaytid=\"166\">abril<\/span> de 2011 la <span data-scayt_word=\"direcci\u00f3n\" data-scaytid=\"77\">direcci\u00f3n<\/span> de <span data-scayt_word=\"Panrico\" data-scaytid=\"78\">Panrico<\/span> <span data-scayt_word=\"suscribe\" data-scaytid=\"169\">suscribe<\/span> un <span data-scayt_word=\"acuerdo\" data-scaytid=\"170\">acuerdo<\/span> con la <span data-scayt_word=\"Federaci\u00f3n\" data-scaytid=\"171\">Federaci\u00f3n<\/span> <span data-scayt_word=\"Agroalimentaria\" data-scaytid=\"172\">Agroalimentaria<\/span> de <span data-scayt_word=\"CCOO\" data-scaytid=\"43\">CCOO<\/span> (<span data-scayt_word=\"FEAGRA-CCOO\" data-scaytid=\"176\">FEAGRA-CCOO<\/span>), <span data-scayt_word=\"UGT\" data-scaytid=\"82\">UGT<\/span> no <span data-scayt_word=\"quiere\" data-scaytid=\"178\">quiere<\/span> <span data-scayt_word=\"firmar\" data-scaytid=\"179\">firmar<\/span> <span data-scayt_word=\"otro\" data-scaytid=\"180\">otro<\/span> similar. El <span data-scayt_word=\"texto\" data-scaytid=\"83\">texto<\/span> <span data-scayt_word=\"analiza\" data-scaytid=\"182\">analiza<\/span> la <span data-scayt_word=\"\u201csituaci\u00f3n\" data-scaytid=\"183\">\u201csituaci\u00f3n<\/span> <span data-scayt_word=\"dif\u00edcil\u201d\" data-scaytid=\"184\">dif\u00edcil\u201d<\/span> de la <span data-scayt_word=\"empresa\" data-scaytid=\"84\">empresa<\/span> y \u201cel <span data-scayt_word=\"importante\" data-scaytid=\"186\">importante<\/span> <span data-scayt_word=\"papel\" data-scaytid=\"187\">papel<\/span> a <span data-scayt_word=\"desempe\u00f1ar\" data-scaytid=\"188\">desempe\u00f1ar<\/span> <span data-scayt_word=\"por\" data-scaytid=\"46\">por<\/span> los <span data-scayt_word=\"trabajadores\" data-scaytid=\"86\">trabajadores<\/span> <span data-scayt_word=\"para\" data-scaytid=\"87\">para<\/span> <span data-scayt_word=\"afrontar\" data-scaytid=\"193\">afrontar<\/span> los <span data-scayt_word=\"retos\" data-scaytid=\"194\">retos<\/span> a los <span data-scayt_word=\"que\" data-scaytid=\"195\">que<\/span> ha de <span data-scayt_word=\"enfrentarse\" data-scaytid=\"196\">enfrentarse<\/span> en los <span data-scayt_word=\"pr\u00f3ximos\" data-scaytid=\"197\">pr\u00f3ximos<\/span> <span data-scayt_word=\"a\u00f1os\u201d\" data-scaytid=\"198\">a\u00f1os\u201d<\/span> (<span data-scayt_word=\"\u00a1vaya\" data-scaytid=\"199\">\u00a1vaya<\/span> <span data-scayt_word=\"eufemismo\" data-scaytid=\"200\">eufemismo<\/span>!), y <span data-scayt_word=\"para\" data-scaytid=\"88\">para<\/span> <span data-scayt_word=\"\u201ccontribuir\" data-scaytid=\"201\">\u201ccontribuir<\/span> a la <span data-scayt_word=\"mejora\" data-scaytid=\"202\">mejora<\/span> del <span data-scayt_word=\"clima\" data-scaytid=\"203\">clima<\/span> <span data-scayt_word=\"laboral\u201d\" data-scaytid=\"204\">laboral\u201d<\/span> <span data-scayt_word=\"es\" data-scaytid=\"205\">es<\/span> <span data-scayt_word=\"\u201cnecesario\" data-scaytid=\"207\">\u201cnecesario<\/span> <span data-scayt_word=\"dotar\" data-scaytid=\"208\">dotar<\/span> de <span data-scayt_word=\"medios\" data-scaytid=\"209\">medios<\/span> <span data-scayt_word=\"suficientes\" data-scaytid=\"210\">suficientes<\/span> a la <span data-scayt_word=\"leg\u00edtima\" data-scaytid=\"211\">leg\u00edtima<\/span> <span data-scayt_word=\"representaci\u00f3n\" data-scaytid=\"212\">representaci\u00f3n<\/span> de los <span data-scayt_word=\"trabajadores\u201d\" data-scaytid=\"213\">trabajadores\u201d<\/span>. El <span data-scayt_word=\"objetivo\" data-scaytid=\"214\">objetivo<\/span> de <span data-scayt_word=\"esos\" data-scaytid=\"215\">esos<\/span> <span data-scayt_word=\"recursos\" data-scaytid=\"216\">recursos<\/span> a <span data-scayt_word=\"CCOO\" data-scaytid=\"44\">CCOO<\/span> <span data-scayt_word=\"es\" data-scaytid=\"206\">es<\/span> la <span data-scayt_word=\"\u201cb\u00fasqueda\" data-scaytid=\"217\">\u201cb\u00fasqueda<\/span> <span data-scayt_word=\"constante\" data-scaytid=\"218\">constante<\/span> de <span data-scayt_word=\"soluciones\" data-scaytid=\"219\">soluciones<\/span> <span data-scayt_word=\"negociadas\" data-scaytid=\"220\">negociadas<\/span> a <span data-scayt_word=\"cuantas\" data-scaytid=\"221\">cuantas<\/span> <span data-scayt_word=\"controversias\" data-scaytid=\"222\">controversias<\/span> <span data-scayt_word=\"pueden\" data-scaytid=\"223\">pueden<\/span> <span data-scayt_word=\"surgir\" data-scaytid=\"224\">surgir<\/span> en el <span data-scayt_word=\"devenir\" data-scaytid=\"225\">devenir<\/span> de <span data-scayt_word=\"las\" data-scaytid=\"89\">las<\/span> <span data-scayt_word=\"relaciones\" data-scaytid=\"227\">relaciones<\/span> <span data-scayt_word=\"laborales\u201d\" data-scaytid=\"228\">laborales\u201d<\/span>. <span data-scayt_word=\"Estos\" data-scaytid=\"229\">Estos<\/span> <span data-scayt_word=\"\u201cmedios\" data-scaytid=\"230\">\u201cmedios<\/span> <span data-scayt_word=\"suficientes\u201d\" data-scaytid=\"231\">suficientes\u201d<\/span> <span data-scayt_word=\"tienen\" data-scaytid=\"232\">tienen<\/span> \u201cla <span data-scayt_word=\"finalidad\" data-scaytid=\"233\">finalidad<\/span> de <span data-scayt_word=\"garantizar\" data-scaytid=\"234\">garantizar<\/span> el <span data-scayt_word=\"desarrollo\" data-scaytid=\"235\">desarrollo<\/span> de <span data-scayt_word=\"manera\" data-scaytid=\"236\">manera<\/span> <span data-scayt_word=\"efectiva\" data-scaytid=\"237\">efectiva<\/span> de la labor (\u2026) de <span data-scayt_word=\"CCOO\" data-scaytid=\"45\">CCOO<\/span> <span data-scayt_word=\"dirigida\" data-scaytid=\"238\">dirigida<\/span> a la <span data-scayt_word=\"consecuci\u00f3n\" data-scaytid=\"239\">consecuci\u00f3n<\/span> de los <span data-scayt_word=\"objetivos\" data-scaytid=\"240\">objetivos<\/span> <span data-scayt_word=\"rese\u00f1ados\" data-scaytid=\"241\">rese\u00f1ados<\/span> en el <span data-scayt_word=\"presente\" data-scaytid=\"242\">presente<\/span> <span data-scayt_word=\"acuerdo\u201d\" data-scaytid=\"243\">acuerdo\u201d<\/span>, son:<\/p>\n<p>1.- dos <span data-scayt_word=\"\u201cliberados\" data-scaytid=\"244\">\u201cliberados<\/span> <span data-scayt_word=\"institucionales\u201d\" data-scaytid=\"245\">institucionales\u201d<\/span> a <span data-scayt_word=\"tiempo\" data-scaytid=\"246\">tiempo<\/span> <span data-scayt_word=\"completo\" data-scaytid=\"247\">completo<\/span>, con <span data-scayt_word=\"todos\" data-scaytid=\"248\">todos<\/span> los <span data-scayt_word=\"derechos\" data-scaytid=\"249\">derechos<\/span> y <span data-scayt_word=\"garant\u00edas\" data-scaytid=\"250\">garant\u00edas<\/span>.<\/p>\n<p>2.- <span data-scayt_word=\"\u201cPANRICO\" data-scaytid=\"251\">\u201cPANRICO<\/span> <span data-scayt_word=\"aportar\u00e1\" data-scaytid=\"252\">aportar\u00e1<\/span> a <span data-scayt_word=\"dicha\" data-scaytid=\"253\">dicha<\/span> <span data-scayt_word=\"Federaci\u00f3n\" data-scaytid=\"254\">Federaci\u00f3n<\/span> la <span data-scayt_word=\"cuant\u00eda\" data-scaytid=\"255\">cuant\u00eda<\/span> de 30.000 \u20ac al <span data-scayt_word=\"a\u00f1o\u201d\" data-scaytid=\"256\">a\u00f1o\u201d<\/span>, y <span data-scayt_word=\"esa\" data-scaytid=\"257\">esa<\/span> <span data-scayt_word=\"cantidad\" data-scaytid=\"258\">cantidad<\/span> se <span data-scayt_word=\"actualiza\" data-scaytid=\"259\">actualiza<\/span> con el <span data-scayt_word=\"IPC\" data-scaytid=\"260\">IPC<\/span>.<\/p>\n<p>3.- \u201cde los <span data-scayt_word=\"gastos\" data-scaytid=\"261\">gastos<\/span> <span data-scayt_word=\"derivados\" data-scaytid=\"262\">derivados<\/span> de <span data-scayt_word=\"las\" data-scaytid=\"133\">las<\/span> <span data-scayt_word=\"reuniones\" data-scaytid=\"264\">reuniones<\/span> <span data-scayt_word=\"entre\" data-scaytid=\"265\">entre<\/span> <span data-scayt_word=\"CCOO\" data-scaytid=\"134\">CCOO<\/span> y la <span data-scayt_word=\"empresa\" data-scaytid=\"135\">empresa<\/span> se <span data-scayt_word=\"hace\" data-scaytid=\"268\">hace<\/span> cargo <span data-scayt_word=\"PANRICO\u201d\" data-scaytid=\"269\">PANRICO\u201d<\/span>.<\/p>\n<p>O sea, cuando la empresa tiene dificultades econ\u00f3micas decide gastar una importante cantidad adicional en financiar a los dos sindicatos mayoritarios. Pero esa cantidad tiene por objetivo comprar la paz social. Con lo que retrocedan los trabajadores, se recuperar\u00e1 la inversi\u00f3n con creces\u2026 \u00a1una buena inversi\u00f3n empresarial!<\/p>\n<p>Y por si no estuviese claro el objetivo de la empresa con el acuerdo, el 6 de junio de 2013, la empresa deja de pagar el dinero acordado a CCOO y le escribe: \u201cel citado acuerdo defin\u00eda el marco de colaboraci\u00f3n entre PANRICO y la FEDERACION AGROALIMENTARIA DE CCOO para que \u00e9sta desarrollase adecuadamente su actividad sindical, sobre la base del di\u00e1logo, la negociaci\u00f3n y la paz social entre las partes.\u201d y considera que CCOO est\u00e1 incumpliendo su parte cuando, por ejemplo, impugna la aplicaci\u00f3n del Convenio Colectivo de Catalunya. Panrico propone a CCOO darle 10.000 euros para liquidar definitivamente el acuerdo y \u201crenegociar\u201d uno nuevo. Pero CCOO no acepta y exige sus 30.000.<\/p>\n<p>La empresa dice claramente ante el juez que el acuerdo firmado con CCOO \u201cfue un acuerdo mercantil\u201d, que se trata de un \u201ccontracto de servicios\u201d y que una parte vulner\u00f3 su contenido. UGT, que s\u00ed firm\u00f3 todos los acuerdos recibe \u00edntegros el dinero y liberados hasta el d\u00eda de hoy. La sentencia reconoce que \u201cla empresa extingui\u00f3 unilateralmente el contrato como penalizaci\u00f3n por la negativa del sindicato demandante a alcanzar acuerdos con la empresa.\u201d. Pero da la raz\u00f3n a CCOO que dice que no fue un acuerdo mercantil sino una \u201cmejora de derechos sindicales\u201d y que \u201cuna cosa es dialogar y otra alcanzar acuerdos, puesto que si lo hubiera hecho, se habr\u00eda convertido en un sindicato reh\u00e9n de la empresa a cambio de un precio\u201d.<\/p>\n<p><strong>CCOO INTENTA IMPONER PAZ SOCIAL HASTA EL \u00daLTIMO INSTANTE<\/strong><\/p>\n<p>Pero as\u00ed como dialogar no implica acordar, tampoco querer imponer la paz social supone conseguirlo. CCOO intent\u00f3 por todos los medios imponer la paz social, pero no consigui\u00f3 doblegar la resistencia de los trabajadores\/as. La secuencia no deja lugar a dudas: El 10 de octubre se firma un acuerdo (2) en presencia del propio Gila, UGT y CCOO (incluido el presidente del comit\u00e9 de empresa de Santa Perp\u00e8tua). En el punto 5 dice: \u201clas partes se comprometen a negociar en un marco de buena fe, procurando el mantenimiento de la paz social\u201d; en el 6: \u201cEl presente acuerdo supone la no convocatoria de la huelga objeto del presente conflicto\u201d; en el 7: \u201cLa parte social se compromete a que no se desarrolle ninguna jornada de huelga que se inicie el 13 de octubre, para lo que har\u00e1n las gestiones que en su caso corresponda.\u201d y el punto 8: \u201cEn el supuesto que en alg\u00fan centro de trabajo llegase a desarrollar alguna jornada de huelga que se inicie el 13 de octubre, el presente acuerdo quedar\u00e1 sin efecto\u201d. \u00a1Faltaban tan solo tres d\u00edas para el inicio de la huelga! Efectivamente la siguiente reuni\u00f3n ya se hace sin los representantes de CCOO, porque la direcci\u00f3n de CCOO en Santa. Perp\u00e8tua -a pesar de que lo intenta- no consigue imponer la desconvocatoria de la huelga.<\/p>\n<p>Pero esa actitud contin\u00faa a lo largo de todo el conflicto: aislamiento de la huelga de Panrico del resto de movilizaciones (Alston\u2026); negar el apoyo material a la caja de resistencia; negativa a pagar el autocar para viajar a Madrid en juicios por el ERE, a pesar que la gran mayor\u00eda eran afiliados\/as; firma de tres delegados de CCOO del ERE\u2019s que castigaba especialmente a la planta de Santa Perp\u00e8tua en huelga, uno de ellos es el tal Argimiro (3), delegado LOLS estatal de CCOO; maniobra para aplazar el juicio del 20 de marzo; denuncia p\u00fablica brutal de la CONC contra los trabajadores\/as del 24 de marzo; y por si fuera poco la denuncia expl\u00edcita del jefe de los abogados del Interfederal de CCOO, Enrique Lillo, el 24 de setiembre de 2014 (4), publicando las cartas en las que demuestra las presiones y amenazas que ha sufrido desde FEAGRA-CCOO para que dejara en indefensi\u00f3n a los trabajadores\/as en plena huelga indefinida. No hay ninguna duda: la direcci\u00f3n de CCOO ha defendido con u\u00f1as y dientes su parte del trato con Panrico, traicionando la lucha de los y las trabajadoras\u2026<\/p>\n<p>\u00bfCu\u00e1ndo se desprende Panrico de Argimiro? Dice la sentencia: \u201cLa empresa consinti\u00f3 que el se\u00f1or Argimiro estuviera relevado hasta la conclusi\u00f3n del despido colectivo.\u201d La empresa le quita la representatividad y le obliga a volver al trabajo, \u201cinmediatamente despu\u00e9s de la negativa de CCOO a firmar el acuerdo de 19-05-2015\u201d, no mientras va firmando los ERE\u2019s: Roma no paga traidores.<\/p>\n<p><strong>CU\u00c1NTO VAL\u00cdA LA TRAICI\u00d3N A LA HUELGA INDEFINIDA DE SANTA PERP\u00c8TUA: \u00bf30.000 EUROS O M\u00c1S?<\/strong><\/p>\n<p>En una de esas cartas que public\u00f3 el abogado de CCOO Enrique Lillo, fechada en 7 de julio de 2014 y dirigida al Secretario General de FEAGRA le dice:<\/p>\n<p><strong>\u201c\u2026 se dice que la empresa ha efectuado alguna donaci\u00f3n o aportaci\u00f3n a la Federaci\u00f3n, aunque \u00e9sta no est\u00e1 vinculada al desistimiento del pleito.<br \/>\nNo obstante, si ello fuera cierto, estas donaciones podr\u00edan interpretarse como donaciones remuneratorias, lo cual implicar\u00eda que el asunto podr\u00eda tener una dimensi\u00f3n penal, cuya trascendencia no debo esconderte\u201d.<\/strong><\/p>\n<p>Ser\u00eda extra\u00f1o que el abogado de CCOO no supiera del acuerdo Panrico FEAGRA-CCOO de fecha 5 de abril de 2011, sobre todo cuando es el abogado para la reclamaci\u00f3n de ese dinero en el reciente juicio. \u00bfA qu\u00e9 cantidades se refiere Lillo en plena huelga indefinida de Santa Perp\u00e8tua?<\/p>\n<p>Los afiliados de Panrico de CCOO, ante el esc\u00e1ndalo que suponen los contenidos publicados por Lillo se dirigieron a CCOO para pedir explicaciones, pero lo que encontraron fueron desprecio y amenazas, sin que se hayan tomado medidas ni sobre las presiones contra el abogado ni sobre la posible financiaci\u00f3n que pod\u00eda ser motivo de denuncia penal.<\/p>\n<p>\u00bfDa\u00f1os morales a CCOO o a los trabajadores?<\/p>\n<p>La sentencia condena a Panrico a pagar a CCOO los 3 a\u00f1os a raz\u00f3n de 30.000 + IPC. Pero tambi\u00e9n le reconoce 6000 euros por da\u00f1os morales. Al sr Argimiro le asigna 4322\u201934 euros por el \u201cda\u00f1o patrimonial importante\u201d que supone retirarle su liberaci\u00f3n \u201coblig\u00e1ndole a trabajar en vez de representar a sus compa\u00f1eros\u201d \u00a1a raz\u00f3n de 58\u201941 euros por d\u00eda a lo largo de 74 d\u00edas h\u00e1biles! Y tambi\u00e9n una indemnizaci\u00f3n por da\u00f1os morales de 1000 euros.<\/p>\n<p>Leer esta resoluci\u00f3n y lo ocurrido a lo largo de estos a\u00f1os en los que se imponen dos terribles ERE\u2019s a los trabajadores (cientos de despidos y recortes brutales de salario) provoca rabia y un da\u00f1o moral terrible. Es inmoral lo ocurrido y parece incre\u00edble que CCOO tenga la cara dura de reclamar el dinero con el que la patronal exig\u00eda que impusiera el silencio de los trabajadores\/as. La empresa se prepar\u00f3 para los ERE\u2019s atando en corto a CCOO y UGT con la compra de la paz social. Los trabajadores\/as tuvieron que salir a luchar por sus puestos de trabajo contra la empresa, la Generalitat, las direcciones de CCOO y UGT. Por ello es m\u00e1s asombrosa todav\u00eda la capacidad de estos poco m\u00e1s de 200 trabajadores\/as que resistieron ocho meses de huelga contra tan poderosos enemigos coaligados. Esa lucha, que al final tuvo que dejar la huelga pero no cedi\u00f3 en la firma que tanto buscaban y necesitaban ellos, es lo que explica las dificultades que tienen para cerrar el conflicto, porque pisotearon tantos derechos de los trabajadores\/as que necesitaban que alguien pasara p\u00e1gina para olvidar lo ocurrido. Pero no lo han conseguido y la lucha sigue para recuperar puestos de trabajo y condiciones laborales perdidas.<\/p>\n<p><strong>*Escrito por:<\/strong><\/p>\n<p><strong>Agust\u00edn Cintas Due\u00f1as<\/strong>, trabajador de Panrico.<\/p>\n<p><strong>M\u00aa Carmen Torres Tejada<\/strong>, trabajadora de Panrico.<\/p>\n<p><strong>Jacinto Garc\u00eda Vega<\/strong>, trabajador de Panrico.<\/p>\n<p><strong>Carlos Rodr\u00edguez P\u00e9rez<\/strong>, Lucha Internacionalista.<\/p>\n<p><strong>Josep Llu\u00eds del Alc\u00e1zar Fabregat<\/strong>, Lucha Internacionalista.<\/p>\n<p><strong>Notas:<\/strong><\/p>\n<p>1) Resoluci\u00f3n de la Sentencia: ESTIMATORIA PARCIAL<\/p>\n<p>2) Citado en la sentencia del TSJC<\/p>\n<p>3) Argimiro: es uno de los \u201cliberados institucionales\u201d, se trata de Jos\u00e9 Oliva de Puente Genil, el otro liberado institucional de CCOO demandante es Pedro Izquierdo de Sta. Perp\u00e8tua, aunque deja las indemnizaciones para cuando se vea su despido.<\/p>\n<p>4) Reproducimos cartas de Enrique Lillo colgadas en el bloc de L\u00f3pez Bulla<\/p>\n<p><img decoding=\"async\" class=\"size-full wp-image-8354 aligncenter\" style=\"width: 700px; height: 325px;\" src=\"https:\/\/www.revistarambla.com\/wp-content\/uploads\/2015\/11\/panrico-03.jpg\" alt=\"alt\" width=\"700\" height=\"325\" srcset=\"https:\/\/www.revistarambla.com\/wp-content\/uploads\/2015\/11\/panrico-03.jpg 700w, https:\/\/www.revistarambla.com\/wp-content\/uploads\/2015\/11\/panrico-03-300x139.jpg 300w, https:\/\/www.revistarambla.com\/wp-content\/uploads\/2015\/11\/panrico-03-500x232.jpg 500w\" sizes=\"(max-width: 700px) 100vw, 700px\" \/><\/p>","protected":false},"excerpt":{"rendered":"<p>El 16 de octubre de 2015 la Audiencia Nacional sentenciaba (1) a Panrico-SAU a indemnizar a CCOO por haberle cortado la financiaci\u00f3n acordada en el 2011 de 30.000 euros por a\u00f1o, dos liberaciones completas m\u00e1s extras.<\/p>","protected":false},"author":3,"featured_media":0,"comment_status":"open","ping_status":"open","sticky":false,"template":"","format":"standard","meta":{"footnotes":""},"categories":[3,59],"tags":[],"class_list":["post-8355","post","type-post","status-publish","format-standard","hentry","category-actualidad","category-catalunya"],"yoast_head":"<!-- This site is optimized with the Yoast SEO plugin v27.5 - https:\/\/yoast.com\/product\/yoast-seo-wordpress\/ -->\n<title>Panrico pag\u00f3 a UGT y CCOO para imponer la paz social ante los ERE\u2019s - Revista Rambla<\/title>\n<meta name=\"robots\" content=\"index, follow, max-snippet:-1, max-image-preview:large, max-video-preview:-1\" \/>\n<link rel=\"canonical\" href=\"https:\/\/www.revistarambla.com\/en\/panrico-pago-a-ugt-y-ccoo-para-imponer-la-paz-social-ante\/\" \/>\n<meta property=\"og:locale\" content=\"en_GB\" \/>\n<meta property=\"og:type\" content=\"article\" \/>\n<meta property=\"og:title\" content=\"Panrico pag\u00f3 a UGT y CCOO para imponer la paz social ante los ERE\u2019s - Revista Rambla\" \/>\n<meta property=\"og:description\" content=\"El 16 de octubre de 2015 la Audiencia Nacional sentenciaba (1) a Panrico-SAU a indemnizar a CCOO por haberle cortado la financiaci\u00f3n acordada en el 2011 de 30.000 euros por a\u00f1o, dos liberaciones completas m\u00e1s extras.\" \/>\n<meta property=\"og:url\" content=\"https:\/\/www.revistarambla.com\/en\/panrico-pago-a-ugt-y-ccoo-para-imponer-la-paz-social-ante\/\" \/>\n<meta property=\"og:site_name\" content=\"Revista Rambla\" \/>\n<meta property=\"article:publisher\" content=\"https:\/\/www.facebook.com\/revistarambla\/\" \/>\n<meta property=\"article:author\" content=\"https:\/\/www.facebook.com\/revistarambla\" \/>\n<meta property=\"article:published_time\" content=\"2015-11-24T05:42:17+00:00\" \/>\n<meta property=\"article:modified_time\" content=\"2021-04-12T15:19:38+00:00\" \/>\n<meta property=\"og:image\" content=\"https:\/\/i2.wp.com\/www.revistarambla.com\/wp-content\/uploads\/2015\/11\/panrico-01.jpg?fit=682%2C430&ssl=1\" \/>\n\t<meta property=\"og:image:width\" content=\"682\" \/>\n\t<meta property=\"og:image:height\" content=\"430\" \/>\n\t<meta property=\"og:image:type\" content=\"image\/jpeg\" \/>\n<meta name=\"author\" content=\"R@mbla\" \/>\n<meta name=\"twitter:card\" content=\"summary_large_image\" \/>\n<meta name=\"twitter:creator\" content=\"@revistarambla\" \/>\n<meta name=\"twitter:site\" content=\"@revistarambla\" \/>\n<meta name=\"twitter:label1\" content=\"Written by\" \/>\n\t<meta name=\"twitter:data1\" content=\"R@mbla\" \/>\n\t<meta name=\"twitter:label2\" content=\"Estimated reading time\" \/>\n\t<meta name=\"twitter:data2\" content=\"8 minutes\" \/>\n<script type=\"application\/ld+json\" class=\"yoast-schema-graph\">{\"@context\":\"https:\\\/\\\/schema.org\",\"@graph\":[{\"@type\":\"Article\",\"@id\":\"https:\\\/\\\/www.revistarambla.com\\\/panrico-pago-a-ugt-y-ccoo-para-imponer-la-paz-social-ante\\\/#article\",\"isPartOf\":{\"@id\":\"https:\\\/\\\/www.revistarambla.com\\\/panrico-pago-a-ugt-y-ccoo-para-imponer-la-paz-social-ante\\\/\"},\"author\":{\"name\":\"R@mbla\",\"@id\":\"https:\\\/\\\/www.revistarambla.com\\\/#\\\/schema\\\/person\\\/a146a5a2550b94981a75131180e1bd9c\"},\"headline\":\"Panrico pag\u00f3 a UGT y CCOO para imponer la paz social ante los ERE\u2019s\",\"datePublished\":\"2015-11-24T05:42:17+00:00\",\"dateModified\":\"2021-04-12T15:19:38+00:00\",\"mainEntityOfPage\":{\"@id\":\"https:\\\/\\\/www.revistarambla.com\\\/panrico-pago-a-ugt-y-ccoo-para-imponer-la-paz-social-ante\\\/\"},\"wordCount\":1701,\"commentCount\":0,\"publisher\":{\"@id\":\"https:\\\/\\\/www.revistarambla.com\\\/#organization\"},\"image\":{\"@id\":\"https:\\\/\\\/www.revistarambla.com\\\/panrico-pago-a-ugt-y-ccoo-para-imponer-la-paz-social-ante\\\/#primaryimage\"},\"thumbnailUrl\":\"https:\\\/\\\/www.revistarambla.com\\\/wp-content\\\/uploads\\\/2015\\\/11\\\/panrico-02.jpg\",\"articleSection\":[\"Actualidad\",\"Catalunya\"],\"inLanguage\":\"en-GB\",\"potentialAction\":[{\"@type\":\"CommentAction\",\"name\":\"Comment\",\"target\":[\"https:\\\/\\\/www.revistarambla.com\\\/panrico-pago-a-ugt-y-ccoo-para-imponer-la-paz-social-ante\\\/#respond\"]}]},{\"@type\":\"WebPage\",\"@id\":\"https:\\\/\\\/www.revistarambla.com\\\/panrico-pago-a-ugt-y-ccoo-para-imponer-la-paz-social-ante\\\/\",\"url\":\"https:\\\/\\\/www.revistarambla.com\\\/panrico-pago-a-ugt-y-ccoo-para-imponer-la-paz-social-ante\\\/\",\"name\":\"Panrico pag\u00f3 a UGT y CCOO para imponer la paz social ante los ERE\u2019s - Revista Rambla\",\"isPartOf\":{\"@id\":\"https:\\\/\\\/www.revistarambla.com\\\/#website\"},\"primaryImageOfPage\":{\"@id\":\"https:\\\/\\\/www.revistarambla.com\\\/panrico-pago-a-ugt-y-ccoo-para-imponer-la-paz-social-ante\\\/#primaryimage\"},\"image\":{\"@id\":\"https:\\\/\\\/www.revistarambla.com\\\/panrico-pago-a-ugt-y-ccoo-para-imponer-la-paz-social-ante\\\/#primaryimage\"},\"thumbnailUrl\":\"https:\\\/\\\/www.revistarambla.com\\\/wp-content\\\/uploads\\\/2015\\\/11\\\/panrico-02.jpg\",\"datePublished\":\"2015-11-24T05:42:17+00:00\",\"dateModified\":\"2021-04-12T15:19:38+00:00\",\"breadcrumb\":{\"@id\":\"https:\\\/\\\/www.revistarambla.com\\\/panrico-pago-a-ugt-y-ccoo-para-imponer-la-paz-social-ante\\\/#breadcrumb\"},\"inLanguage\":\"en-GB\",\"potentialAction\":[{\"@type\":\"ReadAction\",\"target\":[\"https:\\\/\\\/www.revistarambla.com\\\/panrico-pago-a-ugt-y-ccoo-para-imponer-la-paz-social-ante\\\/\"]}]},{\"@type\":\"ImageObject\",\"inLanguage\":\"en-GB\",\"@id\":\"https:\\\/\\\/www.revistarambla.com\\\/panrico-pago-a-ugt-y-ccoo-para-imponer-la-paz-social-ante\\\/#primaryimage\",\"url\":\"https:\\\/\\\/www.revistarambla.com\\\/wp-content\\\/uploads\\\/2015\\\/11\\\/panrico-02.jpg\",\"contentUrl\":\"https:\\\/\\\/www.revistarambla.com\\\/wp-content\\\/uploads\\\/2015\\\/11\\\/panrico-02.jpg\"},{\"@type\":\"BreadcrumbList\",\"@id\":\"https:\\\/\\\/www.revistarambla.com\\\/panrico-pago-a-ugt-y-ccoo-para-imponer-la-paz-social-ante\\\/#breadcrumb\",\"itemListElement\":[{\"@type\":\"ListItem\",\"position\":1,\"name\":\"Portada\",\"item\":\"https:\\\/\\\/www.revistarambla.com\\\/\"},{\"@type\":\"ListItem\",\"position\":2,\"name\":\"Panrico pag\u00f3 a UGT y CCOO para imponer la paz social ante los ERE\u2019s\"}]},{\"@type\":\"WebSite\",\"@id\":\"https:\\\/\\\/www.revistarambla.com\\\/#website\",\"url\":\"https:\\\/\\\/www.revistarambla.com\\\/\",\"name\":\"Revista Rambla Barcelona\",\"description\":\"Periodismo independiente\",\"publisher\":{\"@id\":\"https:\\\/\\\/www.revistarambla.com\\\/#organization\"},\"potentialAction\":[{\"@type\":\"SearchAction\",\"target\":{\"@type\":\"EntryPoint\",\"urlTemplate\":\"https:\\\/\\\/www.revistarambla.com\\\/?s={search_term_string}\"},\"query-input\":{\"@type\":\"PropertyValueSpecification\",\"valueRequired\":true,\"valueName\":\"search_term_string\"}}],\"inLanguage\":\"en-GB\"},{\"@type\":\"Organization\",\"@id\":\"https:\\\/\\\/www.revistarambla.com\\\/#organization\",\"name\":\"Revista Rambla\",\"url\":\"https:\\\/\\\/www.revistarambla.com\\\/\",\"logo\":{\"@type\":\"ImageObject\",\"inLanguage\":\"en-GB\",\"@id\":\"https:\\\/\\\/www.revistarambla.com\\\/#\\\/schema\\\/logo\\\/image\\\/\",\"url\":\"https:\\\/\\\/www.revistarambla.com\\\/wp-content\\\/uploads\\\/2020\\\/09\\\/banner_rambla_1900x600_BB.png\",\"contentUrl\":\"https:\\\/\\\/www.revistarambla.com\\\/wp-content\\\/uploads\\\/2020\\\/09\\\/banner_rambla_1900x600_BB.png\",\"width\":1900,\"height\":600,\"caption\":\"Revista Rambla\"},\"image\":{\"@id\":\"https:\\\/\\\/www.revistarambla.com\\\/#\\\/schema\\\/logo\\\/image\\\/\"},\"sameAs\":[\"https:\\\/\\\/www.facebook.com\\\/revistarambla\\\/\",\"https:\\\/\\\/x.com\\\/revistarambla\",\"https:\\\/\\\/www.instagram.com\\\/revista_rambla\",\"https:\\\/\\\/es.linkedin.com\\\/company\\\/revista-rambla\"]},{\"@type\":\"Person\",\"@id\":\"https:\\\/\\\/www.revistarambla.com\\\/#\\\/schema\\\/person\\\/a146a5a2550b94981a75131180e1bd9c\",\"name\":\"R@mbla\",\"description\":\"Este art\u00edculo ha sido redactado y\\\/o validado por el equipo de redacci\u00f3n de Revista Rambla.\",\"sameAs\":[\"https:\\\/\\\/www.revistarambla.com\\\/\",\"https:\\\/\\\/www.facebook.com\\\/revistarambla\",\"https:\\\/\\\/x.com\\\/revistarambla\"]}]}<\/script>\n<!-- \/ Yoast SEO plugin. -->","yoast_head_json":{"title":"Panrico pag\u00f3 a UGT y CCOO para imponer la paz social ante los ERE\u2019s - Revista Rambla","robots":{"index":"index","follow":"follow","max-snippet":"max-snippet:-1","max-image-preview":"max-image-preview:large","max-video-preview":"max-video-preview:-1"},"canonical":"https:\/\/www.revistarambla.com\/en\/panrico-pago-a-ugt-y-ccoo-para-imponer-la-paz-social-ante\/","og_locale":"en_GB","og_type":"article","og_title":"Panrico pag\u00f3 a UGT y CCOO para imponer la paz social ante los ERE\u2019s - Revista Rambla","og_description":"El 16 de octubre de 2015 la Audiencia Nacional sentenciaba (1) a Panrico-SAU a indemnizar a CCOO por haberle cortado la financiaci\u00f3n acordada en el 2011 de 30.000 euros por a\u00f1o, dos liberaciones completas m\u00e1s extras.","og_url":"https:\/\/www.revistarambla.com\/en\/panrico-pago-a-ugt-y-ccoo-para-imponer-la-paz-social-ante\/","og_site_name":"Revista Rambla","article_publisher":"https:\/\/www.facebook.com\/revistarambla\/","article_author":"https:\/\/www.facebook.com\/revistarambla","article_published_time":"2015-11-24T05:42:17+00:00","article_modified_time":"2021-04-12T15:19:38+00:00","og_image":[{"width":682,"height":430,"url":"https:\/\/i2.wp.com\/www.revistarambla.com\/wp-content\/uploads\/2015\/11\/panrico-01.jpg?fit=682%2C430&ssl=1","type":"image\/jpeg"}],"author":"R@mbla","twitter_card":"summary_large_image","twitter_creator":"@revistarambla","twitter_site":"@revistarambla","twitter_misc":{"Written by":"R@mbla","Estimated reading time":"8 minutes"},"schema":{"@context":"https:\/\/schema.org","@graph":[{"@type":"Article","@id":"https:\/\/www.revistarambla.com\/panrico-pago-a-ugt-y-ccoo-para-imponer-la-paz-social-ante\/#article","isPartOf":{"@id":"https:\/\/www.revistarambla.com\/panrico-pago-a-ugt-y-ccoo-para-imponer-la-paz-social-ante\/"},"author":{"name":"R@mbla","@id":"https:\/\/www.revistarambla.com\/#\/schema\/person\/a146a5a2550b94981a75131180e1bd9c"},"headline":"Panrico pag\u00f3 a UGT y CCOO para imponer la paz social ante los ERE\u2019s","datePublished":"2015-11-24T05:42:17+00:00","dateModified":"2021-04-12T15:19:38+00:00","mainEntityOfPage":{"@id":"https:\/\/www.revistarambla.com\/panrico-pago-a-ugt-y-ccoo-para-imponer-la-paz-social-ante\/"},"wordCount":1701,"commentCount":0,"publisher":{"@id":"https:\/\/www.revistarambla.com\/#organization"},"image":{"@id":"https:\/\/www.revistarambla.com\/panrico-pago-a-ugt-y-ccoo-para-imponer-la-paz-social-ante\/#primaryimage"},"thumbnailUrl":"https:\/\/www.revistarambla.com\/wp-content\/uploads\/2015\/11\/panrico-02.jpg","articleSection":["Actualidad","Catalunya"],"inLanguage":"en-GB","potentialAction":[{"@type":"CommentAction","name":"Comment","target":["https:\/\/www.revistarambla.com\/panrico-pago-a-ugt-y-ccoo-para-imponer-la-paz-social-ante\/#respond"]}]},{"@type":"WebPage","@id":"https:\/\/www.revistarambla.com\/panrico-pago-a-ugt-y-ccoo-para-imponer-la-paz-social-ante\/","url":"https:\/\/www.revistarambla.com\/panrico-pago-a-ugt-y-ccoo-para-imponer-la-paz-social-ante\/","name":"Panrico pag\u00f3 a UGT y CCOO para imponer la paz social ante los ERE\u2019s - Revista Rambla","isPartOf":{"@id":"https:\/\/www.revistarambla.com\/#website"},"primaryImageOfPage":{"@id":"https:\/\/www.revistarambla.com\/panrico-pago-a-ugt-y-ccoo-para-imponer-la-paz-social-ante\/#primaryimage"},"image":{"@id":"https:\/\/www.revistarambla.com\/panrico-pago-a-ugt-y-ccoo-para-imponer-la-paz-social-ante\/#primaryimage"},"thumbnailUrl":"https:\/\/www.revistarambla.com\/wp-content\/uploads\/2015\/11\/panrico-02.jpg","datePublished":"2015-11-24T05:42:17+00:00","dateModified":"2021-04-12T15:19:38+00:00","breadcrumb":{"@id":"https:\/\/www.revistarambla.com\/panrico-pago-a-ugt-y-ccoo-para-imponer-la-paz-social-ante\/#breadcrumb"},"inLanguage":"en-GB","potentialAction":[{"@type":"ReadAction","target":["https:\/\/www.revistarambla.com\/panrico-pago-a-ugt-y-ccoo-para-imponer-la-paz-social-ante\/"]}]},{"@type":"ImageObject","inLanguage":"en-GB","@id":"https:\/\/www.revistarambla.com\/panrico-pago-a-ugt-y-ccoo-para-imponer-la-paz-social-ante\/#primaryimage","url":"https:\/\/www.revistarambla.com\/wp-content\/uploads\/2015\/11\/panrico-02.jpg","contentUrl":"https:\/\/www.revistarambla.com\/wp-content\/uploads\/2015\/11\/panrico-02.jpg"},{"@type":"BreadcrumbList","@id":"https:\/\/www.revistarambla.com\/panrico-pago-a-ugt-y-ccoo-para-imponer-la-paz-social-ante\/#breadcrumb","itemListElement":[{"@type":"ListItem","position":1,"name":"Portada","item":"https:\/\/www.revistarambla.com\/"},{"@type":"ListItem","position":2,"name":"Panrico pag\u00f3 a UGT y CCOO para imponer la paz social ante los ERE\u2019s"}]},{"@type":"WebSite","@id":"https:\/\/www.revistarambla.com\/#website","url":"https:\/\/www.revistarambla.com\/","name":"Revista Rambla Barcelona","description":"Periodismo independiente","publisher":{"@id":"https:\/\/www.revistarambla.com\/#organization"},"potentialAction":[{"@type":"SearchAction","target":{"@type":"EntryPoint","urlTemplate":"https:\/\/www.revistarambla.com\/?s={search_term_string}"},"query-input":{"@type":"PropertyValueSpecification","valueRequired":true,"valueName":"search_term_string"}}],"inLanguage":"en-GB"},{"@type":"Organization","@id":"https:\/\/www.revistarambla.com\/#organization","name":"Revista Rambla","url":"https:\/\/www.revistarambla.com\/","logo":{"@type":"ImageObject","inLanguage":"en-GB","@id":"https:\/\/www.revistarambla.com\/#\/schema\/logo\/image\/","url":"https:\/\/www.revistarambla.com\/wp-content\/uploads\/2020\/09\/banner_rambla_1900x600_BB.png","contentUrl":"https:\/\/www.revistarambla.com\/wp-content\/uploads\/2020\/09\/banner_rambla_1900x600_BB.png","width":1900,"height":600,"caption":"Revista Rambla"},"image":{"@id":"https:\/\/www.revistarambla.com\/#\/schema\/logo\/image\/"},"sameAs":["https:\/\/www.facebook.com\/revistarambla\/","https:\/\/x.com\/revistarambla","https:\/\/www.instagram.com\/revista_rambla","https:\/\/es.linkedin.com\/company\/revista-rambla"]},{"@type":"Person","@id":"https:\/\/www.revistarambla.com\/#\/schema\/person\/a146a5a2550b94981a75131180e1bd9c","name":"R@mbla","description":"Este art\u00edculo ha sido redactado y\/o validado por el equipo de redacci\u00f3n de Revista Rambla.","sameAs":["https:\/\/www.revistarambla.com\/","https:\/\/www.facebook.com\/revistarambla","https:\/\/x.com\/revistarambla"]}]}},"_links":{"self":[{"href":"https:\/\/www.revistarambla.com\/en\/wp-json\/wp\/v2\/posts\/8355","targetHints":{"allow":["GET"]}}],"collection":[{"href":"https:\/\/www.revistarambla.com\/en\/wp-json\/wp\/v2\/posts"}],"about":[{"href":"https:\/\/www.revistarambla.com\/en\/wp-json\/wp\/v2\/types\/post"}],"author":[{"embeddable":true,"href":"https:\/\/www.revistarambla.com\/en\/wp-json\/wp\/v2\/users\/3"}],"replies":[{"embeddable":true,"href":"https:\/\/www.revistarambla.com\/en\/wp-json\/wp\/v2\/comments?post=8355"}],"version-history":[{"count":0,"href":"https:\/\/www.revistarambla.com\/en\/wp-json\/wp\/v2\/posts\/8355\/revisions"}],"wp:attachment":[{"href":"https:\/\/www.revistarambla.com\/en\/wp-json\/wp\/v2\/media?parent=8355"}],"wp:term":[{"taxonomy":"category","embeddable":true,"href":"https:\/\/www.revistarambla.com\/en\/wp-json\/wp\/v2\/categories?post=8355"},{"taxonomy":"post_tag","embeddable":true,"href":"https:\/\/www.revistarambla.com\/en\/wp-json\/wp\/v2\/tags?post=8355"}],"curies":[{"name":"wp","href":"https:\/\/api.w.org\/{rel}","templated":true}]}}