{"id":831,"date":"2011-04-08T14:47:04","date_gmt":"2011-04-08T14:47:04","guid":{"rendered":"https:\/\/www.revistarambla.com\/realismes-a-proposito-de-gustave-courbet\/"},"modified":"2021-04-27T19:37:49","modified_gmt":"2021-04-27T17:37:49","slug":"realismes-a-proposito-de-gustave-courbet","status":"publish","type":"post","link":"https:\/\/www.revistarambla.com\/en\/realismes-a-proposito-de-gustave-courbet\/","title":{"rendered":"&#8216;Realisme(s)&#8217;: a prop\u00f3sito de Gustave Courbet"},"content":{"rendered":"<p><img decoding=\"async\" class=\"alignright wp-image-19635 size-medium\" src=\"https:\/\/www.revistarambla.com\/wp-content\/uploads\/2011\/04\/732px-Gustave_Courbet_-_Le_De\u0301sespe\u0301re\u0301-300x245.jpg\" alt=\"Gustave Courbet\" width=\"300\" height=\"245\" srcset=\"https:\/\/www.revistarambla.com\/wp-content\/uploads\/2011\/04\/732px-Gustave_Courbet_-_Le_De\u0301sespe\u0301re\u0301-300x245.jpg 300w, https:\/\/www.revistarambla.com\/wp-content\/uploads\/2011\/04\/732px-Gustave_Courbet_-_Le_De\u0301sespe\u0301re\u0301-500x409.jpg 500w, https:\/\/www.revistarambla.com\/wp-content\/uploads\/2011\/04\/732px-Gustave_Courbet_-_Le_De\u0301sespe\u0301re\u0301-692x566.jpg 692w, https:\/\/www.revistarambla.com\/wp-content\/uploads\/2011\/04\/732px-Gustave_Courbet_-_Le_De\u0301sespe\u0301re\u0301-529x433.jpg 529w, https:\/\/www.revistarambla.com\/wp-content\/uploads\/2011\/04\/732px-Gustave_Courbet_-_Le_De\u0301sespe\u0301re\u0301-373x305.jpg 373w, https:\/\/www.revistarambla.com\/wp-content\/uploads\/2011\/04\/732px-Gustave_Courbet_-_Le_De\u0301sespe\u0301re\u0301.jpg 732w\" sizes=\"(max-width: 300px) 100vw, 300px\" \/>Del 8 de abril al 10 de julio podr\u00e1 visitarse en el Museu Nacional d&#8217;Art de Catalunya <strong>\u201cRealisme(s) L&#8217;empremta de Gustave Courbet\u201d<\/strong>, una exposici\u00f3n organizada por el MNAC en colaboraci\u00f3n con la Fundaci\u00f3 Abertis. En esta exposici\u00f3n -comisionada por Cristina Mendoza, Merc\u00e8 Do\u00f1ate, Francesc Qu\u00edlez, y Elena Llorens-, los visitantes disfrutar\u00e1n de alguna de las obras m\u00e1s representativas de <strong>Gustave Courbet<\/strong>, fundador del movimiento realista (siglo XIX), junto a las de otros pintores franceses, as\u00ed como las obras de los pintores catalanes influidos por dicha tendencia pict\u00f3rica, entre los que destaca <strong>Ramon Mart\u00ed Alsina<\/strong> como m\u00e1ximo representante del movimiento realista en Catalu\u00f1a.<\/p>\n<p>La exposici\u00f3n \u201cRealisme(s), L&#8217;empremta de Gustave Courbert\u201d se encuentra estructurada en cinco \u00e1mbitos distintos: \u201cMiralls\u201d (espejos), en los que prima el autoretrato; \u201cPres\u00e8ncies\u201d, \u00e1mbito en que el inter\u00e9s se centra en la representaci\u00f3n de personajes del entorno cercano de los pintores; \u201cArt Vivent\u201d, donde el denominador com\u00fan de las obras son las escenas cotidianas; \u201cTransgressions\u201d, donde el p\u00fablico quiz\u00e1 se sonroje ante el desnudo femenino, con importante carga er\u00f3tica; y, por \u00faltimo, el \u00e1mbito denominado \u201cRealismes\u201d, donde se trata de evidenciar que relegar el movimiento realista \u00fanicamente entre el per\u00edodo comprendido entre el romanticismo y el impresionismo es un vano\u00a0 intento clasificatorio, alejado del pulso de la verdadera expresi\u00f3n art\u00edstica. Con este objetivo, en \u201cRealismes\u201d se establece un di\u00e1logo entre las obras barrocas del siglo XVII (hablamos de Vel\u00e1zquez y Murillo, entre otros) que tanto influyeron en los realistas, junto con las obras de <a href=\"https:\/\/www.arteespana.com\/antonitapies.htm\">pintores contempor\u00e1neos como Antoni T\u00e0pies<\/a>, que renuevan el sentido del movimiento realista.<\/p>\n<p>Cabe decir que el gran esfuerzo realizado por la directora del museo, la se\u00f1ora Mar\u00eda Teresa Oca\u00f1a, para lograr las obras demandadas por los comisarios de la exposici\u00f3n, no alcanz\u00f3 para incluir, entre las obras que la configuran, \u201cEl origen del mundo\u201d de Gustave Courbert, una obra de belleza sublime y que bien merecer\u00eda ocupar un lugar destacado en esta exposici\u00f3n. No obstante, resulta altamente aconsejable acercarse al MNAC para disfrutar de \u201cRealisme(s), L&#8217;empremta de Courbert\u201d.<\/p>","protected":false},"excerpt":{"rendered":"<p>Del 8 de abril al 10 de julio podr\u00e1 visitarse en el Museu Nacional d&#8217;Art de Catalunya \u201cRealisme(s) L&#8217;empremta de Gustave Courbet\u201d, una exposici\u00f3n organizada por el MNAC en colaboraci\u00f3n con la Fundaci\u00f3 Abertis. En esta exposici\u00f3n -comisionada por Cristina Mendoza, Merc\u00e8 Do\u00f1ate, Francesc Qu\u00edlez, y Elena Llorens-, los visitantes [&hellip;]<\/p>\n","protected":false},"author":1,"featured_media":19635,"comment_status":"open","ping_status":"open","sticky":false,"template":"","format":"standard","meta":{"footnotes":""},"categories":[64,4],"tags":[],"class_list":["post-831","post","type-post","status-publish","format-standard","has-post-thumbnail","hentry","category-arte","category-cultura"],"yoast_head":"<!-- This site is optimized with the Yoast SEO plugin v27.5 - https:\/\/yoast.com\/product\/yoast-seo-wordpress\/ -->\n<title>&#039;Realisme(s)&#039;: a prop\u00f3sito de Gustave Courbet - Revista Rambla<\/title>\n<meta name=\"description\" content=\"Del 8 de abril al 10 de julio podr\u00e1 visitarse en el Museu Nacional d&#039;Art de Catalunya \u201cRealisme(s) L&#039;empremta de Gustave Courbet\u201d, una exposici\u00f3n organiz...\" \/>\n<meta name=\"robots\" content=\"index, follow, max-snippet:-1, max-image-preview:large, max-video-preview:-1\" \/>\n<link rel=\"canonical\" href=\"https:\/\/www.revistarambla.com\/en\/realismes-a-proposito-de-gustave-courbet\/\" \/>\n<meta property=\"og:locale\" content=\"en_GB\" \/>\n<meta property=\"og:type\" content=\"article\" \/>\n<meta property=\"og:title\" content=\"&#039;Realisme(s)&#039;: a prop\u00f3sito de Gustave Courbet - Revista Rambla\" \/>\n<meta property=\"og:description\" content=\"Del 8 de abril al 10 de julio podr\u00e1 visitarse en el Museu Nacional d&#039;Art de Catalunya \u201cRealisme(s) L&#039;empremta de Gustave Courbet\u201d, una exposici\u00f3n organiz...\" \/>\n<meta property=\"og:url\" content=\"https:\/\/www.revistarambla.com\/en\/realismes-a-proposito-de-gustave-courbet\/\" \/>\n<meta property=\"og:site_name\" content=\"Revista Rambla\" \/>\n<meta property=\"article:publisher\" content=\"https:\/\/www.facebook.com\/revistarambla\/\" \/>\n<meta property=\"article:published_time\" content=\"2011-04-08T14:47:04+00:00\" \/>\n<meta property=\"article:modified_time\" content=\"2021-04-27T17:37:49+00:00\" \/>\n<meta property=\"og:image\" content=\"https:\/\/i0.wp.com\/www.revistarambla.com\/wp-content\/uploads\/2011\/04\/732px-Gustave_Courbet_-_Le_De\u0301sespe\u0301re\u0301.jpg?fit=732%2C599&ssl=1\" \/>\n\t<meta property=\"og:image:width\" content=\"732\" \/>\n\t<meta property=\"og:image:height\" content=\"599\" \/>\n\t<meta property=\"og:image:type\" content=\"image\/jpeg\" \/>\n<meta name=\"author\" content=\"Joan Pere N.\" \/>\n<meta name=\"twitter:card\" content=\"summary_large_image\" \/>\n<meta name=\"twitter:creator\" content=\"@revistarambla\" \/>\n<meta name=\"twitter:site\" content=\"@revistarambla\" \/>\n<meta name=\"twitter:label1\" content=\"Written by\" \/>\n\t<meta name=\"twitter:data1\" content=\"Joan Pere N.\" \/>\n\t<meta name=\"twitter:label2\" content=\"Estimated reading time\" \/>\n\t<meta name=\"twitter:data2\" content=\"2 minutes\" \/>\n<script type=\"application\/ld+json\" class=\"yoast-schema-graph\">{\"@context\":\"https:\\\/\\\/schema.org\",\"@graph\":[{\"@type\":\"Article\",\"@id\":\"https:\\\/\\\/www.revistarambla.com\\\/realismes-a-proposito-de-gustave-courbet\\\/#article\",\"isPartOf\":{\"@id\":\"https:\\\/\\\/www.revistarambla.com\\\/realismes-a-proposito-de-gustave-courbet\\\/\"},\"author\":{\"name\":\"Joan Pere N.\",\"@id\":\"https:\\\/\\\/www.revistarambla.com\\\/#\\\/schema\\\/person\\\/4a5652fc8c82df1f8593002d038cd79e\"},\"headline\":\"&#8216;Realisme(s)&#8217;: a prop\u00f3sito de Gustave Courbet\",\"datePublished\":\"2011-04-08T14:47:04+00:00\",\"dateModified\":\"2021-04-27T17:37:49+00:00\",\"mainEntityOfPage\":{\"@id\":\"https:\\\/\\\/www.revistarambla.com\\\/realismes-a-proposito-de-gustave-courbet\\\/\"},\"wordCount\":377,\"commentCount\":0,\"publisher\":{\"@id\":\"https:\\\/\\\/www.revistarambla.com\\\/#organization\"},\"image\":{\"@id\":\"https:\\\/\\\/www.revistarambla.com\\\/realismes-a-proposito-de-gustave-courbet\\\/#primaryimage\"},\"thumbnailUrl\":\"https:\\\/\\\/www.revistarambla.com\\\/wp-content\\\/uploads\\\/2011\\\/04\\\/732px-Gustave_Courbet_-_Le_De\u0301sespe\u0301re\u0301.jpg\",\"articleSection\":[\"Arte\",\"Cultura\"],\"inLanguage\":\"en-GB\",\"potentialAction\":[{\"@type\":\"CommentAction\",\"name\":\"Comment\",\"target\":[\"https:\\\/\\\/www.revistarambla.com\\\/realismes-a-proposito-de-gustave-courbet\\\/#respond\"]}]},{\"@type\":\"WebPage\",\"@id\":\"https:\\\/\\\/www.revistarambla.com\\\/realismes-a-proposito-de-gustave-courbet\\\/\",\"url\":\"https:\\\/\\\/www.revistarambla.com\\\/realismes-a-proposito-de-gustave-courbet\\\/\",\"name\":\"'Realisme(s)': a prop\u00f3sito de Gustave Courbet - Revista Rambla\",\"isPartOf\":{\"@id\":\"https:\\\/\\\/www.revistarambla.com\\\/#website\"},\"primaryImageOfPage\":{\"@id\":\"https:\\\/\\\/www.revistarambla.com\\\/realismes-a-proposito-de-gustave-courbet\\\/#primaryimage\"},\"image\":{\"@id\":\"https:\\\/\\\/www.revistarambla.com\\\/realismes-a-proposito-de-gustave-courbet\\\/#primaryimage\"},\"thumbnailUrl\":\"https:\\\/\\\/www.revistarambla.com\\\/wp-content\\\/uploads\\\/2011\\\/04\\\/732px-Gustave_Courbet_-_Le_De\u0301sespe\u0301re\u0301.jpg\",\"datePublished\":\"2011-04-08T14:47:04+00:00\",\"dateModified\":\"2021-04-27T17:37:49+00:00\",\"description\":\"Del 8 de abril al 10 de julio podr\u00e1 visitarse en el Museu Nacional d'Art de Catalunya \u201cRealisme(s) L'empremta de Gustave Courbet\u201d, una exposici\u00f3n organiz...\",\"breadcrumb\":{\"@id\":\"https:\\\/\\\/www.revistarambla.com\\\/realismes-a-proposito-de-gustave-courbet\\\/#breadcrumb\"},\"inLanguage\":\"en-GB\",\"potentialAction\":[{\"@type\":\"ReadAction\",\"target\":[\"https:\\\/\\\/www.revistarambla.com\\\/realismes-a-proposito-de-gustave-courbet\\\/\"]}]},{\"@type\":\"ImageObject\",\"inLanguage\":\"en-GB\",\"@id\":\"https:\\\/\\\/www.revistarambla.com\\\/realismes-a-proposito-de-gustave-courbet\\\/#primaryimage\",\"url\":\"https:\\\/\\\/www.revistarambla.com\\\/wp-content\\\/uploads\\\/2011\\\/04\\\/732px-Gustave_Courbet_-_Le_De\u0301sespe\u0301re\u0301.jpg\",\"contentUrl\":\"https:\\\/\\\/www.revistarambla.com\\\/wp-content\\\/uploads\\\/2011\\\/04\\\/732px-Gustave_Courbet_-_Le_De\u0301sespe\u0301re\u0301.jpg\",\"width\":732,\"height\":599,\"caption\":\"Gustave Courbet\"},{\"@type\":\"BreadcrumbList\",\"@id\":\"https:\\\/\\\/www.revistarambla.com\\\/realismes-a-proposito-de-gustave-courbet\\\/#breadcrumb\",\"itemListElement\":[{\"@type\":\"ListItem\",\"position\":1,\"name\":\"Portada\",\"item\":\"https:\\\/\\\/www.revistarambla.com\\\/\"},{\"@type\":\"ListItem\",\"position\":2,\"name\":\"&#8216;Realisme(s)&#8217;: a prop\u00f3sito de Gustave Courbet\"}]},{\"@type\":\"WebSite\",\"@id\":\"https:\\\/\\\/www.revistarambla.com\\\/#website\",\"url\":\"https:\\\/\\\/www.revistarambla.com\\\/\",\"name\":\"Revista Rambla Barcelona\",\"description\":\"Periodismo independiente\",\"publisher\":{\"@id\":\"https:\\\/\\\/www.revistarambla.com\\\/#organization\"},\"potentialAction\":[{\"@type\":\"SearchAction\",\"target\":{\"@type\":\"EntryPoint\",\"urlTemplate\":\"https:\\\/\\\/www.revistarambla.com\\\/?s={search_term_string}\"},\"query-input\":{\"@type\":\"PropertyValueSpecification\",\"valueRequired\":true,\"valueName\":\"search_term_string\"}}],\"inLanguage\":\"en-GB\"},{\"@type\":\"Organization\",\"@id\":\"https:\\\/\\\/www.revistarambla.com\\\/#organization\",\"name\":\"Revista Rambla\",\"url\":\"https:\\\/\\\/www.revistarambla.com\\\/\",\"logo\":{\"@type\":\"ImageObject\",\"inLanguage\":\"en-GB\",\"@id\":\"https:\\\/\\\/www.revistarambla.com\\\/#\\\/schema\\\/logo\\\/image\\\/\",\"url\":\"https:\\\/\\\/www.revistarambla.com\\\/wp-content\\\/uploads\\\/2020\\\/09\\\/banner_rambla_1900x600_BB.png\",\"contentUrl\":\"https:\\\/\\\/www.revistarambla.com\\\/wp-content\\\/uploads\\\/2020\\\/09\\\/banner_rambla_1900x600_BB.png\",\"width\":1900,\"height\":600,\"caption\":\"Revista Rambla\"},\"image\":{\"@id\":\"https:\\\/\\\/www.revistarambla.com\\\/#\\\/schema\\\/logo\\\/image\\\/\"},\"sameAs\":[\"https:\\\/\\\/www.facebook.com\\\/revistarambla\\\/\",\"https:\\\/\\\/x.com\\\/revistarambla\",\"https:\\\/\\\/www.instagram.com\\\/revista_rambla\",\"https:\\\/\\\/es.linkedin.com\\\/company\\\/revista-rambla\"]},{\"@type\":\"Person\",\"@id\":\"https:\\\/\\\/www.revistarambla.com\\\/#\\\/schema\\\/person\\\/4a5652fc8c82df1f8593002d038cd79e\",\"name\":\"Joan Pere N.\"}]}<\/script>\n<!-- \/ Yoast SEO plugin. -->","yoast_head_json":{"title":"'Realisme(s)': a prop\u00f3sito de Gustave Courbet - Revista Rambla","description":"Del 8 de abril al 10 de julio podr\u00e1 visitarse en el Museu Nacional d'Art de Catalunya \u201cRealisme(s) L'empremta de Gustave Courbet\u201d, una exposici\u00f3n organiz...","robots":{"index":"index","follow":"follow","max-snippet":"max-snippet:-1","max-image-preview":"max-image-preview:large","max-video-preview":"max-video-preview:-1"},"canonical":"https:\/\/www.revistarambla.com\/en\/realismes-a-proposito-de-gustave-courbet\/","og_locale":"en_GB","og_type":"article","og_title":"'Realisme(s)': a prop\u00f3sito de Gustave Courbet - Revista Rambla","og_description":"Del 8 de abril al 10 de julio podr\u00e1 visitarse en el Museu Nacional d'Art de Catalunya \u201cRealisme(s) L'empremta de Gustave Courbet\u201d, una exposici\u00f3n organiz...","og_url":"https:\/\/www.revistarambla.com\/en\/realismes-a-proposito-de-gustave-courbet\/","og_site_name":"Revista Rambla","article_publisher":"https:\/\/www.facebook.com\/revistarambla\/","article_published_time":"2011-04-08T14:47:04+00:00","article_modified_time":"2021-04-27T17:37:49+00:00","og_image":[{"width":732,"height":599,"url":"https:\/\/i0.wp.com\/www.revistarambla.com\/wp-content\/uploads\/2011\/04\/732px-Gustave_Courbet_-_Le_De\u0301sespe\u0301re\u0301.jpg?fit=732%2C599&ssl=1","type":"image\/jpeg"}],"author":"Joan Pere N.","twitter_card":"summary_large_image","twitter_creator":"@revistarambla","twitter_site":"@revistarambla","twitter_misc":{"Written by":"Joan Pere N.","Estimated reading time":"2 minutes"},"schema":{"@context":"https:\/\/schema.org","@graph":[{"@type":"Article","@id":"https:\/\/www.revistarambla.com\/realismes-a-proposito-de-gustave-courbet\/#article","isPartOf":{"@id":"https:\/\/www.revistarambla.com\/realismes-a-proposito-de-gustave-courbet\/"},"author":{"name":"Joan Pere N.","@id":"https:\/\/www.revistarambla.com\/#\/schema\/person\/4a5652fc8c82df1f8593002d038cd79e"},"headline":"&#8216;Realisme(s)&#8217;: a prop\u00f3sito de Gustave Courbet","datePublished":"2011-04-08T14:47:04+00:00","dateModified":"2021-04-27T17:37:49+00:00","mainEntityOfPage":{"@id":"https:\/\/www.revistarambla.com\/realismes-a-proposito-de-gustave-courbet\/"},"wordCount":377,"commentCount":0,"publisher":{"@id":"https:\/\/www.revistarambla.com\/#organization"},"image":{"@id":"https:\/\/www.revistarambla.com\/realismes-a-proposito-de-gustave-courbet\/#primaryimage"},"thumbnailUrl":"https:\/\/www.revistarambla.com\/wp-content\/uploads\/2011\/04\/732px-Gustave_Courbet_-_Le_De\u0301sespe\u0301re\u0301.jpg","articleSection":["Arte","Cultura"],"inLanguage":"en-GB","potentialAction":[{"@type":"CommentAction","name":"Comment","target":["https:\/\/www.revistarambla.com\/realismes-a-proposito-de-gustave-courbet\/#respond"]}]},{"@type":"WebPage","@id":"https:\/\/www.revistarambla.com\/realismes-a-proposito-de-gustave-courbet\/","url":"https:\/\/www.revistarambla.com\/realismes-a-proposito-de-gustave-courbet\/","name":"'Realisme(s)': a prop\u00f3sito de Gustave Courbet - Revista Rambla","isPartOf":{"@id":"https:\/\/www.revistarambla.com\/#website"},"primaryImageOfPage":{"@id":"https:\/\/www.revistarambla.com\/realismes-a-proposito-de-gustave-courbet\/#primaryimage"},"image":{"@id":"https:\/\/www.revistarambla.com\/realismes-a-proposito-de-gustave-courbet\/#primaryimage"},"thumbnailUrl":"https:\/\/www.revistarambla.com\/wp-content\/uploads\/2011\/04\/732px-Gustave_Courbet_-_Le_De\u0301sespe\u0301re\u0301.jpg","datePublished":"2011-04-08T14:47:04+00:00","dateModified":"2021-04-27T17:37:49+00:00","description":"Del 8 de abril al 10 de julio podr\u00e1 visitarse en el Museu Nacional d'Art de Catalunya \u201cRealisme(s) L'empremta de Gustave Courbet\u201d, una exposici\u00f3n organiz...","breadcrumb":{"@id":"https:\/\/www.revistarambla.com\/realismes-a-proposito-de-gustave-courbet\/#breadcrumb"},"inLanguage":"en-GB","potentialAction":[{"@type":"ReadAction","target":["https:\/\/www.revistarambla.com\/realismes-a-proposito-de-gustave-courbet\/"]}]},{"@type":"ImageObject","inLanguage":"en-GB","@id":"https:\/\/www.revistarambla.com\/realismes-a-proposito-de-gustave-courbet\/#primaryimage","url":"https:\/\/www.revistarambla.com\/wp-content\/uploads\/2011\/04\/732px-Gustave_Courbet_-_Le_De\u0301sespe\u0301re\u0301.jpg","contentUrl":"https:\/\/www.revistarambla.com\/wp-content\/uploads\/2011\/04\/732px-Gustave_Courbet_-_Le_De\u0301sespe\u0301re\u0301.jpg","width":732,"height":599,"caption":"Gustave Courbet"},{"@type":"BreadcrumbList","@id":"https:\/\/www.revistarambla.com\/realismes-a-proposito-de-gustave-courbet\/#breadcrumb","itemListElement":[{"@type":"ListItem","position":1,"name":"Portada","item":"https:\/\/www.revistarambla.com\/"},{"@type":"ListItem","position":2,"name":"&#8216;Realisme(s)&#8217;: a prop\u00f3sito de Gustave Courbet"}]},{"@type":"WebSite","@id":"https:\/\/www.revistarambla.com\/#website","url":"https:\/\/www.revistarambla.com\/","name":"Revista Rambla Barcelona","description":"Periodismo independiente","publisher":{"@id":"https:\/\/www.revistarambla.com\/#organization"},"potentialAction":[{"@type":"SearchAction","target":{"@type":"EntryPoint","urlTemplate":"https:\/\/www.revistarambla.com\/?s={search_term_string}"},"query-input":{"@type":"PropertyValueSpecification","valueRequired":true,"valueName":"search_term_string"}}],"inLanguage":"en-GB"},{"@type":"Organization","@id":"https:\/\/www.revistarambla.com\/#organization","name":"Revista Rambla","url":"https:\/\/www.revistarambla.com\/","logo":{"@type":"ImageObject","inLanguage":"en-GB","@id":"https:\/\/www.revistarambla.com\/#\/schema\/logo\/image\/","url":"https:\/\/www.revistarambla.com\/wp-content\/uploads\/2020\/09\/banner_rambla_1900x600_BB.png","contentUrl":"https:\/\/www.revistarambla.com\/wp-content\/uploads\/2020\/09\/banner_rambla_1900x600_BB.png","width":1900,"height":600,"caption":"Revista Rambla"},"image":{"@id":"https:\/\/www.revistarambla.com\/#\/schema\/logo\/image\/"},"sameAs":["https:\/\/www.facebook.com\/revistarambla\/","https:\/\/x.com\/revistarambla","https:\/\/www.instagram.com\/revista_rambla","https:\/\/es.linkedin.com\/company\/revista-rambla"]},{"@type":"Person","@id":"https:\/\/www.revistarambla.com\/#\/schema\/person\/4a5652fc8c82df1f8593002d038cd79e","name":"Joan Pere N."}]}},"_links":{"self":[{"href":"https:\/\/www.revistarambla.com\/en\/wp-json\/wp\/v2\/posts\/831","targetHints":{"allow":["GET"]}}],"collection":[{"href":"https:\/\/www.revistarambla.com\/en\/wp-json\/wp\/v2\/posts"}],"about":[{"href":"https:\/\/www.revistarambla.com\/en\/wp-json\/wp\/v2\/types\/post"}],"author":[{"embeddable":true,"href":"https:\/\/www.revistarambla.com\/en\/wp-json\/wp\/v2\/users\/1"}],"replies":[{"embeddable":true,"href":"https:\/\/www.revistarambla.com\/en\/wp-json\/wp\/v2\/comments?post=831"}],"version-history":[{"count":0,"href":"https:\/\/www.revistarambla.com\/en\/wp-json\/wp\/v2\/posts\/831\/revisions"}],"wp:featuredmedia":[{"embeddable":true,"href":"https:\/\/www.revistarambla.com\/en\/wp-json\/wp\/v2\/media\/19635"}],"wp:attachment":[{"href":"https:\/\/www.revistarambla.com\/en\/wp-json\/wp\/v2\/media?parent=831"}],"wp:term":[{"taxonomy":"category","embeddable":true,"href":"https:\/\/www.revistarambla.com\/en\/wp-json\/wp\/v2\/categories?post=831"},{"taxonomy":"post_tag","embeddable":true,"href":"https:\/\/www.revistarambla.com\/en\/wp-json\/wp\/v2\/tags?post=831"}],"curies":[{"name":"wp","href":"https:\/\/api.w.org\/{rel}","templated":true}]}}