{"id":827,"date":"2011-04-05T15:02:59","date_gmt":"2011-04-05T15:02:59","guid":{"rendered":"https:\/\/www.revistarambla.com\/jovenes-del-barrio-de-gracia-en-barcelona-reclaman-la-gestion-de-un-centro-juvenil\/"},"modified":"2021-04-27T19:14:28","modified_gmt":"2021-04-27T17:14:28","slug":"jovenes-del-barrio-de-gracia-en-barcelona-reclaman-la-gestion-de-un-centro-juvenil","status":"publish","type":"post","link":"https:\/\/www.revistarambla.com\/en\/jovenes-del-barrio-de-gracia-en-barcelona-reclaman-la-gestion-de-un-centro-juvenil\/","title":{"rendered":"Los j\u00f3venes de Gr\u00e0cia en Barcelona reclaman la gesti\u00f3n de un centro juvenil"},"content":{"rendered":"<p><a href=\"https:\/\/www.revistarambla.com\/wp-content\/uploads\/2011\/04\/LV_20110329_LV_FOTOS_D_54133609134-992x558@LaVanguardia-Web.jpg\"><img decoding=\"async\" class=\"aligncenter wp-image-19522 size-full\" src=\"https:\/\/www.revistarambla.com\/wp-content\/uploads\/2011\/04\/LV_20110329_LV_FOTOS_D_54133609134-992x558@LaVanguardia-Web.jpg\" alt=\"Los j\u00f3venes de Gr\u00e0cia en Barcelona reclaman la gesti\u00f3n de un centro juvenil\" width=\"992\" height=\"558\" srcset=\"https:\/\/www.revistarambla.com\/wp-content\/uploads\/2011\/04\/LV_20110329_LV_FOTOS_D_54133609134-992x558@LaVanguardia-Web.jpg 992w, https:\/\/www.revistarambla.com\/wp-content\/uploads\/2011\/04\/LV_20110329_LV_FOTOS_D_54133609134-992x558@LaVanguardia-Web-300x169.jpg 300w, https:\/\/www.revistarambla.com\/wp-content\/uploads\/2011\/04\/LV_20110329_LV_FOTOS_D_54133609134-992x558@LaVanguardia-Web-768x432.jpg 768w, https:\/\/www.revistarambla.com\/wp-content\/uploads\/2011\/04\/LV_20110329_LV_FOTOS_D_54133609134-992x558@LaVanguardia-Web-500x281.jpg 500w, https:\/\/www.revistarambla.com\/wp-content\/uploads\/2011\/04\/LV_20110329_LV_FOTOS_D_54133609134-992x558@LaVanguardia-Web-850x478.jpg 850w, https:\/\/www.revistarambla.com\/wp-content\/uploads\/2011\/04\/LV_20110329_LV_FOTOS_D_54133609134-992x558@LaVanguardia-Web-650x366.jpg 650w, https:\/\/www.revistarambla.com\/wp-content\/uploads\/2011\/04\/LV_20110329_LV_FOTOS_D_54133609134-992x558@LaVanguardia-Web-458x258.jpg 458w, https:\/\/www.revistarambla.com\/wp-content\/uploads\/2011\/04\/LV_20110329_LV_FOTOS_D_54133609134-992x558@LaVanguardia-Web-678x381.jpg 678w\" sizes=\"(max-width: 992px) 100vw, 992px\" \/><\/a><\/p>\n<p>En los \u00faltimos tiempos <strong>el barrio de Gr\u00e0cia de Barcelona<\/strong> vive un conflicto entre los j\u00f3venes y el Ayuntamiento. Los primeros, organizados en la <a href=\"https:\/\/www.facebook.com\/pages\/category\/Community\/Plataforma-dEntitats-Juvenils-Gracia-583471615126111\/\"><strong>Plataforma d\u2019Entitats Juvenils de Gr\u00e0cia (PEJG)<\/strong><\/a>, llevan a\u00f1os luchando por un local juvenil gestionado por los propios j\u00f3venes. Esta reivindicaci\u00f3n tiene dos d\u00e9cadas de historia y en el Ayuntamiento la ha satisfecho en parte con la construcci\u00f3n hace ya dos a\u00f1os del local reclamado, pero<strong> los j\u00f3venes a\u00fan siguen luchando por su gesti\u00f3n<\/strong>. En las \u00faltimas semana el Ayuntamiento abri\u00f3 un concurso para otorgar la gesti\u00f3n a una empresa privada que est\u00e1 empezando a operar. Ante este echo, los j\u00f3venes de Gr\u00e0cia han radicalizado sus acciones. El d\u00eda 28 de marzo acamparon ante el consistorio municipal, pero al cabo de unas horas fueron desalojados por la Guardia Urbana. Gerard Sol\u00eds, portavoz de la <strong>Plataforma d\u2019Entitats Juvenils de Gr\u00e0cia<\/strong> responde a nuestras preguntas:<\/p>\n<p><strong>\u00bfCu\u00e1les son los objetivos de la Plataforma d\u2019Entitats Juvenils de Gr\u00e0cia?<\/strong><\/p>\n<p>La <strong>Plataforma d\u2019Entitats Juvenils de Gr\u00e0cia<\/strong> nace en el 2007 con el gran objetivo de generar cohesi\u00f3n y participaci\u00f3n social entre la juventud de Gr\u00e0cia para que esta se convierta en sujeto activo de la transformaci\u00f3n de la sociedad, pero a partir de estos grandes objetivos, nosotros intentamos realizar todo un seguido de actividades abiertas al barrio.<\/p>\n<p><strong>\u00bfPero, qu\u00e9 significan para vosotros los conceptos cohesi\u00f3n, participaci\u00f3n y transformaci\u00f3n social? Podr\u00edais definirlos un poco? Lo digo porque estas palabras se usan en demas\u00eda y con distintas interpretaciones.<\/strong><\/p>\n<p>Que cada vez m\u00e1s j\u00f3venes de Gr\u00e0cia se conozcan y conjunta y democr\u00e1ticamente generen tejido asociativo, construyan y dinamicen la sociedad con actividades l\u00fadicas, culturales, educativas, formativas, etc, actividades todas ellas de car\u00e1cter p\u00fablico. Pero es necesario hacer hincapi\u00e9 en el car\u00e1cter p\u00fablico que debe guiar toda transformaci\u00f3n social, o al menos, como nosotros la entendemos. Cada vez m\u00e1s, est\u00e1n empeorando las condiciones de vida de la mayor\u00eda de la poblaci\u00f3n al mismo tiempo que se privatizan empresas p\u00fablicas y se subvenciona el sector privado. Nosotros entendemos que la transformaci\u00f3n social significa el fortalecimiento del sector p\u00fablico en detrimento del privado. El bien p\u00fablico es el m\u00e1s preciado y \u00e9l que favorece a la mayor\u00eda de la poblaci\u00f3n.<\/p>\n<p><strong>\u00bfC\u00f3mo pretend\u00e9is conseguirlo?<\/strong><\/p>\n<p>Los j\u00f3venes de Gr\u00e0cia deber\u00edamos ser personas organizadas, gestoras y part\u00edcipes de nuestras propias actividades, inquietudes, proyectos y espacios, y, con tal de adquirir estas capacidades es necesario disponer de espacios p\u00fablicos donde poder convergir. Por esto, luchamos por un casal de j\u00f3venes autogestionado por los j\u00f3venes. Con la autogesti\u00f3n del casal abrir\u00edamos las puertas a la posibilidad de realizar mil y un proyectos, cosa que nos facilitar\u00eda poder ejercer una implicaci\u00f3n real y como deseamos en la transformaci\u00f3n de la sociedad.<\/p>\n<p><strong>\u00bfPero, no dispon\u00e9is ya del Casal de Joves de Gr\u00e0cia la Fontana?<\/strong><\/p>\n<p>S\u00ed disponemos de un espacio des har\u00e1 ya un par de a\u00f1os y esto nos ha permitido hacer diversas cosas y adquirir ciertos conocimientos, pero la carencia de poder real y de recursos dentro del casal nos limitan mucho, hasta el punto de no poder ejecutar nuestros proyectos como desear\u00edamos.<\/p>\n<p><strong>\u00bfCu\u00e1les son vuestros proyectos?<\/strong><\/p>\n<p>Estos proyectos vienen recogidos y explicados dentro del gran proyecto de gesti\u00f3n del Casal de Joves que presentamos ante la sociedad y las instituciones el pasado 27 de noviembre. Concretamente son cuatro proyectos: El primero hace referencia a la creaci\u00f3n musical mediante la coordinaci\u00f3n de los distintos grupos y bandas musicales de nuestro barrio y la gesti\u00f3n de sus espacios por parte de estos grupos. El segundo proyecto es el cultural donde englobamos distintas actividades de danza, cocina, cine, teatro&#8230; algunas de la cuales ya llevamos desarrollando desde un tiempo atr\u00e1s. El tercer proyecto es el de dinamizaci\u00f3n social con el que queremos combatir la precariedad laboral, los estereotipos sobre la inmigraci\u00f3n o el sexismo entre otras problem\u00e1ticas que nos afectan directamente. El cuarto proyecto es el de participaci\u00f3n, un proyecto transversal destinado a facilitar una estructura democr\u00e1tica y participativa de los j\u00f3venes dentro del casal.<\/p>\n<p><strong>\u00bfTan necesario es para vosotros poder gestionar el casal? No ser\u00e1 m\u00e1s una limitaci\u00f3n? \u00bfYa ten\u00e9is suficiente experiencia?<\/strong><\/p>\n<p>Los j\u00f3venes de Gr\u00e0cia queremos que la gente se implique con su entorno y, pensamos y defendemos que estos tipos de espacios p\u00fablicos como los casales juveniles o los centros c\u00edvicos deben de tener una gesti\u00f3n vecinal directa. Para nosotros esta participaci\u00f3n significa democracia.<\/p>\n<p>La PEJG es un conjunto de entidades que ya llevan una larga trayectoria gestion\u00e1ndose a si mismas, pero aunque no tuvi\u00e9ramos ning\u00fan tipo de experiencia gestionando proyectos, alg\u00fan d\u00eda la deber\u00edamos adquirir, y para eso sirve un casal de j\u00f3venes. Y si no nos permiten adquirir esta experiencia debemos entender que las organizaciones pol\u00edticas que mandan desean j\u00f3venes pasivos, individualistas y manipulables, cosa que, inevitablemente, nos lleva a una situaci\u00f3n de confrontaci\u00f3n.<\/p>\n<p><strong>\u00bfY no podr\u00eda parecer que la PEJG quiere apropiarse el Casal?<\/strong><\/p>\n<p>Los j\u00f3venes de Gr\u00e0cia no queremos apropiarnos ninguna instalaci\u00f3n p\u00fablica. Nosotros defendemos la propiedad p\u00fablica y la implicaci\u00f3n de la poblaci\u00f3n en la dinamizaci\u00f3n y gesti\u00f3n de estos espacios. Tambi\u00e9n entendemos que la gesti\u00f3n directa de los espacios municipales por parte del vecindario significan una gesti\u00f3n p\u00fablica de los recursos. Esto quiere decir una mayor participaci\u00f3n social y evitar que unos pocos individuos se lucren a cuesta de la mayor\u00eda mediante la privatizaci\u00f3n o externalizaci\u00f3n de los servicios y espacios p\u00fablicos. Nosotros defendemos la titularidad p\u00fablica de los espacios y su gesti\u00f3n por parte de la sociedad civil.<\/p>","protected":false},"excerpt":{"rendered":"<p>En los \u00faltimos tiempos el barrio de Gr\u00e0cia de Barcelona vive un conflicto entre los j\u00f3venes y el Ayuntamiento. Los primeros, organizados en la Plataforma d\u2019Entitats Juvenils de Gr\u00e0cia (PEJG), llevan a\u00f1os luchando por un local juvenil gestionado por los propios j\u00f3venes. Esta reivindicaci\u00f3n tiene dos d\u00e9cadas de historia y [&hellip;]<\/p>\n","protected":false},"author":1,"featured_media":19522,"comment_status":"open","ping_status":"open","sticky":false,"template":"","format":"standard","meta":{"footnotes":""},"categories":[3,76],"tags":[],"class_list":["post-827","post","type-post","status-publish","format-standard","has-post-thumbnail","hentry","category-actualidad","category-barcelona"],"yoast_head":"<!-- This site is optimized with the Yoast SEO plugin v27.5 - https:\/\/yoast.com\/product\/yoast-seo-wordpress\/ -->\n<title>Loa j\u00f3venes de Gr\u00e0cia en Barcelona reclaman la gest... - Revista Rambla<\/title>\n<meta name=\"description\" content=\"Los j\u00f3venes de Gr\u00e0cia han radicalizado sus acciones. El d\u00eda 28 de marzo acamparon ante el consistorio municipal, pero al cabo de unas horas fueron desal...\" \/>\n<meta name=\"robots\" content=\"index, follow, max-snippet:-1, max-image-preview:large, max-video-preview:-1\" \/>\n<link rel=\"canonical\" href=\"https:\/\/www.revistarambla.com\/en\/jovenes-del-barrio-de-gracia-en-barcelona-reclaman-la-gestion-de-un-centro-juvenil\/\" \/>\n<meta property=\"og:locale\" content=\"en_GB\" \/>\n<meta property=\"og:type\" content=\"article\" \/>\n<meta property=\"og:title\" content=\"Loa j\u00f3venes de Gr\u00e0cia en Barcelona reclaman la gest... - Revista Rambla\" \/>\n<meta property=\"og:description\" content=\"Los j\u00f3venes de Gr\u00e0cia han radicalizado sus acciones. El d\u00eda 28 de marzo acamparon ante el consistorio municipal, pero al cabo de unas horas fueron desal...\" \/>\n<meta property=\"og:url\" content=\"https:\/\/www.revistarambla.com\/en\/jovenes-del-barrio-de-gracia-en-barcelona-reclaman-la-gestion-de-un-centro-juvenil\/\" \/>\n<meta property=\"og:site_name\" content=\"Revista Rambla\" \/>\n<meta property=\"article:publisher\" content=\"https:\/\/www.facebook.com\/revistarambla\/\" \/>\n<meta property=\"article:published_time\" content=\"2011-04-05T15:02:59+00:00\" \/>\n<meta property=\"article:modified_time\" content=\"2021-04-27T17:14:28+00:00\" \/>\n<meta property=\"og:image\" content=\"https:\/\/i1.wp.com\/www.revistarambla.com\/wp-content\/uploads\/2011\/04\/LV_20110329_LV_FOTOS_D_54133609134-992x558@LaVanguardia-Web.jpg?fit=992%2C558&ssl=1\" \/>\n\t<meta property=\"og:image:width\" content=\"992\" \/>\n\t<meta property=\"og:image:height\" content=\"558\" \/>\n\t<meta property=\"og:image:type\" content=\"image\/jpeg\" \/>\n<meta name=\"author\" content=\"M.G.\" \/>\n<meta name=\"twitter:card\" content=\"summary_large_image\" \/>\n<meta name=\"twitter:creator\" content=\"@revistarambla\" \/>\n<meta name=\"twitter:site\" content=\"@revistarambla\" \/>\n<meta name=\"twitter:label1\" content=\"Written by\" \/>\n\t<meta name=\"twitter:data1\" content=\"M.G.\" \/>\n\t<meta name=\"twitter:label2\" content=\"Estimated reading time\" \/>\n\t<meta name=\"twitter:data2\" content=\"5 minutes\" \/>\n<script type=\"application\/ld+json\" class=\"yoast-schema-graph\">{\"@context\":\"https:\\\/\\\/schema.org\",\"@graph\":[{\"@type\":\"Article\",\"@id\":\"https:\\\/\\\/www.revistarambla.com\\\/jovenes-del-barrio-de-gracia-en-barcelona-reclaman-la-gestion-de-un-centro-juvenil\\\/#article\",\"isPartOf\":{\"@id\":\"https:\\\/\\\/www.revistarambla.com\\\/jovenes-del-barrio-de-gracia-en-barcelona-reclaman-la-gestion-de-un-centro-juvenil\\\/\"},\"author\":{\"name\":\"M.G.\",\"@id\":\"https:\\\/\\\/www.revistarambla.com\\\/#\\\/schema\\\/person\\\/4a5652fc8c82df1f8593002d038cd79e\"},\"headline\":\"Los j\u00f3venes de Gr\u00e0cia en Barcelona reclaman la gesti\u00f3n de un centro juvenil\",\"datePublished\":\"2011-04-05T15:02:59+00:00\",\"dateModified\":\"2021-04-27T17:14:28+00:00\",\"mainEntityOfPage\":{\"@id\":\"https:\\\/\\\/www.revistarambla.com\\\/jovenes-del-barrio-de-gracia-en-barcelona-reclaman-la-gestion-de-un-centro-juvenil\\\/\"},\"wordCount\":1040,\"commentCount\":0,\"publisher\":{\"@id\":\"https:\\\/\\\/www.revistarambla.com\\\/#organization\"},\"image\":{\"@id\":\"https:\\\/\\\/www.revistarambla.com\\\/jovenes-del-barrio-de-gracia-en-barcelona-reclaman-la-gestion-de-un-centro-juvenil\\\/#primaryimage\"},\"thumbnailUrl\":\"https:\\\/\\\/www.revistarambla.com\\\/wp-content\\\/uploads\\\/2011\\\/04\\\/LV_20110329_LV_FOTOS_D_54133609134-992x558@LaVanguardia-Web.jpg\",\"articleSection\":[\"Actualidad\",\"Barcelona\"],\"inLanguage\":\"en-GB\",\"potentialAction\":[{\"@type\":\"CommentAction\",\"name\":\"Comment\",\"target\":[\"https:\\\/\\\/www.revistarambla.com\\\/jovenes-del-barrio-de-gracia-en-barcelona-reclaman-la-gestion-de-un-centro-juvenil\\\/#respond\"]}]},{\"@type\":\"WebPage\",\"@id\":\"https:\\\/\\\/www.revistarambla.com\\\/jovenes-del-barrio-de-gracia-en-barcelona-reclaman-la-gestion-de-un-centro-juvenil\\\/\",\"url\":\"https:\\\/\\\/www.revistarambla.com\\\/jovenes-del-barrio-de-gracia-en-barcelona-reclaman-la-gestion-de-un-centro-juvenil\\\/\",\"name\":\"Loa j\u00f3venes de Gr\u00e0cia en Barcelona reclaman la gest... - Revista Rambla\",\"isPartOf\":{\"@id\":\"https:\\\/\\\/www.revistarambla.com\\\/#website\"},\"primaryImageOfPage\":{\"@id\":\"https:\\\/\\\/www.revistarambla.com\\\/jovenes-del-barrio-de-gracia-en-barcelona-reclaman-la-gestion-de-un-centro-juvenil\\\/#primaryimage\"},\"image\":{\"@id\":\"https:\\\/\\\/www.revistarambla.com\\\/jovenes-del-barrio-de-gracia-en-barcelona-reclaman-la-gestion-de-un-centro-juvenil\\\/#primaryimage\"},\"thumbnailUrl\":\"https:\\\/\\\/www.revistarambla.com\\\/wp-content\\\/uploads\\\/2011\\\/04\\\/LV_20110329_LV_FOTOS_D_54133609134-992x558@LaVanguardia-Web.jpg\",\"datePublished\":\"2011-04-05T15:02:59+00:00\",\"dateModified\":\"2021-04-27T17:14:28+00:00\",\"description\":\"Los j\u00f3venes de Gr\u00e0cia han radicalizado sus acciones. El d\u00eda 28 de marzo acamparon ante el consistorio municipal, pero al cabo de unas horas fueron desal...\",\"breadcrumb\":{\"@id\":\"https:\\\/\\\/www.revistarambla.com\\\/jovenes-del-barrio-de-gracia-en-barcelona-reclaman-la-gestion-de-un-centro-juvenil\\\/#breadcrumb\"},\"inLanguage\":\"en-GB\",\"potentialAction\":[{\"@type\":\"ReadAction\",\"target\":[\"https:\\\/\\\/www.revistarambla.com\\\/jovenes-del-barrio-de-gracia-en-barcelona-reclaman-la-gestion-de-un-centro-juvenil\\\/\"]}]},{\"@type\":\"ImageObject\",\"inLanguage\":\"en-GB\",\"@id\":\"https:\\\/\\\/www.revistarambla.com\\\/jovenes-del-barrio-de-gracia-en-barcelona-reclaman-la-gestion-de-un-centro-juvenil\\\/#primaryimage\",\"url\":\"https:\\\/\\\/www.revistarambla.com\\\/wp-content\\\/uploads\\\/2011\\\/04\\\/LV_20110329_LV_FOTOS_D_54133609134-992x558@LaVanguardia-Web.jpg\",\"contentUrl\":\"https:\\\/\\\/www.revistarambla.com\\\/wp-content\\\/uploads\\\/2011\\\/04\\\/LV_20110329_LV_FOTOS_D_54133609134-992x558@LaVanguardia-Web.jpg\",\"width\":992,\"height\":558,\"caption\":\"Los j\u00f3venes de Gr\u00e0cia en Barcelona reclaman la gesti\u00f3n de un centro juvenil\"},{\"@type\":\"BreadcrumbList\",\"@id\":\"https:\\\/\\\/www.revistarambla.com\\\/jovenes-del-barrio-de-gracia-en-barcelona-reclaman-la-gestion-de-un-centro-juvenil\\\/#breadcrumb\",\"itemListElement\":[{\"@type\":\"ListItem\",\"position\":1,\"name\":\"Portada\",\"item\":\"https:\\\/\\\/www.revistarambla.com\\\/\"},{\"@type\":\"ListItem\",\"position\":2,\"name\":\"Los j\u00f3venes de Gr\u00e0cia en Barcelona reclaman la gesti\u00f3n de un centro juvenil\"}]},{\"@type\":\"WebSite\",\"@id\":\"https:\\\/\\\/www.revistarambla.com\\\/#website\",\"url\":\"https:\\\/\\\/www.revistarambla.com\\\/\",\"name\":\"Revista Rambla Barcelona\",\"description\":\"Periodismo independiente\",\"publisher\":{\"@id\":\"https:\\\/\\\/www.revistarambla.com\\\/#organization\"},\"potentialAction\":[{\"@type\":\"SearchAction\",\"target\":{\"@type\":\"EntryPoint\",\"urlTemplate\":\"https:\\\/\\\/www.revistarambla.com\\\/?s={search_term_string}\"},\"query-input\":{\"@type\":\"PropertyValueSpecification\",\"valueRequired\":true,\"valueName\":\"search_term_string\"}}],\"inLanguage\":\"en-GB\"},{\"@type\":\"Organization\",\"@id\":\"https:\\\/\\\/www.revistarambla.com\\\/#organization\",\"name\":\"Revista Rambla\",\"url\":\"https:\\\/\\\/www.revistarambla.com\\\/\",\"logo\":{\"@type\":\"ImageObject\",\"inLanguage\":\"en-GB\",\"@id\":\"https:\\\/\\\/www.revistarambla.com\\\/#\\\/schema\\\/logo\\\/image\\\/\",\"url\":\"https:\\\/\\\/www.revistarambla.com\\\/wp-content\\\/uploads\\\/2020\\\/09\\\/banner_rambla_1900x600_BB.png\",\"contentUrl\":\"https:\\\/\\\/www.revistarambla.com\\\/wp-content\\\/uploads\\\/2020\\\/09\\\/banner_rambla_1900x600_BB.png\",\"width\":1900,\"height\":600,\"caption\":\"Revista Rambla\"},\"image\":{\"@id\":\"https:\\\/\\\/www.revistarambla.com\\\/#\\\/schema\\\/logo\\\/image\\\/\"},\"sameAs\":[\"https:\\\/\\\/www.facebook.com\\\/revistarambla\\\/\",\"https:\\\/\\\/x.com\\\/revistarambla\",\"https:\\\/\\\/www.instagram.com\\\/revista_rambla\",\"https:\\\/\\\/es.linkedin.com\\\/company\\\/revista-rambla\"]},{\"@type\":\"Person\",\"@id\":\"https:\\\/\\\/www.revistarambla.com\\\/#\\\/schema\\\/person\\\/4a5652fc8c82df1f8593002d038cd79e\",\"name\":\"M.G.\"}]}<\/script>\n<!-- \/ Yoast SEO plugin. -->","yoast_head_json":{"title":"Loa j\u00f3venes de Gr\u00e0cia en Barcelona reclaman la gest... - Revista Rambla","description":"Los j\u00f3venes de Gr\u00e0cia han radicalizado sus acciones. El d\u00eda 28 de marzo acamparon ante el consistorio municipal, pero al cabo de unas horas fueron desal...","robots":{"index":"index","follow":"follow","max-snippet":"max-snippet:-1","max-image-preview":"max-image-preview:large","max-video-preview":"max-video-preview:-1"},"canonical":"https:\/\/www.revistarambla.com\/en\/jovenes-del-barrio-de-gracia-en-barcelona-reclaman-la-gestion-de-un-centro-juvenil\/","og_locale":"en_GB","og_type":"article","og_title":"Loa j\u00f3venes de Gr\u00e0cia en Barcelona reclaman la gest... - Revista Rambla","og_description":"Los j\u00f3venes de Gr\u00e0cia han radicalizado sus acciones. El d\u00eda 28 de marzo acamparon ante el consistorio municipal, pero al cabo de unas horas fueron desal...","og_url":"https:\/\/www.revistarambla.com\/en\/jovenes-del-barrio-de-gracia-en-barcelona-reclaman-la-gestion-de-un-centro-juvenil\/","og_site_name":"Revista Rambla","article_publisher":"https:\/\/www.facebook.com\/revistarambla\/","article_published_time":"2011-04-05T15:02:59+00:00","article_modified_time":"2021-04-27T17:14:28+00:00","og_image":[{"width":992,"height":558,"url":"https:\/\/i1.wp.com\/www.revistarambla.com\/wp-content\/uploads\/2011\/04\/LV_20110329_LV_FOTOS_D_54133609134-992x558@LaVanguardia-Web.jpg?fit=992%2C558&ssl=1","type":"image\/jpeg"}],"author":"M.G.","twitter_card":"summary_large_image","twitter_creator":"@revistarambla","twitter_site":"@revistarambla","twitter_misc":{"Written by":"M.G.","Estimated reading time":"5 minutes"},"schema":{"@context":"https:\/\/schema.org","@graph":[{"@type":"Article","@id":"https:\/\/www.revistarambla.com\/jovenes-del-barrio-de-gracia-en-barcelona-reclaman-la-gestion-de-un-centro-juvenil\/#article","isPartOf":{"@id":"https:\/\/www.revistarambla.com\/jovenes-del-barrio-de-gracia-en-barcelona-reclaman-la-gestion-de-un-centro-juvenil\/"},"author":{"name":"M.G.","@id":"https:\/\/www.revistarambla.com\/#\/schema\/person\/4a5652fc8c82df1f8593002d038cd79e"},"headline":"Los j\u00f3venes de Gr\u00e0cia en Barcelona reclaman la gesti\u00f3n de un centro juvenil","datePublished":"2011-04-05T15:02:59+00:00","dateModified":"2021-04-27T17:14:28+00:00","mainEntityOfPage":{"@id":"https:\/\/www.revistarambla.com\/jovenes-del-barrio-de-gracia-en-barcelona-reclaman-la-gestion-de-un-centro-juvenil\/"},"wordCount":1040,"commentCount":0,"publisher":{"@id":"https:\/\/www.revistarambla.com\/#organization"},"image":{"@id":"https:\/\/www.revistarambla.com\/jovenes-del-barrio-de-gracia-en-barcelona-reclaman-la-gestion-de-un-centro-juvenil\/#primaryimage"},"thumbnailUrl":"https:\/\/www.revistarambla.com\/wp-content\/uploads\/2011\/04\/LV_20110329_LV_FOTOS_D_54133609134-992x558@LaVanguardia-Web.jpg","articleSection":["Actualidad","Barcelona"],"inLanguage":"en-GB","potentialAction":[{"@type":"CommentAction","name":"Comment","target":["https:\/\/www.revistarambla.com\/jovenes-del-barrio-de-gracia-en-barcelona-reclaman-la-gestion-de-un-centro-juvenil\/#respond"]}]},{"@type":"WebPage","@id":"https:\/\/www.revistarambla.com\/jovenes-del-barrio-de-gracia-en-barcelona-reclaman-la-gestion-de-un-centro-juvenil\/","url":"https:\/\/www.revistarambla.com\/jovenes-del-barrio-de-gracia-en-barcelona-reclaman-la-gestion-de-un-centro-juvenil\/","name":"Loa j\u00f3venes de Gr\u00e0cia en Barcelona reclaman la gest... - Revista Rambla","isPartOf":{"@id":"https:\/\/www.revistarambla.com\/#website"},"primaryImageOfPage":{"@id":"https:\/\/www.revistarambla.com\/jovenes-del-barrio-de-gracia-en-barcelona-reclaman-la-gestion-de-un-centro-juvenil\/#primaryimage"},"image":{"@id":"https:\/\/www.revistarambla.com\/jovenes-del-barrio-de-gracia-en-barcelona-reclaman-la-gestion-de-un-centro-juvenil\/#primaryimage"},"thumbnailUrl":"https:\/\/www.revistarambla.com\/wp-content\/uploads\/2011\/04\/LV_20110329_LV_FOTOS_D_54133609134-992x558@LaVanguardia-Web.jpg","datePublished":"2011-04-05T15:02:59+00:00","dateModified":"2021-04-27T17:14:28+00:00","description":"Los j\u00f3venes de Gr\u00e0cia han radicalizado sus acciones. El d\u00eda 28 de marzo acamparon ante el consistorio municipal, pero al cabo de unas horas fueron desal...","breadcrumb":{"@id":"https:\/\/www.revistarambla.com\/jovenes-del-barrio-de-gracia-en-barcelona-reclaman-la-gestion-de-un-centro-juvenil\/#breadcrumb"},"inLanguage":"en-GB","potentialAction":[{"@type":"ReadAction","target":["https:\/\/www.revistarambla.com\/jovenes-del-barrio-de-gracia-en-barcelona-reclaman-la-gestion-de-un-centro-juvenil\/"]}]},{"@type":"ImageObject","inLanguage":"en-GB","@id":"https:\/\/www.revistarambla.com\/jovenes-del-barrio-de-gracia-en-barcelona-reclaman-la-gestion-de-un-centro-juvenil\/#primaryimage","url":"https:\/\/www.revistarambla.com\/wp-content\/uploads\/2011\/04\/LV_20110329_LV_FOTOS_D_54133609134-992x558@LaVanguardia-Web.jpg","contentUrl":"https:\/\/www.revistarambla.com\/wp-content\/uploads\/2011\/04\/LV_20110329_LV_FOTOS_D_54133609134-992x558@LaVanguardia-Web.jpg","width":992,"height":558,"caption":"Los j\u00f3venes de Gr\u00e0cia en Barcelona reclaman la gesti\u00f3n de un centro juvenil"},{"@type":"BreadcrumbList","@id":"https:\/\/www.revistarambla.com\/jovenes-del-barrio-de-gracia-en-barcelona-reclaman-la-gestion-de-un-centro-juvenil\/#breadcrumb","itemListElement":[{"@type":"ListItem","position":1,"name":"Portada","item":"https:\/\/www.revistarambla.com\/"},{"@type":"ListItem","position":2,"name":"Los j\u00f3venes de Gr\u00e0cia en Barcelona reclaman la gesti\u00f3n de un centro juvenil"}]},{"@type":"WebSite","@id":"https:\/\/www.revistarambla.com\/#website","url":"https:\/\/www.revistarambla.com\/","name":"Revista Rambla Barcelona","description":"Periodismo independiente","publisher":{"@id":"https:\/\/www.revistarambla.com\/#organization"},"potentialAction":[{"@type":"SearchAction","target":{"@type":"EntryPoint","urlTemplate":"https:\/\/www.revistarambla.com\/?s={search_term_string}"},"query-input":{"@type":"PropertyValueSpecification","valueRequired":true,"valueName":"search_term_string"}}],"inLanguage":"en-GB"},{"@type":"Organization","@id":"https:\/\/www.revistarambla.com\/#organization","name":"Revista Rambla","url":"https:\/\/www.revistarambla.com\/","logo":{"@type":"ImageObject","inLanguage":"en-GB","@id":"https:\/\/www.revistarambla.com\/#\/schema\/logo\/image\/","url":"https:\/\/www.revistarambla.com\/wp-content\/uploads\/2020\/09\/banner_rambla_1900x600_BB.png","contentUrl":"https:\/\/www.revistarambla.com\/wp-content\/uploads\/2020\/09\/banner_rambla_1900x600_BB.png","width":1900,"height":600,"caption":"Revista Rambla"},"image":{"@id":"https:\/\/www.revistarambla.com\/#\/schema\/logo\/image\/"},"sameAs":["https:\/\/www.facebook.com\/revistarambla\/","https:\/\/x.com\/revistarambla","https:\/\/www.instagram.com\/revista_rambla","https:\/\/es.linkedin.com\/company\/revista-rambla"]},{"@type":"Person","@id":"https:\/\/www.revistarambla.com\/#\/schema\/person\/4a5652fc8c82df1f8593002d038cd79e","name":"M.G."}]}},"_links":{"self":[{"href":"https:\/\/www.revistarambla.com\/en\/wp-json\/wp\/v2\/posts\/827","targetHints":{"allow":["GET"]}}],"collection":[{"href":"https:\/\/www.revistarambla.com\/en\/wp-json\/wp\/v2\/posts"}],"about":[{"href":"https:\/\/www.revistarambla.com\/en\/wp-json\/wp\/v2\/types\/post"}],"author":[{"embeddable":true,"href":"https:\/\/www.revistarambla.com\/en\/wp-json\/wp\/v2\/users\/1"}],"replies":[{"embeddable":true,"href":"https:\/\/www.revistarambla.com\/en\/wp-json\/wp\/v2\/comments?post=827"}],"version-history":[{"count":0,"href":"https:\/\/www.revistarambla.com\/en\/wp-json\/wp\/v2\/posts\/827\/revisions"}],"wp:featuredmedia":[{"embeddable":true,"href":"https:\/\/www.revistarambla.com\/en\/wp-json\/wp\/v2\/media\/19522"}],"wp:attachment":[{"href":"https:\/\/www.revistarambla.com\/en\/wp-json\/wp\/v2\/media?parent=827"}],"wp:term":[{"taxonomy":"category","embeddable":true,"href":"https:\/\/www.revistarambla.com\/en\/wp-json\/wp\/v2\/categories?post=827"},{"taxonomy":"post_tag","embeddable":true,"href":"https:\/\/www.revistarambla.com\/en\/wp-json\/wp\/v2\/tags?post=827"}],"curies":[{"name":"wp","href":"https:\/\/api.w.org\/{rel}","templated":true}]}}