{"id":812,"date":"2011-03-18T10:44:42","date_gmt":"2011-03-18T09:44:42","guid":{"rendered":"https:\/\/www.revistarambla.com\/salah-jamal-tenemos-la-ilusion-de-recuperar-la-dignidad\/"},"modified":"2021-12-16T21:13:40","modified_gmt":"2021-12-16T20:13:40","slug":"salah-jamal-tenemos-la-ilusion-de-recuperar-la-dignidad","status":"publish","type":"post","link":"https:\/\/www.revistarambla.com\/en\/salah-jamal-tenemos-la-ilusion-de-recuperar-la-dignidad\/","title":{"rendered":"Salah Jamal: \u00abTenemos la ilusi\u00f3n de recuperar la dignidad\u00bb"},"content":{"rendered":"<p><a href=\"https:\/\/www.revistarambla.com\/wp-content\/uploads\/2011\/03\/jamal 2.jpg\"><img decoding=\"async\" class=\"wp-image-811 size-full alignleft\" style=\"width: 232px; height: 387px; float: right; margin-left: 8px; margin-right: 8px;\" src=\"https:\/\/www.revistarambla.com\/wp-content\/uploads\/2011\/03\/jamal 2.jpg\" alt=\"revoluciones \u00e1rabes\" width=\"300\" height=\"500\" srcset=\"https:\/\/www.revistarambla.com\/wp-content\/uploads\/2011\/03\/jamal%202.jpg 300w, https:\/\/www.revistarambla.com\/wp-content\/uploads\/2011\/03\/jamal%202-180x300.jpg 180w\" sizes=\"(max-width: 300px) 100vw, 300px\" \/><\/a>La semana pasada tuvo lugar el acto \u2018Las revoluciones en el Magreb y el mundo \u00e1rabe\u2019 organizado conjuntamente por Revolta Global-Esquerra Anticapitalista y la Comunitat Palestina a Catalunya, en la Casa Palestina de Barcelona. La conferencia cont\u00f3 con la participaci\u00f3n de Sami Abdul-Jawad, (vicepresidente y coportavoz de la Comunitat Palestina en Catalunya), Salah Jamal (historiador), Pepe Nieto (miembro de So de pau) y Josep Maria Antentas (profesor de sociolog\u00eda a la UAB). Tambi\u00e9n se cont\u00f3 con la colaboraci\u00f3n de Come Heshmat (periodista holandesa-egipcia participante en \u00a0las protestas contra Mubarak) y Souad Guennoun (activista y fot\u00f3grafa marroqu\u00ed en Casablanca), ambas intervinieron al acto a trav\u00e9s de una conexi\u00f3n telef\u00f3nica por Internet para acercarnos a las revoluciones \u00e1rabes.<\/p>\n<p><a href=\"https:\/\/ca.wikipedia.org\/wiki\/Salah_Jamal\">Salah Jamal<\/a> es de origen palestino, afincado en Catalunya desde hace muchos a\u00f1os. Historiador y representante de la Comunidad Palestina en Catalunya, nos ha concedido unos minutos a parte para hablarnos de su visi\u00f3n sobre las revoluciones \u00e1rabes.<\/p>\n<p><strong>\u00bfQuien encabeza la revoluci\u00f3n libia?<\/strong><\/p>\n<p>La resistencia Libia nace en la zona oriental del pa\u00eds, que siempre ha estado bastante marginada. Se trata de una zona poblada en su mayor\u00eda por tribus que siempre se han quedado al margen de la vida pol\u00edtica y econ\u00f3mica. Por eso la revoluci\u00f3n tuvo tanto \u00e9xito en tan poco tiempo y por eso mismo Gadafi bombardea esas zonas con tanta despreocupaci\u00f3n, porque sabe que all\u00ed solo cuenta con enemigos.<\/p>\n<p><strong>\u00bfCu\u00e1l es la posici\u00f3n de Palestina ante las revoluciones \u00e1rabes?<\/strong><\/p>\n<p>Palestina juega entre dos polos opuestos: uno formado por Hamas, Siria, Hezbollah e Ir\u00e1n y el otro, formado por Estados Unidos, Arabia Saud\u00ed, Jordania y Egipto (cuando Mubarak a\u00fan estaba en el poder). Esta disputa perdura desde hace tiempo, de manera que\u00a0 la voluntad y la actuaci\u00f3n de Cisjordania y Gaza no vienen de una autoridad propia sino de presiones externas de aliados como Hamas pero tambi\u00e9n de Israel. En todo caso, ni una parte ni la otra dominan la situaci\u00f3n y dif\u00edcilmente podr\u00e1n unirse para protagonizar un levantamiento. Los j\u00f3venes palestinos protestan precisamente por este motivo, saben que mientras haya esta divisi\u00f3n ser\u00e1 imposible luchar contra la ocupaci\u00f3n<\/p>\n<p><strong>\u00bfCree que hay una doble moral de Occidente ante estos conflictos? Parece que por un lado se apoyan los cambios democr\u00e1ticos pero por otro sacamos beneficio de las poblaciones sometidas bajo estos reg\u00edmenes porque ganamos aliados.<\/strong><\/p>\n<p>El mundo occidental busca su inter\u00e9s, al igual que el mundo \u00e1rabe; la diferencia es que\u00a0 Occidente busca su inter\u00e9s a base de someter y robar a los pa\u00edses musulmanes y \u00a0encima con la doble moral de vendernos sus valores universales. No pueden robarnos y darnos sermones sobre valores humanos al mismo tiempo, y esto es lo que hacen las administraciones del mundo occidental.<\/p>\n<p><strong>A parte de que casi no se conoce su cultura\u2026<\/strong><\/p>\n<p>Eso demuestra el miedo que tienen las sociedades occidentales del mundo \u00e1rabe, que no deja de ser fruto de la ignorancia. Lo que no se conoce siempre da miedo. Los gobiernos occidentales influyen mucho en esto porque transmiten el miedo a las sociedades, el miedo \u201cal otro\u201d, cuando en realidad la mayor\u00eda de pa\u00edses \u00e1rabes no tienen ni la mitad de capacidad militar que los de occidente. El discurso del miedo funciona siempre.<\/p>\n<p><strong>Estas revoluciones no tienen precedentes, aunque se han comparado con las que tuvieron lugar con la ca\u00edda de la Uni\u00f3n Sovi\u00e9tica.<\/strong><\/p>\n<p>Hay dos cosas fundamentales que ha desencadenado todo esto y que yo considero important\u00edsimas: la recuperaci\u00f3n de la dignidad y la p\u00e9rdida del miedo. El mundo \u00e1rabe siempre ha estado atemorizado y ahora sale a la calle. Toda esta poblaci\u00f3n ha aguantado durante demasiados a\u00f1os, les ha faltado durante mucho tiempo la igualdad, la libertad y sobre todo, la dignidad.<\/p>\n<p><strong>\u00bfCree que se llegar\u00e1 \u00a0en todos estos pa\u00edses a una democracia consolidada parecida a la nuestra?<\/strong><\/p>\n<p>Al igual que los valores de la revoluci\u00f3n francesa tardaron much\u00edsimos a\u00f1os en extenderse al resto de Europa, creo que en estas zonas pasar\u00e1 algo similar. Todav\u00eda hay much\u00edsimo trabajo por hacer y solo estamos\u00a0 empezando.<\/p>\n<p><strong>\u00bfPodemos hablar oficialmente de \u201crevoluciones \u00e1rabes\u201d?<\/strong><\/p>\n<p>Creo que s\u00ed. Es una revoluci\u00f3n que pertenece \u00fanicamente a pa\u00edses \u00e1rabes en este momento, pero lo importante es que la bandera que lleva es la de la libertad y la de la dignidad.<\/p>\n<p><strong>Parece, en cambio, que en los pa\u00edses donde gobiernan monarqu\u00edas, estas revoluciones no est\u00e1n teniendo mucho \u00e9xito.<\/strong><\/p>\n<p>Tiene una explicaci\u00f3n. La mayor\u00eda de estos pa\u00edses mon\u00e1rquicos manejan much\u00edsimo dinero y tienen una clase bienestante mucho m\u00e1s extensa y dominante. De esta manera es dif\u00edcil que las clases pobres puedan crear una revoluci\u00f3n porque est\u00e1n en absoluta minor\u00eda.<\/p>\n<p>La \u00fanica excepci\u00f3n a esta explicaci\u00f3n es Marruecos, donde el rey s\u00ed que tiene mayor carisma entre la poblaci\u00f3n. Una poblaci\u00f3n, que por otra parte tiene unos indices de analfabetismo muy elevados y casi nula cultura pol\u00edtica. De esta manera, el rey manipula f\u00e1cilmente a la sociedad y puede presentarse ante ellos como un salvador y no como un dictador. Adem\u00e1s de tanto en tanto se permiten ciertas manifestaciones y actos de reivindicaci\u00f3n de derechos que simulan una falsa libertad.<\/p>\n<p><strong>\u00bfC\u00f3mo se vive toda esta situaci\u00f3n\u00a0 siendo palestino?<\/strong><\/p>\n<p>Se vive con la ilusi\u00f3n de ver que la gente por fin est\u00e1 recuperando su dignidad. Y esto es algo que pasa en todos los pa\u00edses que ahora est\u00e1n en conflicto. Es un fen\u00f3meno generalizado. Esta vez no luchamos ni por pan, ni por arroz, luchamos por nuestros derechos. Las fuerzas del Estado, tanto las de Libia como las de T\u00fanez, Egipto y el resto de pa\u00edses, no solo han torturado a la poblaci\u00f3n, tambi\u00e9n la han humillado miserablemente. Ya no se trata de los golpes sino de tener que vivir con miedo y sentirse insultado continuamente. Lo m\u00e1s importante en todo esto es que por fin podemos sentirnos orgullosos de decir que somos \u00e1rabes.<\/p>","protected":false},"excerpt":{"rendered":"<p>La semana pasada tuvo lugar el acto \u2018Las revoluciones en el Magreb y el mundo \u00e1rabe\u2019 organizado conjuntamente por Revolta Global-Esquerra Anticapitalista y la Comunitat Palestina a Catalunya, en la Casa Palestina de Barcelona. La conferencia cont\u00f3 con la participaci\u00f3n de Sami Abdul-Jawad, (vicepresidente y coportavoz de la Comunitat Palestina [&hellip;]<\/p>\n","protected":false},"author":66,"featured_media":809,"comment_status":"open","ping_status":"open","sticky":false,"template":"","format":"standard","meta":{"footnotes":""},"categories":[3,76,562],"tags":[],"class_list":["post-812","post","type-post","status-publish","format-standard","has-post-thumbnail","hentry","category-actualidad","category-barcelona","category-historia"],"yoast_head":"<!-- This site is optimized with the Yoast SEO plugin v27.5 - https:\/\/yoast.com\/product\/yoast-seo-wordpress\/ -->\n<title>Las revoluciones \u00e1rabes seg\u00fan Salah Jamal - Revista Rambla<\/title>\n<meta name=\"description\" content=\"Salah Jamal es un historiador de origen palestino afincado en Barcelona y en esta entrevista concedida a Revista Rambla habla sobre las revoluciones \u00e1rabes.\" \/>\n<meta name=\"robots\" content=\"index, follow, max-snippet:-1, max-image-preview:large, max-video-preview:-1\" \/>\n<link rel=\"canonical\" href=\"https:\/\/www.revistarambla.com\/en\/salah-jamal-tenemos-la-ilusion-de-recuperar-la-dignidad\/\" \/>\n<meta property=\"og:locale\" content=\"en_GB\" \/>\n<meta property=\"og:type\" content=\"article\" \/>\n<meta property=\"og:title\" content=\"Las revoluciones \u00e1rabes seg\u00fan Salah Jamal - Revista Rambla\" \/>\n<meta property=\"og:description\" content=\"Salah Jamal es un historiador de origen palestino afincado en Barcelona y en esta entrevista concedida a Revista Rambla habla sobre las revoluciones \u00e1rabes.\" \/>\n<meta property=\"og:url\" content=\"https:\/\/www.revistarambla.com\/en\/salah-jamal-tenemos-la-ilusion-de-recuperar-la-dignidad\/\" \/>\n<meta property=\"og:site_name\" content=\"Revista Rambla\" \/>\n<meta property=\"article:publisher\" content=\"https:\/\/www.facebook.com\/revistarambla\/\" \/>\n<meta property=\"article:published_time\" content=\"2011-03-18T09:44:42+00:00\" \/>\n<meta property=\"article:modified_time\" content=\"2021-12-16T20:13:40+00:00\" \/>\n<meta property=\"og:image\" content=\"https:\/\/www.revistarambla.com\/wp-content\/uploads\/2011\/03\/jamal%201(1).jpg\" \/>\n\t<meta property=\"og:image:width\" content=\"250\" \/>\n\t<meta property=\"og:image:height\" content=\"169\" \/>\n\t<meta property=\"og:image:type\" content=\"image\/jpeg\" \/>\n<meta name=\"author\" content=\"Ver\u00f3nica Encinas Salgado\" \/>\n<meta name=\"twitter:card\" content=\"summary_large_image\" \/>\n<meta name=\"twitter:creator\" content=\"@revistarambla\" \/>\n<meta name=\"twitter:site\" content=\"@revistarambla\" \/>\n<meta name=\"twitter:label1\" content=\"Written by\" \/>\n\t<meta name=\"twitter:data1\" content=\"Ver\u00f3nica Encinas Salgado\" \/>\n\t<meta name=\"twitter:label2\" content=\"Estimated reading time\" \/>\n\t<meta name=\"twitter:data2\" content=\"5 minutes\" \/>\n<script type=\"application\/ld+json\" class=\"yoast-schema-graph\">{\"@context\":\"https:\\\/\\\/schema.org\",\"@graph\":[{\"@type\":\"Article\",\"@id\":\"https:\\\/\\\/www.revistarambla.com\\\/salah-jamal-tenemos-la-ilusion-de-recuperar-la-dignidad\\\/#article\",\"isPartOf\":{\"@id\":\"https:\\\/\\\/www.revistarambla.com\\\/salah-jamal-tenemos-la-ilusion-de-recuperar-la-dignidad\\\/\"},\"author\":{\"name\":\"Ver\u00f3nica Encinas Salgado\",\"@id\":\"https:\\\/\\\/www.revistarambla.com\\\/#\\\/schema\\\/person\\\/d5b8d7715dcc8b0e3eeac113266d2af6\"},\"headline\":\"Salah Jamal: \u00abTenemos la ilusi\u00f3n de recuperar la dignidad\u00bb\",\"datePublished\":\"2011-03-18T09:44:42+00:00\",\"dateModified\":\"2021-12-16T20:13:40+00:00\",\"mainEntityOfPage\":{\"@id\":\"https:\\\/\\\/www.revistarambla.com\\\/salah-jamal-tenemos-la-ilusion-de-recuperar-la-dignidad\\\/\"},\"wordCount\":1058,\"commentCount\":0,\"publisher\":{\"@id\":\"https:\\\/\\\/www.revistarambla.com\\\/#organization\"},\"image\":{\"@id\":\"https:\\\/\\\/www.revistarambla.com\\\/salah-jamal-tenemos-la-ilusion-de-recuperar-la-dignidad\\\/#primaryimage\"},\"thumbnailUrl\":\"https:\\\/\\\/www.revistarambla.com\\\/wp-content\\\/uploads\\\/2011\\\/03\\\/jamal 1(1).jpg\",\"articleSection\":[\"Actualidad\",\"Barcelona\",\"Historia\"],\"inLanguage\":\"en-GB\",\"potentialAction\":[{\"@type\":\"CommentAction\",\"name\":\"Comment\",\"target\":[\"https:\\\/\\\/www.revistarambla.com\\\/salah-jamal-tenemos-la-ilusion-de-recuperar-la-dignidad\\\/#respond\"]}]},{\"@type\":\"WebPage\",\"@id\":\"https:\\\/\\\/www.revistarambla.com\\\/salah-jamal-tenemos-la-ilusion-de-recuperar-la-dignidad\\\/\",\"url\":\"https:\\\/\\\/www.revistarambla.com\\\/salah-jamal-tenemos-la-ilusion-de-recuperar-la-dignidad\\\/\",\"name\":\"Las revoluciones \u00e1rabes seg\u00fan Salah Jamal - Revista Rambla\",\"isPartOf\":{\"@id\":\"https:\\\/\\\/www.revistarambla.com\\\/#website\"},\"primaryImageOfPage\":{\"@id\":\"https:\\\/\\\/www.revistarambla.com\\\/salah-jamal-tenemos-la-ilusion-de-recuperar-la-dignidad\\\/#primaryimage\"},\"image\":{\"@id\":\"https:\\\/\\\/www.revistarambla.com\\\/salah-jamal-tenemos-la-ilusion-de-recuperar-la-dignidad\\\/#primaryimage\"},\"thumbnailUrl\":\"https:\\\/\\\/www.revistarambla.com\\\/wp-content\\\/uploads\\\/2011\\\/03\\\/jamal 1(1).jpg\",\"datePublished\":\"2011-03-18T09:44:42+00:00\",\"dateModified\":\"2021-12-16T20:13:40+00:00\",\"description\":\"Salah Jamal es un historiador de origen palestino afincado en Barcelona y en esta entrevista concedida a Revista Rambla habla sobre las revoluciones \u00e1rabes.\",\"breadcrumb\":{\"@id\":\"https:\\\/\\\/www.revistarambla.com\\\/salah-jamal-tenemos-la-ilusion-de-recuperar-la-dignidad\\\/#breadcrumb\"},\"inLanguage\":\"en-GB\",\"potentialAction\":[{\"@type\":\"ReadAction\",\"target\":[\"https:\\\/\\\/www.revistarambla.com\\\/salah-jamal-tenemos-la-ilusion-de-recuperar-la-dignidad\\\/\"]}]},{\"@type\":\"ImageObject\",\"inLanguage\":\"en-GB\",\"@id\":\"https:\\\/\\\/www.revistarambla.com\\\/salah-jamal-tenemos-la-ilusion-de-recuperar-la-dignidad\\\/#primaryimage\",\"url\":\"https:\\\/\\\/www.revistarambla.com\\\/wp-content\\\/uploads\\\/2011\\\/03\\\/jamal 1(1).jpg\",\"contentUrl\":\"https:\\\/\\\/www.revistarambla.com\\\/wp-content\\\/uploads\\\/2011\\\/03\\\/jamal 1(1).jpg\",\"width\":250,\"height\":169,\"caption\":\"alt\"},{\"@type\":\"BreadcrumbList\",\"@id\":\"https:\\\/\\\/www.revistarambla.com\\\/salah-jamal-tenemos-la-ilusion-de-recuperar-la-dignidad\\\/#breadcrumb\",\"itemListElement\":[{\"@type\":\"ListItem\",\"position\":1,\"name\":\"Portada\",\"item\":\"https:\\\/\\\/www.revistarambla.com\\\/\"},{\"@type\":\"ListItem\",\"position\":2,\"name\":\"Salah Jamal: \u00abTenemos la ilusi\u00f3n de recuperar la dignidad\u00bb\"}]},{\"@type\":\"WebSite\",\"@id\":\"https:\\\/\\\/www.revistarambla.com\\\/#website\",\"url\":\"https:\\\/\\\/www.revistarambla.com\\\/\",\"name\":\"Revista Rambla Barcelona\",\"description\":\"Periodismo independiente\",\"publisher\":{\"@id\":\"https:\\\/\\\/www.revistarambla.com\\\/#organization\"},\"potentialAction\":[{\"@type\":\"SearchAction\",\"target\":{\"@type\":\"EntryPoint\",\"urlTemplate\":\"https:\\\/\\\/www.revistarambla.com\\\/?s={search_term_string}\"},\"query-input\":{\"@type\":\"PropertyValueSpecification\",\"valueRequired\":true,\"valueName\":\"search_term_string\"}}],\"inLanguage\":\"en-GB\"},{\"@type\":\"Organization\",\"@id\":\"https:\\\/\\\/www.revistarambla.com\\\/#organization\",\"name\":\"Revista Rambla\",\"url\":\"https:\\\/\\\/www.revistarambla.com\\\/\",\"logo\":{\"@type\":\"ImageObject\",\"inLanguage\":\"en-GB\",\"@id\":\"https:\\\/\\\/www.revistarambla.com\\\/#\\\/schema\\\/logo\\\/image\\\/\",\"url\":\"https:\\\/\\\/www.revistarambla.com\\\/wp-content\\\/uploads\\\/2020\\\/09\\\/banner_rambla_1900x600_BB.png\",\"contentUrl\":\"https:\\\/\\\/www.revistarambla.com\\\/wp-content\\\/uploads\\\/2020\\\/09\\\/banner_rambla_1900x600_BB.png\",\"width\":1900,\"height\":600,\"caption\":\"Revista Rambla\"},\"image\":{\"@id\":\"https:\\\/\\\/www.revistarambla.com\\\/#\\\/schema\\\/logo\\\/image\\\/\"},\"sameAs\":[\"https:\\\/\\\/www.facebook.com\\\/revistarambla\\\/\",\"https:\\\/\\\/x.com\\\/revistarambla\",\"https:\\\/\\\/www.instagram.com\\\/revista_rambla\",\"https:\\\/\\\/es.linkedin.com\\\/company\\\/revista-rambla\"]},{\"@type\":\"Person\",\"@id\":\"https:\\\/\\\/www.revistarambla.com\\\/#\\\/schema\\\/person\\\/d5b8d7715dcc8b0e3eeac113266d2af6\",\"name\":\"Ver\u00f3nica Encinas Salgado\",\"description\":\"Licenciada en Ciencias Pol\u00edticas por la Universidad Aut\u00f3noma de Barcelona y especializada en periodismo y comunicaci\u00f3n digital.\",\"sameAs\":[\"https:\\\/\\\/www.instagram.com\\\/veronica.encinas.salgado\\\/\",\"https:\\\/\\\/es.linkedin.com\\\/in\\\/veronicaencinassalgado\"]}]}<\/script>\n<!-- \/ Yoast SEO plugin. -->","yoast_head_json":{"title":"Las revoluciones \u00e1rabes seg\u00fan Salah Jamal - Revista Rambla","description":"Salah Jamal es un historiador de origen palestino afincado en Barcelona y en esta entrevista concedida a Revista Rambla habla sobre las revoluciones \u00e1rabes.","robots":{"index":"index","follow":"follow","max-snippet":"max-snippet:-1","max-image-preview":"max-image-preview:large","max-video-preview":"max-video-preview:-1"},"canonical":"https:\/\/www.revistarambla.com\/en\/salah-jamal-tenemos-la-ilusion-de-recuperar-la-dignidad\/","og_locale":"en_GB","og_type":"article","og_title":"Las revoluciones \u00e1rabes seg\u00fan Salah Jamal - Revista Rambla","og_description":"Salah Jamal es un historiador de origen palestino afincado en Barcelona y en esta entrevista concedida a Revista Rambla habla sobre las revoluciones \u00e1rabes.","og_url":"https:\/\/www.revistarambla.com\/en\/salah-jamal-tenemos-la-ilusion-de-recuperar-la-dignidad\/","og_site_name":"Revista Rambla","article_publisher":"https:\/\/www.facebook.com\/revistarambla\/","article_published_time":"2011-03-18T09:44:42+00:00","article_modified_time":"2021-12-16T20:13:40+00:00","og_image":[{"width":250,"height":169,"url":"https:\/\/www.revistarambla.com\/wp-content\/uploads\/2011\/03\/jamal 1(1).jpg","type":"image\/jpeg"}],"author":"Ver\u00f3nica Encinas Salgado","twitter_card":"summary_large_image","twitter_creator":"@revistarambla","twitter_site":"@revistarambla","twitter_misc":{"Written by":"Ver\u00f3nica Encinas Salgado","Estimated reading time":"5 minutes"},"schema":{"@context":"https:\/\/schema.org","@graph":[{"@type":"Article","@id":"https:\/\/www.revistarambla.com\/salah-jamal-tenemos-la-ilusion-de-recuperar-la-dignidad\/#article","isPartOf":{"@id":"https:\/\/www.revistarambla.com\/salah-jamal-tenemos-la-ilusion-de-recuperar-la-dignidad\/"},"author":{"name":"Ver\u00f3nica Encinas Salgado","@id":"https:\/\/www.revistarambla.com\/#\/schema\/person\/d5b8d7715dcc8b0e3eeac113266d2af6"},"headline":"Salah Jamal: \u00abTenemos la ilusi\u00f3n de recuperar la dignidad\u00bb","datePublished":"2011-03-18T09:44:42+00:00","dateModified":"2021-12-16T20:13:40+00:00","mainEntityOfPage":{"@id":"https:\/\/www.revistarambla.com\/salah-jamal-tenemos-la-ilusion-de-recuperar-la-dignidad\/"},"wordCount":1058,"commentCount":0,"publisher":{"@id":"https:\/\/www.revistarambla.com\/#organization"},"image":{"@id":"https:\/\/www.revistarambla.com\/salah-jamal-tenemos-la-ilusion-de-recuperar-la-dignidad\/#primaryimage"},"thumbnailUrl":"https:\/\/www.revistarambla.com\/wp-content\/uploads\/2011\/03\/jamal 1(1).jpg","articleSection":["Actualidad","Barcelona","Historia"],"inLanguage":"en-GB","potentialAction":[{"@type":"CommentAction","name":"Comment","target":["https:\/\/www.revistarambla.com\/salah-jamal-tenemos-la-ilusion-de-recuperar-la-dignidad\/#respond"]}]},{"@type":"WebPage","@id":"https:\/\/www.revistarambla.com\/salah-jamal-tenemos-la-ilusion-de-recuperar-la-dignidad\/","url":"https:\/\/www.revistarambla.com\/salah-jamal-tenemos-la-ilusion-de-recuperar-la-dignidad\/","name":"Las revoluciones \u00e1rabes seg\u00fan Salah Jamal - Revista Rambla","isPartOf":{"@id":"https:\/\/www.revistarambla.com\/#website"},"primaryImageOfPage":{"@id":"https:\/\/www.revistarambla.com\/salah-jamal-tenemos-la-ilusion-de-recuperar-la-dignidad\/#primaryimage"},"image":{"@id":"https:\/\/www.revistarambla.com\/salah-jamal-tenemos-la-ilusion-de-recuperar-la-dignidad\/#primaryimage"},"thumbnailUrl":"https:\/\/www.revistarambla.com\/wp-content\/uploads\/2011\/03\/jamal 1(1).jpg","datePublished":"2011-03-18T09:44:42+00:00","dateModified":"2021-12-16T20:13:40+00:00","description":"Salah Jamal es un historiador de origen palestino afincado en Barcelona y en esta entrevista concedida a Revista Rambla habla sobre las revoluciones \u00e1rabes.","breadcrumb":{"@id":"https:\/\/www.revistarambla.com\/salah-jamal-tenemos-la-ilusion-de-recuperar-la-dignidad\/#breadcrumb"},"inLanguage":"en-GB","potentialAction":[{"@type":"ReadAction","target":["https:\/\/www.revistarambla.com\/salah-jamal-tenemos-la-ilusion-de-recuperar-la-dignidad\/"]}]},{"@type":"ImageObject","inLanguage":"en-GB","@id":"https:\/\/www.revistarambla.com\/salah-jamal-tenemos-la-ilusion-de-recuperar-la-dignidad\/#primaryimage","url":"https:\/\/www.revistarambla.com\/wp-content\/uploads\/2011\/03\/jamal 1(1).jpg","contentUrl":"https:\/\/www.revistarambla.com\/wp-content\/uploads\/2011\/03\/jamal 1(1).jpg","width":250,"height":169,"caption":"alt"},{"@type":"BreadcrumbList","@id":"https:\/\/www.revistarambla.com\/salah-jamal-tenemos-la-ilusion-de-recuperar-la-dignidad\/#breadcrumb","itemListElement":[{"@type":"ListItem","position":1,"name":"Portada","item":"https:\/\/www.revistarambla.com\/"},{"@type":"ListItem","position":2,"name":"Salah Jamal: \u00abTenemos la ilusi\u00f3n de recuperar la dignidad\u00bb"}]},{"@type":"WebSite","@id":"https:\/\/www.revistarambla.com\/#website","url":"https:\/\/www.revistarambla.com\/","name":"Revista Rambla Barcelona","description":"Periodismo independiente","publisher":{"@id":"https:\/\/www.revistarambla.com\/#organization"},"potentialAction":[{"@type":"SearchAction","target":{"@type":"EntryPoint","urlTemplate":"https:\/\/www.revistarambla.com\/?s={search_term_string}"},"query-input":{"@type":"PropertyValueSpecification","valueRequired":true,"valueName":"search_term_string"}}],"inLanguage":"en-GB"},{"@type":"Organization","@id":"https:\/\/www.revistarambla.com\/#organization","name":"Revista Rambla","url":"https:\/\/www.revistarambla.com\/","logo":{"@type":"ImageObject","inLanguage":"en-GB","@id":"https:\/\/www.revistarambla.com\/#\/schema\/logo\/image\/","url":"https:\/\/www.revistarambla.com\/wp-content\/uploads\/2020\/09\/banner_rambla_1900x600_BB.png","contentUrl":"https:\/\/www.revistarambla.com\/wp-content\/uploads\/2020\/09\/banner_rambla_1900x600_BB.png","width":1900,"height":600,"caption":"Revista Rambla"},"image":{"@id":"https:\/\/www.revistarambla.com\/#\/schema\/logo\/image\/"},"sameAs":["https:\/\/www.facebook.com\/revistarambla\/","https:\/\/x.com\/revistarambla","https:\/\/www.instagram.com\/revista_rambla","https:\/\/es.linkedin.com\/company\/revista-rambla"]},{"@type":"Person","@id":"https:\/\/www.revistarambla.com\/#\/schema\/person\/d5b8d7715dcc8b0e3eeac113266d2af6","name":"Ver\u00f3nica Encinas Salgado","description":"Licenciada en Ciencias Pol\u00edticas por la Universidad Aut\u00f3noma de Barcelona y especializada en periodismo y comunicaci\u00f3n digital.","sameAs":["https:\/\/www.instagram.com\/veronica.encinas.salgado\/","https:\/\/es.linkedin.com\/in\/veronicaencinassalgado"]}]}},"_links":{"self":[{"href":"https:\/\/www.revistarambla.com\/en\/wp-json\/wp\/v2\/posts\/812","targetHints":{"allow":["GET"]}}],"collection":[{"href":"https:\/\/www.revistarambla.com\/en\/wp-json\/wp\/v2\/posts"}],"about":[{"href":"https:\/\/www.revistarambla.com\/en\/wp-json\/wp\/v2\/types\/post"}],"author":[{"embeddable":true,"href":"https:\/\/www.revistarambla.com\/en\/wp-json\/wp\/v2\/users\/66"}],"replies":[{"embeddable":true,"href":"https:\/\/www.revistarambla.com\/en\/wp-json\/wp\/v2\/comments?post=812"}],"version-history":[{"count":0,"href":"https:\/\/www.revistarambla.com\/en\/wp-json\/wp\/v2\/posts\/812\/revisions"}],"wp:featuredmedia":[{"embeddable":true,"href":"https:\/\/www.revistarambla.com\/en\/wp-json\/wp\/v2\/media\/809"}],"wp:attachment":[{"href":"https:\/\/www.revistarambla.com\/en\/wp-json\/wp\/v2\/media?parent=812"}],"wp:term":[{"taxonomy":"category","embeddable":true,"href":"https:\/\/www.revistarambla.com\/en\/wp-json\/wp\/v2\/categories?post=812"},{"taxonomy":"post_tag","embeddable":true,"href":"https:\/\/www.revistarambla.com\/en\/wp-json\/wp\/v2\/tags?post=812"}],"curies":[{"name":"wp","href":"https:\/\/api.w.org\/{rel}","templated":true}]}}