{"id":8092,"date":"2015-10-28T12:14:23","date_gmt":"2015-10-28T12:14:23","guid":{"rendered":"https:\/\/www.revistarambla.com\/nueva-redada-contra-el-movimiento-libertario-catalan\/"},"modified":"2021-04-13T17:10:12","modified_gmt":"2021-04-13T15:10:12","slug":"nueva-redada-contra-el-movimiento-libertario-catalan","status":"publish","type":"post","link":"https:\/\/www.revistarambla.com\/en\/nueva-redada-contra-el-movimiento-libertario-catalan\/","title":{"rendered":"Nueva redada contra el movimiento libertario catal\u00e1n"},"content":{"rendered":"<p>Por orden de la Audiencia Nacional y con un gran despliegue de los Mossos d\u2019Esquadra, la ma\u00f1ana del mi\u00e9rcoles 28 de octubre, amaneci\u00f3 con varios operativos policiales en los ateneos libertarios de los barrios barceloneses de Sans, Gr\u00e0cia, Sant Andreu de Palomar, Clot y la ciudad de Manresa, entre otros.<\/p>\n<p><img decoding=\"async\" class=\"size-full wp-image-8091 aligncenter\" style=\"width: 700px; height: 448px;\" src=\"https:\/\/www.revistarambla.com\/wp-content\/uploads\/2015\/10\/pilis-revistarambla-02.jpg\" alt=\"alt\" width=\"700\" height=\"448\" srcset=\"https:\/\/www.revistarambla.com\/wp-content\/uploads\/2015\/10\/pilis-revistarambla-02.jpg 700w, https:\/\/www.revistarambla.com\/wp-content\/uploads\/2015\/10\/pilis-revistarambla-02-300x192.jpg 300w, https:\/\/www.revistarambla.com\/wp-content\/uploads\/2015\/10\/pilis-revistarambla-02-500x320.jpg 500w\" sizes=\"(max-width: 700px) 100vw, 700px\" \/><\/p>\n<p><span data-scayt_word=\"Hace\" data-scaytid=\"1963\">Hace<\/span> <span data-scayt_word=\"aproximadamente\" data-scaytid=\"82\">aproximadamente<\/span> un <span data-scayt_word=\"a\u00f1o\" data-scaytid=\"83\">a\u00f1o<\/span> <span data-scayt_word=\"inform\u00e1bamos\" data-scaytid=\"84\">inform\u00e1bamos<\/span> <a href=\"https:\/\/www.revistarambla.com\/en\/v1\/sociedad\/denuncias\/2699-gran-redada-contra-el-movimiento-anarquista\/\">de la <span data-scayt_word=\"gran\" data-scaytid=\"26\">gran<\/span> <span data-scayt_word=\"redada\" data-scaytid=\"86\">redada<\/span><\/a>, con once <span data-scayt_word=\"detenidos\" data-scaytid=\"87\">detenidos<\/span>, del <span data-scayt_word=\"movimiento\" data-scaytid=\"88\">movimiento<\/span> <span data-scayt_word=\"anarquista\" data-scaytid=\"89\">anarquista<\/span> de <span data-scayt_word=\"Catalunya\" data-scaytid=\"90\">Catalunya<\/span>. En <span data-scayt_word=\"aquella\" data-scaytid=\"91\">aquella<\/span> <span data-scayt_word=\"ocasi\u00f3n\" data-scaytid=\"92\">ocasi\u00f3n<\/span>, la <span data-scayt_word=\"llamada\" data-scaytid=\"93\">llamada<\/span> <strong><span data-scayt_word=\"Operaci\u00f3n\" data-scaytid=\"94\">Operaci\u00f3n<\/span> Pandora<\/strong> <span data-scayt_word=\"que\" data-scaytid=\"95\">que<\/span> <span data-scayt_word=\"dirig\u00eda\" data-scaytid=\"99\">dirig\u00eda<\/span> el <span data-scayt_word=\"juez\" data-scaytid=\"100\">juez<\/span> de la <span data-scayt_word=\"Audiencia\" data-scaytid=\"53\">Audiencia<\/span> <span data-scayt_word=\"Nacional\" data-scaytid=\"54\">Nacional<\/span> <strong>Javier <span data-scayt_word=\"G\u00f3mez\" data-scaytid=\"103\">G\u00f3mez<\/span> de <span data-scayt_word=\"Berm\u00fadez\" data-scaytid=\"104\">Berm\u00fadez<\/span><\/strong>, <span data-scayt_word=\"buscaba\" data-scaytid=\"105\">buscaba<\/span> <span data-scayt_word=\"pruebas\" data-scaytid=\"106\">pruebas<\/span> de la <span data-scayt_word=\"existencia\" data-scaytid=\"107\">existencia<\/span> de un <span data-scayt_word=\"supuesto\" data-scaytid=\"109\">supuesto<\/span> <span data-scayt_word=\"grupo\" data-scaytid=\"110\">grupo<\/span> <span data-scayt_word=\"terrorista\" data-scaytid=\"111\">terrorista<\/span> <span data-scayt_word=\"responsable\" data-scaytid=\"112\">responsable<\/span> de <span data-scayt_word=\"varios\" data-scaytid=\"55\">varios<\/span> <span data-scayt_word=\"incendios\" data-scaytid=\"114\">incendios<\/span> en <span data-scayt_word=\"cajeros\" data-scaytid=\"115\">cajeros<\/span> <span data-scayt_word=\"autom\u00e1ticos\" data-scaytid=\"116\">autom\u00e1ticos<\/span>. <span data-scayt_word=\"Fueron\" data-scaytid=\"117\">Fueron<\/span> <span data-scayt_word=\"detenidas\" data-scaytid=\"118\">detenidas<\/span> once personas, de <span data-scayt_word=\"las\" data-scaytid=\"119\">las<\/span> <span data-scayt_word=\"cuales\" data-scaytid=\"120\">cuales<\/span> <span data-scayt_word=\"siete\" data-scaytid=\"121\">siete<\/span> <span data-scayt_word=\"fueron\" data-scaytid=\"122\">fueron<\/span> a <span data-scayt_word=\"prisi\u00f3n\" data-scaytid=\"123\">prisi\u00f3n<\/span>, <span data-scayt_word=\"pero\" data-scaytid=\"124\">pero<\/span> <span data-scayt_word=\"que\" data-scaytid=\"96\">que<\/span> <span data-scayt_word=\"desde\" data-scaytid=\"125\">desde<\/span> el <span data-scayt_word=\"pasado\" data-scaytid=\"126\">pasado<\/span> <span data-scayt_word=\"mes\" data-scaytid=\"127\">mes<\/span> de <span data-scayt_word=\"enero\" data-scaytid=\"128\">enero<\/span> <span data-scayt_word=\"est\u00e1n\" data-scaytid=\"129\">est\u00e1n<\/span> <span data-scayt_word=\"todos\" data-scaytid=\"130\">todos<\/span> <span data-scayt_word=\"ellos\" data-scaytid=\"131\">ellos<\/span> en <span data-scayt_word=\"libertad\" data-scaytid=\"132\">libertad<\/span>, <span data-scayt_word=\"por\" data-scaytid=\"133\">por<\/span> lo <span data-scayt_word=\"que\" data-scaytid=\"97\">que<\/span> la <span data-scayt_word=\"existencia\" data-scaytid=\"108\">existencia<\/span> de <span data-scayt_word=\"ese\" data-scaytid=\"134\">ese<\/span> <span data-scayt_word=\"\u201cgrupo\" data-scaytid=\"135\">\u201cgrupo<\/span> criminal\u201d <span data-scayt_word=\"qued\u00f3\" data-scaytid=\"136\">qued\u00f3<\/span> en <span data-scayt_word=\"entredicho\" data-scaytid=\"137\">entredicho<\/span>, y <span data-scayt_word=\"m\u00e1s\" data-scaytid=\"138\">m\u00e1s<\/span> <span data-scayt_word=\"pareci\u00f3\" data-scaytid=\"139\">pareci\u00f3<\/span> <span data-scayt_word=\"todo\" data-scaytid=\"140\">todo<\/span> un <span data-scayt_word=\"intento\" data-scaytid=\"141\">intento<\/span> de <span data-scayt_word=\"criminalizar\" data-scaytid=\"142\">criminalizar<\/span> un <span data-scayt_word=\"movimiento\" data-scaytid=\"143\">movimiento<\/span> social de <span data-scayt_word=\"protesta\" data-scaytid=\"144\">protesta<\/span> <span data-scayt_word=\"que\" data-scaytid=\"98\">que<\/span> en <span data-scayt_word=\"aquellos\" data-scaytid=\"145\">aquellos<\/span> <span data-scayt_word=\"d\u00edas\" data-scaytid=\"146\">d\u00edas<\/span> se <span data-scayt_word=\"estaba\" data-scaytid=\"147\">estaba<\/span> <span data-scayt_word=\"dando\" data-scaytid=\"148\">dando<\/span> <span data-scayt_word=\"alrededor\" data-scaytid=\"149\">alrededor<\/span> de <span data-scayt_word=\"varias\" data-scaytid=\"150\">varias<\/span> <span data-scayt_word=\"casas\" data-scaytid=\"151\">casas<\/span> <span data-scayt_word=\"ocupadas\" data-scaytid=\"152\">ocupadas<\/span>, <span data-scayt_word=\"como\" data-scaytid=\"153\">como<\/span> la <span data-scayt_word=\"llamada\" data-scaytid=\"154\">llamada<\/span> <strong><span data-scayt_word=\"\u201cKasa\" data-scaytid=\"337\">\u201cKasa<\/span> de la <span data-scayt_word=\"Montanya\u201d\" data-scaytid=\"338\">Montanya\u201d<\/span><\/strong>,del barrio <span data-scayt_word=\"barcelon\u00e9s\" data-scaytid=\"339\">barcelon\u00e9s<\/span> de <span data-scayt_word=\"Gr\u00e0cia\" data-scaytid=\"335\">Gr\u00e0cia<\/span> y <span data-scayt_word=\"que\" data-scaytid=\"336\">que<\/span> <span data-scayt_word=\"llevaba\" data-scaytid=\"342\">llevaba<\/span> 25 <span data-scayt_word=\"a\u00f1os\" data-scaytid=\"343\">a\u00f1os<\/span> de <span data-scayt_word=\"actividad\" data-scaytid=\"344\">actividad<\/span> social y <span data-scayt_word=\"vecinal\" data-scaytid=\"345\">vecinal<\/span>.<\/p>\n<p><strong><span data-scayt_word=\"NUEVE\" data-scaytid=\"346\">NUEVE<\/span> <span data-scayt_word=\"DETENIDOS\" data-scaytid=\"347\">DETENIDOS<\/span><\/strong><\/p>\n<p>El <span data-scayt_word=\"mi\u00e9rcoles\" data-scaytid=\"348\">mi\u00e9rcoles<\/span>, a <span data-scayt_word=\"las\" data-scaytid=\"349\">las<\/span> 06: 00 <span data-scayt_word=\"horas\" data-scaytid=\"368\">horas<\/span>, <span data-scayt_word=\"una\" data-scaytid=\"369\">una<\/span> <span data-scayt_word=\"derivada\" data-scaytid=\"370\">derivada<\/span> de la <span data-scayt_word=\"citada\" data-scaytid=\"371\">citada<\/span> <span data-scayt_word=\"Operaci\u00f3n\" data-scaytid=\"351\">Operaci\u00f3n<\/span> Pandora, <span data-scayt_word=\"llev\u00f3\" data-scaytid=\"373\">llev\u00f3<\/span> a la <span data-scayt_word=\"Brigada\" data-scaytid=\"374\">Brigada<\/span> <span data-scayt_word=\"M\u00f3vil\" data-scaytid=\"375\">M\u00f3vil<\/span> de los <span data-scayt_word=\"Mossos\" data-scaytid=\"352\">Mossos<\/span> <span data-scayt_word=\"d\u2019Esquadra\" data-scaytid=\"353\">d\u2019Esquadra<\/span> a registrar los <span data-scayt_word=\"ateneos\" data-scaytid=\"354\">ateneos<\/span> <span data-scayt_word=\"libertarios\" data-scaytid=\"355\">libertarios<\/span> de los barrios de Barcelona de Sans, Clot, <span data-scayt_word=\"Gr\u00e0cia\" data-scaytid=\"356\">Gr\u00e0cia<\/span>, <span data-scayt_word=\"Sant\" data-scaytid=\"357\">Sant<\/span> <span data-scayt_word=\"Andreu\u2026\" data-scaytid=\"382\">Andreu\u2026<\/span>, y la <span data-scayt_word=\"ciudad\" data-scaytid=\"358\">ciudad<\/span> de <span data-scayt_word=\"Manresa\" data-scaytid=\"359\">Manresa<\/span>. Los <span data-scayt_word=\"registros\" data-scaytid=\"385\">registros<\/span> <span data-scayt_word=\"tambi\u00e9n\" data-scaytid=\"386\">tambi\u00e9n<\/span> se <span data-scayt_word=\"realizaron\" data-scaytid=\"387\">realizaron<\/span> en <span data-scayt_word=\"viviendas\" data-scaytid=\"388\">viviendas<\/span> <span data-scayt_word=\"particulares\" data-scaytid=\"389\">particulares<\/span>, y <span data-scayt_word=\"como\" data-scaytid=\"360\">como<\/span> el <span data-scayt_word=\"a\u00f1o\" data-scaytid=\"361\">a\u00f1o<\/span> <span data-scayt_word=\"pasado\" data-scaytid=\"362\">pasado<\/span>, <span data-scayt_word=\"las\" data-scaytid=\"350\">las<\/span> <span data-scayt_word=\"fuentes\" data-scaytid=\"393\">fuentes<\/span> <span data-scayt_word=\"policiales\" data-scaytid=\"363\">policiales<\/span> nos <span data-scayt_word=\"informan\" data-scaytid=\"395\">informan<\/span> <span data-scayt_word=\"que\" data-scaytid=\"364\">que<\/span> <span data-scayt_word=\"buscan\" data-scaytid=\"397\">buscan<\/span> a los <span data-scayt_word=\"integrantes\" data-scaytid=\"398\">integrantes<\/span> de la <span data-scayt_word=\"organizaci\u00f3n\" data-scaytid=\"399\">organizaci\u00f3n<\/span> <strong><span data-scayt_word=\"Grupos\" data-scaytid=\"400\">Grupos<\/span> <span data-scayt_word=\"Anarquistas\" data-scaytid=\"401\">Anarquistas<\/span> <span data-scayt_word=\"Coordinados\" data-scaytid=\"402\">Coordinados<\/span><\/strong> (<span data-scayt_word=\"GAC\" data-scaytid=\"436\">GAC<\/span>), <span data-scayt_word=\"organizaci\u00f3n\" data-scaytid=\"428\">organizaci\u00f3n<\/span> <span data-scayt_word=\"que\" data-scaytid=\"429\">que<\/span> <span data-scayt_word=\"las\" data-scaytid=\"431\">las<\/span> <span data-scayt_word=\"citadas\" data-scaytid=\"441\">citadas<\/span> <span data-scayt_word=\"fuentes\" data-scaytid=\"432\">fuentes<\/span> <span data-scayt_word=\"policiales\" data-scaytid=\"433\">policiales<\/span> <span data-scayt_word=\"relacionan\" data-scaytid=\"444\">relacionan<\/span> con <span data-scayt_word=\"atentados\" data-scaytid=\"445\">atentados<\/span> con <span data-scayt_word=\"artefactos\" data-scaytid=\"447\">artefactos<\/span> <span data-scayt_word=\"incendiarios\" data-scaytid=\"448\">incendiarios<\/span> y <span data-scayt_word=\"explosivos\" data-scaytid=\"449\">explosivos<\/span> <span data-scayt_word=\"ocurridos\" data-scaytid=\"450\">ocurridos<\/span> en los <span data-scayt_word=\"a\u00f1os\" data-scaytid=\"434\">a\u00f1os<\/span> 2012 y 2013 y <span data-scayt_word=\"dirigidos\" data-scaytid=\"452\">dirigidos<\/span> <span data-scayt_word=\"principalmente\" data-scaytid=\"453\">principalmente<\/span> contra <span data-scayt_word=\"entidades\" data-scaytid=\"454\">entidades<\/span> <span data-scayt_word=\"bancarias\" data-scaytid=\"455\">bancarias<\/span>. No se <span data-scayt_word=\"tuvo\" data-scaytid=\"456\">tuvo<\/span> <span data-scayt_word=\"que\" data-scaytid=\"430\">que<\/span> <span data-scayt_word=\"lamentar\" data-scaytid=\"457\">lamentar<\/span> <span data-scayt_word=\"da\u00f1os\" data-scaytid=\"458\">da\u00f1os<\/span> <span data-scayt_word=\"personales\" data-scaytid=\"459\">personales<\/span>, <span data-scayt_word=\"pero\" data-scaytid=\"435\">pero<\/span> <span data-scayt_word=\"alguno\" data-scaytid=\"461\">alguno<\/span> de <span data-scayt_word=\"estos\" data-scaytid=\"462\">estos<\/span> <span data-scayt_word=\"atentados\" data-scaytid=\"446\">atentados<\/span> <span data-scayt_word=\"puso\" data-scaytid=\"463\">puso<\/span> en <span data-scayt_word=\"peligro\" data-scaytid=\"464\">peligro<\/span> la <span data-scayt_word=\"integridad\" data-scaytid=\"465\">integridad<\/span> <span data-scayt_word=\"f\u00edsica\" data-scaytid=\"466\">f\u00edsica<\/span> de <span data-scayt_word=\"algunas\" data-scaytid=\"467\">algunas<\/span> personas.<\/p>\n<p><span data-scayt_word=\"Hasta\" data-scaytid=\"566\">Hasta<\/span> el <span data-scayt_word=\"momento\" data-scaytid=\"567\">momento<\/span> hay <span data-scayt_word=\"nueve\" data-scaytid=\"568\">nueve<\/span> personas <span data-scayt_word=\"detenidas\" data-scaytid=\"526\">detenidas<\/span> y se <span data-scayt_word=\"han\" data-scaytid=\"570\">han<\/span> <span data-scayt_word=\"efectuado\" data-scaytid=\"572\">efectuado<\/span> <span data-scayt_word=\"diez\" data-scaytid=\"573\">diez<\/span> <span data-scayt_word=\"registros\" data-scaytid=\"527\">registros<\/span>. <span data-scayt_word=\"Varios\" data-scaytid=\"576\">Varios<\/span> <span data-scayt_word=\"centenares\" data-scaytid=\"577\">centenares<\/span> de personas se <span data-scayt_word=\"han\" data-scaytid=\"571\">han<\/span> <span data-scayt_word=\"concentrado\" data-scaytid=\"578\">concentrado<\/span> en la <span data-scayt_word=\"calle\" data-scaytid=\"579\">calle<\/span> de Sans <span data-scayt_word=\"parando\" data-scaytid=\"583\">parando<\/span> el <span data-scayt_word=\"tr\u00e1fico\" data-scaytid=\"584\">tr\u00e1fico<\/span> y con <span data-scayt_word=\"una\" data-scaytid=\"528\">una<\/span> <span data-scayt_word=\"pancarta\" data-scaytid=\"586\">pancarta<\/span> en <span data-scayt_word=\"solidaridad\" data-scaytid=\"587\">solidaridad<\/span> con los <span data-scayt_word=\"detenidos\" data-scaytid=\"529\">detenidos<\/span>. En la <span data-scayt_word=\"calle\" data-scaytid=\"580\">calle<\/span> <span data-scayt_word=\"Peligro\" data-scaytid=\"589\">Peligro<\/span> del barrio de <span data-scayt_word=\"Gr\u00e0cia\" data-scaytid=\"530\">Gr\u00e0cia<\/span> la <span data-scayt_word=\"polic\u00eda\" data-scaytid=\"591\">polic\u00eda<\/span> <span data-scayt_word=\"auton\u00f3mica\" data-scaytid=\"592\">auton\u00f3mica<\/span> <span data-scayt_word=\"cerc\u00f3\" data-scaytid=\"593\">cerc\u00f3<\/span> la <span data-scayt_word=\"calle\" data-scaytid=\"581\">calle<\/span> <span data-scayt_word=\"para\" data-scaytid=\"594\">para<\/span> registrar un <span data-scayt_word=\"domicilio\" data-scaytid=\"595\">domicilio<\/span>, y en la <span data-scayt_word=\"calle\" data-scaytid=\"582\">calle<\/span> <span data-scayt_word=\"Mar\u00eda\" data-scaytid=\"596\">Mar\u00eda<\/span> <span data-scayt_word=\"Vict\u00f2ria\" data-scaytid=\"597\">Vict\u00f2ria<\/span> de Sans, <span data-scayt_word=\"donde\" data-scaytid=\"598\">donde<\/span> <span data-scayt_word=\"est\u00e1\" data-scaytid=\"599\">est\u00e1<\/span> el <span data-scayt_word=\"Ateneu\" data-scaytid=\"600\">Ateneu<\/span> <span data-scayt_word=\"Llibertari\" data-scaytid=\"601\">Llibertari<\/span>, <span data-scayt_word=\"diez\" data-scaytid=\"574\">diez<\/span> <span data-scayt_word=\"furgonetas\" data-scaytid=\"602\">furgonetas<\/span> de la <span data-scayt_word=\"Brigada\" data-scaytid=\"531\">Brigada<\/span> <span data-scayt_word=\"M\u00f3vil\" data-scaytid=\"532\">M\u00f3vil<\/span> <span data-scayt_word=\"cortaron\" data-scaytid=\"605\">cortaron<\/span> <span data-scayt_word=\"las\" data-scaytid=\"533\">las<\/span> <span data-scayt_word=\"calles\" data-scaytid=\"607\">calles<\/span> <span data-scayt_word=\"adyacentes\" data-scaytid=\"608\">adyacentes<\/span>.<\/p>","protected":false},"excerpt":{"rendered":"<p>Por orden de la Audiencia Nacional y con un gran despliegue de los Mossos d\u2019Esquadra, la ma\u00f1ana del mi\u00e9rcoles 28 de octubre, amaneci\u00f3 con varios operativos policiales en los ateneos libertarios de los barrios barceloneses de Sans, Gr\u00e0cia, Sant Andreu de Palomar, Clot y la ciudad de Manresa, entre otros. [&hellip;]<\/p>\n","protected":false},"author":3,"featured_media":0,"comment_status":"open","ping_status":"open","sticky":false,"template":"","format":"standard","meta":{"footnotes":""},"categories":[3,76],"tags":[],"class_list":["post-8092","post","type-post","status-publish","format-standard","hentry","category-actualidad","category-barcelona"],"yoast_head":"<!-- This site is optimized with the Yoast SEO plugin v27.5 - https:\/\/yoast.com\/product\/yoast-seo-wordpress\/ -->\n<title>Nueva redada contra el movimiento libertario catal\u00e1n - Revista Rambla<\/title>\n<meta name=\"robots\" content=\"index, follow, max-snippet:-1, max-image-preview:large, max-video-preview:-1\" \/>\n<link rel=\"canonical\" href=\"https:\/\/www.revistarambla.com\/en\/nueva-redada-contra-el-movimiento-libertario-catalan\/\" \/>\n<meta property=\"og:locale\" content=\"en_GB\" \/>\n<meta property=\"og:type\" content=\"article\" \/>\n<meta property=\"og:title\" content=\"Nueva redada contra el movimiento libertario catal\u00e1n - Revista Rambla\" \/>\n<meta property=\"og:description\" content=\"Por orden de la Audiencia Nacional y con un gran despliegue de los Mossos d\u2019Esquadra, la ma\u00f1ana del mi\u00e9rcoles 28 de octubre, amaneci\u00f3 con varios operativos policiales en los ateneos libertarios de los barrios barceloneses de Sans, Gr\u00e0cia, Sant Andreu de Palomar, Clot y la ciudad de Manresa, entre otros. [&hellip;]\" \/>\n<meta property=\"og:url\" content=\"https:\/\/www.revistarambla.com\/en\/nueva-redada-contra-el-movimiento-libertario-catalan\/\" \/>\n<meta property=\"og:site_name\" content=\"Revista Rambla\" \/>\n<meta property=\"article:publisher\" content=\"https:\/\/www.facebook.com\/revistarambla\/\" \/>\n<meta property=\"article:author\" content=\"https:\/\/www.facebook.com\/revistarambla\" \/>\n<meta property=\"article:published_time\" content=\"2015-10-28T12:14:23+00:00\" \/>\n<meta property=\"article:modified_time\" content=\"2021-04-13T15:10:12+00:00\" \/>\n<meta property=\"og:image\" content=\"https:\/\/i2.wp.com\/www.revistarambla.com\/wp-content\/uploads\/2015\/10\/pilis-revistarambla-03.jpg?fit=682%2C430&ssl=1\" \/>\n\t<meta property=\"og:image:width\" content=\"682\" \/>\n\t<meta property=\"og:image:height\" content=\"430\" \/>\n\t<meta property=\"og:image:type\" content=\"image\/jpeg\" \/>\n<meta name=\"author\" content=\"R@mbla\" \/>\n<meta name=\"twitter:card\" content=\"summary_large_image\" \/>\n<meta name=\"twitter:creator\" content=\"@revistarambla\" \/>\n<meta name=\"twitter:site\" content=\"@revistarambla\" \/>\n<meta name=\"twitter:label1\" content=\"Written by\" \/>\n\t<meta name=\"twitter:data1\" content=\"R@mbla\" \/>\n\t<meta name=\"twitter:label2\" content=\"Estimated reading time\" \/>\n\t<meta name=\"twitter:data2\" content=\"2 minutes\" \/>\n<script type=\"application\/ld+json\" class=\"yoast-schema-graph\">{\"@context\":\"https:\\\/\\\/schema.org\",\"@graph\":[{\"@type\":\"Article\",\"@id\":\"https:\\\/\\\/www.revistarambla.com\\\/nueva-redada-contra-el-movimiento-libertario-catalan\\\/#article\",\"isPartOf\":{\"@id\":\"https:\\\/\\\/www.revistarambla.com\\\/nueva-redada-contra-el-movimiento-libertario-catalan\\\/\"},\"author\":{\"name\":\"R@mbla\",\"@id\":\"https:\\\/\\\/www.revistarambla.com\\\/#\\\/schema\\\/person\\\/a146a5a2550b94981a75131180e1bd9c\"},\"headline\":\"Nueva redada contra el movimiento libertario catal\u00e1n\",\"datePublished\":\"2015-10-28T12:14:23+00:00\",\"dateModified\":\"2021-04-13T15:10:12+00:00\",\"mainEntityOfPage\":{\"@id\":\"https:\\\/\\\/www.revistarambla.com\\\/nueva-redada-contra-el-movimiento-libertario-catalan\\\/\"},\"wordCount\":428,\"commentCount\":0,\"publisher\":{\"@id\":\"https:\\\/\\\/www.revistarambla.com\\\/#organization\"},\"image\":{\"@id\":\"https:\\\/\\\/www.revistarambla.com\\\/nueva-redada-contra-el-movimiento-libertario-catalan\\\/#primaryimage\"},\"thumbnailUrl\":\"https:\\\/\\\/www.revistarambla.com\\\/wp-content\\\/uploads\\\/2015\\\/10\\\/pilis-revistarambla-02.jpg\",\"articleSection\":[\"Actualidad\",\"Barcelona\"],\"inLanguage\":\"en-GB\",\"potentialAction\":[{\"@type\":\"CommentAction\",\"name\":\"Comment\",\"target\":[\"https:\\\/\\\/www.revistarambla.com\\\/nueva-redada-contra-el-movimiento-libertario-catalan\\\/#respond\"]}]},{\"@type\":\"WebPage\",\"@id\":\"https:\\\/\\\/www.revistarambla.com\\\/nueva-redada-contra-el-movimiento-libertario-catalan\\\/\",\"url\":\"https:\\\/\\\/www.revistarambla.com\\\/nueva-redada-contra-el-movimiento-libertario-catalan\\\/\",\"name\":\"Nueva redada contra el movimiento libertario catal\u00e1n - Revista Rambla\",\"isPartOf\":{\"@id\":\"https:\\\/\\\/www.revistarambla.com\\\/#website\"},\"primaryImageOfPage\":{\"@id\":\"https:\\\/\\\/www.revistarambla.com\\\/nueva-redada-contra-el-movimiento-libertario-catalan\\\/#primaryimage\"},\"image\":{\"@id\":\"https:\\\/\\\/www.revistarambla.com\\\/nueva-redada-contra-el-movimiento-libertario-catalan\\\/#primaryimage\"},\"thumbnailUrl\":\"https:\\\/\\\/www.revistarambla.com\\\/wp-content\\\/uploads\\\/2015\\\/10\\\/pilis-revistarambla-02.jpg\",\"datePublished\":\"2015-10-28T12:14:23+00:00\",\"dateModified\":\"2021-04-13T15:10:12+00:00\",\"breadcrumb\":{\"@id\":\"https:\\\/\\\/www.revistarambla.com\\\/nueva-redada-contra-el-movimiento-libertario-catalan\\\/#breadcrumb\"},\"inLanguage\":\"en-GB\",\"potentialAction\":[{\"@type\":\"ReadAction\",\"target\":[\"https:\\\/\\\/www.revistarambla.com\\\/nueva-redada-contra-el-movimiento-libertario-catalan\\\/\"]}]},{\"@type\":\"ImageObject\",\"inLanguage\":\"en-GB\",\"@id\":\"https:\\\/\\\/www.revistarambla.com\\\/nueva-redada-contra-el-movimiento-libertario-catalan\\\/#primaryimage\",\"url\":\"https:\\\/\\\/www.revistarambla.com\\\/wp-content\\\/uploads\\\/2015\\\/10\\\/pilis-revistarambla-02.jpg\",\"contentUrl\":\"https:\\\/\\\/www.revistarambla.com\\\/wp-content\\\/uploads\\\/2015\\\/10\\\/pilis-revistarambla-02.jpg\"},{\"@type\":\"BreadcrumbList\",\"@id\":\"https:\\\/\\\/www.revistarambla.com\\\/nueva-redada-contra-el-movimiento-libertario-catalan\\\/#breadcrumb\",\"itemListElement\":[{\"@type\":\"ListItem\",\"position\":1,\"name\":\"Portada\",\"item\":\"https:\\\/\\\/www.revistarambla.com\\\/\"},{\"@type\":\"ListItem\",\"position\":2,\"name\":\"Nueva redada contra el movimiento libertario catal\u00e1n\"}]},{\"@type\":\"WebSite\",\"@id\":\"https:\\\/\\\/www.revistarambla.com\\\/#website\",\"url\":\"https:\\\/\\\/www.revistarambla.com\\\/\",\"name\":\"Revista Rambla Barcelona\",\"description\":\"Periodismo independiente\",\"publisher\":{\"@id\":\"https:\\\/\\\/www.revistarambla.com\\\/#organization\"},\"potentialAction\":[{\"@type\":\"SearchAction\",\"target\":{\"@type\":\"EntryPoint\",\"urlTemplate\":\"https:\\\/\\\/www.revistarambla.com\\\/?s={search_term_string}\"},\"query-input\":{\"@type\":\"PropertyValueSpecification\",\"valueRequired\":true,\"valueName\":\"search_term_string\"}}],\"inLanguage\":\"en-GB\"},{\"@type\":\"Organization\",\"@id\":\"https:\\\/\\\/www.revistarambla.com\\\/#organization\",\"name\":\"Revista Rambla\",\"url\":\"https:\\\/\\\/www.revistarambla.com\\\/\",\"logo\":{\"@type\":\"ImageObject\",\"inLanguage\":\"en-GB\",\"@id\":\"https:\\\/\\\/www.revistarambla.com\\\/#\\\/schema\\\/logo\\\/image\\\/\",\"url\":\"https:\\\/\\\/www.revistarambla.com\\\/wp-content\\\/uploads\\\/2020\\\/09\\\/banner_rambla_1900x600_BB.png\",\"contentUrl\":\"https:\\\/\\\/www.revistarambla.com\\\/wp-content\\\/uploads\\\/2020\\\/09\\\/banner_rambla_1900x600_BB.png\",\"width\":1900,\"height\":600,\"caption\":\"Revista Rambla\"},\"image\":{\"@id\":\"https:\\\/\\\/www.revistarambla.com\\\/#\\\/schema\\\/logo\\\/image\\\/\"},\"sameAs\":[\"https:\\\/\\\/www.facebook.com\\\/revistarambla\\\/\",\"https:\\\/\\\/x.com\\\/revistarambla\",\"https:\\\/\\\/www.instagram.com\\\/revista_rambla\",\"https:\\\/\\\/es.linkedin.com\\\/company\\\/revista-rambla\"]},{\"@type\":\"Person\",\"@id\":\"https:\\\/\\\/www.revistarambla.com\\\/#\\\/schema\\\/person\\\/a146a5a2550b94981a75131180e1bd9c\",\"name\":\"R@mbla\",\"description\":\"Este art\u00edculo ha sido redactado y\\\/o validado por el equipo de redacci\u00f3n de Revista Rambla.\",\"sameAs\":[\"https:\\\/\\\/www.revistarambla.com\\\/\",\"https:\\\/\\\/www.facebook.com\\\/revistarambla\",\"https:\\\/\\\/x.com\\\/revistarambla\"]}]}<\/script>\n<!-- \/ Yoast SEO plugin. -->","yoast_head_json":{"title":"Nueva redada contra el movimiento libertario catal\u00e1n - Revista Rambla","robots":{"index":"index","follow":"follow","max-snippet":"max-snippet:-1","max-image-preview":"max-image-preview:large","max-video-preview":"max-video-preview:-1"},"canonical":"https:\/\/www.revistarambla.com\/en\/nueva-redada-contra-el-movimiento-libertario-catalan\/","og_locale":"en_GB","og_type":"article","og_title":"Nueva redada contra el movimiento libertario catal\u00e1n - Revista Rambla","og_description":"Por orden de la Audiencia Nacional y con un gran despliegue de los Mossos d\u2019Esquadra, la ma\u00f1ana del mi\u00e9rcoles 28 de octubre, amaneci\u00f3 con varios operativos policiales en los ateneos libertarios de los barrios barceloneses de Sans, Gr\u00e0cia, Sant Andreu de Palomar, Clot y la ciudad de Manresa, entre otros. [&hellip;]","og_url":"https:\/\/www.revistarambla.com\/en\/nueva-redada-contra-el-movimiento-libertario-catalan\/","og_site_name":"Revista Rambla","article_publisher":"https:\/\/www.facebook.com\/revistarambla\/","article_author":"https:\/\/www.facebook.com\/revistarambla","article_published_time":"2015-10-28T12:14:23+00:00","article_modified_time":"2021-04-13T15:10:12+00:00","og_image":[{"width":682,"height":430,"url":"https:\/\/i2.wp.com\/www.revistarambla.com\/wp-content\/uploads\/2015\/10\/pilis-revistarambla-03.jpg?fit=682%2C430&ssl=1","type":"image\/jpeg"}],"author":"R@mbla","twitter_card":"summary_large_image","twitter_creator":"@revistarambla","twitter_site":"@revistarambla","twitter_misc":{"Written by":"R@mbla","Estimated reading time":"2 minutes"},"schema":{"@context":"https:\/\/schema.org","@graph":[{"@type":"Article","@id":"https:\/\/www.revistarambla.com\/nueva-redada-contra-el-movimiento-libertario-catalan\/#article","isPartOf":{"@id":"https:\/\/www.revistarambla.com\/nueva-redada-contra-el-movimiento-libertario-catalan\/"},"author":{"name":"R@mbla","@id":"https:\/\/www.revistarambla.com\/#\/schema\/person\/a146a5a2550b94981a75131180e1bd9c"},"headline":"Nueva redada contra el movimiento libertario catal\u00e1n","datePublished":"2015-10-28T12:14:23+00:00","dateModified":"2021-04-13T15:10:12+00:00","mainEntityOfPage":{"@id":"https:\/\/www.revistarambla.com\/nueva-redada-contra-el-movimiento-libertario-catalan\/"},"wordCount":428,"commentCount":0,"publisher":{"@id":"https:\/\/www.revistarambla.com\/#organization"},"image":{"@id":"https:\/\/www.revistarambla.com\/nueva-redada-contra-el-movimiento-libertario-catalan\/#primaryimage"},"thumbnailUrl":"https:\/\/www.revistarambla.com\/wp-content\/uploads\/2015\/10\/pilis-revistarambla-02.jpg","articleSection":["Actualidad","Barcelona"],"inLanguage":"en-GB","potentialAction":[{"@type":"CommentAction","name":"Comment","target":["https:\/\/www.revistarambla.com\/nueva-redada-contra-el-movimiento-libertario-catalan\/#respond"]}]},{"@type":"WebPage","@id":"https:\/\/www.revistarambla.com\/nueva-redada-contra-el-movimiento-libertario-catalan\/","url":"https:\/\/www.revistarambla.com\/nueva-redada-contra-el-movimiento-libertario-catalan\/","name":"Nueva redada contra el movimiento libertario catal\u00e1n - Revista Rambla","isPartOf":{"@id":"https:\/\/www.revistarambla.com\/#website"},"primaryImageOfPage":{"@id":"https:\/\/www.revistarambla.com\/nueva-redada-contra-el-movimiento-libertario-catalan\/#primaryimage"},"image":{"@id":"https:\/\/www.revistarambla.com\/nueva-redada-contra-el-movimiento-libertario-catalan\/#primaryimage"},"thumbnailUrl":"https:\/\/www.revistarambla.com\/wp-content\/uploads\/2015\/10\/pilis-revistarambla-02.jpg","datePublished":"2015-10-28T12:14:23+00:00","dateModified":"2021-04-13T15:10:12+00:00","breadcrumb":{"@id":"https:\/\/www.revistarambla.com\/nueva-redada-contra-el-movimiento-libertario-catalan\/#breadcrumb"},"inLanguage":"en-GB","potentialAction":[{"@type":"ReadAction","target":["https:\/\/www.revistarambla.com\/nueva-redada-contra-el-movimiento-libertario-catalan\/"]}]},{"@type":"ImageObject","inLanguage":"en-GB","@id":"https:\/\/www.revistarambla.com\/nueva-redada-contra-el-movimiento-libertario-catalan\/#primaryimage","url":"https:\/\/www.revistarambla.com\/wp-content\/uploads\/2015\/10\/pilis-revistarambla-02.jpg","contentUrl":"https:\/\/www.revistarambla.com\/wp-content\/uploads\/2015\/10\/pilis-revistarambla-02.jpg"},{"@type":"BreadcrumbList","@id":"https:\/\/www.revistarambla.com\/nueva-redada-contra-el-movimiento-libertario-catalan\/#breadcrumb","itemListElement":[{"@type":"ListItem","position":1,"name":"Portada","item":"https:\/\/www.revistarambla.com\/"},{"@type":"ListItem","position":2,"name":"Nueva redada contra el movimiento libertario catal\u00e1n"}]},{"@type":"WebSite","@id":"https:\/\/www.revistarambla.com\/#website","url":"https:\/\/www.revistarambla.com\/","name":"Revista Rambla Barcelona","description":"Periodismo independiente","publisher":{"@id":"https:\/\/www.revistarambla.com\/#organization"},"potentialAction":[{"@type":"SearchAction","target":{"@type":"EntryPoint","urlTemplate":"https:\/\/www.revistarambla.com\/?s={search_term_string}"},"query-input":{"@type":"PropertyValueSpecification","valueRequired":true,"valueName":"search_term_string"}}],"inLanguage":"en-GB"},{"@type":"Organization","@id":"https:\/\/www.revistarambla.com\/#organization","name":"Revista Rambla","url":"https:\/\/www.revistarambla.com\/","logo":{"@type":"ImageObject","inLanguage":"en-GB","@id":"https:\/\/www.revistarambla.com\/#\/schema\/logo\/image\/","url":"https:\/\/www.revistarambla.com\/wp-content\/uploads\/2020\/09\/banner_rambla_1900x600_BB.png","contentUrl":"https:\/\/www.revistarambla.com\/wp-content\/uploads\/2020\/09\/banner_rambla_1900x600_BB.png","width":1900,"height":600,"caption":"Revista Rambla"},"image":{"@id":"https:\/\/www.revistarambla.com\/#\/schema\/logo\/image\/"},"sameAs":["https:\/\/www.facebook.com\/revistarambla\/","https:\/\/x.com\/revistarambla","https:\/\/www.instagram.com\/revista_rambla","https:\/\/es.linkedin.com\/company\/revista-rambla"]},{"@type":"Person","@id":"https:\/\/www.revistarambla.com\/#\/schema\/person\/a146a5a2550b94981a75131180e1bd9c","name":"R@mbla","description":"Este art\u00edculo ha sido redactado y\/o validado por el equipo de redacci\u00f3n de Revista Rambla.","sameAs":["https:\/\/www.revistarambla.com\/","https:\/\/www.facebook.com\/revistarambla","https:\/\/x.com\/revistarambla"]}]}},"_links":{"self":[{"href":"https:\/\/www.revistarambla.com\/en\/wp-json\/wp\/v2\/posts\/8092","targetHints":{"allow":["GET"]}}],"collection":[{"href":"https:\/\/www.revistarambla.com\/en\/wp-json\/wp\/v2\/posts"}],"about":[{"href":"https:\/\/www.revistarambla.com\/en\/wp-json\/wp\/v2\/types\/post"}],"author":[{"embeddable":true,"href":"https:\/\/www.revistarambla.com\/en\/wp-json\/wp\/v2\/users\/3"}],"replies":[{"embeddable":true,"href":"https:\/\/www.revistarambla.com\/en\/wp-json\/wp\/v2\/comments?post=8092"}],"version-history":[{"count":0,"href":"https:\/\/www.revistarambla.com\/en\/wp-json\/wp\/v2\/posts\/8092\/revisions"}],"wp:attachment":[{"href":"https:\/\/www.revistarambla.com\/en\/wp-json\/wp\/v2\/media?parent=8092"}],"wp:term":[{"taxonomy":"category","embeddable":true,"href":"https:\/\/www.revistarambla.com\/en\/wp-json\/wp\/v2\/categories?post=8092"},{"taxonomy":"post_tag","embeddable":true,"href":"https:\/\/www.revistarambla.com\/en\/wp-json\/wp\/v2\/tags?post=8092"}],"curies":[{"name":"wp","href":"https:\/\/api.w.org\/{rel}","templated":true}]}}