{"id":8000,"date":"2015-10-19T02:18:29","date_gmt":"2015-10-19T02:18:29","guid":{"rendered":"https:\/\/www.revistarambla.com\/itaca-de-cavafis-ilustrado-por-federico-delicado\/"},"modified":"2021-04-13T17:58:45","modified_gmt":"2021-04-13T15:58:45","slug":"itaca-de-cavafis-ilustrado-por-federico-delicado","status":"publish","type":"post","link":"https:\/\/www.revistarambla.com\/en\/itaca-de-cavafis-ilustrado-por-federico-delicado\/","title":{"rendered":"\u00ab\u00cdtaca\u00bb de Cavafis, ilustrado por Federico Delicado"},"content":{"rendered":"<p>La editorial N\u00f3rdica Libros acaba de publicar una versi\u00f3n biling\u00fce e ilustrada del famoso poema de Cavafis: \u201c\u00cdtaca\u201d. Con deliciosas ilustraciones de Federico Delicado, esta \u201c\u00cdtaca\u201d de Cavafis de N\u00f3rdica Libros cuenta con un pr\u00f3logo y nueva traducci\u00f3n de Vicente Fern\u00e1ndez Gonz\u00e1lez.<\/p>\n<p><img decoding=\"async\" class=\" alignright size-full wp-image-7999\" style=\"margin-left: 9px; margin-right: 9px; float: right; width: 325px; height: 495px;\" src=\"https:\/\/www.revistarambla.com\/wp-content\/uploads\/2015\/10\/libro-revistarambla-13.jpg\" alt=\"alt\" width=\"325\" height=\"495\" srcset=\"https:\/\/www.revistarambla.com\/wp-content\/uploads\/2015\/10\/libro-revistarambla-13.jpg 325w, https:\/\/www.revistarambla.com\/wp-content\/uploads\/2015\/10\/libro-revistarambla-13-197x300.jpg 197w\" sizes=\"(max-width: 325px) 100vw, 325px\" \/>La <span data-scayt_word=\"poes\u00eda\" data-scaytid=\"34\">poes\u00eda<\/span> de <span data-scayt_word=\"Cavafis\" data-scaytid=\"31\">Cavafis<\/span>, <span data-scayt_word=\"alejada\" data-scaytid=\"36\">alejada<\/span> del <span data-scayt_word=\"lirismo\" data-scaytid=\"37\">lirismo<\/span>, <span data-scayt_word=\"objetiva\" data-scaytid=\"38\">objetiva<\/span> y <span data-scayt_word=\"narrativa\" data-scaytid=\"39\">narrativa<\/span>, <span data-scayt_word=\"trata\" data-scaytid=\"40\">trata<\/span> de la <span data-scayt_word=\"vanidad\" data-scaytid=\"41\">vanidad<\/span> del <span data-scayt_word=\"poder\" data-scaytid=\"42\">poder<\/span> y de la <span data-scayt_word=\"soledad\" data-scaytid=\"43\">soledad<\/span> de los <span data-scayt_word=\"ciudadanos\" data-scaytid=\"44\">ciudadanos<\/span>, del amor y el placer, de la <span data-scayt_word=\"dignidad\" data-scaytid=\"45\">dignidad<\/span> de los <span data-scayt_word=\"perdedores\" data-scaytid=\"46\">perdedores<\/span>, de la <span data-scayt_word=\"creaci\u00f3n\" data-scaytid=\"47\">creaci\u00f3n<\/span> <span data-scayt_word=\"art\u00edstica\" data-scaytid=\"48\">art\u00edstica<\/span>. Y <span data-scayt_word=\"s\u00ed\" data-scaytid=\"49\">s\u00ed<\/span> hay un <span data-scayt_word=\"poema\" data-scaytid=\"32\">poema<\/span> <span data-scayt_word=\"que\" data-scaytid=\"51\">que<\/span> <span data-scayt_word=\"haya\" data-scaytid=\"52\">haya<\/span> <span data-scayt_word=\"inspirado\" data-scaytid=\"53\">inspirado<\/span> a <span data-scayt_word=\"lectores\" data-scaytid=\"54\">lectores<\/span> y <span data-scayt_word=\"poetas\" data-scaytid=\"55\">poetas<\/span> de <span data-scayt_word=\"todas\" data-scaytid=\"56\">todas<\/span> <span data-scayt_word=\"las\" data-scaytid=\"57\">las<\/span> <span data-scayt_word=\"generaciones\" data-scaytid=\"58\">generaciones<\/span> <span data-scayt_word=\"ese\" data-scaytid=\"59\">ese<\/span> <span data-scayt_word=\"es\" data-scaytid=\"60\">es<\/span> <span data-scayt_word=\"\u201c\u00cdtaca\u201d\" data-scaytid=\"33\">\u201c\u00cdtaca\u201d<\/span>.<\/p>\n<p><span data-scayt_word=\"Publicado\" data-scaytid=\"126\">Publicado<\/span> <span data-scayt_word=\"originalmente\" data-scaytid=\"127\">originalmente<\/span> en 1911 y <span data-scayt_word=\"aparentemente\" data-scaytid=\"128\">aparentemente<\/span> <span data-scayt_word=\"inspirado\" data-scaytid=\"90\">inspirado<\/span> en el <span data-scayt_word=\"viaje\" data-scaytid=\"130\">viaje<\/span> de <span data-scayt_word=\"regreso\" data-scaytid=\"132\">regreso<\/span> a casa de <span data-scayt_word=\"Ulises\" data-scaytid=\"133\">Ulises<\/span>, <span data-scayt_word=\"\u201c\u00cdtaca\u201d\" data-scaytid=\"91\">\u201c\u00cdtaca\u201d<\/span> <span data-scayt_word=\"es\" data-scaytid=\"92\">es<\/span> <span data-scayt_word=\"una\" data-scaytid=\"93\">una<\/span> <span data-scayt_word=\"invitaci\u00f3n\" data-scaytid=\"138\">invitaci\u00f3n<\/span> al <span data-scayt_word=\"viaje\" data-scaytid=\"131\">viaje<\/span>, <span data-scayt_word=\"una\" data-scaytid=\"94\">una<\/span> <span data-scayt_word=\"met\u00e1fora\" data-scaytid=\"139\">met\u00e1fora<\/span> de la <span data-scayt_word=\"vida\" data-scaytid=\"140\">vida<\/span>. Como <span data-scayt_word=\"se\u00f1ala\" data-scaytid=\"141\">se\u00f1ala<\/span> el <span data-scayt_word=\"traductor\" data-scaytid=\"142\">traductor<\/span> de <span data-scayt_word=\"esta\" data-scaytid=\"95\">esta<\/span> <span data-scayt_word=\"edici\u00f3n\" data-scaytid=\"144\">edici\u00f3n<\/span>, Vicente <span data-scayt_word=\"Fern\u00e1ndez\" data-scaytid=\"96\">Fern\u00e1ndez<\/span> <span data-scayt_word=\"Gonz\u00e1lez\" data-scaytid=\"97\">Gonz\u00e1lez<\/span>: <strong>\u201cEl <span data-scayt_word=\"viaje\" data-scaytid=\"147\">viaje<\/span> de <span data-scayt_word=\"\u201c\u00cdtaca\u201d\" data-scaytid=\"155\">\u201c\u00cdtaca\u201d<\/span> no <span data-scayt_word=\"es\" data-scaytid=\"157\">es<\/span> el <span data-scayt_word=\"viaje\" data-scaytid=\"148\">viaje<\/span> del <span data-scayt_word=\"regreso\" data-scaytid=\"160\">regreso<\/span>, no <span data-scayt_word=\"es\" data-scaytid=\"158\">es<\/span> un <span data-scayt_word=\"viaje\" data-scaytid=\"149\">viaje<\/span> de <span data-scayt_word=\"vuelta\" data-scaytid=\"177\">vuelta<\/span>; <span data-scayt_word=\"es\" data-scaytid=\"159\">es<\/span> un <span data-scayt_word=\"viaje\" data-scaytid=\"150\">viaje<\/span> de <span data-scayt_word=\"ida\" data-scaytid=\"178\">ida<\/span>, el primer <span data-scayt_word=\"viaje\" data-scaytid=\"151\">viaje<\/span>, el <span data-scayt_word=\"viaje\" data-scaytid=\"152\">viaje<\/span>. [&#8230;] La <span data-scayt_word=\"lectura\" data-scaytid=\"179\">lectura<\/span> de <span data-scayt_word=\"\u201c\u00cdtaca\u201d\" data-scaytid=\"156\">\u201c\u00cdtaca\u201d<\/span> <span data-scayt_word=\"invita\" data-scaytid=\"180\">invita<\/span> a la <span data-scayt_word=\"reflexi\u00f3n\" data-scaytid=\"181\">reflexi\u00f3n<\/span>, a la <span data-scayt_word=\"consideraci\u00f3n\" data-scaytid=\"182\">consideraci\u00f3n<\/span> de <span data-scayt_word=\"que\" data-scaytid=\"161\">que<\/span> no se <span data-scayt_word=\"trata\" data-scaytid=\"162\">trata<\/span> de <span data-scayt_word=\"cualquier\" data-scaytid=\"185\">cualquier<\/span> <span data-scayt_word=\"viaje\" data-scaytid=\"153\">viaje<\/span>. \u00bfEl <span data-scayt_word=\"viaje\" data-scaytid=\"154\">viaje<\/span> a la <span data-scayt_word=\"libertad\" data-scaytid=\"186\">libertad<\/span>? \u00bfA la <span data-scayt_word=\"utop\u00eda\" data-scaytid=\"187\">utop\u00eda<\/span>? \u00bfLa <span data-scayt_word=\"\u00cdtaca\" data-scaytid=\"188\">\u00cdtaca<\/span> del <span data-scayt_word=\"deseo\" data-scaytid=\"189\">deseo<\/span>?\u201d.<\/strong><\/p>\n<p><span data-scayt_word=\"Es\" data-scaytid=\"196\">Es<\/span> <span data-scayt_word=\"este\" data-scaytid=\"197\">este<\/span> <span data-scayt_word=\"uno\" data-scaytid=\"198\">uno<\/span> de los <span data-scayt_word=\"poemas\" data-scaytid=\"199\">poemas<\/span> <span data-scayt_word=\"m\u00e1s\" data-scaytid=\"200\">m\u00e1s<\/span> <span data-scayt_word=\"bellos\" data-scaytid=\"201\">bellos<\/span> <span data-scayt_word=\"que\" data-scaytid=\"190\">que<\/span> se <span data-scayt_word=\"han\" data-scaytid=\"204\">han<\/span> <span data-scayt_word=\"escrito\" data-scaytid=\"206\">escrito<\/span> <span data-scayt_word=\"jam\u00e1s\" data-scaytid=\"207\">jam\u00e1s<\/span>. <span data-scayt_word=\"Refleja\" data-scaytid=\"208\">Refleja<\/span> <span data-scayt_word=\"una\" data-scaytid=\"192\">una<\/span> <span data-scayt_word=\"profunda\" data-scaytid=\"210\">profunda<\/span> <span data-scayt_word=\"sabidur\u00eda\" data-scaytid=\"211\">sabidur\u00eda<\/span>, la <span data-scayt_word=\"sabidur\u00eda\" data-scaytid=\"212\">sabidur\u00eda<\/span> del <span data-scayt_word=\"poeta\" data-scaytid=\"213\">poeta<\/span> <span data-scayt_word=\"que\" data-scaytid=\"191\">que<\/span>, sin <span data-scayt_word=\"necesidad\" data-scaytid=\"214\">necesidad<\/span> de <span data-scayt_word=\"abandonar\" data-scaytid=\"215\">abandonar<\/span> <span data-scayt_word=\"su\" data-scaytid=\"216\">su<\/span> <span data-scayt_word=\"ciudad\" data-scaytid=\"217\">ciudad<\/span> natal, ha <span data-scayt_word=\"sido\" data-scaytid=\"218\">sido<\/span> <span data-scayt_word=\"capaz\" data-scaytid=\"219\">capaz<\/span> de <span data-scayt_word=\"realizar\" data-scaytid=\"220\">realizar<\/span> <span data-scayt_word=\"todos\" data-scaytid=\"221\">todos<\/span> los <span data-scayt_word=\"viajes\" data-scaytid=\"222\">viajes<\/span>. Las <span data-scayt_word=\"ilustraciones\" data-scaytid=\"193\">ilustraciones<\/span> de Federico <span data-scayt_word=\"Delicado\" data-scaytid=\"194\">Delicado<\/span> <span data-scayt_word=\"han\" data-scaytid=\"205\">han<\/span> <span data-scayt_word=\"captado\" data-scaytid=\"225\">captado<\/span> la <span data-scayt_word=\"esencia\" data-scaytid=\"226\">esencia<\/span> de <span data-scayt_word=\"esta\" data-scaytid=\"195\">esta<\/span> <span data-scayt_word=\"traves\u00eda\" data-scaytid=\"228\">traves\u00eda<\/span> vital.<\/p>\n<p><em>\u201cAl leer <span data-scayt_word=\"cualquiera\" data-scaytid=\"305\">cualquiera<\/span> de <span data-scayt_word=\"sus\" data-scaytid=\"306\">sus<\/span> <span data-scayt_word=\"poemas\" data-scaytid=\"262\">poemas<\/span> <span data-scayt_word=\"tiene\" data-scaytid=\"308\">tiene<\/span> <span data-scayt_word=\"uno\" data-scaytid=\"263\">uno<\/span> la <span data-scayt_word=\"impresi\u00f3n\" data-scaytid=\"311\">impresi\u00f3n<\/span> de <span data-scayt_word=\"que\" data-scaytid=\"264\">que<\/span> lo <span data-scayt_word=\"le\u00eddo\" data-scaytid=\"314\">le\u00eddo<\/span> <span data-scayt_word=\"revela\" data-scaytid=\"315\">revela<\/span> a <span data-scayt_word=\"una\" data-scaytid=\"266\">una<\/span> persona con <span data-scayt_word=\"una\" data-scaytid=\"267\">una<\/span> <span data-scayt_word=\"perspectiva\" data-scaytid=\"318\">perspectiva<\/span> <span data-scayt_word=\"\u00fanica\" data-scaytid=\"319\">\u00fanica<\/span> del <span data-scayt_word=\"universo\" data-scaytid=\"320\">universo<\/span> [&#8230;]. Si la <span data-scayt_word=\"importancia\" data-scaytid=\"321\">importancia<\/span> de la <span data-scayt_word=\"poes\u00eda\" data-scaytid=\"268\">poes\u00eda<\/span> de <span data-scayt_word=\"Cavafis\" data-scaytid=\"269\">Cavafis<\/span> reside en la <span data-scayt_word=\"singularidad\" data-scaytid=\"324\">singularidad<\/span> de <span data-scayt_word=\"su\" data-scaytid=\"270\">su<\/span> <span data-scayt_word=\"tono\" data-scaytid=\"326\">tono<\/span> de <span data-scayt_word=\"voz\" data-scaytid=\"328\">voz<\/span>, nada <span data-scayt_word=\"tiene\" data-scaytid=\"309\">tiene<\/span> el <span data-scayt_word=\"cr\u00edtico\" data-scaytid=\"330\">cr\u00edtico<\/span> <span data-scayt_word=\"que\" data-scaytid=\"265\">que<\/span> <span data-scayt_word=\"decir\" data-scaytid=\"331\">decir<\/span>, <span data-scayt_word=\"porque\" data-scaytid=\"333\">porque<\/span> la <span data-scayt_word=\"cr\u00edtica\" data-scaytid=\"334\">cr\u00edtica<\/span> solo <span data-scayt_word=\"puede\" data-scaytid=\"335\">puede<\/span> <span data-scayt_word=\"hacer\" data-scaytid=\"338\">hacer<\/span> <span data-scayt_word=\"comparaciones\" data-scaytid=\"339\">comparaciones<\/span>. Un <span data-scayt_word=\"tono\" data-scaytid=\"327\">tono<\/span> de <span data-scayt_word=\"voz\" data-scaytid=\"329\">voz<\/span> <span data-scayt_word=\"\u00fanico\" data-scaytid=\"340\">\u00fanico<\/span> no <span data-scayt_word=\"puede\" data-scaytid=\"336\">puede<\/span> <span data-scayt_word=\"ser\" data-scaytid=\"341\">ser<\/span> <span data-scayt_word=\"descrito\" data-scaytid=\"343\">descrito<\/span>; <span data-scayt_word=\"puede\" data-scaytid=\"337\">puede<\/span> <span data-scayt_word=\"ser\" data-scaytid=\"342\">ser<\/span> solo <span data-scayt_word=\"imitado\" data-scaytid=\"344\">imitado<\/span>, <span data-scayt_word=\"es\" data-scaytid=\"271\">es<\/span> <span data-scayt_word=\"decir\" data-scaytid=\"332\">decir<\/span>, <span data-scayt_word=\"parodiado\" data-scaytid=\"346\">parodiado<\/span> o <span data-scayt_word=\"citado\u201d\" data-scaytid=\"347\">citado\u201d<\/span><\/em>. <strong>W. H. <span data-scayt_word=\"Auden\" data-scaytid=\"394\">Auden<\/span><\/strong>.<\/p>\n<p><strong>Federico <span data-scayt_word=\"Delicado\" data-scaytid=\"391\">Delicado<\/span>\u00a0<\/strong><span data-scayt_word=\"naci\u00f3\" data-scaytid=\"396\">naci\u00f3<\/span> en <span data-scayt_word=\"Badajoz\" data-scaytid=\"397\">Badajoz<\/span> en 1956. Se <span data-scayt_word=\"licenci\u00f3\" data-scaytid=\"398\">licenci\u00f3<\/span> en <span data-scayt_word=\"Bellas\" data-scaytid=\"399\">Bellas<\/span> <span data-scayt_word=\"Artes\" data-scaytid=\"400\">Artes<\/span> en la <span data-scayt_word=\"universidad\" data-scaytid=\"401\">universidad<\/span> <span data-scayt_word=\"Complutense\" data-scaytid=\"402\">Complutense<\/span> de Madrid. A finales de los 70 <span data-scayt_word=\"comienza\" data-scaytid=\"403\">comienza<\/span> <span data-scayt_word=\"su\" data-scaytid=\"392\">su<\/span> <span data-scayt_word=\"actividad\" data-scaytid=\"405\">actividad<\/span> <span data-scayt_word=\"como\" data-scaytid=\"406\">como<\/span> <span data-scayt_word=\"ilustrador\" data-scaytid=\"407\">ilustrador<\/span> <span data-scayt_word=\"realizando\" data-scaytid=\"408\">realizando<\/span> <span data-scayt_word=\"materiales\" data-scaytid=\"409\">materiales<\/span> <span data-scayt_word=\"audiovisuales\" data-scaytid=\"410\">audiovisuales<\/span> y <span data-scayt_word=\"continu\u00f3\" data-scaytid=\"411\">continu\u00f3<\/span> <span data-scayt_word=\"dibujando\" data-scaytid=\"412\">dibujando<\/span> en <span data-scayt_word=\"prensa\" data-scaytid=\"413\">prensa<\/span>. Ha <span data-scayt_word=\"participado\" data-scaytid=\"414\">participado<\/span> en <span data-scayt_word=\"exposiciones\" data-scaytid=\"415\">exposiciones<\/span> de <span data-scayt_word=\"pintura\" data-scaytid=\"416\">pintura<\/span> y de <span data-scayt_word=\"escultura\" data-scaytid=\"417\">escultura<\/span>. <span data-scayt_word=\"Actualmente\" data-scaytid=\"418\">Actualmente<\/span> se <span data-scayt_word=\"dedica\" data-scaytid=\"419\">dedica<\/span> a la <span data-scayt_word=\"ilustraci\u00f3n\" data-scaytid=\"420\">ilustraci\u00f3n<\/span> de <span data-scayt_word=\"libros\" data-scaytid=\"421\">libros<\/span> <span data-scayt_word=\"infantiles\" data-scaytid=\"422\">infantiles<\/span> y juveniles.<\/p>\n<p><strong><span data-scayt_word=\"Constandinos\" data-scaytid=\"423\">Constandinos<\/span> P. <span data-scayt_word=\"Cavafis\" data-scaytid=\"393\">Cavafis<\/span>\u00a0<\/strong>(1863-1933) <span data-scayt_word=\"naci\u00f3\" data-scaytid=\"456\">naci\u00f3<\/span> y <span data-scayt_word=\"pas\u00f3\" data-scaytid=\"497\">pas\u00f3<\/span> la mayor <span data-scayt_word=\"parte\" data-scaytid=\"498\">parte<\/span> de <span data-scayt_word=\"su\" data-scaytid=\"457\">su<\/span> <span data-scayt_word=\"vida\" data-scaytid=\"458\">vida<\/span> en <span data-scayt_word=\"Alejandr\u00eda\" data-scaytid=\"501\">Alejandr\u00eda<\/span> (<span data-scayt_word=\"Egipto\" data-scaytid=\"503\">Egipto<\/span>), en <span data-scayt_word=\"una\" data-scaytid=\"459\">una<\/span> <span data-scayt_word=\"\u00e9poca\" data-scaytid=\"506\">\u00e9poca<\/span> en la <span data-scayt_word=\"que\" data-scaytid=\"461\">que<\/span> en <span data-scayt_word=\"esta\" data-scaytid=\"463\">esta<\/span> <span data-scayt_word=\"ciudad\" data-scaytid=\"464\">ciudad<\/span> <span data-scayt_word=\"hab\u00eda\" data-scaytid=\"511\">hab\u00eda<\/span> <span data-scayt_word=\"una\" data-scaytid=\"460\">una<\/span> <span data-scayt_word=\"importante\" data-scaytid=\"512\">importante<\/span> <span data-scayt_word=\"comunidad\" data-scaytid=\"513\">comunidad<\/span> <span data-scayt_word=\"griega\" data-scaytid=\"514\">griega<\/span>, <span data-scayt_word=\"que\" data-scaytid=\"462\">que<\/span> <span data-scayt_word=\"conviv\u00eda\" data-scaytid=\"515\">conviv\u00eda<\/span> con la <span data-scayt_word=\"poblaci\u00f3n\" data-scaytid=\"516\">poblaci\u00f3n<\/span> <span data-scayt_word=\"egipcia\" data-scaytid=\"517\">egipcia<\/span> y con <span data-scayt_word=\"otras\" data-scaytid=\"518\">otras<\/span> <span data-scayt_word=\"comunidades\" data-scaytid=\"519\">comunidades<\/span> <span data-scayt_word=\"extranjeras\" data-scaytid=\"520\">extranjeras<\/span> (<span data-scayt_word=\"francesa\" data-scaytid=\"521\">francesa<\/span>, <span data-scayt_word=\"brit\u00e1nica\" data-scaytid=\"522\">brit\u00e1nica<\/span>, <span data-scayt_word=\"italiana\" data-scaytid=\"523\">italiana<\/span>, <span data-scayt_word=\"jud\u00eda\" data-scaytid=\"524\">jud\u00eda<\/span>, <span data-scayt_word=\"armenia\" data-scaytid=\"525\">armenia<\/span>). <strong><span data-scayt_word=\"Alejandr\u00eda\" data-scaytid=\"502\">Alejandr\u00eda<\/span><\/strong> y el <span data-scayt_word=\"poeta\" data-scaytid=\"568\">poeta<\/span> <span data-scayt_word=\"han\" data-scaytid=\"569\">han<\/span> <span data-scayt_word=\"quedado\" data-scaytid=\"594\">quedado<\/span> <span data-scayt_word=\"vinculados\" data-scaytid=\"595\">vinculados<\/span> <span data-scayt_word=\"para\" data-scaytid=\"596\">para<\/span> <span data-scayt_word=\"siempre\" data-scaytid=\"597\">siempre<\/span> en el <span data-scayt_word=\"imaginario\" data-scaytid=\"598\">imaginario<\/span> de la <span data-scayt_word=\"comunidad\" data-scaytid=\"570\">comunidad<\/span> <span data-scayt_word=\"lectora\" data-scaytid=\"600\">lectora<\/span> de <span data-scayt_word=\"todo\" data-scaytid=\"601\">todo<\/span> el <span data-scayt_word=\"mundo\" data-scaytid=\"602\">mundo<\/span>. La <span data-scayt_word=\"poes\u00eda\" data-scaytid=\"571\">poes\u00eda<\/span> de <span data-scayt_word=\"Cavafis\" data-scaytid=\"572\">Cavafis<\/span>, <span data-scayt_word=\"alejada\" data-scaytid=\"574\">alejada<\/span> del <span data-scayt_word=\"lirismo\" data-scaytid=\"575\">lirismo<\/span>, <span data-scayt_word=\"objetiva\" data-scaytid=\"576\">objetiva<\/span>, <span data-scayt_word=\"narrativa\" data-scaytid=\"577\">narrativa<\/span> y <span data-scayt_word=\"prosaica\" data-scaytid=\"611\">prosaica<\/span>, <span data-scayt_word=\"trata\" data-scaytid=\"578\">trata<\/span> de la <span data-scayt_word=\"vanidad\" data-scaytid=\"579\">vanidad<\/span> del <span data-scayt_word=\"poder\" data-scaytid=\"580\">poder<\/span> y la <span data-scayt_word=\"soledad\" data-scaytid=\"581\">soledad<\/span> de los <span data-scayt_word=\"ciudadanos\" data-scaytid=\"582\">ciudadanos<\/span>, del amor y el placer, de la <span data-scayt_word=\"dignidad\" data-scaytid=\"583\">dignidad<\/span> de los <span data-scayt_word=\"perdedores\" data-scaytid=\"584\">perdedores<\/span>, de la <span data-scayt_word=\"creaci\u00f3n\" data-scaytid=\"585\">creaci\u00f3n<\/span> <span data-scayt_word=\"art\u00edstica\" data-scaytid=\"586\">art\u00edstica<\/span>. <span data-scayt_word=\"Sus\" data-scaytid=\"621\">Sus<\/span> <span data-scayt_word=\"protagonistas\" data-scaytid=\"622\">protagonistas<\/span> <span data-scayt_word=\"situados\" data-scaytid=\"623\">situados<\/span> en la <span data-scayt_word=\"antig\u00fcedad\" data-scaytid=\"624\">antig\u00fcedad<\/span> <span data-scayt_word=\"tard\u00eda\" data-scaytid=\"625\">tard\u00eda<\/span>, en el <span data-scayt_word=\"mundo\" data-scaytid=\"603\">mundo<\/span> <span data-scayt_word=\"bizantino\" data-scaytid=\"626\">bizantino<\/span> o en la <span data-scayt_word=\"sociedad\" data-scaytid=\"627\">sociedad<\/span> <span data-scayt_word=\"contempor\u00e1nea\" data-scaytid=\"628\">contempor\u00e1nea<\/span> se <span data-scayt_word=\"enfrentan\" data-scaytid=\"629\">enfrentan<\/span> a la <span data-scayt_word=\"misma\" data-scaytid=\"630\">misma<\/span> <span data-scayt_word=\"disyuntiva\" data-scaytid=\"631\">disyuntiva<\/span>, <span data-scayt_word=\"ser\" data-scaytid=\"587\">ser<\/span> <span data-scayt_word=\"ellos\" data-scaytid=\"633\">ellos<\/span> <span data-scayt_word=\"mismos\" data-scaytid=\"634\">mismos<\/span> o <span data-scayt_word=\"entregarse\" data-scaytid=\"635\">entregarse<\/span> a <span data-scayt_word=\"las\" data-scaytid=\"588\">las<\/span> <span data-scayt_word=\"convenciones\" data-scaytid=\"638\">convenciones<\/span>. Tal <span data-scayt_word=\"vez\" data-scaytid=\"639\">vez<\/span> <span data-scayt_word=\"por\" data-scaytid=\"640\">por<\/span> <span data-scayt_word=\"su\" data-scaytid=\"590\">su<\/span> <span data-scayt_word=\"elegante\" data-scaytid=\"642\">elegante<\/span> <span data-scayt_word=\"inconformismo\" data-scaytid=\"643\">inconformismo<\/span>, <span data-scayt_word=\"Cavafis\" data-scaytid=\"573\">Cavafis<\/span> no ha <span data-scayt_word=\"dejado\" data-scaytid=\"644\">dejado<\/span> de <span data-scayt_word=\"despertar\" data-scaytid=\"645\">despertar<\/span> el <span data-scayt_word=\"inter\u00e9s\" data-scaytid=\"646\">inter\u00e9s<\/span> de <span data-scayt_word=\"las\" data-scaytid=\"589\">las<\/span> <span data-scayt_word=\"nuevas\" data-scaytid=\"647\">nuevas<\/span> <span data-scayt_word=\"generaciones\" data-scaytid=\"591\">generaciones<\/span>.<\/p>\n<p><a href=\"https:\/\/es.scribd.com\/doc\/283956454\/Itaca-de-Cavafis-ilustrado-por-Federico-Delicado\">Leer <span data-scayt_word=\"pr\u00f3logo\" data-scaytid=\"706\">pr\u00f3logo<\/span><\/a><\/p>\n","protected":false},"excerpt":{"rendered":"<p>La editorial N\u00f3rdica Libros acaba de publicar una versi\u00f3n biling\u00fce e ilustrada del famoso poema de Cavafis: \u201c\u00cdtaca\u201d. Con deliciosas ilustraciones de Federico Delicado, esta \u201c\u00cdtaca\u201d de Cavafis de N\u00f3rdica Libros cuenta con un pr\u00f3logo y nueva traducci\u00f3n de Vicente Fern\u00e1ndez Gonz\u00e1lez. La poes\u00eda de Cavafis, alejada del lirismo, objetiva [&hellip;]<\/p>\n","protected":false},"author":3,"featured_media":0,"comment_status":"open","ping_status":"open","sticky":false,"template":"","format":"standard","meta":{"footnotes":""},"categories":[4,60],"tags":[],"class_list":["post-8000","post","type-post","status-publish","format-standard","hentry","category-cultura","category-libros"],"yoast_head":"<!-- This site is optimized with the Yoast SEO plugin v27.5 - https:\/\/yoast.com\/product\/yoast-seo-wordpress\/ -->\n<title>&quot;\u00cdtaca&quot; de Cavafis, ilustrado por Federico Delicado - Revista Rambla<\/title>\n<meta name=\"robots\" content=\"index, follow, max-snippet:-1, max-image-preview:large, max-video-preview:-1\" \/>\n<link rel=\"canonical\" href=\"https:\/\/www.revistarambla.com\/en\/itaca-de-cavafis-ilustrado-por-federico-delicado\/\" \/>\n<meta property=\"og:locale\" content=\"en_GB\" \/>\n<meta property=\"og:type\" content=\"article\" \/>\n<meta property=\"og:title\" content=\"&quot;\u00cdtaca&quot; de Cavafis, ilustrado por Federico Delicado - Revista Rambla\" \/>\n<meta property=\"og:description\" content=\"La editorial N\u00f3rdica Libros acaba de publicar una versi\u00f3n biling\u00fce e ilustrada del famoso poema de Cavafis: \u201c\u00cdtaca\u201d. Con deliciosas ilustraciones de Federico Delicado, esta \u201c\u00cdtaca\u201d de Cavafis de N\u00f3rdica Libros cuenta con un pr\u00f3logo y nueva traducci\u00f3n de Vicente Fern\u00e1ndez Gonz\u00e1lez. La poes\u00eda de Cavafis, alejada del lirismo, objetiva [&hellip;]\" \/>\n<meta property=\"og:url\" content=\"https:\/\/www.revistarambla.com\/en\/itaca-de-cavafis-ilustrado-por-federico-delicado\/\" \/>\n<meta property=\"og:site_name\" content=\"Revista Rambla\" \/>\n<meta property=\"article:publisher\" content=\"https:\/\/www.facebook.com\/revistarambla\/\" \/>\n<meta property=\"article:author\" content=\"https:\/\/www.facebook.com\/revistarambla\" \/>\n<meta property=\"article:published_time\" content=\"2015-10-19T02:18:29+00:00\" \/>\n<meta property=\"article:modified_time\" content=\"2021-04-13T15:58:45+00:00\" \/>\n<meta property=\"og:image\" content=\"https:\/\/i0.wp.com\/www.revistarambla.com\/wp-content\/uploads\/2015\/10\/Itaca-revistarambla-02.jpg?fit=682%2C430&ssl=1\" \/>\n\t<meta property=\"og:image:width\" content=\"682\" \/>\n\t<meta property=\"og:image:height\" content=\"430\" \/>\n\t<meta property=\"og:image:type\" content=\"image\/jpeg\" \/>\n<meta name=\"author\" content=\"R@mbla\" \/>\n<meta name=\"twitter:card\" content=\"summary_large_image\" \/>\n<meta name=\"twitter:creator\" content=\"@revistarambla\" \/>\n<meta name=\"twitter:site\" content=\"@revistarambla\" \/>\n<meta name=\"twitter:label1\" content=\"Written by\" \/>\n\t<meta name=\"twitter:data1\" content=\"R@mbla\" \/>\n\t<meta name=\"twitter:label2\" content=\"Estimated reading time\" \/>\n\t<meta name=\"twitter:data2\" content=\"3 minutes\" \/>\n<script type=\"application\/ld+json\" class=\"yoast-schema-graph\">{\"@context\":\"https:\\\/\\\/schema.org\",\"@graph\":[{\"@type\":\"Article\",\"@id\":\"https:\\\/\\\/www.revistarambla.com\\\/itaca-de-cavafis-ilustrado-por-federico-delicado\\\/#article\",\"isPartOf\":{\"@id\":\"https:\\\/\\\/www.revistarambla.com\\\/itaca-de-cavafis-ilustrado-por-federico-delicado\\\/\"},\"author\":{\"name\":\"R@mbla\",\"@id\":\"https:\\\/\\\/www.revistarambla.com\\\/#\\\/schema\\\/person\\\/a146a5a2550b94981a75131180e1bd9c\"},\"headline\":\"\u00ab\u00cdtaca\u00bb de Cavafis, ilustrado por Federico Delicado\",\"datePublished\":\"2015-10-19T02:18:29+00:00\",\"dateModified\":\"2021-04-13T15:58:45+00:00\",\"mainEntityOfPage\":{\"@id\":\"https:\\\/\\\/www.revistarambla.com\\\/itaca-de-cavafis-ilustrado-por-federico-delicado\\\/\"},\"wordCount\":578,\"commentCount\":0,\"publisher\":{\"@id\":\"https:\\\/\\\/www.revistarambla.com\\\/#organization\"},\"image\":{\"@id\":\"https:\\\/\\\/www.revistarambla.com\\\/itaca-de-cavafis-ilustrado-por-federico-delicado\\\/#primaryimage\"},\"thumbnailUrl\":\"https:\\\/\\\/www.revistarambla.com\\\/wp-content\\\/uploads\\\/2015\\\/10\\\/libro-revistarambla-13.jpg\",\"articleSection\":[\"Cultura\",\"Libros\"],\"inLanguage\":\"en-GB\",\"potentialAction\":[{\"@type\":\"CommentAction\",\"name\":\"Comment\",\"target\":[\"https:\\\/\\\/www.revistarambla.com\\\/itaca-de-cavafis-ilustrado-por-federico-delicado\\\/#respond\"]}]},{\"@type\":\"WebPage\",\"@id\":\"https:\\\/\\\/www.revistarambla.com\\\/itaca-de-cavafis-ilustrado-por-federico-delicado\\\/\",\"url\":\"https:\\\/\\\/www.revistarambla.com\\\/itaca-de-cavafis-ilustrado-por-federico-delicado\\\/\",\"name\":\"\\\"\u00cdtaca\\\" de Cavafis, ilustrado por Federico Delicado - Revista Rambla\",\"isPartOf\":{\"@id\":\"https:\\\/\\\/www.revistarambla.com\\\/#website\"},\"primaryImageOfPage\":{\"@id\":\"https:\\\/\\\/www.revistarambla.com\\\/itaca-de-cavafis-ilustrado-por-federico-delicado\\\/#primaryimage\"},\"image\":{\"@id\":\"https:\\\/\\\/www.revistarambla.com\\\/itaca-de-cavafis-ilustrado-por-federico-delicado\\\/#primaryimage\"},\"thumbnailUrl\":\"https:\\\/\\\/www.revistarambla.com\\\/wp-content\\\/uploads\\\/2015\\\/10\\\/libro-revistarambla-13.jpg\",\"datePublished\":\"2015-10-19T02:18:29+00:00\",\"dateModified\":\"2021-04-13T15:58:45+00:00\",\"breadcrumb\":{\"@id\":\"https:\\\/\\\/www.revistarambla.com\\\/itaca-de-cavafis-ilustrado-por-federico-delicado\\\/#breadcrumb\"},\"inLanguage\":\"en-GB\",\"potentialAction\":[{\"@type\":\"ReadAction\",\"target\":[\"https:\\\/\\\/www.revistarambla.com\\\/itaca-de-cavafis-ilustrado-por-federico-delicado\\\/\"]}]},{\"@type\":\"ImageObject\",\"inLanguage\":\"en-GB\",\"@id\":\"https:\\\/\\\/www.revistarambla.com\\\/itaca-de-cavafis-ilustrado-por-federico-delicado\\\/#primaryimage\",\"url\":\"https:\\\/\\\/www.revistarambla.com\\\/wp-content\\\/uploads\\\/2015\\\/10\\\/libro-revistarambla-13.jpg\",\"contentUrl\":\"https:\\\/\\\/www.revistarambla.com\\\/wp-content\\\/uploads\\\/2015\\\/10\\\/libro-revistarambla-13.jpg\"},{\"@type\":\"BreadcrumbList\",\"@id\":\"https:\\\/\\\/www.revistarambla.com\\\/itaca-de-cavafis-ilustrado-por-federico-delicado\\\/#breadcrumb\",\"itemListElement\":[{\"@type\":\"ListItem\",\"position\":1,\"name\":\"Portada\",\"item\":\"https:\\\/\\\/www.revistarambla.com\\\/\"},{\"@type\":\"ListItem\",\"position\":2,\"name\":\"\u00ab\u00cdtaca\u00bb de Cavafis, ilustrado por Federico Delicado\"}]},{\"@type\":\"WebSite\",\"@id\":\"https:\\\/\\\/www.revistarambla.com\\\/#website\",\"url\":\"https:\\\/\\\/www.revistarambla.com\\\/\",\"name\":\"Revista Rambla Barcelona\",\"description\":\"Periodismo independiente\",\"publisher\":{\"@id\":\"https:\\\/\\\/www.revistarambla.com\\\/#organization\"},\"potentialAction\":[{\"@type\":\"SearchAction\",\"target\":{\"@type\":\"EntryPoint\",\"urlTemplate\":\"https:\\\/\\\/www.revistarambla.com\\\/?s={search_term_string}\"},\"query-input\":{\"@type\":\"PropertyValueSpecification\",\"valueRequired\":true,\"valueName\":\"search_term_string\"}}],\"inLanguage\":\"en-GB\"},{\"@type\":\"Organization\",\"@id\":\"https:\\\/\\\/www.revistarambla.com\\\/#organization\",\"name\":\"Revista Rambla\",\"url\":\"https:\\\/\\\/www.revistarambla.com\\\/\",\"logo\":{\"@type\":\"ImageObject\",\"inLanguage\":\"en-GB\",\"@id\":\"https:\\\/\\\/www.revistarambla.com\\\/#\\\/schema\\\/logo\\\/image\\\/\",\"url\":\"https:\\\/\\\/www.revistarambla.com\\\/wp-content\\\/uploads\\\/2020\\\/09\\\/banner_rambla_1900x600_BB.png\",\"contentUrl\":\"https:\\\/\\\/www.revistarambla.com\\\/wp-content\\\/uploads\\\/2020\\\/09\\\/banner_rambla_1900x600_BB.png\",\"width\":1900,\"height\":600,\"caption\":\"Revista Rambla\"},\"image\":{\"@id\":\"https:\\\/\\\/www.revistarambla.com\\\/#\\\/schema\\\/logo\\\/image\\\/\"},\"sameAs\":[\"https:\\\/\\\/www.facebook.com\\\/revistarambla\\\/\",\"https:\\\/\\\/x.com\\\/revistarambla\",\"https:\\\/\\\/www.instagram.com\\\/revista_rambla\",\"https:\\\/\\\/es.linkedin.com\\\/company\\\/revista-rambla\"]},{\"@type\":\"Person\",\"@id\":\"https:\\\/\\\/www.revistarambla.com\\\/#\\\/schema\\\/person\\\/a146a5a2550b94981a75131180e1bd9c\",\"name\":\"R@mbla\",\"description\":\"Este art\u00edculo ha sido redactado y\\\/o validado por el equipo de redacci\u00f3n de Revista Rambla.\",\"sameAs\":[\"https:\\\/\\\/www.revistarambla.com\\\/\",\"https:\\\/\\\/www.facebook.com\\\/revistarambla\",\"https:\\\/\\\/x.com\\\/revistarambla\"]}]}<\/script>\n<!-- \/ Yoast SEO plugin. -->","yoast_head_json":{"title":"\"\u00cdtaca\" de Cavafis, ilustrado por Federico Delicado - Revista Rambla","robots":{"index":"index","follow":"follow","max-snippet":"max-snippet:-1","max-image-preview":"max-image-preview:large","max-video-preview":"max-video-preview:-1"},"canonical":"https:\/\/www.revistarambla.com\/en\/itaca-de-cavafis-ilustrado-por-federico-delicado\/","og_locale":"en_GB","og_type":"article","og_title":"\"\u00cdtaca\" de Cavafis, ilustrado por Federico Delicado - Revista Rambla","og_description":"La editorial N\u00f3rdica Libros acaba de publicar una versi\u00f3n biling\u00fce e ilustrada del famoso poema de Cavafis: \u201c\u00cdtaca\u201d. Con deliciosas ilustraciones de Federico Delicado, esta \u201c\u00cdtaca\u201d de Cavafis de N\u00f3rdica Libros cuenta con un pr\u00f3logo y nueva traducci\u00f3n de Vicente Fern\u00e1ndez Gonz\u00e1lez. La poes\u00eda de Cavafis, alejada del lirismo, objetiva [&hellip;]","og_url":"https:\/\/www.revistarambla.com\/en\/itaca-de-cavafis-ilustrado-por-federico-delicado\/","og_site_name":"Revista Rambla","article_publisher":"https:\/\/www.facebook.com\/revistarambla\/","article_author":"https:\/\/www.facebook.com\/revistarambla","article_published_time":"2015-10-19T02:18:29+00:00","article_modified_time":"2021-04-13T15:58:45+00:00","og_image":[{"width":682,"height":430,"url":"https:\/\/i0.wp.com\/www.revistarambla.com\/wp-content\/uploads\/2015\/10\/Itaca-revistarambla-02.jpg?fit=682%2C430&ssl=1","type":"image\/jpeg"}],"author":"R@mbla","twitter_card":"summary_large_image","twitter_creator":"@revistarambla","twitter_site":"@revistarambla","twitter_misc":{"Written by":"R@mbla","Estimated reading time":"3 minutes"},"schema":{"@context":"https:\/\/schema.org","@graph":[{"@type":"Article","@id":"https:\/\/www.revistarambla.com\/itaca-de-cavafis-ilustrado-por-federico-delicado\/#article","isPartOf":{"@id":"https:\/\/www.revistarambla.com\/itaca-de-cavafis-ilustrado-por-federico-delicado\/"},"author":{"name":"R@mbla","@id":"https:\/\/www.revistarambla.com\/#\/schema\/person\/a146a5a2550b94981a75131180e1bd9c"},"headline":"\u00ab\u00cdtaca\u00bb de Cavafis, ilustrado por Federico Delicado","datePublished":"2015-10-19T02:18:29+00:00","dateModified":"2021-04-13T15:58:45+00:00","mainEntityOfPage":{"@id":"https:\/\/www.revistarambla.com\/itaca-de-cavafis-ilustrado-por-federico-delicado\/"},"wordCount":578,"commentCount":0,"publisher":{"@id":"https:\/\/www.revistarambla.com\/#organization"},"image":{"@id":"https:\/\/www.revistarambla.com\/itaca-de-cavafis-ilustrado-por-federico-delicado\/#primaryimage"},"thumbnailUrl":"https:\/\/www.revistarambla.com\/wp-content\/uploads\/2015\/10\/libro-revistarambla-13.jpg","articleSection":["Cultura","Libros"],"inLanguage":"en-GB","potentialAction":[{"@type":"CommentAction","name":"Comment","target":["https:\/\/www.revistarambla.com\/itaca-de-cavafis-ilustrado-por-federico-delicado\/#respond"]}]},{"@type":"WebPage","@id":"https:\/\/www.revistarambla.com\/itaca-de-cavafis-ilustrado-por-federico-delicado\/","url":"https:\/\/www.revistarambla.com\/itaca-de-cavafis-ilustrado-por-federico-delicado\/","name":"\"\u00cdtaca\" de Cavafis, ilustrado por Federico Delicado - Revista Rambla","isPartOf":{"@id":"https:\/\/www.revistarambla.com\/#website"},"primaryImageOfPage":{"@id":"https:\/\/www.revistarambla.com\/itaca-de-cavafis-ilustrado-por-federico-delicado\/#primaryimage"},"image":{"@id":"https:\/\/www.revistarambla.com\/itaca-de-cavafis-ilustrado-por-federico-delicado\/#primaryimage"},"thumbnailUrl":"https:\/\/www.revistarambla.com\/wp-content\/uploads\/2015\/10\/libro-revistarambla-13.jpg","datePublished":"2015-10-19T02:18:29+00:00","dateModified":"2021-04-13T15:58:45+00:00","breadcrumb":{"@id":"https:\/\/www.revistarambla.com\/itaca-de-cavafis-ilustrado-por-federico-delicado\/#breadcrumb"},"inLanguage":"en-GB","potentialAction":[{"@type":"ReadAction","target":["https:\/\/www.revistarambla.com\/itaca-de-cavafis-ilustrado-por-federico-delicado\/"]}]},{"@type":"ImageObject","inLanguage":"en-GB","@id":"https:\/\/www.revistarambla.com\/itaca-de-cavafis-ilustrado-por-federico-delicado\/#primaryimage","url":"https:\/\/www.revistarambla.com\/wp-content\/uploads\/2015\/10\/libro-revistarambla-13.jpg","contentUrl":"https:\/\/www.revistarambla.com\/wp-content\/uploads\/2015\/10\/libro-revistarambla-13.jpg"},{"@type":"BreadcrumbList","@id":"https:\/\/www.revistarambla.com\/itaca-de-cavafis-ilustrado-por-federico-delicado\/#breadcrumb","itemListElement":[{"@type":"ListItem","position":1,"name":"Portada","item":"https:\/\/www.revistarambla.com\/"},{"@type":"ListItem","position":2,"name":"\u00ab\u00cdtaca\u00bb de Cavafis, ilustrado por Federico Delicado"}]},{"@type":"WebSite","@id":"https:\/\/www.revistarambla.com\/#website","url":"https:\/\/www.revistarambla.com\/","name":"Revista Rambla Barcelona","description":"Periodismo independiente","publisher":{"@id":"https:\/\/www.revistarambla.com\/#organization"},"potentialAction":[{"@type":"SearchAction","target":{"@type":"EntryPoint","urlTemplate":"https:\/\/www.revistarambla.com\/?s={search_term_string}"},"query-input":{"@type":"PropertyValueSpecification","valueRequired":true,"valueName":"search_term_string"}}],"inLanguage":"en-GB"},{"@type":"Organization","@id":"https:\/\/www.revistarambla.com\/#organization","name":"Revista Rambla","url":"https:\/\/www.revistarambla.com\/","logo":{"@type":"ImageObject","inLanguage":"en-GB","@id":"https:\/\/www.revistarambla.com\/#\/schema\/logo\/image\/","url":"https:\/\/www.revistarambla.com\/wp-content\/uploads\/2020\/09\/banner_rambla_1900x600_BB.png","contentUrl":"https:\/\/www.revistarambla.com\/wp-content\/uploads\/2020\/09\/banner_rambla_1900x600_BB.png","width":1900,"height":600,"caption":"Revista Rambla"},"image":{"@id":"https:\/\/www.revistarambla.com\/#\/schema\/logo\/image\/"},"sameAs":["https:\/\/www.facebook.com\/revistarambla\/","https:\/\/x.com\/revistarambla","https:\/\/www.instagram.com\/revista_rambla","https:\/\/es.linkedin.com\/company\/revista-rambla"]},{"@type":"Person","@id":"https:\/\/www.revistarambla.com\/#\/schema\/person\/a146a5a2550b94981a75131180e1bd9c","name":"R@mbla","description":"Este art\u00edculo ha sido redactado y\/o validado por el equipo de redacci\u00f3n de Revista Rambla.","sameAs":["https:\/\/www.revistarambla.com\/","https:\/\/www.facebook.com\/revistarambla","https:\/\/x.com\/revistarambla"]}]}},"_links":{"self":[{"href":"https:\/\/www.revistarambla.com\/en\/wp-json\/wp\/v2\/posts\/8000","targetHints":{"allow":["GET"]}}],"collection":[{"href":"https:\/\/www.revistarambla.com\/en\/wp-json\/wp\/v2\/posts"}],"about":[{"href":"https:\/\/www.revistarambla.com\/en\/wp-json\/wp\/v2\/types\/post"}],"author":[{"embeddable":true,"href":"https:\/\/www.revistarambla.com\/en\/wp-json\/wp\/v2\/users\/3"}],"replies":[{"embeddable":true,"href":"https:\/\/www.revistarambla.com\/en\/wp-json\/wp\/v2\/comments?post=8000"}],"version-history":[{"count":0,"href":"https:\/\/www.revistarambla.com\/en\/wp-json\/wp\/v2\/posts\/8000\/revisions"}],"wp:attachment":[{"href":"https:\/\/www.revistarambla.com\/en\/wp-json\/wp\/v2\/media?parent=8000"}],"wp:term":[{"taxonomy":"category","embeddable":true,"href":"https:\/\/www.revistarambla.com\/en\/wp-json\/wp\/v2\/categories?post=8000"},{"taxonomy":"post_tag","embeddable":true,"href":"https:\/\/www.revistarambla.com\/en\/wp-json\/wp\/v2\/tags?post=8000"}],"curies":[{"name":"wp","href":"https:\/\/api.w.org\/{rel}","templated":true}]}}