{"id":796,"date":"2011-03-14T11:54:35","date_gmt":"2011-03-14T11:54:35","guid":{"rendered":"https:\/\/www.revistarambla.com\/se-vende-estado-del-bienestar-soleado-todo-a-reformar-ideal-banqueros\/"},"modified":"2021-04-21T21:06:57","modified_gmt":"2021-04-21T19:06:57","slug":"se-vende-estado-del-bienestar-soleado-todo-a-reformar-ideal-banqueros","status":"publish","type":"post","link":"https:\/\/www.revistarambla.com\/en\/se-vende-estado-del-bienestar-soleado-todo-a-reformar-ideal-banqueros\/","title":{"rendered":"Se vende estado del bienestar soleado. Todo a reformar. Ideal banqueros."},"content":{"rendered":"<p><a href=\"https:\/\/www.revistarambla.com\/wp-content\/uploads\/2011\/03\/dinero-U60110208963334B-U80835750700jAC-624x385@El-Correo-ElCorreo.jpg\"><img decoding=\"async\" class=\"wp-image-19662  alignright\" src=\"https:\/\/www.revistarambla.com\/wp-content\/uploads\/2011\/03\/dinero-U60110208963334B-U80835750700jAC-624x385@El-Correo-ElCorreo-300x185.jpg\" alt=\"ods\" width=\"405\" height=\"250\" srcset=\"https:\/\/www.revistarambla.com\/wp-content\/uploads\/2011\/03\/dinero-U60110208963334B-U80835750700jAC-624x385@El-Correo-ElCorreo-300x185.jpg 300w, https:\/\/www.revistarambla.com\/wp-content\/uploads\/2011\/03\/dinero-U60110208963334B-U80835750700jAC-624x385@El-Correo-ElCorreo-500x308.jpg 500w, https:\/\/www.revistarambla.com\/wp-content\/uploads\/2011\/03\/dinero-U60110208963334B-U80835750700jAC-624x385@El-Correo-ElCorreo-458x283.jpg 458w, https:\/\/www.revistarambla.com\/wp-content\/uploads\/2011\/03\/dinero-U60110208963334B-U80835750700jAC-624x385@El-Correo-ElCorreo.jpg 624w\" sizes=\"(max-width: 405px) 100vw, 405px\" \/><\/a>Arist\u00f3teles define la demagogia como \u201cpredominio de los pobres con exclusi\u00f3n de los ricos\u201d, raz\u00f3n por la cual resulta demagogo cualquier an\u00e1lisis que, en la actualidad, presuma o pretenda pasar por realista. S\u00f3lo hace falta apartar la mirada del televisor un instante y echar una r\u00e1pida ojeada al paisaje por el que, d\u00eda tras d\u00eda, transitan las vidas de millones de personas: paro, problemas de liquidez, recortes sociales, reformas laborales abusivas, desahucios&#8230; La vida posmoderna se viste de negro: no queda claro si por duelo o para no desentonar con el panorama de fondo. En este contexto, el trabajo de colectivos como la <strong>Oficina de Drets Socials<\/strong> (ODS) de Nou Barris -de igual modo a las existentes en Sants, la vila de Gr\u00e0cia o Santa Coloma de Gramanet- supone una grieta en el entramado oscuro de la depresi\u00f3n neoliberal. Entrevistamos a Carles, miembro y activista de la ODS, que nos habla sobre la labor que desempe\u00f1an en el distrito de\u00a0 Nou Barris.<\/p>\n<p>La ODS de Nou Barris dirige su labor, por una parte, a los asuntos del mundo laboral y, por otra, a los de la vivienda. En ambos casos, ofrecen asesoramiento gratuito a las personas en que los problemas colectivos se encarnan con meridiana y sorprendente claridad. El asesoramiento -en una suerte de sindicalismo de barrio- no consiste en una turba portando antorchas y quemando todo lo que encuentren a su paso, si no en el ejercicio de un derecho que se basa en el conocimiento jur\u00eddico y en la solidaridad entre vecinos frente a la precariedad.<\/p>\n<p>La ODS ha jugado un papel determinante en el apoyo y resistencia frente a los \u00faltimos intentos de desahucio, que han tenido lugar en el barrio de Verdum. Sin embargo, la amenaza de desahucio es el final de una larga serie de desprop\u00f3sitos, cartas, abusos y atropellos. En la ciudad de Barcelona, al mismo tiempo que cientos de pisos de protecci\u00f3n oficial se encuentran vac\u00edos, otras tantas familias viven con la angustia de ser desahuciados. Y en los casos que hasta Charles Dickens habr\u00eda considerado excesivamente melodram\u00e1ticos, las familias se enfrentan incluso a la amenaza de perder la custodia de sus hijos. Pero la realidad <em>dickensiana <\/em>siempre supera a la ficci\u00f3n: en el barrio de Canyelles, una familia que no pudo hacer frente a la hipoteca de su piso de protecci\u00f3n oficial, fue desahuciada y observ\u00f3 at\u00f3nita c\u00f3mo su piso pasaba a ser propiedad de Caixa de Catalunya (o de Catalunya Caixa, que tanto monta&#8230;).<\/p>\n<p>Para saber m\u00e1s, visitad: <a href=\"http:\/\/ods9barris.wordpress.com\/\">http:\/\/ods9barris.wordpress.com\/<\/a><\/p>\n<p>Para escuchar la entrevista a la ODS, visitad: <a href=\"http:\/\/lafleca.wordpress.com\/\">http:\/\/lafleca.wordpress.com\/<\/a><\/p>","protected":false},"excerpt":{"rendered":"<p>Arist\u00f3teles define la demagogia como \u201cpredominio de los pobres con exclusi\u00f3n de los ricos\u201d, raz\u00f3n por la cual resulta demagogo cualquier an\u00e1lisis que, en la actualidad, presuma o pretenda pasar por realista. S\u00f3lo hace falta apartar la mirada del televisor un instante y echar una r\u00e1pida ojeada al paisaje por [&hellip;]<\/p>\n","protected":false},"author":1,"featured_media":19662,"comment_status":"open","ping_status":"open","sticky":false,"template":"","format":"standard","meta":{"footnotes":""},"categories":[3,76],"tags":[],"class_list":["post-796","post","type-post","status-publish","format-standard","has-post-thumbnail","hentry","category-actualidad","category-barcelona"],"yoast_head":"<!-- This site is optimized with the Yoast SEO plugin v27.5 - https:\/\/yoast.com\/product\/yoast-seo-wordpress\/ -->\n<title>La ODS ha jugado un papel determinante en el apoyo... - Revista Rambla<\/title>\n<meta name=\"description\" content=\"El trabajo de colectivos como la Oficina de Drets Socials (ODS) de Nou Barris -de igual modo a las existentes en Sants, la vila de Gr\u00e0cia o Santa Coloma.\" \/>\n<meta name=\"robots\" content=\"index, follow, max-snippet:-1, max-image-preview:large, max-video-preview:-1\" \/>\n<link rel=\"canonical\" href=\"https:\/\/www.revistarambla.com\/en\/se-vende-estado-del-bienestar-soleado-todo-a-reformar-ideal-banqueros\/\" \/>\n<meta property=\"og:locale\" content=\"en_GB\" \/>\n<meta property=\"og:type\" content=\"article\" \/>\n<meta property=\"og:title\" content=\"La ODS ha jugado un papel determinante en el apoyo... - Revista Rambla\" \/>\n<meta property=\"og:description\" content=\"El trabajo de colectivos como la Oficina de Drets Socials (ODS) de Nou Barris -de igual modo a las existentes en Sants, la vila de Gr\u00e0cia o Santa Coloma.\" \/>\n<meta property=\"og:url\" content=\"https:\/\/www.revistarambla.com\/en\/se-vende-estado-del-bienestar-soleado-todo-a-reformar-ideal-banqueros\/\" \/>\n<meta property=\"og:site_name\" content=\"Revista Rambla\" \/>\n<meta property=\"article:publisher\" content=\"https:\/\/www.facebook.com\/revistarambla\/\" \/>\n<meta property=\"article:published_time\" content=\"2011-03-14T11:54:35+00:00\" \/>\n<meta property=\"article:modified_time\" content=\"2021-04-21T19:06:57+00:00\" \/>\n<meta property=\"og:image\" content=\"https:\/\/i0.wp.com\/www.revistarambla.com\/wp-content\/uploads\/2011\/03\/dinero-U60110208963334B-U80835750700jAC-624x385@El-Correo-ElCorreo.jpg?fit=624%2C385&ssl=1\" \/>\n\t<meta property=\"og:image:width\" content=\"624\" \/>\n\t<meta property=\"og:image:height\" content=\"385\" \/>\n\t<meta property=\"og:image:type\" content=\"image\/jpeg\" \/>\n<meta name=\"author\" content=\"Joan Pere N.\" \/>\n<meta name=\"twitter:card\" content=\"summary_large_image\" \/>\n<meta name=\"twitter:creator\" content=\"@revistarambla\" \/>\n<meta name=\"twitter:site\" content=\"@revistarambla\" \/>\n<meta name=\"twitter:label1\" content=\"Written by\" \/>\n\t<meta name=\"twitter:data1\" content=\"Joan Pere N.\" \/>\n\t<meta name=\"twitter:label2\" content=\"Estimated reading time\" \/>\n\t<meta name=\"twitter:data2\" content=\"3 minutes\" \/>\n<script type=\"application\/ld+json\" class=\"yoast-schema-graph\">{\"@context\":\"https:\\\/\\\/schema.org\",\"@graph\":[{\"@type\":\"Article\",\"@id\":\"https:\\\/\\\/www.revistarambla.com\\\/se-vende-estado-del-bienestar-soleado-todo-a-reformar-ideal-banqueros\\\/#article\",\"isPartOf\":{\"@id\":\"https:\\\/\\\/www.revistarambla.com\\\/se-vende-estado-del-bienestar-soleado-todo-a-reformar-ideal-banqueros\\\/\"},\"author\":{\"name\":\"Joan Pere N.\",\"@id\":\"https:\\\/\\\/www.revistarambla.com\\\/#\\\/schema\\\/person\\\/4a5652fc8c82df1f8593002d038cd79e\"},\"headline\":\"Se vende estado del bienestar soleado. Todo a reformar. Ideal banqueros.\",\"datePublished\":\"2011-03-14T11:54:35+00:00\",\"dateModified\":\"2021-04-21T19:06:57+00:00\",\"mainEntityOfPage\":{\"@id\":\"https:\\\/\\\/www.revistarambla.com\\\/se-vende-estado-del-bienestar-soleado-todo-a-reformar-ideal-banqueros\\\/\"},\"wordCount\":467,\"commentCount\":0,\"publisher\":{\"@id\":\"https:\\\/\\\/www.revistarambla.com\\\/#organization\"},\"image\":{\"@id\":\"https:\\\/\\\/www.revistarambla.com\\\/se-vende-estado-del-bienestar-soleado-todo-a-reformar-ideal-banqueros\\\/#primaryimage\"},\"thumbnailUrl\":\"https:\\\/\\\/www.revistarambla.com\\\/wp-content\\\/uploads\\\/2011\\\/03\\\/dinero-U60110208963334B-U80835750700jAC-624x385@El-Correo-ElCorreo.jpg\",\"articleSection\":[\"Actualidad\",\"Barcelona\"],\"inLanguage\":\"en-GB\",\"potentialAction\":[{\"@type\":\"CommentAction\",\"name\":\"Comment\",\"target\":[\"https:\\\/\\\/www.revistarambla.com\\\/se-vende-estado-del-bienestar-soleado-todo-a-reformar-ideal-banqueros\\\/#respond\"]}]},{\"@type\":\"WebPage\",\"@id\":\"https:\\\/\\\/www.revistarambla.com\\\/se-vende-estado-del-bienestar-soleado-todo-a-reformar-ideal-banqueros\\\/\",\"url\":\"https:\\\/\\\/www.revistarambla.com\\\/se-vende-estado-del-bienestar-soleado-todo-a-reformar-ideal-banqueros\\\/\",\"name\":\"La ODS ha jugado un papel determinante en el apoyo... - Revista Rambla\",\"isPartOf\":{\"@id\":\"https:\\\/\\\/www.revistarambla.com\\\/#website\"},\"primaryImageOfPage\":{\"@id\":\"https:\\\/\\\/www.revistarambla.com\\\/se-vende-estado-del-bienestar-soleado-todo-a-reformar-ideal-banqueros\\\/#primaryimage\"},\"image\":{\"@id\":\"https:\\\/\\\/www.revistarambla.com\\\/se-vende-estado-del-bienestar-soleado-todo-a-reformar-ideal-banqueros\\\/#primaryimage\"},\"thumbnailUrl\":\"https:\\\/\\\/www.revistarambla.com\\\/wp-content\\\/uploads\\\/2011\\\/03\\\/dinero-U60110208963334B-U80835750700jAC-624x385@El-Correo-ElCorreo.jpg\",\"datePublished\":\"2011-03-14T11:54:35+00:00\",\"dateModified\":\"2021-04-21T19:06:57+00:00\",\"description\":\"El trabajo de colectivos como la Oficina de Drets Socials (ODS) de Nou Barris -de igual modo a las existentes en Sants, la vila de Gr\u00e0cia o Santa Coloma.\",\"breadcrumb\":{\"@id\":\"https:\\\/\\\/www.revistarambla.com\\\/se-vende-estado-del-bienestar-soleado-todo-a-reformar-ideal-banqueros\\\/#breadcrumb\"},\"inLanguage\":\"en-GB\",\"potentialAction\":[{\"@type\":\"ReadAction\",\"target\":[\"https:\\\/\\\/www.revistarambla.com\\\/se-vende-estado-del-bienestar-soleado-todo-a-reformar-ideal-banqueros\\\/\"]}]},{\"@type\":\"ImageObject\",\"inLanguage\":\"en-GB\",\"@id\":\"https:\\\/\\\/www.revistarambla.com\\\/se-vende-estado-del-bienestar-soleado-todo-a-reformar-ideal-banqueros\\\/#primaryimage\",\"url\":\"https:\\\/\\\/www.revistarambla.com\\\/wp-content\\\/uploads\\\/2011\\\/03\\\/dinero-U60110208963334B-U80835750700jAC-624x385@El-Correo-ElCorreo.jpg\",\"contentUrl\":\"https:\\\/\\\/www.revistarambla.com\\\/wp-content\\\/uploads\\\/2011\\\/03\\\/dinero-U60110208963334B-U80835750700jAC-624x385@El-Correo-ElCorreo.jpg\",\"width\":624,\"height\":385,\"caption\":\"ods eurozona econom\u00eda pr\u00e9stamo digital\"},{\"@type\":\"BreadcrumbList\",\"@id\":\"https:\\\/\\\/www.revistarambla.com\\\/se-vende-estado-del-bienestar-soleado-todo-a-reformar-ideal-banqueros\\\/#breadcrumb\",\"itemListElement\":[{\"@type\":\"ListItem\",\"position\":1,\"name\":\"Portada\",\"item\":\"https:\\\/\\\/www.revistarambla.com\\\/\"},{\"@type\":\"ListItem\",\"position\":2,\"name\":\"Se vende estado del bienestar soleado. Todo a reformar. Ideal banqueros.\"}]},{\"@type\":\"WebSite\",\"@id\":\"https:\\\/\\\/www.revistarambla.com\\\/#website\",\"url\":\"https:\\\/\\\/www.revistarambla.com\\\/\",\"name\":\"Revista Rambla Barcelona\",\"description\":\"Periodismo independiente\",\"publisher\":{\"@id\":\"https:\\\/\\\/www.revistarambla.com\\\/#organization\"},\"potentialAction\":[{\"@type\":\"SearchAction\",\"target\":{\"@type\":\"EntryPoint\",\"urlTemplate\":\"https:\\\/\\\/www.revistarambla.com\\\/?s={search_term_string}\"},\"query-input\":{\"@type\":\"PropertyValueSpecification\",\"valueRequired\":true,\"valueName\":\"search_term_string\"}}],\"inLanguage\":\"en-GB\"},{\"@type\":\"Organization\",\"@id\":\"https:\\\/\\\/www.revistarambla.com\\\/#organization\",\"name\":\"Revista Rambla\",\"url\":\"https:\\\/\\\/www.revistarambla.com\\\/\",\"logo\":{\"@type\":\"ImageObject\",\"inLanguage\":\"en-GB\",\"@id\":\"https:\\\/\\\/www.revistarambla.com\\\/#\\\/schema\\\/logo\\\/image\\\/\",\"url\":\"https:\\\/\\\/www.revistarambla.com\\\/wp-content\\\/uploads\\\/2020\\\/09\\\/banner_rambla_1900x600_BB.png\",\"contentUrl\":\"https:\\\/\\\/www.revistarambla.com\\\/wp-content\\\/uploads\\\/2020\\\/09\\\/banner_rambla_1900x600_BB.png\",\"width\":1900,\"height\":600,\"caption\":\"Revista Rambla\"},\"image\":{\"@id\":\"https:\\\/\\\/www.revistarambla.com\\\/#\\\/schema\\\/logo\\\/image\\\/\"},\"sameAs\":[\"https:\\\/\\\/www.facebook.com\\\/revistarambla\\\/\",\"https:\\\/\\\/x.com\\\/revistarambla\",\"https:\\\/\\\/www.instagram.com\\\/revista_rambla\",\"https:\\\/\\\/es.linkedin.com\\\/company\\\/revista-rambla\"]},{\"@type\":\"Person\",\"@id\":\"https:\\\/\\\/www.revistarambla.com\\\/#\\\/schema\\\/person\\\/4a5652fc8c82df1f8593002d038cd79e\",\"name\":\"Joan Pere N.\"}]}<\/script>\n<!-- \/ Yoast SEO plugin. -->","yoast_head_json":{"title":"La ODS ha jugado un papel determinante en el apoyo... - Revista Rambla","description":"El trabajo de colectivos como la Oficina de Drets Socials (ODS) de Nou Barris -de igual modo a las existentes en Sants, la vila de Gr\u00e0cia o Santa Coloma.","robots":{"index":"index","follow":"follow","max-snippet":"max-snippet:-1","max-image-preview":"max-image-preview:large","max-video-preview":"max-video-preview:-1"},"canonical":"https:\/\/www.revistarambla.com\/en\/se-vende-estado-del-bienestar-soleado-todo-a-reformar-ideal-banqueros\/","og_locale":"en_GB","og_type":"article","og_title":"La ODS ha jugado un papel determinante en el apoyo... - Revista Rambla","og_description":"El trabajo de colectivos como la Oficina de Drets Socials (ODS) de Nou Barris -de igual modo a las existentes en Sants, la vila de Gr\u00e0cia o Santa Coloma.","og_url":"https:\/\/www.revistarambla.com\/en\/se-vende-estado-del-bienestar-soleado-todo-a-reformar-ideal-banqueros\/","og_site_name":"Revista Rambla","article_publisher":"https:\/\/www.facebook.com\/revistarambla\/","article_published_time":"2011-03-14T11:54:35+00:00","article_modified_time":"2021-04-21T19:06:57+00:00","og_image":[{"width":624,"height":385,"url":"https:\/\/i0.wp.com\/www.revistarambla.com\/wp-content\/uploads\/2011\/03\/dinero-U60110208963334B-U80835750700jAC-624x385@El-Correo-ElCorreo.jpg?fit=624%2C385&ssl=1","type":"image\/jpeg"}],"author":"Joan Pere N.","twitter_card":"summary_large_image","twitter_creator":"@revistarambla","twitter_site":"@revistarambla","twitter_misc":{"Written by":"Joan Pere N.","Estimated reading time":"3 minutes"},"schema":{"@context":"https:\/\/schema.org","@graph":[{"@type":"Article","@id":"https:\/\/www.revistarambla.com\/se-vende-estado-del-bienestar-soleado-todo-a-reformar-ideal-banqueros\/#article","isPartOf":{"@id":"https:\/\/www.revistarambla.com\/se-vende-estado-del-bienestar-soleado-todo-a-reformar-ideal-banqueros\/"},"author":{"name":"Joan Pere N.","@id":"https:\/\/www.revistarambla.com\/#\/schema\/person\/4a5652fc8c82df1f8593002d038cd79e"},"headline":"Se vende estado del bienestar soleado. Todo a reformar. Ideal banqueros.","datePublished":"2011-03-14T11:54:35+00:00","dateModified":"2021-04-21T19:06:57+00:00","mainEntityOfPage":{"@id":"https:\/\/www.revistarambla.com\/se-vende-estado-del-bienestar-soleado-todo-a-reformar-ideal-banqueros\/"},"wordCount":467,"commentCount":0,"publisher":{"@id":"https:\/\/www.revistarambla.com\/#organization"},"image":{"@id":"https:\/\/www.revistarambla.com\/se-vende-estado-del-bienestar-soleado-todo-a-reformar-ideal-banqueros\/#primaryimage"},"thumbnailUrl":"https:\/\/www.revistarambla.com\/wp-content\/uploads\/2011\/03\/dinero-U60110208963334B-U80835750700jAC-624x385@El-Correo-ElCorreo.jpg","articleSection":["Actualidad","Barcelona"],"inLanguage":"en-GB","potentialAction":[{"@type":"CommentAction","name":"Comment","target":["https:\/\/www.revistarambla.com\/se-vende-estado-del-bienestar-soleado-todo-a-reformar-ideal-banqueros\/#respond"]}]},{"@type":"WebPage","@id":"https:\/\/www.revistarambla.com\/se-vende-estado-del-bienestar-soleado-todo-a-reformar-ideal-banqueros\/","url":"https:\/\/www.revistarambla.com\/se-vende-estado-del-bienestar-soleado-todo-a-reformar-ideal-banqueros\/","name":"La ODS ha jugado un papel determinante en el apoyo... - Revista Rambla","isPartOf":{"@id":"https:\/\/www.revistarambla.com\/#website"},"primaryImageOfPage":{"@id":"https:\/\/www.revistarambla.com\/se-vende-estado-del-bienestar-soleado-todo-a-reformar-ideal-banqueros\/#primaryimage"},"image":{"@id":"https:\/\/www.revistarambla.com\/se-vende-estado-del-bienestar-soleado-todo-a-reformar-ideal-banqueros\/#primaryimage"},"thumbnailUrl":"https:\/\/www.revistarambla.com\/wp-content\/uploads\/2011\/03\/dinero-U60110208963334B-U80835750700jAC-624x385@El-Correo-ElCorreo.jpg","datePublished":"2011-03-14T11:54:35+00:00","dateModified":"2021-04-21T19:06:57+00:00","description":"El trabajo de colectivos como la Oficina de Drets Socials (ODS) de Nou Barris -de igual modo a las existentes en Sants, la vila de Gr\u00e0cia o Santa Coloma.","breadcrumb":{"@id":"https:\/\/www.revistarambla.com\/se-vende-estado-del-bienestar-soleado-todo-a-reformar-ideal-banqueros\/#breadcrumb"},"inLanguage":"en-GB","potentialAction":[{"@type":"ReadAction","target":["https:\/\/www.revistarambla.com\/se-vende-estado-del-bienestar-soleado-todo-a-reformar-ideal-banqueros\/"]}]},{"@type":"ImageObject","inLanguage":"en-GB","@id":"https:\/\/www.revistarambla.com\/se-vende-estado-del-bienestar-soleado-todo-a-reformar-ideal-banqueros\/#primaryimage","url":"https:\/\/www.revistarambla.com\/wp-content\/uploads\/2011\/03\/dinero-U60110208963334B-U80835750700jAC-624x385@El-Correo-ElCorreo.jpg","contentUrl":"https:\/\/www.revistarambla.com\/wp-content\/uploads\/2011\/03\/dinero-U60110208963334B-U80835750700jAC-624x385@El-Correo-ElCorreo.jpg","width":624,"height":385,"caption":"ods eurozona econom\u00eda pr\u00e9stamo digital"},{"@type":"BreadcrumbList","@id":"https:\/\/www.revistarambla.com\/se-vende-estado-del-bienestar-soleado-todo-a-reformar-ideal-banqueros\/#breadcrumb","itemListElement":[{"@type":"ListItem","position":1,"name":"Portada","item":"https:\/\/www.revistarambla.com\/"},{"@type":"ListItem","position":2,"name":"Se vende estado del bienestar soleado. Todo a reformar. Ideal banqueros."}]},{"@type":"WebSite","@id":"https:\/\/www.revistarambla.com\/#website","url":"https:\/\/www.revistarambla.com\/","name":"Revista Rambla Barcelona","description":"Periodismo independiente","publisher":{"@id":"https:\/\/www.revistarambla.com\/#organization"},"potentialAction":[{"@type":"SearchAction","target":{"@type":"EntryPoint","urlTemplate":"https:\/\/www.revistarambla.com\/?s={search_term_string}"},"query-input":{"@type":"PropertyValueSpecification","valueRequired":true,"valueName":"search_term_string"}}],"inLanguage":"en-GB"},{"@type":"Organization","@id":"https:\/\/www.revistarambla.com\/#organization","name":"Revista Rambla","url":"https:\/\/www.revistarambla.com\/","logo":{"@type":"ImageObject","inLanguage":"en-GB","@id":"https:\/\/www.revistarambla.com\/#\/schema\/logo\/image\/","url":"https:\/\/www.revistarambla.com\/wp-content\/uploads\/2020\/09\/banner_rambla_1900x600_BB.png","contentUrl":"https:\/\/www.revistarambla.com\/wp-content\/uploads\/2020\/09\/banner_rambla_1900x600_BB.png","width":1900,"height":600,"caption":"Revista Rambla"},"image":{"@id":"https:\/\/www.revistarambla.com\/#\/schema\/logo\/image\/"},"sameAs":["https:\/\/www.facebook.com\/revistarambla\/","https:\/\/x.com\/revistarambla","https:\/\/www.instagram.com\/revista_rambla","https:\/\/es.linkedin.com\/company\/revista-rambla"]},{"@type":"Person","@id":"https:\/\/www.revistarambla.com\/#\/schema\/person\/4a5652fc8c82df1f8593002d038cd79e","name":"Joan Pere N."}]}},"_links":{"self":[{"href":"https:\/\/www.revistarambla.com\/en\/wp-json\/wp\/v2\/posts\/796","targetHints":{"allow":["GET"]}}],"collection":[{"href":"https:\/\/www.revistarambla.com\/en\/wp-json\/wp\/v2\/posts"}],"about":[{"href":"https:\/\/www.revistarambla.com\/en\/wp-json\/wp\/v2\/types\/post"}],"author":[{"embeddable":true,"href":"https:\/\/www.revistarambla.com\/en\/wp-json\/wp\/v2\/users\/1"}],"replies":[{"embeddable":true,"href":"https:\/\/www.revistarambla.com\/en\/wp-json\/wp\/v2\/comments?post=796"}],"version-history":[{"count":0,"href":"https:\/\/www.revistarambla.com\/en\/wp-json\/wp\/v2\/posts\/796\/revisions"}],"wp:featuredmedia":[{"embeddable":true,"href":"https:\/\/www.revistarambla.com\/en\/wp-json\/wp\/v2\/media\/19662"}],"wp:attachment":[{"href":"https:\/\/www.revistarambla.com\/en\/wp-json\/wp\/v2\/media?parent=796"}],"wp:term":[{"taxonomy":"category","embeddable":true,"href":"https:\/\/www.revistarambla.com\/en\/wp-json\/wp\/v2\/categories?post=796"},{"taxonomy":"post_tag","embeddable":true,"href":"https:\/\/www.revistarambla.com\/en\/wp-json\/wp\/v2\/tags?post=796"}],"curies":[{"name":"wp","href":"https:\/\/api.w.org\/{rel}","templated":true}]}}