{"id":793,"date":"2011-03-10T10:29:25","date_gmt":"2011-03-10T09:29:25","guid":{"rendered":"https:\/\/www.revistarambla.com\/sitges-se-pone-purpurina\/"},"modified":"2021-12-08T20:24:55","modified_gmt":"2021-12-08T19:24:55","slug":"carnaval-de-sitges","status":"publish","type":"post","link":"https:\/\/www.revistarambla.com\/en\/carnaval-de-sitges\/","title":{"rendered":"Carnaval de Sitges"},"content":{"rendered":"<p><a href=\"https:\/\/www.revistarambla.com\/wp-content\/uploads\/2011\/03\/La_Gauche_Divine_2019.jpg\"><img decoding=\"async\" class=\"size-full wp-image-19643 aligncenter\" src=\"https:\/\/www.revistarambla.com\/wp-content\/uploads\/2011\/03\/La_Gauche_Divine_2019.jpg\" alt=\"Carnaval de Sitges\" width=\"1728\" height=\"1152\" srcset=\"https:\/\/www.revistarambla.com\/wp-content\/uploads\/2011\/03\/La_Gauche_Divine_2019.jpg 1728w, https:\/\/www.revistarambla.com\/wp-content\/uploads\/2011\/03\/La_Gauche_Divine_2019-300x200.jpg 300w, https:\/\/www.revistarambla.com\/wp-content\/uploads\/2011\/03\/La_Gauche_Divine_2019-768x512.jpg 768w, https:\/\/www.revistarambla.com\/wp-content\/uploads\/2011\/03\/La_Gauche_Divine_2019-1024x683.jpg 1024w, https:\/\/www.revistarambla.com\/wp-content\/uploads\/2011\/03\/La_Gauche_Divine_2019-500x333.jpg 500w, https:\/\/www.revistarambla.com\/wp-content\/uploads\/2011\/03\/La_Gauche_Divine_2019-850x566.jpg 850w, https:\/\/www.revistarambla.com\/wp-content\/uploads\/2011\/03\/La_Gauche_Divine_2019-650x433.jpg 650w, https:\/\/www.revistarambla.com\/wp-content\/uploads\/2011\/03\/La_Gauche_Divine_2019-458x305.jpg 458w\" sizes=\"(max-width: 1728px) 100vw, 1728px\" \/><\/a><\/p>\n<p>Llega la noche, el d\u00eda se va a dormir y Sitges se despierta con ganas de marcha. La ciudad catalana de la diversi\u00f3n por excelencia celebra estos d\u00edas su fiesta preferida. El <strong>Carnaval de Sitges<\/strong>. Es momento de quitarse la m\u00e1scara que llevamos cada d\u00eda de nuestra vida para dejar al descubierto nuestro verdadero yo, liberarnos de las formalidades y dejarnos llevar por la m\u00fasica y los colores chispeantes de las carrozas. El rey Carnestoltes ha dispuesto todo para que aburrirse sea imposible y pasar una noche inolvidable, la \u00fanica opci\u00f3n. La r\u00faa recorre todos y cada uno de los rincones de la ciudad, para hacer vibrar hasta la \u00faltima piedra al son de los tambores. Las plumas bailan sobre las cabezas y las lentejuelas desde los disfraces.<\/p>\n<p>Enfermeras con bata blanca, escotes de v\u00e9rtigo, liguero a la vista y jeringuillas de tama\u00f1o industrial buscan pacientes que curar. Piratas con un loro de peluche sobre el hombro y un parche de quita y pon \u00a0intentan conseguir el sex appeal de Johnny Depp en Piratas del Caribe. Abejas de peluca dorada y traje a rayas pululan por las calles intentando, sin \u00e9xito, ir de flor en flor. Incluso puede verse alg\u00fan Bob Esponja y superh\u00e9roes de invenci\u00f3n propia. Son muchos y muy diversos los personajes que deambulan para vivir el <strong>Carnaval de Sitges<\/strong>. El fr\u00edo se ha apuntado a la fiesta, pero no impide ense\u00f1ar carne ni comerse la ciudad. La alegr\u00eda es contagiosa y la temperatura parece no ser un inconveniente, s\u00f3lo importa mover el cuerpo al ritmo de la m\u00fasica y conocer al personaje m\u00e1s singular de la noche. Por eso, es importante <a href=\"http:\/\/www.visitsitges.com\/es\/carnaval-sitges-2019\">llevar un disfraz divertido y ser original.<\/a><\/p>\n<p>Los locales abren sus puertas de par en par a extraterrestres, cowboys y al mism\u00edsimo diablo. Los animales por fin pueden entrar. Los que deciden no mudar la piel por la de seres fant\u00e1sticos sino conservar la del d\u00eda a d\u00eda, el aspecto humano, son la excepci\u00f3n. Disfrazarse para vivir un <strong>Carnaval en Sitges<\/strong>, con su carrusel, sus carreras de camas y su espectacularidad es casi obligatorio. Veinticinco carrozas en las r\u00faas de la Disbauxa y del Extermini, y trece en las infantiles. Un volumen que supone movilizar en unas horas cerca de 1900 personas y que indica que, a pesar de la crisis econ\u00f3mica, Sitges ha hecho todo lo posible para que la fiesta sea tan espl\u00e9ndida o m\u00e1s que el a\u00f1o pasado. Y lo ha conseguido. El <strong>rey Carnestoltes y la reina del Carnaval de Sitges<\/strong> se despiden orgullosos. Han corrido r\u00edos de purpurina, las risas han ahogado el silencio de la ciudad y los cuerpos han bailado hasta no poder m\u00e1s. La diversi\u00f3n ha superado las expectativas. El a\u00f1o que viene, m\u00e1s.<\/p>","protected":false},"excerpt":{"rendered":"<p>Llega la noche, el d\u00eda se va a dormir y Sitges se despierta con ganas de marcha. La ciudad catalana de la diversi\u00f3n por excelencia celebra estos d\u00edas su fiesta preferida. El Carnaval de Sitges. Es momento de quitarse la m\u00e1scara que llevamos cada d\u00eda de nuestra vida para dejar [&hellip;]<\/p>\n","protected":false},"author":39,"featured_media":19643,"comment_status":"open","ping_status":"open","sticky":false,"template":"","format":"standard","meta":{"footnotes":""},"categories":[4],"tags":[],"class_list":["post-793","post","type-post","status-publish","format-standard","has-post-thumbnail","hentry","category-cultura"],"yoast_head":"<!-- This site is optimized with the Yoast SEO plugin v27.5 - https:\/\/yoast.com\/product\/yoast-seo-wordpress\/ -->\n<title>Carnaval de Sitges - Revista Rambla (Cr\u00f3nicas - Sociedad)<\/title>\n<meta name=\"description\" content=\"El Carnaval de Sitges. Es momento de quitarse la m\u00e1scara que llevamos cada d\u00eda de nuestra vida para dejar al descubierto nuestro verdadero yo, liberarnos...\" \/>\n<meta name=\"robots\" content=\"index, follow, max-snippet:-1, max-image-preview:large, max-video-preview:-1\" \/>\n<link rel=\"canonical\" href=\"https:\/\/www.revistarambla.com\/en\/carnaval-de-sitges\/\" \/>\n<meta property=\"og:locale\" content=\"en_GB\" \/>\n<meta property=\"og:type\" content=\"article\" \/>\n<meta property=\"og:title\" content=\"Carnaval de Sitges - Revista Rambla (Cr\u00f3nicas - Sociedad)\" \/>\n<meta property=\"og:description\" content=\"El Carnaval de Sitges. Es momento de quitarse la m\u00e1scara que llevamos cada d\u00eda de nuestra vida para dejar al descubierto nuestro verdadero yo, liberarnos...\" \/>\n<meta property=\"og:url\" content=\"https:\/\/www.revistarambla.com\/en\/carnaval-de-sitges\/\" \/>\n<meta property=\"og:site_name\" content=\"Revista Rambla\" \/>\n<meta property=\"article:publisher\" content=\"https:\/\/www.facebook.com\/revistarambla\/\" \/>\n<meta property=\"article:published_time\" content=\"2011-03-10T09:29:25+00:00\" \/>\n<meta property=\"article:modified_time\" content=\"2021-12-08T19:24:55+00:00\" \/>\n<meta property=\"og:image\" content=\"https:\/\/www.revistarambla.com\/wp-content\/uploads\/2011\/03\/La_Gauche_Divine_2019.jpg\" \/>\n\t<meta property=\"og:image:width\" content=\"1728\" \/>\n\t<meta property=\"og:image:height\" content=\"1152\" \/>\n\t<meta property=\"og:image:type\" content=\"image\/jpeg\" \/>\n<meta name=\"author\" content=\"Blanca Mendiguren Gomila\" \/>\n<meta name=\"twitter:card\" content=\"summary_large_image\" \/>\n<meta name=\"twitter:creator\" content=\"@BlancaGomila\" \/>\n<meta name=\"twitter:site\" content=\"@revistarambla\" \/>\n<meta name=\"twitter:label1\" content=\"Written by\" \/>\n\t<meta name=\"twitter:data1\" content=\"Blanca Mendiguren Gomila\" \/>\n\t<meta name=\"twitter:label2\" content=\"Estimated reading time\" \/>\n\t<meta name=\"twitter:data2\" content=\"2 minutes\" \/>\n<script type=\"application\/ld+json\" class=\"yoast-schema-graph\">{\"@context\":\"https:\\\/\\\/schema.org\",\"@graph\":[{\"@type\":\"Article\",\"@id\":\"https:\\\/\\\/www.revistarambla.com\\\/carnaval-de-sitges\\\/#article\",\"isPartOf\":{\"@id\":\"https:\\\/\\\/www.revistarambla.com\\\/carnaval-de-sitges\\\/\"},\"author\":{\"name\":\"Blanca Mendiguren Gomila\",\"@id\":\"https:\\\/\\\/www.revistarambla.com\\\/#\\\/schema\\\/person\\\/ef3b07dd258f83e19609a57611e756c9\"},\"headline\":\"Carnaval de Sitges\",\"datePublished\":\"2011-03-10T09:29:25+00:00\",\"dateModified\":\"2021-12-08T19:24:55+00:00\",\"mainEntityOfPage\":{\"@id\":\"https:\\\/\\\/www.revistarambla.com\\\/carnaval-de-sitges\\\/\"},\"wordCount\":492,\"commentCount\":0,\"publisher\":{\"@id\":\"https:\\\/\\\/www.revistarambla.com\\\/#organization\"},\"image\":{\"@id\":\"https:\\\/\\\/www.revistarambla.com\\\/carnaval-de-sitges\\\/#primaryimage\"},\"thumbnailUrl\":\"https:\\\/\\\/www.revistarambla.com\\\/wp-content\\\/uploads\\\/2011\\\/03\\\/La_Gauche_Divine_2019.jpg\",\"articleSection\":[\"Cultura\"],\"inLanguage\":\"en-GB\",\"potentialAction\":[{\"@type\":\"CommentAction\",\"name\":\"Comment\",\"target\":[\"https:\\\/\\\/www.revistarambla.com\\\/carnaval-de-sitges\\\/#respond\"]}]},{\"@type\":\"WebPage\",\"@id\":\"https:\\\/\\\/www.revistarambla.com\\\/carnaval-de-sitges\\\/\",\"url\":\"https:\\\/\\\/www.revistarambla.com\\\/carnaval-de-sitges\\\/\",\"name\":\"Carnaval de Sitges - Revista Rambla (Cr\u00f3nicas - Sociedad)\",\"isPartOf\":{\"@id\":\"https:\\\/\\\/www.revistarambla.com\\\/#website\"},\"primaryImageOfPage\":{\"@id\":\"https:\\\/\\\/www.revistarambla.com\\\/carnaval-de-sitges\\\/#primaryimage\"},\"image\":{\"@id\":\"https:\\\/\\\/www.revistarambla.com\\\/carnaval-de-sitges\\\/#primaryimage\"},\"thumbnailUrl\":\"https:\\\/\\\/www.revistarambla.com\\\/wp-content\\\/uploads\\\/2011\\\/03\\\/La_Gauche_Divine_2019.jpg\",\"datePublished\":\"2011-03-10T09:29:25+00:00\",\"dateModified\":\"2021-12-08T19:24:55+00:00\",\"description\":\"El Carnaval de Sitges. Es momento de quitarse la m\u00e1scara que llevamos cada d\u00eda de nuestra vida para dejar al descubierto nuestro verdadero yo, liberarnos...\",\"breadcrumb\":{\"@id\":\"https:\\\/\\\/www.revistarambla.com\\\/carnaval-de-sitges\\\/#breadcrumb\"},\"inLanguage\":\"en-GB\",\"potentialAction\":[{\"@type\":\"ReadAction\",\"target\":[\"https:\\\/\\\/www.revistarambla.com\\\/carnaval-de-sitges\\\/\"]}]},{\"@type\":\"ImageObject\",\"inLanguage\":\"en-GB\",\"@id\":\"https:\\\/\\\/www.revistarambla.com\\\/carnaval-de-sitges\\\/#primaryimage\",\"url\":\"https:\\\/\\\/www.revistarambla.com\\\/wp-content\\\/uploads\\\/2011\\\/03\\\/La_Gauche_Divine_2019.jpg\",\"contentUrl\":\"https:\\\/\\\/www.revistarambla.com\\\/wp-content\\\/uploads\\\/2011\\\/03\\\/La_Gauche_Divine_2019.jpg\",\"width\":1728,\"height\":1152,\"caption\":\"Carnaval de Sitges\"},{\"@type\":\"BreadcrumbList\",\"@id\":\"https:\\\/\\\/www.revistarambla.com\\\/carnaval-de-sitges\\\/#breadcrumb\",\"itemListElement\":[{\"@type\":\"ListItem\",\"position\":1,\"name\":\"Portada\",\"item\":\"https:\\\/\\\/www.revistarambla.com\\\/\"},{\"@type\":\"ListItem\",\"position\":2,\"name\":\"Carnaval de Sitges\"}]},{\"@type\":\"WebSite\",\"@id\":\"https:\\\/\\\/www.revistarambla.com\\\/#website\",\"url\":\"https:\\\/\\\/www.revistarambla.com\\\/\",\"name\":\"Revista Rambla Barcelona\",\"description\":\"Periodismo independiente\",\"publisher\":{\"@id\":\"https:\\\/\\\/www.revistarambla.com\\\/#organization\"},\"potentialAction\":[{\"@type\":\"SearchAction\",\"target\":{\"@type\":\"EntryPoint\",\"urlTemplate\":\"https:\\\/\\\/www.revistarambla.com\\\/?s={search_term_string}\"},\"query-input\":{\"@type\":\"PropertyValueSpecification\",\"valueRequired\":true,\"valueName\":\"search_term_string\"}}],\"inLanguage\":\"en-GB\"},{\"@type\":\"Organization\",\"@id\":\"https:\\\/\\\/www.revistarambla.com\\\/#organization\",\"name\":\"Revista Rambla\",\"url\":\"https:\\\/\\\/www.revistarambla.com\\\/\",\"logo\":{\"@type\":\"ImageObject\",\"inLanguage\":\"en-GB\",\"@id\":\"https:\\\/\\\/www.revistarambla.com\\\/#\\\/schema\\\/logo\\\/image\\\/\",\"url\":\"https:\\\/\\\/www.revistarambla.com\\\/wp-content\\\/uploads\\\/2020\\\/09\\\/banner_rambla_1900x600_BB.png\",\"contentUrl\":\"https:\\\/\\\/www.revistarambla.com\\\/wp-content\\\/uploads\\\/2020\\\/09\\\/banner_rambla_1900x600_BB.png\",\"width\":1900,\"height\":600,\"caption\":\"Revista Rambla\"},\"image\":{\"@id\":\"https:\\\/\\\/www.revistarambla.com\\\/#\\\/schema\\\/logo\\\/image\\\/\"},\"sameAs\":[\"https:\\\/\\\/www.facebook.com\\\/revistarambla\\\/\",\"https:\\\/\\\/x.com\\\/revistarambla\",\"https:\\\/\\\/www.instagram.com\\\/revista_rambla\",\"https:\\\/\\\/es.linkedin.com\\\/company\\\/revista-rambla\"]},{\"@type\":\"Person\",\"@id\":\"https:\\\/\\\/www.revistarambla.com\\\/#\\\/schema\\\/person\\\/ef3b07dd258f83e19609a57611e756c9\",\"name\":\"Blanca Mendiguren Gomila\",\"description\":\"Periodista.\",\"sameAs\":[\"https:\\\/\\\/x.com\\\/BlancaGomila\"]}]}<\/script>\n<!-- \/ Yoast SEO plugin. -->","yoast_head_json":{"title":"Carnaval de Sitges - Revista Rambla (Cr\u00f3nicas - Sociedad)","description":"El Carnaval de Sitges. Es momento de quitarse la m\u00e1scara que llevamos cada d\u00eda de nuestra vida para dejar al descubierto nuestro verdadero yo, liberarnos...","robots":{"index":"index","follow":"follow","max-snippet":"max-snippet:-1","max-image-preview":"max-image-preview:large","max-video-preview":"max-video-preview:-1"},"canonical":"https:\/\/www.revistarambla.com\/en\/carnaval-de-sitges\/","og_locale":"en_GB","og_type":"article","og_title":"Carnaval de Sitges - Revista Rambla (Cr\u00f3nicas - Sociedad)","og_description":"El Carnaval de Sitges. Es momento de quitarse la m\u00e1scara que llevamos cada d\u00eda de nuestra vida para dejar al descubierto nuestro verdadero yo, liberarnos...","og_url":"https:\/\/www.revistarambla.com\/en\/carnaval-de-sitges\/","og_site_name":"Revista Rambla","article_publisher":"https:\/\/www.facebook.com\/revistarambla\/","article_published_time":"2011-03-10T09:29:25+00:00","article_modified_time":"2021-12-08T19:24:55+00:00","og_image":[{"width":1728,"height":1152,"url":"https:\/\/www.revistarambla.com\/wp-content\/uploads\/2011\/03\/La_Gauche_Divine_2019.jpg","type":"image\/jpeg"}],"author":"Blanca Mendiguren Gomila","twitter_card":"summary_large_image","twitter_creator":"@BlancaGomila","twitter_site":"@revistarambla","twitter_misc":{"Written by":"Blanca Mendiguren Gomila","Estimated reading time":"2 minutes"},"schema":{"@context":"https:\/\/schema.org","@graph":[{"@type":"Article","@id":"https:\/\/www.revistarambla.com\/carnaval-de-sitges\/#article","isPartOf":{"@id":"https:\/\/www.revistarambla.com\/carnaval-de-sitges\/"},"author":{"name":"Blanca Mendiguren Gomila","@id":"https:\/\/www.revistarambla.com\/#\/schema\/person\/ef3b07dd258f83e19609a57611e756c9"},"headline":"Carnaval de Sitges","datePublished":"2011-03-10T09:29:25+00:00","dateModified":"2021-12-08T19:24:55+00:00","mainEntityOfPage":{"@id":"https:\/\/www.revistarambla.com\/carnaval-de-sitges\/"},"wordCount":492,"commentCount":0,"publisher":{"@id":"https:\/\/www.revistarambla.com\/#organization"},"image":{"@id":"https:\/\/www.revistarambla.com\/carnaval-de-sitges\/#primaryimage"},"thumbnailUrl":"https:\/\/www.revistarambla.com\/wp-content\/uploads\/2011\/03\/La_Gauche_Divine_2019.jpg","articleSection":["Cultura"],"inLanguage":"en-GB","potentialAction":[{"@type":"CommentAction","name":"Comment","target":["https:\/\/www.revistarambla.com\/carnaval-de-sitges\/#respond"]}]},{"@type":"WebPage","@id":"https:\/\/www.revistarambla.com\/carnaval-de-sitges\/","url":"https:\/\/www.revistarambla.com\/carnaval-de-sitges\/","name":"Carnaval de Sitges - Revista Rambla (Cr\u00f3nicas - Sociedad)","isPartOf":{"@id":"https:\/\/www.revistarambla.com\/#website"},"primaryImageOfPage":{"@id":"https:\/\/www.revistarambla.com\/carnaval-de-sitges\/#primaryimage"},"image":{"@id":"https:\/\/www.revistarambla.com\/carnaval-de-sitges\/#primaryimage"},"thumbnailUrl":"https:\/\/www.revistarambla.com\/wp-content\/uploads\/2011\/03\/La_Gauche_Divine_2019.jpg","datePublished":"2011-03-10T09:29:25+00:00","dateModified":"2021-12-08T19:24:55+00:00","description":"El Carnaval de Sitges. Es momento de quitarse la m\u00e1scara que llevamos cada d\u00eda de nuestra vida para dejar al descubierto nuestro verdadero yo, liberarnos...","breadcrumb":{"@id":"https:\/\/www.revistarambla.com\/carnaval-de-sitges\/#breadcrumb"},"inLanguage":"en-GB","potentialAction":[{"@type":"ReadAction","target":["https:\/\/www.revistarambla.com\/carnaval-de-sitges\/"]}]},{"@type":"ImageObject","inLanguage":"en-GB","@id":"https:\/\/www.revistarambla.com\/carnaval-de-sitges\/#primaryimage","url":"https:\/\/www.revistarambla.com\/wp-content\/uploads\/2011\/03\/La_Gauche_Divine_2019.jpg","contentUrl":"https:\/\/www.revistarambla.com\/wp-content\/uploads\/2011\/03\/La_Gauche_Divine_2019.jpg","width":1728,"height":1152,"caption":"Carnaval de Sitges"},{"@type":"BreadcrumbList","@id":"https:\/\/www.revistarambla.com\/carnaval-de-sitges\/#breadcrumb","itemListElement":[{"@type":"ListItem","position":1,"name":"Portada","item":"https:\/\/www.revistarambla.com\/"},{"@type":"ListItem","position":2,"name":"Carnaval de Sitges"}]},{"@type":"WebSite","@id":"https:\/\/www.revistarambla.com\/#website","url":"https:\/\/www.revistarambla.com\/","name":"Revista Rambla Barcelona","description":"Periodismo independiente","publisher":{"@id":"https:\/\/www.revistarambla.com\/#organization"},"potentialAction":[{"@type":"SearchAction","target":{"@type":"EntryPoint","urlTemplate":"https:\/\/www.revistarambla.com\/?s={search_term_string}"},"query-input":{"@type":"PropertyValueSpecification","valueRequired":true,"valueName":"search_term_string"}}],"inLanguage":"en-GB"},{"@type":"Organization","@id":"https:\/\/www.revistarambla.com\/#organization","name":"Revista Rambla","url":"https:\/\/www.revistarambla.com\/","logo":{"@type":"ImageObject","inLanguage":"en-GB","@id":"https:\/\/www.revistarambla.com\/#\/schema\/logo\/image\/","url":"https:\/\/www.revistarambla.com\/wp-content\/uploads\/2020\/09\/banner_rambla_1900x600_BB.png","contentUrl":"https:\/\/www.revistarambla.com\/wp-content\/uploads\/2020\/09\/banner_rambla_1900x600_BB.png","width":1900,"height":600,"caption":"Revista Rambla"},"image":{"@id":"https:\/\/www.revistarambla.com\/#\/schema\/logo\/image\/"},"sameAs":["https:\/\/www.facebook.com\/revistarambla\/","https:\/\/x.com\/revistarambla","https:\/\/www.instagram.com\/revista_rambla","https:\/\/es.linkedin.com\/company\/revista-rambla"]},{"@type":"Person","@id":"https:\/\/www.revistarambla.com\/#\/schema\/person\/ef3b07dd258f83e19609a57611e756c9","name":"Blanca Mendiguren Gomila","description":"Periodista.","sameAs":["https:\/\/x.com\/BlancaGomila"]}]}},"_links":{"self":[{"href":"https:\/\/www.revistarambla.com\/en\/wp-json\/wp\/v2\/posts\/793","targetHints":{"allow":["GET"]}}],"collection":[{"href":"https:\/\/www.revistarambla.com\/en\/wp-json\/wp\/v2\/posts"}],"about":[{"href":"https:\/\/www.revistarambla.com\/en\/wp-json\/wp\/v2\/types\/post"}],"author":[{"embeddable":true,"href":"https:\/\/www.revistarambla.com\/en\/wp-json\/wp\/v2\/users\/39"}],"replies":[{"embeddable":true,"href":"https:\/\/www.revistarambla.com\/en\/wp-json\/wp\/v2\/comments?post=793"}],"version-history":[{"count":0,"href":"https:\/\/www.revistarambla.com\/en\/wp-json\/wp\/v2\/posts\/793\/revisions"}],"wp:featuredmedia":[{"embeddable":true,"href":"https:\/\/www.revistarambla.com\/en\/wp-json\/wp\/v2\/media\/19643"}],"wp:attachment":[{"href":"https:\/\/www.revistarambla.com\/en\/wp-json\/wp\/v2\/media?parent=793"}],"wp:term":[{"taxonomy":"category","embeddable":true,"href":"https:\/\/www.revistarambla.com\/en\/wp-json\/wp\/v2\/categories?post=793"},{"taxonomy":"post_tag","embeddable":true,"href":"https:\/\/www.revistarambla.com\/en\/wp-json\/wp\/v2\/tags?post=793"}],"curies":[{"name":"wp","href":"https:\/\/api.w.org\/{rel}","templated":true}]}}