{"id":787,"date":"2011-03-01T08:38:11","date_gmt":"2011-03-01T07:38:11","guid":{"rendered":"https:\/\/www.revistarambla.com\/isomos-menores-tenemos-derechos\/"},"modified":"2021-12-08T20:25:20","modified_gmt":"2021-12-08T19:25:20","slug":"isomos-menores-tenemos-derechos","status":"publish","type":"post","link":"https:\/\/www.revistarambla.com\/en\/isomos-menores-tenemos-derechos\/","title":{"rendered":"MENAS: \u00ab\u00a1Somos menores, tenemos derechos!\u00bb"},"content":{"rendered":"<p><a href=\"https:\/\/www.revistarambla.com\/wp-content\/uploads\/2011\/03\/menores 3.jpg\"><img decoding=\"async\" class=\"alignright\" src=\"https:\/\/www.revistarambla.com\/wp-content\/uploads\/2011\/03\/menores 3.jpg\" alt=\"MENAS\" width=\"402\" height=\"234\" \/><\/a>Viven en la calle. Duermen en cajeros, en parques, a la intemperie. Est\u00e1n sin trabajo y, la mayor\u00eda, tambi\u00e9n sin papeles. Son MENAS, menores de edad, o eso dicen ser. Inmigrantes subsaharianos que han venido a Espa\u00f1a en busca de una oportunidad que les ignora, que quieren luchar por una vida digna y que por eso se manifiestan. Forman parte del colectivo DRARI, una organizaci\u00f3n que ayuda a los \u201cextranjeros menores no acompa\u00f1ados\u201d, a los adolescentes que llegan a nuestro pa\u00eds sin m\u00e1s familia que ellos mismos. El 25 de febrero salieron a la calle para hacerse escuchar, para reclamar el cumplimiento de sus derechos ante la DGAIA, la Direcci\u00f3 General d\u2019Atenci\u00f3 a la Inf\u00e0ncia i l\u2019Adolesc\u00e8ncia de la Generalitat de Catalunya. Seg\u00fan los manifestantes, se les ha echado de los centros de menores porque el gobierno catal\u00e1n considera que ya son mayores de edad, a pesar de que sus pasaportes indican lo contrario. \u201cLa Generalitat no cree nuestros pasaportes\u201d, rezaban las pancartas.<\/p>\n<p><a href=\"https:\/\/www.revistarambla.com\/wp-content\/uploads\/2011\/03\/menores 2.jpg\"><img decoding=\"async\" class=\"alignright\" src=\"https:\/\/www.revistarambla.com\/wp-content\/uploads\/2011\/03\/menores 2.jpg\" alt=\"MENAS\" width=\"405\" height=\"255\" \/><\/a>La Ley de Extranjer\u00eda establece que los inmigrantes que entran en Espa\u00f1a sin documento de identidad ni permiso de residencia son ilegales. La polic\u00eda les abre a los MENAS un expediente sancionador y los retiene en comisar\u00eda hasta un m\u00e1ximo de 72 horas, per\u00edodo tras el cual se procede a ingresarles en un Centro de Internamiento de Extranjeros, en el que permanecen internados hasta 40 d\u00edas. Entonces, o se les multa o se les expulsa del pa\u00eds. Para los inmigrantes menores de edad, en cambio, la ley dispone de otro procedimiento. En el caso de que est\u00e9n indocumentados, se les realiza una prueba de edad. Si resultan ser menores, se pondr\u00e1n a disposici\u00f3n de los servicios competentes de protecci\u00f3n de menores y se decidir\u00e1 su permanencia (en centros de acogida) en Espa\u00f1a o el retorno a sus pa\u00edses de origen, de tener familia all\u00ed. As\u00ed pues, los menores tienen m\u00e1s posibilidades de quedarse en Espa\u00f1a. Los adultos sin papeles lo tienen mucho m\u00e1s complicado.<\/p>\n<p>El S\u00edndic de Greuges y el Defensor del Pueblo han protestado en numerosas ocasiones contra la pol\u00edtica de la Generalitat. Con ellos, <a href=\"http:\/\/drari-col-lectiu-iap-drets-infant.blogspot.com\/\">el colectivo DRARI<\/a> y los inmigrantes expulsados de los centros de menores. Reclaman sus derechos, ser amparados por la Generalitat. S\u00f3lo piden justicia, que se les crea. Una oportunidad.<\/p>","protected":false},"excerpt":{"rendered":"<p>Viven en la calle. Duermen en cajeros, en parques, a la intemperie. Est\u00e1n sin trabajo y, la mayor\u00eda, tambi\u00e9n sin papeles. Son MENAS, menores de edad, o eso dicen ser. Inmigrantes subsaharianos que han venido a Espa\u00f1a en busca de una oportunidad que les ignora, que quieren luchar por una [&hellip;]<\/p>\n","protected":false},"author":39,"featured_media":0,"comment_status":"open","ping_status":"open","sticky":false,"template":"","format":"standard","meta":{"footnotes":""},"categories":[3,59],"tags":[],"class_list":["post-787","post","type-post","status-publish","format-standard","hentry","category-actualidad","category-catalunya"],"yoast_head":"<!-- This site is optimized with the Yoast SEO plugin v27.5 - https:\/\/yoast.com\/product\/yoast-seo-wordpress\/ -->\n<title>MENAS: &quot;\u00a1Somos menores, tenemos derechos!&quot; - Revista Rambla<\/title>\n<meta name=\"description\" content=\"Son MENAS, menores de edad, o eso dicen ser. Inmigrantes subsaharianos que han venido a Espa\u00f1a en busca de una oportunidad que les ignora, que quieren...\" \/>\n<meta name=\"robots\" content=\"index, follow, max-snippet:-1, max-image-preview:large, max-video-preview:-1\" \/>\n<link rel=\"canonical\" href=\"https:\/\/www.revistarambla.com\/en\/isomos-menores-tenemos-derechos\/\" \/>\n<meta property=\"og:locale\" content=\"en_GB\" \/>\n<meta property=\"og:type\" content=\"article\" \/>\n<meta property=\"og:title\" content=\"MENAS: &quot;\u00a1Somos menores, tenemos derechos!&quot; - Revista Rambla\" \/>\n<meta property=\"og:description\" content=\"Son MENAS, menores de edad, o eso dicen ser. Inmigrantes subsaharianos que han venido a Espa\u00f1a en busca de una oportunidad que les ignora, que quieren...\" \/>\n<meta property=\"og:url\" content=\"https:\/\/www.revistarambla.com\/en\/isomos-menores-tenemos-derechos\/\" \/>\n<meta property=\"og:site_name\" content=\"Revista Rambla\" \/>\n<meta property=\"article:publisher\" content=\"https:\/\/www.facebook.com\/revistarambla\/\" \/>\n<meta property=\"article:published_time\" content=\"2011-03-01T07:38:11+00:00\" \/>\n<meta property=\"article:modified_time\" content=\"2021-12-08T19:25:20+00:00\" \/>\n<meta property=\"og:image\" content=\"https:\/\/www.revistarambla.com\/wp-content\/uploads\/2011\/03\/menores%201.jpg\" \/>\n\t<meta property=\"og:image:width\" content=\"350\" \/>\n\t<meta property=\"og:image:height\" content=\"256\" \/>\n\t<meta property=\"og:image:type\" content=\"image\/jpeg\" \/>\n<meta name=\"author\" content=\"Blanca Mendiguren Gomila\" \/>\n<meta name=\"twitter:card\" content=\"summary_large_image\" \/>\n<meta name=\"twitter:creator\" content=\"@BlancaGomila\" \/>\n<meta name=\"twitter:site\" content=\"@revistarambla\" \/>\n<meta name=\"twitter:label1\" content=\"Written by\" \/>\n\t<meta name=\"twitter:data1\" content=\"Blanca Mendiguren Gomila\" \/>\n\t<meta name=\"twitter:label2\" content=\"Estimated reading time\" \/>\n\t<meta name=\"twitter:data2\" content=\"3 minutes\" \/>\n<script type=\"application\/ld+json\" class=\"yoast-schema-graph\">{\"@context\":\"https:\\\/\\\/schema.org\",\"@graph\":[{\"@type\":\"Article\",\"@id\":\"https:\\\/\\\/www.revistarambla.com\\\/isomos-menores-tenemos-derechos\\\/#article\",\"isPartOf\":{\"@id\":\"https:\\\/\\\/www.revistarambla.com\\\/isomos-menores-tenemos-derechos\\\/\"},\"author\":{\"name\":\"Blanca Mendiguren Gomila\",\"@id\":\"https:\\\/\\\/www.revistarambla.com\\\/#\\\/schema\\\/person\\\/ef3b07dd258f83e19609a57611e756c9\"},\"headline\":\"MENAS: \u00ab\u00a1Somos menores, tenemos derechos!\u00bb\",\"datePublished\":\"2011-03-01T07:38:11+00:00\",\"dateModified\":\"2021-12-08T19:25:20+00:00\",\"mainEntityOfPage\":{\"@id\":\"https:\\\/\\\/www.revistarambla.com\\\/isomos-menores-tenemos-derechos\\\/\"},\"wordCount\":414,\"commentCount\":0,\"publisher\":{\"@id\":\"https:\\\/\\\/www.revistarambla.com\\\/#organization\"},\"articleSection\":[\"Actualidad\",\"Catalunya\"],\"inLanguage\":\"en-GB\",\"potentialAction\":[{\"@type\":\"CommentAction\",\"name\":\"Comment\",\"target\":[\"https:\\\/\\\/www.revistarambla.com\\\/isomos-menores-tenemos-derechos\\\/#respond\"]}]},{\"@type\":\"WebPage\",\"@id\":\"https:\\\/\\\/www.revistarambla.com\\\/isomos-menores-tenemos-derechos\\\/\",\"url\":\"https:\\\/\\\/www.revistarambla.com\\\/isomos-menores-tenemos-derechos\\\/\",\"name\":\"MENAS: \\\"\u00a1Somos menores, tenemos derechos!\\\" - Revista Rambla\",\"isPartOf\":{\"@id\":\"https:\\\/\\\/www.revistarambla.com\\\/#website\"},\"datePublished\":\"2011-03-01T07:38:11+00:00\",\"dateModified\":\"2021-12-08T19:25:20+00:00\",\"description\":\"Son MENAS, menores de edad, o eso dicen ser. Inmigrantes subsaharianos que han venido a Espa\u00f1a en busca de una oportunidad que les ignora, que quieren...\",\"breadcrumb\":{\"@id\":\"https:\\\/\\\/www.revistarambla.com\\\/isomos-menores-tenemos-derechos\\\/#breadcrumb\"},\"inLanguage\":\"en-GB\",\"potentialAction\":[{\"@type\":\"ReadAction\",\"target\":[\"https:\\\/\\\/www.revistarambla.com\\\/isomos-menores-tenemos-derechos\\\/\"]}]},{\"@type\":\"BreadcrumbList\",\"@id\":\"https:\\\/\\\/www.revistarambla.com\\\/isomos-menores-tenemos-derechos\\\/#breadcrumb\",\"itemListElement\":[{\"@type\":\"ListItem\",\"position\":1,\"name\":\"Portada\",\"item\":\"https:\\\/\\\/www.revistarambla.com\\\/\"},{\"@type\":\"ListItem\",\"position\":2,\"name\":\"MENAS: \u00ab\u00a1Somos menores, tenemos derechos!\u00bb\"}]},{\"@type\":\"WebSite\",\"@id\":\"https:\\\/\\\/www.revistarambla.com\\\/#website\",\"url\":\"https:\\\/\\\/www.revistarambla.com\\\/\",\"name\":\"Revista Rambla Barcelona\",\"description\":\"Periodismo independiente\",\"publisher\":{\"@id\":\"https:\\\/\\\/www.revistarambla.com\\\/#organization\"},\"potentialAction\":[{\"@type\":\"SearchAction\",\"target\":{\"@type\":\"EntryPoint\",\"urlTemplate\":\"https:\\\/\\\/www.revistarambla.com\\\/?s={search_term_string}\"},\"query-input\":{\"@type\":\"PropertyValueSpecification\",\"valueRequired\":true,\"valueName\":\"search_term_string\"}}],\"inLanguage\":\"en-GB\"},{\"@type\":\"Organization\",\"@id\":\"https:\\\/\\\/www.revistarambla.com\\\/#organization\",\"name\":\"Revista Rambla\",\"url\":\"https:\\\/\\\/www.revistarambla.com\\\/\",\"logo\":{\"@type\":\"ImageObject\",\"inLanguage\":\"en-GB\",\"@id\":\"https:\\\/\\\/www.revistarambla.com\\\/#\\\/schema\\\/logo\\\/image\\\/\",\"url\":\"https:\\\/\\\/www.revistarambla.com\\\/wp-content\\\/uploads\\\/2020\\\/09\\\/banner_rambla_1900x600_BB.png\",\"contentUrl\":\"https:\\\/\\\/www.revistarambla.com\\\/wp-content\\\/uploads\\\/2020\\\/09\\\/banner_rambla_1900x600_BB.png\",\"width\":1900,\"height\":600,\"caption\":\"Revista Rambla\"},\"image\":{\"@id\":\"https:\\\/\\\/www.revistarambla.com\\\/#\\\/schema\\\/logo\\\/image\\\/\"},\"sameAs\":[\"https:\\\/\\\/www.facebook.com\\\/revistarambla\\\/\",\"https:\\\/\\\/x.com\\\/revistarambla\",\"https:\\\/\\\/www.instagram.com\\\/revista_rambla\",\"https:\\\/\\\/es.linkedin.com\\\/company\\\/revista-rambla\"]},{\"@type\":\"Person\",\"@id\":\"https:\\\/\\\/www.revistarambla.com\\\/#\\\/schema\\\/person\\\/ef3b07dd258f83e19609a57611e756c9\",\"name\":\"Blanca Mendiguren Gomila\",\"description\":\"Periodista.\",\"sameAs\":[\"https:\\\/\\\/x.com\\\/BlancaGomila\"]}]}<\/script>\n<!-- \/ Yoast SEO plugin. -->","yoast_head_json":{"title":"MENAS: \"\u00a1Somos menores, tenemos derechos!\" - Revista Rambla","description":"Son MENAS, menores de edad, o eso dicen ser. Inmigrantes subsaharianos que han venido a Espa\u00f1a en busca de una oportunidad que les ignora, que quieren...","robots":{"index":"index","follow":"follow","max-snippet":"max-snippet:-1","max-image-preview":"max-image-preview:large","max-video-preview":"max-video-preview:-1"},"canonical":"https:\/\/www.revistarambla.com\/en\/isomos-menores-tenemos-derechos\/","og_locale":"en_GB","og_type":"article","og_title":"MENAS: \"\u00a1Somos menores, tenemos derechos!\" - Revista Rambla","og_description":"Son MENAS, menores de edad, o eso dicen ser. Inmigrantes subsaharianos que han venido a Espa\u00f1a en busca de una oportunidad que les ignora, que quieren...","og_url":"https:\/\/www.revistarambla.com\/en\/isomos-menores-tenemos-derechos\/","og_site_name":"Revista Rambla","article_publisher":"https:\/\/www.facebook.com\/revistarambla\/","article_published_time":"2011-03-01T07:38:11+00:00","article_modified_time":"2021-12-08T19:25:20+00:00","og_image":[{"width":350,"height":256,"url":"https:\/\/www.revistarambla.com\/wp-content\/uploads\/2011\/03\/menores 1.jpg","type":"image\/jpeg"}],"author":"Blanca Mendiguren Gomila","twitter_card":"summary_large_image","twitter_creator":"@BlancaGomila","twitter_site":"@revistarambla","twitter_misc":{"Written by":"Blanca Mendiguren Gomila","Estimated reading time":"3 minutes"},"schema":{"@context":"https:\/\/schema.org","@graph":[{"@type":"Article","@id":"https:\/\/www.revistarambla.com\/isomos-menores-tenemos-derechos\/#article","isPartOf":{"@id":"https:\/\/www.revistarambla.com\/isomos-menores-tenemos-derechos\/"},"author":{"name":"Blanca Mendiguren Gomila","@id":"https:\/\/www.revistarambla.com\/#\/schema\/person\/ef3b07dd258f83e19609a57611e756c9"},"headline":"MENAS: \u00ab\u00a1Somos menores, tenemos derechos!\u00bb","datePublished":"2011-03-01T07:38:11+00:00","dateModified":"2021-12-08T19:25:20+00:00","mainEntityOfPage":{"@id":"https:\/\/www.revistarambla.com\/isomos-menores-tenemos-derechos\/"},"wordCount":414,"commentCount":0,"publisher":{"@id":"https:\/\/www.revistarambla.com\/#organization"},"articleSection":["Actualidad","Catalunya"],"inLanguage":"en-GB","potentialAction":[{"@type":"CommentAction","name":"Comment","target":["https:\/\/www.revistarambla.com\/isomos-menores-tenemos-derechos\/#respond"]}]},{"@type":"WebPage","@id":"https:\/\/www.revistarambla.com\/isomos-menores-tenemos-derechos\/","url":"https:\/\/www.revistarambla.com\/isomos-menores-tenemos-derechos\/","name":"MENAS: \"\u00a1Somos menores, tenemos derechos!\" - Revista Rambla","isPartOf":{"@id":"https:\/\/www.revistarambla.com\/#website"},"datePublished":"2011-03-01T07:38:11+00:00","dateModified":"2021-12-08T19:25:20+00:00","description":"Son MENAS, menores de edad, o eso dicen ser. Inmigrantes subsaharianos que han venido a Espa\u00f1a en busca de una oportunidad que les ignora, que quieren...","breadcrumb":{"@id":"https:\/\/www.revistarambla.com\/isomos-menores-tenemos-derechos\/#breadcrumb"},"inLanguage":"en-GB","potentialAction":[{"@type":"ReadAction","target":["https:\/\/www.revistarambla.com\/isomos-menores-tenemos-derechos\/"]}]},{"@type":"BreadcrumbList","@id":"https:\/\/www.revistarambla.com\/isomos-menores-tenemos-derechos\/#breadcrumb","itemListElement":[{"@type":"ListItem","position":1,"name":"Portada","item":"https:\/\/www.revistarambla.com\/"},{"@type":"ListItem","position":2,"name":"MENAS: \u00ab\u00a1Somos menores, tenemos derechos!\u00bb"}]},{"@type":"WebSite","@id":"https:\/\/www.revistarambla.com\/#website","url":"https:\/\/www.revistarambla.com\/","name":"Revista Rambla Barcelona","description":"Periodismo independiente","publisher":{"@id":"https:\/\/www.revistarambla.com\/#organization"},"potentialAction":[{"@type":"SearchAction","target":{"@type":"EntryPoint","urlTemplate":"https:\/\/www.revistarambla.com\/?s={search_term_string}"},"query-input":{"@type":"PropertyValueSpecification","valueRequired":true,"valueName":"search_term_string"}}],"inLanguage":"en-GB"},{"@type":"Organization","@id":"https:\/\/www.revistarambla.com\/#organization","name":"Revista Rambla","url":"https:\/\/www.revistarambla.com\/","logo":{"@type":"ImageObject","inLanguage":"en-GB","@id":"https:\/\/www.revistarambla.com\/#\/schema\/logo\/image\/","url":"https:\/\/www.revistarambla.com\/wp-content\/uploads\/2020\/09\/banner_rambla_1900x600_BB.png","contentUrl":"https:\/\/www.revistarambla.com\/wp-content\/uploads\/2020\/09\/banner_rambla_1900x600_BB.png","width":1900,"height":600,"caption":"Revista Rambla"},"image":{"@id":"https:\/\/www.revistarambla.com\/#\/schema\/logo\/image\/"},"sameAs":["https:\/\/www.facebook.com\/revistarambla\/","https:\/\/x.com\/revistarambla","https:\/\/www.instagram.com\/revista_rambla","https:\/\/es.linkedin.com\/company\/revista-rambla"]},{"@type":"Person","@id":"https:\/\/www.revistarambla.com\/#\/schema\/person\/ef3b07dd258f83e19609a57611e756c9","name":"Blanca Mendiguren Gomila","description":"Periodista.","sameAs":["https:\/\/x.com\/BlancaGomila"]}]}},"_links":{"self":[{"href":"https:\/\/www.revistarambla.com\/en\/wp-json\/wp\/v2\/posts\/787","targetHints":{"allow":["GET"]}}],"collection":[{"href":"https:\/\/www.revistarambla.com\/en\/wp-json\/wp\/v2\/posts"}],"about":[{"href":"https:\/\/www.revistarambla.com\/en\/wp-json\/wp\/v2\/types\/post"}],"author":[{"embeddable":true,"href":"https:\/\/www.revistarambla.com\/en\/wp-json\/wp\/v2\/users\/39"}],"replies":[{"embeddable":true,"href":"https:\/\/www.revistarambla.com\/en\/wp-json\/wp\/v2\/comments?post=787"}],"version-history":[{"count":0,"href":"https:\/\/www.revistarambla.com\/en\/wp-json\/wp\/v2\/posts\/787\/revisions"}],"wp:attachment":[{"href":"https:\/\/www.revistarambla.com\/en\/wp-json\/wp\/v2\/media?parent=787"}],"wp:term":[{"taxonomy":"category","embeddable":true,"href":"https:\/\/www.revistarambla.com\/en\/wp-json\/wp\/v2\/categories?post=787"},{"taxonomy":"post_tag","embeddable":true,"href":"https:\/\/www.revistarambla.com\/en\/wp-json\/wp\/v2\/tags?post=787"}],"curies":[{"name":"wp","href":"https:\/\/api.w.org\/{rel}","templated":true}]}}