{"id":7715,"date":"2015-08-30T05:19:54","date_gmt":"2015-08-30T05:19:54","guid":{"rendered":"https:\/\/www.revistarambla.com\/blanco-chivite-los-militares-quieren-dinerito-para-matar-sin-dinero-no-matan\/"},"modified":"2024-03-30T21:30:10","modified_gmt":"2024-03-30T20:30:10","slug":"blanco-chivite-los-militares-quieren-dinerito-para-matar-sin-dinero-no-matan","status":"publish","type":"post","link":"https:\/\/www.revistarambla.com\/en\/blanco-chivite-los-militares-quieren-dinerito-para-matar-sin-dinero-no-matan\/","title":{"rendered":"Manuel Blanco Chivite: \u201cLos militares quieren dinerito para matar, sin dinero no matan\u201d"},"content":{"rendered":"<p>Con el t\u00edtulo de \u201cAl Alba, 40 a\u00f1os: la generosidad de la resistencia\u201d, un grupo de antifascistas independientes, supervivientes de los Consejos de Guerra, familiares, amigos, abogados, periodistas y gente de la cultura, han constituido la \u201cPlataforma Abierta\u201d para conmemorar en Madrid el 40 Aniversario de los \u00faltimos fusilamientos del r\u00e9gimen franquista, del 27 de septiembre de 1975. Hablamos en Barcelona con uno\u00a0 de sus promotores, <a href=\"https:\/\/www.revistarambla.com\/en\/gurean-beti-bizirik-ion-arretxe\/\">Manuel Blanco Chivite<\/a>, al que se le conmut\u00f3 la pena capital en aquellos procesos en los que se llegaron a pedir once penas de muerte.<\/p>\n<p>Dos meses, apenas dos meses antes de la muerte del dictador Francisco Franco, \u00e9ste decidi\u00f3 irse como lleg\u00f3, ti\u00f1endo de sangre la historia de Espa\u00f1a. En unos juicios ilegales, que fueron denunciados por las m\u00e1s importantes instancias internacionales, donde las supuestas pruebas, como las de bal\u00edsticas, se perdieron misteriosamente. Donde los abogados defensores eran expulsados de la sala, donde dos mujeres testigos de los hechos no fueron llamadas a declarar, donde las pretendidas huellas de los acusados que la polic\u00eda dec\u00eda que estaban en el coche robado, resulta que eran de la familia due\u00f1a del veh\u00edculo, y claro, tambi\u00e9n se perdieron. Para la desesperaci\u00f3n de los abogados defensores, adem\u00e1s se estaba aplicando un decreto-ley sobre el terrorismo por unos hechos ocurridos dos meses antes de la entrada en vigor de dicho decreto. \u00a0Tampoco se oyeron los dict\u00e1menes de los m\u00e9dicos forenses que no concordaban con la versi\u00f3n oficial\u2026 \u00a1Ay!, la \u201cversi\u00f3n oficial\u201d, esa p\u00e9trea palabra que nos amenaza constantemente y a la que muchos est\u00e1n abonados&#8230; Todo estaba ensayado para la macabra pantomima, los actores: polic\u00edas, guardiaciviles, magistrados y fiscales militares, estaban a punto para representar la obra, por encima de ellos el Consejo de Ministros dando el enterado, y Franco dej\u00e1ndonos claro que este escarmiento a la lucha antifranquista ser\u00eda su particular r\u00fabrica a aquella frase que dijo en el discurso de Navidad de 1969: \u201cTodo queda atado y bien atado con mi propuesta y la aprobaci\u00f3n de las Cortes de la designaci\u00f3n como sucesor, a t\u00edtulo de rey, del pr\u00edncipe don Juan Carlos de Borb\u00f3n\u201d. Y, pese a las peticiones internacionales de clemencia, entre ellas las de Olof Palme y el Papa, Pablo VI, los pelotones de guardiaciviles y polic\u00edas voluntarios hicieron sonar sus armas mientras eran jaleados (1)\u00a0por otros compa\u00f1eros llegados al lugar ex profeso. En Barcelona, Juan Paredes Manot (Txiki); en Burgos, \u00c1ngel Otaegui; en Hoyo de Manzanares (Madrid), Jos\u00e9 Luis S\u00e1nchez Bravo, Ram\u00f3n Garc\u00eda Sanz y Humberto Baena.<\/p>\n<p>Manuel Blanco Chivite\u00a0(San Sebasti\u00e1n, 1945) es escritor y editor, en el sello El Garaje Ediciones. Entre sus pasiones confesables est\u00e1n la novela negra y, como escritor y estudioso, la literatura popular encarnada en las novelas de quiosco, \u00a0y el buen vino, claro. Como coleccionista y ensayista sobre la historia del bolsilibro, cabe destacar su colaboraci\u00f3n en la antolog\u00eda de las novelas policiacas de quiosco que, en cuatro vol\u00famenes, edit\u00f3 Akal en 2012 para regocijo de los aficionados. \u00a1Bang, Bang, est\u00e1s muerto!, es el t\u00edtulo cuanto menos que curioso de la obra; donde coincedieron tres amigos como ant\u00f3logos, el gran Luis Conde, el citado Chivite y el recientemente desparecido Moncho Alpuente. A Blanco Chivite se le juzg\u00f3 en Consejo de Guerra sumar\u00edsimo en las dependencias militares de El Goloso (Madrid). Ejerc\u00eda como periodista y era un dirigente destacado del Partido Comunista de Espa\u00f1a (marxista-leninista). Lo acusaron de ser el autor intelectual de atentado al polic\u00eda armado Lucio Rodr\u00edguez. Se pidieron cinco penas de muerte y se ejecutaron tres. A \u00e9l y a Vladimiro Fern\u00e1ndez Tovar se les conmut\u00f3 la pena por la de treinta a\u00f1os de c\u00e1rcel. Fueron excarcelados con la amnist\u00eda de 1977.<\/p>\n<p>Blanco Chivite comienza hablando t\u00edmido, casi en voz baja, pero a medida que transcurre la conversaci\u00f3n, sus palabras y voz adquieren un tono en\u00e9rgico, remarcando las frases de unos hechos de nuestra historia reciente que, en algunos casos, ponen en evidencia los tr\u00e1galas y componendas de los pactos de la Transici\u00f3n. En fin, este es el testimonio de uno que vivi\u00f3 para contarlo.<\/p>\n<p>\u00bfC\u00f3mo ser\u00e1 el acto pol\u00edtico cultural que est\u00e1 preparando la Plataforma Abierta para conmemorar el 40 aniversario de los \u00faltimos fusilamientos?<\/p>\n<p>Manuel Blanco Chivite.- El acto va a ser el s\u00e1bado 26 de septiembre, a las 19:00 h en el Auditorio Marcelino Camacho \u2013tiene un aforo de 1.200 personas-, calle Lope de Vega, 40, en Madrid. Se est\u00e1 cocinando todav\u00eda, pero te puedo decir que el espect\u00e1culo tendr\u00e1 varias partes. Una de actuaciones musicales, otra de hist\u00f3rico e intervenciones, aunque no queremos cargarlo mucho de parlamentos.<\/p>\n<p>\u00bfTen\u00e9is confirmado algunas actuaciones musicales y oradores?<\/p>\n<p>Manuel Blanco Chivite.- Algunas s\u00ed. Tenemos confirmado a Patxi Andi\u00f3n; Bernardo Fuster (2), de la banda \u201cSuburbano\u201d, que acompa\u00f1aba a Ana Bel\u00e9n y Luis Eduardo Aute, entre otros; Julio Castej\u00f3n, del grupo \u201cAsfalto\u201d; Enrique Villarreal, el que fuera cantante y bajista, durante treinta a\u00f1os, de la banda de rock \u201cBarricada\u201d; el grupo de Arag\u00f3n \u201cAdeb\u00e1n\u201d, de Jes\u00fas Escart\u00edn y Jes\u00fas Lucea. Luego hay otros en cartera que ya iremos viendo por si falla alguno a \u00faltima hora. En el Memorial tambi\u00e9n hablaran abogados. Como Mariano Ben\u00edtez de Lugo, que particip\u00f3 en el primer Consejo de Guerra en el acuartelamiento de El Goloso, y defendi\u00f3 a Pablo Mayoral, Juan Aguirre y algunos m\u00e1s\u2026 tambi\u00e9n hemos hablado con abogados de una generaci\u00f3n posterior, como Endika Zulueta, que ha estado defendiendo a okupas, insumisos; Madres Contra la Represi\u00f3n, Caso Alfon, etc.\u2026, para hacer una especie de puente entre la represi\u00f3n del tardofranquismo y el perfil que est\u00e1 adquiriendo la represi\u00f3n actual. Luego hablaran familiares, como la hermana de Luis S\u00e1nchez Bravo, Victoria; estar\u00e1 Flor Baena, hermana de Humberto Baena y luego nos queda por confirmar la viuda de S\u00e1nchez Bravo, Silvia Carretero (3). Hablaran los representantes de la Coordinadora Estatal de la Querella Argentina y de Presos del Franquismo (La Comuna), y claro, estaremos algunos sobrevivientes de la \u00e9poca\u2026, Tambi\u00e9n hay una parte visual que consiste en v\u00eddeos con recopilaci\u00f3n de im\u00e1genes de aquellos tiempos y con saludos y testimonios de personajes de la cultura, la pol\u00edtica, el sindicalismo\u2026, en total ser\u00e1n cuatro v\u00eddeos que no superar\u00e1n los tres minutos cada uno.<\/p>\n<p>Como veteranos luchadores antifascistas: \u00bfQu\u00e9 pens\u00e1is de los nuevos partidos como Podemos?<\/p>\n<p>Manuel Blanco Chivite.- Bueno, creo que todav\u00eda est\u00e1 en fase de hacerse. Ha levantado muchas expectativas en Espa\u00f1a, pero creo que menos, o tiene un perfil m\u00e1s pol\u00e9mico, en Catalunya y Euskadi; porque en \u00faltima instancia no es un partido que est\u00e9 por la independencia, evidentemente, por lo menos hasta ahora as\u00ed lo ha demostrado. Pero de momento son expectativas, ya veremos. Me recuerda como en los primeros a\u00f1os sesenta, y sobre todo en la Transici\u00f3n, hubo una especie de alteraci\u00f3n del vocabulario pol\u00edtico, y hoy est\u00e1 ocurriendo lo mismo, una especie de ruptura con el r\u00e9gimen del 78. A m\u00ed me parece magn\u00edfico, claro que no hay que olvidar que la piedra angular del r\u00e9gimen del 78 es la monarqu\u00eda. La monarqu\u00eda fue el cimiento b\u00e1sico que estableci\u00f3 el franquismo, que declar\u00f3 a Espa\u00f1a monarqu\u00eda en el a\u00f1o 1947, en un plebiscito terrorista de la \u00e9poca -Ley de Sucesi\u00f3n en la Jefatura del Estado-; y cuando la monarqu\u00eda se restaura en 1975, la Constituci\u00f3n de 1978 se encuentra con un hecho consumado de obligada aceptaci\u00f3n \u2013Chivite recalca la \u00faltima frase repiti\u00e9ndola dos veces-. Para hablar hoy de cuestionar el r\u00e9gimen del 78, hay que cuestionar la monarqu\u00eda, si no ese cuestionamiento ser\u00e1 falso.<\/p>\n<p>El pasado mes de julio pod\u00edamos leer el siguiente titular de prensa: \u201cEl rey em\u00e9rito cena con Rajoy, Zapatero, Aznar y Felipe Gonz\u00e1lez en Casa Lucio\u201d. \u00bfPodemos da miedo a la derecha?<\/p>\n<p>Manuel Blanco Chivite.- Esa fue la foto de familia del r\u00e9gimen. M\u00e1s que miedo, lo que provoca es una agresividad antidemocr\u00e1tica peligrosa, porque la derecha siempre tiene miedo a la democracia. Y en este caso, la derecha y sus asociados, ese concili\u00e1bulo constitucional y mon\u00e1rquico del 78, se vuelve extremadamente agresivo cuando se toca los pilares b\u00e1sicos del sistema. Ellos los pueden tocar, como sucedi\u00f3 cuando reformaron la Constituci\u00f3n \u2013reforma de 2011 del art. 135 sobre la prioridad del pago de la deuda y al \u201cestabilidad presupuestaria\u201d-, no llegaron a dos centenares de personas \u2013los diputados-, sin contar absolutamente con nadie, en un pa\u00eds de 47 millones de habitantes, decidieron alterar la Constituci\u00f3n que fue aprobada en un refer\u00e9ndum. Tomaron una iniciativa abiertamente antidemocr\u00e1tica que no figuraba en ninguno de sus programas electorales. Pero cuando cualquier persona, colectivo o partido pol\u00edtico propone, refer\u00e9ndum o plebiscito mediante, por ejemplo en el asunto mon\u00e1rquico o el asunto de la autodeterminaci\u00f3n, modificar la Constituci\u00f3n, entonces es criminalizada, demonizada y perseguida judicialmente. El r\u00e9gimen del 78 est\u00e1 atravesado de un talante antidemocr\u00e1tico que se expresa en varias ocasiones, como dar por v\u00e1lido aquel refer\u00e9ndum sobre la Uni\u00f3n Europea con una abstenci\u00f3n del 65% (4), hombre que no nos fastidien\u2026<\/p>\n<p>Antes de la \u201cLey mordaza\u201d, ya hab\u00eda centenares de sindicalistas imputados y condenados, como en el caso de Laura G\u00f3mez, dirigente de la CGT, que pas\u00f3 23 d\u00edas de presi\u00f3n preventiva -en 2012- y se le prohibi\u00f3 acudir a manifestaciones. Todo por quemar unos papeles que simulaban billetes en una representaci\u00f3n l\u00fadico\/reivindicativa delante de la Bolsa de Barcelona. Ahora parece que todo se est\u00e1 recrudeciendo, como las denuncias penales y las sanciones administrativas, por ejemplo, a los participantes en las acciones para detener desahucios. \u00bfC\u00f3mo ve esta deriva alguien que vivi\u00f3 la \u00e9poca m\u00e1s represiva del franquismo?<\/p>\n<p>Manuel Blanco Chivite.- Se est\u00e1 perfilando lo que pod\u00edamos llamar un Estado polic\u00edaco democr\u00e1tico, que tiene guasa. Las dictaduras se sufrieron en Europa en los a\u00f1os treinta, pero en el caso de Espa\u00f1a dur\u00f3, como m\u00ednimo hasta 1977, por decir lo que dur\u00f3 sobre el papel, porque todav\u00eda el franquismo sigue coleando en las familias econ\u00f3micas y pol\u00edticas, que como franquistas, no son democr\u00e1ticas.<\/p>\n<p>Casi cuarenta a\u00f1os y los procesos de los Consejos de Guerra sumar\u00edsimos y los del Tribunal de Orden P\u00fablico siguen sin ser anulados por el Tribunal Supremo. Recientemente la ONU ha solicitado a Espa\u00f1a que derogue la Ley de Amnist\u00eda para poder investigar los cr\u00edmenes del franquismo, pero nada apunta a que lo hagan\u2026<\/p>\n<p>Manuel Blanco Chivite.- Al d\u00eda de hoy, ni siquiera han condenado la dictadura; adem\u00e1s se est\u00e1n promocionando actos memoriales, por ejemplo, para honrar a la Divisi\u00f3n Azul, que form\u00f3 parte del ej\u00e9rcito nazi. Por no hablar de los j\u00f3venes de las Nuevas Generaciones del PP que se fotograf\u00edan con el brazo en alto, el saludo fascista. Esto va entre lo pintoresco y lo sangriento. Hay una burla permanente a las v\u00edctimas de la dictadura terrorista de Franco, y esto es continuo. Todav\u00eda me acuerdo de aquel: \u00a1Qu\u00e9 se jodan!, de una diputada del PP en referencia a los cinco millones de parados, y adem\u00e1s fue aplaudida desde su bancada. Es la primera vez que una diputada, Andrea Fabra \u2013hija del expresidente de la Diputaci\u00f3n de Castell\u00f3n, Carlos Fabra-, lanza un\u2026 \u00a1qu\u00e9 se jodan!, a los parados y aqu\u00ed no pasa nada. \u00bfEl fiscal general del Estado no tiene nada que decir al respecto? \u00bfEso no es re\u00edrse de las v\u00edctimas de la crisis econ\u00f3mica?<\/p>\n<p>\u00bfY qu\u00e9 decir del diputado del PP, Rafael Hernando, cuando dijo que las v\u00edctimas de Franco s\u00f3lo se acuerdan de sus familiares \u201ccuando hay subvenciones\u201d?<\/p>\n<p>Manuel Blanco Chivite.- Si quieren podemos hacer cuentas, de cu\u00e1nto dinero han dado a los \u201csuyos\u201d, a los suyos, que ellos ya saben qui\u00e9nes son. Que saquen las cuentas y las publiquen de los \u00faltimos treinta a\u00f1os y el dinero que han dado, repito, a los suyos, hablando de v\u00edctimas.<\/p>\n<p>Hablando de cuentas: El periodista catal\u00e1n Lluc Salellas escribi\u00f3 el libro El franquisme que no marxa (El franquismo que no marcha), donde se habla del enriquecimiento y apoyo econ\u00f3mico a la dictadura por parte de las grandes empresas y familias de la burgues\u00eda catalana. Empresas (editoriales, bodegas, cerveceras, financieras, etc.) y familias \u2013seg\u00fan F\u00e9lix Millet las 400 familias que siempre han mandado en Catalunya- que siguen influyendo, cuando no dictando, la pol\u00edtica general, municipal y econ\u00f3mica en la actualidad.<\/p>\n<p>Manuel Blanco Chivite.- Muchas de esas empresas, una de las fases m\u00e1s importante que tuvieron de acumulaci\u00f3n de capital fue a trav\u00e9s del trabajo esclavo (5), durante los a\u00f1os cuarenta y cincuenta. Son familias que dieron dinero a Franco, y muchas de ellas les dieron dinero antes del 18 de julio, porque sin dinero Franco no se habr\u00eda movido (6). Los militares quieren dinerito para matar, sin dinero no matan, con dineros s\u00ed matan. Cuando les dieron dinero, Juan March, la familia Urquijo, banqueros y marqueses; Pedro Barri\u00e9 de la Maza, conde de Fenosa, etc., estaban respondiendo a unos intereses econ\u00f3micos\u2026<\/p>\n<p>\u00bfPero no lo hac\u00edan por patriotismo?<\/p>\n<p>Manuel Blanco Chivite.- (risas) \u2026intereses econ\u00f3micos que quer\u00edan lanzar al ej\u00e9rcito contra el pueblo, y lo que hicieron fue matar, antes del 18 de julio, despu\u00e9s del 18 de julio durante la guerra y despu\u00e9s de la guerra mataron a m\u00e1s de 200 mil personas, por lo que hay 200 mil asesinatos, posteriores a la guerra, sin resolver. Que empiecen a resolver estos asesinatos, es m\u00e1s, que empiecen a buscarlos por las cunetas y las fosas comunes.<\/p>\n<p>El problema es que hay jueces pol\u00edticos y la judicatura no ha cambiado su cultura. Hay alg\u00fan indeseable de \u00e9stos que dice por ah\u00ed que lo que sucedi\u00f3 bajo la dictadura obedec\u00eda a la legalidad\u2026 \u00a1a la legalidad de la dictadura! \u00bfNos est\u00e1n diciendo que el holocausto obedec\u00eda a la legalidad de los nazis? La judicatura, todav\u00eda hoy, ha cambiado poco, poco. Igual que la polic\u00eda\u2026 porque sigue habiendo casos de torturas, ah\u00ed est\u00e1n los informes de Estrasburgo, de Amnist\u00eda Internacional, etc. Porque no hubo ni la m\u00e1s m\u00ednima alteraci\u00f3n. Los mismos siguieron haciendo lo mismo, y esa cultura pol\u00edtica represiva se prolong\u00f3, y se prolonga todav\u00eda hoy, en la judicatura, en los llamados cuerpos de seguridad del Estado, seguridad del Estado, no de la sociedad, la sociedad siempre est\u00e1 desarmada, el Estado nunca est\u00e1 desarmado. Pero si se utilizan cuerpos armados para desalojar a una familia con cuatro ni\u00f1os, y van all\u00e1 con pistolas, es decir, con capacidad para matar, f\u00edjate ah\u00ed los \u201cvalientes\u201d componentes de estos cuerpos. La cultura de la represi\u00f3n no se depur\u00f3, ni siquiera a niveles de cultura, de ense\u00f1anza, de did\u00e1ctica, de pedagog\u00eda\u2026 no, no, no, ya no digo que los depurasen o no, sino que en las escuelas se explique lo que fue la dictadura y la necesidad de cambiar los h\u00e1bitos, las formas\u2026<\/p>\n<p>&nbsp;<\/p>\n<p>\u00bfLas nuevas generaciones tienen claro lo qu\u00e9 pas\u00f3 en la dictadura?<\/p>\n<p>Manuel Blanco Chivite.- No creo que lo tengan claro, salvo por cuestiones familiares, nadie les ha explicado que pas\u00f3 de verdad. Y menos los discursos de los intelectuales org\u00e1nicos del poder, que son casi todos; los medios de comunicaci\u00f3n; la escuela\u2026 Lo que pasa es que la crisis econ\u00f3mica ha despertado una inquietud por el pasado y por unos problemas actuales que cre\u00edan, la juventud, que nunca les iban a suceder a ellos y hoy les han golpeado. De pronto han descubierto que la polic\u00eda pega porque s\u00ed, que no lleva placa de identificaci\u00f3n. De repente han descubierto que los dejan sin futuro, que existe el paro y que tambi\u00e9n ellos tienen que emigrar, como lo hicieran sus abuelos o padres. Se cre\u00edan que ser inmigrante era ser ecuatoriano, subsahariano\u2026Todo esto ha sido un revulsivo que es lo que ha dado origen a los movimientos sociales de protesta que han levantado muchas expectativas, que ojal\u00e1 se cumplan, aunque s\u00f3lo sean la mitad de ellas.<\/p>\n<p>Y se fueron de las plazas, algunos auguraban que eso ser\u00eda el fin, pero no lo fue, siguen en los ayuntamientos\u2026<\/p>\n<p>Manuel Blanco Chivite.- Esa es la prueba de fuego.<\/p>\n<p>\u00bfD\u00f3nde qued\u00f3 la Europa de las personas?<\/p>\n<p>Manuel Blanco Chivite.- El mensaje del poder es que sin la Europa del Fondo Monetario Internacional no puedes hacer nada, cuando justamente los males vienen con la Europa del FMI, las otras entidades europeas son subalternas. \u00bfLa Europa de las personas?.., eso preg\u00fantamelo dentro de 40 a\u00f1os.<\/p>\n<p>\u00bfQu\u00e9 te parece que un expresidente cuyo mandato estuvo marcado por el terrorismo de Estado del GAL vaya dando lecciones de democracia por el mundo?<\/p>\n<p>Manuel Blanco Chivite.- El periodista Jos\u00e9 Luis Mart\u00edn Prieto, que escribi\u00f3 para El Pa\u00eds unas magn\u00edficas cr\u00f3nicas sobre el juicio del 23 F, que luego se convirtieron en libro, creo \u2013 T\u00e9cnica de un golpe de Estado-, dijo que hac\u00eda falta un partido socialista en el gobierno y un hombre como Felipe Gonz\u00e1lez para normalizar la tortura en Espa\u00f1a&#8230;, terrible. Los muertos por tortura fueron bajo el gobierno socialista. Caso\u00a0 Lasa, caso Zabala, caso Nani, caso Zabalza\u2026, y algunos otros que por morir en casa despu\u00e9s de ser excarcelados, se desconocen. Y esto se prolonga hasta hoy, las denuncias por torturas siguen estando ah\u00ed, palizas en las calles, etc. Decir que un polic\u00eda se identifique, es motivo suficiente para que a uno lo apaleen y le acusen de haber agredido al polic\u00eda. Porque el polic\u00eda tiene, aunque la ley no lo contempla, presunci\u00f3n de verdad. El juez cree primero al polic\u00eda y el acusado debe demostrar que no lo ha hecho, que es una perversi\u00f3n de ley, porque se conculca la presunci\u00f3n de inocencia.<\/p>\n<p>Baltasar Garz\u00f3n ha declarado recientemente que con la Ley Antiterrorista \u201cpudo haber algunos excesos\u201d.<\/p>\n<p>Manuel Blanco Chivite.- \u00c9l lo sabe muy bien, fue protagonista. Es \u201cdon Baltasar excesos\u201d. Gracias que aunque sea un poco de perfil, ahora ha reorientado su actividad, con algunas limitaciones un poco estridentes, pero a pesar de los l\u00edmites, en la Querella Argentina lo est\u00e1 haciendo bien.<\/p>\n<p>Notas:<\/p>\n<p>1) El \u00fanico civil que presenci\u00f3 las ejecuciones, fue el p\u00e1rroco de Hoyo de Manzanares, don Alejandro. Despu\u00e9s de d\u00e9cadas de silencio, el 19 de septiembre de 2005, hizo estas declaraciones a la revista Intervi\u00fa en un reportaje que firmaba Alfredo Grimaldos: \u201cAdem\u00e1s de los polic\u00edas y guardiaciviles que participaron en los piquetes, hab\u00eda otros que llegaron en autob\u00fas para jalear las ejecuciones. Muchos estaban borrachos. Cuando fui a dar la extremaunci\u00f3n a uno de los fusilados, a\u00fan respiraba. Se acerc\u00f3 el teniente que mandaba el pelot\u00f3n y le dio el tiro de gracia, sin darme tiempo a separarme del cuerpo ca\u00eddo. La sangre me salpic\u00f3\u201d.<\/p>\n<p>2) Bernardo Fuste, con el seud\u00f3nimo de Pedro Faura, grab\u00f3 en Alemania, Manifiesto (1974), dedicado al FRAP y que fue un disco clandestino que, en formato casete, corr\u00eda de mano en mano en las postrimer\u00edas del franquismo. Como curiosidad, Bernardo Fuster, junto a Luis Mendo, son los autores de la popular letra La puerta de Alcal\u00e1.<\/p>\n<p>3) Silvia Carretero ten\u00eda 21 a\u00f1os y estaba embarazada cuando fue detenida y torturada por la Guardia Civil en Badajoz. Su delito: ser miembro de la Federaci\u00f3n Universitaria Democr\u00e1tica Espa\u00f1ola (FUDE\/FRAP). Ingresada sin juicio previo en la c\u00e1rcel madrile\u00f1a de Yeser\u00edas tuvo que esperar que un tribunal m\u00e9dico decidiera si en su estado pod\u00eda estar encarcelada. Con la libertad provisional, huy\u00f3 a Francia donde tuvo a su hija. En 2010, se incorpor\u00f3 con su denuncia a la Querella Argentina, con su caso y el de S\u00e1nchez Bravo, declarando que su marido, que tambi\u00e9n contaba con 21 a\u00f1os cuando fue detenido, era inocente y que su confesi\u00f3n fue arrancada bajo torturas. Silvia Carretero exige que se declare ilegal el tribunal que conden\u00f3 a muerte a su esposo.<\/p>\n<p>4) Aqu\u00ed Chivite se debe referir al refer\u00e9ndum sobra la Constituci\u00f3n Europea del 20 de febrero de 2005, donde hubo una escas\u00edsima participaci\u00f3n, aunque los datos oficiales de abstenci\u00f3n fueron del 57, 68% de un censo de 33.563.680 personas. Por lo cual, 19.359.530 ciudadanos se quedaron en casa mientras acudieron a votar el 42,32% del censo.<\/p>\n<p>5) Se calcula que 400.000 presos pol\u00edticos fueron utilizados como trabajadores forzados en empresas p\u00fablicas y privadas, incluso la iglesia utiliz\u00f3 a estos trabajadores para construir parroquias y conventos. Muchas de esas empresas que dicen ignorar el abuso, hoy cotizan en el IBEX 35.<\/p>\n<p>6) Antes de la guerra, cada general sublevado ya ten\u00eda asegurado por parte de Juan March, en caso de fracaso del golpe militar, un mill\u00f3n de pesetas para cada uno \u2013depositado en Suiza- y la huida al extranjero. El empresario mallorqu\u00edn le dio al general Mola el equivalente a los presupuestos de los ministerios de Guerra y Marina de 1935, que fueron 600 millones de pesetas, adem\u00e1s de los avales necesarios para pr\u00e9stamos de la banca, como la inglesa. Los dictadores Mussolini en Italia, y Salazar en Portugal, tambi\u00e9n financiaron a los militares golpistas, como as\u00ed lo hicieron la Diputaci\u00f3n Foral de Navarra y Francesc Camb\u00f3, entre otros. Camb\u00f3 don\u00f3 cuantiosas cantidades a lo que \u00e9l llam\u00f3 \u201cLa cruzada espa\u00f1ola\u201d. Para saber m\u00e1s: La financiaci\u00f3n de la Guerra Civil espa\u00f1ola, de Jos\u00e9 \u00c1ngel S\u00e1nchez Asia\u00edn, ed. Cr\u00edtica, 2012.<\/p>","protected":false},"excerpt":{"rendered":"<p>Con el t\u00edtulo de \u201cAl Alba, 40 a\u00f1os: la generosidad de la resistencia\u201d, un grupo de antifascistas independientes, supervivientes de los Consejos de Guerra, familiares, amigos, abogados, periodistas y gente de la cultura, han constituido la \u201cPlataforma Abierta\u201d para conmemorar en Madrid el 40 Aniversario de los \u00faltimos fusilamientos del [&hellip;]<\/p>\n","protected":false},"author":3,"featured_media":5911,"comment_status":"open","ping_status":"open","sticky":false,"template":"","format":"standard","meta":{"footnotes":""},"categories":[76],"tags":[],"class_list":["post-7715","post","type-post","status-publish","format-standard","has-post-thumbnail","hentry","category-barcelona"],"yoast_head":"<!-- This site is optimized with the Yoast SEO plugin v27.5 - https:\/\/yoast.com\/product\/yoast-seo-wordpress\/ -->\n<title>Manuel Blanco Chivite: Los militares sin dinero no matan - Revista Rambla<\/title>\n<meta name=\"description\" content=\"Manuel Blanco Chivite, al que se le conmut\u00f3 la pena capital en aquellos procesos en los que se llegaron a pedir once penas de muerte.\" \/>\n<meta name=\"robots\" content=\"index, follow, max-snippet:-1, max-image-preview:large, max-video-preview:-1\" \/>\n<link rel=\"canonical\" href=\"https:\/\/www.revistarambla.com\/en\/blanco-chivite-los-militares-quieren-dinerito-para-matar-sin-dinero-no-matan\/\" \/>\n<meta property=\"og:locale\" content=\"en_GB\" \/>\n<meta property=\"og:type\" content=\"article\" \/>\n<meta property=\"og:title\" content=\"Manuel Blanco Chivite: Los militares sin dinero no matan - Revista Rambla\" \/>\n<meta property=\"og:description\" content=\"Manuel Blanco Chivite, al que se le conmut\u00f3 la pena capital en aquellos procesos en los que se llegaron a pedir once penas de muerte.\" \/>\n<meta property=\"og:url\" content=\"https:\/\/www.revistarambla.com\/en\/blanco-chivite-los-militares-quieren-dinerito-para-matar-sin-dinero-no-matan\/\" \/>\n<meta property=\"og:site_name\" content=\"Revista Rambla\" \/>\n<meta property=\"article:publisher\" content=\"https:\/\/www.facebook.com\/revistarambla\/\" \/>\n<meta property=\"article:author\" content=\"https:\/\/www.facebook.com\/revistarambla\" \/>\n<meta property=\"article:published_time\" content=\"2015-08-30T05:19:54+00:00\" \/>\n<meta property=\"article:modified_time\" content=\"2024-03-30T20:30:10+00:00\" \/>\n<meta property=\"og:image\" content=\"https:\/\/www.revistarambla.com\/wp-content\/uploads\/2014\/09\/Chivite_02.jpg\" \/>\n\t<meta property=\"og:image:width\" content=\"320\" \/>\n\t<meta property=\"og:image:height\" content=\"276\" \/>\n\t<meta property=\"og:image:type\" content=\"image\/jpeg\" \/>\n<meta name=\"author\" content=\"R@mbla\" \/>\n<meta name=\"twitter:card\" content=\"summary_large_image\" \/>\n<meta name=\"twitter:creator\" content=\"@revistarambla\" \/>\n<meta name=\"twitter:site\" content=\"@revistarambla\" \/>\n<meta name=\"twitter:label1\" content=\"Written by\" \/>\n\t<meta name=\"twitter:data1\" content=\"R@mbla\" \/>\n\t<meta name=\"twitter:label2\" content=\"Estimated reading time\" \/>\n\t<meta name=\"twitter:data2\" content=\"16 minutes\" \/>\n<script type=\"application\/ld+json\" class=\"yoast-schema-graph\">{\"@context\":\"https:\\\/\\\/schema.org\",\"@graph\":[{\"@type\":\"Article\",\"@id\":\"https:\\\/\\\/www.revistarambla.com\\\/blanco-chivite-los-militares-quieren-dinerito-para-matar-sin-dinero-no-matan\\\/#article\",\"isPartOf\":{\"@id\":\"https:\\\/\\\/www.revistarambla.com\\\/blanco-chivite-los-militares-quieren-dinerito-para-matar-sin-dinero-no-matan\\\/\"},\"author\":{\"name\":\"R@mbla\",\"@id\":\"https:\\\/\\\/www.revistarambla.com\\\/#\\\/schema\\\/person\\\/a146a5a2550b94981a75131180e1bd9c\"},\"headline\":\"Manuel Blanco Chivite: \u201cLos militares quieren dinerito para matar, sin dinero no matan\u201d\",\"datePublished\":\"2015-08-30T05:19:54+00:00\",\"dateModified\":\"2024-03-30T20:30:10+00:00\",\"mainEntityOfPage\":{\"@id\":\"https:\\\/\\\/www.revistarambla.com\\\/blanco-chivite-los-militares-quieren-dinerito-para-matar-sin-dinero-no-matan\\\/\"},\"wordCount\":3735,\"commentCount\":1,\"publisher\":{\"@id\":\"https:\\\/\\\/www.revistarambla.com\\\/#organization\"},\"image\":{\"@id\":\"https:\\\/\\\/www.revistarambla.com\\\/blanco-chivite-los-militares-quieren-dinerito-para-matar-sin-dinero-no-matan\\\/#primaryimage\"},\"thumbnailUrl\":\"https:\\\/\\\/www.revistarambla.com\\\/wp-content\\\/uploads\\\/2014\\\/09\\\/Chivite_02.jpg\",\"articleSection\":[\"Barcelona\"],\"inLanguage\":\"en-GB\",\"potentialAction\":[{\"@type\":\"CommentAction\",\"name\":\"Comment\",\"target\":[\"https:\\\/\\\/www.revistarambla.com\\\/blanco-chivite-los-militares-quieren-dinerito-para-matar-sin-dinero-no-matan\\\/#respond\"]}]},{\"@type\":\"WebPage\",\"@id\":\"https:\\\/\\\/www.revistarambla.com\\\/blanco-chivite-los-militares-quieren-dinerito-para-matar-sin-dinero-no-matan\\\/\",\"url\":\"https:\\\/\\\/www.revistarambla.com\\\/blanco-chivite-los-militares-quieren-dinerito-para-matar-sin-dinero-no-matan\\\/\",\"name\":\"Manuel Blanco Chivite: Los militares sin dinero no matan - Revista Rambla\",\"isPartOf\":{\"@id\":\"https:\\\/\\\/www.revistarambla.com\\\/#website\"},\"primaryImageOfPage\":{\"@id\":\"https:\\\/\\\/www.revistarambla.com\\\/blanco-chivite-los-militares-quieren-dinerito-para-matar-sin-dinero-no-matan\\\/#primaryimage\"},\"image\":{\"@id\":\"https:\\\/\\\/www.revistarambla.com\\\/blanco-chivite-los-militares-quieren-dinerito-para-matar-sin-dinero-no-matan\\\/#primaryimage\"},\"thumbnailUrl\":\"https:\\\/\\\/www.revistarambla.com\\\/wp-content\\\/uploads\\\/2014\\\/09\\\/Chivite_02.jpg\",\"datePublished\":\"2015-08-30T05:19:54+00:00\",\"dateModified\":\"2024-03-30T20:30:10+00:00\",\"description\":\"Manuel Blanco Chivite, al que se le conmut\u00f3 la pena capital en aquellos procesos en los que se llegaron a pedir once penas de muerte.\",\"breadcrumb\":{\"@id\":\"https:\\\/\\\/www.revistarambla.com\\\/blanco-chivite-los-militares-quieren-dinerito-para-matar-sin-dinero-no-matan\\\/#breadcrumb\"},\"inLanguage\":\"en-GB\",\"potentialAction\":[{\"@type\":\"ReadAction\",\"target\":[\"https:\\\/\\\/www.revistarambla.com\\\/blanco-chivite-los-militares-quieren-dinerito-para-matar-sin-dinero-no-matan\\\/\"]}]},{\"@type\":\"ImageObject\",\"inLanguage\":\"en-GB\",\"@id\":\"https:\\\/\\\/www.revistarambla.com\\\/blanco-chivite-los-militares-quieren-dinerito-para-matar-sin-dinero-no-matan\\\/#primaryimage\",\"url\":\"https:\\\/\\\/www.revistarambla.com\\\/wp-content\\\/uploads\\\/2014\\\/09\\\/Chivite_02.jpg\",\"contentUrl\":\"https:\\\/\\\/www.revistarambla.com\\\/wp-content\\\/uploads\\\/2014\\\/09\\\/Chivite_02.jpg\",\"width\":320,\"height\":276,\"caption\":\"alt\"},{\"@type\":\"BreadcrumbList\",\"@id\":\"https:\\\/\\\/www.revistarambla.com\\\/blanco-chivite-los-militares-quieren-dinerito-para-matar-sin-dinero-no-matan\\\/#breadcrumb\",\"itemListElement\":[{\"@type\":\"ListItem\",\"position\":1,\"name\":\"Portada\",\"item\":\"https:\\\/\\\/www.revistarambla.com\\\/\"},{\"@type\":\"ListItem\",\"position\":2,\"name\":\"Manuel Blanco Chivite: \u201cLos militares quieren dinerito para matar, sin dinero no matan\u201d\"}]},{\"@type\":\"WebSite\",\"@id\":\"https:\\\/\\\/www.revistarambla.com\\\/#website\",\"url\":\"https:\\\/\\\/www.revistarambla.com\\\/\",\"name\":\"Revista Rambla Barcelona\",\"description\":\"Periodismo independiente\",\"publisher\":{\"@id\":\"https:\\\/\\\/www.revistarambla.com\\\/#organization\"},\"potentialAction\":[{\"@type\":\"SearchAction\",\"target\":{\"@type\":\"EntryPoint\",\"urlTemplate\":\"https:\\\/\\\/www.revistarambla.com\\\/?s={search_term_string}\"},\"query-input\":{\"@type\":\"PropertyValueSpecification\",\"valueRequired\":true,\"valueName\":\"search_term_string\"}}],\"inLanguage\":\"en-GB\"},{\"@type\":\"Organization\",\"@id\":\"https:\\\/\\\/www.revistarambla.com\\\/#organization\",\"name\":\"Revista Rambla\",\"url\":\"https:\\\/\\\/www.revistarambla.com\\\/\",\"logo\":{\"@type\":\"ImageObject\",\"inLanguage\":\"en-GB\",\"@id\":\"https:\\\/\\\/www.revistarambla.com\\\/#\\\/schema\\\/logo\\\/image\\\/\",\"url\":\"https:\\\/\\\/www.revistarambla.com\\\/wp-content\\\/uploads\\\/2020\\\/09\\\/banner_rambla_1900x600_BB.png\",\"contentUrl\":\"https:\\\/\\\/www.revistarambla.com\\\/wp-content\\\/uploads\\\/2020\\\/09\\\/banner_rambla_1900x600_BB.png\",\"width\":1900,\"height\":600,\"caption\":\"Revista Rambla\"},\"image\":{\"@id\":\"https:\\\/\\\/www.revistarambla.com\\\/#\\\/schema\\\/logo\\\/image\\\/\"},\"sameAs\":[\"https:\\\/\\\/www.facebook.com\\\/revistarambla\\\/\",\"https:\\\/\\\/x.com\\\/revistarambla\",\"https:\\\/\\\/www.instagram.com\\\/revista_rambla\",\"https:\\\/\\\/es.linkedin.com\\\/company\\\/revista-rambla\"]},{\"@type\":\"Person\",\"@id\":\"https:\\\/\\\/www.revistarambla.com\\\/#\\\/schema\\\/person\\\/a146a5a2550b94981a75131180e1bd9c\",\"name\":\"R@mbla\",\"description\":\"Este art\u00edculo ha sido redactado y\\\/o validado por el equipo de redacci\u00f3n de Revista Rambla.\",\"sameAs\":[\"https:\\\/\\\/www.revistarambla.com\\\/\",\"https:\\\/\\\/www.facebook.com\\\/revistarambla\",\"https:\\\/\\\/x.com\\\/revistarambla\"]}]}<\/script>\n<!-- \/ Yoast SEO plugin. -->","yoast_head_json":{"title":"Manuel Blanco Chivite: Los militares sin dinero no matan - Revista Rambla","description":"Manuel Blanco Chivite, al que se le conmut\u00f3 la pena capital en aquellos procesos en los que se llegaron a pedir once penas de muerte.","robots":{"index":"index","follow":"follow","max-snippet":"max-snippet:-1","max-image-preview":"max-image-preview:large","max-video-preview":"max-video-preview:-1"},"canonical":"https:\/\/www.revistarambla.com\/en\/blanco-chivite-los-militares-quieren-dinerito-para-matar-sin-dinero-no-matan\/","og_locale":"en_GB","og_type":"article","og_title":"Manuel Blanco Chivite: Los militares sin dinero no matan - Revista Rambla","og_description":"Manuel Blanco Chivite, al que se le conmut\u00f3 la pena capital en aquellos procesos en los que se llegaron a pedir once penas de muerte.","og_url":"https:\/\/www.revistarambla.com\/en\/blanco-chivite-los-militares-quieren-dinerito-para-matar-sin-dinero-no-matan\/","og_site_name":"Revista Rambla","article_publisher":"https:\/\/www.facebook.com\/revistarambla\/","article_author":"https:\/\/www.facebook.com\/revistarambla","article_published_time":"2015-08-30T05:19:54+00:00","article_modified_time":"2024-03-30T20:30:10+00:00","og_image":[{"width":320,"height":276,"url":"https:\/\/www.revistarambla.com\/wp-content\/uploads\/2014\/09\/Chivite_02.jpg","type":"image\/jpeg"}],"author":"R@mbla","twitter_card":"summary_large_image","twitter_creator":"@revistarambla","twitter_site":"@revistarambla","twitter_misc":{"Written by":"R@mbla","Estimated reading time":"16 minutes"},"schema":{"@context":"https:\/\/schema.org","@graph":[{"@type":"Article","@id":"https:\/\/www.revistarambla.com\/blanco-chivite-los-militares-quieren-dinerito-para-matar-sin-dinero-no-matan\/#article","isPartOf":{"@id":"https:\/\/www.revistarambla.com\/blanco-chivite-los-militares-quieren-dinerito-para-matar-sin-dinero-no-matan\/"},"author":{"name":"R@mbla","@id":"https:\/\/www.revistarambla.com\/#\/schema\/person\/a146a5a2550b94981a75131180e1bd9c"},"headline":"Manuel Blanco Chivite: \u201cLos militares quieren dinerito para matar, sin dinero no matan\u201d","datePublished":"2015-08-30T05:19:54+00:00","dateModified":"2024-03-30T20:30:10+00:00","mainEntityOfPage":{"@id":"https:\/\/www.revistarambla.com\/blanco-chivite-los-militares-quieren-dinerito-para-matar-sin-dinero-no-matan\/"},"wordCount":3735,"commentCount":1,"publisher":{"@id":"https:\/\/www.revistarambla.com\/#organization"},"image":{"@id":"https:\/\/www.revistarambla.com\/blanco-chivite-los-militares-quieren-dinerito-para-matar-sin-dinero-no-matan\/#primaryimage"},"thumbnailUrl":"https:\/\/www.revistarambla.com\/wp-content\/uploads\/2014\/09\/Chivite_02.jpg","articleSection":["Barcelona"],"inLanguage":"en-GB","potentialAction":[{"@type":"CommentAction","name":"Comment","target":["https:\/\/www.revistarambla.com\/blanco-chivite-los-militares-quieren-dinerito-para-matar-sin-dinero-no-matan\/#respond"]}]},{"@type":"WebPage","@id":"https:\/\/www.revistarambla.com\/blanco-chivite-los-militares-quieren-dinerito-para-matar-sin-dinero-no-matan\/","url":"https:\/\/www.revistarambla.com\/blanco-chivite-los-militares-quieren-dinerito-para-matar-sin-dinero-no-matan\/","name":"Manuel Blanco Chivite: Los militares sin dinero no matan - Revista Rambla","isPartOf":{"@id":"https:\/\/www.revistarambla.com\/#website"},"primaryImageOfPage":{"@id":"https:\/\/www.revistarambla.com\/blanco-chivite-los-militares-quieren-dinerito-para-matar-sin-dinero-no-matan\/#primaryimage"},"image":{"@id":"https:\/\/www.revistarambla.com\/blanco-chivite-los-militares-quieren-dinerito-para-matar-sin-dinero-no-matan\/#primaryimage"},"thumbnailUrl":"https:\/\/www.revistarambla.com\/wp-content\/uploads\/2014\/09\/Chivite_02.jpg","datePublished":"2015-08-30T05:19:54+00:00","dateModified":"2024-03-30T20:30:10+00:00","description":"Manuel Blanco Chivite, al que se le conmut\u00f3 la pena capital en aquellos procesos en los que se llegaron a pedir once penas de muerte.","breadcrumb":{"@id":"https:\/\/www.revistarambla.com\/blanco-chivite-los-militares-quieren-dinerito-para-matar-sin-dinero-no-matan\/#breadcrumb"},"inLanguage":"en-GB","potentialAction":[{"@type":"ReadAction","target":["https:\/\/www.revistarambla.com\/blanco-chivite-los-militares-quieren-dinerito-para-matar-sin-dinero-no-matan\/"]}]},{"@type":"ImageObject","inLanguage":"en-GB","@id":"https:\/\/www.revistarambla.com\/blanco-chivite-los-militares-quieren-dinerito-para-matar-sin-dinero-no-matan\/#primaryimage","url":"https:\/\/www.revistarambla.com\/wp-content\/uploads\/2014\/09\/Chivite_02.jpg","contentUrl":"https:\/\/www.revistarambla.com\/wp-content\/uploads\/2014\/09\/Chivite_02.jpg","width":320,"height":276,"caption":"alt"},{"@type":"BreadcrumbList","@id":"https:\/\/www.revistarambla.com\/blanco-chivite-los-militares-quieren-dinerito-para-matar-sin-dinero-no-matan\/#breadcrumb","itemListElement":[{"@type":"ListItem","position":1,"name":"Portada","item":"https:\/\/www.revistarambla.com\/"},{"@type":"ListItem","position":2,"name":"Manuel Blanco Chivite: \u201cLos militares quieren dinerito para matar, sin dinero no matan\u201d"}]},{"@type":"WebSite","@id":"https:\/\/www.revistarambla.com\/#website","url":"https:\/\/www.revistarambla.com\/","name":"Revista Rambla Barcelona","description":"Periodismo independiente","publisher":{"@id":"https:\/\/www.revistarambla.com\/#organization"},"potentialAction":[{"@type":"SearchAction","target":{"@type":"EntryPoint","urlTemplate":"https:\/\/www.revistarambla.com\/?s={search_term_string}"},"query-input":{"@type":"PropertyValueSpecification","valueRequired":true,"valueName":"search_term_string"}}],"inLanguage":"en-GB"},{"@type":"Organization","@id":"https:\/\/www.revistarambla.com\/#organization","name":"Revista Rambla","url":"https:\/\/www.revistarambla.com\/","logo":{"@type":"ImageObject","inLanguage":"en-GB","@id":"https:\/\/www.revistarambla.com\/#\/schema\/logo\/image\/","url":"https:\/\/www.revistarambla.com\/wp-content\/uploads\/2020\/09\/banner_rambla_1900x600_BB.png","contentUrl":"https:\/\/www.revistarambla.com\/wp-content\/uploads\/2020\/09\/banner_rambla_1900x600_BB.png","width":1900,"height":600,"caption":"Revista Rambla"},"image":{"@id":"https:\/\/www.revistarambla.com\/#\/schema\/logo\/image\/"},"sameAs":["https:\/\/www.facebook.com\/revistarambla\/","https:\/\/x.com\/revistarambla","https:\/\/www.instagram.com\/revista_rambla","https:\/\/es.linkedin.com\/company\/revista-rambla"]},{"@type":"Person","@id":"https:\/\/www.revistarambla.com\/#\/schema\/person\/a146a5a2550b94981a75131180e1bd9c","name":"R@mbla","description":"Este art\u00edculo ha sido redactado y\/o validado por el equipo de redacci\u00f3n de Revista Rambla.","sameAs":["https:\/\/www.revistarambla.com\/","https:\/\/www.facebook.com\/revistarambla","https:\/\/x.com\/revistarambla"]}]}},"_links":{"self":[{"href":"https:\/\/www.revistarambla.com\/en\/wp-json\/wp\/v2\/posts\/7715","targetHints":{"allow":["GET"]}}],"collection":[{"href":"https:\/\/www.revistarambla.com\/en\/wp-json\/wp\/v2\/posts"}],"about":[{"href":"https:\/\/www.revistarambla.com\/en\/wp-json\/wp\/v2\/types\/post"}],"author":[{"embeddable":true,"href":"https:\/\/www.revistarambla.com\/en\/wp-json\/wp\/v2\/users\/3"}],"replies":[{"embeddable":true,"href":"https:\/\/www.revistarambla.com\/en\/wp-json\/wp\/v2\/comments?post=7715"}],"version-history":[{"count":3,"href":"https:\/\/www.revistarambla.com\/en\/wp-json\/wp\/v2\/posts\/7715\/revisions"}],"predecessor-version":[{"id":59145,"href":"https:\/\/www.revistarambla.com\/en\/wp-json\/wp\/v2\/posts\/7715\/revisions\/59145"}],"wp:featuredmedia":[{"embeddable":true,"href":"https:\/\/www.revistarambla.com\/en\/wp-json\/wp\/v2\/media\/5911"}],"wp:attachment":[{"href":"https:\/\/www.revistarambla.com\/en\/wp-json\/wp\/v2\/media?parent=7715"}],"wp:term":[{"taxonomy":"category","embeddable":true,"href":"https:\/\/www.revistarambla.com\/en\/wp-json\/wp\/v2\/categories?post=7715"},{"taxonomy":"post_tag","embeddable":true,"href":"https:\/\/www.revistarambla.com\/en\/wp-json\/wp\/v2\/tags?post=7715"}],"curies":[{"name":"wp","href":"https:\/\/api.w.org\/{rel}","templated":true}]}}