{"id":770,"date":"2011-02-21T10:07:43","date_gmt":"2011-02-21T09:07:43","guid":{"rendered":"https:\/\/www.revistarambla.com\/lo-ultimo-en-telefonia-en-el-gsma-mobile-world-congress\/"},"modified":"2021-12-08T20:25:45","modified_gmt":"2021-12-08T19:25:45","slug":"lo-ultimo-en-telefonia-en-el-gsma-mobile-world-congress","status":"publish","type":"post","link":"https:\/\/www.revistarambla.com\/en\/lo-ultimo-en-telefonia-en-el-gsma-mobile-world-congress\/","title":{"rendered":"Lo \u00faltimo en telefon\u00eda en el GSMA Mobile World Congress"},"content":{"rendered":"<p><a href=\"https:\/\/www.revistarambla.com\/wp-content\/uploads\/2011\/02\/5450662664_be60575d87_b.jpg\"><img decoding=\"async\" class=\"wp-image-19260 alignright\" src=\"https:\/\/www.revistarambla.com\/wp-content\/uploads\/2011\/02\/5450662664_be60575d87_b.jpg\" alt=\"Mobile World Congress Barcelona\" width=\"300\" height=\"200\" srcset=\"https:\/\/www.revistarambla.com\/wp-content\/uploads\/2011\/02\/5450662664_be60575d87_b.jpg 1024w, https:\/\/www.revistarambla.com\/wp-content\/uploads\/2011\/02\/5450662664_be60575d87_b-300x200.jpg 300w, https:\/\/www.revistarambla.com\/wp-content\/uploads\/2011\/02\/5450662664_be60575d87_b-768x512.jpg 768w, https:\/\/www.revistarambla.com\/wp-content\/uploads\/2011\/02\/5450662664_be60575d87_b-500x333.jpg 500w, https:\/\/www.revistarambla.com\/wp-content\/uploads\/2011\/02\/5450662664_be60575d87_b-850x566.jpg 850w, https:\/\/www.revistarambla.com\/wp-content\/uploads\/2011\/02\/5450662664_be60575d87_b-650x433.jpg 650w, https:\/\/www.revistarambla.com\/wp-content\/uploads\/2011\/02\/5450662664_be60575d87_b-458x305.jpg 458w\" sizes=\"(max-width: 300px) 100vw, 300px\" \/><\/a>La Plaza Espa\u00f1a ya indicaba que se estaba celebrando alg\u00fan acontecimiento importante en el recinto de la Fira de Barcelona. Hombres de negocios, trajeados con malet\u00edn en mano, iban llegando ininterrumpidamente al punto de encuentro. El motivo, asistir al <strong>GSMA Mobile World Congress Barcelona<\/strong> para conocer las \u00faltimas novedades en telefon\u00eda m\u00f3vil, sellar acuerdos empresariales e iniciar procesos de compra-venta. <a href=\"https:\/\/www.xatakamovil.com\/aplicaciones\/mobile-world-congress-2011-que-esperamos\">Una convenci\u00f3n que ha conseguido atraer a m\u00e1s de 50.000 personas de todo el mundo<\/a> entre el 14 y el 17 de Febrero, y que la econom\u00eda catalana ha agradecido enormemente. Motorola, Konka, Symena, Tellabs, Ceragon, TomTom. Cerca de 1400 compa\u00f1\u00edas reunidas en los diversos recintos dispuestos por la Fira con sus respectivos stands atend\u00edan las dudas, recomendaban las mejores ofertas e intentaban que sus productos destacaran sobre el resto.<\/p>\n<p>El <strong>Mobile World Congress Barcelona<\/strong> es una aut\u00e9ntica ciudad del m\u00f3vil. No hay nada que no pudiera encontrarse all\u00ed. Desde los modelos m\u00e1s avanzados hasta los m\u00e1s lujosos y extra\u00f1os. M\u00f3viles en rosa fucsia con peque\u00f1os brillantes incrustados, ideados para las mujeres m\u00e1s glamurosas. Otros vestidos en madera, para los amantes de la elegancia. O con carcasas a prueba de agua, la soluci\u00f3n para los despistados. Tampoco faltaban las \u00faltimas versiones de los archiconocidos iPhone y HTC o algunos ejemplares de E-books, as\u00ed como novedades tan esperadas como extravagantes como el m\u00f3vil 3D. Un LG optimus 3D, capaz de grabar y reproducir pel\u00edculas en tres dimensiones, preparadas para ser vistas sin necesidad de gafas especiales. O una Blackberry 3D, m\u00f3vil en formato tableta pensado para ser conectado a una pantalla en la que ver pel\u00edculas, esta vez s\u00ed, con gafas.<\/p>\n<p>M\u00f3viles y m\u00e1s m\u00f3viles, pero tambi\u00e9n accesorios en el <strong>Mobile World Congress Barcelona<\/strong>. Fundas de colores, auriculares de todo tipo y aplicaciones curiosas. Entre ellas, BeeWi, sistema pensado para iPhone y Blackberry que permite controlar coches y helic\u00f3pteros teledirigidos a trav\u00e9s del m\u00f3vil. O la ICarte, un dispositivo que, conectado al tel\u00e9fono, permite realizar compras con VISA a trav\u00e9s de internet. Definitivamente, el mundo de la telefon\u00eda m\u00f3vil es uno de los que m\u00e1s ha progresado. Ya no nos limitamos a llamar o enviar mensajes. Ahora, nuestro m\u00f3vil es tambi\u00e9n nuestra c\u00e1mara de fotos, nuestra televisi\u00f3n y nuestro ordenador de bolsillo. No s\u00f3lo cubre una necesidad, tambi\u00e9n se ha convertido en una fuente de diversi\u00f3n. Veremos c\u00f3mo evoluciona en los pr\u00f3ximos a\u00f1os. A\u00fan queda mucho por descubrir.<\/p>","protected":false},"excerpt":{"rendered":"<p>La Plaza Espa\u00f1a ya indicaba que se estaba celebrando alg\u00fan acontecimiento importante en el recinto de la Fira de Barcelona. Hombres de negocios, trajeados con malet\u00edn en mano, iban llegando ininterrumpidamente al punto de encuentro. El motivo, asistir al GSMA Mobile World Congress Barcelona para conocer las \u00faltimas novedades en [&hellip;]<\/p>\n","protected":false},"author":39,"featured_media":19260,"comment_status":"open","ping_status":"open","sticky":false,"template":"","format":"standard","meta":{"footnotes":""},"categories":[3,76],"tags":[],"class_list":["post-770","post","type-post","status-publish","format-standard","has-post-thumbnail","hentry","category-actualidad","category-barcelona"],"yoast_head":"<!-- This site is optimized with the Yoast SEO plugin v27.5 - https:\/\/yoast.com\/product\/yoast-seo-wordpress\/ -->\n<title>Mobile World Congress Barcelona - Revista Rambla<\/title>\n<meta name=\"description\" content=\"El Mobile World Congress Barcelona es una aut\u00e9ntica ciudad del m\u00f3vil. No hay nada que no pudiera encontrarse all\u00ed. Desde los modelos m\u00e1s avanzados hasta...\" \/>\n<meta name=\"robots\" content=\"index, follow, max-snippet:-1, max-image-preview:large, max-video-preview:-1\" \/>\n<link rel=\"canonical\" href=\"https:\/\/www.revistarambla.com\/en\/lo-ultimo-en-telefonia-en-el-gsma-mobile-world-congress\/\" \/>\n<meta property=\"og:locale\" content=\"en_GB\" \/>\n<meta property=\"og:type\" content=\"article\" \/>\n<meta property=\"og:title\" content=\"Mobile World Congress Barcelona - Revista Rambla\" \/>\n<meta property=\"og:description\" content=\"El Mobile World Congress Barcelona es una aut\u00e9ntica ciudad del m\u00f3vil. No hay nada que no pudiera encontrarse all\u00ed. Desde los modelos m\u00e1s avanzados hasta...\" \/>\n<meta property=\"og:url\" content=\"https:\/\/www.revistarambla.com\/en\/lo-ultimo-en-telefonia-en-el-gsma-mobile-world-congress\/\" \/>\n<meta property=\"og:site_name\" content=\"Revista Rambla\" \/>\n<meta property=\"article:publisher\" content=\"https:\/\/www.facebook.com\/revistarambla\/\" \/>\n<meta property=\"article:published_time\" content=\"2011-02-21T09:07:43+00:00\" \/>\n<meta property=\"article:modified_time\" content=\"2021-12-08T19:25:45+00:00\" \/>\n<meta property=\"og:image\" content=\"https:\/\/www.revistarambla.com\/wp-content\/uploads\/2011\/02\/5450662664_be60575d87_b.jpg\" \/>\n\t<meta property=\"og:image:width\" content=\"1024\" \/>\n\t<meta property=\"og:image:height\" content=\"683\" \/>\n\t<meta property=\"og:image:type\" content=\"image\/jpeg\" \/>\n<meta name=\"author\" content=\"Blanca Mendiguren Gomila\" \/>\n<meta name=\"twitter:card\" content=\"summary_large_image\" \/>\n<meta name=\"twitter:creator\" content=\"@BlancaGomila\" \/>\n<meta name=\"twitter:site\" content=\"@revistarambla\" \/>\n<meta name=\"twitter:label1\" content=\"Written by\" \/>\n\t<meta name=\"twitter:data1\" content=\"Blanca Mendiguren Gomila\" \/>\n\t<meta name=\"twitter:label2\" content=\"Estimated reading time\" \/>\n\t<meta name=\"twitter:data2\" content=\"2 minutes\" \/>\n<script type=\"application\/ld+json\" class=\"yoast-schema-graph\">{\"@context\":\"https:\\\/\\\/schema.org\",\"@graph\":[{\"@type\":\"Article\",\"@id\":\"https:\\\/\\\/www.revistarambla.com\\\/lo-ultimo-en-telefonia-en-el-gsma-mobile-world-congress\\\/#article\",\"isPartOf\":{\"@id\":\"https:\\\/\\\/www.revistarambla.com\\\/lo-ultimo-en-telefonia-en-el-gsma-mobile-world-congress\\\/\"},\"author\":{\"name\":\"Blanca Mendiguren Gomila\",\"@id\":\"https:\\\/\\\/www.revistarambla.com\\\/#\\\/schema\\\/person\\\/ef3b07dd258f83e19609a57611e756c9\"},\"headline\":\"Lo \u00faltimo en telefon\u00eda en el GSMA Mobile World Congress\",\"datePublished\":\"2011-02-21T09:07:43+00:00\",\"dateModified\":\"2021-12-08T19:25:45+00:00\",\"mainEntityOfPage\":{\"@id\":\"https:\\\/\\\/www.revistarambla.com\\\/lo-ultimo-en-telefonia-en-el-gsma-mobile-world-congress\\\/\"},\"wordCount\":450,\"commentCount\":0,\"publisher\":{\"@id\":\"https:\\\/\\\/www.revistarambla.com\\\/#organization\"},\"image\":{\"@id\":\"https:\\\/\\\/www.revistarambla.com\\\/lo-ultimo-en-telefonia-en-el-gsma-mobile-world-congress\\\/#primaryimage\"},\"thumbnailUrl\":\"https:\\\/\\\/www.revistarambla.com\\\/wp-content\\\/uploads\\\/2011\\\/02\\\/5450662664_be60575d87_b.jpg\",\"articleSection\":[\"Actualidad\",\"Barcelona\"],\"inLanguage\":\"en-GB\",\"potentialAction\":[{\"@type\":\"CommentAction\",\"name\":\"Comment\",\"target\":[\"https:\\\/\\\/www.revistarambla.com\\\/lo-ultimo-en-telefonia-en-el-gsma-mobile-world-congress\\\/#respond\"]}]},{\"@type\":\"WebPage\",\"@id\":\"https:\\\/\\\/www.revistarambla.com\\\/lo-ultimo-en-telefonia-en-el-gsma-mobile-world-congress\\\/\",\"url\":\"https:\\\/\\\/www.revistarambla.com\\\/lo-ultimo-en-telefonia-en-el-gsma-mobile-world-congress\\\/\",\"name\":\"Mobile World Congress Barcelona - Revista Rambla\",\"isPartOf\":{\"@id\":\"https:\\\/\\\/www.revistarambla.com\\\/#website\"},\"primaryImageOfPage\":{\"@id\":\"https:\\\/\\\/www.revistarambla.com\\\/lo-ultimo-en-telefonia-en-el-gsma-mobile-world-congress\\\/#primaryimage\"},\"image\":{\"@id\":\"https:\\\/\\\/www.revistarambla.com\\\/lo-ultimo-en-telefonia-en-el-gsma-mobile-world-congress\\\/#primaryimage\"},\"thumbnailUrl\":\"https:\\\/\\\/www.revistarambla.com\\\/wp-content\\\/uploads\\\/2011\\\/02\\\/5450662664_be60575d87_b.jpg\",\"datePublished\":\"2011-02-21T09:07:43+00:00\",\"dateModified\":\"2021-12-08T19:25:45+00:00\",\"description\":\"El Mobile World Congress Barcelona es una aut\u00e9ntica ciudad del m\u00f3vil. No hay nada que no pudiera encontrarse all\u00ed. Desde los modelos m\u00e1s avanzados hasta...\",\"breadcrumb\":{\"@id\":\"https:\\\/\\\/www.revistarambla.com\\\/lo-ultimo-en-telefonia-en-el-gsma-mobile-world-congress\\\/#breadcrumb\"},\"inLanguage\":\"en-GB\",\"potentialAction\":[{\"@type\":\"ReadAction\",\"target\":[\"https:\\\/\\\/www.revistarambla.com\\\/lo-ultimo-en-telefonia-en-el-gsma-mobile-world-congress\\\/\"]}]},{\"@type\":\"ImageObject\",\"inLanguage\":\"en-GB\",\"@id\":\"https:\\\/\\\/www.revistarambla.com\\\/lo-ultimo-en-telefonia-en-el-gsma-mobile-world-congress\\\/#primaryimage\",\"url\":\"https:\\\/\\\/www.revistarambla.com\\\/wp-content\\\/uploads\\\/2011\\\/02\\\/5450662664_be60575d87_b.jpg\",\"contentUrl\":\"https:\\\/\\\/www.revistarambla.com\\\/wp-content\\\/uploads\\\/2011\\\/02\\\/5450662664_be60575d87_b.jpg\",\"width\":1024,\"height\":683,\"caption\":\"Mobile World Congress Barcelona\"},{\"@type\":\"BreadcrumbList\",\"@id\":\"https:\\\/\\\/www.revistarambla.com\\\/lo-ultimo-en-telefonia-en-el-gsma-mobile-world-congress\\\/#breadcrumb\",\"itemListElement\":[{\"@type\":\"ListItem\",\"position\":1,\"name\":\"Portada\",\"item\":\"https:\\\/\\\/www.revistarambla.com\\\/\"},{\"@type\":\"ListItem\",\"position\":2,\"name\":\"Lo \u00faltimo en telefon\u00eda en el GSMA Mobile World Congress\"}]},{\"@type\":\"WebSite\",\"@id\":\"https:\\\/\\\/www.revistarambla.com\\\/#website\",\"url\":\"https:\\\/\\\/www.revistarambla.com\\\/\",\"name\":\"Revista Rambla Barcelona\",\"description\":\"Periodismo independiente\",\"publisher\":{\"@id\":\"https:\\\/\\\/www.revistarambla.com\\\/#organization\"},\"potentialAction\":[{\"@type\":\"SearchAction\",\"target\":{\"@type\":\"EntryPoint\",\"urlTemplate\":\"https:\\\/\\\/www.revistarambla.com\\\/?s={search_term_string}\"},\"query-input\":{\"@type\":\"PropertyValueSpecification\",\"valueRequired\":true,\"valueName\":\"search_term_string\"}}],\"inLanguage\":\"en-GB\"},{\"@type\":\"Organization\",\"@id\":\"https:\\\/\\\/www.revistarambla.com\\\/#organization\",\"name\":\"Revista Rambla\",\"url\":\"https:\\\/\\\/www.revistarambla.com\\\/\",\"logo\":{\"@type\":\"ImageObject\",\"inLanguage\":\"en-GB\",\"@id\":\"https:\\\/\\\/www.revistarambla.com\\\/#\\\/schema\\\/logo\\\/image\\\/\",\"url\":\"https:\\\/\\\/www.revistarambla.com\\\/wp-content\\\/uploads\\\/2020\\\/09\\\/banner_rambla_1900x600_BB.png\",\"contentUrl\":\"https:\\\/\\\/www.revistarambla.com\\\/wp-content\\\/uploads\\\/2020\\\/09\\\/banner_rambla_1900x600_BB.png\",\"width\":1900,\"height\":600,\"caption\":\"Revista Rambla\"},\"image\":{\"@id\":\"https:\\\/\\\/www.revistarambla.com\\\/#\\\/schema\\\/logo\\\/image\\\/\"},\"sameAs\":[\"https:\\\/\\\/www.facebook.com\\\/revistarambla\\\/\",\"https:\\\/\\\/x.com\\\/revistarambla\",\"https:\\\/\\\/www.instagram.com\\\/revista_rambla\",\"https:\\\/\\\/es.linkedin.com\\\/company\\\/revista-rambla\"]},{\"@type\":\"Person\",\"@id\":\"https:\\\/\\\/www.revistarambla.com\\\/#\\\/schema\\\/person\\\/ef3b07dd258f83e19609a57611e756c9\",\"name\":\"Blanca Mendiguren Gomila\",\"description\":\"Periodista.\",\"sameAs\":[\"https:\\\/\\\/x.com\\\/BlancaGomila\"]}]}<\/script>\n<!-- \/ Yoast SEO plugin. -->","yoast_head_json":{"title":"Mobile World Congress Barcelona - Revista Rambla","description":"El Mobile World Congress Barcelona es una aut\u00e9ntica ciudad del m\u00f3vil. No hay nada que no pudiera encontrarse all\u00ed. Desde los modelos m\u00e1s avanzados hasta...","robots":{"index":"index","follow":"follow","max-snippet":"max-snippet:-1","max-image-preview":"max-image-preview:large","max-video-preview":"max-video-preview:-1"},"canonical":"https:\/\/www.revistarambla.com\/en\/lo-ultimo-en-telefonia-en-el-gsma-mobile-world-congress\/","og_locale":"en_GB","og_type":"article","og_title":"Mobile World Congress Barcelona - Revista Rambla","og_description":"El Mobile World Congress Barcelona es una aut\u00e9ntica ciudad del m\u00f3vil. No hay nada que no pudiera encontrarse all\u00ed. Desde los modelos m\u00e1s avanzados hasta...","og_url":"https:\/\/www.revistarambla.com\/en\/lo-ultimo-en-telefonia-en-el-gsma-mobile-world-congress\/","og_site_name":"Revista Rambla","article_publisher":"https:\/\/www.facebook.com\/revistarambla\/","article_published_time":"2011-02-21T09:07:43+00:00","article_modified_time":"2021-12-08T19:25:45+00:00","og_image":[{"width":1024,"height":683,"url":"https:\/\/www.revistarambla.com\/wp-content\/uploads\/2011\/02\/5450662664_be60575d87_b.jpg","type":"image\/jpeg"}],"author":"Blanca Mendiguren Gomila","twitter_card":"summary_large_image","twitter_creator":"@BlancaGomila","twitter_site":"@revistarambla","twitter_misc":{"Written by":"Blanca Mendiguren Gomila","Estimated reading time":"2 minutes"},"schema":{"@context":"https:\/\/schema.org","@graph":[{"@type":"Article","@id":"https:\/\/www.revistarambla.com\/lo-ultimo-en-telefonia-en-el-gsma-mobile-world-congress\/#article","isPartOf":{"@id":"https:\/\/www.revistarambla.com\/lo-ultimo-en-telefonia-en-el-gsma-mobile-world-congress\/"},"author":{"name":"Blanca Mendiguren Gomila","@id":"https:\/\/www.revistarambla.com\/#\/schema\/person\/ef3b07dd258f83e19609a57611e756c9"},"headline":"Lo \u00faltimo en telefon\u00eda en el GSMA Mobile World Congress","datePublished":"2011-02-21T09:07:43+00:00","dateModified":"2021-12-08T19:25:45+00:00","mainEntityOfPage":{"@id":"https:\/\/www.revistarambla.com\/lo-ultimo-en-telefonia-en-el-gsma-mobile-world-congress\/"},"wordCount":450,"commentCount":0,"publisher":{"@id":"https:\/\/www.revistarambla.com\/#organization"},"image":{"@id":"https:\/\/www.revistarambla.com\/lo-ultimo-en-telefonia-en-el-gsma-mobile-world-congress\/#primaryimage"},"thumbnailUrl":"https:\/\/www.revistarambla.com\/wp-content\/uploads\/2011\/02\/5450662664_be60575d87_b.jpg","articleSection":["Actualidad","Barcelona"],"inLanguage":"en-GB","potentialAction":[{"@type":"CommentAction","name":"Comment","target":["https:\/\/www.revistarambla.com\/lo-ultimo-en-telefonia-en-el-gsma-mobile-world-congress\/#respond"]}]},{"@type":"WebPage","@id":"https:\/\/www.revistarambla.com\/lo-ultimo-en-telefonia-en-el-gsma-mobile-world-congress\/","url":"https:\/\/www.revistarambla.com\/lo-ultimo-en-telefonia-en-el-gsma-mobile-world-congress\/","name":"Mobile World Congress Barcelona - Revista Rambla","isPartOf":{"@id":"https:\/\/www.revistarambla.com\/#website"},"primaryImageOfPage":{"@id":"https:\/\/www.revistarambla.com\/lo-ultimo-en-telefonia-en-el-gsma-mobile-world-congress\/#primaryimage"},"image":{"@id":"https:\/\/www.revistarambla.com\/lo-ultimo-en-telefonia-en-el-gsma-mobile-world-congress\/#primaryimage"},"thumbnailUrl":"https:\/\/www.revistarambla.com\/wp-content\/uploads\/2011\/02\/5450662664_be60575d87_b.jpg","datePublished":"2011-02-21T09:07:43+00:00","dateModified":"2021-12-08T19:25:45+00:00","description":"El Mobile World Congress Barcelona es una aut\u00e9ntica ciudad del m\u00f3vil. No hay nada que no pudiera encontrarse all\u00ed. Desde los modelos m\u00e1s avanzados hasta...","breadcrumb":{"@id":"https:\/\/www.revistarambla.com\/lo-ultimo-en-telefonia-en-el-gsma-mobile-world-congress\/#breadcrumb"},"inLanguage":"en-GB","potentialAction":[{"@type":"ReadAction","target":["https:\/\/www.revistarambla.com\/lo-ultimo-en-telefonia-en-el-gsma-mobile-world-congress\/"]}]},{"@type":"ImageObject","inLanguage":"en-GB","@id":"https:\/\/www.revistarambla.com\/lo-ultimo-en-telefonia-en-el-gsma-mobile-world-congress\/#primaryimage","url":"https:\/\/www.revistarambla.com\/wp-content\/uploads\/2011\/02\/5450662664_be60575d87_b.jpg","contentUrl":"https:\/\/www.revistarambla.com\/wp-content\/uploads\/2011\/02\/5450662664_be60575d87_b.jpg","width":1024,"height":683,"caption":"Mobile World Congress Barcelona"},{"@type":"BreadcrumbList","@id":"https:\/\/www.revistarambla.com\/lo-ultimo-en-telefonia-en-el-gsma-mobile-world-congress\/#breadcrumb","itemListElement":[{"@type":"ListItem","position":1,"name":"Portada","item":"https:\/\/www.revistarambla.com\/"},{"@type":"ListItem","position":2,"name":"Lo \u00faltimo en telefon\u00eda en el GSMA Mobile World Congress"}]},{"@type":"WebSite","@id":"https:\/\/www.revistarambla.com\/#website","url":"https:\/\/www.revistarambla.com\/","name":"Revista Rambla Barcelona","description":"Periodismo independiente","publisher":{"@id":"https:\/\/www.revistarambla.com\/#organization"},"potentialAction":[{"@type":"SearchAction","target":{"@type":"EntryPoint","urlTemplate":"https:\/\/www.revistarambla.com\/?s={search_term_string}"},"query-input":{"@type":"PropertyValueSpecification","valueRequired":true,"valueName":"search_term_string"}}],"inLanguage":"en-GB"},{"@type":"Organization","@id":"https:\/\/www.revistarambla.com\/#organization","name":"Revista Rambla","url":"https:\/\/www.revistarambla.com\/","logo":{"@type":"ImageObject","inLanguage":"en-GB","@id":"https:\/\/www.revistarambla.com\/#\/schema\/logo\/image\/","url":"https:\/\/www.revistarambla.com\/wp-content\/uploads\/2020\/09\/banner_rambla_1900x600_BB.png","contentUrl":"https:\/\/www.revistarambla.com\/wp-content\/uploads\/2020\/09\/banner_rambla_1900x600_BB.png","width":1900,"height":600,"caption":"Revista Rambla"},"image":{"@id":"https:\/\/www.revistarambla.com\/#\/schema\/logo\/image\/"},"sameAs":["https:\/\/www.facebook.com\/revistarambla\/","https:\/\/x.com\/revistarambla","https:\/\/www.instagram.com\/revista_rambla","https:\/\/es.linkedin.com\/company\/revista-rambla"]},{"@type":"Person","@id":"https:\/\/www.revistarambla.com\/#\/schema\/person\/ef3b07dd258f83e19609a57611e756c9","name":"Blanca Mendiguren Gomila","description":"Periodista.","sameAs":["https:\/\/x.com\/BlancaGomila"]}]}},"_links":{"self":[{"href":"https:\/\/www.revistarambla.com\/en\/wp-json\/wp\/v2\/posts\/770","targetHints":{"allow":["GET"]}}],"collection":[{"href":"https:\/\/www.revistarambla.com\/en\/wp-json\/wp\/v2\/posts"}],"about":[{"href":"https:\/\/www.revistarambla.com\/en\/wp-json\/wp\/v2\/types\/post"}],"author":[{"embeddable":true,"href":"https:\/\/www.revistarambla.com\/en\/wp-json\/wp\/v2\/users\/39"}],"replies":[{"embeddable":true,"href":"https:\/\/www.revistarambla.com\/en\/wp-json\/wp\/v2\/comments?post=770"}],"version-history":[{"count":0,"href":"https:\/\/www.revistarambla.com\/en\/wp-json\/wp\/v2\/posts\/770\/revisions"}],"wp:featuredmedia":[{"embeddable":true,"href":"https:\/\/www.revistarambla.com\/en\/wp-json\/wp\/v2\/media\/19260"}],"wp:attachment":[{"href":"https:\/\/www.revistarambla.com\/en\/wp-json\/wp\/v2\/media?parent=770"}],"wp:term":[{"taxonomy":"category","embeddable":true,"href":"https:\/\/www.revistarambla.com\/en\/wp-json\/wp\/v2\/categories?post=770"},{"taxonomy":"post_tag","embeddable":true,"href":"https:\/\/www.revistarambla.com\/en\/wp-json\/wp\/v2\/tags?post=770"}],"curies":[{"name":"wp","href":"https:\/\/api.w.org\/{rel}","templated":true}]}}