{"id":763,"date":"2011-02-16T11:47:13","date_gmt":"2011-02-16T10:47:13","guid":{"rendered":"https:\/\/www.revistarambla.com\/macromassa-regresa-con-su-primer-disco-el-onceavo-de-su-carrera\/"},"modified":"2021-12-10T16:54:03","modified_gmt":"2021-12-10T15:54:03","slug":"macromassa-regresa-con-su-primer-disco-el-onceavo-de-su-carrera","status":"publish","type":"post","link":"https:\/\/www.revistarambla.com\/en\/macromassa-regresa-con-su-primer-disco-el-onceavo-de-su-carrera\/","title":{"rendered":"Macromassa regresa con su primer disco"},"content":{"rendered":"<p><a href=\"https:\/\/www.revistarambla.com\/wp-content\/uploads\/2011\/02\/a1173271842_10.jpg\"><img decoding=\"async\" class=\"wp-image-19199 alignright\" src=\"https:\/\/www.revistarambla.com\/wp-content\/uploads\/2011\/02\/a1173271842_10.jpg\" alt=\"\" width=\"300\" height=\"300\" srcset=\"https:\/\/www.revistarambla.com\/wp-content\/uploads\/2011\/02\/a1173271842_10.jpg 1200w, https:\/\/www.revistarambla.com\/wp-content\/uploads\/2011\/02\/a1173271842_10-150x150.jpg 150w, https:\/\/www.revistarambla.com\/wp-content\/uploads\/2011\/02\/a1173271842_10-300x300.jpg 300w, https:\/\/www.revistarambla.com\/wp-content\/uploads\/2011\/02\/a1173271842_10-768x768.jpg 768w, https:\/\/www.revistarambla.com\/wp-content\/uploads\/2011\/02\/a1173271842_10-1024x1024.jpg 1024w, https:\/\/www.revistarambla.com\/wp-content\/uploads\/2011\/02\/a1173271842_10-500x500.jpg 500w, https:\/\/www.revistarambla.com\/wp-content\/uploads\/2011\/02\/a1173271842_10-566x566.jpg 566w, https:\/\/www.revistarambla.com\/wp-content\/uploads\/2011\/02\/a1173271842_10-433x433.jpg 433w, https:\/\/www.revistarambla.com\/wp-content\/uploads\/2011\/02\/a1173271842_10-305x305.jpg 305w\" sizes=\"(max-width: 300px) 100vw, 300px\" \/><\/a>No crean que nos hemos vuelto locos, ni piensen que el t\u00edtulo es err\u00f3neo. Nada m\u00e1s lejos de la realidad. Macromassa, para aquellos que lo desconozcan, es un grupo con 34 a\u00f1os de historia a sus espaldas. Un d\u00fao formado por <a href=\"https:\/\/www.revistarambla.com\/en\/victor-nubla-en-mi-musica-hay-un-10-de-inspiracion-y-un-90-de-transpiracion\/\">V\u00edctor Nubla<\/a> y Juan Crek que ha demostrado a lo largo de su carrera ser algo m\u00e1s que un grupo musical. Mezcla de free jazz, improvisaci\u00f3n libre, electr\u00f3nica, ruido y surrealismo, Macromassa se ha abierto camino durante a\u00f1os tanto dentro como fuera del territorio espa\u00f1ol.<\/p>\n<p>En 1997 Nubla y Crek se separaban para dedicarse a sus respectivas carreras en solitario y muchos pensaron que el sonido Macromassa hab\u00eda pasado ya a la historia.<\/p>\n<p>Pero, tras 10 a\u00f1os de par\u00f3n, este d\u00fao ha vuelto a sacar un disco, para ellos el primero de su carrera. <em>\u201cEn el 1976 empezamos por el final, llegamos hasta el principio y ahora lo que no pod\u00edamos hacer es inventarnos a Elvis Presley (que adem\u00e1s es aburrid\u00edsimo), entonces decidimos volver al final otra vez. Digamos que el ciclo art\u00edstico de Macromassa est\u00e1 concluido y ahora lo que estamos haciendo es lo mejor\u201d, <\/em>asegura V\u00edctor Nubla.<\/p>\n<p>Y lo mejor de Macromassa lleva como t\u00edtulo <em>\u2018Armas Mosca\u2019<\/em>, un anagrama que representa perfectamente la filosof\u00eda del grupo. <em>\u201cBrindamos a la gente la posibilidad de desarrollar su imaginaci\u00f3n sin que tengan que pensar lo que nosotros digamos. Y eso est\u00e1 muy bien en los tiempos que corren\u201d<\/em>, explica Nubla.<\/p>\n<p>Se trata del onceavo trabajo discogr\u00e1fico del grupo, para el cual Crek y Nubla han prescindido de los colaboradores y han compuesto y tocado todos los temas usando la instrumentaci\u00f3n original de los primeros a\u00f1os del grupo: un m\u00f3dulo audio-generador Duy y un clarinete electrificado.<\/p>\n<p>Al hablar de aquellos sus inicios, Nubla no puede evitar recordar el primer concierto que ambos realizaron como Macromassa: <em>\u201cs\u00f3lo hab\u00eda 300 personas y al final s\u00f3lo quedaban su novia y la m\u00eda. Ese concierto se grab\u00f3 y de all\u00ed sali\u00f3 un disco que s\u00f3lo lo tienen unas 60 o 70 personas. Sin embargo, actualmente ese disco, Darlia Microt\u00f3nica, <a href=\"https:\/\/www.ebay.es\/\">en Ebay vale 600 euros<\/a>. Vale mucho m\u00e1s que todo lo que ganamos en los primeros cinco a\u00f1os (bromea). Eso quiere decir que uno puede no cambiar, pero la gente s\u00ed que cambia de gustos\u201d.<\/em><\/p>\n<p>Pero lo cierto es que V\u00edctor y Juan s\u00ed realizaron cambios durante a\u00f1os. Experimentaron. Incorporaron nuevos lenguajes: pop, rock, contempor\u00e1neo\u2026 incluso orquestas. En sus diez discos anteriores podemos encontrar de todo. <em>\u201cLos primeros eran s\u00faper radicales y no le gustaban a tanta gente, a medida que fuimos sacando discos incluso hubo alguno que se reedit\u00f3 porque se vendi\u00f3 mucho. Y ahora llegamos al principio, que era de donde ven\u00edamos\u201d<\/em>, confiesa Nubla. A\u00f1os de experimentaci\u00f3n que finalmente les han llevado a hacer la m\u00fasica que escuchaban antes de crear Macromassa.<\/p>\n<p>\u2018Armas Mosca\u2019 es, en definitiva, el primer disco de unos \u2018no m\u00fasicos\u2019 (nunca se han reconocido m\u00fasicos) que podemos asegurar que no dejar\u00e1 indiferente a quien lo escuche. Y no es para menos ya que Macromassa no es s\u00f3lo un grupo sino un ente: <em>\u201cuna entidad independiente de nosotros y que nosotros convocamos. Y que s\u00f3lo la podemos convocar los dos juntos, porque por separado es imposible. S\u00f3lo se manifiesta cuando estamos los dos tocando<\/em>\u201d, asegura Nubla.<\/p>\n<p>Para aquel que pueda pensar en este regreso como una despedida, nada de eso. \u201c<em>Pensamos seguir hasta que nos muramos. Si partimos de la base de que Macromassa existir\u00e1 siempre que estemos los dos haciendo algo, entonces ser\u00e1 hasta que alguno de los dos se muera\u201d<\/em>, afirma Crek. Y atentos, porque amenazan con un segundo disco, o un decimosegundo, como prefir\u00e1is.<\/p>","protected":false},"excerpt":{"rendered":"<p>No crean que nos hemos vuelto locos, ni piensen que el t\u00edtulo es err\u00f3neo. Nada m\u00e1s lejos de la realidad. Macromassa, para aquellos que lo desconozcan, es un grupo con 34 a\u00f1os de historia a sus espaldas. Un d\u00fao formado por V\u00edctor Nubla y Juan Crek que ha demostrado a [&hellip;]<\/p>\n","protected":false},"author":53,"featured_media":19199,"comment_status":"open","ping_status":"open","sticky":false,"template":"","format":"standard","meta":{"footnotes":""},"categories":[4,65],"tags":[],"class_list":["post-763","post","type-post","status-publish","format-standard","has-post-thumbnail","hentry","category-cultura","category-musica"],"yoast_head":"<!-- This site is optimized with the Yoast SEO plugin v27.5 - https:\/\/yoast.com\/product\/yoast-seo-wordpress\/ -->\n<title>Macromassa regresa con su primer disco - Revista Rambla<\/title>\n<meta name=\"description\" content=\"Macromassa, para aquellos que lo desconozcan, es un grupo con 34 a\u00f1os de historia a sus espaldas. Un d\u00fao formado por V\u00edctor Nubla y Juan Crek que ha...\" \/>\n<meta name=\"robots\" content=\"index, follow, max-snippet:-1, max-image-preview:large, max-video-preview:-1\" \/>\n<link rel=\"canonical\" href=\"https:\/\/www.revistarambla.com\/en\/macromassa-regresa-con-su-primer-disco-el-onceavo-de-su-carrera\/\" \/>\n<meta property=\"og:locale\" content=\"en_GB\" \/>\n<meta property=\"og:type\" content=\"article\" \/>\n<meta property=\"og:title\" content=\"Macromassa regresa con su primer disco - Revista Rambla\" \/>\n<meta property=\"og:description\" content=\"Macromassa, para aquellos que lo desconozcan, es un grupo con 34 a\u00f1os de historia a sus espaldas. Un d\u00fao formado por V\u00edctor Nubla y Juan Crek que ha...\" \/>\n<meta property=\"og:url\" content=\"https:\/\/www.revistarambla.com\/en\/macromassa-regresa-con-su-primer-disco-el-onceavo-de-su-carrera\/\" \/>\n<meta property=\"og:site_name\" content=\"Revista Rambla\" \/>\n<meta property=\"article:publisher\" content=\"https:\/\/www.facebook.com\/revistarambla\/\" \/>\n<meta property=\"article:published_time\" content=\"2011-02-16T10:47:13+00:00\" \/>\n<meta property=\"article:modified_time\" content=\"2021-12-10T15:54:03+00:00\" \/>\n<meta property=\"og:image\" content=\"https:\/\/www.revistarambla.com\/wp-content\/uploads\/2011\/02\/a1173271842_10.jpg\" \/>\n\t<meta property=\"og:image:width\" content=\"1200\" \/>\n\t<meta property=\"og:image:height\" content=\"1200\" \/>\n\t<meta property=\"og:image:type\" content=\"image\/jpeg\" \/>\n<meta name=\"author\" content=\"Estefan\u00eda P\u00e9rez\" \/>\n<meta name=\"twitter:card\" content=\"summary_large_image\" \/>\n<meta name=\"twitter:creator\" content=\"@revistarambla\" \/>\n<meta name=\"twitter:site\" content=\"@revistarambla\" \/>\n<meta name=\"twitter:label1\" content=\"Written by\" \/>\n\t<meta name=\"twitter:data1\" content=\"Estefan\u00eda P\u00e9rez\" \/>\n\t<meta name=\"twitter:label2\" content=\"Estimated reading time\" \/>\n\t<meta name=\"twitter:data2\" content=\"3 minutes\" \/>\n<script type=\"application\/ld+json\" class=\"yoast-schema-graph\">{\"@context\":\"https:\\\/\\\/schema.org\",\"@graph\":[{\"@type\":\"Article\",\"@id\":\"https:\\\/\\\/www.revistarambla.com\\\/macromassa-regresa-con-su-primer-disco-el-onceavo-de-su-carrera\\\/#article\",\"isPartOf\":{\"@id\":\"https:\\\/\\\/www.revistarambla.com\\\/macromassa-regresa-con-su-primer-disco-el-onceavo-de-su-carrera\\\/\"},\"author\":{\"name\":\"Estefan\u00eda P\u00e9rez\",\"@id\":\"https:\\\/\\\/www.revistarambla.com\\\/#\\\/schema\\\/person\\\/9cc1c0f5495c4a6fd189ddd5ba5c5ac5\"},\"headline\":\"Macromassa regresa con su primer disco\",\"datePublished\":\"2011-02-16T10:47:13+00:00\",\"dateModified\":\"2021-12-10T15:54:03+00:00\",\"mainEntityOfPage\":{\"@id\":\"https:\\\/\\\/www.revistarambla.com\\\/macromassa-regresa-con-su-primer-disco-el-onceavo-de-su-carrera\\\/\"},\"wordCount\":653,\"commentCount\":1,\"publisher\":{\"@id\":\"https:\\\/\\\/www.revistarambla.com\\\/#organization\"},\"image\":{\"@id\":\"https:\\\/\\\/www.revistarambla.com\\\/macromassa-regresa-con-su-primer-disco-el-onceavo-de-su-carrera\\\/#primaryimage\"},\"thumbnailUrl\":\"https:\\\/\\\/www.revistarambla.com\\\/wp-content\\\/uploads\\\/2011\\\/02\\\/a1173271842_10.jpg\",\"articleSection\":[\"Cultura\",\"M\u00fasica\"],\"inLanguage\":\"en-GB\",\"potentialAction\":[{\"@type\":\"CommentAction\",\"name\":\"Comment\",\"target\":[\"https:\\\/\\\/www.revistarambla.com\\\/macromassa-regresa-con-su-primer-disco-el-onceavo-de-su-carrera\\\/#respond\"]}]},{\"@type\":\"WebPage\",\"@id\":\"https:\\\/\\\/www.revistarambla.com\\\/macromassa-regresa-con-su-primer-disco-el-onceavo-de-su-carrera\\\/\",\"url\":\"https:\\\/\\\/www.revistarambla.com\\\/macromassa-regresa-con-su-primer-disco-el-onceavo-de-su-carrera\\\/\",\"name\":\"Macromassa regresa con su primer disco - Revista Rambla\",\"isPartOf\":{\"@id\":\"https:\\\/\\\/www.revistarambla.com\\\/#website\"},\"primaryImageOfPage\":{\"@id\":\"https:\\\/\\\/www.revistarambla.com\\\/macromassa-regresa-con-su-primer-disco-el-onceavo-de-su-carrera\\\/#primaryimage\"},\"image\":{\"@id\":\"https:\\\/\\\/www.revistarambla.com\\\/macromassa-regresa-con-su-primer-disco-el-onceavo-de-su-carrera\\\/#primaryimage\"},\"thumbnailUrl\":\"https:\\\/\\\/www.revistarambla.com\\\/wp-content\\\/uploads\\\/2011\\\/02\\\/a1173271842_10.jpg\",\"datePublished\":\"2011-02-16T10:47:13+00:00\",\"dateModified\":\"2021-12-10T15:54:03+00:00\",\"description\":\"Macromassa, para aquellos que lo desconozcan, es un grupo con 34 a\u00f1os de historia a sus espaldas. Un d\u00fao formado por V\u00edctor Nubla y Juan Crek que ha...\",\"breadcrumb\":{\"@id\":\"https:\\\/\\\/www.revistarambla.com\\\/macromassa-regresa-con-su-primer-disco-el-onceavo-de-su-carrera\\\/#breadcrumb\"},\"inLanguage\":\"en-GB\",\"potentialAction\":[{\"@type\":\"ReadAction\",\"target\":[\"https:\\\/\\\/www.revistarambla.com\\\/macromassa-regresa-con-su-primer-disco-el-onceavo-de-su-carrera\\\/\"]}]},{\"@type\":\"ImageObject\",\"inLanguage\":\"en-GB\",\"@id\":\"https:\\\/\\\/www.revistarambla.com\\\/macromassa-regresa-con-su-primer-disco-el-onceavo-de-su-carrera\\\/#primaryimage\",\"url\":\"https:\\\/\\\/www.revistarambla.com\\\/wp-content\\\/uploads\\\/2011\\\/02\\\/a1173271842_10.jpg\",\"contentUrl\":\"https:\\\/\\\/www.revistarambla.com\\\/wp-content\\\/uploads\\\/2011\\\/02\\\/a1173271842_10.jpg\",\"width\":1200,\"height\":1200},{\"@type\":\"BreadcrumbList\",\"@id\":\"https:\\\/\\\/www.revistarambla.com\\\/macromassa-regresa-con-su-primer-disco-el-onceavo-de-su-carrera\\\/#breadcrumb\",\"itemListElement\":[{\"@type\":\"ListItem\",\"position\":1,\"name\":\"Portada\",\"item\":\"https:\\\/\\\/www.revistarambla.com\\\/\"},{\"@type\":\"ListItem\",\"position\":2,\"name\":\"Macromassa regresa con su primer disco\"}]},{\"@type\":\"WebSite\",\"@id\":\"https:\\\/\\\/www.revistarambla.com\\\/#website\",\"url\":\"https:\\\/\\\/www.revistarambla.com\\\/\",\"name\":\"Revista Rambla Barcelona\",\"description\":\"Periodismo independiente\",\"publisher\":{\"@id\":\"https:\\\/\\\/www.revistarambla.com\\\/#organization\"},\"potentialAction\":[{\"@type\":\"SearchAction\",\"target\":{\"@type\":\"EntryPoint\",\"urlTemplate\":\"https:\\\/\\\/www.revistarambla.com\\\/?s={search_term_string}\"},\"query-input\":{\"@type\":\"PropertyValueSpecification\",\"valueRequired\":true,\"valueName\":\"search_term_string\"}}],\"inLanguage\":\"en-GB\"},{\"@type\":\"Organization\",\"@id\":\"https:\\\/\\\/www.revistarambla.com\\\/#organization\",\"name\":\"Revista Rambla\",\"url\":\"https:\\\/\\\/www.revistarambla.com\\\/\",\"logo\":{\"@type\":\"ImageObject\",\"inLanguage\":\"en-GB\",\"@id\":\"https:\\\/\\\/www.revistarambla.com\\\/#\\\/schema\\\/logo\\\/image\\\/\",\"url\":\"https:\\\/\\\/www.revistarambla.com\\\/wp-content\\\/uploads\\\/2020\\\/09\\\/banner_rambla_1900x600_BB.png\",\"contentUrl\":\"https:\\\/\\\/www.revistarambla.com\\\/wp-content\\\/uploads\\\/2020\\\/09\\\/banner_rambla_1900x600_BB.png\",\"width\":1900,\"height\":600,\"caption\":\"Revista Rambla\"},\"image\":{\"@id\":\"https:\\\/\\\/www.revistarambla.com\\\/#\\\/schema\\\/logo\\\/image\\\/\"},\"sameAs\":[\"https:\\\/\\\/www.facebook.com\\\/revistarambla\\\/\",\"https:\\\/\\\/x.com\\\/revistarambla\",\"https:\\\/\\\/www.instagram.com\\\/revista_rambla\",\"https:\\\/\\\/es.linkedin.com\\\/company\\\/revista-rambla\"]},{\"@type\":\"Person\",\"@id\":\"https:\\\/\\\/www.revistarambla.com\\\/#\\\/schema\\\/person\\\/9cc1c0f5495c4a6fd189ddd5ba5c5ac5\",\"name\":\"Estefan\u00eda P\u00e9rez\",\"description\":\"_\"}]}<\/script>\n<!-- \/ Yoast SEO plugin. -->","yoast_head_json":{"title":"Macromassa regresa con su primer disco - Revista Rambla","description":"Macromassa, para aquellos que lo desconozcan, es un grupo con 34 a\u00f1os de historia a sus espaldas. Un d\u00fao formado por V\u00edctor Nubla y Juan Crek que ha...","robots":{"index":"index","follow":"follow","max-snippet":"max-snippet:-1","max-image-preview":"max-image-preview:large","max-video-preview":"max-video-preview:-1"},"canonical":"https:\/\/www.revistarambla.com\/en\/macromassa-regresa-con-su-primer-disco-el-onceavo-de-su-carrera\/","og_locale":"en_GB","og_type":"article","og_title":"Macromassa regresa con su primer disco - Revista Rambla","og_description":"Macromassa, para aquellos que lo desconozcan, es un grupo con 34 a\u00f1os de historia a sus espaldas. Un d\u00fao formado por V\u00edctor Nubla y Juan Crek que ha...","og_url":"https:\/\/www.revistarambla.com\/en\/macromassa-regresa-con-su-primer-disco-el-onceavo-de-su-carrera\/","og_site_name":"Revista Rambla","article_publisher":"https:\/\/www.facebook.com\/revistarambla\/","article_published_time":"2011-02-16T10:47:13+00:00","article_modified_time":"2021-12-10T15:54:03+00:00","og_image":[{"width":1200,"height":1200,"url":"https:\/\/www.revistarambla.com\/wp-content\/uploads\/2011\/02\/a1173271842_10.jpg","type":"image\/jpeg"}],"author":"Estefan\u00eda P\u00e9rez","twitter_card":"summary_large_image","twitter_creator":"@revistarambla","twitter_site":"@revistarambla","twitter_misc":{"Written by":"Estefan\u00eda P\u00e9rez","Estimated reading time":"3 minutes"},"schema":{"@context":"https:\/\/schema.org","@graph":[{"@type":"Article","@id":"https:\/\/www.revistarambla.com\/macromassa-regresa-con-su-primer-disco-el-onceavo-de-su-carrera\/#article","isPartOf":{"@id":"https:\/\/www.revistarambla.com\/macromassa-regresa-con-su-primer-disco-el-onceavo-de-su-carrera\/"},"author":{"name":"Estefan\u00eda P\u00e9rez","@id":"https:\/\/www.revistarambla.com\/#\/schema\/person\/9cc1c0f5495c4a6fd189ddd5ba5c5ac5"},"headline":"Macromassa regresa con su primer disco","datePublished":"2011-02-16T10:47:13+00:00","dateModified":"2021-12-10T15:54:03+00:00","mainEntityOfPage":{"@id":"https:\/\/www.revistarambla.com\/macromassa-regresa-con-su-primer-disco-el-onceavo-de-su-carrera\/"},"wordCount":653,"commentCount":1,"publisher":{"@id":"https:\/\/www.revistarambla.com\/#organization"},"image":{"@id":"https:\/\/www.revistarambla.com\/macromassa-regresa-con-su-primer-disco-el-onceavo-de-su-carrera\/#primaryimage"},"thumbnailUrl":"https:\/\/www.revistarambla.com\/wp-content\/uploads\/2011\/02\/a1173271842_10.jpg","articleSection":["Cultura","M\u00fasica"],"inLanguage":"en-GB","potentialAction":[{"@type":"CommentAction","name":"Comment","target":["https:\/\/www.revistarambla.com\/macromassa-regresa-con-su-primer-disco-el-onceavo-de-su-carrera\/#respond"]}]},{"@type":"WebPage","@id":"https:\/\/www.revistarambla.com\/macromassa-regresa-con-su-primer-disco-el-onceavo-de-su-carrera\/","url":"https:\/\/www.revistarambla.com\/macromassa-regresa-con-su-primer-disco-el-onceavo-de-su-carrera\/","name":"Macromassa regresa con su primer disco - Revista Rambla","isPartOf":{"@id":"https:\/\/www.revistarambla.com\/#website"},"primaryImageOfPage":{"@id":"https:\/\/www.revistarambla.com\/macromassa-regresa-con-su-primer-disco-el-onceavo-de-su-carrera\/#primaryimage"},"image":{"@id":"https:\/\/www.revistarambla.com\/macromassa-regresa-con-su-primer-disco-el-onceavo-de-su-carrera\/#primaryimage"},"thumbnailUrl":"https:\/\/www.revistarambla.com\/wp-content\/uploads\/2011\/02\/a1173271842_10.jpg","datePublished":"2011-02-16T10:47:13+00:00","dateModified":"2021-12-10T15:54:03+00:00","description":"Macromassa, para aquellos que lo desconozcan, es un grupo con 34 a\u00f1os de historia a sus espaldas. Un d\u00fao formado por V\u00edctor Nubla y Juan Crek que ha...","breadcrumb":{"@id":"https:\/\/www.revistarambla.com\/macromassa-regresa-con-su-primer-disco-el-onceavo-de-su-carrera\/#breadcrumb"},"inLanguage":"en-GB","potentialAction":[{"@type":"ReadAction","target":["https:\/\/www.revistarambla.com\/macromassa-regresa-con-su-primer-disco-el-onceavo-de-su-carrera\/"]}]},{"@type":"ImageObject","inLanguage":"en-GB","@id":"https:\/\/www.revistarambla.com\/macromassa-regresa-con-su-primer-disco-el-onceavo-de-su-carrera\/#primaryimage","url":"https:\/\/www.revistarambla.com\/wp-content\/uploads\/2011\/02\/a1173271842_10.jpg","contentUrl":"https:\/\/www.revistarambla.com\/wp-content\/uploads\/2011\/02\/a1173271842_10.jpg","width":1200,"height":1200},{"@type":"BreadcrumbList","@id":"https:\/\/www.revistarambla.com\/macromassa-regresa-con-su-primer-disco-el-onceavo-de-su-carrera\/#breadcrumb","itemListElement":[{"@type":"ListItem","position":1,"name":"Portada","item":"https:\/\/www.revistarambla.com\/"},{"@type":"ListItem","position":2,"name":"Macromassa regresa con su primer disco"}]},{"@type":"WebSite","@id":"https:\/\/www.revistarambla.com\/#website","url":"https:\/\/www.revistarambla.com\/","name":"Revista Rambla Barcelona","description":"Periodismo independiente","publisher":{"@id":"https:\/\/www.revistarambla.com\/#organization"},"potentialAction":[{"@type":"SearchAction","target":{"@type":"EntryPoint","urlTemplate":"https:\/\/www.revistarambla.com\/?s={search_term_string}"},"query-input":{"@type":"PropertyValueSpecification","valueRequired":true,"valueName":"search_term_string"}}],"inLanguage":"en-GB"},{"@type":"Organization","@id":"https:\/\/www.revistarambla.com\/#organization","name":"Revista Rambla","url":"https:\/\/www.revistarambla.com\/","logo":{"@type":"ImageObject","inLanguage":"en-GB","@id":"https:\/\/www.revistarambla.com\/#\/schema\/logo\/image\/","url":"https:\/\/www.revistarambla.com\/wp-content\/uploads\/2020\/09\/banner_rambla_1900x600_BB.png","contentUrl":"https:\/\/www.revistarambla.com\/wp-content\/uploads\/2020\/09\/banner_rambla_1900x600_BB.png","width":1900,"height":600,"caption":"Revista Rambla"},"image":{"@id":"https:\/\/www.revistarambla.com\/#\/schema\/logo\/image\/"},"sameAs":["https:\/\/www.facebook.com\/revistarambla\/","https:\/\/x.com\/revistarambla","https:\/\/www.instagram.com\/revista_rambla","https:\/\/es.linkedin.com\/company\/revista-rambla"]},{"@type":"Person","@id":"https:\/\/www.revistarambla.com\/#\/schema\/person\/9cc1c0f5495c4a6fd189ddd5ba5c5ac5","name":"Estefan\u00eda P\u00e9rez","description":"_"}]}},"_links":{"self":[{"href":"https:\/\/www.revistarambla.com\/en\/wp-json\/wp\/v2\/posts\/763","targetHints":{"allow":["GET"]}}],"collection":[{"href":"https:\/\/www.revistarambla.com\/en\/wp-json\/wp\/v2\/posts"}],"about":[{"href":"https:\/\/www.revistarambla.com\/en\/wp-json\/wp\/v2\/types\/post"}],"author":[{"embeddable":true,"href":"https:\/\/www.revistarambla.com\/en\/wp-json\/wp\/v2\/users\/53"}],"replies":[{"embeddable":true,"href":"https:\/\/www.revistarambla.com\/en\/wp-json\/wp\/v2\/comments?post=763"}],"version-history":[{"count":0,"href":"https:\/\/www.revistarambla.com\/en\/wp-json\/wp\/v2\/posts\/763\/revisions"}],"wp:featuredmedia":[{"embeddable":true,"href":"https:\/\/www.revistarambla.com\/en\/wp-json\/wp\/v2\/media\/19199"}],"wp:attachment":[{"href":"https:\/\/www.revistarambla.com\/en\/wp-json\/wp\/v2\/media?parent=763"}],"wp:term":[{"taxonomy":"category","embeddable":true,"href":"https:\/\/www.revistarambla.com\/en\/wp-json\/wp\/v2\/categories?post=763"},{"taxonomy":"post_tag","embeddable":true,"href":"https:\/\/www.revistarambla.com\/en\/wp-json\/wp\/v2\/tags?post=763"}],"curies":[{"name":"wp","href":"https:\/\/api.w.org\/{rel}","templated":true}]}}