{"id":7460,"date":"2015-06-14T07:55:09","date_gmt":"2015-06-14T07:55:09","guid":{"rendered":"https:\/\/www.revistarambla.com\/cuando-colau-abrio-las-puertas-del-ayuntamiento-de-barcelona\/"},"modified":"2024-05-19T16:46:13","modified_gmt":"2024-05-19T14:46:13","slug":"investidura-colau-2015","status":"publish","type":"post","link":"https:\/\/www.revistarambla.com\/en\/investidura-colau-2015\/","title":{"rendered":"Cuando Colau abri\u00f3 las puertas del Ayuntamiento de Barcelona"},"content":{"rendered":"<p>El que hasta ahora siempre hab\u00eda sido un gris acto protocolar de investidura, este s\u00e1bado se transform\u00f3 en una fiesta a la que cientos de ciudadanos asistieron entusiasmados. En la investidura, Ada Colau tom\u00f3 posesi\u00f3n de su nuevo cargo de alcaldesa de Barcelona ante la expectaci\u00f3n de una plaza llena que tanto vitore\u00f3 sus palabras como abuche\u00f3 las pronunciadas por los representantes de \u201cla vieja pol\u00edtica\u201d.<\/p>\n<h2>Cr\u00f3nica de la investidura Colau 2015<\/h2>\n<p>Los cientos de personas que llenaron la plaza de Sant Jaume este s\u00e1bado en <a href=\"https:\/\/www.revistarambla.com\/en\/actualidad\/barcelona\/\">Barcelona<\/a> han sido testigos del inicio de una nueva historia. Pase lo que pase a partir de ahora, la investidura como alcaldesa de Ada Colau marca un cambio en contenido y forma de lo que hasta hoy se ha querido entender como el gobierno de una ciudad. Para empezar, el hecho ins\u00f3lito de que el pueblo estuviera invitado \u201ca la fiesta\u201d con pantallas gigantes a la puerta del Ayuntamiento y, sobre todo, de\u00a0 que estuviera ilusionado con asistir a ella, hizo correr aires diferentes por una plaza desgastada.<\/p>\n<p><img decoding=\"async\" class=\"aligncenter wp-image-7459 size-full\" src=\"https:\/\/www.revistarambla.com\/wp-content\/uploads\/2015\/06\/Colau_revrambla03.jpg\" alt=\"investidura colau 2015 barcelona plaza sant jaume\" width=\"700\" height=\"450\" srcset=\"https:\/\/www.revistarambla.com\/wp-content\/uploads\/2015\/06\/Colau_revrambla03.jpg 700w, https:\/\/www.revistarambla.com\/wp-content\/uploads\/2015\/06\/Colau_revrambla03-300x193.jpg 300w, https:\/\/www.revistarambla.com\/wp-content\/uploads\/2015\/06\/Colau_revrambla03-500x321.jpg 500w\" sizes=\"(max-width: 700px) 100vw, 700px\" \/><\/p>\n<p>Con inusual expectaci\u00f3n, gente de todas las edades y procedencias, acudi\u00f3 a la cita de un acto protocolar hasta ahora lejano y aburrido. A las cinco de la tarde la n\u00famero uno de la candidatura de unidad popular Barcelona en Com\u00fa (BC) tomaba posesi\u00f3n de su nuevo cargo con los apoyos de los dem\u00e1s partidos de izquierda (Esquerra Republicana, los socialistas y la CUP) y, alcanzando la mayor\u00eda absoluta, pon\u00eda fin a dos semanas de discusiones con republicanos y socialistas, principalmente, en torno a la cuesti\u00f3n soberanista.<\/p>\n<p>En la plaza lo ten\u00edan claro, no m\u00e1s discursos vac\u00edos, no m\u00e1s aguantar a quienes \u201cno nos representan\u201d. Cuando, luego de la votaci\u00f3n y la entrega del bast\u00f3n de mando a Colau, les toc\u00f3 el turno a los representantes de cada grupo del consistorio, la gente escuch\u00f3 solo lo que quer\u00eda escuchar. De las palabras pronunciadas por Alberto Fern\u00e1ndez D\u00edaz, concejal del PP, no se pudo seguir ni una. Los abucheos, los gritos de \u201cmafioso\u201d o \u201cfuera\u201d taparon por completo su larga intervenci\u00f3n. La indiferencia rein\u00f3 mientras hablaba <a href=\"https:\/\/www.revistarambla.com\/en\/un-nuevo-contrato-social-para-barcelona\/\">Jaume Collboni<\/a>, candidato del PSC, y a Carina Mej\u00edas, de Ciutadans, la recibieron nuevamente los silbidos. La cereza del postre lleg\u00f3 con la comparecencia de Xavier Trias, ex alcalde de la ciudad por CIU, a quien no solo nadie quiso o\u00edr sino que como respuesta solo recibi\u00f3 del p\u00fablico el gesto de adi\u00f3s con las manos.<\/p>\n<p>Finalmente, les toc\u00f3 el turno a los portavoces del partido ganador de las elecciones, Barcelona en Com\u00fa, y la plaza volvi\u00f3 a recuperar el entusiasmo y el silencio. <a href=\"https:\/\/www.revistarambla.com\/en\/pisarello-gobernaremos-sin-perder-el-impulso-utopico-que-nos-trajo-hasta-aqui\/\">Gerardo Pisarello<\/a>, quien estar\u00e1 al mando de Trabajo, Econom\u00eda y Planificaci\u00f3n estrat\u00e9gica, fue el encargado de iniciar la intervenci\u00f3n con un discurso que apel\u00f3 a la implicaci\u00f3n ciudadana y al di\u00e1logo entre las distintas fuerzas que a partir de ahora integran el consistorio barcelon\u00e9s. \u201cLa pluralidad que representamos es producto de un aumento de la participaci\u00f3n en todos los barrios y por eso tenemos que mostrar verdadera predisposici\u00f3n a escuchar a los otros\u201d, asegur\u00f3.<\/p>\n<p>Tambi\u00e9n Pisarello hizo hincapi\u00e9 en otro de los puntos fuertes de la \u201cnueva pol\u00edtica\u201d que lleg\u00f3 a las principales ciudades de la mano de candidaturas populares: la transparencia. \u201cLos vecinos ya no quieren tener instituciones opacas que no los escuchan. As\u00ed que trabajaremos por conseguir m\u00e1s democracia pol\u00edtica y econ\u00f3mica, aqu\u00ed dentro de las instituciones y afuera, en las calles, las escuelas, los hospitales\u201d, remarc\u00f3.<\/p>\n<p>No solo los parlamentarios estaban presentes en el emblem\u00e1tico sal\u00f3n Consell de Cent del Ayuntamiento, cientos de entidades sociales y vecinales de la ciudad tambi\u00e9n asistieron a la ceremonia, invitados- en un gesto in\u00e9dito- por la candidatura de Colau en su investidura. \u00abPara nosotros era muy importante que estuviesen aqu\u00ed tanto nuestras autoridades pol\u00edticas como las autoridades sociales. Porque aquellos que defienden el bien com\u00fan en el d\u00eda a d\u00eda son realmente los imprescindibles\u00bb, declar\u00f3 durante su discurso de investidura Colau.<\/p>\n<p>La voz se le quebr\u00f3 durante la investidura a Colau cuando record\u00f3 a una mujer mayor que la abraz\u00f3 en medio de la calle para agradecerle la visibilidad que le hab\u00eda dado a la lucha de las mujeres. La an\u00e9cdota le dio pie para emprender un homenaje a \u201clas mujeres que se han dejado la piel por Barcelona\u201d, como la luchadora antifranquista Emilia Salvo, presente en la sala, y la hist\u00f3rica activista vecinal de la Barceloneta Em\u00edlia Llorca, fallecida en 2009.<\/p>\n<p>La primera alcaldesa en la historia de la capital catalana tambi\u00e9n quiso dejar constancia de sus or\u00edgenes familiares humildes y su pasado de militancia- de los que est\u00e1 \u201cmuy orgullosa\u201d- en respuesta a los desmerecimientos que de parte del resto de candidatos le llovieron durante la campa\u00f1a. \u201cNo somos tan nuevos, tenemos una larga trayectoria\u201d, recalc\u00f3 Colau, recibiendo una fuerte ovaci\u00f3n del p\u00fablico al mencionar su trabajo en las PAH (Plataforma de Afectados por la Hipoteca).<\/p>\n<p>El confeti estall\u00f3 entre la multitud cuando la nueva alcaldesa cruz\u00f3 la plaza Sant Jaume para ir al encuentro de Artur Mas en el Palau de la Generalitat y luego del breve intercambio de prop\u00f3sitos volvi\u00f3 a invadir el pasillo por donde ella y su equipo pas\u00f3 para ocupar la esquina en la que Colau dio su \u00faltimo discurso de la jornada. En \u00e9l repiti\u00f3 mucho de lo expresado dentro del consistorio pero a\u00f1adi\u00f3 un aspecto antes omitido y que, sin embargo, es de vital importancia a la hora de explicar su auge en las urnas: \u201cla empat\u00eda\u201d. Eso es lo que ella le pedir\u00eda a una alcaldesa si ahora mismo no lo fuera y eso es lo que muchos de sus seguidores le agradecen. \u201cBasta de pol\u00edticos de espaldas a la ciudadan\u00eda\u201d, declar\u00f3.<\/p>\n<p>Del mismo modo que Manuela Carmena en su toma de posesi\u00f3n en Madrid, en la investidura, Colau puso \u00e9nfasis en la necesidad de un trabajo colectivo y en su voluntad de cumplir lo que ya es todo un lema para la \u201cnueva pol\u00edtica\u201d en Espa\u00f1a: \u00abmandar obedeciendo\u00bb. \u00abEstamos aqu\u00ed para que nunca m\u00e1s haya ciudadanos de primera y de segunda\u00bb, recalc\u00f3 la flamante alcaldesa y termin\u00f3 record\u00e1ndoles muy seriamente a los barceloneses: \u201cEchadnos si no hacemos lo que hemos prometido\u00bb.<\/p>\n<p>D\u00eda de fiesta para algunos y de luto para otros. En los municipios que durante m\u00e1s de veinte a\u00f1os control\u00f3 el PP, un acto que hasta ahora hab\u00eda pasado sin pena ni gloria- la investidura de los nuevos alcaldes- se transform\u00f3 en una gala que nadie se quiso perder.\u00a0 Con cobertura especial de los medios en todos las ciudades y miles de personas siguiendo las juras en pantallas gigantes a las puertas de los ayuntamientos, el solemne protocolo cobr\u00f3 un cariz espectacular. Y es que nadie duda de que se trata de un momento hist\u00f3rico para la pol\u00edtica espa\u00f1ola, ni los que llegan ni los que se van. \u00abLa esperanza y la ilusi\u00f3n entran hoy en los ayuntamientos\u00bb, declar\u00f3 Pablo Iglesias durante la asunci\u00f3n de Manuela Carmena en Madrid. \u00abVamos a tener una nueva alcaldesa que nos va a hacer recuperar la dignidad\u00bb, asegur\u00f3 este s\u00e1bado el secretario general de Podemos a su llegada al Consistorio, donde tambi\u00e9n afirm\u00f3 que dirigentes como Ana Botella, Rita Barber\u00e1 y Esperanza Aguirre \u00abforman parte del pasado\u00bb.<\/p>","protected":false},"excerpt":{"rendered":"<p>El que hasta ahora siempre hab\u00eda sido un gris acto protocolar de investidura, este s\u00e1bado se transform\u00f3 en una fiesta a la que cientos de ciudadanos asistieron entusiasmados. En la investidura, Ada Colau tom\u00f3 posesi\u00f3n de su nuevo cargo de alcaldesa de Barcelona ante la expectaci\u00f3n de una plaza llena [&hellip;]<\/p>\n","protected":false},"author":3,"featured_media":7458,"comment_status":"open","ping_status":"open","sticky":false,"template":"","format":"standard","meta":{"footnotes":""},"categories":[76],"tags":[],"class_list":["post-7460","post","type-post","status-publish","format-standard","has-post-thumbnail","hentry","category-barcelona"],"yoast_head":"<!-- This site is optimized with the Yoast SEO plugin v27.5 - https:\/\/yoast.com\/product\/yoast-seo-wordpress\/ -->\n<title>Investidura Colau 2015: las puertas quedan abiertas<\/title>\n<meta name=\"description\" content=\"En la investidura, Ada Colau tom\u00f3 posesi\u00f3n del cargo de alcaldesa de Barcelona ante la expectaci\u00f3n de una plaza llena la vitore\u00f3.\" \/>\n<meta name=\"robots\" content=\"index, follow, max-snippet:-1, max-image-preview:large, max-video-preview:-1\" \/>\n<link rel=\"canonical\" href=\"https:\/\/www.revistarambla.com\/en\/investidura-colau-2015\/\" \/>\n<meta property=\"og:locale\" content=\"en_GB\" \/>\n<meta property=\"og:type\" content=\"article\" \/>\n<meta property=\"og:title\" content=\"Investidura Colau 2015: las puertas quedan abiertas\" \/>\n<meta property=\"og:description\" content=\"En la investidura, Ada Colau tom\u00f3 posesi\u00f3n del cargo de alcaldesa de Barcelona ante la expectaci\u00f3n de una plaza llena la vitore\u00f3.\" \/>\n<meta property=\"og:url\" content=\"https:\/\/www.revistarambla.com\/en\/investidura-colau-2015\/\" \/>\n<meta property=\"og:site_name\" content=\"Revista Rambla\" \/>\n<meta property=\"article:publisher\" content=\"https:\/\/www.facebook.com\/revistarambla\/\" \/>\n<meta property=\"article:author\" content=\"https:\/\/www.facebook.com\/revistarambla\" \/>\n<meta property=\"article:published_time\" content=\"2015-06-14T07:55:09+00:00\" \/>\n<meta property=\"article:modified_time\" content=\"2024-05-19T14:46:13+00:00\" \/>\n<meta property=\"og:image\" content=\"https:\/\/www.revistarambla.com\/wp-content\/uploads\/2015\/06\/Colau_revrambla02.jpg\" \/>\n\t<meta property=\"og:image:width\" content=\"700\" \/>\n\t<meta property=\"og:image:height\" content=\"450\" \/>\n\t<meta property=\"og:image:type\" content=\"image\/jpeg\" \/>\n<meta name=\"author\" content=\"R@mbla\" \/>\n<meta name=\"twitter:card\" content=\"summary_large_image\" \/>\n<meta name=\"twitter:creator\" content=\"@revistarambla\" \/>\n<meta name=\"twitter:site\" content=\"@revistarambla\" \/>\n<meta name=\"twitter:label1\" content=\"Written by\" \/>\n\t<meta name=\"twitter:data1\" content=\"R@mbla\" \/>\n\t<meta name=\"twitter:label2\" content=\"Estimated reading time\" \/>\n\t<meta name=\"twitter:data2\" content=\"6 minutes\" \/>\n<script type=\"application\/ld+json\" class=\"yoast-schema-graph\">{\"@context\":\"https:\\\/\\\/schema.org\",\"@graph\":[{\"@type\":\"Article\",\"@id\":\"https:\\\/\\\/www.revistarambla.com\\\/investidura-colau-2015\\\/#article\",\"isPartOf\":{\"@id\":\"https:\\\/\\\/www.revistarambla.com\\\/investidura-colau-2015\\\/\"},\"author\":{\"name\":\"R@mbla\",\"@id\":\"https:\\\/\\\/www.revistarambla.com\\\/#\\\/schema\\\/person\\\/a146a5a2550b94981a75131180e1bd9c\"},\"headline\":\"Cuando Colau abri\u00f3 las puertas del Ayuntamiento de Barcelona\",\"datePublished\":\"2015-06-14T07:55:09+00:00\",\"dateModified\":\"2024-05-19T14:46:13+00:00\",\"mainEntityOfPage\":{\"@id\":\"https:\\\/\\\/www.revistarambla.com\\\/investidura-colau-2015\\\/\"},\"wordCount\":1287,\"commentCount\":0,\"publisher\":{\"@id\":\"https:\\\/\\\/www.revistarambla.com\\\/#organization\"},\"image\":{\"@id\":\"https:\\\/\\\/www.revistarambla.com\\\/investidura-colau-2015\\\/#primaryimage\"},\"thumbnailUrl\":\"https:\\\/\\\/www.revistarambla.com\\\/wp-content\\\/uploads\\\/2015\\\/06\\\/Colau_revrambla02.jpg\",\"articleSection\":[\"Barcelona\"],\"inLanguage\":\"en-GB\",\"potentialAction\":[{\"@type\":\"CommentAction\",\"name\":\"Comment\",\"target\":[\"https:\\\/\\\/www.revistarambla.com\\\/investidura-colau-2015\\\/#respond\"]}]},{\"@type\":\"WebPage\",\"@id\":\"https:\\\/\\\/www.revistarambla.com\\\/investidura-colau-2015\\\/\",\"url\":\"https:\\\/\\\/www.revistarambla.com\\\/investidura-colau-2015\\\/\",\"name\":\"Investidura Colau 2015: las puertas quedan abiertas\",\"isPartOf\":{\"@id\":\"https:\\\/\\\/www.revistarambla.com\\\/#website\"},\"primaryImageOfPage\":{\"@id\":\"https:\\\/\\\/www.revistarambla.com\\\/investidura-colau-2015\\\/#primaryimage\"},\"image\":{\"@id\":\"https:\\\/\\\/www.revistarambla.com\\\/investidura-colau-2015\\\/#primaryimage\"},\"thumbnailUrl\":\"https:\\\/\\\/www.revistarambla.com\\\/wp-content\\\/uploads\\\/2015\\\/06\\\/Colau_revrambla02.jpg\",\"datePublished\":\"2015-06-14T07:55:09+00:00\",\"dateModified\":\"2024-05-19T14:46:13+00:00\",\"description\":\"En la investidura, Ada Colau tom\u00f3 posesi\u00f3n del cargo de alcaldesa de Barcelona ante la expectaci\u00f3n de una plaza llena la vitore\u00f3.\",\"breadcrumb\":{\"@id\":\"https:\\\/\\\/www.revistarambla.com\\\/investidura-colau-2015\\\/#breadcrumb\"},\"inLanguage\":\"en-GB\",\"potentialAction\":[{\"@type\":\"ReadAction\",\"target\":[\"https:\\\/\\\/www.revistarambla.com\\\/investidura-colau-2015\\\/\"]}]},{\"@type\":\"ImageObject\",\"inLanguage\":\"en-GB\",\"@id\":\"https:\\\/\\\/www.revistarambla.com\\\/investidura-colau-2015\\\/#primaryimage\",\"url\":\"https:\\\/\\\/www.revistarambla.com\\\/wp-content\\\/uploads\\\/2015\\\/06\\\/Colau_revrambla02.jpg\",\"contentUrl\":\"https:\\\/\\\/www.revistarambla.com\\\/wp-content\\\/uploads\\\/2015\\\/06\\\/Colau_revrambla02.jpg\",\"width\":700,\"height\":450,\"caption\":\"investidura colau 2015 barcelona plaza sant jaume\"},{\"@type\":\"BreadcrumbList\",\"@id\":\"https:\\\/\\\/www.revistarambla.com\\\/investidura-colau-2015\\\/#breadcrumb\",\"itemListElement\":[{\"@type\":\"ListItem\",\"position\":1,\"name\":\"Portada\",\"item\":\"https:\\\/\\\/www.revistarambla.com\\\/\"},{\"@type\":\"ListItem\",\"position\":2,\"name\":\"Cuando Colau abri\u00f3 las puertas del Ayuntamiento de Barcelona\"}]},{\"@type\":\"WebSite\",\"@id\":\"https:\\\/\\\/www.revistarambla.com\\\/#website\",\"url\":\"https:\\\/\\\/www.revistarambla.com\\\/\",\"name\":\"Revista Rambla Barcelona\",\"description\":\"Periodismo independiente\",\"publisher\":{\"@id\":\"https:\\\/\\\/www.revistarambla.com\\\/#organization\"},\"potentialAction\":[{\"@type\":\"SearchAction\",\"target\":{\"@type\":\"EntryPoint\",\"urlTemplate\":\"https:\\\/\\\/www.revistarambla.com\\\/?s={search_term_string}\"},\"query-input\":{\"@type\":\"PropertyValueSpecification\",\"valueRequired\":true,\"valueName\":\"search_term_string\"}}],\"inLanguage\":\"en-GB\"},{\"@type\":\"Organization\",\"@id\":\"https:\\\/\\\/www.revistarambla.com\\\/#organization\",\"name\":\"Revista Rambla\",\"url\":\"https:\\\/\\\/www.revistarambla.com\\\/\",\"logo\":{\"@type\":\"ImageObject\",\"inLanguage\":\"en-GB\",\"@id\":\"https:\\\/\\\/www.revistarambla.com\\\/#\\\/schema\\\/logo\\\/image\\\/\",\"url\":\"https:\\\/\\\/www.revistarambla.com\\\/wp-content\\\/uploads\\\/2020\\\/09\\\/banner_rambla_1900x600_BB.png\",\"contentUrl\":\"https:\\\/\\\/www.revistarambla.com\\\/wp-content\\\/uploads\\\/2020\\\/09\\\/banner_rambla_1900x600_BB.png\",\"width\":1900,\"height\":600,\"caption\":\"Revista Rambla\"},\"image\":{\"@id\":\"https:\\\/\\\/www.revistarambla.com\\\/#\\\/schema\\\/logo\\\/image\\\/\"},\"sameAs\":[\"https:\\\/\\\/www.facebook.com\\\/revistarambla\\\/\",\"https:\\\/\\\/x.com\\\/revistarambla\",\"https:\\\/\\\/www.instagram.com\\\/revista_rambla\",\"https:\\\/\\\/es.linkedin.com\\\/company\\\/revista-rambla\"]},{\"@type\":\"Person\",\"@id\":\"https:\\\/\\\/www.revistarambla.com\\\/#\\\/schema\\\/person\\\/a146a5a2550b94981a75131180e1bd9c\",\"name\":\"R@mbla\",\"description\":\"Este art\u00edculo ha sido redactado y\\\/o validado por el equipo de redacci\u00f3n de Revista Rambla.\",\"sameAs\":[\"https:\\\/\\\/www.revistarambla.com\\\/\",\"https:\\\/\\\/www.facebook.com\\\/revistarambla\",\"https:\\\/\\\/x.com\\\/revistarambla\"]}]}<\/script>\n<!-- \/ Yoast SEO plugin. -->","yoast_head_json":{"title":"Investidura Colau 2015: las puertas quedan abiertas","description":"En la investidura, Ada Colau tom\u00f3 posesi\u00f3n del cargo de alcaldesa de Barcelona ante la expectaci\u00f3n de una plaza llena la vitore\u00f3.","robots":{"index":"index","follow":"follow","max-snippet":"max-snippet:-1","max-image-preview":"max-image-preview:large","max-video-preview":"max-video-preview:-1"},"canonical":"https:\/\/www.revistarambla.com\/en\/investidura-colau-2015\/","og_locale":"en_GB","og_type":"article","og_title":"Investidura Colau 2015: las puertas quedan abiertas","og_description":"En la investidura, Ada Colau tom\u00f3 posesi\u00f3n del cargo de alcaldesa de Barcelona ante la expectaci\u00f3n de una plaza llena la vitore\u00f3.","og_url":"https:\/\/www.revistarambla.com\/en\/investidura-colau-2015\/","og_site_name":"Revista Rambla","article_publisher":"https:\/\/www.facebook.com\/revistarambla\/","article_author":"https:\/\/www.facebook.com\/revistarambla","article_published_time":"2015-06-14T07:55:09+00:00","article_modified_time":"2024-05-19T14:46:13+00:00","og_image":[{"width":700,"height":450,"url":"https:\/\/www.revistarambla.com\/wp-content\/uploads\/2015\/06\/Colau_revrambla02.jpg","type":"image\/jpeg"}],"author":"R@mbla","twitter_card":"summary_large_image","twitter_creator":"@revistarambla","twitter_site":"@revistarambla","twitter_misc":{"Written by":"R@mbla","Estimated reading time":"6 minutes"},"schema":{"@context":"https:\/\/schema.org","@graph":[{"@type":"Article","@id":"https:\/\/www.revistarambla.com\/investidura-colau-2015\/#article","isPartOf":{"@id":"https:\/\/www.revistarambla.com\/investidura-colau-2015\/"},"author":{"name":"R@mbla","@id":"https:\/\/www.revistarambla.com\/#\/schema\/person\/a146a5a2550b94981a75131180e1bd9c"},"headline":"Cuando Colau abri\u00f3 las puertas del Ayuntamiento de Barcelona","datePublished":"2015-06-14T07:55:09+00:00","dateModified":"2024-05-19T14:46:13+00:00","mainEntityOfPage":{"@id":"https:\/\/www.revistarambla.com\/investidura-colau-2015\/"},"wordCount":1287,"commentCount":0,"publisher":{"@id":"https:\/\/www.revistarambla.com\/#organization"},"image":{"@id":"https:\/\/www.revistarambla.com\/investidura-colau-2015\/#primaryimage"},"thumbnailUrl":"https:\/\/www.revistarambla.com\/wp-content\/uploads\/2015\/06\/Colau_revrambla02.jpg","articleSection":["Barcelona"],"inLanguage":"en-GB","potentialAction":[{"@type":"CommentAction","name":"Comment","target":["https:\/\/www.revistarambla.com\/investidura-colau-2015\/#respond"]}]},{"@type":"WebPage","@id":"https:\/\/www.revistarambla.com\/investidura-colau-2015\/","url":"https:\/\/www.revistarambla.com\/investidura-colau-2015\/","name":"Investidura Colau 2015: las puertas quedan abiertas","isPartOf":{"@id":"https:\/\/www.revistarambla.com\/#website"},"primaryImageOfPage":{"@id":"https:\/\/www.revistarambla.com\/investidura-colau-2015\/#primaryimage"},"image":{"@id":"https:\/\/www.revistarambla.com\/investidura-colau-2015\/#primaryimage"},"thumbnailUrl":"https:\/\/www.revistarambla.com\/wp-content\/uploads\/2015\/06\/Colau_revrambla02.jpg","datePublished":"2015-06-14T07:55:09+00:00","dateModified":"2024-05-19T14:46:13+00:00","description":"En la investidura, Ada Colau tom\u00f3 posesi\u00f3n del cargo de alcaldesa de Barcelona ante la expectaci\u00f3n de una plaza llena la vitore\u00f3.","breadcrumb":{"@id":"https:\/\/www.revistarambla.com\/investidura-colau-2015\/#breadcrumb"},"inLanguage":"en-GB","potentialAction":[{"@type":"ReadAction","target":["https:\/\/www.revistarambla.com\/investidura-colau-2015\/"]}]},{"@type":"ImageObject","inLanguage":"en-GB","@id":"https:\/\/www.revistarambla.com\/investidura-colau-2015\/#primaryimage","url":"https:\/\/www.revistarambla.com\/wp-content\/uploads\/2015\/06\/Colau_revrambla02.jpg","contentUrl":"https:\/\/www.revistarambla.com\/wp-content\/uploads\/2015\/06\/Colau_revrambla02.jpg","width":700,"height":450,"caption":"investidura colau 2015 barcelona plaza sant jaume"},{"@type":"BreadcrumbList","@id":"https:\/\/www.revistarambla.com\/investidura-colau-2015\/#breadcrumb","itemListElement":[{"@type":"ListItem","position":1,"name":"Portada","item":"https:\/\/www.revistarambla.com\/"},{"@type":"ListItem","position":2,"name":"Cuando Colau abri\u00f3 las puertas del Ayuntamiento de Barcelona"}]},{"@type":"WebSite","@id":"https:\/\/www.revistarambla.com\/#website","url":"https:\/\/www.revistarambla.com\/","name":"Revista Rambla Barcelona","description":"Periodismo independiente","publisher":{"@id":"https:\/\/www.revistarambla.com\/#organization"},"potentialAction":[{"@type":"SearchAction","target":{"@type":"EntryPoint","urlTemplate":"https:\/\/www.revistarambla.com\/?s={search_term_string}"},"query-input":{"@type":"PropertyValueSpecification","valueRequired":true,"valueName":"search_term_string"}}],"inLanguage":"en-GB"},{"@type":"Organization","@id":"https:\/\/www.revistarambla.com\/#organization","name":"Revista Rambla","url":"https:\/\/www.revistarambla.com\/","logo":{"@type":"ImageObject","inLanguage":"en-GB","@id":"https:\/\/www.revistarambla.com\/#\/schema\/logo\/image\/","url":"https:\/\/www.revistarambla.com\/wp-content\/uploads\/2020\/09\/banner_rambla_1900x600_BB.png","contentUrl":"https:\/\/www.revistarambla.com\/wp-content\/uploads\/2020\/09\/banner_rambla_1900x600_BB.png","width":1900,"height":600,"caption":"Revista Rambla"},"image":{"@id":"https:\/\/www.revistarambla.com\/#\/schema\/logo\/image\/"},"sameAs":["https:\/\/www.facebook.com\/revistarambla\/","https:\/\/x.com\/revistarambla","https:\/\/www.instagram.com\/revista_rambla","https:\/\/es.linkedin.com\/company\/revista-rambla"]},{"@type":"Person","@id":"https:\/\/www.revistarambla.com\/#\/schema\/person\/a146a5a2550b94981a75131180e1bd9c","name":"R@mbla","description":"Este art\u00edculo ha sido redactado y\/o validado por el equipo de redacci\u00f3n de Revista Rambla.","sameAs":["https:\/\/www.revistarambla.com\/","https:\/\/www.facebook.com\/revistarambla","https:\/\/x.com\/revistarambla"]}]}},"_links":{"self":[{"href":"https:\/\/www.revistarambla.com\/en\/wp-json\/wp\/v2\/posts\/7460","targetHints":{"allow":["GET"]}}],"collection":[{"href":"https:\/\/www.revistarambla.com\/en\/wp-json\/wp\/v2\/posts"}],"about":[{"href":"https:\/\/www.revistarambla.com\/en\/wp-json\/wp\/v2\/types\/post"}],"author":[{"embeddable":true,"href":"https:\/\/www.revistarambla.com\/en\/wp-json\/wp\/v2\/users\/3"}],"replies":[{"embeddable":true,"href":"https:\/\/www.revistarambla.com\/en\/wp-json\/wp\/v2\/comments?post=7460"}],"version-history":[{"count":2,"href":"https:\/\/www.revistarambla.com\/en\/wp-json\/wp\/v2\/posts\/7460\/revisions"}],"predecessor-version":[{"id":60415,"href":"https:\/\/www.revistarambla.com\/en\/wp-json\/wp\/v2\/posts\/7460\/revisions\/60415"}],"wp:featuredmedia":[{"embeddable":true,"href":"https:\/\/www.revistarambla.com\/en\/wp-json\/wp\/v2\/media\/7458"}],"wp:attachment":[{"href":"https:\/\/www.revistarambla.com\/en\/wp-json\/wp\/v2\/media?parent=7460"}],"wp:term":[{"taxonomy":"category","embeddable":true,"href":"https:\/\/www.revistarambla.com\/en\/wp-json\/wp\/v2\/categories?post=7460"},{"taxonomy":"post_tag","embeddable":true,"href":"https:\/\/www.revistarambla.com\/en\/wp-json\/wp\/v2\/tags?post=7460"}],"curies":[{"name":"wp","href":"https:\/\/api.w.org\/{rel}","templated":true}]}}