{"id":731,"date":"2011-01-21T10:13:06","date_gmt":"2011-01-21T10:13:06","guid":{"rendered":"https:\/\/www.revistarambla.com\/cent-anys-danarcosindicalisme-hasta-el-15-de-febrero-en-el-museo-de-historia-de-catalunya\/"},"modified":"2021-05-23T17:51:15","modified_gmt":"2021-05-23T15:51:15","slug":"cent-anys-danarcosindicalisme-hasta-el-15-de-febrero-en-el-museo-de-historia-de-catalunya","status":"publish","type":"post","link":"https:\/\/www.revistarambla.com\/en\/cent-anys-danarcosindicalisme-hasta-el-15-de-febrero-en-el-museo-de-historia-de-catalunya\/","title":{"rendered":"Cien a\u00f1os de anarcosindicalismo en el Museo de Historia de Catalunya"},"content":{"rendered":"<figure id=\"attachment_19655\" aria-describedby=\"caption-attachment-19655\" style=\"width: 224px\" class=\"wp-caption alignright\"><a href=\"https:\/\/www.revistarambla.com\/wp-content\/uploads\/2011\/01\/Salvador_Segui_CNT.jpg\"><img decoding=\"async\" class=\"wp-image-19655 size-medium\" src=\"https:\/\/www.revistarambla.com\/wp-content\/uploads\/2011\/01\/Salvador_Segui_CNT-224x300.jpg\" alt=\"anarcosindicalismo\" width=\"224\" height=\"300\" srcset=\"https:\/\/www.revistarambla.com\/wp-content\/uploads\/2011\/01\/Salvador_Segui_CNT-224x300.jpg 224w, https:\/\/www.revistarambla.com\/wp-content\/uploads\/2011\/01\/Salvador_Segui_CNT-768x1029.jpg 768w, https:\/\/www.revistarambla.com\/wp-content\/uploads\/2011\/01\/Salvador_Segui_CNT-765x1024.jpg 765w, https:\/\/www.revistarambla.com\/wp-content\/uploads\/2011\/01\/Salvador_Segui_CNT-500x670.jpg 500w, https:\/\/www.revistarambla.com\/wp-content\/uploads\/2011\/01\/Salvador_Segui_CNT-423x566.jpg 423w, https:\/\/www.revistarambla.com\/wp-content\/uploads\/2011\/01\/Salvador_Segui_CNT-323x433.jpg 323w, https:\/\/www.revistarambla.com\/wp-content\/uploads\/2011\/01\/Salvador_Segui_CNT-228x305.jpg 228w, https:\/\/www.revistarambla.com\/wp-content\/uploads\/2011\/01\/Salvador_Segui_CNT.jpg 828w\" sizes=\"(max-width: 224px) 100vw, 224px\" \/><\/a><figcaption id=\"caption-attachment-19655\" class=\"wp-caption-text\">Salvador Segu\u00ed (CNT).<\/figcaption><\/figure>\n<p>Hasta el 15 de febrero podr\u00e1 visitarse, en el <a href=\"http:\/\/www.mhcat.cat\/\">Museo de Historia de Catalunya<\/a>, la exposici\u00f3n sobre el centenario del anarcosindicalismo ib\u00e9rico, a cargo de la <strong>Fundaci\u00f3 Salvador Segu\u00ed<\/strong> (FSS) y de la <strong>Confederaci\u00f3n General del Trabajo<\/strong> (CGT), en colaboraci\u00f3n con el Museo de Historia de Catalunya. El 30 de octubre de 1910, en la Sala de les Bellas Artes (donde actualmente se encuentran los juzgados frente al parque de la Ciutadela), en Barcelona, se fund\u00f3 la Confederaci\u00f3n Nacional del Trabajo (CNT), que resultar\u00eda ser el mayor sindicato obrero de todo el estado espa\u00f1ol antes de la victoria fascista, as\u00ed como la mayor v\u00edctima silenciada de la transici\u00f3n democr\u00e1tica (o, en los t\u00e9rminos m\u00e1s rigurosos de Xavier Diez, de la segunda restauraci\u00f3n borb\u00f3nica).<\/p>\n<p>El pasado 18 de enero se present\u00f3 en sociedad el cat\u00e1logo de la exposici\u00f3n, acto en el que los presentes escucharon los parlamentos del flamante y honorable <em>Conseller de Cultura, <\/em>Ferran Mascarell; del director del Museo de Historia de Catalunya, el Sr. Agust\u00ed Alcoberro; y, por \u00faltimo, del actual secretario general de la CGT, el Sr. Jacinto Ceacero. En primer lugar, tom\u00f3 la palabra el Sr. Agust\u00ed Alcoberro, que en calidad de director del museo, precis\u00f3 lo necesaria que era la exposici\u00f3n, justific\u00e1ndola por la importancia principal que en el pasado desempe\u00f1\u00f3 la CNT en la sociedad catalana. A continuaci\u00f3n, el secretario general de la CGT comenz\u00f3 alabando el cat\u00e1logo de la exposici\u00f3n, valorando de ese modo el trabajo de los investigadores de la FSS y de la CGT que ha permitido recabar todo el material con criterios historiogr\u00e1ficos. El espacio de la exposici\u00f3n no es precisamente grande, y por ello la selecci\u00f3n de material ha debido ser un trabajo correoso. Sin embargo, el mayor acento de su discurso se dirigi\u00f3 a la importancia, no exclusivamente pasada sino profundamente actual, del anarcosindicalismo frente a las injusticias y desigualdes sociales; un anarcosindicalismo, seg\u00fan Ceacero, basado en el apoyo m\u00fatuo en contraposici\u00f3n a la competitividad neoliberal. Es decir: el presente del anarcosindicalismo no se encuentra entre las cuatro paredes de un museo, sino en las calles. Para concluir sus declaraciones, el Sr. Jacinto Ceacero no quiso desaprovechar la oportunidad de denunciar que el movimiento libertario ha sido injustamente calumniado, denigrado y relegado a la m\u00e1s inmunda de entre todas las pestes sociales.<\/p>\n<p>Por \u00faltimo, cierto murmullo bien disimulado acompa\u00f1\u00f3 al <em>Conseller de Cultura <\/em>antes de iniciar su intervenci\u00f3n. Cuando se confirm\u00f3 la presencia del <em>conseller <\/em>Mascarell, en m\u00e1s de una cara se dibuj\u00f3 una sonrisa desencajada por el estupor. La sonrisa que, por ejemplo, aparece cuando, en televisi\u00f3n, uno observa el anuncio de una petrolera lleno de im\u00e1genes buc\u00f3licas: ni\u00f1os riendo, p\u00e1jaros que vuelan alto, praderas verdes con cielos azules y despejados. Es el estupor de contemplar lo impensable.<\/p>\n<p>Por su parte, el <em>conseller <\/em>Mascarell, ajeno a todo esto -como, por otra parte, se le supone al cargo-, ten\u00eda un semblante relajado y distendido. En su parlamento, tuvo a bien incluso hacer chanza del busto de Bakunin que ten\u00eda a escasos dos metros, y que, seg\u00fan el <em>conseller<\/em> Mascarell, le observaba con gesto severo. En cuanto al contenido de su discurso, el <em>conseller de Cultura<\/em> del <em>govern <\/em>de Artur Mas defendi\u00f3 que un pa\u00eds no tiene una memoria en exclusiva, sino varias, y recuperar la relevancia hist\u00f3rica del anarcosindicalismo obedece a hacer justicia con una de estas memorias. As\u00ed, de este simp\u00e1tico modo, se logra la cuadratura del c\u00edrculo: que convivan la memoria de los vencedores junto a la de los desahuciados, cada uno, por supuesto, en su correspondiente parcela de entre las m\u00faltiples memorias colectivas. En cualquier caso, y para no someter la presencia, ni las palabras, del <em>conseller de Cultura<\/em> a un examen en exceso riguroso -con suficiente severidad le juzg\u00f3 el busto de Bakunin-, hay que se\u00f1alar que este <em>conseller de Cultura<\/em> ha mostrado un <em>esp\u00edritu an\u00e1rquico<\/em> nada desde\u00f1anable, esto es: su total insumisi\u00f3n y falta de compromiso con las siglas de un partido pol\u00edtico. Menos es nada.<\/p>","protected":false},"excerpt":{"rendered":"<p>Hasta el 15 de febrero podr\u00e1 visitarse, en el Museo de Historia de Catalunya, la exposici\u00f3n sobre el centenario del anarcosindicalismo ib\u00e9rico, a cargo de la Fundaci\u00f3 Salvador Segu\u00ed (FSS) y de la Confederaci\u00f3n General del Trabajo (CGT), en colaboraci\u00f3n con el Museo de Historia de Catalunya. El 30 de [&hellip;]<\/p>\n","protected":false},"author":1,"featured_media":19655,"comment_status":"open","ping_status":"open","sticky":false,"template":"","format":"standard","meta":{"footnotes":""},"categories":[4],"tags":[],"class_list":["post-731","post","type-post","status-publish","format-standard","has-post-thumbnail","hentry","category-cultura"],"yoast_head":"<!-- This site is optimized with the Yoast SEO plugin v27.5 - https:\/\/yoast.com\/product\/yoast-seo-wordpress\/ -->\n<title>Cien a\u00f1os de anarcosindicalismo en el Museo de His... - Revista Rambla<\/title>\n<meta name=\"description\" content=\"La exposici\u00f3n sobre el centenario del anarcosindicalismo ib\u00e9rico, a cargo de la Fundaci\u00f3 Salvador Segu\u00ed (FSS) y de la Confederaci\u00f3n General del Trabajo.\" \/>\n<meta name=\"robots\" content=\"index, follow, max-snippet:-1, max-image-preview:large, max-video-preview:-1\" \/>\n<link rel=\"canonical\" href=\"https:\/\/www.revistarambla.com\/en\/cent-anys-danarcosindicalisme-hasta-el-15-de-febrero-en-el-museo-de-historia-de-catalunya\/\" \/>\n<meta property=\"og:locale\" content=\"en_GB\" \/>\n<meta property=\"og:type\" content=\"article\" \/>\n<meta property=\"og:title\" content=\"Cien a\u00f1os de anarcosindicalismo en el Museo de His... - Revista Rambla\" \/>\n<meta property=\"og:description\" content=\"La exposici\u00f3n sobre el centenario del anarcosindicalismo ib\u00e9rico, a cargo de la Fundaci\u00f3 Salvador Segu\u00ed (FSS) y de la Confederaci\u00f3n General del Trabajo.\" \/>\n<meta property=\"og:url\" content=\"https:\/\/www.revistarambla.com\/en\/cent-anys-danarcosindicalisme-hasta-el-15-de-febrero-en-el-museo-de-historia-de-catalunya\/\" \/>\n<meta property=\"og:site_name\" content=\"Revista Rambla\" \/>\n<meta property=\"article:publisher\" content=\"https:\/\/www.facebook.com\/revistarambla\/\" \/>\n<meta property=\"article:published_time\" content=\"2011-01-21T10:13:06+00:00\" \/>\n<meta property=\"article:modified_time\" content=\"2021-05-23T15:51:15+00:00\" \/>\n<meta property=\"og:image\" content=\"https:\/\/i0.wp.com\/www.revistarambla.com\/wp-content\/uploads\/2011\/01\/Salvador_Segui_CNT.jpg?fit=828%2C1109&ssl=1\" \/>\n\t<meta property=\"og:image:width\" content=\"828\" \/>\n\t<meta property=\"og:image:height\" content=\"1109\" \/>\n\t<meta property=\"og:image:type\" content=\"image\/jpeg\" \/>\n<meta name=\"author\" content=\"Joan Pere N.\" \/>\n<meta name=\"twitter:card\" content=\"summary_large_image\" \/>\n<meta name=\"twitter:creator\" content=\"@revistarambla\" \/>\n<meta name=\"twitter:site\" content=\"@revistarambla\" \/>\n<meta name=\"twitter:label1\" content=\"Written by\" \/>\n\t<meta name=\"twitter:data1\" content=\"Joan Pere N.\" \/>\n\t<meta name=\"twitter:label2\" content=\"Estimated reading time\" \/>\n\t<meta name=\"twitter:data2\" content=\"4 minutes\" \/>\n<script type=\"application\/ld+json\" class=\"yoast-schema-graph\">{\"@context\":\"https:\\\/\\\/schema.org\",\"@graph\":[{\"@type\":\"Article\",\"@id\":\"https:\\\/\\\/www.revistarambla.com\\\/cent-anys-danarcosindicalisme-hasta-el-15-de-febrero-en-el-museo-de-historia-de-catalunya\\\/#article\",\"isPartOf\":{\"@id\":\"https:\\\/\\\/www.revistarambla.com\\\/cent-anys-danarcosindicalisme-hasta-el-15-de-febrero-en-el-museo-de-historia-de-catalunya\\\/\"},\"author\":{\"name\":\"Joan Pere N.\",\"@id\":\"https:\\\/\\\/www.revistarambla.com\\\/#\\\/schema\\\/person\\\/4a5652fc8c82df1f8593002d038cd79e\"},\"headline\":\"Cien a\u00f1os de anarcosindicalismo en el Museo de Historia de Catalunya\",\"datePublished\":\"2011-01-21T10:13:06+00:00\",\"dateModified\":\"2021-05-23T15:51:15+00:00\",\"mainEntityOfPage\":{\"@id\":\"https:\\\/\\\/www.revistarambla.com\\\/cent-anys-danarcosindicalisme-hasta-el-15-de-febrero-en-el-museo-de-historia-de-catalunya\\\/\"},\"wordCount\":729,\"commentCount\":0,\"publisher\":{\"@id\":\"https:\\\/\\\/www.revistarambla.com\\\/#organization\"},\"image\":{\"@id\":\"https:\\\/\\\/www.revistarambla.com\\\/cent-anys-danarcosindicalisme-hasta-el-15-de-febrero-en-el-museo-de-historia-de-catalunya\\\/#primaryimage\"},\"thumbnailUrl\":\"https:\\\/\\\/www.revistarambla.com\\\/wp-content\\\/uploads\\\/2011\\\/01\\\/Salvador_Segui_CNT.jpg\",\"articleSection\":[\"Cultura\"],\"inLanguage\":\"en-GB\",\"potentialAction\":[{\"@type\":\"CommentAction\",\"name\":\"Comment\",\"target\":[\"https:\\\/\\\/www.revistarambla.com\\\/cent-anys-danarcosindicalisme-hasta-el-15-de-febrero-en-el-museo-de-historia-de-catalunya\\\/#respond\"]}]},{\"@type\":\"WebPage\",\"@id\":\"https:\\\/\\\/www.revistarambla.com\\\/cent-anys-danarcosindicalisme-hasta-el-15-de-febrero-en-el-museo-de-historia-de-catalunya\\\/\",\"url\":\"https:\\\/\\\/www.revistarambla.com\\\/cent-anys-danarcosindicalisme-hasta-el-15-de-febrero-en-el-museo-de-historia-de-catalunya\\\/\",\"name\":\"Cien a\u00f1os de anarcosindicalismo en el Museo de His... - Revista Rambla\",\"isPartOf\":{\"@id\":\"https:\\\/\\\/www.revistarambla.com\\\/#website\"},\"primaryImageOfPage\":{\"@id\":\"https:\\\/\\\/www.revistarambla.com\\\/cent-anys-danarcosindicalisme-hasta-el-15-de-febrero-en-el-museo-de-historia-de-catalunya\\\/#primaryimage\"},\"image\":{\"@id\":\"https:\\\/\\\/www.revistarambla.com\\\/cent-anys-danarcosindicalisme-hasta-el-15-de-febrero-en-el-museo-de-historia-de-catalunya\\\/#primaryimage\"},\"thumbnailUrl\":\"https:\\\/\\\/www.revistarambla.com\\\/wp-content\\\/uploads\\\/2011\\\/01\\\/Salvador_Segui_CNT.jpg\",\"datePublished\":\"2011-01-21T10:13:06+00:00\",\"dateModified\":\"2021-05-23T15:51:15+00:00\",\"description\":\"La exposici\u00f3n sobre el centenario del anarcosindicalismo ib\u00e9rico, a cargo de la Fundaci\u00f3 Salvador Segu\u00ed (FSS) y de la Confederaci\u00f3n General del Trabajo.\",\"breadcrumb\":{\"@id\":\"https:\\\/\\\/www.revistarambla.com\\\/cent-anys-danarcosindicalisme-hasta-el-15-de-febrero-en-el-museo-de-historia-de-catalunya\\\/#breadcrumb\"},\"inLanguage\":\"en-GB\",\"potentialAction\":[{\"@type\":\"ReadAction\",\"target\":[\"https:\\\/\\\/www.revistarambla.com\\\/cent-anys-danarcosindicalisme-hasta-el-15-de-febrero-en-el-museo-de-historia-de-catalunya\\\/\"]}]},{\"@type\":\"ImageObject\",\"inLanguage\":\"en-GB\",\"@id\":\"https:\\\/\\\/www.revistarambla.com\\\/cent-anys-danarcosindicalisme-hasta-el-15-de-febrero-en-el-museo-de-historia-de-catalunya\\\/#primaryimage\",\"url\":\"https:\\\/\\\/www.revistarambla.com\\\/wp-content\\\/uploads\\\/2011\\\/01\\\/Salvador_Segui_CNT.jpg\",\"contentUrl\":\"https:\\\/\\\/www.revistarambla.com\\\/wp-content\\\/uploads\\\/2011\\\/01\\\/Salvador_Segui_CNT.jpg\",\"width\":828,\"height\":1109,\"caption\":\"Salvador Segu\u00ed (CNT).\"},{\"@type\":\"BreadcrumbList\",\"@id\":\"https:\\\/\\\/www.revistarambla.com\\\/cent-anys-danarcosindicalisme-hasta-el-15-de-febrero-en-el-museo-de-historia-de-catalunya\\\/#breadcrumb\",\"itemListElement\":[{\"@type\":\"ListItem\",\"position\":1,\"name\":\"Portada\",\"item\":\"https:\\\/\\\/www.revistarambla.com\\\/\"},{\"@type\":\"ListItem\",\"position\":2,\"name\":\"Cien a\u00f1os de anarcosindicalismo en el Museo de Historia de Catalunya\"}]},{\"@type\":\"WebSite\",\"@id\":\"https:\\\/\\\/www.revistarambla.com\\\/#website\",\"url\":\"https:\\\/\\\/www.revistarambla.com\\\/\",\"name\":\"Revista Rambla Barcelona\",\"description\":\"Periodismo independiente\",\"publisher\":{\"@id\":\"https:\\\/\\\/www.revistarambla.com\\\/#organization\"},\"potentialAction\":[{\"@type\":\"SearchAction\",\"target\":{\"@type\":\"EntryPoint\",\"urlTemplate\":\"https:\\\/\\\/www.revistarambla.com\\\/?s={search_term_string}\"},\"query-input\":{\"@type\":\"PropertyValueSpecification\",\"valueRequired\":true,\"valueName\":\"search_term_string\"}}],\"inLanguage\":\"en-GB\"},{\"@type\":\"Organization\",\"@id\":\"https:\\\/\\\/www.revistarambla.com\\\/#organization\",\"name\":\"Revista Rambla\",\"url\":\"https:\\\/\\\/www.revistarambla.com\\\/\",\"logo\":{\"@type\":\"ImageObject\",\"inLanguage\":\"en-GB\",\"@id\":\"https:\\\/\\\/www.revistarambla.com\\\/#\\\/schema\\\/logo\\\/image\\\/\",\"url\":\"https:\\\/\\\/www.revistarambla.com\\\/wp-content\\\/uploads\\\/2020\\\/09\\\/banner_rambla_1900x600_BB.png\",\"contentUrl\":\"https:\\\/\\\/www.revistarambla.com\\\/wp-content\\\/uploads\\\/2020\\\/09\\\/banner_rambla_1900x600_BB.png\",\"width\":1900,\"height\":600,\"caption\":\"Revista Rambla\"},\"image\":{\"@id\":\"https:\\\/\\\/www.revistarambla.com\\\/#\\\/schema\\\/logo\\\/image\\\/\"},\"sameAs\":[\"https:\\\/\\\/www.facebook.com\\\/revistarambla\\\/\",\"https:\\\/\\\/x.com\\\/revistarambla\",\"https:\\\/\\\/www.instagram.com\\\/revista_rambla\",\"https:\\\/\\\/es.linkedin.com\\\/company\\\/revista-rambla\"]},{\"@type\":\"Person\",\"@id\":\"https:\\\/\\\/www.revistarambla.com\\\/#\\\/schema\\\/person\\\/4a5652fc8c82df1f8593002d038cd79e\",\"name\":\"Joan Pere N.\"}]}<\/script>\n<!-- \/ Yoast SEO plugin. -->","yoast_head_json":{"title":"Cien a\u00f1os de anarcosindicalismo en el Museo de His... - Revista Rambla","description":"La exposici\u00f3n sobre el centenario del anarcosindicalismo ib\u00e9rico, a cargo de la Fundaci\u00f3 Salvador Segu\u00ed (FSS) y de la Confederaci\u00f3n General del Trabajo.","robots":{"index":"index","follow":"follow","max-snippet":"max-snippet:-1","max-image-preview":"max-image-preview:large","max-video-preview":"max-video-preview:-1"},"canonical":"https:\/\/www.revistarambla.com\/en\/cent-anys-danarcosindicalisme-hasta-el-15-de-febrero-en-el-museo-de-historia-de-catalunya\/","og_locale":"en_GB","og_type":"article","og_title":"Cien a\u00f1os de anarcosindicalismo en el Museo de His... - Revista Rambla","og_description":"La exposici\u00f3n sobre el centenario del anarcosindicalismo ib\u00e9rico, a cargo de la Fundaci\u00f3 Salvador Segu\u00ed (FSS) y de la Confederaci\u00f3n General del Trabajo.","og_url":"https:\/\/www.revistarambla.com\/en\/cent-anys-danarcosindicalisme-hasta-el-15-de-febrero-en-el-museo-de-historia-de-catalunya\/","og_site_name":"Revista Rambla","article_publisher":"https:\/\/www.facebook.com\/revistarambla\/","article_published_time":"2011-01-21T10:13:06+00:00","article_modified_time":"2021-05-23T15:51:15+00:00","og_image":[{"width":828,"height":1109,"url":"https:\/\/i0.wp.com\/www.revistarambla.com\/wp-content\/uploads\/2011\/01\/Salvador_Segui_CNT.jpg?fit=828%2C1109&ssl=1","type":"image\/jpeg"}],"author":"Joan Pere N.","twitter_card":"summary_large_image","twitter_creator":"@revistarambla","twitter_site":"@revistarambla","twitter_misc":{"Written by":"Joan Pere N.","Estimated reading time":"4 minutes"},"schema":{"@context":"https:\/\/schema.org","@graph":[{"@type":"Article","@id":"https:\/\/www.revistarambla.com\/cent-anys-danarcosindicalisme-hasta-el-15-de-febrero-en-el-museo-de-historia-de-catalunya\/#article","isPartOf":{"@id":"https:\/\/www.revistarambla.com\/cent-anys-danarcosindicalisme-hasta-el-15-de-febrero-en-el-museo-de-historia-de-catalunya\/"},"author":{"name":"Joan Pere N.","@id":"https:\/\/www.revistarambla.com\/#\/schema\/person\/4a5652fc8c82df1f8593002d038cd79e"},"headline":"Cien a\u00f1os de anarcosindicalismo en el Museo de Historia de Catalunya","datePublished":"2011-01-21T10:13:06+00:00","dateModified":"2021-05-23T15:51:15+00:00","mainEntityOfPage":{"@id":"https:\/\/www.revistarambla.com\/cent-anys-danarcosindicalisme-hasta-el-15-de-febrero-en-el-museo-de-historia-de-catalunya\/"},"wordCount":729,"commentCount":0,"publisher":{"@id":"https:\/\/www.revistarambla.com\/#organization"},"image":{"@id":"https:\/\/www.revistarambla.com\/cent-anys-danarcosindicalisme-hasta-el-15-de-febrero-en-el-museo-de-historia-de-catalunya\/#primaryimage"},"thumbnailUrl":"https:\/\/www.revistarambla.com\/wp-content\/uploads\/2011\/01\/Salvador_Segui_CNT.jpg","articleSection":["Cultura"],"inLanguage":"en-GB","potentialAction":[{"@type":"CommentAction","name":"Comment","target":["https:\/\/www.revistarambla.com\/cent-anys-danarcosindicalisme-hasta-el-15-de-febrero-en-el-museo-de-historia-de-catalunya\/#respond"]}]},{"@type":"WebPage","@id":"https:\/\/www.revistarambla.com\/cent-anys-danarcosindicalisme-hasta-el-15-de-febrero-en-el-museo-de-historia-de-catalunya\/","url":"https:\/\/www.revistarambla.com\/cent-anys-danarcosindicalisme-hasta-el-15-de-febrero-en-el-museo-de-historia-de-catalunya\/","name":"Cien a\u00f1os de anarcosindicalismo en el Museo de His... - Revista Rambla","isPartOf":{"@id":"https:\/\/www.revistarambla.com\/#website"},"primaryImageOfPage":{"@id":"https:\/\/www.revistarambla.com\/cent-anys-danarcosindicalisme-hasta-el-15-de-febrero-en-el-museo-de-historia-de-catalunya\/#primaryimage"},"image":{"@id":"https:\/\/www.revistarambla.com\/cent-anys-danarcosindicalisme-hasta-el-15-de-febrero-en-el-museo-de-historia-de-catalunya\/#primaryimage"},"thumbnailUrl":"https:\/\/www.revistarambla.com\/wp-content\/uploads\/2011\/01\/Salvador_Segui_CNT.jpg","datePublished":"2011-01-21T10:13:06+00:00","dateModified":"2021-05-23T15:51:15+00:00","description":"La exposici\u00f3n sobre el centenario del anarcosindicalismo ib\u00e9rico, a cargo de la Fundaci\u00f3 Salvador Segu\u00ed (FSS) y de la Confederaci\u00f3n General del Trabajo.","breadcrumb":{"@id":"https:\/\/www.revistarambla.com\/cent-anys-danarcosindicalisme-hasta-el-15-de-febrero-en-el-museo-de-historia-de-catalunya\/#breadcrumb"},"inLanguage":"en-GB","potentialAction":[{"@type":"ReadAction","target":["https:\/\/www.revistarambla.com\/cent-anys-danarcosindicalisme-hasta-el-15-de-febrero-en-el-museo-de-historia-de-catalunya\/"]}]},{"@type":"ImageObject","inLanguage":"en-GB","@id":"https:\/\/www.revistarambla.com\/cent-anys-danarcosindicalisme-hasta-el-15-de-febrero-en-el-museo-de-historia-de-catalunya\/#primaryimage","url":"https:\/\/www.revistarambla.com\/wp-content\/uploads\/2011\/01\/Salvador_Segui_CNT.jpg","contentUrl":"https:\/\/www.revistarambla.com\/wp-content\/uploads\/2011\/01\/Salvador_Segui_CNT.jpg","width":828,"height":1109,"caption":"Salvador Segu\u00ed (CNT)."},{"@type":"BreadcrumbList","@id":"https:\/\/www.revistarambla.com\/cent-anys-danarcosindicalisme-hasta-el-15-de-febrero-en-el-museo-de-historia-de-catalunya\/#breadcrumb","itemListElement":[{"@type":"ListItem","position":1,"name":"Portada","item":"https:\/\/www.revistarambla.com\/"},{"@type":"ListItem","position":2,"name":"Cien a\u00f1os de anarcosindicalismo en el Museo de Historia de Catalunya"}]},{"@type":"WebSite","@id":"https:\/\/www.revistarambla.com\/#website","url":"https:\/\/www.revistarambla.com\/","name":"Revista Rambla Barcelona","description":"Periodismo independiente","publisher":{"@id":"https:\/\/www.revistarambla.com\/#organization"},"potentialAction":[{"@type":"SearchAction","target":{"@type":"EntryPoint","urlTemplate":"https:\/\/www.revistarambla.com\/?s={search_term_string}"},"query-input":{"@type":"PropertyValueSpecification","valueRequired":true,"valueName":"search_term_string"}}],"inLanguage":"en-GB"},{"@type":"Organization","@id":"https:\/\/www.revistarambla.com\/#organization","name":"Revista Rambla","url":"https:\/\/www.revistarambla.com\/","logo":{"@type":"ImageObject","inLanguage":"en-GB","@id":"https:\/\/www.revistarambla.com\/#\/schema\/logo\/image\/","url":"https:\/\/www.revistarambla.com\/wp-content\/uploads\/2020\/09\/banner_rambla_1900x600_BB.png","contentUrl":"https:\/\/www.revistarambla.com\/wp-content\/uploads\/2020\/09\/banner_rambla_1900x600_BB.png","width":1900,"height":600,"caption":"Revista Rambla"},"image":{"@id":"https:\/\/www.revistarambla.com\/#\/schema\/logo\/image\/"},"sameAs":["https:\/\/www.facebook.com\/revistarambla\/","https:\/\/x.com\/revistarambla","https:\/\/www.instagram.com\/revista_rambla","https:\/\/es.linkedin.com\/company\/revista-rambla"]},{"@type":"Person","@id":"https:\/\/www.revistarambla.com\/#\/schema\/person\/4a5652fc8c82df1f8593002d038cd79e","name":"Joan Pere N."}]}},"_links":{"self":[{"href":"https:\/\/www.revistarambla.com\/en\/wp-json\/wp\/v2\/posts\/731","targetHints":{"allow":["GET"]}}],"collection":[{"href":"https:\/\/www.revistarambla.com\/en\/wp-json\/wp\/v2\/posts"}],"about":[{"href":"https:\/\/www.revistarambla.com\/en\/wp-json\/wp\/v2\/types\/post"}],"author":[{"embeddable":true,"href":"https:\/\/www.revistarambla.com\/en\/wp-json\/wp\/v2\/users\/1"}],"replies":[{"embeddable":true,"href":"https:\/\/www.revistarambla.com\/en\/wp-json\/wp\/v2\/comments?post=731"}],"version-history":[{"count":0,"href":"https:\/\/www.revistarambla.com\/en\/wp-json\/wp\/v2\/posts\/731\/revisions"}],"wp:featuredmedia":[{"embeddable":true,"href":"https:\/\/www.revistarambla.com\/en\/wp-json\/wp\/v2\/media\/19655"}],"wp:attachment":[{"href":"https:\/\/www.revistarambla.com\/en\/wp-json\/wp\/v2\/media?parent=731"}],"wp:term":[{"taxonomy":"category","embeddable":true,"href":"https:\/\/www.revistarambla.com\/en\/wp-json\/wp\/v2\/categories?post=731"},{"taxonomy":"post_tag","embeddable":true,"href":"https:\/\/www.revistarambla.com\/en\/wp-json\/wp\/v2\/tags?post=731"}],"curies":[{"name":"wp","href":"https:\/\/api.w.org\/{rel}","templated":true}]}}