{"id":729,"date":"2011-01-17T12:27:37","date_gmt":"2011-01-17T11:27:37","guid":{"rendered":"https:\/\/www.revistarambla.com\/los-tripulantes-se-oponen-al-recorte-de-marineros-en-los-remolcadores\/"},"modified":"2021-12-10T16:28:53","modified_gmt":"2021-12-10T15:28:53","slug":"los-tripulantes-se-oponen-al-recorte-de-marineros-en-los-remolcadores","status":"publish","type":"post","link":"https:\/\/www.revistarambla.com\/en\/los-tripulantes-se-oponen-al-recorte-de-marineros-en-los-remolcadores\/","title":{"rendered":"Los remolcadores se oponen al recorte de tripulantes"},"content":{"rendered":"<p><a href=\"https:\/\/www.revistarambla.com\/wp-content\/uploads\/2011\/01\/remolcadores 2.jpg\"><img decoding=\"async\" class=\"aligncenter wp-image-727 size-full\" style=\"width: 550px; height: 330px;\" src=\"https:\/\/www.revistarambla.com\/wp-content\/uploads\/2011\/01\/remolcadores 2.jpg\" alt=\"Los remolcadores se oponen al recorte de tripulantes\" width=\"550\" height=\"330\" srcset=\"https:\/\/www.revistarambla.com\/wp-content\/uploads\/2011\/01\/remolcadores%202.jpg 550w, https:\/\/www.revistarambla.com\/wp-content\/uploads\/2011\/01\/remolcadores%202-300x180.jpg 300w, https:\/\/www.revistarambla.com\/wp-content\/uploads\/2011\/01\/remolcadores%202-500x300.jpg 500w\" sizes=\"(max-width: 550px) 100vw, 550px\" \/><\/a><\/p>\n<p>No est\u00e1n dispuestos a permitir que las m\u00e1quinas sustituyan al hombre. Y llegar\u00e1n hasta d\u00f3nde sea necesario para evitarlo. As\u00ed de tajantes se expresaron los remolcadores de la Confederaci\u00f3n General del Trabajo (CGT) respecto al Proyecto de Real Decreto presentado por la Direcci\u00f3n General de la Marina Mercante, cuyo prop\u00f3sito ser\u00eda el de reducir la tripulaci\u00f3n de los remolques de tres a dos tripulantes.<\/p>\n<p>Representantes de varios sindicatos estatales, entre ellos CGT, constituyeron el pasado mes de diciembre una plataforma con el objetivo de evitar que se lleve a cabo esta propuesta del Ministerio de Fomento.<\/p>\n<p>El principal argumento de su protesta, aseguran los representantes de CGT en Barcelona, es la seguridad, que seg\u00fan ellos disminuir\u00eda notablemente en caso de que se haga efectiva la medida presentada por el Gobierno.<\/p>\n<p>Enrique Pecero Navarro, mec\u00e1nico mayor naval de Marina Mercante, y miembro de una de las empresas de remolques que operan en el <a href=\"http:\/\/www.portdebarcelona.cat\/es_ES\/\">Puerto de Barcelona<\/a> mostr\u00f3 su firme oposici\u00f3n a la propuesta: \u201cConsideramos, como profesionales del sector, que es completamente inviable que, en el d\u00eda a d\u00eda, los remolcadores puedan desempe\u00f1ar sus funciones siendo s\u00f3lo dos tripulantes. Mucho menos ante cualquier emergencia, en la que tres tripulantes ya pueden ser insuficientes.<\/p>\n<p>Los remolcadores, cuyas jornadas laborales son de 24 horas seguidas, con una o dos jornadas de descanso seg\u00fan los acuerdos de cada empresa y trabajador, argumentan que la labor de cada uno de los tres tripulantes de un remolque \u2013mec\u00e1nico, patr\u00f3n y marinero- es imprescindible para el correcto desarrollo de su objetivo en las zonas portuarias.<\/p>\n<h3><strong>Medidas contradictorias<\/strong><\/h3>\n<p><a href=\"https:\/\/www.revistarambla.com\/wp-content\/uploads\/2011\/01\/remolcadores 3.jpg\"><img decoding=\"async\" class=\"alignright\" src=\"https:\/\/www.revistarambla.com\/wp-content\/uploads\/2011\/01\/remolcadores 3.jpg\" alt=\"Los remolcadores se oponen al recorte de tripulantes\" width=\"405\" height=\"259\" \/><\/a>Seg\u00fan Milton Daniel Nars, tambi\u00e9n miembro de CGT y patr\u00f3n mayor de cabotaje, la cuesti\u00f3n es que se est\u00e1 enfrentando el potencial tecnol\u00f3gico con la capacidad del ser humano.<\/p>\n<p>\u201cNos quieren sustituir, pero aunque existan robots, no podr\u00e1n hacer lo que hacemos nosotros\u201d, asegura Nars.<\/p>\n<p>A su parecer, la propuesta gubernamental se basa \u201cen la idea de la m\u00e1quina desatendida\u201d, puesto que \u201cconsideran que el mec\u00e1nico puede estar arriba en cubierta, mientras la m\u00e1quina se encarga de alertar a los tripulantes a trav\u00e9s de sistemas sensores y alarmas de cualquier fallo t\u00e9cnico\u201d.<\/p>\n<p>Sin embargo, apunta este patr\u00f3n de remolque, \u201clo que no tienen en cuenta es que el mec\u00e1nico tiene que estar continuamente subiendo y bajando para controlar la m\u00e1quina y resetearla cada vez que es necesario\u201d.<\/p>\n<p>Muy similar es la postura de Pecero, quien afirma que \u201clo que es contradictorio es que estemos en constante formaci\u00f3n, y todo referente a seguridad, para que luego el Ministerio de Fomento nos quite a un tripulante. No se trata s\u00f3lo de un puesto de trabajo, se trata de seguridad\u201d.<\/p>\n<p>Los remolques portuarios, que no s\u00f3lo realizan maniobras con embarcaciones con contenedores, petr\u00f3leo, o gas, tambi\u00e9n llevan a cabo operaciones antiincendios, o de salvamento en caso de emergencias.<\/p>\n<p>Nars afirma que es \u201cel mismo puerto el que exige cada vez m\u00e1s seguridad\u201d y pone e siguiente ejemplo: \u201csi viene un barco cargado de gas, que para mantener el gas liquido necesita que est\u00e9 a una temperatura de -150 grados, la organizaci\u00f3n mar\u00edtima internacional obliga a que la embarcaci\u00f3n lance un cable porque ante una situaci\u00f3n de emergencia, en la que podr\u00eda volar por los aires media Barcelona, el remolque lo enganche y lo aparte del puerto. Un hombre s\u00f3lo en cubierta no puede hacer todo este trabajo. \u00bfC\u00f3mo quieren que cumplamos la normativa?\u201d, se pregunta.<\/p>\n<h3><strong>Hasta el final<\/strong><\/h3>\n<p>El primer objetivo de la nueva plataforma de sindicatos es poder entablar di\u00e1logo con el Ministerio de Fomento para frenar la propuesta de Ley. En caso de que el organismo no considere la plataforma sindical como un interlocutor v\u00e1lido entre el Gobierno y los remolcadores, los representantes sindicales est\u00e1n dispuestos a llegar hasta el final. Lo que supondr\u00eda movilizaciones y no s\u00f3lo eso, si no tambi\u00e9n huelga general del sector.<\/p>\n<p>\u201cLa gente vive muy de espaldas al mar, por desconocimiento\u201d, observa Nars, al mismo tiempo que recuerda la importancia de su labor para la sostenibilidad de la sociedad.<\/p>\n<p>En un di\u00e1logo distendido, comparan lo que podr\u00eda llegar a ser su huelga con la reciente huelga de controladores que llevo al Gobierno a decretar el primer estado de Alarma desde el inicio de la era democr\u00e1tica.<\/p>\n<p>\u201cNosotros no cobramos tanto dinero\u201d- se r\u00eden- y en un tono m\u00e1s serio, vuelven a recordar que su protesta es por una cuesti\u00f3n de seguridad, tanto de los tripulantes, que tambi\u00e9n realizan maniobras de emergencia y colaboran con cuerpos como el de Bomberos, como para los mismos ciudadanos, que padecer\u00edan las consecuencias de un fallo por no tener suficientes recursos humanos para resolver una situaci\u00f3n de este tipo.<\/p>","protected":false},"excerpt":{"rendered":"<p>No est\u00e1n dispuestos a permitir que las m\u00e1quinas sustituyan al hombre. Y llegar\u00e1n hasta d\u00f3nde sea necesario para evitarlo. As\u00ed de tajantes se expresaron los remolcadores de la Confederaci\u00f3n General del Trabajo (CGT) respecto al Proyecto de Real Decreto presentado por la Direcci\u00f3n General de la Marina Mercante, cuyo prop\u00f3sito [&hellip;]<\/p>\n","protected":false},"author":50,"featured_media":0,"comment_status":"open","ping_status":"open","sticky":false,"template":"","format":"standard","meta":{"footnotes":""},"categories":[3,76],"tags":[],"class_list":["post-729","post","type-post","status-publish","format-standard","hentry","category-actualidad","category-barcelona"],"yoast_head":"<!-- This site is optimized with the Yoast SEO plugin v27.5 - https:\/\/yoast.com\/product\/yoast-seo-wordpress\/ -->\n<title>Los remolcadores se oponen al recorte de tripulantes - Revista Rambla<\/title>\n<meta name=\"description\" content=\"As\u00ed de tajantes se expresaron los remolcadores de la Confederaci\u00f3n General del Trabajo (CGT) respecto al Proyecto de Real Decreto presentado por la Direc...\" \/>\n<meta name=\"robots\" content=\"index, follow, max-snippet:-1, max-image-preview:large, max-video-preview:-1\" \/>\n<link rel=\"canonical\" href=\"https:\/\/www.revistarambla.com\/en\/los-tripulantes-se-oponen-al-recorte-de-marineros-en-los-remolcadores\/\" \/>\n<meta property=\"og:locale\" content=\"en_GB\" \/>\n<meta property=\"og:type\" content=\"article\" \/>\n<meta property=\"og:title\" content=\"Los remolcadores se oponen al recorte de tripulantes - Revista Rambla\" \/>\n<meta property=\"og:description\" content=\"As\u00ed de tajantes se expresaron los remolcadores de la Confederaci\u00f3n General del Trabajo (CGT) respecto al Proyecto de Real Decreto presentado por la Direc...\" \/>\n<meta property=\"og:url\" content=\"https:\/\/www.revistarambla.com\/en\/los-tripulantes-se-oponen-al-recorte-de-marineros-en-los-remolcadores\/\" \/>\n<meta property=\"og:site_name\" content=\"Revista Rambla\" \/>\n<meta property=\"article:publisher\" content=\"https:\/\/www.facebook.com\/revistarambla\/\" \/>\n<meta property=\"article:author\" content=\"https:\/\/www.facebook.com\/dalia.rajmil.bonet\" \/>\n<meta property=\"article:published_time\" content=\"2011-01-17T11:27:37+00:00\" \/>\n<meta property=\"article:modified_time\" content=\"2021-12-10T15:28:53+00:00\" \/>\n<meta property=\"og:image\" content=\"https:\/\/www.revistarambla.com\/wp-content\/uploads\/2011\/01\/remolcadores%201.jpg\" \/>\n\t<meta property=\"og:image:width\" content=\"250\" \/>\n\t<meta property=\"og:image:height\" content=\"154\" \/>\n\t<meta property=\"og:image:type\" content=\"image\/jpeg\" \/>\n<meta name=\"author\" content=\"D\u00e0lia Rajmil Bonet\" \/>\n<meta name=\"twitter:card\" content=\"summary_large_image\" \/>\n<meta name=\"twitter:creator\" content=\"@DaliaRBonet\" \/>\n<meta name=\"twitter:site\" content=\"@revistarambla\" \/>\n<meta name=\"twitter:label1\" content=\"Written by\" \/>\n\t<meta name=\"twitter:data1\" content=\"D\u00e0lia Rajmil Bonet\" \/>\n\t<meta name=\"twitter:label2\" content=\"Estimated reading time\" \/>\n\t<meta name=\"twitter:data2\" content=\"4 minutes\" \/>\n<script type=\"application\/ld+json\" class=\"yoast-schema-graph\">{\"@context\":\"https:\\\/\\\/schema.org\",\"@graph\":[{\"@type\":\"Article\",\"@id\":\"https:\\\/\\\/www.revistarambla.com\\\/los-tripulantes-se-oponen-al-recorte-de-marineros-en-los-remolcadores\\\/#article\",\"isPartOf\":{\"@id\":\"https:\\\/\\\/www.revistarambla.com\\\/los-tripulantes-se-oponen-al-recorte-de-marineros-en-los-remolcadores\\\/\"},\"author\":{\"name\":\"D\u00e0lia Rajmil Bonet\",\"@id\":\"https:\\\/\\\/www.revistarambla.com\\\/#\\\/schema\\\/person\\\/3c7b2f2256c480da1165c0d9de1133da\"},\"headline\":\"Los remolcadores se oponen al recorte de tripulantes\",\"datePublished\":\"2011-01-17T11:27:37+00:00\",\"dateModified\":\"2021-12-10T15:28:53+00:00\",\"mainEntityOfPage\":{\"@id\":\"https:\\\/\\\/www.revistarambla.com\\\/los-tripulantes-se-oponen-al-recorte-de-marineros-en-los-remolcadores\\\/\"},\"wordCount\":837,\"commentCount\":0,\"publisher\":{\"@id\":\"https:\\\/\\\/www.revistarambla.com\\\/#organization\"},\"articleSection\":[\"Actualidad\",\"Barcelona\"],\"inLanguage\":\"en-GB\",\"potentialAction\":[{\"@type\":\"CommentAction\",\"name\":\"Comment\",\"target\":[\"https:\\\/\\\/www.revistarambla.com\\\/los-tripulantes-se-oponen-al-recorte-de-marineros-en-los-remolcadores\\\/#respond\"]}]},{\"@type\":\"WebPage\",\"@id\":\"https:\\\/\\\/www.revistarambla.com\\\/los-tripulantes-se-oponen-al-recorte-de-marineros-en-los-remolcadores\\\/\",\"url\":\"https:\\\/\\\/www.revistarambla.com\\\/los-tripulantes-se-oponen-al-recorte-de-marineros-en-los-remolcadores\\\/\",\"name\":\"Los remolcadores se oponen al recorte de tripulantes - Revista Rambla\",\"isPartOf\":{\"@id\":\"https:\\\/\\\/www.revistarambla.com\\\/#website\"},\"datePublished\":\"2011-01-17T11:27:37+00:00\",\"dateModified\":\"2021-12-10T15:28:53+00:00\",\"description\":\"As\u00ed de tajantes se expresaron los remolcadores de la Confederaci\u00f3n General del Trabajo (CGT) respecto al Proyecto de Real Decreto presentado por la Direc...\",\"breadcrumb\":{\"@id\":\"https:\\\/\\\/www.revistarambla.com\\\/los-tripulantes-se-oponen-al-recorte-de-marineros-en-los-remolcadores\\\/#breadcrumb\"},\"inLanguage\":\"en-GB\",\"potentialAction\":[{\"@type\":\"ReadAction\",\"target\":[\"https:\\\/\\\/www.revistarambla.com\\\/los-tripulantes-se-oponen-al-recorte-de-marineros-en-los-remolcadores\\\/\"]}]},{\"@type\":\"BreadcrumbList\",\"@id\":\"https:\\\/\\\/www.revistarambla.com\\\/los-tripulantes-se-oponen-al-recorte-de-marineros-en-los-remolcadores\\\/#breadcrumb\",\"itemListElement\":[{\"@type\":\"ListItem\",\"position\":1,\"name\":\"Portada\",\"item\":\"https:\\\/\\\/www.revistarambla.com\\\/\"},{\"@type\":\"ListItem\",\"position\":2,\"name\":\"Los remolcadores se oponen al recorte de tripulantes\"}]},{\"@type\":\"WebSite\",\"@id\":\"https:\\\/\\\/www.revistarambla.com\\\/#website\",\"url\":\"https:\\\/\\\/www.revistarambla.com\\\/\",\"name\":\"Revista Rambla Barcelona\",\"description\":\"Periodismo independiente\",\"publisher\":{\"@id\":\"https:\\\/\\\/www.revistarambla.com\\\/#organization\"},\"potentialAction\":[{\"@type\":\"SearchAction\",\"target\":{\"@type\":\"EntryPoint\",\"urlTemplate\":\"https:\\\/\\\/www.revistarambla.com\\\/?s={search_term_string}\"},\"query-input\":{\"@type\":\"PropertyValueSpecification\",\"valueRequired\":true,\"valueName\":\"search_term_string\"}}],\"inLanguage\":\"en-GB\"},{\"@type\":\"Organization\",\"@id\":\"https:\\\/\\\/www.revistarambla.com\\\/#organization\",\"name\":\"Revista Rambla\",\"url\":\"https:\\\/\\\/www.revistarambla.com\\\/\",\"logo\":{\"@type\":\"ImageObject\",\"inLanguage\":\"en-GB\",\"@id\":\"https:\\\/\\\/www.revistarambla.com\\\/#\\\/schema\\\/logo\\\/image\\\/\",\"url\":\"https:\\\/\\\/www.revistarambla.com\\\/wp-content\\\/uploads\\\/2020\\\/09\\\/banner_rambla_1900x600_BB.png\",\"contentUrl\":\"https:\\\/\\\/www.revistarambla.com\\\/wp-content\\\/uploads\\\/2020\\\/09\\\/banner_rambla_1900x600_BB.png\",\"width\":1900,\"height\":600,\"caption\":\"Revista Rambla\"},\"image\":{\"@id\":\"https:\\\/\\\/www.revistarambla.com\\\/#\\\/schema\\\/logo\\\/image\\\/\"},\"sameAs\":[\"https:\\\/\\\/www.facebook.com\\\/revistarambla\\\/\",\"https:\\\/\\\/x.com\\\/revistarambla\",\"https:\\\/\\\/www.instagram.com\\\/revista_rambla\",\"https:\\\/\\\/es.linkedin.com\\\/company\\\/revista-rambla\"]},{\"@type\":\"Person\",\"@id\":\"https:\\\/\\\/www.revistarambla.com\\\/#\\\/schema\\\/person\\\/3c7b2f2256c480da1165c0d9de1133da\",\"name\":\"D\u00e0lia Rajmil Bonet\",\"description\":\"_\",\"sameAs\":[\"https:\\\/\\\/www.facebook.com\\\/dalia.rajmil.bonet\",\"https:\\\/\\\/x.com\\\/DaliaRBonet\"]}]}<\/script>\n<!-- \/ Yoast SEO plugin. -->","yoast_head_json":{"title":"Los remolcadores se oponen al recorte de tripulantes - Revista Rambla","description":"As\u00ed de tajantes se expresaron los remolcadores de la Confederaci\u00f3n General del Trabajo (CGT) respecto al Proyecto de Real Decreto presentado por la Direc...","robots":{"index":"index","follow":"follow","max-snippet":"max-snippet:-1","max-image-preview":"max-image-preview:large","max-video-preview":"max-video-preview:-1"},"canonical":"https:\/\/www.revistarambla.com\/en\/los-tripulantes-se-oponen-al-recorte-de-marineros-en-los-remolcadores\/","og_locale":"en_GB","og_type":"article","og_title":"Los remolcadores se oponen al recorte de tripulantes - Revista Rambla","og_description":"As\u00ed de tajantes se expresaron los remolcadores de la Confederaci\u00f3n General del Trabajo (CGT) respecto al Proyecto de Real Decreto presentado por la Direc...","og_url":"https:\/\/www.revistarambla.com\/en\/los-tripulantes-se-oponen-al-recorte-de-marineros-en-los-remolcadores\/","og_site_name":"Revista Rambla","article_publisher":"https:\/\/www.facebook.com\/revistarambla\/","article_author":"https:\/\/www.facebook.com\/dalia.rajmil.bonet","article_published_time":"2011-01-17T11:27:37+00:00","article_modified_time":"2021-12-10T15:28:53+00:00","og_image":[{"width":250,"height":154,"url":"https:\/\/www.revistarambla.com\/wp-content\/uploads\/2011\/01\/remolcadores 1.jpg","type":"image\/jpeg"}],"author":"D\u00e0lia Rajmil Bonet","twitter_card":"summary_large_image","twitter_creator":"@DaliaRBonet","twitter_site":"@revistarambla","twitter_misc":{"Written by":"D\u00e0lia Rajmil Bonet","Estimated reading time":"4 minutes"},"schema":{"@context":"https:\/\/schema.org","@graph":[{"@type":"Article","@id":"https:\/\/www.revistarambla.com\/los-tripulantes-se-oponen-al-recorte-de-marineros-en-los-remolcadores\/#article","isPartOf":{"@id":"https:\/\/www.revistarambla.com\/los-tripulantes-se-oponen-al-recorte-de-marineros-en-los-remolcadores\/"},"author":{"name":"D\u00e0lia Rajmil Bonet","@id":"https:\/\/www.revistarambla.com\/#\/schema\/person\/3c7b2f2256c480da1165c0d9de1133da"},"headline":"Los remolcadores se oponen al recorte de tripulantes","datePublished":"2011-01-17T11:27:37+00:00","dateModified":"2021-12-10T15:28:53+00:00","mainEntityOfPage":{"@id":"https:\/\/www.revistarambla.com\/los-tripulantes-se-oponen-al-recorte-de-marineros-en-los-remolcadores\/"},"wordCount":837,"commentCount":0,"publisher":{"@id":"https:\/\/www.revistarambla.com\/#organization"},"articleSection":["Actualidad","Barcelona"],"inLanguage":"en-GB","potentialAction":[{"@type":"CommentAction","name":"Comment","target":["https:\/\/www.revistarambla.com\/los-tripulantes-se-oponen-al-recorte-de-marineros-en-los-remolcadores\/#respond"]}]},{"@type":"WebPage","@id":"https:\/\/www.revistarambla.com\/los-tripulantes-se-oponen-al-recorte-de-marineros-en-los-remolcadores\/","url":"https:\/\/www.revistarambla.com\/los-tripulantes-se-oponen-al-recorte-de-marineros-en-los-remolcadores\/","name":"Los remolcadores se oponen al recorte de tripulantes - Revista Rambla","isPartOf":{"@id":"https:\/\/www.revistarambla.com\/#website"},"datePublished":"2011-01-17T11:27:37+00:00","dateModified":"2021-12-10T15:28:53+00:00","description":"As\u00ed de tajantes se expresaron los remolcadores de la Confederaci\u00f3n General del Trabajo (CGT) respecto al Proyecto de Real Decreto presentado por la Direc...","breadcrumb":{"@id":"https:\/\/www.revistarambla.com\/los-tripulantes-se-oponen-al-recorte-de-marineros-en-los-remolcadores\/#breadcrumb"},"inLanguage":"en-GB","potentialAction":[{"@type":"ReadAction","target":["https:\/\/www.revistarambla.com\/los-tripulantes-se-oponen-al-recorte-de-marineros-en-los-remolcadores\/"]}]},{"@type":"BreadcrumbList","@id":"https:\/\/www.revistarambla.com\/los-tripulantes-se-oponen-al-recorte-de-marineros-en-los-remolcadores\/#breadcrumb","itemListElement":[{"@type":"ListItem","position":1,"name":"Portada","item":"https:\/\/www.revistarambla.com\/"},{"@type":"ListItem","position":2,"name":"Los remolcadores se oponen al recorte de tripulantes"}]},{"@type":"WebSite","@id":"https:\/\/www.revistarambla.com\/#website","url":"https:\/\/www.revistarambla.com\/","name":"Revista Rambla Barcelona","description":"Periodismo independiente","publisher":{"@id":"https:\/\/www.revistarambla.com\/#organization"},"potentialAction":[{"@type":"SearchAction","target":{"@type":"EntryPoint","urlTemplate":"https:\/\/www.revistarambla.com\/?s={search_term_string}"},"query-input":{"@type":"PropertyValueSpecification","valueRequired":true,"valueName":"search_term_string"}}],"inLanguage":"en-GB"},{"@type":"Organization","@id":"https:\/\/www.revistarambla.com\/#organization","name":"Revista Rambla","url":"https:\/\/www.revistarambla.com\/","logo":{"@type":"ImageObject","inLanguage":"en-GB","@id":"https:\/\/www.revistarambla.com\/#\/schema\/logo\/image\/","url":"https:\/\/www.revistarambla.com\/wp-content\/uploads\/2020\/09\/banner_rambla_1900x600_BB.png","contentUrl":"https:\/\/www.revistarambla.com\/wp-content\/uploads\/2020\/09\/banner_rambla_1900x600_BB.png","width":1900,"height":600,"caption":"Revista Rambla"},"image":{"@id":"https:\/\/www.revistarambla.com\/#\/schema\/logo\/image\/"},"sameAs":["https:\/\/www.facebook.com\/revistarambla\/","https:\/\/x.com\/revistarambla","https:\/\/www.instagram.com\/revista_rambla","https:\/\/es.linkedin.com\/company\/revista-rambla"]},{"@type":"Person","@id":"https:\/\/www.revistarambla.com\/#\/schema\/person\/3c7b2f2256c480da1165c0d9de1133da","name":"D\u00e0lia Rajmil Bonet","description":"_","sameAs":["https:\/\/www.facebook.com\/dalia.rajmil.bonet","https:\/\/x.com\/DaliaRBonet"]}]}},"_links":{"self":[{"href":"https:\/\/www.revistarambla.com\/en\/wp-json\/wp\/v2\/posts\/729","targetHints":{"allow":["GET"]}}],"collection":[{"href":"https:\/\/www.revistarambla.com\/en\/wp-json\/wp\/v2\/posts"}],"about":[{"href":"https:\/\/www.revistarambla.com\/en\/wp-json\/wp\/v2\/types\/post"}],"author":[{"embeddable":true,"href":"https:\/\/www.revistarambla.com\/en\/wp-json\/wp\/v2\/users\/50"}],"replies":[{"embeddable":true,"href":"https:\/\/www.revistarambla.com\/en\/wp-json\/wp\/v2\/comments?post=729"}],"version-history":[{"count":0,"href":"https:\/\/www.revistarambla.com\/en\/wp-json\/wp\/v2\/posts\/729\/revisions"}],"wp:attachment":[{"href":"https:\/\/www.revistarambla.com\/en\/wp-json\/wp\/v2\/media?parent=729"}],"wp:term":[{"taxonomy":"category","embeddable":true,"href":"https:\/\/www.revistarambla.com\/en\/wp-json\/wp\/v2\/categories?post=729"},{"taxonomy":"post_tag","embeddable":true,"href":"https:\/\/www.revistarambla.com\/en\/wp-json\/wp\/v2\/tags?post=729"}],"curies":[{"name":"wp","href":"https:\/\/api.w.org\/{rel}","templated":true}]}}