{"id":7283,"date":"2015-05-07T05:09:32","date_gmt":"2015-05-07T05:09:32","guid":{"rendered":"https:\/\/www.revistarambla.com\/la-principal-leccion-de-las-elecciones-andaluzas-nadie-pone-en-el-centro-de-la-accion-politica-resolver-las-necesidades-de-los-trabajadores\/"},"modified":"2024-06-08T23:53:42","modified_gmt":"2024-06-08T21:53:42","slug":"la-principal-leccion-de-las-elecciones-andaluzas-nadie-pone-en-el-centro-de-la-accion-politica-resolver-las-necesidades-de-los-trabajadores","status":"publish","type":"post","link":"https:\/\/www.revistarambla.com\/en\/la-principal-leccion-de-las-elecciones-andaluzas-nadie-pone-en-el-centro-de-la-accion-politica-resolver-las-necesidades-de-los-trabajadores\/","title":{"rendered":"La principal lecci\u00f3n de las elecciones andaluzas: nadie pone en el centro de la acci\u00f3n pol\u00edtica resolver las necesidades de los trabajadores"},"content":{"rendered":"<p>Las elecciones andaluzas han provocado todo tipo de an\u00e1lisis, pero siempre ha quedado al margen la lucha de clases y las necesidades m\u00e1s urgentes de los trabajadores.<\/p>\n<p>En t\u00e9rminos electorales, los resultados de las elecciones han sido muy claros: ha habido un aumento del 3% de la participaci\u00f3n electoral con 130.000 votantes m\u00e1s, pero los partidos tradicionales han perdido votos (PSOE 120.000, PP 500.000 e IU 160.000) mientras han irrumpido con fuerza los partidos emergentes que han ganado votos como Podemos (590.000 votos) y Ciudadanos (369.000 votos).<\/p>\n<p>Estos resultados son el reflejo electoral de la profunda crisis del r\u00e9gimen constitucional espa\u00f1ol, uno de los pilares del cual han sido el PP y el PSOE, pero la entrada de Podemos y Ciudadanos en el Parlamento andaluz aparece como el principio de un cambio en profundidad de la representaci\u00f3n pol\u00edtica en todo el <a href=\"https:\/\/www.revistarambla.com\/en\/actualidad\/estado-espanol\/\">Estado espa\u00f1ol<\/a> y que incrementar\u00e1 la crisis del r\u00e9gimen.<\/p>\n<p>Tanimportante como los votos es saber de donde provienen. En Andaluc\u00eda, al igual que en el conjunto del estado espa\u00f1ol, la poblaci\u00f3n se encuentra repartida al cincuenta por ciento entre las ciudades de m\u00e1s de 50.000 habitantes (29 ciudades) y entre las ciudades de menos de 50.000 habitantes (741 municipios). Los resultados muestran que PP, Ciudadanos y Podemos obtienen mejores resultados en las gran ciudades, al rev\u00e9s del PSOE, y de alguna manera IU-CA, que obtiene sus mejores resultados en las localidades de menos de 50.000 habitantes.<\/p>\n<p>Las conclusiones son claras: las zonas rurales y con menos ingresos han votado el PSOE mientras que Podemos, PP y Ciudadanos recogen m\u00e1s bien el voto de las clases medianos.<\/p>\n<h2>Susana D\u00edaz retrasa el derrumbe del PSOE en las elecciones andaluzas<\/h2>\n<p>El PSOE, respecto a las elecciones anteriores, ha mantenido el mismo n\u00famero de esca\u00f1os (47) a pesar de la p\u00e9rdida de votos (115.000 votos) y un 4,12% de porcentaje de voto. Gracias al hundimiento del PP el PSOE recupera la primera posici\u00f3n parlamentar\u00eda, pero pierde votantes en beneficio de Podemos.<\/p>\n<p>As\u00ed Susana D\u00edaz, al avanzar las elecciones, ha evitado el desplome del PSOE y pero no ha conseguido mayor estabilidad parlamentaria y no cambia la din\u00e1mica general en la que ha entrado el PSOE.<\/p>\n<p>Sin embargo, hay tres factores que no se pueden obviar al valorar los resultados socialistas: Primero: que Susana D\u00edaz ha hecho una campa\u00f1a totalmente personalista, basada en el aparato de gobierno, identific\u00e1ndose con Andaluc\u00eda y escondiendo las siglas del PSOE. Segundo: que el mundo rural contin\u00faa siendo lo gran apoyo del PSOE. Tercero: a pesar de su pol\u00edtica de recortes a la administraci\u00f3n andaluza ha conseguido no pagar un elevado precio electoral, desviando la responsabilidad al gobierno de Rajoy. Estos factores dif\u00edcilmente se repetir\u00e1n en las pr\u00f3ximas elecciones auton\u00f3micas y municipales. municipales.<\/p>\n<h2>La derrota del PP y Ciutadans como recambio de la derecha<\/h2>\n<p>El castigo al partido del gobierno Rajoy ha sido mayor del esperado. El PP pierde m\u00e1s de medio mill\u00f3n de votos, un 30% de los votos y 17 esca\u00f1os (qued\u00e1ndose en 33). El voto supone un absoluto rechazo a la pol\u00edtica del gobierno Rajoy y ha tenido repercusiones inmediatas en la acentuaci\u00f3n de la crisis interna del PP.<\/p>\n<p>Tambi\u00e9n es cierto que Ciudadanos es quien m\u00e1s se ha beneficiado de la crisis del PP gracias a un discurso demag\u00f3gico y espa\u00f1olista. Ciudadanos se sit\u00faa como recambio de la derecha aunque la obtenci\u00f3n de 9 diputados y de casi 370.000 votos se hagan a expensas del PP y de UPD. Pero Ciudadanos es un partido con una direcci\u00f3n d\u00e9bil y personalista sin una organizaci\u00f3n pol\u00edtica territorial.<\/p>\n<p>Con este panorama, la representaci\u00f3n directa de la burgues\u00eda espa\u00f1ola ha entrado en crisis y aunque el PP se pueda mantener con dificultades, el recambio de la derecha est\u00e1 todav\u00eda en formaci\u00f3n.<\/p>\n<h2>La irrupci\u00f3n de Podemos, con sabor amargo<\/h2>\n<p>Con 590.000 votos y 15 esca\u00f1os, Podemos entra en el Parlamento andaluz y este hecho cobra una gran importancia. Sin embargo, la pol\u00edtica autoproclamativa que hab\u00eda elaborado su propia direcci\u00f3n pol\u00edtica ha convertido lo que es un salto pol\u00edtico importante en un relativo fracaso pues el objetivo era ganar las elecciones. Teresa Rodr\u00edguez, en una entrevista a Cuarto Poder del 17 de marzo respond\u00eda: \u00abNuestra prioridad es tener mayor\u00eda suficiente para gobernar. Este es el reto. Todo el que se salga de aqu\u00ed, no ser\u00e1 un buen resultado.\u00bb<\/p>\n<p>Pero el principal problema de Podemos no es su autoproclamaci\u00f3n, sino que su estrategia est\u00e1 al servicio \u00fanicamente de ganar votos y por lo tanto se lo juega todo al electoralismo hasta disolver su programa y su propia identidad llegando a desmentir que sea un partido de izquierdas, no se pronuncia sobre la monarqu\u00eda o la OTAN y olvida los problemas econ\u00f3micos m\u00e1s importantes de los trabajadores andaluces c\u00f3mo es la elevada tasa de de paro que es del 34,5 %. Su programa sobre los problemas de campo andaluz obvia la reforma agraria, los latifundios y las ocupaciones de tierras,<\/p>\n<h2>Elotro gran derrotado es IU-CA<\/h2>\n<p>Esquerra Unida-Convocatoria por Andaluc\u00eda pierde 170.000 votos y 7 diputados. Se han quedado en 5 diputados. Es el resultado de la combinaci\u00f3n de la entrada de Podemos, de su papel subalterno al pasado Gobierno de la Junta y de la divisi\u00f3n interna de Madrid que afecta de pleno a la direcci\u00f3n federal de Izquierda Unida. Izquierda Unida est\u00e1 perdiendo la oportunidad de recoger los votantes descontentos del PSOE.<\/p>\n<p>Este fracaso es todav\u00eda m\u00e1s significativo si se tiene en cuenta que Alberto Garz\u00f3n, diputado por M\u00e1laga, militante del PCE y de IU y que consigui\u00f3 notoriedad como portavoz del 15-M, es el actual candidato de IU a la presidencia del gobierno espa\u00f1ol. Ha sido considerado como uno de los militantes que pod\u00eda tender puentes con Podemos, pero su implicaci\u00f3n personal en la campa\u00f1a no ha podido evitar el gran fracaso electoral.<\/p>\n<h2>La investidura del nuevo gobierno de la Junta<\/h2>\n<p>Las circunstancias actuales son diferentes a las \u00faltimas elecciones de 2012 en que gan\u00f3 el PP. Ante la formaci\u00f3n de un gobierno socialista que depende otras fuerzas de izquierdas s\u00f3lo hay dos actitudes posibles: una la que tom\u00f3 IU de Extremadura hace cuatro a\u00f1os, cuando recogiendo el justo rechazo de sectores de la izquierda, se abstuvieron en la votaci\u00f3n y permitieron que el PP se hiciera con el gobierno extreme\u00f1o. La otra la que tomaron IU de Andaluc\u00eda y de Asturias y IC en <a href=\"https:\/\/www.revistarambla.com\/en\/actualidad\/catalunya\/\">Catalunya<\/a> que fue entrar a formar parte del gobierno socialista en minor\u00eda e intentar escorarlo vanamente hacia la izquierda. La primera opci\u00f3n es nefasta porque entrega el poder al PP en nombre del rechazo al PSOE y la segunda porque liga la izquierda en un gobierno burgu\u00e9s que apoyar\u00e1 a la Monarqu\u00eda.<\/p>\n<p>Ante esta disyuntiva, \u00bfhay alguna alternativa posible? Lucha Internacionalista sigue el consejo de Lenin respeto el apoyo en el gobierno de Kerenski en 1917: hay que sostenerlo \u00abcomo la sogas que aguanta al colgado\u00bb. Los socialistas revolucionarios no somos neutrales entre el PSOE y el PP. Si nos hubi\u00e9ramos encontrado en la situaci\u00f3n en la que se encontr\u00f3 al 2012 IU-CA en el Parlamento andaluz, habr\u00edamos dejado gobernar al PSOE, sin comprometernos con su gobierno ni con su programa y actuando desde fuera con total independencia de clase movilizando en la clase trabajadora en torno a sus necesidades y exigiendo a la Junta respuestas inmediatas a sus problemas y denunci\u00e1ndola si no lo hace.<\/p>\n<p>Hoy, al 2015, la situaci\u00f3n es diferente. La investidura de Susana D\u00edaz como presidenta de la Junta est\u00e1 asegurada, sean qu\u00e9 sean las alianzas que se formen. Si D\u00edaz no consigue la investidura, har\u00eda falta finalmente volver a convocar elecciones con toda la inestabilidad. incertidumbre y crisis que esto provocar\u00eda. Ning\u00fan partido quiere acentuar la crisis pol\u00edtica del r\u00e9gimen y por tanto de una o otra forma ayudaran a la formaci\u00f3n del nuevo gobierno andaluz.<\/p>\n<p>As\u00ed, IU-CA ha anunciado que votar\u00e1 en contra de la investidura de Susana D\u00edaz en la primera votaci\u00f3n, pero su papel es marginal. Por otro lado, Podemos pone condiciones para permitir un gobierno del PSOE. Estas condiciones, seg\u00fan las declaraciones publicadas a la prensa, son las siguientes:<\/p>\n<p>1) La dimisi\u00f3n de Gri\u00f1an y Ch\u00e1vez como senador y diputado (que el PSOE ya ha decidido ).<br \/>\n2) Retirar las cuentas bancarias de la Junta de los bancos que ejecuten los desahucios.<br \/>\n3) Reducir el n\u00famero de cargos de confianza en la administraci\u00f3n y dedicar el ahorro a incrementar las plantillas de educaci\u00f3n y sanidad.<\/p>\n<p>Estas condiciones significan que las soluciones a los graves problemas de los andaluces son muy sencillos: la dimisi\u00f3n de dos dirigentes del PSOE, cambiar las cuentas bancarias de banco y reducir unos cu\u00e1ntos altos cargos. Pero ninguna condici\u00f3n tiene que ver con el paro del 34\u20195%, con los 65 % de los menores de 25 a\u00f1os sin trabajo ni con el 40% de la poblaci\u00f3n vive al l\u00edmite de la pobreza.<\/p>\n<h2>Un plan de medidas urgentes contra la crisis tras la elecciones andaluzas<\/h2>\n<p>Lucha Internacionalista, tanto si si tuviera representaci\u00f3n o no en el Parlamento andaluz, exigir\u00eda un plan urgente de medidas contra los recortes, el paro y la miseria, que deber\u00eda tener como m\u00ednimo, los siguientes puntos:<\/p>\n<p>1. Rechazar el pago de la deuda, la nacionalizaci\u00f3n de la banca bajo control de los trabajadores\/as para dedicar estos recursos a un plan de medidas urgentes.<\/p>\n<p>2. Una Reforma Agraria que expropie las grandes propiedades a los terratenientes poni\u00e9ndolas en producci\u00f3n bajo control de los jornaleros.<\/p>\n<p>3. La denuncia de la Pol\u00edtica Agraria Com\u00fan que entrega el 64 % de los recursos al 15% de los propietarios, mientras el campo se hunde en la miseria y que legalizar las ocupaciones de tierra como la de Somonte potenciando su desarrollo.<\/p>\n<p>4. Recuperar que recupere las condiciones de trabajo perdidas en las sucesivas reformas laborales.<\/p>\n<p>5. Devolver al sector p\u00fablico el que ha privatizado y que defender el derecho a la vivienda y en una educaci\u00f3n y sanidad p\u00fablicas.<\/p>\n<p>Este es el eje principal de Lucha Internacionalista porque sabemos s\u00f3lo la movilizaci\u00f3n puede arrancar este plan al gobierno con los m\u00e9todos de democracia obrera (asambleas decisorias, comit\u00e9 de huelga elegidos por la asamblea y revocables, etc.) y con la solidaridad de los trabajadores y de las clases populares.<\/p>\n<p>No es esta la pol\u00edtica de IU-CA ni de Podemos que no hablan de movilizaci\u00f3n y de lucha para conseguir las reivindicaciones m\u00e1s esenciales de los trabajadores andaluces. Al contrario dicen que est\u00e1 en el Parlamento y en el gobierno donde se tienen que hacer las pol\u00edticas sociales.<\/p>","protected":false},"excerpt":{"rendered":"<p>Las elecciones andaluzas han provocado todo tipo de an\u00e1lisis, pero siempre ha quedado al margen la lucha de clases y las necesidades m\u00e1s urgentes de los trabajadores. En t\u00e9rminos electorales, los resultados de las elecciones han sido muy claros: ha habido un aumento del 3% de la participaci\u00f3n electoral con [&hellip;]<\/p>\n","protected":false},"author":96,"featured_media":7282,"comment_status":"open","ping_status":"open","sticky":false,"template":"","format":"standard","meta":{"footnotes":""},"categories":[72],"tags":[],"class_list":["post-7283","post","type-post","status-publish","format-standard","has-post-thumbnail","hentry","category-opinion"],"yoast_head":"<!-- This site is optimized with the Yoast SEO plugin v27.5 - https:\/\/yoast.com\/product\/yoast-seo-wordpress\/ -->\n<title>La principal lecci\u00f3n de las elecciones andaluzas - Revista Rambla<\/title>\n<meta name=\"description\" content=\"Las elecciones andaluzas han provocado todo tipo de an\u00e1lisis, pero siempre ha quedado al margen la lucha de clases y de los trabajadores. \u00a0\" \/>\n<meta name=\"robots\" content=\"index, follow, max-snippet:-1, max-image-preview:large, max-video-preview:-1\" \/>\n<link rel=\"canonical\" href=\"https:\/\/www.revistarambla.com\/en\/la-principal-leccion-de-las-elecciones-andaluzas-nadie-pone-en-el-centro-de-la-accion-politica-resolver-las-necesidades-de-los-trabajadores\/\" \/>\n<meta property=\"og:locale\" content=\"en_GB\" \/>\n<meta property=\"og:type\" content=\"article\" \/>\n<meta property=\"og:title\" content=\"La principal lecci\u00f3n de las elecciones andaluzas - Revista Rambla\" \/>\n<meta property=\"og:description\" content=\"Las elecciones andaluzas han provocado todo tipo de an\u00e1lisis, pero siempre ha quedado al margen la lucha de clases y de los trabajadores. \u00a0\" \/>\n<meta property=\"og:url\" content=\"https:\/\/www.revistarambla.com\/en\/la-principal-leccion-de-las-elecciones-andaluzas-nadie-pone-en-el-centro-de-la-accion-politica-resolver-las-necesidades-de-los-trabajadores\/\" \/>\n<meta property=\"og:site_name\" content=\"Revista Rambla\" \/>\n<meta property=\"article:publisher\" content=\"https:\/\/www.facebook.com\/revistarambla\/\" \/>\n<meta property=\"article:author\" content=\"https:\/\/www.facebook.com\/linternacionalista\/\" \/>\n<meta property=\"article:published_time\" content=\"2015-05-07T05:09:32+00:00\" \/>\n<meta property=\"article:modified_time\" content=\"2024-06-08T21:53:42+00:00\" \/>\n<meta property=\"og:image\" content=\"https:\/\/www.revistarambla.com\/wp-content\/uploads\/2015\/05\/susana_revistarambla_02.jpg\" \/>\n\t<meta property=\"og:image:width\" content=\"700\" \/>\n\t<meta property=\"og:image:height\" content=\"393\" \/>\n\t<meta property=\"og:image:type\" content=\"image\/jpeg\" \/>\n<meta name=\"author\" content=\"Lucha Internacionalista\" \/>\n<meta name=\"twitter:card\" content=\"summary_large_image\" \/>\n<meta name=\"twitter:creator\" content=\"@luchainternacio\" \/>\n<meta name=\"twitter:site\" content=\"@revistarambla\" \/>\n<meta name=\"twitter:label1\" content=\"Written by\" \/>\n\t<meta name=\"twitter:data1\" content=\"Lucha Internacionalista\" \/>\n\t<meta name=\"twitter:label2\" content=\"Estimated reading time\" \/>\n\t<meta name=\"twitter:data2\" content=\"9 minutes\" \/>\n<script type=\"application\/ld+json\" class=\"yoast-schema-graph\">{\"@context\":\"https:\\\/\\\/schema.org\",\"@graph\":[{\"@type\":\"Article\",\"@id\":\"https:\\\/\\\/www.revistarambla.com\\\/la-principal-leccion-de-las-elecciones-andaluzas-nadie-pone-en-el-centro-de-la-accion-politica-resolver-las-necesidades-de-los-trabajadores\\\/#article\",\"isPartOf\":{\"@id\":\"https:\\\/\\\/www.revistarambla.com\\\/la-principal-leccion-de-las-elecciones-andaluzas-nadie-pone-en-el-centro-de-la-accion-politica-resolver-las-necesidades-de-los-trabajadores\\\/\"},\"author\":{\"name\":\"Lucha Internacionalista\",\"@id\":\"https:\\\/\\\/www.revistarambla.com\\\/#\\\/schema\\\/person\\\/2d0daa76d289bb19174d9201fb9fe42c\"},\"headline\":\"La principal lecci\u00f3n de las elecciones andaluzas: nadie pone en el centro de la acci\u00f3n pol\u00edtica resolver las necesidades de los trabajadores\",\"datePublished\":\"2015-05-07T05:09:32+00:00\",\"dateModified\":\"2024-06-08T21:53:42+00:00\",\"mainEntityOfPage\":{\"@id\":\"https:\\\/\\\/www.revistarambla.com\\\/la-principal-leccion-de-las-elecciones-andaluzas-nadie-pone-en-el-centro-de-la-accion-politica-resolver-las-necesidades-de-los-trabajadores\\\/\"},\"wordCount\":1859,\"commentCount\":0,\"publisher\":{\"@id\":\"https:\\\/\\\/www.revistarambla.com\\\/#organization\"},\"image\":{\"@id\":\"https:\\\/\\\/www.revistarambla.com\\\/la-principal-leccion-de-las-elecciones-andaluzas-nadie-pone-en-el-centro-de-la-accion-politica-resolver-las-necesidades-de-los-trabajadores\\\/#primaryimage\"},\"thumbnailUrl\":\"https:\\\/\\\/www.revistarambla.com\\\/wp-content\\\/uploads\\\/2015\\\/05\\\/susana_revistarambla_02.jpg\",\"articleSection\":[\"Opiniones\"],\"inLanguage\":\"en-GB\",\"potentialAction\":[{\"@type\":\"CommentAction\",\"name\":\"Comment\",\"target\":[\"https:\\\/\\\/www.revistarambla.com\\\/la-principal-leccion-de-las-elecciones-andaluzas-nadie-pone-en-el-centro-de-la-accion-politica-resolver-las-necesidades-de-los-trabajadores\\\/#respond\"]}]},{\"@type\":\"WebPage\",\"@id\":\"https:\\\/\\\/www.revistarambla.com\\\/la-principal-leccion-de-las-elecciones-andaluzas-nadie-pone-en-el-centro-de-la-accion-politica-resolver-las-necesidades-de-los-trabajadores\\\/\",\"url\":\"https:\\\/\\\/www.revistarambla.com\\\/la-principal-leccion-de-las-elecciones-andaluzas-nadie-pone-en-el-centro-de-la-accion-politica-resolver-las-necesidades-de-los-trabajadores\\\/\",\"name\":\"La principal lecci\u00f3n de las elecciones andaluzas - Revista Rambla\",\"isPartOf\":{\"@id\":\"https:\\\/\\\/www.revistarambla.com\\\/#website\"},\"primaryImageOfPage\":{\"@id\":\"https:\\\/\\\/www.revistarambla.com\\\/la-principal-leccion-de-las-elecciones-andaluzas-nadie-pone-en-el-centro-de-la-accion-politica-resolver-las-necesidades-de-los-trabajadores\\\/#primaryimage\"},\"image\":{\"@id\":\"https:\\\/\\\/www.revistarambla.com\\\/la-principal-leccion-de-las-elecciones-andaluzas-nadie-pone-en-el-centro-de-la-accion-politica-resolver-las-necesidades-de-los-trabajadores\\\/#primaryimage\"},\"thumbnailUrl\":\"https:\\\/\\\/www.revistarambla.com\\\/wp-content\\\/uploads\\\/2015\\\/05\\\/susana_revistarambla_02.jpg\",\"datePublished\":\"2015-05-07T05:09:32+00:00\",\"dateModified\":\"2024-06-08T21:53:42+00:00\",\"description\":\"Las elecciones andaluzas han provocado todo tipo de an\u00e1lisis, pero siempre ha quedado al margen la lucha de clases y de los trabajadores. \u00a0\",\"breadcrumb\":{\"@id\":\"https:\\\/\\\/www.revistarambla.com\\\/la-principal-leccion-de-las-elecciones-andaluzas-nadie-pone-en-el-centro-de-la-accion-politica-resolver-las-necesidades-de-los-trabajadores\\\/#breadcrumb\"},\"inLanguage\":\"en-GB\",\"potentialAction\":[{\"@type\":\"ReadAction\",\"target\":[\"https:\\\/\\\/www.revistarambla.com\\\/la-principal-leccion-de-las-elecciones-andaluzas-nadie-pone-en-el-centro-de-la-accion-politica-resolver-las-necesidades-de-los-trabajadores\\\/\"]}]},{\"@type\":\"ImageObject\",\"inLanguage\":\"en-GB\",\"@id\":\"https:\\\/\\\/www.revistarambla.com\\\/la-principal-leccion-de-las-elecciones-andaluzas-nadie-pone-en-el-centro-de-la-accion-politica-resolver-las-necesidades-de-los-trabajadores\\\/#primaryimage\",\"url\":\"https:\\\/\\\/www.revistarambla.com\\\/wp-content\\\/uploads\\\/2015\\\/05\\\/susana_revistarambla_02.jpg\",\"contentUrl\":\"https:\\\/\\\/www.revistarambla.com\\\/wp-content\\\/uploads\\\/2015\\\/05\\\/susana_revistarambla_02.jpg\",\"width\":700,\"height\":393,\"caption\":\"La principal lecci\u00f3n de las elecciones andaluzas\"},{\"@type\":\"BreadcrumbList\",\"@id\":\"https:\\\/\\\/www.revistarambla.com\\\/la-principal-leccion-de-las-elecciones-andaluzas-nadie-pone-en-el-centro-de-la-accion-politica-resolver-las-necesidades-de-los-trabajadores\\\/#breadcrumb\",\"itemListElement\":[{\"@type\":\"ListItem\",\"position\":1,\"name\":\"Portada\",\"item\":\"https:\\\/\\\/www.revistarambla.com\\\/\"},{\"@type\":\"ListItem\",\"position\":2,\"name\":\"La principal lecci\u00f3n de las elecciones andaluzas: nadie pone en el centro de la acci\u00f3n pol\u00edtica resolver las necesidades de los trabajadores\"}]},{\"@type\":\"WebSite\",\"@id\":\"https:\\\/\\\/www.revistarambla.com\\\/#website\",\"url\":\"https:\\\/\\\/www.revistarambla.com\\\/\",\"name\":\"Revista Rambla Barcelona\",\"description\":\"Periodismo independiente\",\"publisher\":{\"@id\":\"https:\\\/\\\/www.revistarambla.com\\\/#organization\"},\"potentialAction\":[{\"@type\":\"SearchAction\",\"target\":{\"@type\":\"EntryPoint\",\"urlTemplate\":\"https:\\\/\\\/www.revistarambla.com\\\/?s={search_term_string}\"},\"query-input\":{\"@type\":\"PropertyValueSpecification\",\"valueRequired\":true,\"valueName\":\"search_term_string\"}}],\"inLanguage\":\"en-GB\"},{\"@type\":\"Organization\",\"@id\":\"https:\\\/\\\/www.revistarambla.com\\\/#organization\",\"name\":\"Revista Rambla\",\"url\":\"https:\\\/\\\/www.revistarambla.com\\\/\",\"logo\":{\"@type\":\"ImageObject\",\"inLanguage\":\"en-GB\",\"@id\":\"https:\\\/\\\/www.revistarambla.com\\\/#\\\/schema\\\/logo\\\/image\\\/\",\"url\":\"https:\\\/\\\/www.revistarambla.com\\\/wp-content\\\/uploads\\\/2020\\\/09\\\/banner_rambla_1900x600_BB.png\",\"contentUrl\":\"https:\\\/\\\/www.revistarambla.com\\\/wp-content\\\/uploads\\\/2020\\\/09\\\/banner_rambla_1900x600_BB.png\",\"width\":1900,\"height\":600,\"caption\":\"Revista Rambla\"},\"image\":{\"@id\":\"https:\\\/\\\/www.revistarambla.com\\\/#\\\/schema\\\/logo\\\/image\\\/\"},\"sameAs\":[\"https:\\\/\\\/www.facebook.com\\\/revistarambla\\\/\",\"https:\\\/\\\/x.com\\\/revistarambla\",\"https:\\\/\\\/www.instagram.com\\\/revista_rambla\",\"https:\\\/\\\/es.linkedin.com\\\/company\\\/revista-rambla\"]},{\"@type\":\"Person\",\"@id\":\"https:\\\/\\\/www.revistarambla.com\\\/#\\\/schema\\\/person\\\/2d0daa76d289bb19174d9201fb9fe42c\",\"name\":\"Lucha Internacionalista\",\"description\":\"Lucha Internacionalista es una organizaci\u00f3n pol\u00edtica marxista revolucionaria: trotskista. Se constituy\u00f3 en mayo de 1999 por militantes del Partido Revolucionario de los Trabajadores (PRT).\",\"sameAs\":[\"http:\\\/\\\/luchainternacionalista.org\\\/\",\"https:\\\/\\\/www.facebook.com\\\/linternacionalista\\\/\",\"https:\\\/\\\/x.com\\\/luchainternacio\"]}]}<\/script>\n<!-- \/ Yoast SEO plugin. -->","yoast_head_json":{"title":"La principal lecci\u00f3n de las elecciones andaluzas - Revista Rambla","description":"Las elecciones andaluzas han provocado todo tipo de an\u00e1lisis, pero siempre ha quedado al margen la lucha de clases y de los trabajadores. \u00a0","robots":{"index":"index","follow":"follow","max-snippet":"max-snippet:-1","max-image-preview":"max-image-preview:large","max-video-preview":"max-video-preview:-1"},"canonical":"https:\/\/www.revistarambla.com\/en\/la-principal-leccion-de-las-elecciones-andaluzas-nadie-pone-en-el-centro-de-la-accion-politica-resolver-las-necesidades-de-los-trabajadores\/","og_locale":"en_GB","og_type":"article","og_title":"La principal lecci\u00f3n de las elecciones andaluzas - Revista Rambla","og_description":"Las elecciones andaluzas han provocado todo tipo de an\u00e1lisis, pero siempre ha quedado al margen la lucha de clases y de los trabajadores. \u00a0","og_url":"https:\/\/www.revistarambla.com\/en\/la-principal-leccion-de-las-elecciones-andaluzas-nadie-pone-en-el-centro-de-la-accion-politica-resolver-las-necesidades-de-los-trabajadores\/","og_site_name":"Revista Rambla","article_publisher":"https:\/\/www.facebook.com\/revistarambla\/","article_author":"https:\/\/www.facebook.com\/linternacionalista\/","article_published_time":"2015-05-07T05:09:32+00:00","article_modified_time":"2024-06-08T21:53:42+00:00","og_image":[{"width":700,"height":393,"url":"https:\/\/www.revistarambla.com\/wp-content\/uploads\/2015\/05\/susana_revistarambla_02.jpg","type":"image\/jpeg"}],"author":"Lucha Internacionalista","twitter_card":"summary_large_image","twitter_creator":"@luchainternacio","twitter_site":"@revistarambla","twitter_misc":{"Written by":"Lucha Internacionalista","Estimated reading time":"9 minutes"},"schema":{"@context":"https:\/\/schema.org","@graph":[{"@type":"Article","@id":"https:\/\/www.revistarambla.com\/la-principal-leccion-de-las-elecciones-andaluzas-nadie-pone-en-el-centro-de-la-accion-politica-resolver-las-necesidades-de-los-trabajadores\/#article","isPartOf":{"@id":"https:\/\/www.revistarambla.com\/la-principal-leccion-de-las-elecciones-andaluzas-nadie-pone-en-el-centro-de-la-accion-politica-resolver-las-necesidades-de-los-trabajadores\/"},"author":{"name":"Lucha Internacionalista","@id":"https:\/\/www.revistarambla.com\/#\/schema\/person\/2d0daa76d289bb19174d9201fb9fe42c"},"headline":"La principal lecci\u00f3n de las elecciones andaluzas: nadie pone en el centro de la acci\u00f3n pol\u00edtica resolver las necesidades de los trabajadores","datePublished":"2015-05-07T05:09:32+00:00","dateModified":"2024-06-08T21:53:42+00:00","mainEntityOfPage":{"@id":"https:\/\/www.revistarambla.com\/la-principal-leccion-de-las-elecciones-andaluzas-nadie-pone-en-el-centro-de-la-accion-politica-resolver-las-necesidades-de-los-trabajadores\/"},"wordCount":1859,"commentCount":0,"publisher":{"@id":"https:\/\/www.revistarambla.com\/#organization"},"image":{"@id":"https:\/\/www.revistarambla.com\/la-principal-leccion-de-las-elecciones-andaluzas-nadie-pone-en-el-centro-de-la-accion-politica-resolver-las-necesidades-de-los-trabajadores\/#primaryimage"},"thumbnailUrl":"https:\/\/www.revistarambla.com\/wp-content\/uploads\/2015\/05\/susana_revistarambla_02.jpg","articleSection":["Opiniones"],"inLanguage":"en-GB","potentialAction":[{"@type":"CommentAction","name":"Comment","target":["https:\/\/www.revistarambla.com\/la-principal-leccion-de-las-elecciones-andaluzas-nadie-pone-en-el-centro-de-la-accion-politica-resolver-las-necesidades-de-los-trabajadores\/#respond"]}]},{"@type":"WebPage","@id":"https:\/\/www.revistarambla.com\/la-principal-leccion-de-las-elecciones-andaluzas-nadie-pone-en-el-centro-de-la-accion-politica-resolver-las-necesidades-de-los-trabajadores\/","url":"https:\/\/www.revistarambla.com\/la-principal-leccion-de-las-elecciones-andaluzas-nadie-pone-en-el-centro-de-la-accion-politica-resolver-las-necesidades-de-los-trabajadores\/","name":"La principal lecci\u00f3n de las elecciones andaluzas - Revista Rambla","isPartOf":{"@id":"https:\/\/www.revistarambla.com\/#website"},"primaryImageOfPage":{"@id":"https:\/\/www.revistarambla.com\/la-principal-leccion-de-las-elecciones-andaluzas-nadie-pone-en-el-centro-de-la-accion-politica-resolver-las-necesidades-de-los-trabajadores\/#primaryimage"},"image":{"@id":"https:\/\/www.revistarambla.com\/la-principal-leccion-de-las-elecciones-andaluzas-nadie-pone-en-el-centro-de-la-accion-politica-resolver-las-necesidades-de-los-trabajadores\/#primaryimage"},"thumbnailUrl":"https:\/\/www.revistarambla.com\/wp-content\/uploads\/2015\/05\/susana_revistarambla_02.jpg","datePublished":"2015-05-07T05:09:32+00:00","dateModified":"2024-06-08T21:53:42+00:00","description":"Las elecciones andaluzas han provocado todo tipo de an\u00e1lisis, pero siempre ha quedado al margen la lucha de clases y de los trabajadores. \u00a0","breadcrumb":{"@id":"https:\/\/www.revistarambla.com\/la-principal-leccion-de-las-elecciones-andaluzas-nadie-pone-en-el-centro-de-la-accion-politica-resolver-las-necesidades-de-los-trabajadores\/#breadcrumb"},"inLanguage":"en-GB","potentialAction":[{"@type":"ReadAction","target":["https:\/\/www.revistarambla.com\/la-principal-leccion-de-las-elecciones-andaluzas-nadie-pone-en-el-centro-de-la-accion-politica-resolver-las-necesidades-de-los-trabajadores\/"]}]},{"@type":"ImageObject","inLanguage":"en-GB","@id":"https:\/\/www.revistarambla.com\/la-principal-leccion-de-las-elecciones-andaluzas-nadie-pone-en-el-centro-de-la-accion-politica-resolver-las-necesidades-de-los-trabajadores\/#primaryimage","url":"https:\/\/www.revistarambla.com\/wp-content\/uploads\/2015\/05\/susana_revistarambla_02.jpg","contentUrl":"https:\/\/www.revistarambla.com\/wp-content\/uploads\/2015\/05\/susana_revistarambla_02.jpg","width":700,"height":393,"caption":"La principal lecci\u00f3n de las elecciones andaluzas"},{"@type":"BreadcrumbList","@id":"https:\/\/www.revistarambla.com\/la-principal-leccion-de-las-elecciones-andaluzas-nadie-pone-en-el-centro-de-la-accion-politica-resolver-las-necesidades-de-los-trabajadores\/#breadcrumb","itemListElement":[{"@type":"ListItem","position":1,"name":"Portada","item":"https:\/\/www.revistarambla.com\/"},{"@type":"ListItem","position":2,"name":"La principal lecci\u00f3n de las elecciones andaluzas: nadie pone en el centro de la acci\u00f3n pol\u00edtica resolver las necesidades de los trabajadores"}]},{"@type":"WebSite","@id":"https:\/\/www.revistarambla.com\/#website","url":"https:\/\/www.revistarambla.com\/","name":"Revista Rambla Barcelona","description":"Periodismo independiente","publisher":{"@id":"https:\/\/www.revistarambla.com\/#organization"},"potentialAction":[{"@type":"SearchAction","target":{"@type":"EntryPoint","urlTemplate":"https:\/\/www.revistarambla.com\/?s={search_term_string}"},"query-input":{"@type":"PropertyValueSpecification","valueRequired":true,"valueName":"search_term_string"}}],"inLanguage":"en-GB"},{"@type":"Organization","@id":"https:\/\/www.revistarambla.com\/#organization","name":"Revista Rambla","url":"https:\/\/www.revistarambla.com\/","logo":{"@type":"ImageObject","inLanguage":"en-GB","@id":"https:\/\/www.revistarambla.com\/#\/schema\/logo\/image\/","url":"https:\/\/www.revistarambla.com\/wp-content\/uploads\/2020\/09\/banner_rambla_1900x600_BB.png","contentUrl":"https:\/\/www.revistarambla.com\/wp-content\/uploads\/2020\/09\/banner_rambla_1900x600_BB.png","width":1900,"height":600,"caption":"Revista Rambla"},"image":{"@id":"https:\/\/www.revistarambla.com\/#\/schema\/logo\/image\/"},"sameAs":["https:\/\/www.facebook.com\/revistarambla\/","https:\/\/x.com\/revistarambla","https:\/\/www.instagram.com\/revista_rambla","https:\/\/es.linkedin.com\/company\/revista-rambla"]},{"@type":"Person","@id":"https:\/\/www.revistarambla.com\/#\/schema\/person\/2d0daa76d289bb19174d9201fb9fe42c","name":"Lucha Internacionalista","description":"Lucha Internacionalista es una organizaci\u00f3n pol\u00edtica marxista revolucionaria: trotskista. Se constituy\u00f3 en mayo de 1999 por militantes del Partido Revolucionario de los Trabajadores (PRT).","sameAs":["http:\/\/luchainternacionalista.org\/","https:\/\/www.facebook.com\/linternacionalista\/","https:\/\/x.com\/luchainternacio"]}]}},"_links":{"self":[{"href":"https:\/\/www.revistarambla.com\/en\/wp-json\/wp\/v2\/posts\/7283","targetHints":{"allow":["GET"]}}],"collection":[{"href":"https:\/\/www.revistarambla.com\/en\/wp-json\/wp\/v2\/posts"}],"about":[{"href":"https:\/\/www.revistarambla.com\/en\/wp-json\/wp\/v2\/types\/post"}],"author":[{"embeddable":true,"href":"https:\/\/www.revistarambla.com\/en\/wp-json\/wp\/v2\/users\/96"}],"replies":[{"embeddable":true,"href":"https:\/\/www.revistarambla.com\/en\/wp-json\/wp\/v2\/comments?post=7283"}],"version-history":[{"count":2,"href":"https:\/\/www.revistarambla.com\/en\/wp-json\/wp\/v2\/posts\/7283\/revisions"}],"predecessor-version":[{"id":60907,"href":"https:\/\/www.revistarambla.com\/en\/wp-json\/wp\/v2\/posts\/7283\/revisions\/60907"}],"wp:featuredmedia":[{"embeddable":true,"href":"https:\/\/www.revistarambla.com\/en\/wp-json\/wp\/v2\/media\/7282"}],"wp:attachment":[{"href":"https:\/\/www.revistarambla.com\/en\/wp-json\/wp\/v2\/media?parent=7283"}],"wp:term":[{"taxonomy":"category","embeddable":true,"href":"https:\/\/www.revistarambla.com\/en\/wp-json\/wp\/v2\/categories?post=7283"},{"taxonomy":"post_tag","embeddable":true,"href":"https:\/\/www.revistarambla.com\/en\/wp-json\/wp\/v2\/tags?post=7283"}],"curies":[{"name":"wp","href":"https:\/\/api.w.org\/{rel}","templated":true}]}}