{"id":719,"date":"2011-01-13T10:17:36","date_gmt":"2011-01-13T09:17:36","guid":{"rendered":"https:\/\/www.revistarambla.com\/bosques-raices-lluvia-rios-montanas\/"},"modified":"2023-12-29T13:45:04","modified_gmt":"2023-12-29T12:45:04","slug":"bosques-raices-lluvia-rios-montanas","status":"publish","type":"post","link":"https:\/\/www.revistarambla.com\/en\/bosques-raices-lluvia-rios-montanas\/","title":{"rendered":"Bosques, ra\u00edces, lluvia, r\u00edos, monta\u00f1as"},"content":{"rendered":"<p><a href=\"https:\/\/www.revistarambla.com\/wp-content\/uploads\/2011\/01\/dibujo1.jpg\"><img decoding=\"async\" class=\"aligncenter wp-image-718 size-full\" style=\"width: 550px; height: 198px;\" src=\"https:\/\/www.revistarambla.com\/wp-content\/uploads\/2011\/01\/dibujo1.jpg\" alt=\"bosques\" width=\"550\" height=\"198\" srcset=\"https:\/\/www.revistarambla.com\/wp-content\/uploads\/2011\/01\/dibujo1.jpg 550w, https:\/\/www.revistarambla.com\/wp-content\/uploads\/2011\/01\/dibujo1-300x108.jpg 300w, https:\/\/www.revistarambla.com\/wp-content\/uploads\/2011\/01\/dibujo1-500x180.jpg 500w\" sizes=\"(max-width: 550px) 100vw, 550px\" \/><\/a><\/p>\n<p>Sobre la mandr\u00e1gora, planta que crece en la sombra de los bosques y junto a las aguas, all\u00ed donde retrocede la luz y se acumula la noche, Borges escribe (<em>El libro de los seres imaginarios<\/em>) que un antiguo m\u00e9dico crey\u00f3 poder identificarla con aquella <em>m\u00f4ly<\/em> de la <em>Odisea<\/em>, la droga que Hermes entrega a Odiseo como ant\u00eddoto contra la magia de Circe. <em>M\u00f4ly <\/em>es blanca como leche en la flor, negra en la ra\u00edz; dif\u00edcil de arrancar para los hombres, pero accesible f\u00e1cilmente a los inmortales dioses. Con <em>m\u00f4ly <\/em>\u2013el f\u00e1rmaco, la droga\u2013 la naturaleza hace entrega de un don que a la vez es un misterio.<\/p>\n<p>Hay quien sostiene que decir lo oscuro requiere un lenguaje oscuro, que para captar la equivocidad del hombre s\u00f3lo los equ\u00edvocos resultan adecuados, o bien inadecuadamente adecuados. De la misma manera podemos pensar que s\u00f3lo quien de por s\u00ed constituye un misterio de la naturaleza est\u00e1 capacitado para conocer en profundidad los misterios de la naturaleza. Quiz\u00e1 algo as\u00ed ocurra con el centauro de los griegos.<\/p>\n<p>Los centauros moran en los h\u00famedos bosques que recubren las monta\u00f1as \u2013c\u00f3smicos seres que empa\u00f1an las dimensiones de los hombres\u2013, all\u00e1, en Peli\u00f3n, ese monte que congrega nubes, del que a su vez emanan vapores y aguas, formando torrentes, torrentes y arroyos, ca\u00f1adas, \u00e1rboles y r\u00edos que en picado saltan hacia el borde del mar \u2013es la costa de Tesalia, las Esp\u00f3radas, Mitilene y Troya en la distancia\u2013. En la espesura de esos bosques tritura Quir\u00f3n las drogas, extrae el l\u00edquido, aprehende la esencia de las plantas. Suyas son las inventivas que de la naturaleza extraen la magia del narc\u00f3tico que la tierra hace crecer: el f\u00e1rmaco, el secreto de la naturaleza.<\/p>\n<p>Si la figura del Centauro se origina en el culto (por usar una torpe palabra) de ciertas divinidades fluviales (usando una torpe clasificaci\u00f3n), el monte Peli\u00f3n, engarzando ese ap\u00e9ndice de tierra que anuncia ya las islas, rodeado en su cima, incluso en los d\u00edas de sol, por nubes blancas y grises, presintiendo lluvias, acumulando tempestades, haciendo brotar manantiales y originando cauces, ten\u00eda que ser sin duda la cuna del linaje del centauro. Donde nacen los r\u00edos la tierra se vuelve roca, monta\u00f1a, cadena; y con su curso la tierra se ablanda, se estira despacio hacia la playa mientras el r\u00edo libera lento su caudal. Juncos y silbidos. De \u00e1guila a garza real. Quiz\u00e1 por esta imagen natural los poetas consideraron oportuno decir que Centauro nace precisamente de un ser en el que aire y agua se entrelazan, una nube que, por otra parte, no es sino material para una especie de obra de arte: con esa forma compacta hecha de aire y de agua yace Ixi\u00f3n en las laderas, transform\u00e1ndose as\u00ed el padre de todos los centauros.<\/p>\n<p>Pero Borges no s\u00f3lo quiere recordar a P\u00edndaro, tambi\u00e9n recuerda a Homero, y as\u00ed escribe que semejante a esos seres cuya estrepitosa furia silenci\u00f3 con su gesto Apolo en la boda de la bella Hipodam\u00eda, tal y como todav\u00eda los restos de Olimpia lo dejan ver, es tambi\u00e9n \u00abel m\u00e1s justo de los centauros\u00bb, Quir\u00f3n, el sabio educador. A este experto en los dones m\u00e1gicos de la naturaleza le corresponde, como cient\u00edfico y maestro, el extra\u00f1o concepto de un ser biforme, desbordante, peligroso, que se precipita desde los nudos monta\u00f1osos con y a trav\u00e9s de las aguas, como un caballo desbocado, como un ebrio en las puertas de la noche, como una tormenta que estalla quebrando el cielo.<\/p>\n<p>Precisamente al centauro \u2013ser h\u00edbrido, an\u00f3malo, antinatural\u2013 le est\u00e1 permitido extraer a la luz ese secreto que descansa en la verde espesura de los bosques. Quir\u00f3n, el centauro de Magnesia, es el m\u00e9dico, el maestro de Asclepio, el amigo de los hombres y el consejero de un Apolo enamorado.<\/p>","protected":false},"excerpt":{"rendered":"<p>Sobre la mandr\u00e1gora, planta que crece en la sombra de los bosques y junto a las aguas, all\u00ed donde retrocede la luz y se acumula la noche, Borges escribe (El libro de los seres imaginarios) que un antiguo m\u00e9dico crey\u00f3 poder identificarla con aquella m\u00f4ly de la Odisea, la droga [&hellip;]<\/p>\n","protected":false},"author":31,"featured_media":0,"comment_status":"open","ping_status":"open","sticky":false,"template":"","format":"standard","meta":{"footnotes":""},"categories":[75],"tags":[],"class_list":["post-719","post","type-post","status-publish","format-standard","hentry","category-letras-y-cuentos"],"yoast_head":"<!-- This site is optimized with the Yoast SEO plugin v27.5 - https:\/\/yoast.com\/product\/yoast-seo-wordpress\/ -->\n<title>Bosques, ra\u00edces, lluvia, r\u00edos, monta\u00f1as - Revista Rambla<\/title>\n<meta name=\"description\" content=\"Sobre la mandr\u00e1gora, planta que crece en la sombra de los bosques y junto a las aguas, all\u00ed donde retrocede la luz y se acumula la noche, Borges escribe...\" \/>\n<meta name=\"robots\" content=\"index, follow, max-snippet:-1, max-image-preview:large, max-video-preview:-1\" \/>\n<link rel=\"canonical\" href=\"https:\/\/www.revistarambla.com\/en\/bosques-raices-lluvia-rios-montanas\/\" \/>\n<meta property=\"og:locale\" content=\"en_GB\" \/>\n<meta property=\"og:type\" content=\"article\" \/>\n<meta property=\"og:title\" content=\"Bosques, ra\u00edces, lluvia, r\u00edos, monta\u00f1as - Revista Rambla\" \/>\n<meta property=\"og:description\" content=\"Sobre la mandr\u00e1gora, planta que crece en la sombra de los bosques y junto a las aguas, all\u00ed donde retrocede la luz y se acumula la noche, Borges escribe...\" \/>\n<meta property=\"og:url\" content=\"https:\/\/www.revistarambla.com\/en\/bosques-raices-lluvia-rios-montanas\/\" \/>\n<meta property=\"og:site_name\" content=\"Revista Rambla\" \/>\n<meta property=\"article:publisher\" content=\"https:\/\/www.facebook.com\/revistarambla\/\" \/>\n<meta property=\"article:published_time\" content=\"2011-01-13T09:17:36+00:00\" \/>\n<meta property=\"article:modified_time\" content=\"2023-12-29T12:45:04+00:00\" \/>\n<meta property=\"og:image\" content=\"https:\/\/www.revistarambla.com\/wp-content\/uploads\/2011\/01\/dibujo1.jpg\" \/>\n<meta name=\"author\" content=\"Aida M\u00edguez Barciela\" \/>\n<meta name=\"twitter:card\" content=\"summary_large_image\" \/>\n<meta name=\"twitter:creator\" content=\"@revistarambla\" \/>\n<meta name=\"twitter:site\" content=\"@revistarambla\" \/>\n<meta name=\"twitter:label1\" content=\"Written by\" \/>\n\t<meta name=\"twitter:data1\" content=\"Aida M\u00edguez Barciela\" \/>\n\t<meta name=\"twitter:label2\" content=\"Estimated reading time\" \/>\n\t<meta name=\"twitter:data2\" content=\"3 minutes\" \/>\n<script type=\"application\/ld+json\" class=\"yoast-schema-graph\">{\"@context\":\"https:\\\/\\\/schema.org\",\"@graph\":[{\"@type\":\"Article\",\"@id\":\"https:\\\/\\\/www.revistarambla.com\\\/bosques-raices-lluvia-rios-montanas\\\/#article\",\"isPartOf\":{\"@id\":\"https:\\\/\\\/www.revistarambla.com\\\/bosques-raices-lluvia-rios-montanas\\\/\"},\"author\":{\"name\":\"Aida M\u00edguez Barciela\",\"@id\":\"https:\\\/\\\/www.revistarambla.com\\\/#\\\/schema\\\/person\\\/25a0419bcd668768d91ea2aed2fa2b3f\"},\"headline\":\"Bosques, ra\u00edces, lluvia, r\u00edos, monta\u00f1as\",\"datePublished\":\"2011-01-13T09:17:36+00:00\",\"dateModified\":\"2023-12-29T12:45:04+00:00\",\"mainEntityOfPage\":{\"@id\":\"https:\\\/\\\/www.revistarambla.com\\\/bosques-raices-lluvia-rios-montanas\\\/\"},\"wordCount\":689,\"commentCount\":0,\"publisher\":{\"@id\":\"https:\\\/\\\/www.revistarambla.com\\\/#organization\"},\"image\":{\"@id\":\"https:\\\/\\\/www.revistarambla.com\\\/bosques-raices-lluvia-rios-montanas\\\/#primaryimage\"},\"thumbnailUrl\":\"https:\\\/\\\/www.revistarambla.com\\\/wp-content\\\/uploads\\\/2011\\\/01\\\/dibujo1.jpg\",\"articleSection\":[\"Letras y Cuentos\"],\"inLanguage\":\"en-GB\",\"potentialAction\":[{\"@type\":\"CommentAction\",\"name\":\"Comment\",\"target\":[\"https:\\\/\\\/www.revistarambla.com\\\/bosques-raices-lluvia-rios-montanas\\\/#respond\"]}]},{\"@type\":\"WebPage\",\"@id\":\"https:\\\/\\\/www.revistarambla.com\\\/bosques-raices-lluvia-rios-montanas\\\/\",\"url\":\"https:\\\/\\\/www.revistarambla.com\\\/bosques-raices-lluvia-rios-montanas\\\/\",\"name\":\"Bosques, ra\u00edces, lluvia, r\u00edos, monta\u00f1as - Revista Rambla\",\"isPartOf\":{\"@id\":\"https:\\\/\\\/www.revistarambla.com\\\/#website\"},\"primaryImageOfPage\":{\"@id\":\"https:\\\/\\\/www.revistarambla.com\\\/bosques-raices-lluvia-rios-montanas\\\/#primaryimage\"},\"image\":{\"@id\":\"https:\\\/\\\/www.revistarambla.com\\\/bosques-raices-lluvia-rios-montanas\\\/#primaryimage\"},\"thumbnailUrl\":\"https:\\\/\\\/www.revistarambla.com\\\/wp-content\\\/uploads\\\/2011\\\/01\\\/dibujo1.jpg\",\"datePublished\":\"2011-01-13T09:17:36+00:00\",\"dateModified\":\"2023-12-29T12:45:04+00:00\",\"description\":\"Sobre la mandr\u00e1gora, planta que crece en la sombra de los bosques y junto a las aguas, all\u00ed donde retrocede la luz y se acumula la noche, Borges escribe...\",\"breadcrumb\":{\"@id\":\"https:\\\/\\\/www.revistarambla.com\\\/bosques-raices-lluvia-rios-montanas\\\/#breadcrumb\"},\"inLanguage\":\"en-GB\",\"potentialAction\":[{\"@type\":\"ReadAction\",\"target\":[\"https:\\\/\\\/www.revistarambla.com\\\/bosques-raices-lluvia-rios-montanas\\\/\"]}]},{\"@type\":\"ImageObject\",\"inLanguage\":\"en-GB\",\"@id\":\"https:\\\/\\\/www.revistarambla.com\\\/bosques-raices-lluvia-rios-montanas\\\/#primaryimage\",\"url\":\"https:\\\/\\\/www.revistarambla.com\\\/wp-content\\\/uploads\\\/2011\\\/01\\\/dibujo1.jpg\",\"contentUrl\":\"https:\\\/\\\/www.revistarambla.com\\\/wp-content\\\/uploads\\\/2011\\\/01\\\/dibujo1.jpg\"},{\"@type\":\"BreadcrumbList\",\"@id\":\"https:\\\/\\\/www.revistarambla.com\\\/bosques-raices-lluvia-rios-montanas\\\/#breadcrumb\",\"itemListElement\":[{\"@type\":\"ListItem\",\"position\":1,\"name\":\"Portada\",\"item\":\"https:\\\/\\\/www.revistarambla.com\\\/\"},{\"@type\":\"ListItem\",\"position\":2,\"name\":\"Bosques, ra\u00edces, lluvia, r\u00edos, monta\u00f1as\"}]},{\"@type\":\"WebSite\",\"@id\":\"https:\\\/\\\/www.revistarambla.com\\\/#website\",\"url\":\"https:\\\/\\\/www.revistarambla.com\\\/\",\"name\":\"Revista Rambla Barcelona\",\"description\":\"Periodismo independiente\",\"publisher\":{\"@id\":\"https:\\\/\\\/www.revistarambla.com\\\/#organization\"},\"potentialAction\":[{\"@type\":\"SearchAction\",\"target\":{\"@type\":\"EntryPoint\",\"urlTemplate\":\"https:\\\/\\\/www.revistarambla.com\\\/?s={search_term_string}\"},\"query-input\":{\"@type\":\"PropertyValueSpecification\",\"valueRequired\":true,\"valueName\":\"search_term_string\"}}],\"inLanguage\":\"en-GB\"},{\"@type\":\"Organization\",\"@id\":\"https:\\\/\\\/www.revistarambla.com\\\/#organization\",\"name\":\"Revista Rambla\",\"url\":\"https:\\\/\\\/www.revistarambla.com\\\/\",\"logo\":{\"@type\":\"ImageObject\",\"inLanguage\":\"en-GB\",\"@id\":\"https:\\\/\\\/www.revistarambla.com\\\/#\\\/schema\\\/logo\\\/image\\\/\",\"url\":\"https:\\\/\\\/www.revistarambla.com\\\/wp-content\\\/uploads\\\/2020\\\/09\\\/banner_rambla_1900x600_BB.png\",\"contentUrl\":\"https:\\\/\\\/www.revistarambla.com\\\/wp-content\\\/uploads\\\/2020\\\/09\\\/banner_rambla_1900x600_BB.png\",\"width\":1900,\"height\":600,\"caption\":\"Revista Rambla\"},\"image\":{\"@id\":\"https:\\\/\\\/www.revistarambla.com\\\/#\\\/schema\\\/logo\\\/image\\\/\"},\"sameAs\":[\"https:\\\/\\\/www.facebook.com\\\/revistarambla\\\/\",\"https:\\\/\\\/x.com\\\/revistarambla\",\"https:\\\/\\\/www.instagram.com\\\/revista_rambla\",\"https:\\\/\\\/es.linkedin.com\\\/company\\\/revista-rambla\"]},{\"@type\":\"Person\",\"@id\":\"https:\\\/\\\/www.revistarambla.com\\\/#\\\/schema\\\/person\\\/25a0419bcd668768d91ea2aed2fa2b3f\",\"name\":\"Aida M\u00edguez Barciela\",\"description\":\"Doctora en Filosof\u00eda por la Universidad de Barcelona. Su trabajo de investigaci\u00f3n se centra en la hermen\u00e9utica de los textos griegos antiguos.\"}]}<\/script>\n<!-- \/ Yoast SEO plugin. -->","yoast_head_json":{"title":"Bosques, ra\u00edces, lluvia, r\u00edos, monta\u00f1as - Revista Rambla","description":"Sobre la mandr\u00e1gora, planta que crece en la sombra de los bosques y junto a las aguas, all\u00ed donde retrocede la luz y se acumula la noche, Borges escribe...","robots":{"index":"index","follow":"follow","max-snippet":"max-snippet:-1","max-image-preview":"max-image-preview:large","max-video-preview":"max-video-preview:-1"},"canonical":"https:\/\/www.revistarambla.com\/en\/bosques-raices-lluvia-rios-montanas\/","og_locale":"en_GB","og_type":"article","og_title":"Bosques, ra\u00edces, lluvia, r\u00edos, monta\u00f1as - Revista Rambla","og_description":"Sobre la mandr\u00e1gora, planta que crece en la sombra de los bosques y junto a las aguas, all\u00ed donde retrocede la luz y se acumula la noche, Borges escribe...","og_url":"https:\/\/www.revistarambla.com\/en\/bosques-raices-lluvia-rios-montanas\/","og_site_name":"Revista Rambla","article_publisher":"https:\/\/www.facebook.com\/revistarambla\/","article_published_time":"2011-01-13T09:17:36+00:00","article_modified_time":"2023-12-29T12:45:04+00:00","og_image":[{"url":"https:\/\/www.revistarambla.com\/wp-content\/uploads\/2011\/01\/dibujo1.jpg","type":"","width":"","height":""}],"author":"Aida M\u00edguez Barciela","twitter_card":"summary_large_image","twitter_creator":"@revistarambla","twitter_site":"@revistarambla","twitter_misc":{"Written by":"Aida M\u00edguez Barciela","Estimated reading time":"3 minutes"},"schema":{"@context":"https:\/\/schema.org","@graph":[{"@type":"Article","@id":"https:\/\/www.revistarambla.com\/bosques-raices-lluvia-rios-montanas\/#article","isPartOf":{"@id":"https:\/\/www.revistarambla.com\/bosques-raices-lluvia-rios-montanas\/"},"author":{"name":"Aida M\u00edguez Barciela","@id":"https:\/\/www.revistarambla.com\/#\/schema\/person\/25a0419bcd668768d91ea2aed2fa2b3f"},"headline":"Bosques, ra\u00edces, lluvia, r\u00edos, monta\u00f1as","datePublished":"2011-01-13T09:17:36+00:00","dateModified":"2023-12-29T12:45:04+00:00","mainEntityOfPage":{"@id":"https:\/\/www.revistarambla.com\/bosques-raices-lluvia-rios-montanas\/"},"wordCount":689,"commentCount":0,"publisher":{"@id":"https:\/\/www.revistarambla.com\/#organization"},"image":{"@id":"https:\/\/www.revistarambla.com\/bosques-raices-lluvia-rios-montanas\/#primaryimage"},"thumbnailUrl":"https:\/\/www.revistarambla.com\/wp-content\/uploads\/2011\/01\/dibujo1.jpg","articleSection":["Letras y Cuentos"],"inLanguage":"en-GB","potentialAction":[{"@type":"CommentAction","name":"Comment","target":["https:\/\/www.revistarambla.com\/bosques-raices-lluvia-rios-montanas\/#respond"]}]},{"@type":"WebPage","@id":"https:\/\/www.revistarambla.com\/bosques-raices-lluvia-rios-montanas\/","url":"https:\/\/www.revistarambla.com\/bosques-raices-lluvia-rios-montanas\/","name":"Bosques, ra\u00edces, lluvia, r\u00edos, monta\u00f1as - Revista Rambla","isPartOf":{"@id":"https:\/\/www.revistarambla.com\/#website"},"primaryImageOfPage":{"@id":"https:\/\/www.revistarambla.com\/bosques-raices-lluvia-rios-montanas\/#primaryimage"},"image":{"@id":"https:\/\/www.revistarambla.com\/bosques-raices-lluvia-rios-montanas\/#primaryimage"},"thumbnailUrl":"https:\/\/www.revistarambla.com\/wp-content\/uploads\/2011\/01\/dibujo1.jpg","datePublished":"2011-01-13T09:17:36+00:00","dateModified":"2023-12-29T12:45:04+00:00","description":"Sobre la mandr\u00e1gora, planta que crece en la sombra de los bosques y junto a las aguas, all\u00ed donde retrocede la luz y se acumula la noche, Borges escribe...","breadcrumb":{"@id":"https:\/\/www.revistarambla.com\/bosques-raices-lluvia-rios-montanas\/#breadcrumb"},"inLanguage":"en-GB","potentialAction":[{"@type":"ReadAction","target":["https:\/\/www.revistarambla.com\/bosques-raices-lluvia-rios-montanas\/"]}]},{"@type":"ImageObject","inLanguage":"en-GB","@id":"https:\/\/www.revistarambla.com\/bosques-raices-lluvia-rios-montanas\/#primaryimage","url":"https:\/\/www.revistarambla.com\/wp-content\/uploads\/2011\/01\/dibujo1.jpg","contentUrl":"https:\/\/www.revistarambla.com\/wp-content\/uploads\/2011\/01\/dibujo1.jpg"},{"@type":"BreadcrumbList","@id":"https:\/\/www.revistarambla.com\/bosques-raices-lluvia-rios-montanas\/#breadcrumb","itemListElement":[{"@type":"ListItem","position":1,"name":"Portada","item":"https:\/\/www.revistarambla.com\/"},{"@type":"ListItem","position":2,"name":"Bosques, ra\u00edces, lluvia, r\u00edos, monta\u00f1as"}]},{"@type":"WebSite","@id":"https:\/\/www.revistarambla.com\/#website","url":"https:\/\/www.revistarambla.com\/","name":"Revista Rambla Barcelona","description":"Periodismo independiente","publisher":{"@id":"https:\/\/www.revistarambla.com\/#organization"},"potentialAction":[{"@type":"SearchAction","target":{"@type":"EntryPoint","urlTemplate":"https:\/\/www.revistarambla.com\/?s={search_term_string}"},"query-input":{"@type":"PropertyValueSpecification","valueRequired":true,"valueName":"search_term_string"}}],"inLanguage":"en-GB"},{"@type":"Organization","@id":"https:\/\/www.revistarambla.com\/#organization","name":"Revista Rambla","url":"https:\/\/www.revistarambla.com\/","logo":{"@type":"ImageObject","inLanguage":"en-GB","@id":"https:\/\/www.revistarambla.com\/#\/schema\/logo\/image\/","url":"https:\/\/www.revistarambla.com\/wp-content\/uploads\/2020\/09\/banner_rambla_1900x600_BB.png","contentUrl":"https:\/\/www.revistarambla.com\/wp-content\/uploads\/2020\/09\/banner_rambla_1900x600_BB.png","width":1900,"height":600,"caption":"Revista Rambla"},"image":{"@id":"https:\/\/www.revistarambla.com\/#\/schema\/logo\/image\/"},"sameAs":["https:\/\/www.facebook.com\/revistarambla\/","https:\/\/x.com\/revistarambla","https:\/\/www.instagram.com\/revista_rambla","https:\/\/es.linkedin.com\/company\/revista-rambla"]},{"@type":"Person","@id":"https:\/\/www.revistarambla.com\/#\/schema\/person\/25a0419bcd668768d91ea2aed2fa2b3f","name":"Aida M\u00edguez Barciela","description":"Doctora en Filosof\u00eda por la Universidad de Barcelona. Su trabajo de investigaci\u00f3n se centra en la hermen\u00e9utica de los textos griegos antiguos."}]}},"_links":{"self":[{"href":"https:\/\/www.revistarambla.com\/en\/wp-json\/wp\/v2\/posts\/719","targetHints":{"allow":["GET"]}}],"collection":[{"href":"https:\/\/www.revistarambla.com\/en\/wp-json\/wp\/v2\/posts"}],"about":[{"href":"https:\/\/www.revistarambla.com\/en\/wp-json\/wp\/v2\/types\/post"}],"author":[{"embeddable":true,"href":"https:\/\/www.revistarambla.com\/en\/wp-json\/wp\/v2\/users\/31"}],"replies":[{"embeddable":true,"href":"https:\/\/www.revistarambla.com\/en\/wp-json\/wp\/v2\/comments?post=719"}],"version-history":[{"count":1,"href":"https:\/\/www.revistarambla.com\/en\/wp-json\/wp\/v2\/posts\/719\/revisions"}],"predecessor-version":[{"id":57811,"href":"https:\/\/www.revistarambla.com\/en\/wp-json\/wp\/v2\/posts\/719\/revisions\/57811"}],"wp:attachment":[{"href":"https:\/\/www.revistarambla.com\/en\/wp-json\/wp\/v2\/media?parent=719"}],"wp:term":[{"taxonomy":"category","embeddable":true,"href":"https:\/\/www.revistarambla.com\/en\/wp-json\/wp\/v2\/categories?post=719"},{"taxonomy":"post_tag","embeddable":true,"href":"https:\/\/www.revistarambla.com\/en\/wp-json\/wp\/v2\/tags?post=719"}],"curies":[{"name":"wp","href":"https:\/\/api.w.org\/{rel}","templated":true}]}}