{"id":7099,"date":"2015-04-05T07:42:54","date_gmt":"2015-04-05T07:42:54","guid":{"rendered":"https:\/\/www.revistarambla.com\/a-proposito-de-una-semana-cada-vez-menos-santa\/"},"modified":"2024-06-09T19:42:37","modified_gmt":"2024-06-09T17:42:37","slug":"a-proposito-de-una-semana-cada-vez-menos-santa","status":"publish","type":"post","link":"https:\/\/www.revistarambla.com\/en\/a-proposito-de-una-semana-cada-vez-menos-santa\/","title":{"rendered":"A prop\u00f3sito de una semana cada vez menos santa"},"content":{"rendered":"<p>Navegando por la red, le\u00ed en alg\u00fan lugar que la empresa alemana Trivago hab\u00eda realizado un estudio acerca de los destinos preferidos, por los europeos en general y los espa\u00f1oles en particular, para este periodo vacacional, la Semana Santa, que se nos viene encima. Entonces record\u00e9 que, all\u00e1 por el a\u00f1o 1919, los uruguayos ya resolvieron llamarla \u201cLa Semana de Turismo\u201d. Tal vez tuviera algo de prof\u00e9tico, o quiz\u00e1s fuera una casualidad. Sea como fuere, lo cierto es que la Semana Santa, hoy d\u00eda y casi cien a\u00f1os despu\u00e9s, ofrece serios s\u00edntomas que indicar\u00edan un cambio en esa direcci\u00f3n. En efecto, y ateni\u00e9ndonos a los resultados del estudio ya referido, uno puede identificar esa tendencia cada vez m\u00e1s evidente, que se dirige al parecer hacia una mutaci\u00f3n de lo religioso, hacia el olvido de un rito sagrado que ahora estar\u00eda por convertirse en otra cosa. Quisiera o no, los resultados estaban ah\u00ed. Y lo que dec\u00edan los n\u00fameros es que miles de personas reservaban esos d\u00edas libres para sacar a relucir su lado m\u00e1s aventurero. Al parecer, ya no importaba tanto la \u00faltima cena, el Domingo de Ramos, o el Lunes de Pascua. Ahora era el momento ideal para emprender un <a href=\"https:\/\/www.revistarambla.com\/en\/miscelanea\/viajes\/\">viaje<\/a>, esa experiencia inigualable que es dar el salto hacia lo desconocido.<\/p>\n<p>En este contexto, y siempre seg\u00fan el an\u00e1lisis realizado, los europeos prefer\u00edan moverse por el viejo continente, en ciudades como Londres, Par\u00eds, <a href=\"https:\/\/www.revistarambla.com\/en\/berlin-no-alemania\/\">Berl\u00edn<\/a> o Amsterdam. No me pareci\u00f3 que ninguno de esos destinos tuviera una motivaci\u00f3n de tipo espiritual, tampoco, y eso es cierto, ten\u00edan por qu\u00e9 significar lo contrario. En cualquier caso, se trataba de ciudades que ten\u00edan la misma relevancia tur\u00edstica en cualquier \u00e9poca del a\u00f1o, eran, al fin y al cabo, grandes urbes que recib\u00edan millones de visitantes anualmente. En este sentido, quiz\u00e1s lo m\u00e1s sencillo fuera concluir que ya no habl\u00e1bamos de una decisi\u00f3n de car\u00e1cter religioso, sino de algo meramente l\u00fadico. Pero en fin, bien es cierto que podr\u00edan no ser m\u00e1s que especulaciones, no infundadas, desde luego, pero especulaciones a fin de cuentas.<\/p>\n<p>El caso es que, a grandes rasgos, los destinos preferidos de los espa\u00f1oles no difer\u00edan demasiado de los de nuestros vecinos los europeos, y de hecho solo nos distanciaba el orden de esas preferencias. No obstante, no pude evitar sorprenderme cuando vi que, entre ciudades como Par\u00eds, Londres o Roma, se colaba la ciudad de Sevilla. Ah\u00ed es cuando me di cuenta de que otro punto de vista era posible, s\u00ed, pod\u00eda ser que quedara algo de ese halo m\u00edstico que se le supon\u00eda a la Semana Santa. Bien es sabido que es en la capital andaluza donde m\u00e1s importancia adquiere esta celebraci\u00f3n cristiana. Y, en efecto, la elecci\u00f3n de este destino pod\u00eda significar que el recuerdo de la Pasi\u00f3n de cristo no hab\u00eda ca\u00eddo todav\u00eda en el olvido, al menos no en nuestro pa\u00eds. Pero entonces, cuando quise evocar algunas de esas escenas m\u00edticas, ca\u00ed en la cuenta de que yo s\u00ed las hab\u00eda olvidado. Lo que yo no sab\u00eda es que aquel d\u00eda era mi d\u00eda de suerte.<\/p>\n<p>Entonces me puse a navegar de nuevo, en busca de aquella historia que se me escapaba como humo entre los dedos. Descubr\u00ed que todo empezaba con la celebraci\u00f3n de la Pascua jud\u00eda, cuando Jes\u00fas decidi\u00f3 entrar en la ciudad de Jerusal\u00e9n a lomos de un asno. Dec\u00edan los expertos que aquello no era algo casual, al contrario. Formaba parte de una de esas profec\u00edas acerca del mes\u00edas, quien deb\u00eda entrar en la ciudad precisamente de esa manera y precisamente aquel d\u00eda. Luego se suced\u00edan algunos episodios que no dejaban de intrigarme. Jes\u00fas entraba en el templo y destru\u00eda los stands de mercaderes y cambistas, quienes hab\u00edan convertido aquello en poco menos que un mercadillo. S\u00ed, por lo visto aquellos tipos aprovechaban la ocasi\u00f3n para ganarse un dinero a costa de los fieles, que deb\u00edan pagar cierto impuesto para poder realizar su sacrificio a Yahv\u00e9, all\u00ed, en el interior del enorme templo que le hab\u00edan dedicado. Era durante la Pascua Jud\u00eda, tal vez debamos recordarlo. Una festividad durante la cual se rememoraba el d\u00eda en que los israelitas hab\u00edan logrado huir de Egipto, de la mano de Dios y su profeta Mois\u00e9s. No se sab\u00eda nada de Cristo, cuidado, pero en Jerusal\u00e9n ya se celebraba otro hecho memorable. Y ah\u00ed, precisamente, es cuando volv\u00ed a preguntarme ciertas cosas. Si, tal y como dec\u00edan las sagradas escrituras, Jes\u00fas cen\u00f3 con sus disc\u00edpulos, fue entregado a las autoridades y despu\u00e9s ejecutado en d\u00edas concretos, \u00bfPor qu\u00e9 ahora cambi\u00e1bamos las fechas cada a\u00f1o? \u00bfPor qu\u00e9 no celebrarlo tal d\u00eda de tal mes? Pues bien, al parecer eso ten\u00eda que ver con el calendario lunar.<\/p>\n<p>As\u00ed que segu\u00ed navegando por la red, en busca de una nueva respuesta a una nueva pregunta. Entonces di con la tecla. Los evangelios afirmaban con bastante unanimidad que el episodio de la \u00faltima cena y el del jard\u00edn de Getseman\u00ed (all\u00ed donde Judas entreg\u00f3 a Cristo), sucedieron bajo la luz de la primera luna llena despu\u00e9s del equinoccio de primavera. M\u00e1s tarde, y cuando ya hab\u00eda pasados cientos de a\u00f1os despu\u00e9s de la muerte del mes\u00edas, y tras largas discusiones entre diferentes facciones del cristianismo primitivo, se concluy\u00f3 que la celebraci\u00f3n de la pasi\u00f3n de Jes\u00fas ten\u00eda que coincidir con la primera noche de primavera en la que la luna luciera en su plenitud.<\/p>\n<p>Llegados a este punto, mi cabeza iba recordando el caso de la Pascua jud\u00eda, la coincidencia en la fecha entre esta y la pasi\u00f3n de cristo, adem\u00e1s de la relaci\u00f3n directa entre la noche fat\u00eddica y ciertos acontecimientos astron\u00f3micos. Entonces me acord\u00e9 de que la Navidad tambi\u00e9n ten\u00eda algo que ver con las estrellas, esta vez durante el solsticio de invierno. De hecho, hab\u00eda le\u00eddo hac\u00eda alg\u00fan tiempo que, en realidad, la Navidad hab\u00eda sido Saturnalia; una festividad romana que celebraba el fin de los d\u00edas m\u00e1s oscuros del a\u00f1o, y la llegada de tiempos m\u00e1s pr\u00f3speros. Pero era una fiesta pagana, as\u00ed que los cristianos, con el prop\u00f3sito de erradicarla, optaron por sustituirla. En cualquier caso, la mirada hacia al cielo hab\u00eda sido una constante desde que el hombre se convirti\u00f3 en hombre, as\u00ed que por qu\u00e9 iban a ser menos los adeptos al cristianismo. Tal vez, despu\u00e9s de tanto tiempo, segu\u00edamos celebrando aquellos acontecimientos que suced\u00edan tan lejos, sucesos que se nos antojaban imposibles y que ahora quiz\u00e1s comprend\u00edamos mejor.<\/p>\n<p>Y al fin, despu\u00e9s de aquel largo periplo por la historia, llegu\u00e9 de nuevo al Uruguay de 1919. Ah\u00ed es cuando pens\u00e9 que si la Navidad hab\u00eda sido Saturnalia, si la Pascua hebrea segu\u00eda coincidiendo con la cristiana, si todas las festividades mutaron alg\u00fan d\u00eda, por qu\u00e9 no iba a hacerlo la Semana Santa. Y qui\u00e9n sabe. Puede que m\u00e1s pronto que tarde optemos por llamarla definitivamente la Semana de Turismo. Al fin y al cabo, viajar tambi\u00e9n tiene algo de m\u00edstico, esa incertidumbre que solo provoca hallarse ante lo desconocido. Y quiz\u00e1, en un futuro, sociedades modernas descubran que la Semana de Turismo era en realidad la Semana Santa, y que la Semana Santa hab\u00eda sido, al parecer, la celebraci\u00f3n de la llegada de vientos m\u00e1s favorables.<\/p>","protected":false},"excerpt":{"rendered":"<p>Navegando por la red, le\u00ed en alg\u00fan lugar que la empresa alemana Trivago hab\u00eda realizado un estudio acerca de los destinos preferidos, por los europeos en general y los espa\u00f1oles en particular, para este periodo vacacional, la Semana Santa, que se nos viene encima. Entonces record\u00e9 que, all\u00e1 por el [&hellip;]<\/p>\n","protected":false},"author":3,"featured_media":7098,"comment_status":"open","ping_status":"open","sticky":false,"template":"","format":"standard","meta":{"footnotes":""},"categories":[4],"tags":[],"class_list":["post-7099","post","type-post","status-publish","format-standard","has-post-thumbnail","hentry","category-cultura"],"yoast_head":"<!-- This site is optimized with the Yoast SEO plugin v27.5 - https:\/\/yoast.com\/product\/yoast-seo-wordpress\/ -->\n<title>A prop\u00f3sito de una semana cada vez menos santa - Revista Rambla<\/title>\n<meta name=\"description\" content=\"Entonces record\u00e9 que, all\u00e1 por el a\u00f1o 1919, los uruguayos resolvieron llamar a la Semana Santa, \u201cLa Semana de Turismo\u201d.\" \/>\n<meta name=\"robots\" content=\"index, follow, max-snippet:-1, max-image-preview:large, max-video-preview:-1\" \/>\n<link rel=\"canonical\" href=\"https:\/\/www.revistarambla.com\/en\/a-proposito-de-una-semana-cada-vez-menos-santa\/\" \/>\n<meta property=\"og:locale\" content=\"en_GB\" \/>\n<meta property=\"og:type\" content=\"article\" \/>\n<meta property=\"og:title\" content=\"A prop\u00f3sito de una semana cada vez menos santa - Revista Rambla\" \/>\n<meta property=\"og:description\" content=\"Entonces record\u00e9 que, all\u00e1 por el a\u00f1o 1919, los uruguayos resolvieron llamar a la Semana Santa, \u201cLa Semana de Turismo\u201d.\" \/>\n<meta property=\"og:url\" content=\"https:\/\/www.revistarambla.com\/en\/a-proposito-de-una-semana-cada-vez-menos-santa\/\" \/>\n<meta property=\"og:site_name\" content=\"Revista Rambla\" \/>\n<meta property=\"article:publisher\" content=\"https:\/\/www.facebook.com\/revistarambla\/\" \/>\n<meta property=\"article:author\" content=\"https:\/\/www.facebook.com\/revistarambla\" \/>\n<meta property=\"article:published_time\" content=\"2015-04-05T07:42:54+00:00\" \/>\n<meta property=\"article:modified_time\" content=\"2024-06-09T17:42:37+00:00\" \/>\n<meta property=\"og:image\" content=\"https:\/\/www.revistarambla.com\/wp-content\/uploads\/2015\/04\/santa_revistarambla_02.jpg\" \/>\n\t<meta property=\"og:image:width\" content=\"700\" \/>\n\t<meta property=\"og:image:height\" content=\"441\" \/>\n\t<meta property=\"og:image:type\" content=\"image\/jpeg\" \/>\n<meta name=\"author\" content=\"R@mbla\" \/>\n<meta name=\"twitter:card\" content=\"summary_large_image\" \/>\n<meta name=\"twitter:creator\" content=\"@revistarambla\" \/>\n<meta name=\"twitter:site\" content=\"@revistarambla\" \/>\n<meta name=\"twitter:label1\" content=\"Written by\" \/>\n\t<meta name=\"twitter:data1\" content=\"R@mbla\" \/>\n\t<meta name=\"twitter:label2\" content=\"Estimated reading time\" \/>\n\t<meta name=\"twitter:data2\" content=\"6 minutes\" \/>\n<script type=\"application\/ld+json\" class=\"yoast-schema-graph\">{\"@context\":\"https:\\\/\\\/schema.org\",\"@graph\":[{\"@type\":\"Article\",\"@id\":\"https:\\\/\\\/www.revistarambla.com\\\/a-proposito-de-una-semana-cada-vez-menos-santa\\\/#article\",\"isPartOf\":{\"@id\":\"https:\\\/\\\/www.revistarambla.com\\\/a-proposito-de-una-semana-cada-vez-menos-santa\\\/\"},\"author\":{\"name\":\"R@mbla\",\"@id\":\"https:\\\/\\\/www.revistarambla.com\\\/#\\\/schema\\\/person\\\/a146a5a2550b94981a75131180e1bd9c\"},\"headline\":\"A prop\u00f3sito de una semana cada vez menos santa\",\"datePublished\":\"2015-04-05T07:42:54+00:00\",\"dateModified\":\"2024-06-09T17:42:37+00:00\",\"mainEntityOfPage\":{\"@id\":\"https:\\\/\\\/www.revistarambla.com\\\/a-proposito-de-una-semana-cada-vez-menos-santa\\\/\"},\"wordCount\":1343,\"commentCount\":0,\"publisher\":{\"@id\":\"https:\\\/\\\/www.revistarambla.com\\\/#organization\"},\"image\":{\"@id\":\"https:\\\/\\\/www.revistarambla.com\\\/a-proposito-de-una-semana-cada-vez-menos-santa\\\/#primaryimage\"},\"thumbnailUrl\":\"https:\\\/\\\/www.revistarambla.com\\\/wp-content\\\/uploads\\\/2015\\\/04\\\/santa_revistarambla_02.jpg\",\"articleSection\":[\"Cultura\"],\"inLanguage\":\"en-GB\",\"potentialAction\":[{\"@type\":\"CommentAction\",\"name\":\"Comment\",\"target\":[\"https:\\\/\\\/www.revistarambla.com\\\/a-proposito-de-una-semana-cada-vez-menos-santa\\\/#respond\"]}]},{\"@type\":\"WebPage\",\"@id\":\"https:\\\/\\\/www.revistarambla.com\\\/a-proposito-de-una-semana-cada-vez-menos-santa\\\/\",\"url\":\"https:\\\/\\\/www.revistarambla.com\\\/a-proposito-de-una-semana-cada-vez-menos-santa\\\/\",\"name\":\"A prop\u00f3sito de una semana cada vez menos santa - Revista Rambla\",\"isPartOf\":{\"@id\":\"https:\\\/\\\/www.revistarambla.com\\\/#website\"},\"primaryImageOfPage\":{\"@id\":\"https:\\\/\\\/www.revistarambla.com\\\/a-proposito-de-una-semana-cada-vez-menos-santa\\\/#primaryimage\"},\"image\":{\"@id\":\"https:\\\/\\\/www.revistarambla.com\\\/a-proposito-de-una-semana-cada-vez-menos-santa\\\/#primaryimage\"},\"thumbnailUrl\":\"https:\\\/\\\/www.revistarambla.com\\\/wp-content\\\/uploads\\\/2015\\\/04\\\/santa_revistarambla_02.jpg\",\"datePublished\":\"2015-04-05T07:42:54+00:00\",\"dateModified\":\"2024-06-09T17:42:37+00:00\",\"description\":\"Entonces record\u00e9 que, all\u00e1 por el a\u00f1o 1919, los uruguayos resolvieron llamar a la Semana Santa, \u201cLa Semana de Turismo\u201d.\",\"breadcrumb\":{\"@id\":\"https:\\\/\\\/www.revistarambla.com\\\/a-proposito-de-una-semana-cada-vez-menos-santa\\\/#breadcrumb\"},\"inLanguage\":\"en-GB\",\"potentialAction\":[{\"@type\":\"ReadAction\",\"target\":[\"https:\\\/\\\/www.revistarambla.com\\\/a-proposito-de-una-semana-cada-vez-menos-santa\\\/\"]}]},{\"@type\":\"ImageObject\",\"inLanguage\":\"en-GB\",\"@id\":\"https:\\\/\\\/www.revistarambla.com\\\/a-proposito-de-una-semana-cada-vez-menos-santa\\\/#primaryimage\",\"url\":\"https:\\\/\\\/www.revistarambla.com\\\/wp-content\\\/uploads\\\/2015\\\/04\\\/santa_revistarambla_02.jpg\",\"contentUrl\":\"https:\\\/\\\/www.revistarambla.com\\\/wp-content\\\/uploads\\\/2015\\\/04\\\/santa_revistarambla_02.jpg\",\"width\":700,\"height\":441,\"caption\":\"semana santa\"},{\"@type\":\"BreadcrumbList\",\"@id\":\"https:\\\/\\\/www.revistarambla.com\\\/a-proposito-de-una-semana-cada-vez-menos-santa\\\/#breadcrumb\",\"itemListElement\":[{\"@type\":\"ListItem\",\"position\":1,\"name\":\"Portada\",\"item\":\"https:\\\/\\\/www.revistarambla.com\\\/\"},{\"@type\":\"ListItem\",\"position\":2,\"name\":\"A prop\u00f3sito de una semana cada vez menos santa\"}]},{\"@type\":\"WebSite\",\"@id\":\"https:\\\/\\\/www.revistarambla.com\\\/#website\",\"url\":\"https:\\\/\\\/www.revistarambla.com\\\/\",\"name\":\"Revista Rambla Barcelona\",\"description\":\"Periodismo independiente\",\"publisher\":{\"@id\":\"https:\\\/\\\/www.revistarambla.com\\\/#organization\"},\"potentialAction\":[{\"@type\":\"SearchAction\",\"target\":{\"@type\":\"EntryPoint\",\"urlTemplate\":\"https:\\\/\\\/www.revistarambla.com\\\/?s={search_term_string}\"},\"query-input\":{\"@type\":\"PropertyValueSpecification\",\"valueRequired\":true,\"valueName\":\"search_term_string\"}}],\"inLanguage\":\"en-GB\"},{\"@type\":\"Organization\",\"@id\":\"https:\\\/\\\/www.revistarambla.com\\\/#organization\",\"name\":\"Revista Rambla\",\"url\":\"https:\\\/\\\/www.revistarambla.com\\\/\",\"logo\":{\"@type\":\"ImageObject\",\"inLanguage\":\"en-GB\",\"@id\":\"https:\\\/\\\/www.revistarambla.com\\\/#\\\/schema\\\/logo\\\/image\\\/\",\"url\":\"https:\\\/\\\/www.revistarambla.com\\\/wp-content\\\/uploads\\\/2020\\\/09\\\/banner_rambla_1900x600_BB.png\",\"contentUrl\":\"https:\\\/\\\/www.revistarambla.com\\\/wp-content\\\/uploads\\\/2020\\\/09\\\/banner_rambla_1900x600_BB.png\",\"width\":1900,\"height\":600,\"caption\":\"Revista Rambla\"},\"image\":{\"@id\":\"https:\\\/\\\/www.revistarambla.com\\\/#\\\/schema\\\/logo\\\/image\\\/\"},\"sameAs\":[\"https:\\\/\\\/www.facebook.com\\\/revistarambla\\\/\",\"https:\\\/\\\/x.com\\\/revistarambla\",\"https:\\\/\\\/www.instagram.com\\\/revista_rambla\",\"https:\\\/\\\/es.linkedin.com\\\/company\\\/revista-rambla\"]},{\"@type\":\"Person\",\"@id\":\"https:\\\/\\\/www.revistarambla.com\\\/#\\\/schema\\\/person\\\/a146a5a2550b94981a75131180e1bd9c\",\"name\":\"R@mbla\",\"description\":\"Este art\u00edculo ha sido redactado y\\\/o validado por el equipo de redacci\u00f3n de Revista Rambla.\",\"sameAs\":[\"https:\\\/\\\/www.revistarambla.com\\\/\",\"https:\\\/\\\/www.facebook.com\\\/revistarambla\",\"https:\\\/\\\/x.com\\\/revistarambla\"]}]}<\/script>\n<!-- \/ Yoast SEO plugin. -->","yoast_head_json":{"title":"A prop\u00f3sito de una semana cada vez menos santa - Revista Rambla","description":"Entonces record\u00e9 que, all\u00e1 por el a\u00f1o 1919, los uruguayos resolvieron llamar a la Semana Santa, \u201cLa Semana de Turismo\u201d.","robots":{"index":"index","follow":"follow","max-snippet":"max-snippet:-1","max-image-preview":"max-image-preview:large","max-video-preview":"max-video-preview:-1"},"canonical":"https:\/\/www.revistarambla.com\/en\/a-proposito-de-una-semana-cada-vez-menos-santa\/","og_locale":"en_GB","og_type":"article","og_title":"A prop\u00f3sito de una semana cada vez menos santa - Revista Rambla","og_description":"Entonces record\u00e9 que, all\u00e1 por el a\u00f1o 1919, los uruguayos resolvieron llamar a la Semana Santa, \u201cLa Semana de Turismo\u201d.","og_url":"https:\/\/www.revistarambla.com\/en\/a-proposito-de-una-semana-cada-vez-menos-santa\/","og_site_name":"Revista Rambla","article_publisher":"https:\/\/www.facebook.com\/revistarambla\/","article_author":"https:\/\/www.facebook.com\/revistarambla","article_published_time":"2015-04-05T07:42:54+00:00","article_modified_time":"2024-06-09T17:42:37+00:00","og_image":[{"width":700,"height":441,"url":"https:\/\/www.revistarambla.com\/wp-content\/uploads\/2015\/04\/santa_revistarambla_02.jpg","type":"image\/jpeg"}],"author":"R@mbla","twitter_card":"summary_large_image","twitter_creator":"@revistarambla","twitter_site":"@revistarambla","twitter_misc":{"Written by":"R@mbla","Estimated reading time":"6 minutes"},"schema":{"@context":"https:\/\/schema.org","@graph":[{"@type":"Article","@id":"https:\/\/www.revistarambla.com\/a-proposito-de-una-semana-cada-vez-menos-santa\/#article","isPartOf":{"@id":"https:\/\/www.revistarambla.com\/a-proposito-de-una-semana-cada-vez-menos-santa\/"},"author":{"name":"R@mbla","@id":"https:\/\/www.revistarambla.com\/#\/schema\/person\/a146a5a2550b94981a75131180e1bd9c"},"headline":"A prop\u00f3sito de una semana cada vez menos santa","datePublished":"2015-04-05T07:42:54+00:00","dateModified":"2024-06-09T17:42:37+00:00","mainEntityOfPage":{"@id":"https:\/\/www.revistarambla.com\/a-proposito-de-una-semana-cada-vez-menos-santa\/"},"wordCount":1343,"commentCount":0,"publisher":{"@id":"https:\/\/www.revistarambla.com\/#organization"},"image":{"@id":"https:\/\/www.revistarambla.com\/a-proposito-de-una-semana-cada-vez-menos-santa\/#primaryimage"},"thumbnailUrl":"https:\/\/www.revistarambla.com\/wp-content\/uploads\/2015\/04\/santa_revistarambla_02.jpg","articleSection":["Cultura"],"inLanguage":"en-GB","potentialAction":[{"@type":"CommentAction","name":"Comment","target":["https:\/\/www.revistarambla.com\/a-proposito-de-una-semana-cada-vez-menos-santa\/#respond"]}]},{"@type":"WebPage","@id":"https:\/\/www.revistarambla.com\/a-proposito-de-una-semana-cada-vez-menos-santa\/","url":"https:\/\/www.revistarambla.com\/a-proposito-de-una-semana-cada-vez-menos-santa\/","name":"A prop\u00f3sito de una semana cada vez menos santa - Revista Rambla","isPartOf":{"@id":"https:\/\/www.revistarambla.com\/#website"},"primaryImageOfPage":{"@id":"https:\/\/www.revistarambla.com\/a-proposito-de-una-semana-cada-vez-menos-santa\/#primaryimage"},"image":{"@id":"https:\/\/www.revistarambla.com\/a-proposito-de-una-semana-cada-vez-menos-santa\/#primaryimage"},"thumbnailUrl":"https:\/\/www.revistarambla.com\/wp-content\/uploads\/2015\/04\/santa_revistarambla_02.jpg","datePublished":"2015-04-05T07:42:54+00:00","dateModified":"2024-06-09T17:42:37+00:00","description":"Entonces record\u00e9 que, all\u00e1 por el a\u00f1o 1919, los uruguayos resolvieron llamar a la Semana Santa, \u201cLa Semana de Turismo\u201d.","breadcrumb":{"@id":"https:\/\/www.revistarambla.com\/a-proposito-de-una-semana-cada-vez-menos-santa\/#breadcrumb"},"inLanguage":"en-GB","potentialAction":[{"@type":"ReadAction","target":["https:\/\/www.revistarambla.com\/a-proposito-de-una-semana-cada-vez-menos-santa\/"]}]},{"@type":"ImageObject","inLanguage":"en-GB","@id":"https:\/\/www.revistarambla.com\/a-proposito-de-una-semana-cada-vez-menos-santa\/#primaryimage","url":"https:\/\/www.revistarambla.com\/wp-content\/uploads\/2015\/04\/santa_revistarambla_02.jpg","contentUrl":"https:\/\/www.revistarambla.com\/wp-content\/uploads\/2015\/04\/santa_revistarambla_02.jpg","width":700,"height":441,"caption":"semana santa"},{"@type":"BreadcrumbList","@id":"https:\/\/www.revistarambla.com\/a-proposito-de-una-semana-cada-vez-menos-santa\/#breadcrumb","itemListElement":[{"@type":"ListItem","position":1,"name":"Portada","item":"https:\/\/www.revistarambla.com\/"},{"@type":"ListItem","position":2,"name":"A prop\u00f3sito de una semana cada vez menos santa"}]},{"@type":"WebSite","@id":"https:\/\/www.revistarambla.com\/#website","url":"https:\/\/www.revistarambla.com\/","name":"Revista Rambla Barcelona","description":"Periodismo independiente","publisher":{"@id":"https:\/\/www.revistarambla.com\/#organization"},"potentialAction":[{"@type":"SearchAction","target":{"@type":"EntryPoint","urlTemplate":"https:\/\/www.revistarambla.com\/?s={search_term_string}"},"query-input":{"@type":"PropertyValueSpecification","valueRequired":true,"valueName":"search_term_string"}}],"inLanguage":"en-GB"},{"@type":"Organization","@id":"https:\/\/www.revistarambla.com\/#organization","name":"Revista Rambla","url":"https:\/\/www.revistarambla.com\/","logo":{"@type":"ImageObject","inLanguage":"en-GB","@id":"https:\/\/www.revistarambla.com\/#\/schema\/logo\/image\/","url":"https:\/\/www.revistarambla.com\/wp-content\/uploads\/2020\/09\/banner_rambla_1900x600_BB.png","contentUrl":"https:\/\/www.revistarambla.com\/wp-content\/uploads\/2020\/09\/banner_rambla_1900x600_BB.png","width":1900,"height":600,"caption":"Revista Rambla"},"image":{"@id":"https:\/\/www.revistarambla.com\/#\/schema\/logo\/image\/"},"sameAs":["https:\/\/www.facebook.com\/revistarambla\/","https:\/\/x.com\/revistarambla","https:\/\/www.instagram.com\/revista_rambla","https:\/\/es.linkedin.com\/company\/revista-rambla"]},{"@type":"Person","@id":"https:\/\/www.revistarambla.com\/#\/schema\/person\/a146a5a2550b94981a75131180e1bd9c","name":"R@mbla","description":"Este art\u00edculo ha sido redactado y\/o validado por el equipo de redacci\u00f3n de Revista Rambla.","sameAs":["https:\/\/www.revistarambla.com\/","https:\/\/www.facebook.com\/revistarambla","https:\/\/x.com\/revistarambla"]}]}},"_links":{"self":[{"href":"https:\/\/www.revistarambla.com\/en\/wp-json\/wp\/v2\/posts\/7099","targetHints":{"allow":["GET"]}}],"collection":[{"href":"https:\/\/www.revistarambla.com\/en\/wp-json\/wp\/v2\/posts"}],"about":[{"href":"https:\/\/www.revistarambla.com\/en\/wp-json\/wp\/v2\/types\/post"}],"author":[{"embeddable":true,"href":"https:\/\/www.revistarambla.com\/en\/wp-json\/wp\/v2\/users\/3"}],"replies":[{"embeddable":true,"href":"https:\/\/www.revistarambla.com\/en\/wp-json\/wp\/v2\/comments?post=7099"}],"version-history":[{"count":2,"href":"https:\/\/www.revistarambla.com\/en\/wp-json\/wp\/v2\/posts\/7099\/revisions"}],"predecessor-version":[{"id":60941,"href":"https:\/\/www.revistarambla.com\/en\/wp-json\/wp\/v2\/posts\/7099\/revisions\/60941"}],"wp:featuredmedia":[{"embeddable":true,"href":"https:\/\/www.revistarambla.com\/en\/wp-json\/wp\/v2\/media\/7098"}],"wp:attachment":[{"href":"https:\/\/www.revistarambla.com\/en\/wp-json\/wp\/v2\/media?parent=7099"}],"wp:term":[{"taxonomy":"category","embeddable":true,"href":"https:\/\/www.revistarambla.com\/en\/wp-json\/wp\/v2\/categories?post=7099"},{"taxonomy":"post_tag","embeddable":true,"href":"https:\/\/www.revistarambla.com\/en\/wp-json\/wp\/v2\/tags?post=7099"}],"curies":[{"name":"wp","href":"https:\/\/api.w.org\/{rel}","templated":true}]}}