{"id":7074,"date":"2015-04-01T03:12:55","date_gmt":"2015-04-01T03:12:55","guid":{"rendered":"https:\/\/www.revistarambla.com\/los-juristas-se-rebelan-contra-las-leyes-mordaza-de-rajoy\/"},"modified":"2024-06-10T00:01:40","modified_gmt":"2024-06-09T22:01:40","slug":"espana-hacia-la-cadena-perpetua","status":"publish","type":"post","link":"https:\/\/www.revistarambla.com\/en\/espana-hacia-la-cadena-perpetua\/","title":{"rendered":"Espa\u00f1a: hacia la cadena perpetua"},"content":{"rendered":"<p>Ante un nuevo C\u00f3digo Penal aprobado en solitario por el Partido Popular y denunciado por la oposici\u00f3n y organizaciones de Derechos Humanos de todo el mundo como un atropello a las libertades democr\u00e1ticas, los Catedr\u00e1ticos de Derecho Penal de treinta y tres universidades tambi\u00e9n se plantan y exigen su derogaci\u00f3n. Cada vez son m\u00e1s las voces que en <a href=\"https:\/\/www.revistarambla.com\/en\/actualidad\/estado-espanol\/\">Espa\u00f1a<\/a> se alzan contra la reforma del C\u00f3digo Penal aprobada en solitario por el Partido Popular. La nueva norma es, desde sus primeros borradores, rechazada de lleno por la oposici\u00f3n que la ve como un atropello a los derechos b\u00e1sicos de reuni\u00f3n, expresi\u00f3n e informaci\u00f3n de los ciudadanos; adem\u00e1s de rozar la inconstitucionalidad con la introducci\u00f3n de \u00abla prisi\u00f3n permanente revisable\u00bb, eufemismo para referirse a lo que, seg\u00fan muchos juristas, es una cadena perpetua. Amnist\u00eda Internacional y la ONU tampoco se quedaron calladas y en las \u00faltimas semanas presentaron sendos informes denunciando el \u00abgrave retroceso\u00bb para las libertades que significa el nuevo C\u00f3digo Penal y la Ley de Seguridad Ciudadana, la \u00abLey mordaza\u00bb.<\/p>\n<p>En primera l\u00ednea de fuego, tambi\u00e9n se plantaron los catedr\u00e1ticos en Derecho Penal de todo el pa\u00eds. Desde treinta y tres universidades, sesenta y tres profesores presentaron un manifiesto en el que acusan al PP de \u00abdeslealtad democr\u00e1tica\u00bb y le exigen \u00c8\u00bba la mayor\u00eda parlamentaria que se constituya tras las pr\u00f3ximas elecciones generales\u00bb que derogue las normas. Est\u00e1n indignados. Arremeten punto por punto contra lo que consideran un texto que \u00ab\u00c7bebe pol\u00edtico y criminalmente de las peores fuentes del siglo XX, de las corrientes m\u00e1s reaccionarias, m\u00e1s autoritarias\u00bb y que, adem\u00e1s, desde un punto de vista estrictamente jur\u00eddico, \u00abpresenta una enorme pobreza t\u00e9cnica \u017dy el deliberado y constante uso de t\u00e9rminos ambiguos\u00bb, seg\u00fan declaran los abogados en su manifiesto.<\/p>\n<p>Rafael Rebollo Vargas, catedr\u00e1tico de Derecho Penal de la Universidad Aut\u00f3noma de Barcelona y uno de los firmantes del texto, detalla los porqu\u00e9s de su ferviente rechazo a la reforma legal de los conservadores.<\/p>\n<h2>Entrevista a Rafael Rebollo Vargas<\/h2>\n<p>\u00bfLa pena de \u00abprisi\u00f3n permanente revisable\u00bb que incorpora la nueva ley es, en efecto, cadena perpetua?<\/p>\n<p>Absolutamente, yo no voy a usar eufemismos. Hay que hablar de cadena perpetua porque una pena de duraci\u00f3n indeterminada en donde se prev\u00e9 la revisi\u00f3n reci\u00e9n a los 25 o 35 a\u00f1os y el recluso a\u00fan est\u00e1 sujeto a que le digan que no va a salir nunca, eso es lo que es. La comprobaci\u00f3n de la pena a los 35 a\u00f1os es contraria a la capacidad f\u00edsica de reinsertarse en la sociedad y se aleja completamente del tiempo m\u00ednimo utilizado en el contexto europeo.<\/p>\n<p>En los pa\u00edses de nuestro entorno la pena se revisa a los doce, los quince o los veinte a\u00f1os y, adem\u00e1s, el t\u00e9rmino medio de privaci\u00f3n de libertad es de veinte a\u00f1os, no como en Espa\u00f1a que es de cuarenta y, en casos de terrorismo, con la posibilidad, adem\u00e1s de a\u00f1adir otros diez de libertad vigilada. Nosotros ya tenemos penas muy largas, \u00bfeso no es suficiente? Al parecer no, porque reponemos ahora esta cadena perpetua- desaparecida en Espa\u00f1a en 1928- donde se revisar\u00e1 la pena sin ninguna garant\u00eda de que la persona quede libre.<\/p>\n<p>La ONU y Amnist\u00eda Internacional denuncian a la reforma espa\u00f1ola como una amenaza hacia los Derechos Humanos y el resto de partidos pol\u00edticos tambi\u00e9n se opone en bloque, \u00bfla mayor\u00eda absoluta del PP puede contra todo eso?<\/p>\n<p>En el Senado ya han sido rechazadas las siete enmiendas presentadas por la oposici\u00f3n y ahora la ley est\u00e1 en pleno tr\u00e1mite parlamentario. Una vez que entre en vigor, imagino que los grupos legislativos la recurrir\u00e1n y veremos qu\u00e9 pasa.<\/p>\n<p>Por otra parte, el Tribunal Europeo de Derechos Humanos ha sacado una sentencia en la que condena al Reino Unido por aplicar la cadena perpetua sin revisi\u00f3n, ya que vulnera al art\u00edculo 3 sobre Derechos Humanos de la Comunidad Europea. El Gobierno espa\u00f1ol insiste en que el Tribunal Europeo admite la norma, pero lo cierto es que lo hace solo con la posibilidad cierta de que el recluso pueda recuperar su libertad, garant\u00eda que aqu\u00ed es inexistente.<\/p>\n<p>\u00bfCree que la cadena perpetua es \u00fatil para combatir el delito?<\/p>\n<p>Es el mismo debate que con la pena de muerte. No hay evidencia a\u00fan de que los Estados que la implementan hayan reducido m\u00e1s la delincuencia que otros y, adem\u00e1s, mis compa\u00f1eros y yo compartimos la idea de que es mejor la prevenci\u00f3n que el castigo. Preferimos las alternativas a la privaci\u00f3n de la libertad y tratar de incluir en la sociedad a quienes han delinquido, antes que excluirlos.<\/p>\n<p>La cadena perpetua es mala idea porque, crimin\u00f3logos y penalistas, partimos de la base de que las personas cambian y el derecho a cambiar es parte de la dignidad humana.<\/p>\n<p>Recientemente, los l\u00edderes del Partido Popular y el Socialista firmaron un pacto antiyihadista que recoge muchas de las medidas del nuevo C\u00f3digo Penal, \u00bfla amenaza terrorista en Espa\u00f1a es tan grande como para justificar este endurecimiento de la ley?<\/p>\n<p>Estamos en un pa\u00eds que ha sido capaz de juzgar el atentado del 11-M y condenar a sus autores, as\u00ed como desestructurar a una de las bandas terroristas m\u00e1s peligrosas de Europa. Entonces me pregunto, \u00bfes necesaria una reforma del C\u00f3digo Penal que bordee los l\u00edmites de la inconstitucionalidad?<br \/>\nEst\u00e1n gobernando desde el miedo, desde lo sucedido con <a href=\"https:\/\/www.revistarambla.com\/en\/el-humor-acido-de-charlie-hebdo-con-el-terremoto-de-turquia\/\">Charlie Hebdo<\/a> y esto es una estrategia electoralista para dar respuesta al voto del miedo. Eso s\u00ed, lo que olvida Rajoy es que la criminalidad ha bajado, seg\u00fan sus propias estad\u00edsticas, en los \u00faltimos quince a\u00f1os un 15 % y que Espa\u00f1a es uno de los pa\u00edses m\u00e1s seguros de Europa.<\/p>\n<p>Adem\u00e1s, este Estado ten\u00eda en origen un C\u00f3digo Penal que era uno de los m\u00e1s avanzados del continente, pero, desde su creaci\u00f3n en 1995, ha sufrido veinticinco reformas, muchas veces respondiendo simplemente a titulares de prensa.<\/p>\n<p>En su manifiesto, los catedr\u00e1ticos de Derecho Penal tambi\u00e9n atacan a la Ley de Seguridad Ciudadana del PP. \u00bfQu\u00e9 es lo que la convierte en \u00abley Mordaza\u00bb, como la llaman todos?<\/p>\n<p>La crisis econ\u00f3mica y los recortes sociales han provocado un incremento de la protesta social y el Gobierno, en lugar de mostrarse comprensible, al amparo de esta ley ha hecho un uso m\u00e1s violento de las fuerzas del orden y ha incrementado las multas a organizadores y participantes en manifestaciones. La \u00abley Mordaza\u00bb convierte determinadas infracciones penales en sanciones administrativas y las hurta del control judicial, adem\u00e1s de imponerles cuant\u00edas desmesuradas que llegan hasta los 30 mil euros.<\/p>\n<p>Tambi\u00e9n se criminalizan conductas que hasta ahora formaban parte del n\u00facleo de nuestros derechos esenciales y muchos actos que eran considerados como faltas ahora se tipifican como delitos, es decir, que pasan a estar sujetos a penas de prisi\u00f3n. En el presente, por ejemplo, un grupo de activistas que durante media hora proteste en una oficina de un banco, puede ser encerrado desde 6 meses hasta un a\u00f1o en la c\u00e1rcel.<\/p>\n<p>As\u00ed que los objetivos claros de esta nueva norma son la estigmatizaci\u00f3n de los movimientos sociales, la ampliaci\u00f3n de la potestad de las fuerzas de seguridad p\u00fablicas y privadas y, sobre todo, el silenciamiento de la protesta ciudadana, a todo lo cual nos oponemos radicalmente.<\/p>","protected":false},"excerpt":{"rendered":"<p>Ante un nuevo C\u00f3digo Penal aprobado en solitario por el Partido Popular y denunciado por la oposici\u00f3n y organizaciones de Derechos Humanos de todo el mundo como un atropello a las libertades democr\u00e1ticas, los Catedr\u00e1ticos de Derecho Penal de treinta y tres universidades tambi\u00e9n se plantan y exigen su derogaci\u00f3n. [&hellip;]<\/p>\n","protected":false},"author":3,"featured_media":7073,"comment_status":"open","ping_status":"open","sticky":false,"template":"","format":"standard","meta":{"footnotes":""},"categories":[58],"tags":[],"class_list":["post-7074","post","type-post","status-publish","format-standard","has-post-thumbnail","hentry","category-estado-espanol"],"yoast_head":"<!-- This site is optimized with the Yoast SEO plugin v27.5 - https:\/\/yoast.com\/product\/yoast-seo-wordpress\/ -->\n<title>Espa\u00f1a: hacia la cadena perpetua - Revista Rambla<\/title>\n<meta name=\"description\" content=\"Entrevista a Rafael Rebollo Vargas. La pena de \u00abprisi\u00f3n permanente revisable\u00bb que incorpora la nueva ley es, en efecto, cadena perpetua.\" \/>\n<meta name=\"robots\" content=\"index, follow, max-snippet:-1, max-image-preview:large, max-video-preview:-1\" \/>\n<link rel=\"canonical\" href=\"https:\/\/www.revistarambla.com\/en\/espana-hacia-la-cadena-perpetua\/\" \/>\n<meta property=\"og:locale\" content=\"en_GB\" \/>\n<meta property=\"og:type\" content=\"article\" \/>\n<meta property=\"og:title\" content=\"Espa\u00f1a: hacia la cadena perpetua - Revista Rambla\" \/>\n<meta property=\"og:description\" content=\"Entrevista a Rafael Rebollo Vargas. La pena de \u00abprisi\u00f3n permanente revisable\u00bb que incorpora la nueva ley es, en efecto, cadena perpetua.\" \/>\n<meta property=\"og:url\" content=\"https:\/\/www.revistarambla.com\/en\/espana-hacia-la-cadena-perpetua\/\" \/>\n<meta property=\"og:site_name\" content=\"Revista Rambla\" \/>\n<meta property=\"article:publisher\" content=\"https:\/\/www.facebook.com\/revistarambla\/\" \/>\n<meta property=\"article:author\" content=\"https:\/\/www.facebook.com\/revistarambla\" \/>\n<meta property=\"article:published_time\" content=\"2015-04-01T03:12:55+00:00\" \/>\n<meta property=\"article:modified_time\" content=\"2024-06-09T22:01:40+00:00\" \/>\n<meta property=\"og:image\" content=\"https:\/\/www.revistarambla.com\/wp-content\/uploads\/2015\/04\/derecho-revistarambla-02.jpg\" \/>\n\t<meta property=\"og:image:width\" content=\"700\" \/>\n\t<meta property=\"og:image:height\" content=\"433\" \/>\n\t<meta property=\"og:image:type\" content=\"image\/jpeg\" \/>\n<meta name=\"author\" content=\"R@mbla\" \/>\n<meta name=\"twitter:card\" content=\"summary_large_image\" \/>\n<meta name=\"twitter:creator\" content=\"@revistarambla\" \/>\n<meta name=\"twitter:site\" content=\"@revistarambla\" \/>\n<meta name=\"twitter:label1\" content=\"Written by\" \/>\n\t<meta name=\"twitter:data1\" content=\"R@mbla\" \/>\n\t<meta name=\"twitter:label2\" content=\"Estimated reading time\" \/>\n\t<meta name=\"twitter:data2\" content=\"6 minutes\" \/>\n<script type=\"application\/ld+json\" class=\"yoast-schema-graph\">{\"@context\":\"https:\\\/\\\/schema.org\",\"@graph\":[{\"@type\":\"Article\",\"@id\":\"https:\\\/\\\/www.revistarambla.com\\\/espana-hacia-la-cadena-perpetua\\\/#article\",\"isPartOf\":{\"@id\":\"https:\\\/\\\/www.revistarambla.com\\\/espana-hacia-la-cadena-perpetua\\\/\"},\"author\":{\"name\":\"R@mbla\",\"@id\":\"https:\\\/\\\/www.revistarambla.com\\\/#\\\/schema\\\/person\\\/a146a5a2550b94981a75131180e1bd9c\"},\"headline\":\"Espa\u00f1a: hacia la cadena perpetua\",\"datePublished\":\"2015-04-01T03:12:55+00:00\",\"dateModified\":\"2024-06-09T22:01:40+00:00\",\"mainEntityOfPage\":{\"@id\":\"https:\\\/\\\/www.revistarambla.com\\\/espana-hacia-la-cadena-perpetua\\\/\"},\"wordCount\":1306,\"commentCount\":0,\"publisher\":{\"@id\":\"https:\\\/\\\/www.revistarambla.com\\\/#organization\"},\"image\":{\"@id\":\"https:\\\/\\\/www.revistarambla.com\\\/espana-hacia-la-cadena-perpetua\\\/#primaryimage\"},\"thumbnailUrl\":\"https:\\\/\\\/www.revistarambla.com\\\/wp-content\\\/uploads\\\/2015\\\/04\\\/derecho-revistarambla-02.jpg\",\"articleSection\":[\"Estado Espa\u00f1ol\"],\"inLanguage\":\"en-GB\",\"potentialAction\":[{\"@type\":\"CommentAction\",\"name\":\"Comment\",\"target\":[\"https:\\\/\\\/www.revistarambla.com\\\/espana-hacia-la-cadena-perpetua\\\/#respond\"]}]},{\"@type\":\"WebPage\",\"@id\":\"https:\\\/\\\/www.revistarambla.com\\\/espana-hacia-la-cadena-perpetua\\\/\",\"url\":\"https:\\\/\\\/www.revistarambla.com\\\/espana-hacia-la-cadena-perpetua\\\/\",\"name\":\"Espa\u00f1a: hacia la cadena perpetua - Revista Rambla\",\"isPartOf\":{\"@id\":\"https:\\\/\\\/www.revistarambla.com\\\/#website\"},\"primaryImageOfPage\":{\"@id\":\"https:\\\/\\\/www.revistarambla.com\\\/espana-hacia-la-cadena-perpetua\\\/#primaryimage\"},\"image\":{\"@id\":\"https:\\\/\\\/www.revistarambla.com\\\/espana-hacia-la-cadena-perpetua\\\/#primaryimage\"},\"thumbnailUrl\":\"https:\\\/\\\/www.revistarambla.com\\\/wp-content\\\/uploads\\\/2015\\\/04\\\/derecho-revistarambla-02.jpg\",\"datePublished\":\"2015-04-01T03:12:55+00:00\",\"dateModified\":\"2024-06-09T22:01:40+00:00\",\"description\":\"Entrevista a Rafael Rebollo Vargas. La pena de \u00abprisi\u00f3n permanente revisable\u00bb que incorpora la nueva ley es, en efecto, cadena perpetua.\",\"breadcrumb\":{\"@id\":\"https:\\\/\\\/www.revistarambla.com\\\/espana-hacia-la-cadena-perpetua\\\/#breadcrumb\"},\"inLanguage\":\"en-GB\",\"potentialAction\":[{\"@type\":\"ReadAction\",\"target\":[\"https:\\\/\\\/www.revistarambla.com\\\/espana-hacia-la-cadena-perpetua\\\/\"]}]},{\"@type\":\"ImageObject\",\"inLanguage\":\"en-GB\",\"@id\":\"https:\\\/\\\/www.revistarambla.com\\\/espana-hacia-la-cadena-perpetua\\\/#primaryimage\",\"url\":\"https:\\\/\\\/www.revistarambla.com\\\/wp-content\\\/uploads\\\/2015\\\/04\\\/derecho-revistarambla-02.jpg\",\"contentUrl\":\"https:\\\/\\\/www.revistarambla.com\\\/wp-content\\\/uploads\\\/2015\\\/04\\\/derecho-revistarambla-02.jpg\",\"width\":700,\"height\":433,\"caption\":\"Entrevista a Rafael Rebollo Vargas sobre la cadena perpetua\"},{\"@type\":\"BreadcrumbList\",\"@id\":\"https:\\\/\\\/www.revistarambla.com\\\/espana-hacia-la-cadena-perpetua\\\/#breadcrumb\",\"itemListElement\":[{\"@type\":\"ListItem\",\"position\":1,\"name\":\"Portada\",\"item\":\"https:\\\/\\\/www.revistarambla.com\\\/\"},{\"@type\":\"ListItem\",\"position\":2,\"name\":\"Espa\u00f1a: hacia la cadena perpetua\"}]},{\"@type\":\"WebSite\",\"@id\":\"https:\\\/\\\/www.revistarambla.com\\\/#website\",\"url\":\"https:\\\/\\\/www.revistarambla.com\\\/\",\"name\":\"Revista Rambla Barcelona\",\"description\":\"Periodismo independiente\",\"publisher\":{\"@id\":\"https:\\\/\\\/www.revistarambla.com\\\/#organization\"},\"potentialAction\":[{\"@type\":\"SearchAction\",\"target\":{\"@type\":\"EntryPoint\",\"urlTemplate\":\"https:\\\/\\\/www.revistarambla.com\\\/?s={search_term_string}\"},\"query-input\":{\"@type\":\"PropertyValueSpecification\",\"valueRequired\":true,\"valueName\":\"search_term_string\"}}],\"inLanguage\":\"en-GB\"},{\"@type\":\"Organization\",\"@id\":\"https:\\\/\\\/www.revistarambla.com\\\/#organization\",\"name\":\"Revista Rambla\",\"url\":\"https:\\\/\\\/www.revistarambla.com\\\/\",\"logo\":{\"@type\":\"ImageObject\",\"inLanguage\":\"en-GB\",\"@id\":\"https:\\\/\\\/www.revistarambla.com\\\/#\\\/schema\\\/logo\\\/image\\\/\",\"url\":\"https:\\\/\\\/www.revistarambla.com\\\/wp-content\\\/uploads\\\/2020\\\/09\\\/banner_rambla_1900x600_BB.png\",\"contentUrl\":\"https:\\\/\\\/www.revistarambla.com\\\/wp-content\\\/uploads\\\/2020\\\/09\\\/banner_rambla_1900x600_BB.png\",\"width\":1900,\"height\":600,\"caption\":\"Revista Rambla\"},\"image\":{\"@id\":\"https:\\\/\\\/www.revistarambla.com\\\/#\\\/schema\\\/logo\\\/image\\\/\"},\"sameAs\":[\"https:\\\/\\\/www.facebook.com\\\/revistarambla\\\/\",\"https:\\\/\\\/x.com\\\/revistarambla\",\"https:\\\/\\\/www.instagram.com\\\/revista_rambla\",\"https:\\\/\\\/es.linkedin.com\\\/company\\\/revista-rambla\"]},{\"@type\":\"Person\",\"@id\":\"https:\\\/\\\/www.revistarambla.com\\\/#\\\/schema\\\/person\\\/a146a5a2550b94981a75131180e1bd9c\",\"name\":\"R@mbla\",\"description\":\"Este art\u00edculo ha sido redactado y\\\/o validado por el equipo de redacci\u00f3n de Revista Rambla.\",\"sameAs\":[\"https:\\\/\\\/www.revistarambla.com\\\/\",\"https:\\\/\\\/www.facebook.com\\\/revistarambla\",\"https:\\\/\\\/x.com\\\/revistarambla\"]}]}<\/script>\n<!-- \/ Yoast SEO plugin. -->","yoast_head_json":{"title":"Espa\u00f1a: hacia la cadena perpetua - Revista Rambla","description":"Entrevista a Rafael Rebollo Vargas. La pena de \u00abprisi\u00f3n permanente revisable\u00bb que incorpora la nueva ley es, en efecto, cadena perpetua.","robots":{"index":"index","follow":"follow","max-snippet":"max-snippet:-1","max-image-preview":"max-image-preview:large","max-video-preview":"max-video-preview:-1"},"canonical":"https:\/\/www.revistarambla.com\/en\/espana-hacia-la-cadena-perpetua\/","og_locale":"en_GB","og_type":"article","og_title":"Espa\u00f1a: hacia la cadena perpetua - Revista Rambla","og_description":"Entrevista a Rafael Rebollo Vargas. La pena de \u00abprisi\u00f3n permanente revisable\u00bb que incorpora la nueva ley es, en efecto, cadena perpetua.","og_url":"https:\/\/www.revistarambla.com\/en\/espana-hacia-la-cadena-perpetua\/","og_site_name":"Revista Rambla","article_publisher":"https:\/\/www.facebook.com\/revistarambla\/","article_author":"https:\/\/www.facebook.com\/revistarambla","article_published_time":"2015-04-01T03:12:55+00:00","article_modified_time":"2024-06-09T22:01:40+00:00","og_image":[{"width":700,"height":433,"url":"https:\/\/www.revistarambla.com\/wp-content\/uploads\/2015\/04\/derecho-revistarambla-02.jpg","type":"image\/jpeg"}],"author":"R@mbla","twitter_card":"summary_large_image","twitter_creator":"@revistarambla","twitter_site":"@revistarambla","twitter_misc":{"Written by":"R@mbla","Estimated reading time":"6 minutes"},"schema":{"@context":"https:\/\/schema.org","@graph":[{"@type":"Article","@id":"https:\/\/www.revistarambla.com\/espana-hacia-la-cadena-perpetua\/#article","isPartOf":{"@id":"https:\/\/www.revistarambla.com\/espana-hacia-la-cadena-perpetua\/"},"author":{"name":"R@mbla","@id":"https:\/\/www.revistarambla.com\/#\/schema\/person\/a146a5a2550b94981a75131180e1bd9c"},"headline":"Espa\u00f1a: hacia la cadena perpetua","datePublished":"2015-04-01T03:12:55+00:00","dateModified":"2024-06-09T22:01:40+00:00","mainEntityOfPage":{"@id":"https:\/\/www.revistarambla.com\/espana-hacia-la-cadena-perpetua\/"},"wordCount":1306,"commentCount":0,"publisher":{"@id":"https:\/\/www.revistarambla.com\/#organization"},"image":{"@id":"https:\/\/www.revistarambla.com\/espana-hacia-la-cadena-perpetua\/#primaryimage"},"thumbnailUrl":"https:\/\/www.revistarambla.com\/wp-content\/uploads\/2015\/04\/derecho-revistarambla-02.jpg","articleSection":["Estado Espa\u00f1ol"],"inLanguage":"en-GB","potentialAction":[{"@type":"CommentAction","name":"Comment","target":["https:\/\/www.revistarambla.com\/espana-hacia-la-cadena-perpetua\/#respond"]}]},{"@type":"WebPage","@id":"https:\/\/www.revistarambla.com\/espana-hacia-la-cadena-perpetua\/","url":"https:\/\/www.revistarambla.com\/espana-hacia-la-cadena-perpetua\/","name":"Espa\u00f1a: hacia la cadena perpetua - Revista Rambla","isPartOf":{"@id":"https:\/\/www.revistarambla.com\/#website"},"primaryImageOfPage":{"@id":"https:\/\/www.revistarambla.com\/espana-hacia-la-cadena-perpetua\/#primaryimage"},"image":{"@id":"https:\/\/www.revistarambla.com\/espana-hacia-la-cadena-perpetua\/#primaryimage"},"thumbnailUrl":"https:\/\/www.revistarambla.com\/wp-content\/uploads\/2015\/04\/derecho-revistarambla-02.jpg","datePublished":"2015-04-01T03:12:55+00:00","dateModified":"2024-06-09T22:01:40+00:00","description":"Entrevista a Rafael Rebollo Vargas. La pena de \u00abprisi\u00f3n permanente revisable\u00bb que incorpora la nueva ley es, en efecto, cadena perpetua.","breadcrumb":{"@id":"https:\/\/www.revistarambla.com\/espana-hacia-la-cadena-perpetua\/#breadcrumb"},"inLanguage":"en-GB","potentialAction":[{"@type":"ReadAction","target":["https:\/\/www.revistarambla.com\/espana-hacia-la-cadena-perpetua\/"]}]},{"@type":"ImageObject","inLanguage":"en-GB","@id":"https:\/\/www.revistarambla.com\/espana-hacia-la-cadena-perpetua\/#primaryimage","url":"https:\/\/www.revistarambla.com\/wp-content\/uploads\/2015\/04\/derecho-revistarambla-02.jpg","contentUrl":"https:\/\/www.revistarambla.com\/wp-content\/uploads\/2015\/04\/derecho-revistarambla-02.jpg","width":700,"height":433,"caption":"Entrevista a Rafael Rebollo Vargas sobre la cadena perpetua"},{"@type":"BreadcrumbList","@id":"https:\/\/www.revistarambla.com\/espana-hacia-la-cadena-perpetua\/#breadcrumb","itemListElement":[{"@type":"ListItem","position":1,"name":"Portada","item":"https:\/\/www.revistarambla.com\/"},{"@type":"ListItem","position":2,"name":"Espa\u00f1a: hacia la cadena perpetua"}]},{"@type":"WebSite","@id":"https:\/\/www.revistarambla.com\/#website","url":"https:\/\/www.revistarambla.com\/","name":"Revista Rambla Barcelona","description":"Periodismo independiente","publisher":{"@id":"https:\/\/www.revistarambla.com\/#organization"},"potentialAction":[{"@type":"SearchAction","target":{"@type":"EntryPoint","urlTemplate":"https:\/\/www.revistarambla.com\/?s={search_term_string}"},"query-input":{"@type":"PropertyValueSpecification","valueRequired":true,"valueName":"search_term_string"}}],"inLanguage":"en-GB"},{"@type":"Organization","@id":"https:\/\/www.revistarambla.com\/#organization","name":"Revista Rambla","url":"https:\/\/www.revistarambla.com\/","logo":{"@type":"ImageObject","inLanguage":"en-GB","@id":"https:\/\/www.revistarambla.com\/#\/schema\/logo\/image\/","url":"https:\/\/www.revistarambla.com\/wp-content\/uploads\/2020\/09\/banner_rambla_1900x600_BB.png","contentUrl":"https:\/\/www.revistarambla.com\/wp-content\/uploads\/2020\/09\/banner_rambla_1900x600_BB.png","width":1900,"height":600,"caption":"Revista Rambla"},"image":{"@id":"https:\/\/www.revistarambla.com\/#\/schema\/logo\/image\/"},"sameAs":["https:\/\/www.facebook.com\/revistarambla\/","https:\/\/x.com\/revistarambla","https:\/\/www.instagram.com\/revista_rambla","https:\/\/es.linkedin.com\/company\/revista-rambla"]},{"@type":"Person","@id":"https:\/\/www.revistarambla.com\/#\/schema\/person\/a146a5a2550b94981a75131180e1bd9c","name":"R@mbla","description":"Este art\u00edculo ha sido redactado y\/o validado por el equipo de redacci\u00f3n de Revista Rambla.","sameAs":["https:\/\/www.revistarambla.com\/","https:\/\/www.facebook.com\/revistarambla","https:\/\/x.com\/revistarambla"]}]}},"_links":{"self":[{"href":"https:\/\/www.revistarambla.com\/en\/wp-json\/wp\/v2\/posts\/7074","targetHints":{"allow":["GET"]}}],"collection":[{"href":"https:\/\/www.revistarambla.com\/en\/wp-json\/wp\/v2\/posts"}],"about":[{"href":"https:\/\/www.revistarambla.com\/en\/wp-json\/wp\/v2\/types\/post"}],"author":[{"embeddable":true,"href":"https:\/\/www.revistarambla.com\/en\/wp-json\/wp\/v2\/users\/3"}],"replies":[{"embeddable":true,"href":"https:\/\/www.revistarambla.com\/en\/wp-json\/wp\/v2\/comments?post=7074"}],"version-history":[{"count":2,"href":"https:\/\/www.revistarambla.com\/en\/wp-json\/wp\/v2\/posts\/7074\/revisions"}],"predecessor-version":[{"id":60968,"href":"https:\/\/www.revistarambla.com\/en\/wp-json\/wp\/v2\/posts\/7074\/revisions\/60968"}],"wp:featuredmedia":[{"embeddable":true,"href":"https:\/\/www.revistarambla.com\/en\/wp-json\/wp\/v2\/media\/7073"}],"wp:attachment":[{"href":"https:\/\/www.revistarambla.com\/en\/wp-json\/wp\/v2\/media?parent=7074"}],"wp:term":[{"taxonomy":"category","embeddable":true,"href":"https:\/\/www.revistarambla.com\/en\/wp-json\/wp\/v2\/categories?post=7074"},{"taxonomy":"post_tag","embeddable":true,"href":"https:\/\/www.revistarambla.com\/en\/wp-json\/wp\/v2\/tags?post=7074"}],"curies":[{"name":"wp","href":"https:\/\/api.w.org\/{rel}","templated":true}]}}