{"id":707,"date":"2011-01-12T12:24:46","date_gmt":"2011-01-12T11:24:46","guid":{"rendered":"https:\/\/www.revistarambla.com\/feminismo-institucional\/"},"modified":"2022-09-15T18:04:16","modified_gmt":"2022-09-15T16:04:16","slug":"feminismo-institucional","status":"publish","type":"post","link":"https:\/\/www.revistarambla.com\/en\/feminismo-institucional\/","title":{"rendered":"Feminismo institucional"},"content":{"rendered":"<p><a href=\"https:\/\/www.revistarambla.com\/wp-content\/uploads\/2011\/01\/lidia11.jpg\"><img decoding=\"async\" class=\"aligncenter wp-image-705 size-full\" style=\"width: 550px; height: 309px;\" src=\"https:\/\/www.revistarambla.com\/wp-content\/uploads\/2011\/01\/lidia11.jpg\" alt=\"las mujeres lidia falc\u00f3n\" width=\"550\" height=\"309\" srcset=\"https:\/\/www.revistarambla.com\/wp-content\/uploads\/2011\/01\/lidia11.jpg 550w, https:\/\/www.revistarambla.com\/wp-content\/uploads\/2011\/01\/lidia11-300x169.jpg 300w, https:\/\/www.revistarambla.com\/wp-content\/uploads\/2011\/01\/lidia11-500x281.jpg 500w\" sizes=\"(max-width: 550px) 100vw, 550px\" \/><\/a><\/p>\n<p>El art\u00edculo de Laura Freixas publicado en <em><a href=\"https:\/\/www.lavanguardia.com\/\">La Vanguardia<\/a><\/em> el 23 de diciembre de 2010, a ra\u00edz del homenaje que me rindieron las compa\u00f1eras feministas estadounidenses, <strong>Linda G. Levine, Gloria Waldman, Elizabeth Starcievic y Kathleen Johnson<\/strong>, con la participaci\u00f3n de otras numerosas compa\u00f1eras y compa\u00f1eros, profesionales de distintas disciplinas, como pudisteis ver en los programas que os envi\u00e9, y del que agradezco los elogios que contiene, manifiesta sin embargo comentarios y cr\u00edticas a las que deseo y necesito responder, no solo por lo que a mi concierne sino tambi\u00e9n a las compa\u00f1eras americanas y espa\u00f1olas. Y sobre todo porque al censurar al <strong>Partido Feminista<\/strong>, al que califica de marginal y por tanto in\u00fatil al carecer de posibilidades algunas de acceder al poder, implica no solo tambi\u00e9n a las mujeres que conmigo est\u00e1n en diversas partes de Espa\u00f1a sino al proyecto en s\u00ed, de cuyo futuro dependen muchos avances del feminismo. Para ello considero necesario partir de una mirada m\u00e1s amplia que la de la inmediata actualidad.<\/p>\n<p>Resulta descalificatorio para m\u00ed que al referirse a mi recorrido biogr\u00e1fico con las detenciones y las prisiones que sufr\u00ed indique que son esas circunstancias las que conmueven a los americanos al no haber vivido ellos una \u00e9pica semejante desde hace siglos. Esta afirmaci\u00f3n, que suena a despectiva tanto en lo que se refiere al m\u00e9rito que yo pudiera tener \u2013en cuanto a escritora solo me lo reconoce en el de autora de memorias- como al criterio de las feministas estadounidenses es absolutamente injusta. En Estados Unidos, como en todo pa\u00eds, los resistentes antifascistas y revolucionarios han llenado las prisiones, han sido torturados y desaparecidos y hasta condenados a muerte y ejecutados como los esposos Rosenberg. El fascismo \u2013sea cual sea el nombre que adopte en cualquier pa\u00eds- es el enemigo de todo progreso y no descansa nunca en la lucha contra los heroicos dirigentes del avance de los pueblos. Desde los M\u00e1rtires de Chicago, a finales del siglo XIX, por cuyas muertes celebramos en el mundo entero el 1 de Mayo como d\u00eda Internacional del Trabajo, v\u00edctimas de asesinatos de Estado, hasta los de John Kennedy y Bob Kennedy, Martin Luther King, Malcolm X, la historia de las luchas sociales y pol\u00edticas de Estados Unidos est\u00e1n plenas de v\u00edctimas de la represi\u00f3n de las fuerzas m\u00e1s reaccionarias del poder. La etapa del McArthismo, hundi\u00f3 a cientos de intelectuales en el ostracismo, la persecuci\u00f3n y hasta la c\u00e1rcel, las huelgas llevaron a los hermanos Soledad a la c\u00e1rcel donde fueron asesinados, \u00c1ngela Davis purg\u00f3 con largos a\u00f1os de prisi\u00f3n ser comunista, ser negra, ser mujer, ser feminista. Las luchas por los Derechos Civiles provocaron la persecuci\u00f3n de miles de activistas negros y blancos, an\u00f3nimos para nosotras. Se ha olvidado en Europa que el mayo del 68 comenz\u00f3 en Estados Unidos, en la Universidad de Berkeley. La gran batalla que dieron los activistas contra la guerra de Vietnam, dentro del pa\u00eds que sosten\u00eda la contienda, les condujo a la represi\u00f3n y al exilio a muchos de ellos. La lucha de los activistas homosexuales motiv\u00f3 una represi\u00f3n feroz que lleg\u00f3 incluso a asesinar a su l\u00edder m\u00e1s conocido \u2013del que hicieron un pel\u00edcula hace poco-, y el D\u00eda del Orgullo Gay se conmemora en el mundo entero el d\u00eda que muri\u00f3 un joven perseguido por la polic\u00eda en una de las redadas que sufr\u00edan entonces los homosexuales. Las luchas feministas tambi\u00e9n perjudicaron a las mujeres, pioneras del Movimiento que luego se expandi\u00f3 durante el siglo XX por todo el mundo, que se atrevieron a desafiar el poder patriarcal y el poder pol\u00edtico. Kate Millet cuenta como la atacaron cuando escribi\u00f3 su libro Sexual Politic\u2019s y se declar\u00f3 p\u00fablicamente lesbiana, Robin Morgan y otras compa\u00f1eras fueron detenidas y encarceladas unos d\u00edas cuando se manifestaban por el feminismo. Bela Abzug, la m\u00edtica luchadora dem\u00f3crata y feminista, cuya presencia en el Senado y en el Congreso de los Estados Unidos fue el s\u00edmbolo de la coherencia, de la tenacidad, del empe\u00f1o de una mujer fuerte en defender sus ideales, sufri\u00f3 tambi\u00e9n m\u00faltiples represiones, ataques e insultos por los fascistas y los machistas de su pa\u00eds. As\u00ed como la batalla del aborto no ha concluido en EEUU. Hace solo dos a\u00f1os estuve en Washington en una de las innumerables marchas que el movimiento feminista ha organizado durante el \u00faltimo medio siglo por defender lo que llaman Free Choice, el derecho a escoger libremente la maternidad, soportando los gritos e insultos de los fan\u00e1ticos de Pro Vida, y en este momento se cuentan miles de ataques a las cl\u00ednicas de aborto y varios m\u00e9dicos asesinados, en diversas ciudades de los Estados Unidos, de los que Freixas parece no saber nada. Como saben bien ya los espa\u00f1oles, as\u00ed como otros pueblos de pa\u00edses supuestamente dem\u00f3cratas, no hace falta vivir bajo una dictadura para ser objeto de represi\u00f3n por parte del poder cuando te enfrentas a sus injusticias.<\/p>\n<p>Hacer desaparecer en una frase m\u00e1s de un siglo de luchas encarnizadas en EEUU por parte de cientos de miles de hombres y mujeres para lograr avances sindicales para los trabajadores, igualdad para las razas de color, el fin de las guerras de agresi\u00f3n imperialistas, el progreso para las clases sometidas y los derechos de la mujer y de los homosexuales, que les llevaron a sufrir persecuci\u00f3n, c\u00e1rcel, torturas y hasta muertes, dando una imagen de ese enorme, convulso y admirable pa\u00eds de postal de Navidad, es una de las frivolidades m\u00e1s tristes que se ha permitido Freixas en ese art\u00edculo.<\/p>\n<p>Desde el principio del resucitado Movimiento Feminista en 1975, la pol\u00e9mica desencadenada entre las militantes del feminismo independiente y las afiliadas a los partidos pol\u00edticos se ha perpetuado hasta la actualidad en que \u00e9stas \u00faltimas creen haber ganado la partida. Todav\u00eda satisfechas por lo que consideran su triunfo, ellas mismas no reconocer\u00e1n que a no ser por la decisi\u00f3n de las primeras- movidas por la indignada constataci\u00f3n de que los partidos de izquierda no estaban dispuestos a incluir en sus programas y acciones las reivindicaciones de las mujeres- de constituirse en asociaciones, grupos y colectivos independientes de los partidos para llevar a cabo las campa\u00f1as que liberaron definitivamente al feminismo del secuestro en que lo ten\u00edan los l\u00edderes \u2013y los militantes de base- pol\u00edticos, no se hubiera avanzado como se ha conseguido para situar los temas femeninos en un lugar, aunque sea secundario, de las preocupaciones gubernamentales y de los medios de comunicaci\u00f3n.<\/p>\n<p>Teniendo en cuenta que todas las que dirigimos el MF a partir de 1975 hab\u00edamos sido militantes de partidos clandestinos durante largos a\u00f1os en la dictadura, resultaba m\u00e1s escandaloso y evidente que nuestra salida a la superficie como feministas era un desaf\u00edo a nuestros dirigentes. Y \u00fanicamente cuando se hicieron p\u00fablicas nuestras cr\u00edticas- ins\u00f3litamente amargas y agresivas en quienes hab\u00edamos sido m\u00e1s o menos fieles partidarias- y nuestro enfrentamiento directo a los postulados de la izquierda oficial, comunistas y socialistas se acordaron de que las mujeres tambi\u00e9n ten\u00edamos voto.<\/p>\n<p>En aquellos tiempos no nos enga\u00f1aban los dirigentes, ni los que gobernaban ni los que desde la oposici\u00f3n pretend\u00edan hacerlo, con sus t\u00edmidas declaraciones de comprensi\u00f3n hacia nuestras demandas que en la pr\u00e1ctica no se traduc\u00edan en nada. No est\u00e1 de m\u00e1s recordar que en el momento de aprobaci\u00f3n de la Constituci\u00f3n no se hab\u00eda avanzado en el reconocimiento de los derechos de la mujer m\u00e1s que en la despenalizaci\u00f3n de los anticonceptivos y del adulterio, despu\u00e9s de tres a\u00f1os de dejarnos la piel- a veces literalmente- en las asambleas, congresos, manifestaciones y reclamaciones que hab\u00edamos presentado sistem\u00e1ticamente al gobierno, en campa\u00f1as en las que predominaba una colaboraci\u00f3n casi ejemplar por parte de la mayor\u00eda de los grupos feministas que ya se hab\u00edan creado en todo el Estado espa\u00f1ol.<\/p>\n<p>Los diez a\u00f1os de luchas ininterrumpidas que constituyen la edad de oro del feminismo espa\u00f1ol, de 1975 a 1985 cuando se dicta la sentencia del Constitucional sobre la reforma del C\u00f3digo Penal respecto a la interrupci\u00f3n voluntaria del embarazo, parecieron haber forjado unas alianzas sinceras y una uni\u00f3n duradera entre las tendencias del feminismo que se situaban en la izquierda. No me enga\u00f1\u00f3, sin embargo, aquella supuesta placidez en el seno del movimiento- que no lo era tanto-\u00a0 sobre todo cuando muy poco despu\u00e9s de iniciado, y en cuanto se convocaron las primeras elecciones, muchas de las dirigentes preparadas y con capacidad para la gesti\u00f3n y la direcci\u00f3n optaron por regresar o afiliarse a los partidos con posibilidades de obtener representaci\u00f3n parlamentaria y en consecuencia diversas cotas de poder en parlamentos, ayuntamientos y comunidades, as\u00ed como empleos, acceso a los medios de comunicaci\u00f3n m\u00e1s difundidos y diversas prebendas que todos sabemos. El resultado es ya conocido. El movimiento se descapitaliz\u00f3 de la mayor\u00eda de sus m\u00e1s conocidas dirigentes y solo quedamos en \u00e9l aquellas m\u00e1s firmemente convencidas de que la lucha, no solo es alegr\u00eda como dec\u00eda Mrs. Pankhurst -y cita Laura Freixas en un reduccionismo no inocente- sino tambi\u00e9n fidelidad a los principios, lealtad a quienes defiendes y representas\u00a0 y eficacia en la consecuci\u00f3n de tus objetivos.<\/p>\n<p>Sobre estos temas quiero plantear varias reflexiones:<\/p>\n<p><strong>La alegr\u00eda de la lucha a veces no es tanta como la entrega apasionada a la defensa de los derechos humanos, de los desprotegidos, de las mujeres, con el coste que tal integridad comporta.<\/strong><\/p>\n<p><img decoding=\"async\" class=\"alignright size-full wp-image-706\" style=\"width: 200px; height: 263px; margin-left: 8px; margin-right: 8px; float: right;\" src=\"https:\/\/www.revistarambla.com\/wp-content\/uploads\/2011\/01\/lidia%20falcon%201.jpg\" alt=\"alt\" width=\"200\" height=\"263\" \/>La lucha por una causa noble no solo proporciona un gran est\u00edmulo en la vida de quienes se entregan a ella, como resum\u00eda Emmeline Pankhurts en una hermosa y significativa frase. Resulta no solo sorprendente para quienes conoc\u00edamos a los protagonistas sino enormemente corruptor de la propia conciencia cambiar de planteamientos ideol\u00f3gicos para acceder a cargos de poder. Ese fen\u00f3meno que cada d\u00eda observamos y del que tenemos buenos ejemplos en la pol\u00edtica de los \u00faltimos a\u00f1os est\u00e1 suficientemente analizado y reconocido. La conversi\u00f3n de hombres y mujeres que fueron de izquierdas en pol\u00edticos de derechas con el prop\u00f3sito de promocionarse personalmente ha sido contemplada como una de las corrupciones a que hemos asistido escandalizados y que ha merecido la correspondiente cr\u00edtica. Precisamente estos d\u00edas se est\u00e1 discutiendo por el PSOE y el PP la aceptaci\u00f3n de los concejales llamados tr\u00e1nsfugas en sus listas electorales, con toda la carga peyorativa y despreciativa que tiene la palabra.<\/p>\n<p>As\u00ed mismo, la p\u00e9rdida de la convicci\u00f3n en el objetivo por el que se combate lleva a defender causas contradictorias con los intereses que poco antes se expon\u00edan como los \u00fanicos deseables. Como ejemplo de la traici\u00f3n de unos ideales que se cre\u00edan firmes nos lo dio el PSOE defendiendo arriscadamente la pertenencia de nuestro pa\u00eds a la OTAN muy poco despu\u00e9s de haberse pronunciado p\u00fablicamente en contra. El m\u00e1s penoso ejemplo en la actualidad de la traici\u00f3n a principios que deber\u00edan ser incuestionables tenemos la actuaci\u00f3n de nuestro gobierno respecto al pueblo saharaui a quien se ha abandonado miserablemente bajo la f\u00e9rula de Marruecos. Puede ser que los que act\u00faan as\u00ed se crean ellos mismos que est\u00e1n actuando honradamente, pero cualquier an\u00e1lisis objetivo desmiente toda posibilidad de excusa. C\u00f3mo duerme cada cual con las exigencias de su conciencia es un asunto privado.<\/p>\n<p>Por ser consecuentes con sus principios y el objetivo de su lucha han muerto miles de militantes de las m\u00e1s nobles causas, desde Olimpia de Gouges a Karo Siwa, pasando por Luther King, Ignacio Ellacur\u00eda, Rosa Luxemburgo o Ana Politkovskaya, sin recibir nada a cambio m\u00e1s que la persecuci\u00f3n, la tortura y la muerte. Puristas todos que no cambiaron su trayectoria pol\u00edtica por un despacho y un coche oficial. Por algo ser\u00e1 que tantos hombres y mujeres, en todas las \u00e9pocas, han dedicado su vida al progreso de la humanidad. La alegr\u00eda de la lucha a veces no es tanta como la entrega apasionada a la defensa de los derechos humanos, de los desprotegidos, de las mujeres, con el coste que tal integridad comporta.<\/p>\n<p>La lucha es tambi\u00e9n la responsabilidad hacia los que has defendido. Abandonando las trincheras m\u00e1s inc\u00f3modas y peligrosas y aceptando los alambicados eufemismos con que el poder justifica siempre su dejaci\u00f3n de principios, sus traiciones a los desfavorecidos, su complicidad con el capital y su rendici\u00f3n al imperio- v\u00e9ase los documentos de Wikileaks- se est\u00e1 traicionando a las v\u00edctimas de la rapi\u00f1a capitalista y de la opresi\u00f3n patriarcal. Que abandonen toda esperanza aquellos que confiaran en los que deb\u00edan defenderles.<\/p>\n<p>Sin embargo, un argumento en el que las defensoras de la tesis de Laura Freixas se hacen fuertes es en el de la eficacia de su estrategia. Cierto puede ser, aducen, que se haya hecho dejaci\u00f3n de algunos principios- pocos seg\u00fan ellas y no lo reconocen tampoco tan claramente- y que no se hayan podido llevar adelante todos los puntos del programa que se propusieron, pero la verdad es que desde una posici\u00f3n de poder es factible llevar a cabo realizaciones, reformas y transformaciones a favor de las mujeres que desde la marginalidad de un peque\u00f1o grupo de oposici\u00f3n nunca se pueden conseguir. Este argumento que es la columna vertebral de la defensa que todo tr\u00e1nsfuga, converso y posibilista hace de sus traiciones, dejaciones y huidas, les ha parecido siempre indiscutible y es esgrimido victoriosamente en todo debate sobre el tema.<\/p>\n<p>Pero si se examina con detenimiento y sin retorcer sectariamente la realidad, las estupendas reformas que las llamadas feministas institucionales, es decir las que colaboran con\u00a0 el gobierno del PSOE, han logrado en los \u00faltimos a\u00f1os no son tantas ni tan exitosas. La nunca tan celebrada Ley Integral contra la Violencia no demuestra en su recorrido la eficacia que le atribuyen, y no solo, aunque no menos, por el espantoso n\u00famero de mujeres asesinadas este a\u00f1o por hombres que muchos de ellos deb\u00edan cumplir una orden de alejamiento, sino tambi\u00e9n por no proteger m\u00e1s que a las esposas y compa\u00f1eras estables de los maltratadores, por abandonar a las mujeres prostituidas, por no defender a los ni\u00f1os maltratados y abusados, por no exigir responsabilidades a jueces, fiscales, forenses, psic\u00f3logos, asistentas sociales por el abandono de su deber de proteger a las v\u00edctimas, cuando se comete un crimen despu\u00e9s de haber sido denunciados los malos tratos, por haber permitido la impunidad de la campa\u00f1a que los machistas han hecho- con mucho \u00e9xito- sobre las denuncias falsas, por no haber creado la serie de servicios y comit\u00e9s que deben auxiliar a las mujeres y los ni\u00f1os, por no poner en funcionamiento todas las medidas de educaci\u00f3n, sanidad y servicios sociales, de que tan pomposamente alardea en su primera parte la ley. Y, por supuesto, por no dotar econ\u00f3micamente a la organizaci\u00f3n judicial y policial para que tenga medios con los que cumplir los imperativos legales que deb\u00eda establecer la norma. En definitiva, haber cedido, como hicieron, las mujeres socialistas al recorte de las exigencias que el Partido Feminista planteaba en el redactado de la ley, ha llevado a la inoperancia de la misma. Que se minimice la masacre que est\u00e1n sufriendo las mujeres como acaba de hacer el Observador de la Violencia, Miguel Lorente, diciendo que otros a\u00f1os ha habido m\u00e1s v\u00edctimas y que el a\u00f1o que viene ser\u00e1 mejor, y la defensa numantina de esa Ley, que al parecer es tan sagrada como las Tablas de Mois\u00e9s porque no se puede tocar, para que no se modifique, que todos los d\u00edas publicita la Presidenta de la Federaci\u00f3n de Mujeres Progresistas, para no poner al gobierno en el brete de aceptar su responsabilidad en el abandono de la protecci\u00f3n de las mujeres y obligarle a una reforma legal de la que huye como de la peste, no demuestra m\u00e1s que que el llamado feminismo institucional a quien \u00fanicamente sacrifica es a las v\u00edctimas.<\/p>\n<p>Si hablamos de la Ley de Igualdad, el resultado es todav\u00eda m\u00e1s rid\u00edculo. Despu\u00e9s de la implantaci\u00f3n de esa norma en el Parlamento hay dos mujeres menos que en la legislatura anterior, y, por supuesto, no ha crecido un \u00e1pice el n\u00famero de las que han accedido a cargos de responsabilidad: por no crecer ni siquiera en el gobierno en el que ya son menos que unos a\u00f1os atr\u00e1s y del que han salido dos muy cualificadas: la Vicepresidenta y la Ministra de Igualdad. Para qu\u00e9 hablar del avance de las trabajadoras, de las amas de casa, de las viudas, de las empresarias aut\u00f3nomas, de las profesionales, a las que la ley de Igualdad nunca las ha concernido.<\/p>\n<p>Quienes han mantenido el pulso con el gobierno y con los partidos de la derecha y sus medios de comunicaci\u00f3n, denunciando el abandono de las obligaciones del Estado en la protecci\u00f3n de sus ciudadanas, criticando la labor de los ministros, exigiendo las reformas necesarias en todos los medios de comunicaci\u00f3n a que gracias a nuestros m\u00e9ritos y coherencia todav\u00eda tenemos alcance, ejerciendo en definitiva de la oposici\u00f3n que necesita todo pa\u00eds democr\u00e1tico, han sido los Partidos Feministas. Oponi\u00e9ndonos frontalmente a la legalizaci\u00f3n de la prostituci\u00f3n y persiguiendo a los proxenetas, reclamando la modificaci\u00f3n de la Ley de Violencia, poniendo de relieve las carencias en materias laborales y econ\u00f3micas, defendiendo a las viudas, a las amas de casa, a los menores maltratados y abusados, a las divorciadas a las que ley y juzgados tratan injustamente, haciendo visible la cada vez m\u00e1s aguda y escandalosa feminizaci\u00f3n de la pobreza, hemos dado no solo testimonio de estas horribles injusticias sino tambi\u00e9n hemos frenado el avance del imperio del capitalismo y del patriarcado, que de otra manera estar\u00edan a\u00fan m\u00e1s victoriosos e impunes.<\/p>\n<p>Plantear que los Partidos Feministas se pongan al servicio del feminismo institucional es lo mismo que defender que los sindicatos se conviertan en departamentos del Ministerio de Trabajo. Pol\u00edtica que en infaustos a\u00f1os ya conocimos gracias al Sindicato Vertical, en que tambi\u00e9n exist\u00eda una Secci\u00f3n Femenina del partido en el poder.<\/p>\n<p>A mayor abundamiento, alardear de los \u00e9xitos y realizaciones alcanzadas por el PSOE y el gobierno en los tiempos que corren es nombrar la soga en casa del ahorcado. Cuando las medidas que Zapatero est\u00e1 tomando desde hace dos a\u00f1os para, seg\u00fan \u00e9l, superar la enorme crisis econ\u00f3mica en que estamos enfangados consisten en hundir m\u00e1s en la pobreza y la explotaci\u00f3n a los trabajadores -de las que las mujeres ser\u00e1n las m\u00e1s perjudicadas- protegiendo los grandes capitales, los bancos, las multinacionales, a los que exime de pagar el desastre que ellos mismos han creado, crisis en la que nos han sumido las mismas pol\u00edticas liberales que est\u00e1 implantando el presidente, resultar\u00e1 para muchos bastante incomprensible que se asegure que gracias al PSOE se defiende a los m\u00e1s d\u00e9biles. No solo nos enfrentamos a una reacci\u00f3n de la ideolog\u00eda fascista y machista cada vez m\u00e1s en auge, con, entre otras, las campa\u00f1as a favor de la prostituci\u00f3n y contra las denuncias falsas de maltrato, en las que cuentan con el benepl\u00e1cito de la judicatura y la fiscal\u00eda y el apoyo de los medios de comunicaci\u00f3n, sino que en este brutal giro a la derecha del gobierno ya se han cobrado varias piezas, de las que, en lo que se refiere a las mujeres, la m\u00e1s escandalosa ha sido eliminar la joya de la corona: el Ministerio de Igualdad. Tambi\u00e9n han ca\u00eddo otras instituciones largamente defendidas por las socialistas como los Observatorios de Violencia y los Consejos de la Mujer, de los que, por otra parte, se ignora el resultado de su trabajo en los largos a\u00f1os que han estado\u00a0 ocupando locales y recibiendo dinero.\u00a0 Del Instituto de la Mujer no se sabe que hace.<\/p>\n<p>Concluy\u00f3 la edad de oro en que se instalaron las feministas institucionales y que deb\u00eda perpetuarse eternamente con la aprobaci\u00f3n de la ley de violencia, de la de paridad, de la de igualdad, y los consiguientes fastos con que se celebraron: la aparici\u00f3n en las televisiones de Zapatero rodeado de sus incondicionales, las campa\u00f1as televisadas cantando las excelencias de la legislaci\u00f3n introducida por el gobierno, las entrevistas de las ministras en Vogue y en otras revistas, la presencia de dirigentes de las asociaciones de mujeres del PSOE en todo acto p\u00fablico, y por supuesto, la recepci\u00f3n de multimillonarias subvenciones para financiar sus proyectos que constituyen una estupenda manera de crear la red clientelar y el nicho de votos para el partido. Mientras se marginaba y despreciaba manifiestamente a todo el feminismo independiente del PSOE, al que se han negado subvenciones, presencia en los medios de comunicaci\u00f3n, reuniones con los ministerios y consultas previas a la aprobaci\u00f3n de leyes.<\/p>\n<p>Se acab\u00f3 la fiesta, y al hacer balance resulta que ninguna de esas leyes ha servido para el objetivo de defender a las mujeres, que las ministras se han ido sin despedidas, que las entrevistas se han acabado, que las campa\u00f1as no se pueden financiar y que ha llegado el momento de renunciar a las generosas contribuciones econ\u00f3micas del Estado. Era la periodista Ana Balletb\u00f3,\u00a0 afiliada al PSC desde su constituci\u00f3n, la que dijo en la presentaci\u00f3n de mis memorias \u201cLa Vida Arrebatada\u201d que era pat\u00e9tico comprobar como las dirigentes feministas se hab\u00edan vendido, y adem\u00e1s por muy poco dinero.<\/p>\n<p>Pero no hay duda de que el abandono de principios, de objetivos y de defensa de las mujeres, no ha sido perjudicial para todas en estos a\u00f1os. Pues, \u00bfa quien benefician los movimientos transfugistas que han protagonizado en las \u00faltimas d\u00e9cadas las otrora feministas revolucionarias? Sin duda a ellas mismas, aunque deber\u00edan pensar que su tiempo siempre es m\u00e1s corto que el de los hombres y de final mezquino y triste.<\/p>\n<p>Si en vez de correr a ponerse al servicio del partido de turno, mayoritariamente socialista, el grueso de las dirigentes del movimiento Feminista hubiese seguido siendo fiel a sus principios, al an\u00e1lisis que hac\u00edamos en los a\u00f1os setenta de la lucha por transformar la realidad y a la defensa de los intereses de las mujeres, y hubiera convertido al Partido Feminista en un partido grande e influyente, pod\u00e9is tener la seguridad de que hubi\u00e9semos sido determinantes en Espa\u00f1a de la pol\u00edtica respecto a la mujer. Habr\u00edamos sido tambi\u00e9n muy importantes en Europa en el momento de afianzar el feminismo pol\u00edtico y de ser copart\u00edpices con otros partidos de izquierdas en aprobar medidas sociales que beneficiaran no solo a las mujeres sino tambi\u00e9n a los trabajadores, as\u00ed como en la pol\u00edtica exterior y en la militar, con lo que hubi\u00e9semos servido de ejemplo para otros pa\u00edses y ahora no contar\u00edamos tantos fracasos como se pueden contabilizar en los \u00faltimos a\u00f1os, y sus dirigentes habr\u00edan obtenido m\u00e1s celebridad y fama de la que pueda tener una Secretaria de Estado, con lo que muchas de ellas no habr\u00edan ca\u00eddo en el anonimato, claramente trufado de fracaso, en que ahora se han hundido.<\/p>\n<p>Es preciso afirmar que el \u00fanico futuro es el del feminismo pol\u00edtico. Manteniendo eternamente unas asociaciones de mujeres, muchas de ellas en estado de hibernaci\u00f3n, que se limitan a reclamar mortecinamente cambios legislativos y a repartir ayudas caritativas a las m\u00e1s pobres, sin enfrentarse nunca a los que detentan el poder, no se vayan a enfadar, no adelantaremos nada en todo el siglo. Y a\u00fan siendo optimistas, si tenemos en cuenta la predicci\u00f3n con que nos obsequi\u00f3 la OIT en la IV Conferencia de la Mujer de Beij\u00edn, seg\u00fan la cual para alcanzar la igualdad entre el hombre y la mujer, a tenor de lo avanzado en los \u00faltimos siglos, har\u00edan falta 475 a\u00f1os.<\/p>\n<p>Si las llamadas dirigentes institucionales no entienden que necesitan partidos feministas para defender sus intereses, tener presencia en las instituciones y en la vida pol\u00edtica del pa\u00eds y enfrentarse en condiciones de igualdad al enorme, complejo y a veces corrupto entramado de los partidos pol\u00edticos dominados por los hombres, no saldr\u00e1n de pertenecer a una clase minusvalorada, cuyos problemas econ\u00f3micos, laborales, pol\u00edticos, sexuales, reproductivos, seguir\u00e1n siendo los mismos indefinidamente, mientras son menospreciadas socialmente por m\u00e1s despachos con secretaria que tengan.<\/p>\n<p>Como ejemplo contrario a la conducta de las espa\u00f1olas tenemos a las suecas que despu\u00e9s de sesenta a\u00f1os de triunfo de la socialdemocracia se han constituido en Partido Feminista, con el nombre de Iniciativa Feminista, explicando sinceramente de una vez la decepci\u00f3n a que han tenido que enfrentarse al constatar, sin enga\u00f1arse m\u00e1s, el machismo de los dirigentes socialistas y la falta de avances en la igualdad de las mujeres que est\u00e1 padeciendo su pa\u00eds.<\/p>\n<p>En conclusi\u00f3n, el consejo de Laura Freixas que va impl\u00edcito en la descalificaci\u00f3n de mi purismo y del papel del Partido Feminista \u00a0es el de que me rinda al poder para promocionarme a mi misma, lo que dirigido a la nieta de mi abuela y a la hija de mi padre y de mi madre resulta casi un insulto.<\/p>","protected":false},"excerpt":{"rendered":"<p>El art\u00edculo de Laura Freixas publicado en La Vanguardia el 23 de diciembre de 2010, a ra\u00edz del homenaje que me rindieron las compa\u00f1eras feministas estadounidenses, Linda G. Levine, Gloria Waldman, Elizabeth Starcievic y Kathleen Johnson, con la participaci\u00f3n de otras numerosas compa\u00f1eras y compa\u00f1eros, profesionales de distintas disciplinas, como [&hellip;]<\/p>\n","protected":false},"author":195,"featured_media":0,"comment_status":"open","ping_status":"open","sticky":false,"template":"","format":"standard","meta":{"footnotes":""},"categories":[72],"tags":[],"class_list":["post-707","post","type-post","status-publish","format-standard","hentry","category-opinion"],"yoast_head":"<!-- This site is optimized with the Yoast SEO plugin v27.5 - https:\/\/yoast.com\/product\/yoast-seo-wordpress\/ -->\n<title>Feminismo institucional (LAS MUJERES) - Revista Rambla<\/title>\n<meta name=\"description\" content=\"Implica no solo tambi\u00e9n a las mujeres que conmigo est\u00e1n en diversas partes de Espa\u00f1a sino al proyecto en s\u00ed, de cuyo futuro dependen muchos avances del f...\" \/>\n<meta name=\"robots\" content=\"index, follow, max-snippet:-1, max-image-preview:large, max-video-preview:-1\" \/>\n<link rel=\"canonical\" href=\"https:\/\/www.revistarambla.com\/en\/feminismo-institucional\/\" \/>\n<meta property=\"og:locale\" content=\"en_GB\" \/>\n<meta property=\"og:type\" content=\"article\" \/>\n<meta property=\"og:title\" content=\"Feminismo institucional (LAS MUJERES) - Revista Rambla\" \/>\n<meta property=\"og:description\" content=\"Implica no solo tambi\u00e9n a las mujeres que conmigo est\u00e1n en diversas partes de Espa\u00f1a sino al proyecto en s\u00ed, de cuyo futuro dependen muchos avances del f...\" \/>\n<meta property=\"og:url\" content=\"https:\/\/www.revistarambla.com\/en\/feminismo-institucional\/\" \/>\n<meta property=\"og:site_name\" content=\"Revista Rambla\" \/>\n<meta property=\"article:publisher\" content=\"https:\/\/www.facebook.com\/revistarambla\/\" \/>\n<meta property=\"article:author\" content=\"https:\/\/www.facebook.com\/LidiaFalconONeill\" \/>\n<meta property=\"article:published_time\" content=\"2011-01-12T11:24:46+00:00\" \/>\n<meta property=\"article:modified_time\" content=\"2022-09-15T16:04:16+00:00\" \/>\n<meta property=\"og:image\" content=\"https:\/\/www.revistarambla.com\/wp-content\/uploads\/2011\/01\/lidia%20falcon2.jpg\" \/>\n\t<meta property=\"og:image:width\" content=\"259\" \/>\n\t<meta property=\"og:image:height\" content=\"173\" \/>\n\t<meta property=\"og:image:type\" content=\"image\/jpeg\" \/>\n<meta name=\"author\" content=\"Lidia Falc\u00f3n O&#039;Neill\" \/>\n<meta name=\"twitter:card\" content=\"summary_large_image\" \/>\n<meta name=\"twitter:creator\" content=\"@lidiafalconone1\" \/>\n<meta name=\"twitter:site\" content=\"@revistarambla\" \/>\n<meta name=\"twitter:label1\" content=\"Written by\" \/>\n\t<meta name=\"twitter:data1\" content=\"Lidia Falc\u00f3n O&#039;Neill\" \/>\n\t<meta name=\"twitter:label2\" content=\"Estimated reading time\" \/>\n\t<meta name=\"twitter:data2\" content=\"22 minutes\" \/>\n<script type=\"application\/ld+json\" class=\"yoast-schema-graph\">{\"@context\":\"https:\\\/\\\/schema.org\",\"@graph\":[{\"@type\":\"Article\",\"@id\":\"https:\\\/\\\/www.revistarambla.com\\\/feminismo-institucional\\\/#article\",\"isPartOf\":{\"@id\":\"https:\\\/\\\/www.revistarambla.com\\\/feminismo-institucional\\\/\"},\"author\":{\"name\":\"Lidia Falc\u00f3n O'Neill\",\"@id\":\"https:\\\/\\\/www.revistarambla.com\\\/#\\\/schema\\\/person\\\/392779b85580130e6e8571537676d3dd\"},\"headline\":\"Feminismo institucional\",\"datePublished\":\"2011-01-12T11:24:46+00:00\",\"dateModified\":\"2022-09-15T16:04:16+00:00\",\"mainEntityOfPage\":{\"@id\":\"https:\\\/\\\/www.revistarambla.com\\\/feminismo-institucional\\\/\"},\"wordCount\":4423,\"commentCount\":0,\"publisher\":{\"@id\":\"https:\\\/\\\/www.revistarambla.com\\\/#organization\"},\"image\":{\"@id\":\"https:\\\/\\\/www.revistarambla.com\\\/feminismo-institucional\\\/#primaryimage\"},\"thumbnailUrl\":\"https:\\\/\\\/www.revistarambla.com\\\/wp-content\\\/uploads\\\/2011\\\/01\\\/lidia11.jpg\",\"articleSection\":[\"Opiniones\"],\"inLanguage\":\"en-GB\",\"potentialAction\":[{\"@type\":\"CommentAction\",\"name\":\"Comment\",\"target\":[\"https:\\\/\\\/www.revistarambla.com\\\/feminismo-institucional\\\/#respond\"]}]},{\"@type\":\"WebPage\",\"@id\":\"https:\\\/\\\/www.revistarambla.com\\\/feminismo-institucional\\\/\",\"url\":\"https:\\\/\\\/www.revistarambla.com\\\/feminismo-institucional\\\/\",\"name\":\"Feminismo institucional (LAS MUJERES) - Revista Rambla\",\"isPartOf\":{\"@id\":\"https:\\\/\\\/www.revistarambla.com\\\/#website\"},\"primaryImageOfPage\":{\"@id\":\"https:\\\/\\\/www.revistarambla.com\\\/feminismo-institucional\\\/#primaryimage\"},\"image\":{\"@id\":\"https:\\\/\\\/www.revistarambla.com\\\/feminismo-institucional\\\/#primaryimage\"},\"thumbnailUrl\":\"https:\\\/\\\/www.revistarambla.com\\\/wp-content\\\/uploads\\\/2011\\\/01\\\/lidia11.jpg\",\"datePublished\":\"2011-01-12T11:24:46+00:00\",\"dateModified\":\"2022-09-15T16:04:16+00:00\",\"description\":\"Implica no solo tambi\u00e9n a las mujeres que conmigo est\u00e1n en diversas partes de Espa\u00f1a sino al proyecto en s\u00ed, de cuyo futuro dependen muchos avances del f...\",\"breadcrumb\":{\"@id\":\"https:\\\/\\\/www.revistarambla.com\\\/feminismo-institucional\\\/#breadcrumb\"},\"inLanguage\":\"en-GB\",\"potentialAction\":[{\"@type\":\"ReadAction\",\"target\":[\"https:\\\/\\\/www.revistarambla.com\\\/feminismo-institucional\\\/\"]}]},{\"@type\":\"ImageObject\",\"inLanguage\":\"en-GB\",\"@id\":\"https:\\\/\\\/www.revistarambla.com\\\/feminismo-institucional\\\/#primaryimage\",\"url\":\"https:\\\/\\\/www.revistarambla.com\\\/wp-content\\\/uploads\\\/2011\\\/01\\\/lidia11.jpg\",\"contentUrl\":\"https:\\\/\\\/www.revistarambla.com\\\/wp-content\\\/uploads\\\/2011\\\/01\\\/lidia11.jpg\"},{\"@type\":\"BreadcrumbList\",\"@id\":\"https:\\\/\\\/www.revistarambla.com\\\/feminismo-institucional\\\/#breadcrumb\",\"itemListElement\":[{\"@type\":\"ListItem\",\"position\":1,\"name\":\"Portada\",\"item\":\"https:\\\/\\\/www.revistarambla.com\\\/\"},{\"@type\":\"ListItem\",\"position\":2,\"name\":\"Feminismo institucional\"}]},{\"@type\":\"WebSite\",\"@id\":\"https:\\\/\\\/www.revistarambla.com\\\/#website\",\"url\":\"https:\\\/\\\/www.revistarambla.com\\\/\",\"name\":\"Revista Rambla Barcelona\",\"description\":\"Periodismo independiente\",\"publisher\":{\"@id\":\"https:\\\/\\\/www.revistarambla.com\\\/#organization\"},\"potentialAction\":[{\"@type\":\"SearchAction\",\"target\":{\"@type\":\"EntryPoint\",\"urlTemplate\":\"https:\\\/\\\/www.revistarambla.com\\\/?s={search_term_string}\"},\"query-input\":{\"@type\":\"PropertyValueSpecification\",\"valueRequired\":true,\"valueName\":\"search_term_string\"}}],\"inLanguage\":\"en-GB\"},{\"@type\":\"Organization\",\"@id\":\"https:\\\/\\\/www.revistarambla.com\\\/#organization\",\"name\":\"Revista Rambla\",\"url\":\"https:\\\/\\\/www.revistarambla.com\\\/\",\"logo\":{\"@type\":\"ImageObject\",\"inLanguage\":\"en-GB\",\"@id\":\"https:\\\/\\\/www.revistarambla.com\\\/#\\\/schema\\\/logo\\\/image\\\/\",\"url\":\"https:\\\/\\\/www.revistarambla.com\\\/wp-content\\\/uploads\\\/2020\\\/09\\\/banner_rambla_1900x600_BB.png\",\"contentUrl\":\"https:\\\/\\\/www.revistarambla.com\\\/wp-content\\\/uploads\\\/2020\\\/09\\\/banner_rambla_1900x600_BB.png\",\"width\":1900,\"height\":600,\"caption\":\"Revista Rambla\"},\"image\":{\"@id\":\"https:\\\/\\\/www.revistarambla.com\\\/#\\\/schema\\\/logo\\\/image\\\/\"},\"sameAs\":[\"https:\\\/\\\/www.facebook.com\\\/revistarambla\\\/\",\"https:\\\/\\\/x.com\\\/revistarambla\",\"https:\\\/\\\/www.instagram.com\\\/revista_rambla\",\"https:\\\/\\\/es.linkedin.com\\\/company\\\/revista-rambla\"]},{\"@type\":\"Person\",\"@id\":\"https:\\\/\\\/www.revistarambla.com\\\/#\\\/schema\\\/person\\\/392779b85580130e6e8571537676d3dd\",\"name\":\"Lidia Falc\u00f3n O'Neill\",\"description\":\"Pol\u00edtica y escritora. Presidenta del Partido Feminista de Espa\u00f1a.\",\"sameAs\":[\"https:\\\/\\\/partidofeminista.es\\\/\",\"https:\\\/\\\/www.facebook.com\\\/LidiaFalconONeill\",\"https:\\\/\\\/x.com\\\/lidiafalconone1\"]}]}<\/script>\n<!-- \/ Yoast SEO plugin. -->","yoast_head_json":{"title":"Feminismo institucional (LAS MUJERES) - Revista Rambla","description":"Implica no solo tambi\u00e9n a las mujeres que conmigo est\u00e1n en diversas partes de Espa\u00f1a sino al proyecto en s\u00ed, de cuyo futuro dependen muchos avances del f...","robots":{"index":"index","follow":"follow","max-snippet":"max-snippet:-1","max-image-preview":"max-image-preview:large","max-video-preview":"max-video-preview:-1"},"canonical":"https:\/\/www.revistarambla.com\/en\/feminismo-institucional\/","og_locale":"en_GB","og_type":"article","og_title":"Feminismo institucional (LAS MUJERES) - Revista Rambla","og_description":"Implica no solo tambi\u00e9n a las mujeres que conmigo est\u00e1n en diversas partes de Espa\u00f1a sino al proyecto en s\u00ed, de cuyo futuro dependen muchos avances del f...","og_url":"https:\/\/www.revistarambla.com\/en\/feminismo-institucional\/","og_site_name":"Revista Rambla","article_publisher":"https:\/\/www.facebook.com\/revistarambla\/","article_author":"https:\/\/www.facebook.com\/LidiaFalconONeill","article_published_time":"2011-01-12T11:24:46+00:00","article_modified_time":"2022-09-15T16:04:16+00:00","og_image":[{"width":259,"height":173,"url":"https:\/\/www.revistarambla.com\/wp-content\/uploads\/2011\/01\/lidia falcon2.jpg","type":"image\/jpeg"}],"author":"Lidia Falc\u00f3n O'Neill","twitter_card":"summary_large_image","twitter_creator":"@lidiafalconone1","twitter_site":"@revistarambla","twitter_misc":{"Written by":"Lidia Falc\u00f3n O'Neill","Estimated reading time":"22 minutes"},"schema":{"@context":"https:\/\/schema.org","@graph":[{"@type":"Article","@id":"https:\/\/www.revistarambla.com\/feminismo-institucional\/#article","isPartOf":{"@id":"https:\/\/www.revistarambla.com\/feminismo-institucional\/"},"author":{"name":"Lidia Falc\u00f3n O'Neill","@id":"https:\/\/www.revistarambla.com\/#\/schema\/person\/392779b85580130e6e8571537676d3dd"},"headline":"Feminismo institucional","datePublished":"2011-01-12T11:24:46+00:00","dateModified":"2022-09-15T16:04:16+00:00","mainEntityOfPage":{"@id":"https:\/\/www.revistarambla.com\/feminismo-institucional\/"},"wordCount":4423,"commentCount":0,"publisher":{"@id":"https:\/\/www.revistarambla.com\/#organization"},"image":{"@id":"https:\/\/www.revistarambla.com\/feminismo-institucional\/#primaryimage"},"thumbnailUrl":"https:\/\/www.revistarambla.com\/wp-content\/uploads\/2011\/01\/lidia11.jpg","articleSection":["Opiniones"],"inLanguage":"en-GB","potentialAction":[{"@type":"CommentAction","name":"Comment","target":["https:\/\/www.revistarambla.com\/feminismo-institucional\/#respond"]}]},{"@type":"WebPage","@id":"https:\/\/www.revistarambla.com\/feminismo-institucional\/","url":"https:\/\/www.revistarambla.com\/feminismo-institucional\/","name":"Feminismo institucional (LAS MUJERES) - Revista Rambla","isPartOf":{"@id":"https:\/\/www.revistarambla.com\/#website"},"primaryImageOfPage":{"@id":"https:\/\/www.revistarambla.com\/feminismo-institucional\/#primaryimage"},"image":{"@id":"https:\/\/www.revistarambla.com\/feminismo-institucional\/#primaryimage"},"thumbnailUrl":"https:\/\/www.revistarambla.com\/wp-content\/uploads\/2011\/01\/lidia11.jpg","datePublished":"2011-01-12T11:24:46+00:00","dateModified":"2022-09-15T16:04:16+00:00","description":"Implica no solo tambi\u00e9n a las mujeres que conmigo est\u00e1n en diversas partes de Espa\u00f1a sino al proyecto en s\u00ed, de cuyo futuro dependen muchos avances del f...","breadcrumb":{"@id":"https:\/\/www.revistarambla.com\/feminismo-institucional\/#breadcrumb"},"inLanguage":"en-GB","potentialAction":[{"@type":"ReadAction","target":["https:\/\/www.revistarambla.com\/feminismo-institucional\/"]}]},{"@type":"ImageObject","inLanguage":"en-GB","@id":"https:\/\/www.revistarambla.com\/feminismo-institucional\/#primaryimage","url":"https:\/\/www.revistarambla.com\/wp-content\/uploads\/2011\/01\/lidia11.jpg","contentUrl":"https:\/\/www.revistarambla.com\/wp-content\/uploads\/2011\/01\/lidia11.jpg"},{"@type":"BreadcrumbList","@id":"https:\/\/www.revistarambla.com\/feminismo-institucional\/#breadcrumb","itemListElement":[{"@type":"ListItem","position":1,"name":"Portada","item":"https:\/\/www.revistarambla.com\/"},{"@type":"ListItem","position":2,"name":"Feminismo institucional"}]},{"@type":"WebSite","@id":"https:\/\/www.revistarambla.com\/#website","url":"https:\/\/www.revistarambla.com\/","name":"Revista Rambla Barcelona","description":"Periodismo independiente","publisher":{"@id":"https:\/\/www.revistarambla.com\/#organization"},"potentialAction":[{"@type":"SearchAction","target":{"@type":"EntryPoint","urlTemplate":"https:\/\/www.revistarambla.com\/?s={search_term_string}"},"query-input":{"@type":"PropertyValueSpecification","valueRequired":true,"valueName":"search_term_string"}}],"inLanguage":"en-GB"},{"@type":"Organization","@id":"https:\/\/www.revistarambla.com\/#organization","name":"Revista Rambla","url":"https:\/\/www.revistarambla.com\/","logo":{"@type":"ImageObject","inLanguage":"en-GB","@id":"https:\/\/www.revistarambla.com\/#\/schema\/logo\/image\/","url":"https:\/\/www.revistarambla.com\/wp-content\/uploads\/2020\/09\/banner_rambla_1900x600_BB.png","contentUrl":"https:\/\/www.revistarambla.com\/wp-content\/uploads\/2020\/09\/banner_rambla_1900x600_BB.png","width":1900,"height":600,"caption":"Revista Rambla"},"image":{"@id":"https:\/\/www.revistarambla.com\/#\/schema\/logo\/image\/"},"sameAs":["https:\/\/www.facebook.com\/revistarambla\/","https:\/\/x.com\/revistarambla","https:\/\/www.instagram.com\/revista_rambla","https:\/\/es.linkedin.com\/company\/revista-rambla"]},{"@type":"Person","@id":"https:\/\/www.revistarambla.com\/#\/schema\/person\/392779b85580130e6e8571537676d3dd","name":"Lidia Falc\u00f3n O'Neill","description":"Pol\u00edtica y escritora. Presidenta del Partido Feminista de Espa\u00f1a.","sameAs":["https:\/\/partidofeminista.es\/","https:\/\/www.facebook.com\/LidiaFalconONeill","https:\/\/x.com\/lidiafalconone1"]}]}},"_links":{"self":[{"href":"https:\/\/www.revistarambla.com\/en\/wp-json\/wp\/v2\/posts\/707","targetHints":{"allow":["GET"]}}],"collection":[{"href":"https:\/\/www.revistarambla.com\/en\/wp-json\/wp\/v2\/posts"}],"about":[{"href":"https:\/\/www.revistarambla.com\/en\/wp-json\/wp\/v2\/types\/post"}],"author":[{"embeddable":true,"href":"https:\/\/www.revistarambla.com\/en\/wp-json\/wp\/v2\/users\/195"}],"replies":[{"embeddable":true,"href":"https:\/\/www.revistarambla.com\/en\/wp-json\/wp\/v2\/comments?post=707"}],"version-history":[{"count":1,"href":"https:\/\/www.revistarambla.com\/en\/wp-json\/wp\/v2\/posts\/707\/revisions"}],"predecessor-version":[{"id":46724,"href":"https:\/\/www.revistarambla.com\/en\/wp-json\/wp\/v2\/posts\/707\/revisions\/46724"}],"wp:attachment":[{"href":"https:\/\/www.revistarambla.com\/en\/wp-json\/wp\/v2\/media?parent=707"}],"wp:term":[{"taxonomy":"category","embeddable":true,"href":"https:\/\/www.revistarambla.com\/en\/wp-json\/wp\/v2\/categories?post=707"},{"taxonomy":"post_tag","embeddable":true,"href":"https:\/\/www.revistarambla.com\/en\/wp-json\/wp\/v2\/tags?post=707"}],"curies":[{"name":"wp","href":"https:\/\/api.w.org\/{rel}","templated":true}]}}