{"id":702,"date":"2011-01-10T11:34:16","date_gmt":"2011-01-10T10:34:16","guid":{"rendered":"https:\/\/www.revistarambla.com\/rebajas-de-locura\/"},"modified":"2021-12-10T16:55:18","modified_gmt":"2021-12-10T15:55:18","slug":"rebajas-de-locura","status":"publish","type":"post","link":"https:\/\/www.revistarambla.com\/en\/rebajas-de-locura\/","title":{"rendered":"Rebajas de locura"},"content":{"rendered":"<p><img decoding=\"async\" class=\"alignright\" src=\"https:\/\/www.revistarambla.com\/wp-content\/uploads\/2011\/01\/rebajas1.jpg\" alt=\"alt\" width=\"405\" height=\"257\" \/><\/p>\n<p>\u2018Rebajas a todo trapo\u2019, \u2018rebajas agresivas\u2019, \u2018las rebajas de la crisis\u2019, &#8216;rebajas de locura&#8217;\u2026 Estos son algunos de los titulares que pod\u00edamos leer el pasado s\u00e1bado en las cabeceras de los diarios espa\u00f1oles. La campa\u00f1a de rebajas de invierno 2011 daba comienzo el pasado viernes y con ella la locura se desataba. En los escaparates se pueden ver carteles desde el 20% de descuento hasta el 50% o el 70%. Estos \u00faltimos m\u00e1s propios de las archipopulares \u2018segundas rebajas\u2019. Unos descuentos agresivos que han conseguido atraer a multitudes; ya hay quien asegura que la jornada de inicio de campa\u00f1a fue la mejor en muchos a\u00f1os en lo que a clientes y ventas se refiere. Hay muchas prendas para vender, grandes ofertas y, en vista del aspecto de las calles este fin de semana, ganas de renovar el armario.<\/p>\n<p><em><img decoding=\"async\" class=\"alignright size-full wp-image-700\" style=\"width: 160px; height: 192px; margin-left: 8px; margin-right: 8px; float: right;\" src=\"https:\/\/www.revistarambla.com\/wp-content\/uploads\/2011\/01\/rebajas2.jpg\" alt=\"alt\" width=\"250\" height=\"300\" \/>\u00abEl inicio de las rebajas ha sido extraordinario, hac\u00eda mucho tiempo que no ve\u00edamos a tanta gente en las tiendas y, lo que es m\u00e1s importante, comprando\u00bb<\/em>, asegura el secretario general de la Confederaci\u00f3 de Comer\u00e7 de Catalunya (CCC), Miquel \u00c0ngel Fraile. Se estima una facturaci\u00f3n para el sector del peque\u00f1o y mediano comercio por 4.000 millones de euros, y se prev\u00e9 un gasto medio por consumidor de 200\u20ac, de dicha cuant\u00eda 90\u20ac ser\u00e1n para comprar <strong>productos de moda<\/strong> y calzado y lo dem\u00e1s para adquirir <strong>equipamiento del hogar. <\/strong>Desde la <strong>Confederaci\u00f3n<\/strong><strong> Espa\u00f1ola de Comercio (CEC)<\/strong> estiman que los comerciantes lograr\u00e1n vender entre un 5% y un 10% m\u00e1s de productos respecto a la anterior campa\u00f1a de rebajas de 2010, si bien se tiene en cuenta que la facturaci\u00f3n ser\u00e1 inferior debido a que esta vez los precios se presentar\u00e1n por debajo de los anteriores.<\/p>\n<p>Las rebajas terminar\u00e1n oficialmente el 6 de marzo, pero, seg\u00fan fuentes del sector, este a\u00f1o pueden ser m\u00e1s cortas que nunca, sobre todo vista la respuesta del consumidor durante estos primeros d\u00edas.<\/p>\n<h3><strong>Consejos para comprar \u2018con cabeza\u2019 en las &#8216;rebajas de locura&#8217;<br \/>\n<\/strong><\/h3>\n<p>Cada a\u00f1o las asociaciones de consumidores nos aconsejan estar muy atentos a la hora de comprar en periodo de &#8216;rebajas de locura&#8217; ya que <strong>debe bajar el precio pero nunca el servicio ni la calidad.<\/strong>\u00a0Y aunque los consumidores somos cada vez m\u00e1s conscientes de los derechos a los que no debemos renunciar en rebajas, este a\u00f1o deberemos mantener la cabeza m\u00e1s fr\u00eda que nunca ante unos precios tan agresivos si no queremos que nuestros bolsillos sufran las consecuencias de nuestras \u2018compras compulsivas\u2019.<br \/>\nNo debemos olvidar una serie de requisitos que los comercios deben seguir como la <strong>obligaci\u00f3n de exhibir al p\u00fablico en los escaparates y vitrinas<\/strong>, adem\u00e1s de en el interior del establecimiento, <strong>el precio de los productos de forma claramente legible.<\/strong> Adem\u00e1s, el precio se expresar\u00e1 por unidad de medida as\u00ed como debe existir en el establecimiento informaci\u00f3n visible sobre los medios de pago que admite,<strong>as\u00ed como la posibilidad, en su caso, de devoluci\u00f3n del producto y las condiciones para su devoluci\u00f3n. <\/strong>Los comercios no pueden <strong>ofrecer en rebajas, art\u00edculos o productos deteriorados, adquiridos para tal fin<\/strong> y que no hayan sido ofrecidos a la venta a precio habitual con un mes de antelaci\u00f3n como m\u00ednimo, a la fecha de inicio de las ventas en rebajas. Las ventas en &#8216;rebajas de locura&#8217; podr\u00e1n ser anunciadas por el comerciante <strong>con 8 d\u00edas como m\u00e1ximo de adelanto a su inicio y s\u00f3lo en los \u00faltimos diez d\u00edas de su periodo de duraci\u00f3n podr\u00e1 anunciarse los remates u ofertas finales.<\/strong><\/p>\n<p><strong><img decoding=\"async\" class=\"size-full wp-image-701 aligncenter\" src=\"https:\/\/www.revistarambla.com\/wp-content\/uploads\/2011\/01\/rebajas3.jpg\" alt=\"alt\" width=\"550\" height=\"392\" srcset=\"https:\/\/www.revistarambla.com\/wp-content\/uploads\/2011\/01\/rebajas3.jpg 550w, https:\/\/www.revistarambla.com\/wp-content\/uploads\/2011\/01\/rebajas3-300x214.jpg 300w, https:\/\/www.revistarambla.com\/wp-content\/uploads\/2011\/01\/rebajas3-500x356.jpg 500w\" sizes=\"(max-width: 550px) 100vw, 550px\" \/><\/strong><\/p>","protected":false},"excerpt":{"rendered":"<p>\u2018Rebajas a todo trapo\u2019, \u2018rebajas agresivas\u2019, \u2018las rebajas de la crisis\u2019, &#8216;rebajas de locura&#8217;\u2026 Estos son algunos de los titulares que pod\u00edamos leer el pasado s\u00e1bado en las cabeceras de los diarios espa\u00f1oles. La campa\u00f1a de rebajas de invierno 2011 daba comienzo el pasado viernes y con ella la locura [&hellip;]<\/p>\n","protected":false},"author":53,"featured_media":0,"comment_status":"open","ping_status":"open","sticky":false,"template":"","format":"standard","meta":{"footnotes":""},"categories":[3,76],"tags":[],"class_list":["post-702","post","type-post","status-publish","format-standard","hentry","category-actualidad","category-barcelona"],"yoast_head":"<!-- This site is optimized with the Yoast SEO plugin v27.5 - https:\/\/yoast.com\/product\/yoast-seo-wordpress\/ -->\n<title>Rebajas de locura - Revista Rambla (Art\u00edculos Sociedad)<\/title>\n<meta name=\"description\" content=\"Rebajas de locura Estos son algunos de los titulares que pod\u00edamos leer el pasado s\u00e1bado en las cabeceras de los diarios espa\u00f1oles. La campa\u00f1a de rebaj...\" \/>\n<meta name=\"robots\" content=\"index, follow, max-snippet:-1, max-image-preview:large, max-video-preview:-1\" \/>\n<link rel=\"canonical\" href=\"https:\/\/www.revistarambla.com\/en\/rebajas-de-locura\/\" \/>\n<meta property=\"og:locale\" content=\"en_GB\" \/>\n<meta property=\"og:type\" content=\"article\" \/>\n<meta property=\"og:title\" content=\"Rebajas de locura - Revista Rambla (Art\u00edculos Sociedad)\" \/>\n<meta property=\"og:description\" content=\"Rebajas de locura Estos son algunos de los titulares que pod\u00edamos leer el pasado s\u00e1bado en las cabeceras de los diarios espa\u00f1oles. La campa\u00f1a de rebaj...\" \/>\n<meta property=\"og:url\" content=\"https:\/\/www.revistarambla.com\/en\/rebajas-de-locura\/\" \/>\n<meta property=\"og:site_name\" content=\"Revista Rambla\" \/>\n<meta property=\"article:publisher\" content=\"https:\/\/www.facebook.com\/revistarambla\/\" \/>\n<meta property=\"article:published_time\" content=\"2011-01-10T10:34:16+00:00\" \/>\n<meta property=\"article:modified_time\" content=\"2021-12-10T15:55:18+00:00\" \/>\n<meta property=\"og:image\" content=\"https:\/\/www.revistarambla.com\/wp-content\/uploads\/2011\/01\/rebajas0.jpg\" \/>\n\t<meta property=\"og:image:width\" content=\"250\" \/>\n\t<meta property=\"og:image:height\" content=\"159\" \/>\n\t<meta property=\"og:image:type\" content=\"image\/jpeg\" \/>\n<meta name=\"author\" content=\"Estefan\u00eda P\u00e9rez\" \/>\n<meta name=\"twitter:card\" content=\"summary_large_image\" \/>\n<meta name=\"twitter:creator\" content=\"@revistarambla\" \/>\n<meta name=\"twitter:site\" content=\"@revistarambla\" \/>\n<meta name=\"twitter:label1\" content=\"Written by\" \/>\n\t<meta name=\"twitter:data1\" content=\"Estefan\u00eda P\u00e9rez\" \/>\n\t<meta name=\"twitter:label2\" content=\"Estimated reading time\" \/>\n\t<meta name=\"twitter:data2\" content=\"4 minutes\" \/>\n<script type=\"application\/ld+json\" class=\"yoast-schema-graph\">{\"@context\":\"https:\\\/\\\/schema.org\",\"@graph\":[{\"@type\":\"Article\",\"@id\":\"https:\\\/\\\/www.revistarambla.com\\\/rebajas-de-locura\\\/#article\",\"isPartOf\":{\"@id\":\"https:\\\/\\\/www.revistarambla.com\\\/rebajas-de-locura\\\/\"},\"author\":{\"name\":\"Estefan\u00eda P\u00e9rez\",\"@id\":\"https:\\\/\\\/www.revistarambla.com\\\/#\\\/schema\\\/person\\\/9cc1c0f5495c4a6fd189ddd5ba5c5ac5\"},\"headline\":\"Rebajas de locura\",\"datePublished\":\"2011-01-10T10:34:16+00:00\",\"dateModified\":\"2021-12-10T15:55:18+00:00\",\"mainEntityOfPage\":{\"@id\":\"https:\\\/\\\/www.revistarambla.com\\\/rebajas-de-locura\\\/\"},\"wordCount\":614,\"commentCount\":0,\"publisher\":{\"@id\":\"https:\\\/\\\/www.revistarambla.com\\\/#organization\"},\"image\":{\"@id\":\"https:\\\/\\\/www.revistarambla.com\\\/rebajas-de-locura\\\/#primaryimage\"},\"thumbnailUrl\":\"https:\\\/\\\/www.revistarambla.com\\\/wp-content\\\/uploads\\\/2011\\\/01\\\/rebajas1.jpg\",\"articleSection\":[\"Actualidad\",\"Barcelona\"],\"inLanguage\":\"en-GB\",\"potentialAction\":[{\"@type\":\"CommentAction\",\"name\":\"Comment\",\"target\":[\"https:\\\/\\\/www.revistarambla.com\\\/rebajas-de-locura\\\/#respond\"]}]},{\"@type\":\"WebPage\",\"@id\":\"https:\\\/\\\/www.revistarambla.com\\\/rebajas-de-locura\\\/\",\"url\":\"https:\\\/\\\/www.revistarambla.com\\\/rebajas-de-locura\\\/\",\"name\":\"Rebajas de locura - Revista Rambla (Art\u00edculos Sociedad)\",\"isPartOf\":{\"@id\":\"https:\\\/\\\/www.revistarambla.com\\\/#website\"},\"primaryImageOfPage\":{\"@id\":\"https:\\\/\\\/www.revistarambla.com\\\/rebajas-de-locura\\\/#primaryimage\"},\"image\":{\"@id\":\"https:\\\/\\\/www.revistarambla.com\\\/rebajas-de-locura\\\/#primaryimage\"},\"thumbnailUrl\":\"https:\\\/\\\/www.revistarambla.com\\\/wp-content\\\/uploads\\\/2011\\\/01\\\/rebajas1.jpg\",\"datePublished\":\"2011-01-10T10:34:16+00:00\",\"dateModified\":\"2021-12-10T15:55:18+00:00\",\"description\":\"Rebajas de locura Estos son algunos de los titulares que pod\u00edamos leer el pasado s\u00e1bado en las cabeceras de los diarios espa\u00f1oles. La campa\u00f1a de rebaj...\",\"breadcrumb\":{\"@id\":\"https:\\\/\\\/www.revistarambla.com\\\/rebajas-de-locura\\\/#breadcrumb\"},\"inLanguage\":\"en-GB\",\"potentialAction\":[{\"@type\":\"ReadAction\",\"target\":[\"https:\\\/\\\/www.revistarambla.com\\\/rebajas-de-locura\\\/\"]}]},{\"@type\":\"ImageObject\",\"inLanguage\":\"en-GB\",\"@id\":\"https:\\\/\\\/www.revistarambla.com\\\/rebajas-de-locura\\\/#primaryimage\",\"url\":\"https:\\\/\\\/www.revistarambla.com\\\/wp-content\\\/uploads\\\/2011\\\/01\\\/rebajas1.jpg\",\"contentUrl\":\"https:\\\/\\\/www.revistarambla.com\\\/wp-content\\\/uploads\\\/2011\\\/01\\\/rebajas1.jpg\"},{\"@type\":\"BreadcrumbList\",\"@id\":\"https:\\\/\\\/www.revistarambla.com\\\/rebajas-de-locura\\\/#breadcrumb\",\"itemListElement\":[{\"@type\":\"ListItem\",\"position\":1,\"name\":\"Portada\",\"item\":\"https:\\\/\\\/www.revistarambla.com\\\/\"},{\"@type\":\"ListItem\",\"position\":2,\"name\":\"Rebajas de locura\"}]},{\"@type\":\"WebSite\",\"@id\":\"https:\\\/\\\/www.revistarambla.com\\\/#website\",\"url\":\"https:\\\/\\\/www.revistarambla.com\\\/\",\"name\":\"Revista Rambla Barcelona\",\"description\":\"Periodismo independiente\",\"publisher\":{\"@id\":\"https:\\\/\\\/www.revistarambla.com\\\/#organization\"},\"potentialAction\":[{\"@type\":\"SearchAction\",\"target\":{\"@type\":\"EntryPoint\",\"urlTemplate\":\"https:\\\/\\\/www.revistarambla.com\\\/?s={search_term_string}\"},\"query-input\":{\"@type\":\"PropertyValueSpecification\",\"valueRequired\":true,\"valueName\":\"search_term_string\"}}],\"inLanguage\":\"en-GB\"},{\"@type\":\"Organization\",\"@id\":\"https:\\\/\\\/www.revistarambla.com\\\/#organization\",\"name\":\"Revista Rambla\",\"url\":\"https:\\\/\\\/www.revistarambla.com\\\/\",\"logo\":{\"@type\":\"ImageObject\",\"inLanguage\":\"en-GB\",\"@id\":\"https:\\\/\\\/www.revistarambla.com\\\/#\\\/schema\\\/logo\\\/image\\\/\",\"url\":\"https:\\\/\\\/www.revistarambla.com\\\/wp-content\\\/uploads\\\/2020\\\/09\\\/banner_rambla_1900x600_BB.png\",\"contentUrl\":\"https:\\\/\\\/www.revistarambla.com\\\/wp-content\\\/uploads\\\/2020\\\/09\\\/banner_rambla_1900x600_BB.png\",\"width\":1900,\"height\":600,\"caption\":\"Revista Rambla\"},\"image\":{\"@id\":\"https:\\\/\\\/www.revistarambla.com\\\/#\\\/schema\\\/logo\\\/image\\\/\"},\"sameAs\":[\"https:\\\/\\\/www.facebook.com\\\/revistarambla\\\/\",\"https:\\\/\\\/x.com\\\/revistarambla\",\"https:\\\/\\\/www.instagram.com\\\/revista_rambla\",\"https:\\\/\\\/es.linkedin.com\\\/company\\\/revista-rambla\"]},{\"@type\":\"Person\",\"@id\":\"https:\\\/\\\/www.revistarambla.com\\\/#\\\/schema\\\/person\\\/9cc1c0f5495c4a6fd189ddd5ba5c5ac5\",\"name\":\"Estefan\u00eda P\u00e9rez\",\"description\":\"_\"}]}<\/script>\n<!-- \/ Yoast SEO plugin. -->","yoast_head_json":{"title":"Rebajas de locura - Revista Rambla (Art\u00edculos Sociedad)","description":"Rebajas de locura Estos son algunos de los titulares que pod\u00edamos leer el pasado s\u00e1bado en las cabeceras de los diarios espa\u00f1oles. La campa\u00f1a de rebaj...","robots":{"index":"index","follow":"follow","max-snippet":"max-snippet:-1","max-image-preview":"max-image-preview:large","max-video-preview":"max-video-preview:-1"},"canonical":"https:\/\/www.revistarambla.com\/en\/rebajas-de-locura\/","og_locale":"en_GB","og_type":"article","og_title":"Rebajas de locura - Revista Rambla (Art\u00edculos Sociedad)","og_description":"Rebajas de locura Estos son algunos de los titulares que pod\u00edamos leer el pasado s\u00e1bado en las cabeceras de los diarios espa\u00f1oles. La campa\u00f1a de rebaj...","og_url":"https:\/\/www.revistarambla.com\/en\/rebajas-de-locura\/","og_site_name":"Revista Rambla","article_publisher":"https:\/\/www.facebook.com\/revistarambla\/","article_published_time":"2011-01-10T10:34:16+00:00","article_modified_time":"2021-12-10T15:55:18+00:00","og_image":[{"width":250,"height":159,"url":"https:\/\/www.revistarambla.com\/wp-content\/uploads\/2011\/01\/rebajas0.jpg","type":"image\/jpeg"}],"author":"Estefan\u00eda P\u00e9rez","twitter_card":"summary_large_image","twitter_creator":"@revistarambla","twitter_site":"@revistarambla","twitter_misc":{"Written by":"Estefan\u00eda P\u00e9rez","Estimated reading time":"4 minutes"},"schema":{"@context":"https:\/\/schema.org","@graph":[{"@type":"Article","@id":"https:\/\/www.revistarambla.com\/rebajas-de-locura\/#article","isPartOf":{"@id":"https:\/\/www.revistarambla.com\/rebajas-de-locura\/"},"author":{"name":"Estefan\u00eda P\u00e9rez","@id":"https:\/\/www.revistarambla.com\/#\/schema\/person\/9cc1c0f5495c4a6fd189ddd5ba5c5ac5"},"headline":"Rebajas de locura","datePublished":"2011-01-10T10:34:16+00:00","dateModified":"2021-12-10T15:55:18+00:00","mainEntityOfPage":{"@id":"https:\/\/www.revistarambla.com\/rebajas-de-locura\/"},"wordCount":614,"commentCount":0,"publisher":{"@id":"https:\/\/www.revistarambla.com\/#organization"},"image":{"@id":"https:\/\/www.revistarambla.com\/rebajas-de-locura\/#primaryimage"},"thumbnailUrl":"https:\/\/www.revistarambla.com\/wp-content\/uploads\/2011\/01\/rebajas1.jpg","articleSection":["Actualidad","Barcelona"],"inLanguage":"en-GB","potentialAction":[{"@type":"CommentAction","name":"Comment","target":["https:\/\/www.revistarambla.com\/rebajas-de-locura\/#respond"]}]},{"@type":"WebPage","@id":"https:\/\/www.revistarambla.com\/rebajas-de-locura\/","url":"https:\/\/www.revistarambla.com\/rebajas-de-locura\/","name":"Rebajas de locura - Revista Rambla (Art\u00edculos Sociedad)","isPartOf":{"@id":"https:\/\/www.revistarambla.com\/#website"},"primaryImageOfPage":{"@id":"https:\/\/www.revistarambla.com\/rebajas-de-locura\/#primaryimage"},"image":{"@id":"https:\/\/www.revistarambla.com\/rebajas-de-locura\/#primaryimage"},"thumbnailUrl":"https:\/\/www.revistarambla.com\/wp-content\/uploads\/2011\/01\/rebajas1.jpg","datePublished":"2011-01-10T10:34:16+00:00","dateModified":"2021-12-10T15:55:18+00:00","description":"Rebajas de locura Estos son algunos de los titulares que pod\u00edamos leer el pasado s\u00e1bado en las cabeceras de los diarios espa\u00f1oles. La campa\u00f1a de rebaj...","breadcrumb":{"@id":"https:\/\/www.revistarambla.com\/rebajas-de-locura\/#breadcrumb"},"inLanguage":"en-GB","potentialAction":[{"@type":"ReadAction","target":["https:\/\/www.revistarambla.com\/rebajas-de-locura\/"]}]},{"@type":"ImageObject","inLanguage":"en-GB","@id":"https:\/\/www.revistarambla.com\/rebajas-de-locura\/#primaryimage","url":"https:\/\/www.revistarambla.com\/wp-content\/uploads\/2011\/01\/rebajas1.jpg","contentUrl":"https:\/\/www.revistarambla.com\/wp-content\/uploads\/2011\/01\/rebajas1.jpg"},{"@type":"BreadcrumbList","@id":"https:\/\/www.revistarambla.com\/rebajas-de-locura\/#breadcrumb","itemListElement":[{"@type":"ListItem","position":1,"name":"Portada","item":"https:\/\/www.revistarambla.com\/"},{"@type":"ListItem","position":2,"name":"Rebajas de locura"}]},{"@type":"WebSite","@id":"https:\/\/www.revistarambla.com\/#website","url":"https:\/\/www.revistarambla.com\/","name":"Revista Rambla Barcelona","description":"Periodismo independiente","publisher":{"@id":"https:\/\/www.revistarambla.com\/#organization"},"potentialAction":[{"@type":"SearchAction","target":{"@type":"EntryPoint","urlTemplate":"https:\/\/www.revistarambla.com\/?s={search_term_string}"},"query-input":{"@type":"PropertyValueSpecification","valueRequired":true,"valueName":"search_term_string"}}],"inLanguage":"en-GB"},{"@type":"Organization","@id":"https:\/\/www.revistarambla.com\/#organization","name":"Revista Rambla","url":"https:\/\/www.revistarambla.com\/","logo":{"@type":"ImageObject","inLanguage":"en-GB","@id":"https:\/\/www.revistarambla.com\/#\/schema\/logo\/image\/","url":"https:\/\/www.revistarambla.com\/wp-content\/uploads\/2020\/09\/banner_rambla_1900x600_BB.png","contentUrl":"https:\/\/www.revistarambla.com\/wp-content\/uploads\/2020\/09\/banner_rambla_1900x600_BB.png","width":1900,"height":600,"caption":"Revista Rambla"},"image":{"@id":"https:\/\/www.revistarambla.com\/#\/schema\/logo\/image\/"},"sameAs":["https:\/\/www.facebook.com\/revistarambla\/","https:\/\/x.com\/revistarambla","https:\/\/www.instagram.com\/revista_rambla","https:\/\/es.linkedin.com\/company\/revista-rambla"]},{"@type":"Person","@id":"https:\/\/www.revistarambla.com\/#\/schema\/person\/9cc1c0f5495c4a6fd189ddd5ba5c5ac5","name":"Estefan\u00eda P\u00e9rez","description":"_"}]}},"_links":{"self":[{"href":"https:\/\/www.revistarambla.com\/en\/wp-json\/wp\/v2\/posts\/702","targetHints":{"allow":["GET"]}}],"collection":[{"href":"https:\/\/www.revistarambla.com\/en\/wp-json\/wp\/v2\/posts"}],"about":[{"href":"https:\/\/www.revistarambla.com\/en\/wp-json\/wp\/v2\/types\/post"}],"author":[{"embeddable":true,"href":"https:\/\/www.revistarambla.com\/en\/wp-json\/wp\/v2\/users\/53"}],"replies":[{"embeddable":true,"href":"https:\/\/www.revistarambla.com\/en\/wp-json\/wp\/v2\/comments?post=702"}],"version-history":[{"count":0,"href":"https:\/\/www.revistarambla.com\/en\/wp-json\/wp\/v2\/posts\/702\/revisions"}],"wp:attachment":[{"href":"https:\/\/www.revistarambla.com\/en\/wp-json\/wp\/v2\/media?parent=702"}],"wp:term":[{"taxonomy":"category","embeddable":true,"href":"https:\/\/www.revistarambla.com\/en\/wp-json\/wp\/v2\/categories?post=702"},{"taxonomy":"post_tag","embeddable":true,"href":"https:\/\/www.revistarambla.com\/en\/wp-json\/wp\/v2\/tags?post=702"}],"curies":[{"name":"wp","href":"https:\/\/api.w.org\/{rel}","templated":true}]}}