{"id":696,"date":"2011-01-04T10:44:41","date_gmt":"2011-01-04T09:44:41","guid":{"rendered":"https:\/\/www.revistarambla.com\/ano-nuevo-ley-antitabaco-nueva\/"},"modified":"2021-12-16T21:15:37","modified_gmt":"2021-12-16T20:15:37","slug":"ano-nuevo-ley-antitabaco-nueva","status":"publish","type":"post","link":"https:\/\/www.revistarambla.com\/en\/ano-nuevo-ley-antitabaco-nueva\/","title":{"rendered":"A\u00f1o nuevo, ley antitabaco nueva"},"content":{"rendered":"<p><a href=\"https:\/\/www.revistarambla.com\/wp-content\/uploads\/2011\/01\/16748139208_b5f3673305_c.jpg\"><img decoding=\"async\" class=\"aligncenter wp-image-19130\" src=\"https:\/\/www.revistarambla.com\/wp-content\/uploads\/2011\/01\/16748139208_b5f3673305_c.jpg\" alt=\"Entra en vigor la ley antitabaco\" width=\"750\" height=\"441\" srcset=\"https:\/\/www.revistarambla.com\/wp-content\/uploads\/2011\/01\/16748139208_b5f3673305_c.jpg 800w, https:\/\/www.revistarambla.com\/wp-content\/uploads\/2011\/01\/16748139208_b5f3673305_c-300x176.jpg 300w, https:\/\/www.revistarambla.com\/wp-content\/uploads\/2011\/01\/16748139208_b5f3673305_c-768x451.jpg 768w, https:\/\/www.revistarambla.com\/wp-content\/uploads\/2011\/01\/16748139208_b5f3673305_c-500x294.jpg 500w, https:\/\/www.revistarambla.com\/wp-content\/uploads\/2011\/01\/16748139208_b5f3673305_c-650x382.jpg 650w, https:\/\/www.revistarambla.com\/wp-content\/uploads\/2011\/01\/16748139208_b5f3673305_c-458x269.jpg 458w\" sizes=\"(max-width: 750px) 100vw, 750px\" \/><\/a><\/p>\n<p>Por fin ha entrado en vigor <strong>la nueva ley antitabaco<\/strong>, no sin generar una gran pol\u00e9mica. Desde el d\u00eda dos de enero la costumbre de acompa\u00f1ar el caf\u00e9 del bar con un cigarrillo se acaba para todos los fumadores. La mayor\u00eda se resignan, otros en cambio, se muestran m\u00e1s indignados.<\/p>\n<p>Por fin ha entrado en vigor <strong>la nueva ley antitabaco<\/strong>, no sin generar una gran pol\u00e9mica. Desde el d\u00eda dos de enero la costumbre de acompa\u00f1ar el caf\u00e9 del bar con un cigarrillo se acaba para todos los fumadores. La mayor\u00eda se resignan, otros en cambio, se muestran m\u00e1s indignados.<\/p>\n<p>La nueva legislaci\u00f3n sobre el tabaquismo ya se ha implantado en nuestro pa\u00eds y ha venido precedida de una importante pol\u00e9mica. En 2006 fue aprobada la pen\u00faltima <strong>ley antitabaco en Espa\u00f1a<\/strong>; una ley que, a pesar de ser bastante permisiva en comparaci\u00f3n con la actual, tampoco fue acogida con mucho agrado.<\/p>\n<p>Esta primera norma restring\u00eda las zonas donde se pod\u00eda fumar de todos los lugares p\u00fablicos (administraciones, universidades, instalaciones deportivas, transportes\u2026) y tambi\u00e9n de algunos privados como bares y oficinas.<\/p>\n<p>Adem\u00e1s de esto,<strong> la antigua ley antitabaco<\/strong> incorpor\u00f3 la prohibici\u00f3n de la publicidad del tabaco en cualquier medio y de la venta en gasolineras y quioscos.\u00a0 Aun as\u00ed, dentro del sector hostelero se permiti\u00f3 bastante manga ancha, concediendo a los locales m\u00e1s peque\u00f1os el derecho a decidir si se pod\u00eda fumar o no; y a los m\u00e1s grandes de 100m\u00b2, se les inst\u00f3 a construir espacios aislados para fumadores si quer\u00edan permitir el consumo en sus locales.<\/p>\n<p>Esto llev\u00f3 gradualmente a que en la gran mayor\u00eda de bares y restaurantes se permitiera fumar o bien se habilitaran \u201czonas de fumadores\u201d, con las consiguientes inversiones que ello supon\u00eda. As\u00ed pues, al tratarse de una ley de bases (no se puede modificar a la baja pero si a la alza), cada comunidad aut\u00f3noma la aplic\u00f3 de la forma m\u00e1s conveniente pero, en general, no se implantaron medidas mucho m\u00e1s taxativas de las que establec\u00eda la regla desde un principio.<\/p>\n<p>Ahora, cinco a\u00f1os m\u00e1s tarde, Espa\u00f1a ha instaurado una de las leyes m\u00e1s restrictivas a escala global, ya que a parte de la prohibici\u00f3n de fumar en todos los espacios cerrados, la norma restringe tambi\u00e9n el consumo en ciertos espacios al aire libre, como son los parques infantiles o las zonas colindantes\u00a0 a los centros sanitarios y colegios.<\/p>\n<p>Por supuesto, queda totalmente <strong>prohibido fumar<\/strong> en todos los centros docentes, hoteles, hostales y bares. Dentro de los bares, estar\u00e1 permitido fumar si disponen de \u201cespacios abiertos, no cubiertos o rodeados lateralmente por un m\u00e1ximo de dos paredes\u201d, tal y como cita la ley, y los hoteles podr\u00e1n disponer de habitaciones de fumadores con espacios al aire libre (enti\u00e9ndase balcones o terrazas) y que deber\u00e1n estar debidamente separadas del resto y con un sistema de ventilaci\u00f3n independiente.<\/p>\n<p>El mismo d\u00eda dos a las 7 de la ma\u00f1ana, en uno de los escasos bares que ya estaban abiertos a esa hora del domingo, Antonio, un barrendero que desayuna habitualmente aqu\u00ed\u00a0 dice que \u201cse hace un poco raro, pero tambi\u00e9n se agradece respirar un poco a estas horas, cuando est\u00e1s reci\u00e9n levantado de la cama y con el estomago aun vac\u00edo\u201d.<\/p>\n<p>En cambio a Jos\u00e9, el due\u00f1o del establecimiento, no le parece tan bien: \u201cya le he tenido que llamar la atenci\u00f3n a dos clientes despistados que nada m\u00e1s servirles se han encendido el pitillo, creo que se han pasado mucho con esta ley\u201d.<\/p>\n<p>Por suerte, en este caso, se trata de un bar peque\u00f1o donde no han tenido que invertir en reformas, pero los due\u00f1os de locales reformados y tambi\u00e9n los propietarios de pubs y discotecas afirman que esta norma les va a suponer un perjuicio econ\u00f3mico muy grave.<\/p>\n<p>La <strong>ley antitabaco espa\u00f1ola<\/strong> se ha convertido en <strong>la m\u00e1s restrictiva de Europa<\/strong> y algunos fumadores se muestran esc\u00e9pticos: \u201csi realmente quieren acabar con el problema del tabaco que opten directamente por prohibirlo, estas leyes no dejan de ser una hipocres\u00eda porque los impuestos del tabaco suponen unos grandes ingresos para las arcas del Estado\u201d, declara una de las clientas del bar.<\/p>\n<p>Durante los \u00faltimos veinte a\u00f1os las leyes antitabaco espa\u00f1olas han ido evolucionando progresivamente. Si bien es cierto que casi siempre nos hemos situado a la cola europea en cuanto a medidas preventivas y paliativas sobre el tabaquismo, parece que esta vez Espa\u00f1a va a asumir un papel pionero en este campo, a pesar de que en este momento hay algunos pa\u00edses como Holanda o Grecia que est\u00e1n modificando sus respectivas normas para flexibilizarlas y crear nuevos espacios para fumadores.<\/p>","protected":false},"excerpt":{"rendered":"<p>Por fin ha entrado en vigor la nueva ley antitabaco, no sin generar una gran pol\u00e9mica. Desde el d\u00eda dos de enero la costumbre de acompa\u00f1ar el caf\u00e9 del bar con un cigarrillo se acaba para todos los fumadores. La mayor\u00eda se resignan, otros en cambio, se muestran m\u00e1s indignados. [&hellip;]<\/p>\n","protected":false},"author":66,"featured_media":19130,"comment_status":"open","ping_status":"open","sticky":false,"template":"","format":"standard","meta":{"footnotes":""},"categories":[3,58],"tags":[],"class_list":["post-696","post","type-post","status-publish","format-standard","has-post-thumbnail","hentry","category-actualidad","category-estado-espanol"],"yoast_head":"<!-- This site is optimized with the Yoast SEO plugin v27.5 - https:\/\/yoast.com\/product\/yoast-seo-wordpress\/ -->\n<title>A\u00f1o nuevo, ley antitabaco nueva - Revista Rambla<\/title>\n<meta name=\"description\" content=\"Por fin ha entrado en vigor la nueva ley antitabaco, no sin generar una gran pol\u00e9mica. Desde el d\u00eda dos de enero la costumbre de acompa\u00f1ar el caf\u00e9 del ba...\" \/>\n<meta name=\"robots\" content=\"index, follow, max-snippet:-1, max-image-preview:large, max-video-preview:-1\" \/>\n<link rel=\"canonical\" href=\"https:\/\/www.revistarambla.com\/en\/ano-nuevo-ley-antitabaco-nueva\/\" \/>\n<meta property=\"og:locale\" content=\"en_GB\" \/>\n<meta property=\"og:type\" content=\"article\" \/>\n<meta property=\"og:title\" content=\"A\u00f1o nuevo, ley antitabaco nueva - Revista Rambla\" \/>\n<meta property=\"og:description\" content=\"Por fin ha entrado en vigor la nueva ley antitabaco, no sin generar una gran pol\u00e9mica. Desde el d\u00eda dos de enero la costumbre de acompa\u00f1ar el caf\u00e9 del ba...\" \/>\n<meta property=\"og:url\" content=\"https:\/\/www.revistarambla.com\/en\/ano-nuevo-ley-antitabaco-nueva\/\" \/>\n<meta property=\"og:site_name\" content=\"Revista Rambla\" \/>\n<meta property=\"article:publisher\" content=\"https:\/\/www.facebook.com\/revistarambla\/\" \/>\n<meta property=\"article:published_time\" content=\"2011-01-04T09:44:41+00:00\" \/>\n<meta property=\"article:modified_time\" content=\"2021-12-16T20:15:37+00:00\" \/>\n<meta property=\"og:image\" content=\"https:\/\/www.revistarambla.com\/wp-content\/uploads\/2011\/01\/16748139208_b5f3673305_c.jpg\" \/>\n\t<meta property=\"og:image:width\" content=\"800\" \/>\n\t<meta property=\"og:image:height\" content=\"470\" \/>\n\t<meta property=\"og:image:type\" content=\"image\/jpeg\" \/>\n<meta name=\"author\" content=\"Ver\u00f3nica Encinas Salgado\" \/>\n<meta name=\"twitter:card\" content=\"summary_large_image\" \/>\n<meta name=\"twitter:creator\" content=\"@revistarambla\" \/>\n<meta name=\"twitter:site\" content=\"@revistarambla\" \/>\n<meta name=\"twitter:label1\" content=\"Written by\" \/>\n\t<meta name=\"twitter:data1\" content=\"Ver\u00f3nica Encinas Salgado\" \/>\n\t<meta name=\"twitter:label2\" content=\"Estimated reading time\" \/>\n\t<meta name=\"twitter:data2\" content=\"4 minutes\" \/>\n<script type=\"application\/ld+json\" class=\"yoast-schema-graph\">{\"@context\":\"https:\\\/\\\/schema.org\",\"@graph\":[{\"@type\":\"Article\",\"@id\":\"https:\\\/\\\/www.revistarambla.com\\\/ano-nuevo-ley-antitabaco-nueva\\\/#article\",\"isPartOf\":{\"@id\":\"https:\\\/\\\/www.revistarambla.com\\\/ano-nuevo-ley-antitabaco-nueva\\\/\"},\"author\":{\"name\":\"Ver\u00f3nica Encinas Salgado\",\"@id\":\"https:\\\/\\\/www.revistarambla.com\\\/#\\\/schema\\\/person\\\/d5b8d7715dcc8b0e3eeac113266d2af6\"},\"headline\":\"A\u00f1o nuevo, ley antitabaco nueva\",\"datePublished\":\"2011-01-04T09:44:41+00:00\",\"dateModified\":\"2021-12-16T20:15:37+00:00\",\"mainEntityOfPage\":{\"@id\":\"https:\\\/\\\/www.revistarambla.com\\\/ano-nuevo-ley-antitabaco-nueva\\\/\"},\"wordCount\":834,\"commentCount\":0,\"publisher\":{\"@id\":\"https:\\\/\\\/www.revistarambla.com\\\/#organization\"},\"image\":{\"@id\":\"https:\\\/\\\/www.revistarambla.com\\\/ano-nuevo-ley-antitabaco-nueva\\\/#primaryimage\"},\"thumbnailUrl\":\"https:\\\/\\\/www.revistarambla.com\\\/wp-content\\\/uploads\\\/2011\\\/01\\\/16748139208_b5f3673305_c.jpg\",\"articleSection\":[\"Actualidad\",\"Estado Espa\u00f1ol\"],\"inLanguage\":\"en-GB\",\"potentialAction\":[{\"@type\":\"CommentAction\",\"name\":\"Comment\",\"target\":[\"https:\\\/\\\/www.revistarambla.com\\\/ano-nuevo-ley-antitabaco-nueva\\\/#respond\"]}]},{\"@type\":\"WebPage\",\"@id\":\"https:\\\/\\\/www.revistarambla.com\\\/ano-nuevo-ley-antitabaco-nueva\\\/\",\"url\":\"https:\\\/\\\/www.revistarambla.com\\\/ano-nuevo-ley-antitabaco-nueva\\\/\",\"name\":\"A\u00f1o nuevo, ley antitabaco nueva - Revista Rambla\",\"isPartOf\":{\"@id\":\"https:\\\/\\\/www.revistarambla.com\\\/#website\"},\"primaryImageOfPage\":{\"@id\":\"https:\\\/\\\/www.revistarambla.com\\\/ano-nuevo-ley-antitabaco-nueva\\\/#primaryimage\"},\"image\":{\"@id\":\"https:\\\/\\\/www.revistarambla.com\\\/ano-nuevo-ley-antitabaco-nueva\\\/#primaryimage\"},\"thumbnailUrl\":\"https:\\\/\\\/www.revistarambla.com\\\/wp-content\\\/uploads\\\/2011\\\/01\\\/16748139208_b5f3673305_c.jpg\",\"datePublished\":\"2011-01-04T09:44:41+00:00\",\"dateModified\":\"2021-12-16T20:15:37+00:00\",\"description\":\"Por fin ha entrado en vigor la nueva ley antitabaco, no sin generar una gran pol\u00e9mica. Desde el d\u00eda dos de enero la costumbre de acompa\u00f1ar el caf\u00e9 del ba...\",\"breadcrumb\":{\"@id\":\"https:\\\/\\\/www.revistarambla.com\\\/ano-nuevo-ley-antitabaco-nueva\\\/#breadcrumb\"},\"inLanguage\":\"en-GB\",\"potentialAction\":[{\"@type\":\"ReadAction\",\"target\":[\"https:\\\/\\\/www.revistarambla.com\\\/ano-nuevo-ley-antitabaco-nueva\\\/\"]}]},{\"@type\":\"ImageObject\",\"inLanguage\":\"en-GB\",\"@id\":\"https:\\\/\\\/www.revistarambla.com\\\/ano-nuevo-ley-antitabaco-nueva\\\/#primaryimage\",\"url\":\"https:\\\/\\\/www.revistarambla.com\\\/wp-content\\\/uploads\\\/2011\\\/01\\\/16748139208_b5f3673305_c.jpg\",\"contentUrl\":\"https:\\\/\\\/www.revistarambla.com\\\/wp-content\\\/uploads\\\/2011\\\/01\\\/16748139208_b5f3673305_c.jpg\",\"width\":800,\"height\":470,\"caption\":\"Entra en vigor la ley antitabaco\"},{\"@type\":\"BreadcrumbList\",\"@id\":\"https:\\\/\\\/www.revistarambla.com\\\/ano-nuevo-ley-antitabaco-nueva\\\/#breadcrumb\",\"itemListElement\":[{\"@type\":\"ListItem\",\"position\":1,\"name\":\"Portada\",\"item\":\"https:\\\/\\\/www.revistarambla.com\\\/\"},{\"@type\":\"ListItem\",\"position\":2,\"name\":\"A\u00f1o nuevo, ley antitabaco nueva\"}]},{\"@type\":\"WebSite\",\"@id\":\"https:\\\/\\\/www.revistarambla.com\\\/#website\",\"url\":\"https:\\\/\\\/www.revistarambla.com\\\/\",\"name\":\"Revista Rambla Barcelona\",\"description\":\"Periodismo independiente\",\"publisher\":{\"@id\":\"https:\\\/\\\/www.revistarambla.com\\\/#organization\"},\"potentialAction\":[{\"@type\":\"SearchAction\",\"target\":{\"@type\":\"EntryPoint\",\"urlTemplate\":\"https:\\\/\\\/www.revistarambla.com\\\/?s={search_term_string}\"},\"query-input\":{\"@type\":\"PropertyValueSpecification\",\"valueRequired\":true,\"valueName\":\"search_term_string\"}}],\"inLanguage\":\"en-GB\"},{\"@type\":\"Organization\",\"@id\":\"https:\\\/\\\/www.revistarambla.com\\\/#organization\",\"name\":\"Revista Rambla\",\"url\":\"https:\\\/\\\/www.revistarambla.com\\\/\",\"logo\":{\"@type\":\"ImageObject\",\"inLanguage\":\"en-GB\",\"@id\":\"https:\\\/\\\/www.revistarambla.com\\\/#\\\/schema\\\/logo\\\/image\\\/\",\"url\":\"https:\\\/\\\/www.revistarambla.com\\\/wp-content\\\/uploads\\\/2020\\\/09\\\/banner_rambla_1900x600_BB.png\",\"contentUrl\":\"https:\\\/\\\/www.revistarambla.com\\\/wp-content\\\/uploads\\\/2020\\\/09\\\/banner_rambla_1900x600_BB.png\",\"width\":1900,\"height\":600,\"caption\":\"Revista Rambla\"},\"image\":{\"@id\":\"https:\\\/\\\/www.revistarambla.com\\\/#\\\/schema\\\/logo\\\/image\\\/\"},\"sameAs\":[\"https:\\\/\\\/www.facebook.com\\\/revistarambla\\\/\",\"https:\\\/\\\/x.com\\\/revistarambla\",\"https:\\\/\\\/www.instagram.com\\\/revista_rambla\",\"https:\\\/\\\/es.linkedin.com\\\/company\\\/revista-rambla\"]},{\"@type\":\"Person\",\"@id\":\"https:\\\/\\\/www.revistarambla.com\\\/#\\\/schema\\\/person\\\/d5b8d7715dcc8b0e3eeac113266d2af6\",\"name\":\"Ver\u00f3nica Encinas Salgado\",\"description\":\"Licenciada en Ciencias Pol\u00edticas por la Universidad Aut\u00f3noma de Barcelona y especializada en periodismo y comunicaci\u00f3n digital.\",\"sameAs\":[\"https:\\\/\\\/www.instagram.com\\\/veronica.encinas.salgado\\\/\",\"https:\\\/\\\/es.linkedin.com\\\/in\\\/veronicaencinassalgado\"]}]}<\/script>\n<!-- \/ Yoast SEO plugin. -->","yoast_head_json":{"title":"A\u00f1o nuevo, ley antitabaco nueva - Revista Rambla","description":"Por fin ha entrado en vigor la nueva ley antitabaco, no sin generar una gran pol\u00e9mica. Desde el d\u00eda dos de enero la costumbre de acompa\u00f1ar el caf\u00e9 del ba...","robots":{"index":"index","follow":"follow","max-snippet":"max-snippet:-1","max-image-preview":"max-image-preview:large","max-video-preview":"max-video-preview:-1"},"canonical":"https:\/\/www.revistarambla.com\/en\/ano-nuevo-ley-antitabaco-nueva\/","og_locale":"en_GB","og_type":"article","og_title":"A\u00f1o nuevo, ley antitabaco nueva - Revista Rambla","og_description":"Por fin ha entrado en vigor la nueva ley antitabaco, no sin generar una gran pol\u00e9mica. Desde el d\u00eda dos de enero la costumbre de acompa\u00f1ar el caf\u00e9 del ba...","og_url":"https:\/\/www.revistarambla.com\/en\/ano-nuevo-ley-antitabaco-nueva\/","og_site_name":"Revista Rambla","article_publisher":"https:\/\/www.facebook.com\/revistarambla\/","article_published_time":"2011-01-04T09:44:41+00:00","article_modified_time":"2021-12-16T20:15:37+00:00","og_image":[{"width":800,"height":470,"url":"https:\/\/www.revistarambla.com\/wp-content\/uploads\/2011\/01\/16748139208_b5f3673305_c.jpg","type":"image\/jpeg"}],"author":"Ver\u00f3nica Encinas Salgado","twitter_card":"summary_large_image","twitter_creator":"@revistarambla","twitter_site":"@revistarambla","twitter_misc":{"Written by":"Ver\u00f3nica Encinas Salgado","Estimated reading time":"4 minutes"},"schema":{"@context":"https:\/\/schema.org","@graph":[{"@type":"Article","@id":"https:\/\/www.revistarambla.com\/ano-nuevo-ley-antitabaco-nueva\/#article","isPartOf":{"@id":"https:\/\/www.revistarambla.com\/ano-nuevo-ley-antitabaco-nueva\/"},"author":{"name":"Ver\u00f3nica Encinas Salgado","@id":"https:\/\/www.revistarambla.com\/#\/schema\/person\/d5b8d7715dcc8b0e3eeac113266d2af6"},"headline":"A\u00f1o nuevo, ley antitabaco nueva","datePublished":"2011-01-04T09:44:41+00:00","dateModified":"2021-12-16T20:15:37+00:00","mainEntityOfPage":{"@id":"https:\/\/www.revistarambla.com\/ano-nuevo-ley-antitabaco-nueva\/"},"wordCount":834,"commentCount":0,"publisher":{"@id":"https:\/\/www.revistarambla.com\/#organization"},"image":{"@id":"https:\/\/www.revistarambla.com\/ano-nuevo-ley-antitabaco-nueva\/#primaryimage"},"thumbnailUrl":"https:\/\/www.revistarambla.com\/wp-content\/uploads\/2011\/01\/16748139208_b5f3673305_c.jpg","articleSection":["Actualidad","Estado Espa\u00f1ol"],"inLanguage":"en-GB","potentialAction":[{"@type":"CommentAction","name":"Comment","target":["https:\/\/www.revistarambla.com\/ano-nuevo-ley-antitabaco-nueva\/#respond"]}]},{"@type":"WebPage","@id":"https:\/\/www.revistarambla.com\/ano-nuevo-ley-antitabaco-nueva\/","url":"https:\/\/www.revistarambla.com\/ano-nuevo-ley-antitabaco-nueva\/","name":"A\u00f1o nuevo, ley antitabaco nueva - Revista Rambla","isPartOf":{"@id":"https:\/\/www.revistarambla.com\/#website"},"primaryImageOfPage":{"@id":"https:\/\/www.revistarambla.com\/ano-nuevo-ley-antitabaco-nueva\/#primaryimage"},"image":{"@id":"https:\/\/www.revistarambla.com\/ano-nuevo-ley-antitabaco-nueva\/#primaryimage"},"thumbnailUrl":"https:\/\/www.revistarambla.com\/wp-content\/uploads\/2011\/01\/16748139208_b5f3673305_c.jpg","datePublished":"2011-01-04T09:44:41+00:00","dateModified":"2021-12-16T20:15:37+00:00","description":"Por fin ha entrado en vigor la nueva ley antitabaco, no sin generar una gran pol\u00e9mica. Desde el d\u00eda dos de enero la costumbre de acompa\u00f1ar el caf\u00e9 del ba...","breadcrumb":{"@id":"https:\/\/www.revistarambla.com\/ano-nuevo-ley-antitabaco-nueva\/#breadcrumb"},"inLanguage":"en-GB","potentialAction":[{"@type":"ReadAction","target":["https:\/\/www.revistarambla.com\/ano-nuevo-ley-antitabaco-nueva\/"]}]},{"@type":"ImageObject","inLanguage":"en-GB","@id":"https:\/\/www.revistarambla.com\/ano-nuevo-ley-antitabaco-nueva\/#primaryimage","url":"https:\/\/www.revistarambla.com\/wp-content\/uploads\/2011\/01\/16748139208_b5f3673305_c.jpg","contentUrl":"https:\/\/www.revistarambla.com\/wp-content\/uploads\/2011\/01\/16748139208_b5f3673305_c.jpg","width":800,"height":470,"caption":"Entra en vigor la ley antitabaco"},{"@type":"BreadcrumbList","@id":"https:\/\/www.revistarambla.com\/ano-nuevo-ley-antitabaco-nueva\/#breadcrumb","itemListElement":[{"@type":"ListItem","position":1,"name":"Portada","item":"https:\/\/www.revistarambla.com\/"},{"@type":"ListItem","position":2,"name":"A\u00f1o nuevo, ley antitabaco nueva"}]},{"@type":"WebSite","@id":"https:\/\/www.revistarambla.com\/#website","url":"https:\/\/www.revistarambla.com\/","name":"Revista Rambla Barcelona","description":"Periodismo independiente","publisher":{"@id":"https:\/\/www.revistarambla.com\/#organization"},"potentialAction":[{"@type":"SearchAction","target":{"@type":"EntryPoint","urlTemplate":"https:\/\/www.revistarambla.com\/?s={search_term_string}"},"query-input":{"@type":"PropertyValueSpecification","valueRequired":true,"valueName":"search_term_string"}}],"inLanguage":"en-GB"},{"@type":"Organization","@id":"https:\/\/www.revistarambla.com\/#organization","name":"Revista Rambla","url":"https:\/\/www.revistarambla.com\/","logo":{"@type":"ImageObject","inLanguage":"en-GB","@id":"https:\/\/www.revistarambla.com\/#\/schema\/logo\/image\/","url":"https:\/\/www.revistarambla.com\/wp-content\/uploads\/2020\/09\/banner_rambla_1900x600_BB.png","contentUrl":"https:\/\/www.revistarambla.com\/wp-content\/uploads\/2020\/09\/banner_rambla_1900x600_BB.png","width":1900,"height":600,"caption":"Revista Rambla"},"image":{"@id":"https:\/\/www.revistarambla.com\/#\/schema\/logo\/image\/"},"sameAs":["https:\/\/www.facebook.com\/revistarambla\/","https:\/\/x.com\/revistarambla","https:\/\/www.instagram.com\/revista_rambla","https:\/\/es.linkedin.com\/company\/revista-rambla"]},{"@type":"Person","@id":"https:\/\/www.revistarambla.com\/#\/schema\/person\/d5b8d7715dcc8b0e3eeac113266d2af6","name":"Ver\u00f3nica Encinas Salgado","description":"Licenciada en Ciencias Pol\u00edticas por la Universidad Aut\u00f3noma de Barcelona y especializada en periodismo y comunicaci\u00f3n digital.","sameAs":["https:\/\/www.instagram.com\/veronica.encinas.salgado\/","https:\/\/es.linkedin.com\/in\/veronicaencinassalgado"]}]}},"_links":{"self":[{"href":"https:\/\/www.revistarambla.com\/en\/wp-json\/wp\/v2\/posts\/696","targetHints":{"allow":["GET"]}}],"collection":[{"href":"https:\/\/www.revistarambla.com\/en\/wp-json\/wp\/v2\/posts"}],"about":[{"href":"https:\/\/www.revistarambla.com\/en\/wp-json\/wp\/v2\/types\/post"}],"author":[{"embeddable":true,"href":"https:\/\/www.revistarambla.com\/en\/wp-json\/wp\/v2\/users\/66"}],"replies":[{"embeddable":true,"href":"https:\/\/www.revistarambla.com\/en\/wp-json\/wp\/v2\/comments?post=696"}],"version-history":[{"count":0,"href":"https:\/\/www.revistarambla.com\/en\/wp-json\/wp\/v2\/posts\/696\/revisions"}],"wp:featuredmedia":[{"embeddable":true,"href":"https:\/\/www.revistarambla.com\/en\/wp-json\/wp\/v2\/media\/19130"}],"wp:attachment":[{"href":"https:\/\/www.revistarambla.com\/en\/wp-json\/wp\/v2\/media?parent=696"}],"wp:term":[{"taxonomy":"category","embeddable":true,"href":"https:\/\/www.revistarambla.com\/en\/wp-json\/wp\/v2\/categories?post=696"},{"taxonomy":"post_tag","embeddable":true,"href":"https:\/\/www.revistarambla.com\/en\/wp-json\/wp\/v2\/tags?post=696"}],"curies":[{"name":"wp","href":"https:\/\/api.w.org\/{rel}","templated":true}]}}