{"id":6922,"date":"2015-03-06T07:08:15","date_gmt":"2015-03-06T07:08:15","guid":{"rendered":"https:\/\/www.revistarambla.com\/la-ilp-de-renta-garantizada-choca-con-el-muro-conservador-del-parlament\/"},"modified":"2024-06-25T22:36:02","modified_gmt":"2024-06-25T20:36:02","slug":"la-ilp-de-renta-garantizada-choca-con-el-muro-conservador-del-parlament","status":"publish","type":"post","link":"https:\/\/www.revistarambla.com\/en\/la-ilp-de-renta-garantizada-choca-con-el-muro-conservador-del-parlament\/","title":{"rendered":"La ILP de Renta Garantizada choca con el muro conservador del Parlament"},"content":{"rendered":"<p>La Comisi\u00f3n Promotora de la Iniciativa Legislativa Popular de la Renta Garantizada de Ciudadan\u00eda denuncia, en una carta p\u00fablica, la actitud obstruccionista ante la citada proposici\u00f3n de ley por parte de la mayor\u00eda conservadora del Parlament de Catalunya.<\/p>\n<p>La ILP de la Renta Garantizada de Ciudadan\u00eda data de finales de 2013, cuando se recogieron 120.000 firmas en apoyo de esta iniciativa popular que reclama una paga social de 664 euros mensuales en doce pagas. La ley se present\u00f3 en el plenario del Parlament el 26 de marzo de 2014, y la primera comparecencia no tuvo lugar hasta el 8 de julio del citado a\u00f1o. Hasta hoy s\u00f3lo ha habido 31 comparecencias de las 80 previstas, por lo que no ser\u00eda posible tramitar dicha ley antes de que se disuelva el Parlament por las elecciones previstas el 27 de septiembre de 2015. Sobre la Renta Garantizada se aprobaron varias mociones, la \u00faltima el 27 de noviembre de 2015, en sede parlamentaria, para que se tramitara con car\u00e1cter de urgencia, cosa que indigna a\u00fan m\u00e1s a los portavoces de la Comisi\u00f3n Promotora, Sixto Gargant\u00e9 y Diosdado Toledano. La ILP cuenta con el apoyo de los grupos parlamentarios de la CUP, ERC, ICV-EUiA y PSC.<\/p>\n<p>Para los denunciantes, los representantes de CiU en la Comisi\u00f3n de Bienestar, Familia e Inmigraci\u00f3n han impedido, a trav\u00e9s de t\u00e1cticas dilatorias, la aprobaci\u00f3n de la ILP, y apuntan al responsable \u00faltimo, el presidente de la Generalitat Artur Mas, como el responsable del boicot a esta propuesta de ley ciudadana. La carta de denuncia fue presentada en rueda de prensa delante de las puertas del Parlament, y estuvieron los grupos parlamentarios que la apoyan, salvo los grupos del PP, Ciutadans y CiU. Hasta la fecha son 121 personas que a t\u00edtulo individual han firmado la misiva, y m\u00e1s de 50 entidades sociales y c\u00edvicas. Entre otras cosas se dice en la carta: \u201cCuando la pobreza se extiende y se enquista por todos los rincones de <a href=\"https:\/\/www.revistarambla.com\/en\/actualidad\/catalunya\/\">Catalunya<\/a>, y la desigualdad aumenta hasta cotas intolerables (el 1% de la poblaci\u00f3n concentra m\u00e1s riqueza que el 70% m\u00e1s pobre, seg\u00fan denuncia Interm\u00f3n Oxfam), el gobierno de la Generalitat sigue gobernando por los intereses de los m\u00e1s ricos y da la espalda a las personas y familias m\u00e1s necesitadas y vulnerables\u201d. En otro momento se dice: \u201cLa insensibilidad social del actual gobierno se pone de manifiesto en el \u201colvido\u201d de la cohesi\u00f3n social en su plan para crear estructuras de estado en Catalunya, y en la presentaci\u00f3n de los nuevos presupuestos donde la partida contra la pobreza y por la inclusi\u00f3n social es notablemente insuficiente\u201d.<\/p>\n<p>En el acto de lectura de la carta participaron, adem\u00e1s de los portavoces de la ILP de la Renta Garantizada de Ciudadan\u00eda, Mar\u00eda Campuzano, en nombre de la \u201cAlianza contra la pobreza energ\u00e9tica\u201d; Domiciano Sandoval, por la \u201cMarea pensionista\u201d; N\u00faria Carrera, del \u201cColegio Oficial de Trabajo Social de Catalunya\u201d; <a href=\"https:\/\/www.revistarambla.com\/en\/el-verdadero-debate-es-si-queremos-seguir-gobernados-por-la-derecha\/\">Llu\u00eds Rabell<\/a>, por la \u201cFederaci\u00f3n de Asociaciones de Vecinos de Barcelona\u201d; Ram\u00f3n Franquesa, del \u201cFront C\u00edvic de Catalunya\u201d; Llorens Serrano, en nombre de \u201cCC. OO.\u201d; Laura Pelay, de la \u201cUGT\u201d; Ada Colau, en nombre de la candidatura \u201cBarcelona en Com\u00fa\u201d; Quim Arrufat, de la \u201cCUP\u201d; Oriol Amor\u00f3s, de \u201cERC\u201d; Joan Herrera, por \u201cICV-EUiA\u201d; Eva Granados, del \u201cPSC\u201d y Jordi Bonet, de \u201cPodem Catalunya\u201d. Entre los firmantes de la carta, adem\u00e1s de los citados, se pueden encontrar activistas sociales como <a href=\"https:\/\/www.revistarambla.com\/en\/en-la-muerte-de-arcadi-oliveres\/\">Arcadi Oliveres<\/a>; Itziar Gonz\u00e1lez, del grupo impulsor del \u201cParlamento Ciudadano\u201d; la cantante de blues Big Mama; la monja benedictina Teresa Forcades; Josep Fontana, historiador; Vicen\u00e7 Navarro, catedr\u00e1tico de Ciencias Pol\u00edticas; Montserrat Ribas, de \u201cAcci\u00f3n Cat\u00f3lica Obrera\u201d o Pepe Baena, de la \u201cPastoral Obrera de Catalunya\u201d; Albert Batiste, de \u201cATTAC\u201d o <a href=\"https:\/\/www.revistarambla.com\/en\/gerardo-pisarello-el-desafio-es-doble-conseguir-un-referendum-y-sacar-del-poder-a-los-conservadores-de-catalunya-y-espana\/\">Gerardo Pisarello<\/a>, profesor de Derecho Constitucional, entre otros.<\/p>\n<p>Los promotores de la ILP de la Renta Garantizada de Ciudadan\u00eda anunciar\u00e1n movilizaciones y acciones de apoyo de esta ley en el \u201cF\u00f3rum de alternativas al paro, la pobreza y la desigualdad\u201d que se celebrar\u00e1 los d\u00edas 24, 25 y 26 de abril del presente a\u00f1o en el recinto de la Universidad Pompeu Fabra. A pesar de las gestiones de los grupos parlamentarios que apoyan la ILP, los portavoces s\u00f3lo creen que ser\u00e1 la movilizaci\u00f3n ciudadana, de nuevo, la que puede conseguir que se tramite la ley en el marco de la actual legislatura.<\/p>","protected":false},"excerpt":{"rendered":"<p>La Comisi\u00f3n Promotora de la Iniciativa Legislativa Popular de la Renta Garantizada de Ciudadan\u00eda denuncia, en una carta p\u00fablica, la actitud obstruccionista ante la citada proposici\u00f3n de ley por parte de la mayor\u00eda conservadora del Parlament de Catalunya. La ILP de la Renta Garantizada de Ciudadan\u00eda data de finales de [&hellip;]<\/p>\n","protected":false},"author":3,"featured_media":6920,"comment_status":"open","ping_status":"open","sticky":false,"template":"","format":"standard","meta":{"footnotes":""},"categories":[76],"tags":[],"class_list":["post-6922","post","type-post","status-publish","format-standard","has-post-thumbnail","hentry","category-barcelona"],"yoast_head":"<!-- This site is optimized with the Yoast SEO plugin v27.5 - https:\/\/yoast.com\/product\/yoast-seo-wordpress\/ -->\n<title>Renta Garantizada choca con el muro conservador del Parlament<\/title>\n<meta name=\"description\" content=\"Los promotores de la ILP de la Renta Garantizada de Ciudadan\u00eda anunciar\u00e1n movilizaciones y acciones de apoyo de esta ley.\" \/>\n<meta name=\"robots\" content=\"index, follow, max-snippet:-1, max-image-preview:large, max-video-preview:-1\" \/>\n<link rel=\"canonical\" href=\"https:\/\/www.revistarambla.com\/en\/la-ilp-de-renta-garantizada-choca-con-el-muro-conservador-del-parlament\/\" \/>\n<meta property=\"og:locale\" content=\"en_GB\" \/>\n<meta property=\"og:type\" content=\"article\" \/>\n<meta property=\"og:title\" content=\"Renta Garantizada choca con el muro conservador del Parlament\" \/>\n<meta property=\"og:description\" content=\"Los promotores de la ILP de la Renta Garantizada de Ciudadan\u00eda anunciar\u00e1n movilizaciones y acciones de apoyo de esta ley.\" \/>\n<meta property=\"og:url\" content=\"https:\/\/www.revistarambla.com\/en\/la-ilp-de-renta-garantizada-choca-con-el-muro-conservador-del-parlament\/\" \/>\n<meta property=\"og:site_name\" content=\"Revista Rambla\" \/>\n<meta property=\"article:publisher\" content=\"https:\/\/www.facebook.com\/revistarambla\/\" \/>\n<meta property=\"article:author\" content=\"https:\/\/www.facebook.com\/revistarambla\" \/>\n<meta property=\"article:published_time\" content=\"2015-03-06T07:08:15+00:00\" \/>\n<meta property=\"article:modified_time\" content=\"2024-06-25T20:36:02+00:00\" \/>\n<meta property=\"og:image\" content=\"https:\/\/www.revistarambla.com\/wp-content\/uploads\/2015\/03\/colau_revistarambla_01.jpg\" \/>\n\t<meta property=\"og:image:width\" content=\"700\" \/>\n\t<meta property=\"og:image:height\" content=\"467\" \/>\n\t<meta property=\"og:image:type\" content=\"image\/jpeg\" \/>\n<meta name=\"author\" content=\"R@mbla\" \/>\n<meta name=\"twitter:card\" content=\"summary_large_image\" \/>\n<meta name=\"twitter:creator\" content=\"@revistarambla\" \/>\n<meta name=\"twitter:site\" content=\"@revistarambla\" \/>\n<meta name=\"twitter:label1\" content=\"Written by\" \/>\n\t<meta name=\"twitter:data1\" content=\"R@mbla\" \/>\n\t<meta name=\"twitter:label2\" content=\"Estimated reading time\" \/>\n\t<meta name=\"twitter:data2\" content=\"4 minutes\" \/>\n<script type=\"application\/ld+json\" class=\"yoast-schema-graph\">{\"@context\":\"https:\\\/\\\/schema.org\",\"@graph\":[{\"@type\":\"Article\",\"@id\":\"https:\\\/\\\/www.revistarambla.com\\\/la-ilp-de-renta-garantizada-choca-con-el-muro-conservador-del-parlament\\\/#article\",\"isPartOf\":{\"@id\":\"https:\\\/\\\/www.revistarambla.com\\\/la-ilp-de-renta-garantizada-choca-con-el-muro-conservador-del-parlament\\\/\"},\"author\":{\"name\":\"R@mbla\",\"@id\":\"https:\\\/\\\/www.revistarambla.com\\\/#\\\/schema\\\/person\\\/a146a5a2550b94981a75131180e1bd9c\"},\"headline\":\"La ILP de Renta Garantizada choca con el muro conservador del Parlament\",\"datePublished\":\"2015-03-06T07:08:15+00:00\",\"dateModified\":\"2024-06-25T20:36:02+00:00\",\"mainEntityOfPage\":{\"@id\":\"https:\\\/\\\/www.revistarambla.com\\\/la-ilp-de-renta-garantizada-choca-con-el-muro-conservador-del-parlament\\\/\"},\"wordCount\":760,\"commentCount\":0,\"publisher\":{\"@id\":\"https:\\\/\\\/www.revistarambla.com\\\/#organization\"},\"image\":{\"@id\":\"https:\\\/\\\/www.revistarambla.com\\\/la-ilp-de-renta-garantizada-choca-con-el-muro-conservador-del-parlament\\\/#primaryimage\"},\"thumbnailUrl\":\"https:\\\/\\\/www.revistarambla.com\\\/wp-content\\\/uploads\\\/2015\\\/03\\\/colau_revistarambla_01.jpg\",\"articleSection\":[\"Barcelona\"],\"inLanguage\":\"en-GB\",\"potentialAction\":[{\"@type\":\"CommentAction\",\"name\":\"Comment\",\"target\":[\"https:\\\/\\\/www.revistarambla.com\\\/la-ilp-de-renta-garantizada-choca-con-el-muro-conservador-del-parlament\\\/#respond\"]}]},{\"@type\":\"WebPage\",\"@id\":\"https:\\\/\\\/www.revistarambla.com\\\/la-ilp-de-renta-garantizada-choca-con-el-muro-conservador-del-parlament\\\/\",\"url\":\"https:\\\/\\\/www.revistarambla.com\\\/la-ilp-de-renta-garantizada-choca-con-el-muro-conservador-del-parlament\\\/\",\"name\":\"Renta Garantizada choca con el muro conservador del Parlament\",\"isPartOf\":{\"@id\":\"https:\\\/\\\/www.revistarambla.com\\\/#website\"},\"primaryImageOfPage\":{\"@id\":\"https:\\\/\\\/www.revistarambla.com\\\/la-ilp-de-renta-garantizada-choca-con-el-muro-conservador-del-parlament\\\/#primaryimage\"},\"image\":{\"@id\":\"https:\\\/\\\/www.revistarambla.com\\\/la-ilp-de-renta-garantizada-choca-con-el-muro-conservador-del-parlament\\\/#primaryimage\"},\"thumbnailUrl\":\"https:\\\/\\\/www.revistarambla.com\\\/wp-content\\\/uploads\\\/2015\\\/03\\\/colau_revistarambla_01.jpg\",\"datePublished\":\"2015-03-06T07:08:15+00:00\",\"dateModified\":\"2024-06-25T20:36:02+00:00\",\"description\":\"Los promotores de la ILP de la Renta Garantizada de Ciudadan\u00eda anunciar\u00e1n movilizaciones y acciones de apoyo de esta ley.\",\"breadcrumb\":{\"@id\":\"https:\\\/\\\/www.revistarambla.com\\\/la-ilp-de-renta-garantizada-choca-con-el-muro-conservador-del-parlament\\\/#breadcrumb\"},\"inLanguage\":\"en-GB\",\"potentialAction\":[{\"@type\":\"ReadAction\",\"target\":[\"https:\\\/\\\/www.revistarambla.com\\\/la-ilp-de-renta-garantizada-choca-con-el-muro-conservador-del-parlament\\\/\"]}]},{\"@type\":\"ImageObject\",\"inLanguage\":\"en-GB\",\"@id\":\"https:\\\/\\\/www.revistarambla.com\\\/la-ilp-de-renta-garantizada-choca-con-el-muro-conservador-del-parlament\\\/#primaryimage\",\"url\":\"https:\\\/\\\/www.revistarambla.com\\\/wp-content\\\/uploads\\\/2015\\\/03\\\/colau_revistarambla_01.jpg\",\"contentUrl\":\"https:\\\/\\\/www.revistarambla.com\\\/wp-content\\\/uploads\\\/2015\\\/03\\\/colau_revistarambla_01.jpg\",\"width\":700,\"height\":467,\"caption\":\"Renta Garantizada choca con el muro conservador del Parlament\"},{\"@type\":\"BreadcrumbList\",\"@id\":\"https:\\\/\\\/www.revistarambla.com\\\/la-ilp-de-renta-garantizada-choca-con-el-muro-conservador-del-parlament\\\/#breadcrumb\",\"itemListElement\":[{\"@type\":\"ListItem\",\"position\":1,\"name\":\"Portada\",\"item\":\"https:\\\/\\\/www.revistarambla.com\\\/\"},{\"@type\":\"ListItem\",\"position\":2,\"name\":\"La ILP de Renta Garantizada choca con el muro conservador del Parlament\"}]},{\"@type\":\"WebSite\",\"@id\":\"https:\\\/\\\/www.revistarambla.com\\\/#website\",\"url\":\"https:\\\/\\\/www.revistarambla.com\\\/\",\"name\":\"Revista Rambla Barcelona\",\"description\":\"Periodismo independiente\",\"publisher\":{\"@id\":\"https:\\\/\\\/www.revistarambla.com\\\/#organization\"},\"potentialAction\":[{\"@type\":\"SearchAction\",\"target\":{\"@type\":\"EntryPoint\",\"urlTemplate\":\"https:\\\/\\\/www.revistarambla.com\\\/?s={search_term_string}\"},\"query-input\":{\"@type\":\"PropertyValueSpecification\",\"valueRequired\":true,\"valueName\":\"search_term_string\"}}],\"inLanguage\":\"en-GB\"},{\"@type\":\"Organization\",\"@id\":\"https:\\\/\\\/www.revistarambla.com\\\/#organization\",\"name\":\"Revista Rambla\",\"url\":\"https:\\\/\\\/www.revistarambla.com\\\/\",\"logo\":{\"@type\":\"ImageObject\",\"inLanguage\":\"en-GB\",\"@id\":\"https:\\\/\\\/www.revistarambla.com\\\/#\\\/schema\\\/logo\\\/image\\\/\",\"url\":\"https:\\\/\\\/www.revistarambla.com\\\/wp-content\\\/uploads\\\/2020\\\/09\\\/banner_rambla_1900x600_BB.png\",\"contentUrl\":\"https:\\\/\\\/www.revistarambla.com\\\/wp-content\\\/uploads\\\/2020\\\/09\\\/banner_rambla_1900x600_BB.png\",\"width\":1900,\"height\":600,\"caption\":\"Revista Rambla\"},\"image\":{\"@id\":\"https:\\\/\\\/www.revistarambla.com\\\/#\\\/schema\\\/logo\\\/image\\\/\"},\"sameAs\":[\"https:\\\/\\\/www.facebook.com\\\/revistarambla\\\/\",\"https:\\\/\\\/x.com\\\/revistarambla\",\"https:\\\/\\\/www.instagram.com\\\/revista_rambla\",\"https:\\\/\\\/es.linkedin.com\\\/company\\\/revista-rambla\"]},{\"@type\":\"Person\",\"@id\":\"https:\\\/\\\/www.revistarambla.com\\\/#\\\/schema\\\/person\\\/a146a5a2550b94981a75131180e1bd9c\",\"name\":\"R@mbla\",\"description\":\"Este art\u00edculo ha sido redactado y\\\/o validado por el equipo de redacci\u00f3n de Revista Rambla.\",\"sameAs\":[\"https:\\\/\\\/www.revistarambla.com\\\/\",\"https:\\\/\\\/www.facebook.com\\\/revistarambla\",\"https:\\\/\\\/x.com\\\/revistarambla\"]}]}<\/script>\n<!-- \/ Yoast SEO plugin. -->","yoast_head_json":{"title":"Renta Garantizada choca con el muro conservador del Parlament","description":"Los promotores de la ILP de la Renta Garantizada de Ciudadan\u00eda anunciar\u00e1n movilizaciones y acciones de apoyo de esta ley.","robots":{"index":"index","follow":"follow","max-snippet":"max-snippet:-1","max-image-preview":"max-image-preview:large","max-video-preview":"max-video-preview:-1"},"canonical":"https:\/\/www.revistarambla.com\/en\/la-ilp-de-renta-garantizada-choca-con-el-muro-conservador-del-parlament\/","og_locale":"en_GB","og_type":"article","og_title":"Renta Garantizada choca con el muro conservador del Parlament","og_description":"Los promotores de la ILP de la Renta Garantizada de Ciudadan\u00eda anunciar\u00e1n movilizaciones y acciones de apoyo de esta ley.","og_url":"https:\/\/www.revistarambla.com\/en\/la-ilp-de-renta-garantizada-choca-con-el-muro-conservador-del-parlament\/","og_site_name":"Revista Rambla","article_publisher":"https:\/\/www.facebook.com\/revistarambla\/","article_author":"https:\/\/www.facebook.com\/revistarambla","article_published_time":"2015-03-06T07:08:15+00:00","article_modified_time":"2024-06-25T20:36:02+00:00","og_image":[{"width":700,"height":467,"url":"https:\/\/www.revistarambla.com\/wp-content\/uploads\/2015\/03\/colau_revistarambla_01.jpg","type":"image\/jpeg"}],"author":"R@mbla","twitter_card":"summary_large_image","twitter_creator":"@revistarambla","twitter_site":"@revistarambla","twitter_misc":{"Written by":"R@mbla","Estimated reading time":"4 minutes"},"schema":{"@context":"https:\/\/schema.org","@graph":[{"@type":"Article","@id":"https:\/\/www.revistarambla.com\/la-ilp-de-renta-garantizada-choca-con-el-muro-conservador-del-parlament\/#article","isPartOf":{"@id":"https:\/\/www.revistarambla.com\/la-ilp-de-renta-garantizada-choca-con-el-muro-conservador-del-parlament\/"},"author":{"name":"R@mbla","@id":"https:\/\/www.revistarambla.com\/#\/schema\/person\/a146a5a2550b94981a75131180e1bd9c"},"headline":"La ILP de Renta Garantizada choca con el muro conservador del Parlament","datePublished":"2015-03-06T07:08:15+00:00","dateModified":"2024-06-25T20:36:02+00:00","mainEntityOfPage":{"@id":"https:\/\/www.revistarambla.com\/la-ilp-de-renta-garantizada-choca-con-el-muro-conservador-del-parlament\/"},"wordCount":760,"commentCount":0,"publisher":{"@id":"https:\/\/www.revistarambla.com\/#organization"},"image":{"@id":"https:\/\/www.revistarambla.com\/la-ilp-de-renta-garantizada-choca-con-el-muro-conservador-del-parlament\/#primaryimage"},"thumbnailUrl":"https:\/\/www.revistarambla.com\/wp-content\/uploads\/2015\/03\/colau_revistarambla_01.jpg","articleSection":["Barcelona"],"inLanguage":"en-GB","potentialAction":[{"@type":"CommentAction","name":"Comment","target":["https:\/\/www.revistarambla.com\/la-ilp-de-renta-garantizada-choca-con-el-muro-conservador-del-parlament\/#respond"]}]},{"@type":"WebPage","@id":"https:\/\/www.revistarambla.com\/la-ilp-de-renta-garantizada-choca-con-el-muro-conservador-del-parlament\/","url":"https:\/\/www.revistarambla.com\/la-ilp-de-renta-garantizada-choca-con-el-muro-conservador-del-parlament\/","name":"Renta Garantizada choca con el muro conservador del Parlament","isPartOf":{"@id":"https:\/\/www.revistarambla.com\/#website"},"primaryImageOfPage":{"@id":"https:\/\/www.revistarambla.com\/la-ilp-de-renta-garantizada-choca-con-el-muro-conservador-del-parlament\/#primaryimage"},"image":{"@id":"https:\/\/www.revistarambla.com\/la-ilp-de-renta-garantizada-choca-con-el-muro-conservador-del-parlament\/#primaryimage"},"thumbnailUrl":"https:\/\/www.revistarambla.com\/wp-content\/uploads\/2015\/03\/colau_revistarambla_01.jpg","datePublished":"2015-03-06T07:08:15+00:00","dateModified":"2024-06-25T20:36:02+00:00","description":"Los promotores de la ILP de la Renta Garantizada de Ciudadan\u00eda anunciar\u00e1n movilizaciones y acciones de apoyo de esta ley.","breadcrumb":{"@id":"https:\/\/www.revistarambla.com\/la-ilp-de-renta-garantizada-choca-con-el-muro-conservador-del-parlament\/#breadcrumb"},"inLanguage":"en-GB","potentialAction":[{"@type":"ReadAction","target":["https:\/\/www.revistarambla.com\/la-ilp-de-renta-garantizada-choca-con-el-muro-conservador-del-parlament\/"]}]},{"@type":"ImageObject","inLanguage":"en-GB","@id":"https:\/\/www.revistarambla.com\/la-ilp-de-renta-garantizada-choca-con-el-muro-conservador-del-parlament\/#primaryimage","url":"https:\/\/www.revistarambla.com\/wp-content\/uploads\/2015\/03\/colau_revistarambla_01.jpg","contentUrl":"https:\/\/www.revistarambla.com\/wp-content\/uploads\/2015\/03\/colau_revistarambla_01.jpg","width":700,"height":467,"caption":"Renta Garantizada choca con el muro conservador del Parlament"},{"@type":"BreadcrumbList","@id":"https:\/\/www.revistarambla.com\/la-ilp-de-renta-garantizada-choca-con-el-muro-conservador-del-parlament\/#breadcrumb","itemListElement":[{"@type":"ListItem","position":1,"name":"Portada","item":"https:\/\/www.revistarambla.com\/"},{"@type":"ListItem","position":2,"name":"La ILP de Renta Garantizada choca con el muro conservador del Parlament"}]},{"@type":"WebSite","@id":"https:\/\/www.revistarambla.com\/#website","url":"https:\/\/www.revistarambla.com\/","name":"Revista Rambla Barcelona","description":"Periodismo independiente","publisher":{"@id":"https:\/\/www.revistarambla.com\/#organization"},"potentialAction":[{"@type":"SearchAction","target":{"@type":"EntryPoint","urlTemplate":"https:\/\/www.revistarambla.com\/?s={search_term_string}"},"query-input":{"@type":"PropertyValueSpecification","valueRequired":true,"valueName":"search_term_string"}}],"inLanguage":"en-GB"},{"@type":"Organization","@id":"https:\/\/www.revistarambla.com\/#organization","name":"Revista Rambla","url":"https:\/\/www.revistarambla.com\/","logo":{"@type":"ImageObject","inLanguage":"en-GB","@id":"https:\/\/www.revistarambla.com\/#\/schema\/logo\/image\/","url":"https:\/\/www.revistarambla.com\/wp-content\/uploads\/2020\/09\/banner_rambla_1900x600_BB.png","contentUrl":"https:\/\/www.revistarambla.com\/wp-content\/uploads\/2020\/09\/banner_rambla_1900x600_BB.png","width":1900,"height":600,"caption":"Revista Rambla"},"image":{"@id":"https:\/\/www.revistarambla.com\/#\/schema\/logo\/image\/"},"sameAs":["https:\/\/www.facebook.com\/revistarambla\/","https:\/\/x.com\/revistarambla","https:\/\/www.instagram.com\/revista_rambla","https:\/\/es.linkedin.com\/company\/revista-rambla"]},{"@type":"Person","@id":"https:\/\/www.revistarambla.com\/#\/schema\/person\/a146a5a2550b94981a75131180e1bd9c","name":"R@mbla","description":"Este art\u00edculo ha sido redactado y\/o validado por el equipo de redacci\u00f3n de Revista Rambla.","sameAs":["https:\/\/www.revistarambla.com\/","https:\/\/www.facebook.com\/revistarambla","https:\/\/x.com\/revistarambla"]}]}},"_links":{"self":[{"href":"https:\/\/www.revistarambla.com\/en\/wp-json\/wp\/v2\/posts\/6922","targetHints":{"allow":["GET"]}}],"collection":[{"href":"https:\/\/www.revistarambla.com\/en\/wp-json\/wp\/v2\/posts"}],"about":[{"href":"https:\/\/www.revistarambla.com\/en\/wp-json\/wp\/v2\/types\/post"}],"author":[{"embeddable":true,"href":"https:\/\/www.revistarambla.com\/en\/wp-json\/wp\/v2\/users\/3"}],"replies":[{"embeddable":true,"href":"https:\/\/www.revistarambla.com\/en\/wp-json\/wp\/v2\/comments?post=6922"}],"version-history":[{"count":2,"href":"https:\/\/www.revistarambla.com\/en\/wp-json\/wp\/v2\/posts\/6922\/revisions"}],"predecessor-version":[{"id":61381,"href":"https:\/\/www.revistarambla.com\/en\/wp-json\/wp\/v2\/posts\/6922\/revisions\/61381"}],"wp:featuredmedia":[{"embeddable":true,"href":"https:\/\/www.revistarambla.com\/en\/wp-json\/wp\/v2\/media\/6920"}],"wp:attachment":[{"href":"https:\/\/www.revistarambla.com\/en\/wp-json\/wp\/v2\/media?parent=6922"}],"wp:term":[{"taxonomy":"category","embeddable":true,"href":"https:\/\/www.revistarambla.com\/en\/wp-json\/wp\/v2\/categories?post=6922"},{"taxonomy":"post_tag","embeddable":true,"href":"https:\/\/www.revistarambla.com\/en\/wp-json\/wp\/v2\/tags?post=6922"}],"curies":[{"name":"wp","href":"https:\/\/api.w.org\/{rel}","templated":true}]}}