{"id":685,"date":"2010-12-22T10:26:52","date_gmt":"2010-12-22T09:26:52","guid":{"rendered":"https:\/\/www.revistarambla.com\/todo-listo-para-la-xvi-edicion-del-barnasants\/"},"modified":"2021-12-10T16:55:51","modified_gmt":"2021-12-10T15:55:51","slug":"todo-listo-para-la-xvi-edicion-del-barnasants","status":"publish","type":"post","link":"https:\/\/www.revistarambla.com\/en\/todo-listo-para-la-xvi-edicion-del-barnasants\/","title":{"rendered":"Todo listo para la XVI edici\u00f3n del Barnasants"},"content":{"rendered":"<figure id=\"attachment_19161\" aria-describedby=\"caption-attachment-19161\" style=\"width: 300px\" class=\"wp-caption alignright\"><a href=\"https:\/\/www.revistarambla.com\/wp-content\/uploads\/2010\/12\/Albert_Pla-01.jpg\"><img decoding=\"async\" class=\"wp-image-19161\" src=\"https:\/\/www.revistarambla.com\/wp-content\/uploads\/2010\/12\/Albert_Pla-01.jpg\" alt=\"albert pla en barnasants\" width=\"300\" height=\"450\" srcset=\"https:\/\/www.revistarambla.com\/wp-content\/uploads\/2010\/12\/Albert_Pla-01.jpg 1333w, https:\/\/www.revistarambla.com\/wp-content\/uploads\/2010\/12\/Albert_Pla-01-200x300.jpg 200w, https:\/\/www.revistarambla.com\/wp-content\/uploads\/2010\/12\/Albert_Pla-01-768x1152.jpg 768w, https:\/\/www.revistarambla.com\/wp-content\/uploads\/2010\/12\/Albert_Pla-01-682x1024.jpg 682w, https:\/\/www.revistarambla.com\/wp-content\/uploads\/2010\/12\/Albert_Pla-01-500x750.jpg 500w, https:\/\/www.revistarambla.com\/wp-content\/uploads\/2010\/12\/Albert_Pla-01-377x566.jpg 377w, https:\/\/www.revistarambla.com\/wp-content\/uploads\/2010\/12\/Albert_Pla-01-289x433.jpg 289w, https:\/\/www.revistarambla.com\/wp-content\/uploads\/2010\/12\/Albert_Pla-01-203x305.jpg 203w\" sizes=\"(max-width: 300px) 100vw, 300px\" \/><\/a><figcaption id=\"caption-attachment-19161\" class=\"wp-caption-text\">Albert Pla.<\/figcaption><\/figure>\n<p>La antigua f\u00e1brica de Estrella Damm ha sido el lugar elegido para la presentaci\u00f3n oficial del <a href=\"http:\/\/www.barnasants.com\/\">16\u00ba Festival de la Canci\u00f3n de Barcelona<\/a> que comenzar\u00e1 el pr\u00f3ximo 27 de enero. 123 artistas, algunos de ellos ya consagrados, ofrecer\u00e1n 111 conciertos repartidos por diferentes lugares de la geograf\u00eda catalana. La programaci\u00f3n del festival recoge m\u00e1s de un centenar de actuaciones que se alargar\u00e1n hasta el 14 de abril de 2011. En el cartel de este a\u00f1o, sobre la guitarra que el m\u00fasico Pau Alabajos utilizar\u00e1 en el concierto inaugural del festival, se puede leer <em>\u00ab<\/em><em>Esta m\u00e1quina combate el Fascismo\u00bb.<\/em> La XVI edici\u00f3n de BARNASANTS quiere recordar el 75 aniversario del levantamiento fascista con una imagen que sintetiza el poder que la canci\u00f3n ha tenido y tiene en momentos hist\u00f3ricos trascendentales.<\/p>\n<p>A la presentaci\u00f3n del\u00faltimo trabajo de Pau Alabajos, el jueves 27 de enero en L&#8217;Auditori de Barcelona, le seguir\u00e1n grandes nombres de la canci\u00f3n catalana, espa\u00f1ola y latinoamericana como son Juan Perro, Jorge Drexler, Luis Eduardo Aute, Ariel Rot, Ismael Serrano, Joan Isaac, Mar\u00eda Dolores Pradera, Joan Americ, Quique Gonz\u00e1lez, Mikel Erentxun, Cristina del Valle (Amistades Peligrosas) o Pep Sala, entre otros. Pero, una vez m\u00e1s, BARNASANTS abre tambi\u00e9n la puerta a nuevas voces de gran calidad. Buenos ejemplos son Refree, Eduard Canimas, Ivette Nadal, Beth, Los Amigos de las Artes y La Shica, y muchos otros. Completan el cartel un pu\u00f1ado de conciertos especiales, como la sorprendente propuesta de Pascal Comelade y Albert Pla, \u00abSomiatruites\u00bb, que combina m\u00fasica y t\u00edteres y que en la reciente edici\u00f3n del festival Temporada Alta obtuvo un gran \u00e9xito, as\u00ed como en <a href=\"https:\/\/www.revistarambla.com\/en\/a-teatro-con-eduardo\/\">su presentaci\u00f3n en el Teatre Lliure<\/a>. Todo ello sin olvidar que, antes del estreno oficial del festival, Kiko Veneno actuar\u00e1 en un concierto especial el s\u00e1bado 22 de enero en el Teatro Principal de Badalona.<\/p>\n<h3><strong>Homenajes<\/strong><strong>a<\/strong><strong> Labordeta, Benedetti, Marisa Sannia y la canci\u00f3n occitana<\/strong><\/h3>\n<p>Ycomo no pod\u00eda ser de otra manera, el festival tambi\u00e9n tiene programados algunos homenajes, entre los que destacan: un ciclo de canci\u00f3n occitana y el tributo a algunas voces imprescindibles.<\/p>\n<p>El cantautor, escritor y pol\u00edtico Jos\u00e9 Antonio Labordeta (1935-2010) recibir\u00e1 un tributo el 8 de abril en Zaragoza, su ciudad natal, y otro, el 10 del mismo mes en la sala Atrium de Viladecans. El otro gran homenaje de esta edici\u00f3n de BARNASANTS es para el poeta uruguayo Mario Benedetti (1920-2009).<\/p>\n<p><em>\u2018EsterFormosa<\/em><em>, Elena Ledda y Andrea Marzo cantan a Marisa Sannia\u2019 <\/em>es el t\u00edtulo del concierto que estas tres valiosas voces ofrecen como tributo a la cantante italiana Marisa Sannia, que tuvo especial relevancia dentro de la llamada canci\u00f3n ligera y la canci\u00f3n de autor , especialmente en Cerde\u00f1a, su isla natal. El recital tendr\u00e1 lugar el viernes 1 de abril en L&#8217;Alguer (Cerde\u00f1a) y el s\u00e1bado 9 de abril en el Teatre Joventut de L&#8217;Hospitalet del Llobregat.<\/p>\n<p>La canci\u00f3n occitana tendr\u00e1 tambi\u00e9n un espacio destacado en la edici\u00f3n de este a\u00f1o de BARNASANTS. El festival, en colaboraci\u00f3n con el gobierno de Tolousse &#8211; Lenguadoc, ha previsto los recitales de cuatro cantautores occitanos entre el 10 y el 18 de marzo.<\/p>\n<h3><strong>Los <\/strong><strong>Premios<\/strong><strong> Barnasants crecen<\/strong><\/h3>\n<p>Este a\u00f1o los Premios BARNASANTS incluir\u00e1n tres galardones m\u00e1s. En las dos categor\u00edas inauguradas el a\u00f1o pasado (el Premio de Canci\u00f3n de Autor y el Premio al activismo Cultural) se a\u00f1adir\u00e1n este a\u00f1o 2011 tres galardones para reconocer los mejores recitales del ciclo. El nombre de los ganadores se har\u00e1n p\u00fablicos el jueves 14 de abril, coincidiendo con el \u00faltimo concierto de esta edici\u00f3n de BARNASANTS.<\/p>","protected":false},"excerpt":{"rendered":"<p>La antigua f\u00e1brica de Estrella Damm ha sido el lugar elegido para la presentaci\u00f3n oficial del 16\u00ba Festival de la Canci\u00f3n de Barcelona que comenzar\u00e1 el pr\u00f3ximo 27 de enero. 123 artistas, algunos de ellos ya consagrados, ofrecer\u00e1n 111 conciertos repartidos por diferentes lugares de la geograf\u00eda catalana. La programaci\u00f3n [&hellip;]<\/p>\n","protected":false},"author":53,"featured_media":19161,"comment_status":"open","ping_status":"open","sticky":false,"template":"","format":"standard","meta":{"footnotes":""},"categories":[4,65],"tags":[],"class_list":["post-685","post","type-post","status-publish","format-standard","has-post-thumbnail","hentry","category-cultura","category-musica"],"yoast_head":"<!-- This site is optimized with the Yoast SEO plugin v27.5 - https:\/\/yoast.com\/product\/yoast-seo-wordpress\/ -->\n<title>Todo listo para la XVI edici\u00f3n del Barnasants - Revista Rambla<\/title>\n<meta name=\"description\" content=\"La XVI edici\u00f3n de BARNASANTS quiere recordar el 75 aniversario del levantamiento fascista con una imagen que sintetiza el poder que la canci\u00f3n ha tenido...\" \/>\n<meta name=\"robots\" content=\"index, follow, max-snippet:-1, max-image-preview:large, max-video-preview:-1\" \/>\n<link rel=\"canonical\" href=\"https:\/\/www.revistarambla.com\/en\/todo-listo-para-la-xvi-edicion-del-barnasants\/\" \/>\n<meta property=\"og:locale\" content=\"en_GB\" \/>\n<meta property=\"og:type\" content=\"article\" \/>\n<meta property=\"og:title\" content=\"Todo listo para la XVI edici\u00f3n del Barnasants - Revista Rambla\" \/>\n<meta property=\"og:description\" content=\"La XVI edici\u00f3n de BARNASANTS quiere recordar el 75 aniversario del levantamiento fascista con una imagen que sintetiza el poder que la canci\u00f3n ha tenido...\" \/>\n<meta property=\"og:url\" content=\"https:\/\/www.revistarambla.com\/en\/todo-listo-para-la-xvi-edicion-del-barnasants\/\" \/>\n<meta property=\"og:site_name\" content=\"Revista Rambla\" \/>\n<meta property=\"article:publisher\" content=\"https:\/\/www.facebook.com\/revistarambla\/\" \/>\n<meta property=\"article:published_time\" content=\"2010-12-22T09:26:52+00:00\" \/>\n<meta property=\"article:modified_time\" content=\"2021-12-10T15:55:51+00:00\" \/>\n<meta property=\"og:image\" content=\"https:\/\/www.revistarambla.com\/wp-content\/uploads\/2010\/12\/Albert_Pla-01.jpg\" \/>\n\t<meta property=\"og:image:width\" content=\"1333\" \/>\n\t<meta property=\"og:image:height\" content=\"2000\" \/>\n\t<meta property=\"og:image:type\" content=\"image\/jpeg\" \/>\n<meta name=\"author\" content=\"Estefan\u00eda P\u00e9rez\" \/>\n<meta name=\"twitter:card\" content=\"summary_large_image\" \/>\n<meta name=\"twitter:creator\" content=\"@revistarambla\" \/>\n<meta name=\"twitter:site\" content=\"@revistarambla\" \/>\n<meta name=\"twitter:label1\" content=\"Written by\" \/>\n\t<meta name=\"twitter:data1\" content=\"Estefan\u00eda P\u00e9rez\" \/>\n\t<meta name=\"twitter:label2\" content=\"Estimated reading time\" \/>\n\t<meta name=\"twitter:data2\" content=\"3 minutes\" \/>\n<script type=\"application\/ld+json\" class=\"yoast-schema-graph\">{\"@context\":\"https:\\\/\\\/schema.org\",\"@graph\":[{\"@type\":\"Article\",\"@id\":\"https:\\\/\\\/www.revistarambla.com\\\/todo-listo-para-la-xvi-edicion-del-barnasants\\\/#article\",\"isPartOf\":{\"@id\":\"https:\\\/\\\/www.revistarambla.com\\\/todo-listo-para-la-xvi-edicion-del-barnasants\\\/\"},\"author\":{\"name\":\"Estefan\u00eda P\u00e9rez\",\"@id\":\"https:\\\/\\\/www.revistarambla.com\\\/#\\\/schema\\\/person\\\/9cc1c0f5495c4a6fd189ddd5ba5c5ac5\"},\"headline\":\"Todo listo para la XVI edici\u00f3n del Barnasants\",\"datePublished\":\"2010-12-22T09:26:52+00:00\",\"dateModified\":\"2021-12-10T15:55:51+00:00\",\"mainEntityOfPage\":{\"@id\":\"https:\\\/\\\/www.revistarambla.com\\\/todo-listo-para-la-xvi-edicion-del-barnasants\\\/\"},\"wordCount\":645,\"commentCount\":0,\"publisher\":{\"@id\":\"https:\\\/\\\/www.revistarambla.com\\\/#organization\"},\"image\":{\"@id\":\"https:\\\/\\\/www.revistarambla.com\\\/todo-listo-para-la-xvi-edicion-del-barnasants\\\/#primaryimage\"},\"thumbnailUrl\":\"https:\\\/\\\/www.revistarambla.com\\\/wp-content\\\/uploads\\\/2010\\\/12\\\/Albert_Pla-01.jpg\",\"articleSection\":[\"Cultura\",\"M\u00fasica\"],\"inLanguage\":\"en-GB\",\"potentialAction\":[{\"@type\":\"CommentAction\",\"name\":\"Comment\",\"target\":[\"https:\\\/\\\/www.revistarambla.com\\\/todo-listo-para-la-xvi-edicion-del-barnasants\\\/#respond\"]}]},{\"@type\":\"WebPage\",\"@id\":\"https:\\\/\\\/www.revistarambla.com\\\/todo-listo-para-la-xvi-edicion-del-barnasants\\\/\",\"url\":\"https:\\\/\\\/www.revistarambla.com\\\/todo-listo-para-la-xvi-edicion-del-barnasants\\\/\",\"name\":\"Todo listo para la XVI edici\u00f3n del Barnasants - Revista Rambla\",\"isPartOf\":{\"@id\":\"https:\\\/\\\/www.revistarambla.com\\\/#website\"},\"primaryImageOfPage\":{\"@id\":\"https:\\\/\\\/www.revistarambla.com\\\/todo-listo-para-la-xvi-edicion-del-barnasants\\\/#primaryimage\"},\"image\":{\"@id\":\"https:\\\/\\\/www.revistarambla.com\\\/todo-listo-para-la-xvi-edicion-del-barnasants\\\/#primaryimage\"},\"thumbnailUrl\":\"https:\\\/\\\/www.revistarambla.com\\\/wp-content\\\/uploads\\\/2010\\\/12\\\/Albert_Pla-01.jpg\",\"datePublished\":\"2010-12-22T09:26:52+00:00\",\"dateModified\":\"2021-12-10T15:55:51+00:00\",\"description\":\"La XVI edici\u00f3n de BARNASANTS quiere recordar el 75 aniversario del levantamiento fascista con una imagen que sintetiza el poder que la canci\u00f3n ha tenido...\",\"breadcrumb\":{\"@id\":\"https:\\\/\\\/www.revistarambla.com\\\/todo-listo-para-la-xvi-edicion-del-barnasants\\\/#breadcrumb\"},\"inLanguage\":\"en-GB\",\"potentialAction\":[{\"@type\":\"ReadAction\",\"target\":[\"https:\\\/\\\/www.revistarambla.com\\\/todo-listo-para-la-xvi-edicion-del-barnasants\\\/\"]}]},{\"@type\":\"ImageObject\",\"inLanguage\":\"en-GB\",\"@id\":\"https:\\\/\\\/www.revistarambla.com\\\/todo-listo-para-la-xvi-edicion-del-barnasants\\\/#primaryimage\",\"url\":\"https:\\\/\\\/www.revistarambla.com\\\/wp-content\\\/uploads\\\/2010\\\/12\\\/Albert_Pla-01.jpg\",\"contentUrl\":\"https:\\\/\\\/www.revistarambla.com\\\/wp-content\\\/uploads\\\/2010\\\/12\\\/Albert_Pla-01.jpg\",\"width\":1333,\"height\":2000,\"caption\":\"Albert Pla.\"},{\"@type\":\"BreadcrumbList\",\"@id\":\"https:\\\/\\\/www.revistarambla.com\\\/todo-listo-para-la-xvi-edicion-del-barnasants\\\/#breadcrumb\",\"itemListElement\":[{\"@type\":\"ListItem\",\"position\":1,\"name\":\"Portada\",\"item\":\"https:\\\/\\\/www.revistarambla.com\\\/\"},{\"@type\":\"ListItem\",\"position\":2,\"name\":\"Todo listo para la XVI edici\u00f3n del Barnasants\"}]},{\"@type\":\"WebSite\",\"@id\":\"https:\\\/\\\/www.revistarambla.com\\\/#website\",\"url\":\"https:\\\/\\\/www.revistarambla.com\\\/\",\"name\":\"Revista Rambla Barcelona\",\"description\":\"Periodismo independiente\",\"publisher\":{\"@id\":\"https:\\\/\\\/www.revistarambla.com\\\/#organization\"},\"potentialAction\":[{\"@type\":\"SearchAction\",\"target\":{\"@type\":\"EntryPoint\",\"urlTemplate\":\"https:\\\/\\\/www.revistarambla.com\\\/?s={search_term_string}\"},\"query-input\":{\"@type\":\"PropertyValueSpecification\",\"valueRequired\":true,\"valueName\":\"search_term_string\"}}],\"inLanguage\":\"en-GB\"},{\"@type\":\"Organization\",\"@id\":\"https:\\\/\\\/www.revistarambla.com\\\/#organization\",\"name\":\"Revista Rambla\",\"url\":\"https:\\\/\\\/www.revistarambla.com\\\/\",\"logo\":{\"@type\":\"ImageObject\",\"inLanguage\":\"en-GB\",\"@id\":\"https:\\\/\\\/www.revistarambla.com\\\/#\\\/schema\\\/logo\\\/image\\\/\",\"url\":\"https:\\\/\\\/www.revistarambla.com\\\/wp-content\\\/uploads\\\/2020\\\/09\\\/banner_rambla_1900x600_BB.png\",\"contentUrl\":\"https:\\\/\\\/www.revistarambla.com\\\/wp-content\\\/uploads\\\/2020\\\/09\\\/banner_rambla_1900x600_BB.png\",\"width\":1900,\"height\":600,\"caption\":\"Revista Rambla\"},\"image\":{\"@id\":\"https:\\\/\\\/www.revistarambla.com\\\/#\\\/schema\\\/logo\\\/image\\\/\"},\"sameAs\":[\"https:\\\/\\\/www.facebook.com\\\/revistarambla\\\/\",\"https:\\\/\\\/x.com\\\/revistarambla\",\"https:\\\/\\\/www.instagram.com\\\/revista_rambla\",\"https:\\\/\\\/es.linkedin.com\\\/company\\\/revista-rambla\"]},{\"@type\":\"Person\",\"@id\":\"https:\\\/\\\/www.revistarambla.com\\\/#\\\/schema\\\/person\\\/9cc1c0f5495c4a6fd189ddd5ba5c5ac5\",\"name\":\"Estefan\u00eda P\u00e9rez\",\"description\":\"_\"}]}<\/script>\n<!-- \/ Yoast SEO plugin. -->","yoast_head_json":{"title":"Todo listo para la XVI edici\u00f3n del Barnasants - Revista Rambla","description":"La XVI edici\u00f3n de BARNASANTS quiere recordar el 75 aniversario del levantamiento fascista con una imagen que sintetiza el poder que la canci\u00f3n ha tenido...","robots":{"index":"index","follow":"follow","max-snippet":"max-snippet:-1","max-image-preview":"max-image-preview:large","max-video-preview":"max-video-preview:-1"},"canonical":"https:\/\/www.revistarambla.com\/en\/todo-listo-para-la-xvi-edicion-del-barnasants\/","og_locale":"en_GB","og_type":"article","og_title":"Todo listo para la XVI edici\u00f3n del Barnasants - Revista Rambla","og_description":"La XVI edici\u00f3n de BARNASANTS quiere recordar el 75 aniversario del levantamiento fascista con una imagen que sintetiza el poder que la canci\u00f3n ha tenido...","og_url":"https:\/\/www.revistarambla.com\/en\/todo-listo-para-la-xvi-edicion-del-barnasants\/","og_site_name":"Revista Rambla","article_publisher":"https:\/\/www.facebook.com\/revistarambla\/","article_published_time":"2010-12-22T09:26:52+00:00","article_modified_time":"2021-12-10T15:55:51+00:00","og_image":[{"width":1333,"height":2000,"url":"https:\/\/www.revistarambla.com\/wp-content\/uploads\/2010\/12\/Albert_Pla-01.jpg","type":"image\/jpeg"}],"author":"Estefan\u00eda P\u00e9rez","twitter_card":"summary_large_image","twitter_creator":"@revistarambla","twitter_site":"@revistarambla","twitter_misc":{"Written by":"Estefan\u00eda P\u00e9rez","Estimated reading time":"3 minutes"},"schema":{"@context":"https:\/\/schema.org","@graph":[{"@type":"Article","@id":"https:\/\/www.revistarambla.com\/todo-listo-para-la-xvi-edicion-del-barnasants\/#article","isPartOf":{"@id":"https:\/\/www.revistarambla.com\/todo-listo-para-la-xvi-edicion-del-barnasants\/"},"author":{"name":"Estefan\u00eda P\u00e9rez","@id":"https:\/\/www.revistarambla.com\/#\/schema\/person\/9cc1c0f5495c4a6fd189ddd5ba5c5ac5"},"headline":"Todo listo para la XVI edici\u00f3n del Barnasants","datePublished":"2010-12-22T09:26:52+00:00","dateModified":"2021-12-10T15:55:51+00:00","mainEntityOfPage":{"@id":"https:\/\/www.revistarambla.com\/todo-listo-para-la-xvi-edicion-del-barnasants\/"},"wordCount":645,"commentCount":0,"publisher":{"@id":"https:\/\/www.revistarambla.com\/#organization"},"image":{"@id":"https:\/\/www.revistarambla.com\/todo-listo-para-la-xvi-edicion-del-barnasants\/#primaryimage"},"thumbnailUrl":"https:\/\/www.revistarambla.com\/wp-content\/uploads\/2010\/12\/Albert_Pla-01.jpg","articleSection":["Cultura","M\u00fasica"],"inLanguage":"en-GB","potentialAction":[{"@type":"CommentAction","name":"Comment","target":["https:\/\/www.revistarambla.com\/todo-listo-para-la-xvi-edicion-del-barnasants\/#respond"]}]},{"@type":"WebPage","@id":"https:\/\/www.revistarambla.com\/todo-listo-para-la-xvi-edicion-del-barnasants\/","url":"https:\/\/www.revistarambla.com\/todo-listo-para-la-xvi-edicion-del-barnasants\/","name":"Todo listo para la XVI edici\u00f3n del Barnasants - Revista Rambla","isPartOf":{"@id":"https:\/\/www.revistarambla.com\/#website"},"primaryImageOfPage":{"@id":"https:\/\/www.revistarambla.com\/todo-listo-para-la-xvi-edicion-del-barnasants\/#primaryimage"},"image":{"@id":"https:\/\/www.revistarambla.com\/todo-listo-para-la-xvi-edicion-del-barnasants\/#primaryimage"},"thumbnailUrl":"https:\/\/www.revistarambla.com\/wp-content\/uploads\/2010\/12\/Albert_Pla-01.jpg","datePublished":"2010-12-22T09:26:52+00:00","dateModified":"2021-12-10T15:55:51+00:00","description":"La XVI edici\u00f3n de BARNASANTS quiere recordar el 75 aniversario del levantamiento fascista con una imagen que sintetiza el poder que la canci\u00f3n ha tenido...","breadcrumb":{"@id":"https:\/\/www.revistarambla.com\/todo-listo-para-la-xvi-edicion-del-barnasants\/#breadcrumb"},"inLanguage":"en-GB","potentialAction":[{"@type":"ReadAction","target":["https:\/\/www.revistarambla.com\/todo-listo-para-la-xvi-edicion-del-barnasants\/"]}]},{"@type":"ImageObject","inLanguage":"en-GB","@id":"https:\/\/www.revistarambla.com\/todo-listo-para-la-xvi-edicion-del-barnasants\/#primaryimage","url":"https:\/\/www.revistarambla.com\/wp-content\/uploads\/2010\/12\/Albert_Pla-01.jpg","contentUrl":"https:\/\/www.revistarambla.com\/wp-content\/uploads\/2010\/12\/Albert_Pla-01.jpg","width":1333,"height":2000,"caption":"Albert Pla."},{"@type":"BreadcrumbList","@id":"https:\/\/www.revistarambla.com\/todo-listo-para-la-xvi-edicion-del-barnasants\/#breadcrumb","itemListElement":[{"@type":"ListItem","position":1,"name":"Portada","item":"https:\/\/www.revistarambla.com\/"},{"@type":"ListItem","position":2,"name":"Todo listo para la XVI edici\u00f3n del Barnasants"}]},{"@type":"WebSite","@id":"https:\/\/www.revistarambla.com\/#website","url":"https:\/\/www.revistarambla.com\/","name":"Revista Rambla Barcelona","description":"Periodismo independiente","publisher":{"@id":"https:\/\/www.revistarambla.com\/#organization"},"potentialAction":[{"@type":"SearchAction","target":{"@type":"EntryPoint","urlTemplate":"https:\/\/www.revistarambla.com\/?s={search_term_string}"},"query-input":{"@type":"PropertyValueSpecification","valueRequired":true,"valueName":"search_term_string"}}],"inLanguage":"en-GB"},{"@type":"Organization","@id":"https:\/\/www.revistarambla.com\/#organization","name":"Revista Rambla","url":"https:\/\/www.revistarambla.com\/","logo":{"@type":"ImageObject","inLanguage":"en-GB","@id":"https:\/\/www.revistarambla.com\/#\/schema\/logo\/image\/","url":"https:\/\/www.revistarambla.com\/wp-content\/uploads\/2020\/09\/banner_rambla_1900x600_BB.png","contentUrl":"https:\/\/www.revistarambla.com\/wp-content\/uploads\/2020\/09\/banner_rambla_1900x600_BB.png","width":1900,"height":600,"caption":"Revista Rambla"},"image":{"@id":"https:\/\/www.revistarambla.com\/#\/schema\/logo\/image\/"},"sameAs":["https:\/\/www.facebook.com\/revistarambla\/","https:\/\/x.com\/revistarambla","https:\/\/www.instagram.com\/revista_rambla","https:\/\/es.linkedin.com\/company\/revista-rambla"]},{"@type":"Person","@id":"https:\/\/www.revistarambla.com\/#\/schema\/person\/9cc1c0f5495c4a6fd189ddd5ba5c5ac5","name":"Estefan\u00eda P\u00e9rez","description":"_"}]}},"_links":{"self":[{"href":"https:\/\/www.revistarambla.com\/en\/wp-json\/wp\/v2\/posts\/685","targetHints":{"allow":["GET"]}}],"collection":[{"href":"https:\/\/www.revistarambla.com\/en\/wp-json\/wp\/v2\/posts"}],"about":[{"href":"https:\/\/www.revistarambla.com\/en\/wp-json\/wp\/v2\/types\/post"}],"author":[{"embeddable":true,"href":"https:\/\/www.revistarambla.com\/en\/wp-json\/wp\/v2\/users\/53"}],"replies":[{"embeddable":true,"href":"https:\/\/www.revistarambla.com\/en\/wp-json\/wp\/v2\/comments?post=685"}],"version-history":[{"count":0,"href":"https:\/\/www.revistarambla.com\/en\/wp-json\/wp\/v2\/posts\/685\/revisions"}],"wp:featuredmedia":[{"embeddable":true,"href":"https:\/\/www.revistarambla.com\/en\/wp-json\/wp\/v2\/media\/19161"}],"wp:attachment":[{"href":"https:\/\/www.revistarambla.com\/en\/wp-json\/wp\/v2\/media?parent=685"}],"wp:term":[{"taxonomy":"category","embeddable":true,"href":"https:\/\/www.revistarambla.com\/en\/wp-json\/wp\/v2\/categories?post=685"},{"taxonomy":"post_tag","embeddable":true,"href":"https:\/\/www.revistarambla.com\/en\/wp-json\/wp\/v2\/tags?post=685"}],"curies":[{"name":"wp","href":"https:\/\/api.w.org\/{rel}","templated":true}]}}