{"id":6816,"date":"2015-02-12T07:50:22","date_gmt":"2015-02-12T07:50:22","guid":{"rendered":"https:\/\/www.revistarambla.com\/guanyem-denuncia-que-ciu-gobierna-para-los-grandes-lobbies-y-abandona-a-los-barceloneses\/"},"modified":"2024-07-26T17:17:39","modified_gmt":"2024-07-26T15:17:39","slug":"guanyem-denuncia-que-ciu-gobierna-para-los-grandes-lobbies-y-abandona-a-los-barceloneses","status":"publish","type":"post","link":"https:\/\/www.revistarambla.com\/en\/guanyem-denuncia-que-ciu-gobierna-para-los-grandes-lobbies-y-abandona-a-los-barceloneses\/","title":{"rendered":"Guanyem denuncia que CIU gobierna para los grandes lobbies y abandona a los barceloneses"},"content":{"rendered":"<p>En respuesta al informe del estado de la ciudad presentado por Xavier Trias, alcalde de <a href=\"https:\/\/www.revistarambla.com\/en\/actualidad\/barcelona\/\">Barcelona<\/a>, la plataforma encabezada por Ada Colau denuncia que el Ayuntamiento apuesta todo al <a href=\"https:\/\/www.revistarambla.com\/en\/un-pais-adicto-al-turismo\/\">monocultivo tur\u00edstico<\/a> y deja de lado a los ciudadanos, que ven como la diferencia salarial y la esperanza de vida entre los diferentes barrios de la ciudad es cada vez mayor.<\/p>\n<p>El informe del estado de la ciudad presentado por el alcalde de Barcelona, Xavier Trias, \u201cconstata aquello que la ciudadan\u00eda viene denunciando desde hace a\u00f1os: el Ayuntamiento de CiU gobierna Barcelona para unos lobbies que no revierten en el bienestar de los vecinos y vecinas de Barcelona\u201d. As\u00ed lo ha declarado Guanyem en un comunicado que public\u00f3 tras hacerse p\u00fablico el balance del Ayuntamiento. \u201cEsta pol\u00edtica ha convertido peligrosamente a la ciudad en un monocultivo tur\u00edstico mientras crecen de manera alarmante las desigualdades y se desmantela lo p\u00fablico\u201d, aseguran desde Guanyem.<\/p>\n<p>La plataforma que participa de la nueva confluencia de partidos que este mayo se presentar\u00e1 a las elecciones municipales tambi\u00e9n ha querido plasmar su visi\u00f3n de la ciudad, una visi\u00f3n que en casi nada coincide con la del actual alcalde. \u201cBarcelona es cada vez m\u00e1s desigual. Basta con ver el gr\u00e1fico de estimaci\u00f3n por barrios: en Sarri\u00e0-Sant Gervasi la situaci\u00f3n mejora en ocho puntos, mientras que en otros distritos como Sant Andreu y Nou Barris se produce una ca\u00edda de ocho y catorce puntos, respectivamente\u201d, apuntan en su informe.<\/p>\n<p>Guanyem explica que, como consecuencia de esta desigualdad entre barrios y personas, muchos vecinos se est\u00e1n viendo obligados a marchar de la ciudad. \u201cLa especulaci\u00f3n inmobiliaria en barrios como el Raval, Poble Sec o G\u00f3tico est\u00e1 forzando desplazamientos hacia otros barrios pero, sobre todo, hacia otros municipios, de familias reci\u00e9n llegadas y de hogares con pocos recursos\u201d, remarcan.<\/p>\n<p>En este sentido, el partido que encabeza Ada Colau pone sobre la mesa que en algunas zonas han aumentado de manera preocupante los desahucios, \u201csin que haya una pol\u00edtica municipal clara que permita evitarlos, movilizando las viviendas vac\u00edas en manos de los bancos y velando por el realojo digno de las familias afectadas\u201d. Seg\u00fan el Consejo General del Poder Judicial, a lo largo de 2014 se han producido en la provincia de Barcelona unos mil desahucios por mes, el mismo promedio existente en 2013.<\/p>\n<p>\u201cEl Gobierno municipal ha sido incapaz, as\u00edmismo, de dar una respuesta a la situaci\u00f3n de pobreza energ\u00e9tica que viven cientos de familias y que ha sido denunciada por el S\u00edndic de Greuges y por numerosas entidades sociales\u201d, a\u00f1aden desde Guanyem.<\/p>\n<p>Por \u00faltimo, denuncian que del propio informe se desprende que la ciudad gobernada por CIU tampoco tiene como objetivo principal ni las guarder\u00edas ni la atenci\u00f3n de personas mayores. \u201cEl equipo de Gobierno ha frenado la apuesta por las guarder\u00edas y es incapaz de dar respuesta al 30% de familias que piden plaza en estos centros. Asimismo, deja a 7.000 personas mayores sin posibilidad de acceder a los hogares de mayores\u201d, subrayan.<\/p>\n<p>En respuesta a un informe que no recoge datos de las situaciones de marginalidad m\u00e1s intensas ni incluye en ninguno de sus p\u00e1rrafos la palabra \u201cpobreza\u201d, Guanyem quiere dejar constancia de que \u201clejos de utilizar los recursos p\u00fablicos para reforzar los derechos de los sectores m\u00e1s castigados por la crisis, el Gobierno se ha dedicado a organizar grandes eventos privados que no benefician a la mayor\u00eda de la ciudadan\u00eda. Como ejemplo, la organizaci\u00f3n de la Barcelona World Race: con un presupuesto de 4,8 millones de euros, los patrocinadores del evento solo aportaron 1,5 millones y el resto del presupuesto sali\u00f3 de las arcas municipales\u201d.<\/p>","protected":false},"excerpt":{"rendered":"<p>En respuesta al informe del estado de la ciudad presentado por Xavier Trias, alcalde de Barcelona, la plataforma encabezada por Ada Colau denuncia que el Ayuntamiento apuesta todo al monocultivo tur\u00edstico y deja de lado a los ciudadanos, que ven como la diferencia salarial y la esperanza de vida entre [&hellip;]<\/p>\n","protected":false},"author":3,"featured_media":6236,"comment_status":"open","ping_status":"open","sticky":false,"template":"","format":"standard","meta":{"footnotes":""},"categories":[76],"tags":[],"class_list":["post-6816","post","type-post","status-publish","format-standard","has-post-thumbnail","hentry","category-barcelona"],"yoast_head":"<!-- This site is optimized with the Yoast SEO plugin v27.5 - https:\/\/yoast.com\/product\/yoast-seo-wordpress\/ -->\n<title>Barcelona: informe sobre el estado de la ciudad<\/title>\n<meta name=\"description\" content=\"En respuesta al informe del estado de la ciudad presentado por Xavier Trias, alcalde de Barcelona, la plataforma encabezada por Ada Colau\u2026\" \/>\n<meta name=\"robots\" content=\"index, follow, max-snippet:-1, max-image-preview:large, max-video-preview:-1\" \/>\n<link rel=\"canonical\" href=\"https:\/\/www.revistarambla.com\/en\/guanyem-denuncia-que-ciu-gobierna-para-los-grandes-lobbies-y-abandona-a-los-barceloneses\/\" \/>\n<meta property=\"og:locale\" content=\"en_GB\" \/>\n<meta property=\"og:type\" content=\"article\" \/>\n<meta property=\"og:title\" content=\"Barcelona: informe sobre el estado de la ciudad\" \/>\n<meta property=\"og:description\" content=\"En respuesta al informe del estado de la ciudad presentado por Xavier Trias, alcalde de Barcelona, la plataforma encabezada por Ada Colau\u2026\" \/>\n<meta property=\"og:url\" content=\"https:\/\/www.revistarambla.com\/en\/guanyem-denuncia-que-ciu-gobierna-para-los-grandes-lobbies-y-abandona-a-los-barceloneses\/\" \/>\n<meta property=\"og:site_name\" content=\"Revista Rambla\" \/>\n<meta property=\"article:publisher\" content=\"https:\/\/www.facebook.com\/revistarambla\/\" \/>\n<meta property=\"article:author\" content=\"https:\/\/www.facebook.com\/revistarambla\" \/>\n<meta property=\"article:published_time\" content=\"2015-02-12T07:50:22+00:00\" \/>\n<meta property=\"article:modified_time\" content=\"2024-07-26T15:17:39+00:00\" \/>\n<meta property=\"og:image\" content=\"https:\/\/www.revistarambla.com\/wp-content\/uploads\/2014\/10\/Trias%20_revrambla%2002a.jpg\" \/>\n\t<meta property=\"og:image:width\" content=\"700\" \/>\n\t<meta property=\"og:image:height\" content=\"450\" \/>\n\t<meta property=\"og:image:type\" content=\"image\/jpeg\" \/>\n<meta name=\"author\" content=\"R@mbla\" \/>\n<meta name=\"twitter:card\" content=\"summary_large_image\" \/>\n<meta name=\"twitter:creator\" content=\"@revistarambla\" \/>\n<meta name=\"twitter:site\" content=\"@revistarambla\" \/>\n<meta name=\"twitter:label1\" content=\"Written by\" \/>\n\t<meta name=\"twitter:data1\" content=\"R@mbla\" \/>\n\t<meta name=\"twitter:label2\" content=\"Estimated reading time\" \/>\n\t<meta name=\"twitter:data2\" content=\"3 minutes\" \/>\n<script type=\"application\/ld+json\" class=\"yoast-schema-graph\">{\"@context\":\"https:\\\/\\\/schema.org\",\"@graph\":[{\"@type\":\"Article\",\"@id\":\"https:\\\/\\\/www.revistarambla.com\\\/guanyem-denuncia-que-ciu-gobierna-para-los-grandes-lobbies-y-abandona-a-los-barceloneses\\\/#article\",\"isPartOf\":{\"@id\":\"https:\\\/\\\/www.revistarambla.com\\\/guanyem-denuncia-que-ciu-gobierna-para-los-grandes-lobbies-y-abandona-a-los-barceloneses\\\/\"},\"author\":{\"name\":\"R@mbla\",\"@id\":\"https:\\\/\\\/www.revistarambla.com\\\/#\\\/schema\\\/person\\\/a146a5a2550b94981a75131180e1bd9c\"},\"headline\":\"Guanyem denuncia que CIU gobierna para los grandes lobbies y abandona a los barceloneses\",\"datePublished\":\"2015-02-12T07:50:22+00:00\",\"dateModified\":\"2024-07-26T15:17:39+00:00\",\"mainEntityOfPage\":{\"@id\":\"https:\\\/\\\/www.revistarambla.com\\\/guanyem-denuncia-que-ciu-gobierna-para-los-grandes-lobbies-y-abandona-a-los-barceloneses\\\/\"},\"wordCount\":644,\"commentCount\":0,\"publisher\":{\"@id\":\"https:\\\/\\\/www.revistarambla.com\\\/#organization\"},\"image\":{\"@id\":\"https:\\\/\\\/www.revistarambla.com\\\/guanyem-denuncia-que-ciu-gobierna-para-los-grandes-lobbies-y-abandona-a-los-barceloneses\\\/#primaryimage\"},\"thumbnailUrl\":\"https:\\\/\\\/www.revistarambla.com\\\/wp-content\\\/uploads\\\/2014\\\/10\\\/Trias _revrambla 02a.jpg\",\"articleSection\":[\"Barcelona\"],\"inLanguage\":\"en-GB\",\"potentialAction\":[{\"@type\":\"CommentAction\",\"name\":\"Comment\",\"target\":[\"https:\\\/\\\/www.revistarambla.com\\\/guanyem-denuncia-que-ciu-gobierna-para-los-grandes-lobbies-y-abandona-a-los-barceloneses\\\/#respond\"]}]},{\"@type\":\"WebPage\",\"@id\":\"https:\\\/\\\/www.revistarambla.com\\\/guanyem-denuncia-que-ciu-gobierna-para-los-grandes-lobbies-y-abandona-a-los-barceloneses\\\/\",\"url\":\"https:\\\/\\\/www.revistarambla.com\\\/guanyem-denuncia-que-ciu-gobierna-para-los-grandes-lobbies-y-abandona-a-los-barceloneses\\\/\",\"name\":\"Barcelona: informe sobre el estado de la ciudad\",\"isPartOf\":{\"@id\":\"https:\\\/\\\/www.revistarambla.com\\\/#website\"},\"primaryImageOfPage\":{\"@id\":\"https:\\\/\\\/www.revistarambla.com\\\/guanyem-denuncia-que-ciu-gobierna-para-los-grandes-lobbies-y-abandona-a-los-barceloneses\\\/#primaryimage\"},\"image\":{\"@id\":\"https:\\\/\\\/www.revistarambla.com\\\/guanyem-denuncia-que-ciu-gobierna-para-los-grandes-lobbies-y-abandona-a-los-barceloneses\\\/#primaryimage\"},\"thumbnailUrl\":\"https:\\\/\\\/www.revistarambla.com\\\/wp-content\\\/uploads\\\/2014\\\/10\\\/Trias _revrambla 02a.jpg\",\"datePublished\":\"2015-02-12T07:50:22+00:00\",\"dateModified\":\"2024-07-26T15:17:39+00:00\",\"description\":\"En respuesta al informe del estado de la ciudad presentado por Xavier Trias, alcalde de Barcelona, la plataforma encabezada por Ada Colau\u2026\",\"breadcrumb\":{\"@id\":\"https:\\\/\\\/www.revistarambla.com\\\/guanyem-denuncia-que-ciu-gobierna-para-los-grandes-lobbies-y-abandona-a-los-barceloneses\\\/#breadcrumb\"},\"inLanguage\":\"en-GB\",\"potentialAction\":[{\"@type\":\"ReadAction\",\"target\":[\"https:\\\/\\\/www.revistarambla.com\\\/guanyem-denuncia-que-ciu-gobierna-para-los-grandes-lobbies-y-abandona-a-los-barceloneses\\\/\"]}]},{\"@type\":\"ImageObject\",\"inLanguage\":\"en-GB\",\"@id\":\"https:\\\/\\\/www.revistarambla.com\\\/guanyem-denuncia-que-ciu-gobierna-para-los-grandes-lobbies-y-abandona-a-los-barceloneses\\\/#primaryimage\",\"url\":\"https:\\\/\\\/www.revistarambla.com\\\/wp-content\\\/uploads\\\/2014\\\/10\\\/Trias _revrambla 02a.jpg\",\"contentUrl\":\"https:\\\/\\\/www.revistarambla.com\\\/wp-content\\\/uploads\\\/2014\\\/10\\\/Trias _revrambla 02a.jpg\",\"width\":700,\"height\":450,\"caption\":\"informe estado ciudad\"},{\"@type\":\"BreadcrumbList\",\"@id\":\"https:\\\/\\\/www.revistarambla.com\\\/guanyem-denuncia-que-ciu-gobierna-para-los-grandes-lobbies-y-abandona-a-los-barceloneses\\\/#breadcrumb\",\"itemListElement\":[{\"@type\":\"ListItem\",\"position\":1,\"name\":\"Portada\",\"item\":\"https:\\\/\\\/www.revistarambla.com\\\/\"},{\"@type\":\"ListItem\",\"position\":2,\"name\":\"Guanyem denuncia que CIU gobierna para los grandes lobbies y abandona a los barceloneses\"}]},{\"@type\":\"WebSite\",\"@id\":\"https:\\\/\\\/www.revistarambla.com\\\/#website\",\"url\":\"https:\\\/\\\/www.revistarambla.com\\\/\",\"name\":\"Revista Rambla Barcelona\",\"description\":\"Periodismo independiente\",\"publisher\":{\"@id\":\"https:\\\/\\\/www.revistarambla.com\\\/#organization\"},\"potentialAction\":[{\"@type\":\"SearchAction\",\"target\":{\"@type\":\"EntryPoint\",\"urlTemplate\":\"https:\\\/\\\/www.revistarambla.com\\\/?s={search_term_string}\"},\"query-input\":{\"@type\":\"PropertyValueSpecification\",\"valueRequired\":true,\"valueName\":\"search_term_string\"}}],\"inLanguage\":\"en-GB\"},{\"@type\":\"Organization\",\"@id\":\"https:\\\/\\\/www.revistarambla.com\\\/#organization\",\"name\":\"Revista Rambla\",\"url\":\"https:\\\/\\\/www.revistarambla.com\\\/\",\"logo\":{\"@type\":\"ImageObject\",\"inLanguage\":\"en-GB\",\"@id\":\"https:\\\/\\\/www.revistarambla.com\\\/#\\\/schema\\\/logo\\\/image\\\/\",\"url\":\"https:\\\/\\\/www.revistarambla.com\\\/wp-content\\\/uploads\\\/2020\\\/09\\\/banner_rambla_1900x600_BB.png\",\"contentUrl\":\"https:\\\/\\\/www.revistarambla.com\\\/wp-content\\\/uploads\\\/2020\\\/09\\\/banner_rambla_1900x600_BB.png\",\"width\":1900,\"height\":600,\"caption\":\"Revista Rambla\"},\"image\":{\"@id\":\"https:\\\/\\\/www.revistarambla.com\\\/#\\\/schema\\\/logo\\\/image\\\/\"},\"sameAs\":[\"https:\\\/\\\/www.facebook.com\\\/revistarambla\\\/\",\"https:\\\/\\\/x.com\\\/revistarambla\",\"https:\\\/\\\/www.instagram.com\\\/revista_rambla\",\"https:\\\/\\\/es.linkedin.com\\\/company\\\/revista-rambla\"]},{\"@type\":\"Person\",\"@id\":\"https:\\\/\\\/www.revistarambla.com\\\/#\\\/schema\\\/person\\\/a146a5a2550b94981a75131180e1bd9c\",\"name\":\"R@mbla\",\"description\":\"Este art\u00edculo ha sido redactado y\\\/o validado por el equipo de redacci\u00f3n de Revista Rambla.\",\"sameAs\":[\"https:\\\/\\\/www.revistarambla.com\\\/\",\"https:\\\/\\\/www.facebook.com\\\/revistarambla\",\"https:\\\/\\\/x.com\\\/revistarambla\"]}]}<\/script>\n<!-- \/ Yoast SEO plugin. -->","yoast_head_json":{"title":"Barcelona: informe sobre el estado de la ciudad","description":"En respuesta al informe del estado de la ciudad presentado por Xavier Trias, alcalde de Barcelona, la plataforma encabezada por Ada Colau\u2026","robots":{"index":"index","follow":"follow","max-snippet":"max-snippet:-1","max-image-preview":"max-image-preview:large","max-video-preview":"max-video-preview:-1"},"canonical":"https:\/\/www.revistarambla.com\/en\/guanyem-denuncia-que-ciu-gobierna-para-los-grandes-lobbies-y-abandona-a-los-barceloneses\/","og_locale":"en_GB","og_type":"article","og_title":"Barcelona: informe sobre el estado de la ciudad","og_description":"En respuesta al informe del estado de la ciudad presentado por Xavier Trias, alcalde de Barcelona, la plataforma encabezada por Ada Colau\u2026","og_url":"https:\/\/www.revistarambla.com\/en\/guanyem-denuncia-que-ciu-gobierna-para-los-grandes-lobbies-y-abandona-a-los-barceloneses\/","og_site_name":"Revista Rambla","article_publisher":"https:\/\/www.facebook.com\/revistarambla\/","article_author":"https:\/\/www.facebook.com\/revistarambla","article_published_time":"2015-02-12T07:50:22+00:00","article_modified_time":"2024-07-26T15:17:39+00:00","og_image":[{"width":700,"height":450,"url":"https:\/\/www.revistarambla.com\/wp-content\/uploads\/2014\/10\/Trias _revrambla 02a.jpg","type":"image\/jpeg"}],"author":"R@mbla","twitter_card":"summary_large_image","twitter_creator":"@revistarambla","twitter_site":"@revistarambla","twitter_misc":{"Written by":"R@mbla","Estimated reading time":"3 minutes"},"schema":{"@context":"https:\/\/schema.org","@graph":[{"@type":"Article","@id":"https:\/\/www.revistarambla.com\/guanyem-denuncia-que-ciu-gobierna-para-los-grandes-lobbies-y-abandona-a-los-barceloneses\/#article","isPartOf":{"@id":"https:\/\/www.revistarambla.com\/guanyem-denuncia-que-ciu-gobierna-para-los-grandes-lobbies-y-abandona-a-los-barceloneses\/"},"author":{"name":"R@mbla","@id":"https:\/\/www.revistarambla.com\/#\/schema\/person\/a146a5a2550b94981a75131180e1bd9c"},"headline":"Guanyem denuncia que CIU gobierna para los grandes lobbies y abandona a los barceloneses","datePublished":"2015-02-12T07:50:22+00:00","dateModified":"2024-07-26T15:17:39+00:00","mainEntityOfPage":{"@id":"https:\/\/www.revistarambla.com\/guanyem-denuncia-que-ciu-gobierna-para-los-grandes-lobbies-y-abandona-a-los-barceloneses\/"},"wordCount":644,"commentCount":0,"publisher":{"@id":"https:\/\/www.revistarambla.com\/#organization"},"image":{"@id":"https:\/\/www.revistarambla.com\/guanyem-denuncia-que-ciu-gobierna-para-los-grandes-lobbies-y-abandona-a-los-barceloneses\/#primaryimage"},"thumbnailUrl":"https:\/\/www.revistarambla.com\/wp-content\/uploads\/2014\/10\/Trias _revrambla 02a.jpg","articleSection":["Barcelona"],"inLanguage":"en-GB","potentialAction":[{"@type":"CommentAction","name":"Comment","target":["https:\/\/www.revistarambla.com\/guanyem-denuncia-que-ciu-gobierna-para-los-grandes-lobbies-y-abandona-a-los-barceloneses\/#respond"]}]},{"@type":"WebPage","@id":"https:\/\/www.revistarambla.com\/guanyem-denuncia-que-ciu-gobierna-para-los-grandes-lobbies-y-abandona-a-los-barceloneses\/","url":"https:\/\/www.revistarambla.com\/guanyem-denuncia-que-ciu-gobierna-para-los-grandes-lobbies-y-abandona-a-los-barceloneses\/","name":"Barcelona: informe sobre el estado de la ciudad","isPartOf":{"@id":"https:\/\/www.revistarambla.com\/#website"},"primaryImageOfPage":{"@id":"https:\/\/www.revistarambla.com\/guanyem-denuncia-que-ciu-gobierna-para-los-grandes-lobbies-y-abandona-a-los-barceloneses\/#primaryimage"},"image":{"@id":"https:\/\/www.revistarambla.com\/guanyem-denuncia-que-ciu-gobierna-para-los-grandes-lobbies-y-abandona-a-los-barceloneses\/#primaryimage"},"thumbnailUrl":"https:\/\/www.revistarambla.com\/wp-content\/uploads\/2014\/10\/Trias _revrambla 02a.jpg","datePublished":"2015-02-12T07:50:22+00:00","dateModified":"2024-07-26T15:17:39+00:00","description":"En respuesta al informe del estado de la ciudad presentado por Xavier Trias, alcalde de Barcelona, la plataforma encabezada por Ada Colau\u2026","breadcrumb":{"@id":"https:\/\/www.revistarambla.com\/guanyem-denuncia-que-ciu-gobierna-para-los-grandes-lobbies-y-abandona-a-los-barceloneses\/#breadcrumb"},"inLanguage":"en-GB","potentialAction":[{"@type":"ReadAction","target":["https:\/\/www.revistarambla.com\/guanyem-denuncia-que-ciu-gobierna-para-los-grandes-lobbies-y-abandona-a-los-barceloneses\/"]}]},{"@type":"ImageObject","inLanguage":"en-GB","@id":"https:\/\/www.revistarambla.com\/guanyem-denuncia-que-ciu-gobierna-para-los-grandes-lobbies-y-abandona-a-los-barceloneses\/#primaryimage","url":"https:\/\/www.revistarambla.com\/wp-content\/uploads\/2014\/10\/Trias _revrambla 02a.jpg","contentUrl":"https:\/\/www.revistarambla.com\/wp-content\/uploads\/2014\/10\/Trias _revrambla 02a.jpg","width":700,"height":450,"caption":"informe estado ciudad"},{"@type":"BreadcrumbList","@id":"https:\/\/www.revistarambla.com\/guanyem-denuncia-que-ciu-gobierna-para-los-grandes-lobbies-y-abandona-a-los-barceloneses\/#breadcrumb","itemListElement":[{"@type":"ListItem","position":1,"name":"Portada","item":"https:\/\/www.revistarambla.com\/"},{"@type":"ListItem","position":2,"name":"Guanyem denuncia que CIU gobierna para los grandes lobbies y abandona a los barceloneses"}]},{"@type":"WebSite","@id":"https:\/\/www.revistarambla.com\/#website","url":"https:\/\/www.revistarambla.com\/","name":"Revista Rambla Barcelona","description":"Periodismo independiente","publisher":{"@id":"https:\/\/www.revistarambla.com\/#organization"},"potentialAction":[{"@type":"SearchAction","target":{"@type":"EntryPoint","urlTemplate":"https:\/\/www.revistarambla.com\/?s={search_term_string}"},"query-input":{"@type":"PropertyValueSpecification","valueRequired":true,"valueName":"search_term_string"}}],"inLanguage":"en-GB"},{"@type":"Organization","@id":"https:\/\/www.revistarambla.com\/#organization","name":"Revista Rambla","url":"https:\/\/www.revistarambla.com\/","logo":{"@type":"ImageObject","inLanguage":"en-GB","@id":"https:\/\/www.revistarambla.com\/#\/schema\/logo\/image\/","url":"https:\/\/www.revistarambla.com\/wp-content\/uploads\/2020\/09\/banner_rambla_1900x600_BB.png","contentUrl":"https:\/\/www.revistarambla.com\/wp-content\/uploads\/2020\/09\/banner_rambla_1900x600_BB.png","width":1900,"height":600,"caption":"Revista Rambla"},"image":{"@id":"https:\/\/www.revistarambla.com\/#\/schema\/logo\/image\/"},"sameAs":["https:\/\/www.facebook.com\/revistarambla\/","https:\/\/x.com\/revistarambla","https:\/\/www.instagram.com\/revista_rambla","https:\/\/es.linkedin.com\/company\/revista-rambla"]},{"@type":"Person","@id":"https:\/\/www.revistarambla.com\/#\/schema\/person\/a146a5a2550b94981a75131180e1bd9c","name":"R@mbla","description":"Este art\u00edculo ha sido redactado y\/o validado por el equipo de redacci\u00f3n de Revista Rambla.","sameAs":["https:\/\/www.revistarambla.com\/","https:\/\/www.facebook.com\/revistarambla","https:\/\/x.com\/revistarambla"]}]}},"_links":{"self":[{"href":"https:\/\/www.revistarambla.com\/en\/wp-json\/wp\/v2\/posts\/6816","targetHints":{"allow":["GET"]}}],"collection":[{"href":"https:\/\/www.revistarambla.com\/en\/wp-json\/wp\/v2\/posts"}],"about":[{"href":"https:\/\/www.revistarambla.com\/en\/wp-json\/wp\/v2\/types\/post"}],"author":[{"embeddable":true,"href":"https:\/\/www.revistarambla.com\/en\/wp-json\/wp\/v2\/users\/3"}],"replies":[{"embeddable":true,"href":"https:\/\/www.revistarambla.com\/en\/wp-json\/wp\/v2\/comments?post=6816"}],"version-history":[{"count":2,"href":"https:\/\/www.revistarambla.com\/en\/wp-json\/wp\/v2\/posts\/6816\/revisions"}],"predecessor-version":[{"id":62005,"href":"https:\/\/www.revistarambla.com\/en\/wp-json\/wp\/v2\/posts\/6816\/revisions\/62005"}],"wp:featuredmedia":[{"embeddable":true,"href":"https:\/\/www.revistarambla.com\/en\/wp-json\/wp\/v2\/media\/6236"}],"wp:attachment":[{"href":"https:\/\/www.revistarambla.com\/en\/wp-json\/wp\/v2\/media?parent=6816"}],"wp:term":[{"taxonomy":"category","embeddable":true,"href":"https:\/\/www.revistarambla.com\/en\/wp-json\/wp\/v2\/categories?post=6816"},{"taxonomy":"post_tag","embeddable":true,"href":"https:\/\/www.revistarambla.com\/en\/wp-json\/wp\/v2\/tags?post=6816"}],"curies":[{"name":"wp","href":"https:\/\/api.w.org\/{rel}","templated":true}]}}