{"id":68133,"date":"2026-04-29T18:41:57","date_gmt":"2026-04-29T16:41:57","guid":{"rendered":"https:\/\/www.revistarambla.com\/?p=68133"},"modified":"2026-04-29T18:41:57","modified_gmt":"2026-04-29T16:41:57","slug":"el-nuevo-eje-del-comercio-mundial-que-desafia-al-norte-global","status":"publish","type":"post","link":"https:\/\/www.revistarambla.com\/en\/el-nuevo-eje-del-comercio-mundial-que-desafia-al-norte-global\/","title":{"rendered":"El nuevo eje del comercio mundial que desaf\u00eda al Norte Global"},"content":{"rendered":"<p>El comercio global atraviesa una mutaci\u00f3n silenciosa pero profunda. <!--more-->Mientras las rutas tradicionales que durante d\u00e9cadas han vertebrado el intercambio entre Asia, Europa y Am\u00e9rica muestran signos de fatiga \u2014ya sea por conflictos geopol\u00edticos, cuellos de botella log\u00edsticos o vulnerabilidades estructurales\u2014, un nuevo entramado de corredores emerge con la ambici\u00f3n de alterar el mapa econ\u00f3mico del planeta. En el coraz\u00f3n de este proceso se encuentra un megaproyecto que no solo propone acortar distancias, sino tambi\u00e9n redefinir qui\u00e9n controla los flujos de mercanc\u00edas y, por extensi\u00f3n, el poder global.<\/p>\n<p>Durante generaciones, el sistema comercial internacional ha pivotado sobre arterias bien conocidas: el canal de Suez, el estrecho de Malaca o las rutas transatl\u00e1nticas. Sin embargo, los recientes episodios de inestabilidad \u2014desde tensiones en el mar Rojo hasta bloqueos log\u00edsticos\u2014 han expuesto la fragilidad de estas v\u00edas. En este contexto, la idea de un megacorredor alternativo deja de ser una aspiraci\u00f3n estrat\u00e9gica para convertirse en una necesidad hist\u00f3rica.<\/p>\n<p>El n\u00facleo de esta transformaci\u00f3n se articula en torno a la progresiva apertura del \u00c1rtico y al desarrollo de infraestructuras intermodales que conectan puertos, ferrocarriles y rutas fluviales en una red integrada. La llamada Ruta Mar\u00edtima del Norte, que bordea la costa \u00e1rtica rusa, se presenta como la pieza clave de este nuevo tablero. Su potencial es dif\u00edcil de ignorar: acorta significativamente las distancias entre Asia y Europa y promete reducir tiempos y costes log\u00edsticos de forma sustancial. De hecho, algunas estimaciones sit\u00faan el ahorro en torno al 40% del tiempo de tr\u00e1nsito y un 20% en costes frente a rutas tradicionales.<\/p>\n<p>Pero este corredor no es \u00fanicamente una cuesti\u00f3n de eficiencia log\u00edstica. Es, ante todo, una apuesta geopol\u00edtica. Rusia, principal impulsora de esta infraestructura, busca consolidar su posici\u00f3n como potencia indispensable en el comercio euroasi\u00e1tico. La construcci\u00f3n de puertos \u00e1rticos, el despliegue de una flota de rompehielos \u2014incluidos modelos nucleares\u2014 y la explotaci\u00f3n de recursos naturales en la regi\u00f3n forman parte de una estrategia m\u00e1s amplia: transformar el \u00c1rtico en una columna vertebral del comercio global.<\/p>\n<p>A esta ambici\u00f3n se suma el inter\u00e9s de otras potencias, especialmente China, que ha integrado estas rutas en su visi\u00f3n de conectividad global. La Iniciativa de la Franja y la Ruta ya hab\u00eda anticipado esta l\u00f3gica: construir infraestructuras que reduzcan la dependencia de los circuitos dominados por Occidente y favorezcan una red comercial m\u00e1s diversificada. En ese marco, el \u00c1rtico aparece como una extensi\u00f3n natural de esa estrategia, un espacio donde convergen intereses econ\u00f3micos, tecnol\u00f3gicos y pol\u00edticos.<\/p>\n<p>El megacorredor, sin embargo, no se limita al \u00e1mbito mar\u00edtimo. Su verdadera fuerza radica en la integraci\u00f3n de distintos modos de transporte. Desde los puertos del norte de Europa hasta los mercados asi\u00e1ticos, pasando por r\u00edos navegables y redes ferroviarias, el objetivo es crear un sistema continuo donde las mercanc\u00edas fluyan sin fricciones. Esta intermodalidad no solo mejora la eficiencia, sino que tambi\u00e9n introduce una resiliencia in\u00e9dita frente a interrupciones.<\/p>\n<p>En paralelo, otros proyectos complementarios refuerzan esta tendencia. El corredor Norte-Sur, que conecta el B\u00e1ltico con el Golfo P\u00e9rsico, o los nuevos ejes ferroviarios impulsados por China, configuran una malla de rutas alternativas que compiten \u2014y en algunos casos sustituyen\u2014 a las tradicionales. Estas iniciativas comparten un mismo objetivo: reducir tiempos, abaratar costes y, sobre todo, diversificar riesgos en un entorno cada vez m\u00e1s incierto.<\/p>\n<p>La l\u00f3gica subyacente es clara. En un mundo donde las tensiones geopol\u00edticas pueden alterar de un d\u00eda para otro el flujo de mercanc\u00edas, depender de un n\u00famero limitado de rutas se ha convertido en una vulnerabilidad estrat\u00e9gica. El megacorredor emerge as\u00ed como una respuesta a esa fragilidad, ofreciendo no solo una alternativa f\u00edsica, sino tambi\u00e9n una nueva arquitectura del comercio internacional.<\/p>\n<p>Sin embargo, esta transformaci\u00f3n no est\u00e1 exenta de desaf\u00edos. El \u00c1rtico sigue siendo un entorno extremo, donde las condiciones clim\u00e1ticas imponen l\u00edmites significativos. Aunque el deshielo ha abierto nuevas posibilidades, la navegaci\u00f3n en estas latitudes contin\u00faa siendo compleja y estacional. Adem\u00e1s, el desarrollo de infraestructuras en regiones tan remotas implica costes elevados y riesgos ambientales considerables.<\/p>\n<p>A ello se suma la dimensi\u00f3n pol\u00edtica. El control de estas rutas no es neutral. Implica definir normas, establecer alianzas y, en \u00faltima instancia, decidir qui\u00e9n se beneficia de los flujos comerciales. En este sentido, el megacorredor no solo reconfigura la geograf\u00eda econ\u00f3mica, sino tambi\u00e9n el equilibrio de poder entre bloques.<\/p>\n<p>Para el llamado Norte Global, acostumbrado a dominar las principales arterias del comercio, este cambio plantea interrogantes profundos. La emergencia de rutas alternativas reduce su capacidad de influencia y abre espacio para nuevos actores. Pa\u00edses que hasta ahora ocupaban posiciones perif\u00e9ricas pueden convertirse en nodos estrat\u00e9gicos, redefiniendo su papel en la econom\u00eda mundial.<\/p>\n<p>Al mismo tiempo, esta din\u00e1mica introduce una competencia creciente entre modelos de globalizaci\u00f3n. Frente al sistema tradicional, basado en rutas consolidadas y marcos regulatorios occidentales, surge un enfoque m\u00e1s flexible, donde la infraestructura y la conectividad se convierten en herramientas de poder. En este nuevo escenario, la capacidad de construir y controlar corredores log\u00edsticos se traduce directamente en influencia geopol\u00edtica.<\/p>\n<p>No es casual que este proceso coincida con una fase de fragmentaci\u00f3n del orden internacional. Las tensiones entre grandes potencias, la reconfiguraci\u00f3n de alianzas y la b\u00fasqueda de autonom\u00eda estrat\u00e9gica por parte de numerosos pa\u00edses crean el caldo de cultivo perfecto para el desarrollo de estas alternativas. El megacorredor no es, por tanto, un fen\u00f3meno aislado, sino parte de una tendencia m\u00e1s amplia hacia la multipolaridad.<\/p>\n<p>En este contexto, la pregunta no es si estas nuevas rutas sustituir\u00e1n a las tradicionales, sino c\u00f3mo convivir\u00e1n con ellas. Es probable que el futuro del comercio global se caracterice por una mayor diversidad de itinerarios, donde la redundancia y la flexibilidad sean tan importantes como la eficiencia. El megacorredor se inscribe precisamente en esa l\u00f3gica: no reemplazar completamente lo existente, sino ampliar el abanico de opciones.<\/p>\n<p>Desde una perspectiva econ\u00f3mica, las implicaciones son enormes. La reducci\u00f3n de tiempos y costes puede transformar cadenas de suministro enteras, alterar patrones de producci\u00f3n y modificar la localizaci\u00f3n de industrias. Sectores que dependen de la rapidez en la entrega \u2014como la tecnolog\u00eda o el comercio electr\u00f3nico\u2014 podr\u00edan beneficiarse especialmente de estas nuevas rutas.<\/p>\n<p>Pero m\u00e1s all\u00e1 de los n\u00fameros, lo que est\u00e1 en juego es la capacidad de adaptaci\u00f3n de un sistema global en transici\u00f3n. El megacorredor simboliza esa adaptaci\u00f3n: una respuesta a las limitaciones del modelo anterior y una apuesta por un futuro m\u00e1s complejo, pero tambi\u00e9n m\u00e1s resiliente.<\/p>\n<p>En \u00faltima instancia, la consolidaci\u00f3n de este proyecto depender\u00e1 de m\u00faltiples factores: desde la evoluci\u00f3n del clima en el \u00c1rtico hasta la estabilidad pol\u00edtica de las regiones implicadas. Sin embargo, su mera existencia ya ha cambiado las reglas del juego. Ha introducido una alternativa cre\u00edble, ha cuestionado la centralidad de las rutas tradicionales y ha abierto un nuevo cap\u00edtulo en la historia del comercio internacional.<\/p>\n<p>El mundo, en definitiva, se encuentra ante un punto de inflexi\u00f3n. Las rutas que durante siglos definieron el intercambio global ya no son las \u00fanicas ni necesariamente las m\u00e1s eficientes. En su lugar, emerge una red m\u00e1s diversa, m\u00e1s compleja y, sobre todo, m\u00e1s disputada. El megacorredor comercial no es solo una infraestructura: es el reflejo de un cambio de era.<\/p>","protected":false},"excerpt":{"rendered":"<p>Un megacorredor emergente reconfigura rutas, alianzas y equilibrios en la econom\u00eda internacional<\/p>","protected":false},"author":3,"featured_media":68134,"comment_status":"closed","ping_status":"closed","sticky":false,"template":"","format":"standard","meta":{"footnotes":""},"categories":[4099],"tags":[],"class_list":["post-68133","post","type-post","status-publish","format-standard","has-post-thumbnail","hentry","category-otras-miradas"],"yoast_head":"<!-- This site is optimized with the Yoast SEO plugin v27.5 - https:\/\/yoast.com\/product\/yoast-seo-wordpress\/ -->\n<title>El nuevo eje del comercio mundial que desaf\u00eda al Norte Global - Revista Rambla<\/title>\n<meta name=\"robots\" content=\"index, follow, max-snippet:-1, max-image-preview:large, max-video-preview:-1\" \/>\n<link rel=\"canonical\" href=\"https:\/\/www.revistarambla.com\/en\/el-nuevo-eje-del-comercio-mundial-que-desafia-al-norte-global\/\" \/>\n<meta property=\"og:locale\" content=\"en_GB\" \/>\n<meta property=\"og:type\" content=\"article\" \/>\n<meta property=\"og:title\" content=\"El nuevo eje del comercio mundial que desaf\u00eda al Norte Global - Revista Rambla\" \/>\n<meta property=\"og:description\" content=\"Un megacorredor emergente reconfigura rutas, alianzas y equilibrios en la econom\u00eda internacional\" \/>\n<meta property=\"og:url\" content=\"https:\/\/www.revistarambla.com\/en\/el-nuevo-eje-del-comercio-mundial-que-desafia-al-norte-global\/\" \/>\n<meta property=\"og:site_name\" content=\"Revista Rambla\" \/>\n<meta property=\"article:publisher\" content=\"https:\/\/www.facebook.com\/revistarambla\/\" \/>\n<meta property=\"article:author\" content=\"https:\/\/www.facebook.com\/revistarambla\" \/>\n<meta property=\"article:published_time\" content=\"2026-04-29T16:41:57+00:00\" \/>\n<meta property=\"og:image\" content=\"https:\/\/www.revistarambla.com\/wp-content\/uploads\/2026\/04\/69f0c53459bf5b710031238f.jpg\" \/>\n\t<meta property=\"og:image:width\" content=\"1104\" \/>\n\t<meta property=\"og:image:height\" content=\"622\" \/>\n\t<meta property=\"og:image:type\" content=\"image\/jpeg\" \/>\n<meta name=\"author\" content=\"R@mbla\" \/>\n<meta name=\"twitter:card\" content=\"summary_large_image\" \/>\n<meta name=\"twitter:creator\" content=\"@revistarambla\" \/>\n<meta name=\"twitter:site\" content=\"@revistarambla\" \/>\n<meta name=\"twitter:label1\" content=\"Written by\" \/>\n\t<meta name=\"twitter:data1\" content=\"R@mbla\" \/>\n\t<meta name=\"twitter:label2\" content=\"Estimated reading time\" \/>\n\t<meta name=\"twitter:data2\" content=\"6 minutes\" \/>\n<script type=\"application\/ld+json\" class=\"yoast-schema-graph\">{\"@context\":\"https:\\\/\\\/schema.org\",\"@graph\":[{\"@type\":\"Article\",\"@id\":\"https:\\\/\\\/www.revistarambla.com\\\/el-nuevo-eje-del-comercio-mundial-que-desafia-al-norte-global\\\/#article\",\"isPartOf\":{\"@id\":\"https:\\\/\\\/www.revistarambla.com\\\/el-nuevo-eje-del-comercio-mundial-que-desafia-al-norte-global\\\/\"},\"author\":{\"name\":\"R@mbla\",\"@id\":\"https:\\\/\\\/www.revistarambla.com\\\/#\\\/schema\\\/person\\\/a146a5a2550b94981a75131180e1bd9c\"},\"headline\":\"El nuevo eje del comercio mundial que desaf\u00eda al Norte Global\",\"datePublished\":\"2026-04-29T16:41:57+00:00\",\"mainEntityOfPage\":{\"@id\":\"https:\\\/\\\/www.revistarambla.com\\\/el-nuevo-eje-del-comercio-mundial-que-desafia-al-norte-global\\\/\"},\"wordCount\":1317,\"publisher\":{\"@id\":\"https:\\\/\\\/www.revistarambla.com\\\/#organization\"},\"image\":{\"@id\":\"https:\\\/\\\/www.revistarambla.com\\\/el-nuevo-eje-del-comercio-mundial-que-desafia-al-norte-global\\\/#primaryimage\"},\"thumbnailUrl\":\"https:\\\/\\\/www.revistarambla.com\\\/wp-content\\\/uploads\\\/2026\\\/04\\\/69f0c53459bf5b710031238f.jpg\",\"articleSection\":[\"Otras Miradas\"],\"inLanguage\":\"en-GB\"},{\"@type\":\"WebPage\",\"@id\":\"https:\\\/\\\/www.revistarambla.com\\\/el-nuevo-eje-del-comercio-mundial-que-desafia-al-norte-global\\\/\",\"url\":\"https:\\\/\\\/www.revistarambla.com\\\/el-nuevo-eje-del-comercio-mundial-que-desafia-al-norte-global\\\/\",\"name\":\"El nuevo eje del comercio mundial que desaf\u00eda al Norte Global - Revista Rambla\",\"isPartOf\":{\"@id\":\"https:\\\/\\\/www.revistarambla.com\\\/#website\"},\"primaryImageOfPage\":{\"@id\":\"https:\\\/\\\/www.revistarambla.com\\\/el-nuevo-eje-del-comercio-mundial-que-desafia-al-norte-global\\\/#primaryimage\"},\"image\":{\"@id\":\"https:\\\/\\\/www.revistarambla.com\\\/el-nuevo-eje-del-comercio-mundial-que-desafia-al-norte-global\\\/#primaryimage\"},\"thumbnailUrl\":\"https:\\\/\\\/www.revistarambla.com\\\/wp-content\\\/uploads\\\/2026\\\/04\\\/69f0c53459bf5b710031238f.jpg\",\"datePublished\":\"2026-04-29T16:41:57+00:00\",\"breadcrumb\":{\"@id\":\"https:\\\/\\\/www.revistarambla.com\\\/el-nuevo-eje-del-comercio-mundial-que-desafia-al-norte-global\\\/#breadcrumb\"},\"inLanguage\":\"en-GB\",\"potentialAction\":[{\"@type\":\"ReadAction\",\"target\":[\"https:\\\/\\\/www.revistarambla.com\\\/el-nuevo-eje-del-comercio-mundial-que-desafia-al-norte-global\\\/\"]}]},{\"@type\":\"ImageObject\",\"inLanguage\":\"en-GB\",\"@id\":\"https:\\\/\\\/www.revistarambla.com\\\/el-nuevo-eje-del-comercio-mundial-que-desafia-al-norte-global\\\/#primaryimage\",\"url\":\"https:\\\/\\\/www.revistarambla.com\\\/wp-content\\\/uploads\\\/2026\\\/04\\\/69f0c53459bf5b710031238f.jpg\",\"contentUrl\":\"https:\\\/\\\/www.revistarambla.com\\\/wp-content\\\/uploads\\\/2026\\\/04\\\/69f0c53459bf5b710031238f.jpg\",\"width\":1104,\"height\":622,\"caption\":\"megacorredor comercial alternativa rutas Norte Global\"},{\"@type\":\"BreadcrumbList\",\"@id\":\"https:\\\/\\\/www.revistarambla.com\\\/el-nuevo-eje-del-comercio-mundial-que-desafia-al-norte-global\\\/#breadcrumb\",\"itemListElement\":[{\"@type\":\"ListItem\",\"position\":1,\"name\":\"Portada\",\"item\":\"https:\\\/\\\/www.revistarambla.com\\\/\"},{\"@type\":\"ListItem\",\"position\":2,\"name\":\"El nuevo eje del comercio mundial que desaf\u00eda al Norte Global\"}]},{\"@type\":\"WebSite\",\"@id\":\"https:\\\/\\\/www.revistarambla.com\\\/#website\",\"url\":\"https:\\\/\\\/www.revistarambla.com\\\/\",\"name\":\"Revista Rambla Barcelona\",\"description\":\"Periodismo independiente\",\"publisher\":{\"@id\":\"https:\\\/\\\/www.revistarambla.com\\\/#organization\"},\"potentialAction\":[{\"@type\":\"SearchAction\",\"target\":{\"@type\":\"EntryPoint\",\"urlTemplate\":\"https:\\\/\\\/www.revistarambla.com\\\/?s={search_term_string}\"},\"query-input\":{\"@type\":\"PropertyValueSpecification\",\"valueRequired\":true,\"valueName\":\"search_term_string\"}}],\"inLanguage\":\"en-GB\"},{\"@type\":\"Organization\",\"@id\":\"https:\\\/\\\/www.revistarambla.com\\\/#organization\",\"name\":\"Revista Rambla\",\"url\":\"https:\\\/\\\/www.revistarambla.com\\\/\",\"logo\":{\"@type\":\"ImageObject\",\"inLanguage\":\"en-GB\",\"@id\":\"https:\\\/\\\/www.revistarambla.com\\\/#\\\/schema\\\/logo\\\/image\\\/\",\"url\":\"https:\\\/\\\/www.revistarambla.com\\\/wp-content\\\/uploads\\\/2020\\\/09\\\/banner_rambla_1900x600_BB.png\",\"contentUrl\":\"https:\\\/\\\/www.revistarambla.com\\\/wp-content\\\/uploads\\\/2020\\\/09\\\/banner_rambla_1900x600_BB.png\",\"width\":1900,\"height\":600,\"caption\":\"Revista Rambla\"},\"image\":{\"@id\":\"https:\\\/\\\/www.revistarambla.com\\\/#\\\/schema\\\/logo\\\/image\\\/\"},\"sameAs\":[\"https:\\\/\\\/www.facebook.com\\\/revistarambla\\\/\",\"https:\\\/\\\/x.com\\\/revistarambla\",\"https:\\\/\\\/www.instagram.com\\\/revista_rambla\",\"https:\\\/\\\/es.linkedin.com\\\/company\\\/revista-rambla\"]},{\"@type\":\"Person\",\"@id\":\"https:\\\/\\\/www.revistarambla.com\\\/#\\\/schema\\\/person\\\/a146a5a2550b94981a75131180e1bd9c\",\"name\":\"R@mbla\",\"description\":\"Este art\u00edculo ha sido redactado y\\\/o validado por el equipo de redacci\u00f3n de Revista Rambla.\",\"sameAs\":[\"https:\\\/\\\/www.revistarambla.com\\\/\",\"https:\\\/\\\/www.facebook.com\\\/revistarambla\",\"https:\\\/\\\/x.com\\\/revistarambla\"]}]}<\/script>\n<!-- \/ Yoast SEO plugin. -->","yoast_head_json":{"title":"El nuevo eje del comercio mundial que desaf\u00eda al Norte Global - Revista Rambla","robots":{"index":"index","follow":"follow","max-snippet":"max-snippet:-1","max-image-preview":"max-image-preview:large","max-video-preview":"max-video-preview:-1"},"canonical":"https:\/\/www.revistarambla.com\/en\/el-nuevo-eje-del-comercio-mundial-que-desafia-al-norte-global\/","og_locale":"en_GB","og_type":"article","og_title":"El nuevo eje del comercio mundial que desaf\u00eda al Norte Global - Revista Rambla","og_description":"Un megacorredor emergente reconfigura rutas, alianzas y equilibrios en la econom\u00eda internacional","og_url":"https:\/\/www.revistarambla.com\/en\/el-nuevo-eje-del-comercio-mundial-que-desafia-al-norte-global\/","og_site_name":"Revista Rambla","article_publisher":"https:\/\/www.facebook.com\/revistarambla\/","article_author":"https:\/\/www.facebook.com\/revistarambla","article_published_time":"2026-04-29T16:41:57+00:00","og_image":[{"width":1104,"height":622,"url":"https:\/\/www.revistarambla.com\/wp-content\/uploads\/2026\/04\/69f0c53459bf5b710031238f.jpg","type":"image\/jpeg"}],"author":"R@mbla","twitter_card":"summary_large_image","twitter_creator":"@revistarambla","twitter_site":"@revistarambla","twitter_misc":{"Written by":"R@mbla","Estimated reading time":"6 minutes"},"schema":{"@context":"https:\/\/schema.org","@graph":[{"@type":"Article","@id":"https:\/\/www.revistarambla.com\/el-nuevo-eje-del-comercio-mundial-que-desafia-al-norte-global\/#article","isPartOf":{"@id":"https:\/\/www.revistarambla.com\/el-nuevo-eje-del-comercio-mundial-que-desafia-al-norte-global\/"},"author":{"name":"R@mbla","@id":"https:\/\/www.revistarambla.com\/#\/schema\/person\/a146a5a2550b94981a75131180e1bd9c"},"headline":"El nuevo eje del comercio mundial que desaf\u00eda al Norte Global","datePublished":"2026-04-29T16:41:57+00:00","mainEntityOfPage":{"@id":"https:\/\/www.revistarambla.com\/el-nuevo-eje-del-comercio-mundial-que-desafia-al-norte-global\/"},"wordCount":1317,"publisher":{"@id":"https:\/\/www.revistarambla.com\/#organization"},"image":{"@id":"https:\/\/www.revistarambla.com\/el-nuevo-eje-del-comercio-mundial-que-desafia-al-norte-global\/#primaryimage"},"thumbnailUrl":"https:\/\/www.revistarambla.com\/wp-content\/uploads\/2026\/04\/69f0c53459bf5b710031238f.jpg","articleSection":["Otras Miradas"],"inLanguage":"en-GB"},{"@type":"WebPage","@id":"https:\/\/www.revistarambla.com\/el-nuevo-eje-del-comercio-mundial-que-desafia-al-norte-global\/","url":"https:\/\/www.revistarambla.com\/el-nuevo-eje-del-comercio-mundial-que-desafia-al-norte-global\/","name":"El nuevo eje del comercio mundial que desaf\u00eda al Norte Global - Revista Rambla","isPartOf":{"@id":"https:\/\/www.revistarambla.com\/#website"},"primaryImageOfPage":{"@id":"https:\/\/www.revistarambla.com\/el-nuevo-eje-del-comercio-mundial-que-desafia-al-norte-global\/#primaryimage"},"image":{"@id":"https:\/\/www.revistarambla.com\/el-nuevo-eje-del-comercio-mundial-que-desafia-al-norte-global\/#primaryimage"},"thumbnailUrl":"https:\/\/www.revistarambla.com\/wp-content\/uploads\/2026\/04\/69f0c53459bf5b710031238f.jpg","datePublished":"2026-04-29T16:41:57+00:00","breadcrumb":{"@id":"https:\/\/www.revistarambla.com\/el-nuevo-eje-del-comercio-mundial-que-desafia-al-norte-global\/#breadcrumb"},"inLanguage":"en-GB","potentialAction":[{"@type":"ReadAction","target":["https:\/\/www.revistarambla.com\/el-nuevo-eje-del-comercio-mundial-que-desafia-al-norte-global\/"]}]},{"@type":"ImageObject","inLanguage":"en-GB","@id":"https:\/\/www.revistarambla.com\/el-nuevo-eje-del-comercio-mundial-que-desafia-al-norte-global\/#primaryimage","url":"https:\/\/www.revistarambla.com\/wp-content\/uploads\/2026\/04\/69f0c53459bf5b710031238f.jpg","contentUrl":"https:\/\/www.revistarambla.com\/wp-content\/uploads\/2026\/04\/69f0c53459bf5b710031238f.jpg","width":1104,"height":622,"caption":"megacorredor comercial alternativa rutas Norte Global"},{"@type":"BreadcrumbList","@id":"https:\/\/www.revistarambla.com\/el-nuevo-eje-del-comercio-mundial-que-desafia-al-norte-global\/#breadcrumb","itemListElement":[{"@type":"ListItem","position":1,"name":"Portada","item":"https:\/\/www.revistarambla.com\/"},{"@type":"ListItem","position":2,"name":"El nuevo eje del comercio mundial que desaf\u00eda al Norte Global"}]},{"@type":"WebSite","@id":"https:\/\/www.revistarambla.com\/#website","url":"https:\/\/www.revistarambla.com\/","name":"Revista Rambla Barcelona","description":"Periodismo independiente","publisher":{"@id":"https:\/\/www.revistarambla.com\/#organization"},"potentialAction":[{"@type":"SearchAction","target":{"@type":"EntryPoint","urlTemplate":"https:\/\/www.revistarambla.com\/?s={search_term_string}"},"query-input":{"@type":"PropertyValueSpecification","valueRequired":true,"valueName":"search_term_string"}}],"inLanguage":"en-GB"},{"@type":"Organization","@id":"https:\/\/www.revistarambla.com\/#organization","name":"Revista Rambla","url":"https:\/\/www.revistarambla.com\/","logo":{"@type":"ImageObject","inLanguage":"en-GB","@id":"https:\/\/www.revistarambla.com\/#\/schema\/logo\/image\/","url":"https:\/\/www.revistarambla.com\/wp-content\/uploads\/2020\/09\/banner_rambla_1900x600_BB.png","contentUrl":"https:\/\/www.revistarambla.com\/wp-content\/uploads\/2020\/09\/banner_rambla_1900x600_BB.png","width":1900,"height":600,"caption":"Revista Rambla"},"image":{"@id":"https:\/\/www.revistarambla.com\/#\/schema\/logo\/image\/"},"sameAs":["https:\/\/www.facebook.com\/revistarambla\/","https:\/\/x.com\/revistarambla","https:\/\/www.instagram.com\/revista_rambla","https:\/\/es.linkedin.com\/company\/revista-rambla"]},{"@type":"Person","@id":"https:\/\/www.revistarambla.com\/#\/schema\/person\/a146a5a2550b94981a75131180e1bd9c","name":"R@mbla","description":"Este art\u00edculo ha sido redactado y\/o validado por el equipo de redacci\u00f3n de Revista Rambla.","sameAs":["https:\/\/www.revistarambla.com\/","https:\/\/www.facebook.com\/revistarambla","https:\/\/x.com\/revistarambla"]}]}},"_links":{"self":[{"href":"https:\/\/www.revistarambla.com\/en\/wp-json\/wp\/v2\/posts\/68133","targetHints":{"allow":["GET"]}}],"collection":[{"href":"https:\/\/www.revistarambla.com\/en\/wp-json\/wp\/v2\/posts"}],"about":[{"href":"https:\/\/www.revistarambla.com\/en\/wp-json\/wp\/v2\/types\/post"}],"author":[{"embeddable":true,"href":"https:\/\/www.revistarambla.com\/en\/wp-json\/wp\/v2\/users\/3"}],"replies":[{"embeddable":true,"href":"https:\/\/www.revistarambla.com\/en\/wp-json\/wp\/v2\/comments?post=68133"}],"version-history":[{"count":1,"href":"https:\/\/www.revistarambla.com\/en\/wp-json\/wp\/v2\/posts\/68133\/revisions"}],"predecessor-version":[{"id":68135,"href":"https:\/\/www.revistarambla.com\/en\/wp-json\/wp\/v2\/posts\/68133\/revisions\/68135"}],"wp:featuredmedia":[{"embeddable":true,"href":"https:\/\/www.revistarambla.com\/en\/wp-json\/wp\/v2\/media\/68134"}],"wp:attachment":[{"href":"https:\/\/www.revistarambla.com\/en\/wp-json\/wp\/v2\/media?parent=68133"}],"wp:term":[{"taxonomy":"category","embeddable":true,"href":"https:\/\/www.revistarambla.com\/en\/wp-json\/wp\/v2\/categories?post=68133"},{"taxonomy":"post_tag","embeddable":true,"href":"https:\/\/www.revistarambla.com\/en\/wp-json\/wp\/v2\/tags?post=68133"}],"curies":[{"name":"wp","href":"https:\/\/api.w.org\/{rel}","templated":true}]}}