{"id":68130,"date":"2026-04-29T18:33:08","date_gmt":"2026-04-29T16:33:08","guid":{"rendered":"https:\/\/www.revistarambla.com\/?p=68130"},"modified":"2026-04-29T18:55:39","modified_gmt":"2026-04-29T16:55:39","slug":"rtve-bajo-presion-el-miedo-interno-que-agita-a-la-radiotelevision-publica","status":"publish","type":"post","link":"https:\/\/www.revistarambla.com\/en\/rtve-bajo-presion-el-miedo-interno-que-agita-a-la-radiotelevision-publica\/","title":{"rendered":"RTVE bajo presi\u00f3n: el miedo interno que agita a la radiotelevisi\u00f3n p\u00fablica"},"content":{"rendered":"<p>La crisis que atraviesa Radiotelevisi\u00f3n Espa\u00f1ola ha dejado de ser un rumor de pasillo para convertirse en una grieta estructural <!--more-->que amenaza con fracturar la credibilidad del principal medio p\u00fablico del pa\u00eds. Lo que durante meses se intu\u00eda en conversaciones discretas ha emergido ahora con una contundencia inquietante: una parte significativa de la plantilla denuncia un clima de miedo, represalias y silenciamiento interno que, seg\u00fan describen, ha transformado la cultura profesional en algo cercano a una \u201cpol\u00edtica del terror\u201d.<\/p>\n<p>El detonante m\u00e1s reciente ha sido la apertura de un expediente disciplinario contra un trabajador, interpretado por muchos como una se\u00f1al inequ\u00edvoca de advertencia. No se trata de un episodio aislado, sostienen fuentes internas, sino del s\u00edntoma visible de una din\u00e1mica m\u00e1s profunda en la que expresar discrepancias puede tener consecuencias profesionales. La percepci\u00f3n de riesgo se ha instalado en los equipos, especialmente entre aquellos que han cuestionado p\u00fablicamente la l\u00ednea editorial o la orientaci\u00f3n de ciertos contenidos.<\/p>\n<p>En el coraz\u00f3n del conflicto se encuentra la creciente tensi\u00f3n entre los \u00f3rganos internos de control y la direcci\u00f3n de la corporaci\u00f3n. El Consejo de Informativos, tradicionalmente garante de la independencia period\u00edstica, ha se\u00f1alado en repetidas ocasiones la existencia de sesgos en programas concretos y un aumento de contenidos que, a su juicio, favorecen determinados posicionamientos pol\u00edticos. Estas advertencias no solo no han sido asumidas, sino que han sido respondidas con dureza por parte de la direcci\u00f3n, que ha llegado a desacreditar los informes calific\u00e1ndolos de inexactos.<\/p>\n<p>El choque institucional ha tenido consecuencias m\u00e1s all\u00e1 del plano t\u00e9cnico. La plantilla percibe que se ha cruzado una l\u00ednea roja cuando los mecanismos internos de cr\u00edtica, esenciales en cualquier medio p\u00fablico, pasan a ser cuestionados o neutralizados. En este contexto, la consulta impulsada para recoger la opini\u00f3n de los trabajadores sobre la deriva de la cadena se ha convertido en un s\u00edmbolo de resistencia, pero tambi\u00e9n en una muestra de las limitaciones impuestas desde arriba. M\u00e1s de un millar de empleados quedaron excluidos de ese proceso, lo que ha alimentado la sospecha de que la participaci\u00f3n real no es una prioridad.<\/p>\n<p>El malestar no se limita al \u00e1mbito organizativo. Existe una preocupaci\u00f3n creciente por el impacto que esta situaci\u00f3n puede tener en la calidad informativa y en la percepci\u00f3n p\u00fablica de RTVE. Algunos profesionales alertan de que la acumulaci\u00f3n de decisiones editoriales controvertidas, junto con la presi\u00f3n interna, est\u00e1 erosionando la confianza en el medio. La sensaci\u00f3n de que ciertos contenidos responden m\u00e1s a estrategias pol\u00edticas que a criterios period\u00edsticos se ha extendido entre sectores de la redacci\u00f3n.<\/p>\n<p>Este contexto se produce adem\u00e1s en paralelo a un clima pol\u00edtico especialmente tenso en torno a la corporaci\u00f3n. La creaci\u00f3n de una comisi\u00f3n de investigaci\u00f3n en el Senado ha a\u00f1adido un nuevo elemento de presi\u00f3n externa, interpretado por la direcci\u00f3n como un intento de injerencia en la independencia del ente.\u00a0Sin embargo, para muchos trabajadores, esta confrontaci\u00f3n institucional no hace sino agravar una situaci\u00f3n interna ya de por s\u00ed delicada, en la que las decisiones se perciben cada vez m\u00e1s centralizadas y menos transparentes.<\/p>\n<p>La figura del presidente de RTVE, Jos\u00e9 Pablo L\u00f3pez, emerge como un elemento clave en esta ecuaci\u00f3n. Su gesti\u00f3n, caracterizada por una profunda reestructuraci\u00f3n de contenidos y una apuesta por formatos de debate y actualidad, ha contribuido a mejorar audiencias, pero tambi\u00e9n ha intensificado las cr\u00edticas sobre una posible politizaci\u00f3n de la parrilla.\u00a0Para sus detractores, el problema no es tanto la estrategia en s\u00ed como la forma en que se est\u00e1 implementando, con escaso margen para la discrepancia interna.<\/p>\n<p>El resultado es una organizaci\u00f3n en la que conviven dos narrativas opuestas. Por un lado, la direcci\u00f3n defiende que las cr\u00edticas responden a interpretaciones parciales o a resistencias al cambio. Por otro, una parte de la plantilla sostiene que se est\u00e1 produciendo una deriva preocupante que compromete los principios fundacionales del servicio p\u00fablico. Entre ambas posiciones, el espacio para el consenso parece haberse reducido al m\u00ednimo.<\/p>\n<p>El uso de t\u00e9rminos como \u201cmiedo\u201d o \u201crepresalias\u201d no es casual. Seg\u00fan relatan trabajadores, existe una percepci\u00f3n extendida de que determinadas opiniones pueden afectar a la carrera profesional, desde la asignaci\u00f3n de tareas hasta la continuidad en ciertos puestos. Este clima no solo condiciona la libertad de expresi\u00f3n interna, sino que tambi\u00e9n puede tener efectos indirectos en la calidad del trabajo period\u00edstico, al limitar la capacidad de cuestionar decisiones editoriales o de plantear enfoques alternativos.<\/p>\n<p>La historia reciente de RTVE demuestra que no se trata de un fen\u00f3meno nuevo, pero s\u00ed de una fase especialmente aguda. Las tensiones entre direcci\u00f3n y redacci\u00f3n han sido una constante en diferentes etapas, reflejo de la complejidad de gestionar un medio p\u00fablico en un entorno pol\u00edtico polarizado. Sin embargo, lo que distingue el momento actual es la intensidad del conflicto y la percepci\u00f3n de que los mecanismos de equilibrio interno est\u00e1n fallando.<\/p>\n<p>En este escenario, la posibilidad de nuevas protestas por parte de los trabajadores no es descartable. De hecho, ya se han planteado como una opci\u00f3n en funci\u00f3n de los resultados de las consultas internas y de la evoluci\u00f3n de los acontecimientos.\u00a0La movilizaci\u00f3n, en este caso, no solo ser\u00eda una expresi\u00f3n de descontento, sino tambi\u00e9n una forma de reivindicar la autonom\u00eda profesional frente a lo que consideran una deriva autoritaria.<\/p>\n<p>M\u00e1s all\u00e1 del conflicto inmediato, lo que est\u00e1 en juego es el modelo de radiotelevisi\u00f3n p\u00fablica en Espa\u00f1a. RTVE no es solo un medio de comunicaci\u00f3n, sino una instituci\u00f3n que desempe\u00f1a un papel clave en la construcci\u00f3n del espacio p\u00fablico y en la garant\u00eda del pluralismo informativo. Cualquier deterioro en su funcionamiento tiene implicaciones que van m\u00e1s all\u00e1 de la propia corporaci\u00f3n.<\/p>\n<p>La pregunta que sobrevuela este contexto es si la organizaci\u00f3n ser\u00e1 capaz de reconducir la situaci\u00f3n antes de que el da\u00f1o sea irreversible. Recuperar la confianza interna y externa requiere algo m\u00e1s que ajustes puntuales: implica reconstruir los mecanismos de di\u00e1logo, garantizar la independencia editorial y reforzar la transparencia en la toma de decisiones. Sin estos elementos, el riesgo es que el conflicto se cronifique y termine afectando de manera estructural al servicio que RTVE presta a la ciudadan\u00eda.<\/p>\n<p>Mientras tanto, en los pasillos de la corporaci\u00f3n, el silencio se ha vuelto m\u00e1s elocuente que nunca. No es un silencio vac\u00edo, sino cargado de significado, de cautela y de una inquietud que muchos ya no est\u00e1n dispuestos a ocultar. Porque cuando el miedo se convierte en norma, la informaci\u00f3n deja de ser solo un producto y pasa a ser un terreno de disputa donde se juega algo m\u00e1s profundo: la credibilidad de un medio y, en \u00faltima instancia, la calidad de la democracia.<\/p>","protected":false},"excerpt":{"rendered":"<p>Trabajadores denuncian represalias, censura encubierta y una deriva editorial marcada por tensiones pol\u00edticas<\/p>","protected":false},"author":3,"featured_media":68131,"comment_status":"closed","ping_status":"closed","sticky":false,"template":"","format":"standard","meta":{"footnotes":""},"categories":[58],"tags":[],"class_list":["post-68130","post","type-post","status-publish","format-standard","has-post-thumbnail","hentry","category-estado-espanol"],"yoast_head":"<!-- This site is optimized with the Yoast SEO plugin v27.5 - https:\/\/yoast.com\/product\/yoast-seo-wordpress\/ -->\n<title>RTVE bajo presi\u00f3n: el miedo interno que agita a la radiotelevisi\u00f3n p\u00fablica - Revista Rambla<\/title>\n<meta name=\"robots\" content=\"index, follow, max-snippet:-1, max-image-preview:large, max-video-preview:-1\" \/>\n<link rel=\"canonical\" href=\"https:\/\/www.revistarambla.com\/en\/rtve-bajo-presion-el-miedo-interno-que-agita-a-la-radiotelevision-publica\/\" \/>\n<meta property=\"og:locale\" content=\"en_GB\" \/>\n<meta property=\"og:type\" content=\"article\" \/>\n<meta property=\"og:title\" content=\"RTVE bajo presi\u00f3n: el miedo interno que agita a la radiotelevisi\u00f3n p\u00fablica - Revista Rambla\" \/>\n<meta property=\"og:description\" content=\"Trabajadores denuncian represalias, censura encubierta y una deriva editorial marcada por tensiones pol\u00edticas\" \/>\n<meta property=\"og:url\" content=\"https:\/\/www.revistarambla.com\/en\/rtve-bajo-presion-el-miedo-interno-que-agita-a-la-radiotelevision-publica\/\" \/>\n<meta property=\"og:site_name\" content=\"Revista Rambla\" \/>\n<meta property=\"article:publisher\" content=\"https:\/\/www.facebook.com\/revistarambla\/\" \/>\n<meta property=\"article:author\" content=\"https:\/\/www.facebook.com\/revistarambla\" \/>\n<meta property=\"article:published_time\" content=\"2026-04-29T16:33:08+00:00\" \/>\n<meta property=\"article:modified_time\" content=\"2026-04-29T16:55:39+00:00\" \/>\n<meta property=\"og:image\" content=\"https:\/\/www.revistarambla.com\/wp-content\/uploads\/2026\/04\/Edificio_TVE.jpg\" \/>\n\t<meta property=\"og:image:width\" content=\"1600\" \/>\n\t<meta property=\"og:image:height\" content=\"844\" \/>\n\t<meta property=\"og:image:type\" content=\"image\/jpeg\" \/>\n<meta name=\"author\" content=\"R@mbla\" \/>\n<meta name=\"twitter:card\" content=\"summary_large_image\" \/>\n<meta name=\"twitter:creator\" content=\"@revistarambla\" \/>\n<meta name=\"twitter:site\" content=\"@revistarambla\" \/>\n<meta name=\"twitter:label1\" content=\"Written by\" \/>\n\t<meta name=\"twitter:data1\" content=\"R@mbla\" \/>\n\t<meta name=\"twitter:label2\" content=\"Estimated reading time\" \/>\n\t<meta name=\"twitter:data2\" content=\"6 minutes\" \/>\n<script type=\"application\/ld+json\" class=\"yoast-schema-graph\">{\"@context\":\"https:\\\/\\\/schema.org\",\"@graph\":[{\"@type\":\"Article\",\"@id\":\"https:\\\/\\\/www.revistarambla.com\\\/rtve-bajo-presion-el-miedo-interno-que-agita-a-la-radiotelevision-publica\\\/#article\",\"isPartOf\":{\"@id\":\"https:\\\/\\\/www.revistarambla.com\\\/rtve-bajo-presion-el-miedo-interno-que-agita-a-la-radiotelevision-publica\\\/\"},\"author\":{\"name\":\"R@mbla\",\"@id\":\"https:\\\/\\\/www.revistarambla.com\\\/#\\\/schema\\\/person\\\/a146a5a2550b94981a75131180e1bd9c\"},\"headline\":\"RTVE bajo presi\u00f3n: el miedo interno que agita a la radiotelevisi\u00f3n p\u00fablica\",\"datePublished\":\"2026-04-29T16:33:08+00:00\",\"dateModified\":\"2026-04-29T16:55:39+00:00\",\"mainEntityOfPage\":{\"@id\":\"https:\\\/\\\/www.revistarambla.com\\\/rtve-bajo-presion-el-miedo-interno-que-agita-a-la-radiotelevision-publica\\\/\"},\"wordCount\":1228,\"publisher\":{\"@id\":\"https:\\\/\\\/www.revistarambla.com\\\/#organization\"},\"image\":{\"@id\":\"https:\\\/\\\/www.revistarambla.com\\\/rtve-bajo-presion-el-miedo-interno-que-agita-a-la-radiotelevision-publica\\\/#primaryimage\"},\"thumbnailUrl\":\"https:\\\/\\\/www.revistarambla.com\\\/wp-content\\\/uploads\\\/2026\\\/04\\\/Edificio_TVE.jpg\",\"articleSection\":[\"Estado Espa\u00f1ol\"],\"inLanguage\":\"en-GB\"},{\"@type\":\"WebPage\",\"@id\":\"https:\\\/\\\/www.revistarambla.com\\\/rtve-bajo-presion-el-miedo-interno-que-agita-a-la-radiotelevision-publica\\\/\",\"url\":\"https:\\\/\\\/www.revistarambla.com\\\/rtve-bajo-presion-el-miedo-interno-que-agita-a-la-radiotelevision-publica\\\/\",\"name\":\"RTVE bajo presi\u00f3n: el miedo interno que agita a la radiotelevisi\u00f3n p\u00fablica - Revista Rambla\",\"isPartOf\":{\"@id\":\"https:\\\/\\\/www.revistarambla.com\\\/#website\"},\"primaryImageOfPage\":{\"@id\":\"https:\\\/\\\/www.revistarambla.com\\\/rtve-bajo-presion-el-miedo-interno-que-agita-a-la-radiotelevision-publica\\\/#primaryimage\"},\"image\":{\"@id\":\"https:\\\/\\\/www.revistarambla.com\\\/rtve-bajo-presion-el-miedo-interno-que-agita-a-la-radiotelevision-publica\\\/#primaryimage\"},\"thumbnailUrl\":\"https:\\\/\\\/www.revistarambla.com\\\/wp-content\\\/uploads\\\/2026\\\/04\\\/Edificio_TVE.jpg\",\"datePublished\":\"2026-04-29T16:33:08+00:00\",\"dateModified\":\"2026-04-29T16:55:39+00:00\",\"breadcrumb\":{\"@id\":\"https:\\\/\\\/www.revistarambla.com\\\/rtve-bajo-presion-el-miedo-interno-que-agita-a-la-radiotelevision-publica\\\/#breadcrumb\"},\"inLanguage\":\"en-GB\",\"potentialAction\":[{\"@type\":\"ReadAction\",\"target\":[\"https:\\\/\\\/www.revistarambla.com\\\/rtve-bajo-presion-el-miedo-interno-que-agita-a-la-radiotelevision-publica\\\/\"]}]},{\"@type\":\"ImageObject\",\"inLanguage\":\"en-GB\",\"@id\":\"https:\\\/\\\/www.revistarambla.com\\\/rtve-bajo-presion-el-miedo-interno-que-agita-a-la-radiotelevision-publica\\\/#primaryimage\",\"url\":\"https:\\\/\\\/www.revistarambla.com\\\/wp-content\\\/uploads\\\/2026\\\/04\\\/Edificio_TVE.jpg\",\"contentUrl\":\"https:\\\/\\\/www.revistarambla.com\\\/wp-content\\\/uploads\\\/2026\\\/04\\\/Edificio_TVE.jpg\",\"width\":1600,\"height\":844,\"caption\":\"crisis interna RTVE represalias trabajadores\"},{\"@type\":\"BreadcrumbList\",\"@id\":\"https:\\\/\\\/www.revistarambla.com\\\/rtve-bajo-presion-el-miedo-interno-que-agita-a-la-radiotelevision-publica\\\/#breadcrumb\",\"itemListElement\":[{\"@type\":\"ListItem\",\"position\":1,\"name\":\"Portada\",\"item\":\"https:\\\/\\\/www.revistarambla.com\\\/\"},{\"@type\":\"ListItem\",\"position\":2,\"name\":\"RTVE bajo presi\u00f3n: el miedo interno que agita a la radiotelevisi\u00f3n p\u00fablica\"}]},{\"@type\":\"WebSite\",\"@id\":\"https:\\\/\\\/www.revistarambla.com\\\/#website\",\"url\":\"https:\\\/\\\/www.revistarambla.com\\\/\",\"name\":\"Revista Rambla Barcelona\",\"description\":\"Periodismo independiente\",\"publisher\":{\"@id\":\"https:\\\/\\\/www.revistarambla.com\\\/#organization\"},\"potentialAction\":[{\"@type\":\"SearchAction\",\"target\":{\"@type\":\"EntryPoint\",\"urlTemplate\":\"https:\\\/\\\/www.revistarambla.com\\\/?s={search_term_string}\"},\"query-input\":{\"@type\":\"PropertyValueSpecification\",\"valueRequired\":true,\"valueName\":\"search_term_string\"}}],\"inLanguage\":\"en-GB\"},{\"@type\":\"Organization\",\"@id\":\"https:\\\/\\\/www.revistarambla.com\\\/#organization\",\"name\":\"Revista Rambla\",\"url\":\"https:\\\/\\\/www.revistarambla.com\\\/\",\"logo\":{\"@type\":\"ImageObject\",\"inLanguage\":\"en-GB\",\"@id\":\"https:\\\/\\\/www.revistarambla.com\\\/#\\\/schema\\\/logo\\\/image\\\/\",\"url\":\"https:\\\/\\\/www.revistarambla.com\\\/wp-content\\\/uploads\\\/2020\\\/09\\\/banner_rambla_1900x600_BB.png\",\"contentUrl\":\"https:\\\/\\\/www.revistarambla.com\\\/wp-content\\\/uploads\\\/2020\\\/09\\\/banner_rambla_1900x600_BB.png\",\"width\":1900,\"height\":600,\"caption\":\"Revista Rambla\"},\"image\":{\"@id\":\"https:\\\/\\\/www.revistarambla.com\\\/#\\\/schema\\\/logo\\\/image\\\/\"},\"sameAs\":[\"https:\\\/\\\/www.facebook.com\\\/revistarambla\\\/\",\"https:\\\/\\\/x.com\\\/revistarambla\",\"https:\\\/\\\/www.instagram.com\\\/revista_rambla\",\"https:\\\/\\\/es.linkedin.com\\\/company\\\/revista-rambla\"]},{\"@type\":\"Person\",\"@id\":\"https:\\\/\\\/www.revistarambla.com\\\/#\\\/schema\\\/person\\\/a146a5a2550b94981a75131180e1bd9c\",\"name\":\"R@mbla\",\"description\":\"Este art\u00edculo ha sido redactado y\\\/o validado por el equipo de redacci\u00f3n de Revista Rambla.\",\"sameAs\":[\"https:\\\/\\\/www.revistarambla.com\\\/\",\"https:\\\/\\\/www.facebook.com\\\/revistarambla\",\"https:\\\/\\\/x.com\\\/revistarambla\"]}]}<\/script>\n<!-- \/ Yoast SEO plugin. -->","yoast_head_json":{"title":"RTVE bajo presi\u00f3n: el miedo interno que agita a la radiotelevisi\u00f3n p\u00fablica - Revista Rambla","robots":{"index":"index","follow":"follow","max-snippet":"max-snippet:-1","max-image-preview":"max-image-preview:large","max-video-preview":"max-video-preview:-1"},"canonical":"https:\/\/www.revistarambla.com\/en\/rtve-bajo-presion-el-miedo-interno-que-agita-a-la-radiotelevision-publica\/","og_locale":"en_GB","og_type":"article","og_title":"RTVE bajo presi\u00f3n: el miedo interno que agita a la radiotelevisi\u00f3n p\u00fablica - Revista Rambla","og_description":"Trabajadores denuncian represalias, censura encubierta y una deriva editorial marcada por tensiones pol\u00edticas","og_url":"https:\/\/www.revistarambla.com\/en\/rtve-bajo-presion-el-miedo-interno-que-agita-a-la-radiotelevision-publica\/","og_site_name":"Revista Rambla","article_publisher":"https:\/\/www.facebook.com\/revistarambla\/","article_author":"https:\/\/www.facebook.com\/revistarambla","article_published_time":"2026-04-29T16:33:08+00:00","article_modified_time":"2026-04-29T16:55:39+00:00","og_image":[{"width":1600,"height":844,"url":"https:\/\/www.revistarambla.com\/wp-content\/uploads\/2026\/04\/Edificio_TVE.jpg","type":"image\/jpeg"}],"author":"R@mbla","twitter_card":"summary_large_image","twitter_creator":"@revistarambla","twitter_site":"@revistarambla","twitter_misc":{"Written by":"R@mbla","Estimated reading time":"6 minutes"},"schema":{"@context":"https:\/\/schema.org","@graph":[{"@type":"Article","@id":"https:\/\/www.revistarambla.com\/rtve-bajo-presion-el-miedo-interno-que-agita-a-la-radiotelevision-publica\/#article","isPartOf":{"@id":"https:\/\/www.revistarambla.com\/rtve-bajo-presion-el-miedo-interno-que-agita-a-la-radiotelevision-publica\/"},"author":{"name":"R@mbla","@id":"https:\/\/www.revistarambla.com\/#\/schema\/person\/a146a5a2550b94981a75131180e1bd9c"},"headline":"RTVE bajo presi\u00f3n: el miedo interno que agita a la radiotelevisi\u00f3n p\u00fablica","datePublished":"2026-04-29T16:33:08+00:00","dateModified":"2026-04-29T16:55:39+00:00","mainEntityOfPage":{"@id":"https:\/\/www.revistarambla.com\/rtve-bajo-presion-el-miedo-interno-que-agita-a-la-radiotelevision-publica\/"},"wordCount":1228,"publisher":{"@id":"https:\/\/www.revistarambla.com\/#organization"},"image":{"@id":"https:\/\/www.revistarambla.com\/rtve-bajo-presion-el-miedo-interno-que-agita-a-la-radiotelevision-publica\/#primaryimage"},"thumbnailUrl":"https:\/\/www.revistarambla.com\/wp-content\/uploads\/2026\/04\/Edificio_TVE.jpg","articleSection":["Estado Espa\u00f1ol"],"inLanguage":"en-GB"},{"@type":"WebPage","@id":"https:\/\/www.revistarambla.com\/rtve-bajo-presion-el-miedo-interno-que-agita-a-la-radiotelevision-publica\/","url":"https:\/\/www.revistarambla.com\/rtve-bajo-presion-el-miedo-interno-que-agita-a-la-radiotelevision-publica\/","name":"RTVE bajo presi\u00f3n: el miedo interno que agita a la radiotelevisi\u00f3n p\u00fablica - Revista Rambla","isPartOf":{"@id":"https:\/\/www.revistarambla.com\/#website"},"primaryImageOfPage":{"@id":"https:\/\/www.revistarambla.com\/rtve-bajo-presion-el-miedo-interno-que-agita-a-la-radiotelevision-publica\/#primaryimage"},"image":{"@id":"https:\/\/www.revistarambla.com\/rtve-bajo-presion-el-miedo-interno-que-agita-a-la-radiotelevision-publica\/#primaryimage"},"thumbnailUrl":"https:\/\/www.revistarambla.com\/wp-content\/uploads\/2026\/04\/Edificio_TVE.jpg","datePublished":"2026-04-29T16:33:08+00:00","dateModified":"2026-04-29T16:55:39+00:00","breadcrumb":{"@id":"https:\/\/www.revistarambla.com\/rtve-bajo-presion-el-miedo-interno-que-agita-a-la-radiotelevision-publica\/#breadcrumb"},"inLanguage":"en-GB","potentialAction":[{"@type":"ReadAction","target":["https:\/\/www.revistarambla.com\/rtve-bajo-presion-el-miedo-interno-que-agita-a-la-radiotelevision-publica\/"]}]},{"@type":"ImageObject","inLanguage":"en-GB","@id":"https:\/\/www.revistarambla.com\/rtve-bajo-presion-el-miedo-interno-que-agita-a-la-radiotelevision-publica\/#primaryimage","url":"https:\/\/www.revistarambla.com\/wp-content\/uploads\/2026\/04\/Edificio_TVE.jpg","contentUrl":"https:\/\/www.revistarambla.com\/wp-content\/uploads\/2026\/04\/Edificio_TVE.jpg","width":1600,"height":844,"caption":"crisis interna RTVE represalias trabajadores"},{"@type":"BreadcrumbList","@id":"https:\/\/www.revistarambla.com\/rtve-bajo-presion-el-miedo-interno-que-agita-a-la-radiotelevision-publica\/#breadcrumb","itemListElement":[{"@type":"ListItem","position":1,"name":"Portada","item":"https:\/\/www.revistarambla.com\/"},{"@type":"ListItem","position":2,"name":"RTVE bajo presi\u00f3n: el miedo interno que agita a la radiotelevisi\u00f3n p\u00fablica"}]},{"@type":"WebSite","@id":"https:\/\/www.revistarambla.com\/#website","url":"https:\/\/www.revistarambla.com\/","name":"Revista Rambla Barcelona","description":"Periodismo independiente","publisher":{"@id":"https:\/\/www.revistarambla.com\/#organization"},"potentialAction":[{"@type":"SearchAction","target":{"@type":"EntryPoint","urlTemplate":"https:\/\/www.revistarambla.com\/?s={search_term_string}"},"query-input":{"@type":"PropertyValueSpecification","valueRequired":true,"valueName":"search_term_string"}}],"inLanguage":"en-GB"},{"@type":"Organization","@id":"https:\/\/www.revistarambla.com\/#organization","name":"Revista Rambla","url":"https:\/\/www.revistarambla.com\/","logo":{"@type":"ImageObject","inLanguage":"en-GB","@id":"https:\/\/www.revistarambla.com\/#\/schema\/logo\/image\/","url":"https:\/\/www.revistarambla.com\/wp-content\/uploads\/2020\/09\/banner_rambla_1900x600_BB.png","contentUrl":"https:\/\/www.revistarambla.com\/wp-content\/uploads\/2020\/09\/banner_rambla_1900x600_BB.png","width":1900,"height":600,"caption":"Revista Rambla"},"image":{"@id":"https:\/\/www.revistarambla.com\/#\/schema\/logo\/image\/"},"sameAs":["https:\/\/www.facebook.com\/revistarambla\/","https:\/\/x.com\/revistarambla","https:\/\/www.instagram.com\/revista_rambla","https:\/\/es.linkedin.com\/company\/revista-rambla"]},{"@type":"Person","@id":"https:\/\/www.revistarambla.com\/#\/schema\/person\/a146a5a2550b94981a75131180e1bd9c","name":"R@mbla","description":"Este art\u00edculo ha sido redactado y\/o validado por el equipo de redacci\u00f3n de Revista Rambla.","sameAs":["https:\/\/www.revistarambla.com\/","https:\/\/www.facebook.com\/revistarambla","https:\/\/x.com\/revistarambla"]}]}},"_links":{"self":[{"href":"https:\/\/www.revistarambla.com\/en\/wp-json\/wp\/v2\/posts\/68130","targetHints":{"allow":["GET"]}}],"collection":[{"href":"https:\/\/www.revistarambla.com\/en\/wp-json\/wp\/v2\/posts"}],"about":[{"href":"https:\/\/www.revistarambla.com\/en\/wp-json\/wp\/v2\/types\/post"}],"author":[{"embeddable":true,"href":"https:\/\/www.revistarambla.com\/en\/wp-json\/wp\/v2\/users\/3"}],"replies":[{"embeddable":true,"href":"https:\/\/www.revistarambla.com\/en\/wp-json\/wp\/v2\/comments?post=68130"}],"version-history":[{"count":2,"href":"https:\/\/www.revistarambla.com\/en\/wp-json\/wp\/v2\/posts\/68130\/revisions"}],"predecessor-version":[{"id":68140,"href":"https:\/\/www.revistarambla.com\/en\/wp-json\/wp\/v2\/posts\/68130\/revisions\/68140"}],"wp:featuredmedia":[{"embeddable":true,"href":"https:\/\/www.revistarambla.com\/en\/wp-json\/wp\/v2\/media\/68131"}],"wp:attachment":[{"href":"https:\/\/www.revistarambla.com\/en\/wp-json\/wp\/v2\/media?parent=68130"}],"wp:term":[{"taxonomy":"category","embeddable":true,"href":"https:\/\/www.revistarambla.com\/en\/wp-json\/wp\/v2\/categories?post=68130"},{"taxonomy":"post_tag","embeddable":true,"href":"https:\/\/www.revistarambla.com\/en\/wp-json\/wp\/v2\/tags?post=68130"}],"curies":[{"name":"wp","href":"https:\/\/api.w.org\/{rel}","templated":true}]}}