{"id":68127,"date":"2026-04-29T18:26:49","date_gmt":"2026-04-29T16:26:49","guid":{"rendered":"https:\/\/www.revistarambla.com\/?p=68127"},"modified":"2026-04-29T18:26:49","modified_gmt":"2026-04-29T16:26:49","slug":"la-infancia-bajo-llave-la-historia-silenciada-de-la-prote-en-la-barcelona-de-los-anos-50","status":"publish","type":"post","link":"https:\/\/www.revistarambla.com\/en\/la-infancia-bajo-llave-la-historia-silenciada-de-la-prote-en-la-barcelona-de-los-anos-50\/","title":{"rendered":"La infancia bajo llave: la historia silenciada de \u201cla Prote\u201d en la Barcelona de los a\u00f1os 50"},"content":{"rendered":"<p>La Barcelona de los a\u00f1os cincuenta crec\u00eda hacia arriba y hacia los m\u00e1rgenes al mismo tiempo. Mientras el relato oficial hablaba de reconstrucci\u00f3n y orden, en los barrios m\u00e1s humildes se acumulaban familias enteras en condiciones de precariedad extrema, en barracas sin agua corriente ni saneamiento, donde la supervivencia era una tarea diaria y la infancia, un territorio vulnerable. En ese contexto emergi\u00f3 una instituci\u00f3n que promet\u00eda protecci\u00f3n pero termin\u00f3 simbolizando el reverso m\u00e1s oscuro del sistema: la Protecci\u00f3n de Menores del Bogatell, conocida popularmente como \u201cla Prote\u201d.<\/p>\n<p>Lo que se present\u00f3 como un recurso asistencial fue, en la pr\u00e1ctica, un engranaje de control social. La l\u00f3gica que lo sustentaba no buscaba tanto rescatar a los ni\u00f1os de la pobreza como gestionar esa pobreza mediante su segregaci\u00f3n. En una ciudad donde miles de menores crec\u00edan en condiciones de hacinamiento, con enfermedades y sin escolarizaci\u00f3n garantizada, la intervenci\u00f3n institucional no siempre significaba ayuda: a menudo implicaba ruptura.<\/p>\n<p>Ingresar en \u201cla Prote\u201d no respond\u00eda necesariamente a situaciones de abandono extremo. Bastaba con pertenecer a una familia considerada inadecuada por su precariedad, su desestructuraci\u00f3n o, simplemente, por su incapacidad para ajustarse a los est\u00e1ndares morales del momento. Las decisiones se tomaban en despachos administrativos, bajo criterios difusos y con escasas garant\u00edas para las familias. El resultado era una pr\u00e1ctica sistem\u00e1tica de separaci\u00f3n: ni\u00f1os arrancados de su entorno sin un sistema de visitas estable ni mecanismos efectivos para preservar los v\u00ednculos afectivos.<\/p>\n<p>La consecuencia de ese desarraigo fue devastadora. Perder a un hijo en el circuito institucional pod\u00eda significar no volver a verlo durante a\u00f1os. Y cuando ese reencuentro se produc\u00eda, el ni\u00f1o ya no era el mismo. Hab\u00eda aprendido a sobrevivir mediante el silencio, la obediencia y la adaptaci\u00f3n a un entorno donde la autoridad no se cuestionaba. La infancia quedaba marcada por una pedagog\u00eda del miedo, m\u00e1s orientada a la disciplina que al cuidado.<\/p>\n<p>El edificio que albergaba \u201cla Prote\u201d, una antigua f\u00e1brica en la calle Llull, funcionaba como una frontera f\u00edsica y simb\u00f3lica. Para muchos ni\u00f1os, la ciudad quedaba reducida a lo que pod\u00edan ver tras las rejas. No era solo un espacio de acogida, sino un lugar de confinamiento. All\u00ed se impon\u00edan rutinas r\u00edgidas, se limitaban las relaciones personales y se reforzaba una jerarqu\u00eda basada en la autoridad incuestionable de los adultos.<\/p>\n<p>Este modelo no surgi\u00f3 de la nada. Formaba parte de una tradici\u00f3n hist\u00f3rica en la que la infancia pobre era tratada como un problema social a corregir. Desde el siglo XIX, las pol\u00edticas hacia los menores desfavorecidos hab\u00edan oscilado entre la beneficencia y la represi\u00f3n, difuminando la frontera entre protecci\u00f3n y castigo. El ni\u00f1o desamparado pod\u00eda ser percibido como un potencial delincuente, lo que justificaba su institucionalizaci\u00f3n en centros donde la disciplina era el eje central.<\/p>\n<p>Durante el franquismo, esta l\u00f3gica se intensific\u00f3. El aparato asistencial se integr\u00f3 en una estructura ideol\u00f3gica que combinaba control social, moralizaci\u00f3n y adoctrinamiento. Organismos como el Auxilio Social o el Departamento de Protecci\u00f3n a la Madre y al Ni\u00f1o ampliaron la red de internados, donde miles de menores fueron recluidos bajo la premisa de su \u201creeducaci\u00f3n\u201d. En muchos casos, estos centros fueron escenario de abusos f\u00edsicos, psicol\u00f3gicos e incluso explotaci\u00f3n laboral, adem\u00e1s de servir como instrumentos de propaganda del r\u00e9gimen.<\/p>\n<p>\u201cLa Prote\u201d encajaba perfectamente en este esquema. Su funcionamiento reflejaba una concepci\u00f3n de la infancia como objeto de tutela estatal, especialmente cuando proven\u00eda de entornos pobres. La pobreza no era vista como una condici\u00f3n a erradicar, sino como un indicador de riesgo que justificaba la intervenci\u00f3n coercitiva. As\u00ed, el sistema terminaba castigando a quienes pretend\u00eda proteger.<\/p>\n<p>La paradoja es evidente: mientras el discurso oficial hablaba de caridad y asistencia, la pr\u00e1ctica cotidiana se acercaba m\u00e1s a un r\u00e9gimen disciplinario. La beneficencia se ejerc\u00eda con mano dura, y el \u00e9xito del sistema se med\u00eda m\u00e1s por su capacidad de control que por su eficacia en mejorar las condiciones de vida de los menores.<\/p>\n<p>En este contexto, la familia quedaba relegada a un papel secundario. Las instituciones asum\u00edan la autoridad sobre los ni\u00f1os, deslegitimando a los padres, especialmente a aquellos que no cumpl\u00edan con los est\u00e1ndares econ\u00f3micos o morales establecidos. La pobreza se convert\u00eda as\u00ed en un criterio de exclusi\u00f3n, y la intervenci\u00f3n estatal, en una forma de vigilancia.<\/p>\n<p>Las historias personales que emergen de aquel sistema hablan de una infancia atravesada por la soledad y la incertidumbre. Ni\u00f1os que crecieron sin referencias afectivas estables, que aprendieron a desconfiar del entorno y a reprimir sus emociones. Muchos de ellos arrastraron esas heridas durante toda su vida, enfrent\u00e1ndose a dificultades para establecer v\u00ednculos, construir identidades o simplemente recordar sin dolor.<\/p>\n<p>El silencio ha sido uno de los rasgos m\u00e1s persistentes de esta historia. Durante d\u00e9cadas, la experiencia de quienes pasaron por \u201cla Prote\u201d qued\u00f3 relegada al \u00e1mbito privado, sin reconocimiento p\u00fablico ni reparaci\u00f3n. Solo recientemente ha comenzado a emerger una mirada cr\u00edtica que cuestiona el relato oficial y pone el foco en las v\u00edctimas.<\/p>\n<p>Este proceso de revisi\u00f3n hist\u00f3rica no es sencillo. Implica desmontar narrativas consolidadas y reconocer que, bajo la apariencia de protecci\u00f3n, se desarrollaron pr\u00e1cticas profundamente da\u00f1inas. Tambi\u00e9n exige comprender el contexto en el que se produjeron estos hechos, sin que ello suponga justificar sus consecuencias.<\/p>\n<p>La Barcelona actual, con su imagen de ciudad abierta y moderna, convive con estas capas de memoria que todav\u00eda reclaman atenci\u00f3n. Los espacios donde funcionaron estas instituciones forman parte de un paisaje urbano que ha cambiado, pero cuya historia sigue latente. Cada edificio, cada calle, guarda fragmentos de una realidad que durante demasiado tiempo permaneci\u00f3 oculta.<\/p>\n<p>Hablar de \u201cla Prote\u201d es, en \u00faltima instancia, hablar de c\u00f3mo una sociedad trata a sus miembros m\u00e1s vulnerables. Es preguntarse qu\u00e9 significa realmente proteger y hasta qu\u00e9 punto las pol\u00edticas p\u00fablicas pueden convertirse en instrumentos de exclusi\u00f3n si no se basan en el respeto a los derechos y la dignidad de las personas.<\/p>\n<p>El caso de la Protecci\u00f3n de Menores del Bogatell revela las consecuencias de un modelo que prioriz\u00f3 el control sobre el cuidado. Un sistema que, lejos de resolver el problema de la pobreza infantil, contribuy\u00f3 a perpetuar sus efectos mediante la ruptura de los v\u00ednculos familiares y la imposici\u00f3n de una disciplina basada en el miedo.<\/p>\n<p>Hoy, la memoria de aquellos ni\u00f1os interpela al presente. Obliga a revisar las pol\u00edticas de protecci\u00f3n actuales, a cuestionar las pr\u00e1cticas institucionales y a garantizar que nunca m\u00e1s se repitan situaciones similares. Porque la historia de \u201cla Prote\u201d no es solo un episodio del pasado: es una advertencia sobre los riesgos de convertir la vulnerabilidad en motivo de castigo.<\/p>","protected":false},"excerpt":{"rendered":"<p>Un sistema de beneficencia que convirti\u00f3 la pobreza en delito y a miles de ni\u00f1os en rehenes de un modelo represivo<\/p>","protected":false},"author":3,"featured_media":68128,"comment_status":"closed","ping_status":"closed","sticky":false,"template":"","format":"standard","meta":{"footnotes":""},"categories":[562],"tags":[],"class_list":["post-68127","post","type-post","status-publish","format-standard","has-post-thumbnail","hentry","category-historia"],"yoast_head":"<!-- This site is optimized with the Yoast SEO plugin v27.5 - https:\/\/yoast.com\/product\/yoast-seo-wordpress\/ -->\n<title>La infancia bajo llave: la historia silenciada de \u201cla Prote\u201d en la Barcelona de los a\u00f1os 50 - Revista Rambla<\/title>\n<meta name=\"robots\" content=\"index, follow, max-snippet:-1, max-image-preview:large, max-video-preview:-1\" \/>\n<link rel=\"canonical\" href=\"https:\/\/www.revistarambla.com\/en\/la-infancia-bajo-llave-la-historia-silenciada-de-la-prote-en-la-barcelona-de-los-anos-50\/\" \/>\n<meta property=\"og:locale\" content=\"en_GB\" \/>\n<meta property=\"og:type\" content=\"article\" \/>\n<meta property=\"og:title\" content=\"La infancia bajo llave: la historia silenciada de \u201cla Prote\u201d en la Barcelona de los a\u00f1os 50 - Revista Rambla\" \/>\n<meta property=\"og:description\" content=\"Un sistema de beneficencia que convirti\u00f3 la pobreza en delito y a miles de ni\u00f1os en rehenes de un modelo represivo\" \/>\n<meta property=\"og:url\" content=\"https:\/\/www.revistarambla.com\/en\/la-infancia-bajo-llave-la-historia-silenciada-de-la-prote-en-la-barcelona-de-los-anos-50\/\" \/>\n<meta property=\"og:site_name\" content=\"Revista Rambla\" \/>\n<meta property=\"article:publisher\" content=\"https:\/\/www.facebook.com\/revistarambla\/\" \/>\n<meta property=\"article:author\" content=\"https:\/\/www.facebook.com\/revistarambla\" \/>\n<meta property=\"article:published_time\" content=\"2026-04-29T16:26:49+00:00\" \/>\n<meta property=\"og:image\" content=\"https:\/\/www.revistarambla.com\/wp-content\/uploads\/2026\/04\/671187688_1515617310570610_7296009690398520589_n.jpg\" \/>\n\t<meta property=\"og:image:width\" content=\"1162\" \/>\n\t<meta property=\"og:image:height\" content=\"822\" \/>\n\t<meta property=\"og:image:type\" content=\"image\/jpeg\" \/>\n<meta name=\"author\" content=\"R@mbla\" \/>\n<meta name=\"twitter:card\" content=\"summary_large_image\" \/>\n<meta name=\"twitter:creator\" content=\"@revistarambla\" \/>\n<meta name=\"twitter:site\" content=\"@revistarambla\" \/>\n<meta name=\"twitter:label1\" content=\"Written by\" \/>\n\t<meta name=\"twitter:data1\" content=\"R@mbla\" \/>\n\t<meta name=\"twitter:label2\" content=\"Estimated reading time\" \/>\n\t<meta name=\"twitter:data2\" content=\"6 minutes\" \/>\n<script type=\"application\/ld+json\" class=\"yoast-schema-graph\">{\"@context\":\"https:\\\/\\\/schema.org\",\"@graph\":[{\"@type\":\"Article\",\"@id\":\"https:\\\/\\\/www.revistarambla.com\\\/la-infancia-bajo-llave-la-historia-silenciada-de-la-prote-en-la-barcelona-de-los-anos-50\\\/#article\",\"isPartOf\":{\"@id\":\"https:\\\/\\\/www.revistarambla.com\\\/la-infancia-bajo-llave-la-historia-silenciada-de-la-prote-en-la-barcelona-de-los-anos-50\\\/\"},\"author\":{\"name\":\"R@mbla\",\"@id\":\"https:\\\/\\\/www.revistarambla.com\\\/#\\\/schema\\\/person\\\/a146a5a2550b94981a75131180e1bd9c\"},\"headline\":\"La infancia bajo llave: la historia silenciada de \u201cla Prote\u201d en la Barcelona de los a\u00f1os 50\",\"datePublished\":\"2026-04-29T16:26:49+00:00\",\"mainEntityOfPage\":{\"@id\":\"https:\\\/\\\/www.revistarambla.com\\\/la-infancia-bajo-llave-la-historia-silenciada-de-la-prote-en-la-barcelona-de-los-anos-50\\\/\"},\"wordCount\":1216,\"publisher\":{\"@id\":\"https:\\\/\\\/www.revistarambla.com\\\/#organization\"},\"image\":{\"@id\":\"https:\\\/\\\/www.revistarambla.com\\\/la-infancia-bajo-llave-la-historia-silenciada-de-la-prote-en-la-barcelona-de-los-anos-50\\\/#primaryimage\"},\"thumbnailUrl\":\"https:\\\/\\\/www.revistarambla.com\\\/wp-content\\\/uploads\\\/2026\\\/04\\\/671187688_1515617310570610_7296009690398520589_n.jpg\",\"articleSection\":[\"Historia\"],\"inLanguage\":\"en-GB\"},{\"@type\":\"WebPage\",\"@id\":\"https:\\\/\\\/www.revistarambla.com\\\/la-infancia-bajo-llave-la-historia-silenciada-de-la-prote-en-la-barcelona-de-los-anos-50\\\/\",\"url\":\"https:\\\/\\\/www.revistarambla.com\\\/la-infancia-bajo-llave-la-historia-silenciada-de-la-prote-en-la-barcelona-de-los-anos-50\\\/\",\"name\":\"La infancia bajo llave: la historia silenciada de \u201cla Prote\u201d en la Barcelona de los a\u00f1os 50 - Revista Rambla\",\"isPartOf\":{\"@id\":\"https:\\\/\\\/www.revistarambla.com\\\/#website\"},\"primaryImageOfPage\":{\"@id\":\"https:\\\/\\\/www.revistarambla.com\\\/la-infancia-bajo-llave-la-historia-silenciada-de-la-prote-en-la-barcelona-de-los-anos-50\\\/#primaryimage\"},\"image\":{\"@id\":\"https:\\\/\\\/www.revistarambla.com\\\/la-infancia-bajo-llave-la-historia-silenciada-de-la-prote-en-la-barcelona-de-los-anos-50\\\/#primaryimage\"},\"thumbnailUrl\":\"https:\\\/\\\/www.revistarambla.com\\\/wp-content\\\/uploads\\\/2026\\\/04\\\/671187688_1515617310570610_7296009690398520589_n.jpg\",\"datePublished\":\"2026-04-29T16:26:49+00:00\",\"breadcrumb\":{\"@id\":\"https:\\\/\\\/www.revistarambla.com\\\/la-infancia-bajo-llave-la-historia-silenciada-de-la-prote-en-la-barcelona-de-los-anos-50\\\/#breadcrumb\"},\"inLanguage\":\"en-GB\",\"potentialAction\":[{\"@type\":\"ReadAction\",\"target\":[\"https:\\\/\\\/www.revistarambla.com\\\/la-infancia-bajo-llave-la-historia-silenciada-de-la-prote-en-la-barcelona-de-los-anos-50\\\/\"]}]},{\"@type\":\"ImageObject\",\"inLanguage\":\"en-GB\",\"@id\":\"https:\\\/\\\/www.revistarambla.com\\\/la-infancia-bajo-llave-la-historia-silenciada-de-la-prote-en-la-barcelona-de-los-anos-50\\\/#primaryimage\",\"url\":\"https:\\\/\\\/www.revistarambla.com\\\/wp-content\\\/uploads\\\/2026\\\/04\\\/671187688_1515617310570610_7296009690398520589_n.jpg\",\"contentUrl\":\"https:\\\/\\\/www.revistarambla.com\\\/wp-content\\\/uploads\\\/2026\\\/04\\\/671187688_1515617310570610_7296009690398520589_n.jpg\",\"width\":1162,\"height\":822,\"caption\":\"historia de la Protecci\u00f3n de Menores en Barcelona a\u00f1os 50\"},{\"@type\":\"BreadcrumbList\",\"@id\":\"https:\\\/\\\/www.revistarambla.com\\\/la-infancia-bajo-llave-la-historia-silenciada-de-la-prote-en-la-barcelona-de-los-anos-50\\\/#breadcrumb\",\"itemListElement\":[{\"@type\":\"ListItem\",\"position\":1,\"name\":\"Portada\",\"item\":\"https:\\\/\\\/www.revistarambla.com\\\/\"},{\"@type\":\"ListItem\",\"position\":2,\"name\":\"La infancia bajo llave: la historia silenciada de \u201cla Prote\u201d en la Barcelona de los a\u00f1os 50\"}]},{\"@type\":\"WebSite\",\"@id\":\"https:\\\/\\\/www.revistarambla.com\\\/#website\",\"url\":\"https:\\\/\\\/www.revistarambla.com\\\/\",\"name\":\"Revista Rambla Barcelona\",\"description\":\"Periodismo independiente\",\"publisher\":{\"@id\":\"https:\\\/\\\/www.revistarambla.com\\\/#organization\"},\"potentialAction\":[{\"@type\":\"SearchAction\",\"target\":{\"@type\":\"EntryPoint\",\"urlTemplate\":\"https:\\\/\\\/www.revistarambla.com\\\/?s={search_term_string}\"},\"query-input\":{\"@type\":\"PropertyValueSpecification\",\"valueRequired\":true,\"valueName\":\"search_term_string\"}}],\"inLanguage\":\"en-GB\"},{\"@type\":\"Organization\",\"@id\":\"https:\\\/\\\/www.revistarambla.com\\\/#organization\",\"name\":\"Revista Rambla\",\"url\":\"https:\\\/\\\/www.revistarambla.com\\\/\",\"logo\":{\"@type\":\"ImageObject\",\"inLanguage\":\"en-GB\",\"@id\":\"https:\\\/\\\/www.revistarambla.com\\\/#\\\/schema\\\/logo\\\/image\\\/\",\"url\":\"https:\\\/\\\/www.revistarambla.com\\\/wp-content\\\/uploads\\\/2020\\\/09\\\/banner_rambla_1900x600_BB.png\",\"contentUrl\":\"https:\\\/\\\/www.revistarambla.com\\\/wp-content\\\/uploads\\\/2020\\\/09\\\/banner_rambla_1900x600_BB.png\",\"width\":1900,\"height\":600,\"caption\":\"Revista Rambla\"},\"image\":{\"@id\":\"https:\\\/\\\/www.revistarambla.com\\\/#\\\/schema\\\/logo\\\/image\\\/\"},\"sameAs\":[\"https:\\\/\\\/www.facebook.com\\\/revistarambla\\\/\",\"https:\\\/\\\/x.com\\\/revistarambla\",\"https:\\\/\\\/www.instagram.com\\\/revista_rambla\",\"https:\\\/\\\/es.linkedin.com\\\/company\\\/revista-rambla\"]},{\"@type\":\"Person\",\"@id\":\"https:\\\/\\\/www.revistarambla.com\\\/#\\\/schema\\\/person\\\/a146a5a2550b94981a75131180e1bd9c\",\"name\":\"R@mbla\",\"description\":\"Este art\u00edculo ha sido redactado y\\\/o validado por el equipo de redacci\u00f3n de Revista Rambla.\",\"sameAs\":[\"https:\\\/\\\/www.revistarambla.com\\\/\",\"https:\\\/\\\/www.facebook.com\\\/revistarambla\",\"https:\\\/\\\/x.com\\\/revistarambla\"]}]}<\/script>\n<!-- \/ Yoast SEO plugin. -->","yoast_head_json":{"title":"La infancia bajo llave: la historia silenciada de \u201cla Prote\u201d en la Barcelona de los a\u00f1os 50 - Revista Rambla","robots":{"index":"index","follow":"follow","max-snippet":"max-snippet:-1","max-image-preview":"max-image-preview:large","max-video-preview":"max-video-preview:-1"},"canonical":"https:\/\/www.revistarambla.com\/en\/la-infancia-bajo-llave-la-historia-silenciada-de-la-prote-en-la-barcelona-de-los-anos-50\/","og_locale":"en_GB","og_type":"article","og_title":"La infancia bajo llave: la historia silenciada de \u201cla Prote\u201d en la Barcelona de los a\u00f1os 50 - Revista Rambla","og_description":"Un sistema de beneficencia que convirti\u00f3 la pobreza en delito y a miles de ni\u00f1os en rehenes de un modelo represivo","og_url":"https:\/\/www.revistarambla.com\/en\/la-infancia-bajo-llave-la-historia-silenciada-de-la-prote-en-la-barcelona-de-los-anos-50\/","og_site_name":"Revista Rambla","article_publisher":"https:\/\/www.facebook.com\/revistarambla\/","article_author":"https:\/\/www.facebook.com\/revistarambla","article_published_time":"2026-04-29T16:26:49+00:00","og_image":[{"width":1162,"height":822,"url":"https:\/\/www.revistarambla.com\/wp-content\/uploads\/2026\/04\/671187688_1515617310570610_7296009690398520589_n.jpg","type":"image\/jpeg"}],"author":"R@mbla","twitter_card":"summary_large_image","twitter_creator":"@revistarambla","twitter_site":"@revistarambla","twitter_misc":{"Written by":"R@mbla","Estimated reading time":"6 minutes"},"schema":{"@context":"https:\/\/schema.org","@graph":[{"@type":"Article","@id":"https:\/\/www.revistarambla.com\/la-infancia-bajo-llave-la-historia-silenciada-de-la-prote-en-la-barcelona-de-los-anos-50\/#article","isPartOf":{"@id":"https:\/\/www.revistarambla.com\/la-infancia-bajo-llave-la-historia-silenciada-de-la-prote-en-la-barcelona-de-los-anos-50\/"},"author":{"name":"R@mbla","@id":"https:\/\/www.revistarambla.com\/#\/schema\/person\/a146a5a2550b94981a75131180e1bd9c"},"headline":"La infancia bajo llave: la historia silenciada de \u201cla Prote\u201d en la Barcelona de los a\u00f1os 50","datePublished":"2026-04-29T16:26:49+00:00","mainEntityOfPage":{"@id":"https:\/\/www.revistarambla.com\/la-infancia-bajo-llave-la-historia-silenciada-de-la-prote-en-la-barcelona-de-los-anos-50\/"},"wordCount":1216,"publisher":{"@id":"https:\/\/www.revistarambla.com\/#organization"},"image":{"@id":"https:\/\/www.revistarambla.com\/la-infancia-bajo-llave-la-historia-silenciada-de-la-prote-en-la-barcelona-de-los-anos-50\/#primaryimage"},"thumbnailUrl":"https:\/\/www.revistarambla.com\/wp-content\/uploads\/2026\/04\/671187688_1515617310570610_7296009690398520589_n.jpg","articleSection":["Historia"],"inLanguage":"en-GB"},{"@type":"WebPage","@id":"https:\/\/www.revistarambla.com\/la-infancia-bajo-llave-la-historia-silenciada-de-la-prote-en-la-barcelona-de-los-anos-50\/","url":"https:\/\/www.revistarambla.com\/la-infancia-bajo-llave-la-historia-silenciada-de-la-prote-en-la-barcelona-de-los-anos-50\/","name":"La infancia bajo llave: la historia silenciada de \u201cla Prote\u201d en la Barcelona de los a\u00f1os 50 - Revista Rambla","isPartOf":{"@id":"https:\/\/www.revistarambla.com\/#website"},"primaryImageOfPage":{"@id":"https:\/\/www.revistarambla.com\/la-infancia-bajo-llave-la-historia-silenciada-de-la-prote-en-la-barcelona-de-los-anos-50\/#primaryimage"},"image":{"@id":"https:\/\/www.revistarambla.com\/la-infancia-bajo-llave-la-historia-silenciada-de-la-prote-en-la-barcelona-de-los-anos-50\/#primaryimage"},"thumbnailUrl":"https:\/\/www.revistarambla.com\/wp-content\/uploads\/2026\/04\/671187688_1515617310570610_7296009690398520589_n.jpg","datePublished":"2026-04-29T16:26:49+00:00","breadcrumb":{"@id":"https:\/\/www.revistarambla.com\/la-infancia-bajo-llave-la-historia-silenciada-de-la-prote-en-la-barcelona-de-los-anos-50\/#breadcrumb"},"inLanguage":"en-GB","potentialAction":[{"@type":"ReadAction","target":["https:\/\/www.revistarambla.com\/la-infancia-bajo-llave-la-historia-silenciada-de-la-prote-en-la-barcelona-de-los-anos-50\/"]}]},{"@type":"ImageObject","inLanguage":"en-GB","@id":"https:\/\/www.revistarambla.com\/la-infancia-bajo-llave-la-historia-silenciada-de-la-prote-en-la-barcelona-de-los-anos-50\/#primaryimage","url":"https:\/\/www.revistarambla.com\/wp-content\/uploads\/2026\/04\/671187688_1515617310570610_7296009690398520589_n.jpg","contentUrl":"https:\/\/www.revistarambla.com\/wp-content\/uploads\/2026\/04\/671187688_1515617310570610_7296009690398520589_n.jpg","width":1162,"height":822,"caption":"historia de la Protecci\u00f3n de Menores en Barcelona a\u00f1os 50"},{"@type":"BreadcrumbList","@id":"https:\/\/www.revistarambla.com\/la-infancia-bajo-llave-la-historia-silenciada-de-la-prote-en-la-barcelona-de-los-anos-50\/#breadcrumb","itemListElement":[{"@type":"ListItem","position":1,"name":"Portada","item":"https:\/\/www.revistarambla.com\/"},{"@type":"ListItem","position":2,"name":"La infancia bajo llave: la historia silenciada de \u201cla Prote\u201d en la Barcelona de los a\u00f1os 50"}]},{"@type":"WebSite","@id":"https:\/\/www.revistarambla.com\/#website","url":"https:\/\/www.revistarambla.com\/","name":"Revista Rambla Barcelona","description":"Periodismo independiente","publisher":{"@id":"https:\/\/www.revistarambla.com\/#organization"},"potentialAction":[{"@type":"SearchAction","target":{"@type":"EntryPoint","urlTemplate":"https:\/\/www.revistarambla.com\/?s={search_term_string}"},"query-input":{"@type":"PropertyValueSpecification","valueRequired":true,"valueName":"search_term_string"}}],"inLanguage":"en-GB"},{"@type":"Organization","@id":"https:\/\/www.revistarambla.com\/#organization","name":"Revista Rambla","url":"https:\/\/www.revistarambla.com\/","logo":{"@type":"ImageObject","inLanguage":"en-GB","@id":"https:\/\/www.revistarambla.com\/#\/schema\/logo\/image\/","url":"https:\/\/www.revistarambla.com\/wp-content\/uploads\/2020\/09\/banner_rambla_1900x600_BB.png","contentUrl":"https:\/\/www.revistarambla.com\/wp-content\/uploads\/2020\/09\/banner_rambla_1900x600_BB.png","width":1900,"height":600,"caption":"Revista Rambla"},"image":{"@id":"https:\/\/www.revistarambla.com\/#\/schema\/logo\/image\/"},"sameAs":["https:\/\/www.facebook.com\/revistarambla\/","https:\/\/x.com\/revistarambla","https:\/\/www.instagram.com\/revista_rambla","https:\/\/es.linkedin.com\/company\/revista-rambla"]},{"@type":"Person","@id":"https:\/\/www.revistarambla.com\/#\/schema\/person\/a146a5a2550b94981a75131180e1bd9c","name":"R@mbla","description":"Este art\u00edculo ha sido redactado y\/o validado por el equipo de redacci\u00f3n de Revista Rambla.","sameAs":["https:\/\/www.revistarambla.com\/","https:\/\/www.facebook.com\/revistarambla","https:\/\/x.com\/revistarambla"]}]}},"_links":{"self":[{"href":"https:\/\/www.revistarambla.com\/en\/wp-json\/wp\/v2\/posts\/68127","targetHints":{"allow":["GET"]}}],"collection":[{"href":"https:\/\/www.revistarambla.com\/en\/wp-json\/wp\/v2\/posts"}],"about":[{"href":"https:\/\/www.revistarambla.com\/en\/wp-json\/wp\/v2\/types\/post"}],"author":[{"embeddable":true,"href":"https:\/\/www.revistarambla.com\/en\/wp-json\/wp\/v2\/users\/3"}],"replies":[{"embeddable":true,"href":"https:\/\/www.revistarambla.com\/en\/wp-json\/wp\/v2\/comments?post=68127"}],"version-history":[{"count":1,"href":"https:\/\/www.revistarambla.com\/en\/wp-json\/wp\/v2\/posts\/68127\/revisions"}],"predecessor-version":[{"id":68129,"href":"https:\/\/www.revistarambla.com\/en\/wp-json\/wp\/v2\/posts\/68127\/revisions\/68129"}],"wp:featuredmedia":[{"embeddable":true,"href":"https:\/\/www.revistarambla.com\/en\/wp-json\/wp\/v2\/media\/68128"}],"wp:attachment":[{"href":"https:\/\/www.revistarambla.com\/en\/wp-json\/wp\/v2\/media?parent=68127"}],"wp:term":[{"taxonomy":"category","embeddable":true,"href":"https:\/\/www.revistarambla.com\/en\/wp-json\/wp\/v2\/categories?post=68127"},{"taxonomy":"post_tag","embeddable":true,"href":"https:\/\/www.revistarambla.com\/en\/wp-json\/wp\/v2\/tags?post=68127"}],"curies":[{"name":"wp","href":"https:\/\/api.w.org\/{rel}","templated":true}]}}