{"id":68125,"date":"2026-04-29T18:21:51","date_gmt":"2026-04-29T16:21:51","guid":{"rendered":"https:\/\/www.revistarambla.com\/?p=68125"},"modified":"2026-04-29T18:21:51","modified_gmt":"2026-04-29T16:21:51","slug":"funeral-de-estado-para-jordi-pujol","status":"publish","type":"post","link":"https:\/\/www.revistarambla.com\/en\/funeral-de-estado-para-jordi-pujol\/","title":{"rendered":"Funeral de Estado para Jordi Pujol"},"content":{"rendered":"<p>La pol\u00edtica no solo administra el presente; tambi\u00e9n construye el relato del pasado. <!--more-->Y en ese territorio, donde los s\u00edmbolos pesan tanto como los hechos, pocas decisiones resultan tan elocuentes \u2014y a la vez tan problem\u00e1ticas\u2014 como la de conceder honores de Estado a una figura cuya biograf\u00eda se encuentra atravesada por claroscuros. El acuerdo del presidente catal\u00e1n Salvador Illa con la familia de Jordi Pujol para organizar un funeral de Estado tras su fallecimiento, en pleno contexto de causas judiciales por corrupci\u00f3n que afectan al exmandatario y a su entorno familiar, no es \u00fanicamente una decisi\u00f3n protocolaria: es, sobre todo, un gesto pol\u00edtico cargado de implicaciones \u00e9ticas, hist\u00f3ricas y culturales.<\/p>\n<p>Porque no hablamos de un personaje cualquiera. Jordi Pujol fue durante m\u00e1s de dos d\u00e9cadas \u2014entre 1980 y 2003\u2014 el arquitecto de la Catalu\u00f1a auton\u00f3mica contempor\u00e1nea, una figura central en la consolidaci\u00f3n del autogobierno tras la Transici\u00f3n. Su legado pol\u00edtico, durante a\u00f1os, se present\u00f3 como sin\u00f3nimo de estabilidad, pragmatismo y construcci\u00f3n institucional. Pero ese mismo legado qued\u00f3 profundamente erosionado cuando, en 2014, confes\u00f3 que su familia hab\u00eda mantenido durante d\u00e9cadas dinero oculto en Andorra, abriendo la puerta a una de las investigaciones por corrupci\u00f3n m\u00e1s relevantes de la historia reciente espa\u00f1ola.<\/p>\n<p>Hoy, mientras la Audiencia Nacional ha llegado incluso a exonerarlo del juicio por su deterioro cognitivo \u2014sin que ello suponga una absoluci\u00f3n\u2014, el caso Pujol sigue proyectando una larga sombra sobre su figura p\u00fablica.\u00a0Y es precisamente en ese contexto donde la decisi\u00f3n de rendirle honores de Estado adquiere un significado que trasciende lo ceremonial. No se trata de si un expresidente merece reconocimiento institucional por su trayectoria, sino de qu\u00e9 tipo de memoria colectiva estamos dispuestos a construir.<\/p>\n<p>La tensi\u00f3n es evidente: \u00bfpuede una democracia homenajear con solemnidad a quien simboliza, al mismo tiempo, una etapa fundacional y una de las mayores crisis de credibilidad institucional? \u00bfPuede el Estado \u2014o una comunidad aut\u00f3noma\u2014 separar de forma n\u00edtida la obra pol\u00edtica de las responsabilidades \u00e9ticas y judiciales de quien la encarn\u00f3? Estas preguntas no tienen respuestas simples, pero ignorarlas equivale a banalizar el sentido mismo de los homenajes p\u00fablicos.<\/p>\n<p>El argumento a favor del funeral de Estado suele apoyarse en la dimensi\u00f3n hist\u00f3rica de Pujol. Sus defensores subrayan su papel en la articulaci\u00f3n del autogobierno catal\u00e1n, su influencia en la pol\u00edtica espa\u00f1ola y su capacidad para integrar sensibilidades diversas en un proyecto com\u00fan. Desde esta perspectiva, el homenaje no ser\u00eda tanto a la persona como a la instituci\u00f3n que represent\u00f3 y al periodo hist\u00f3rico que contribuy\u00f3 a consolidar.<\/p>\n<p>Sin embargo, esta interpretaci\u00f3n corre el riesgo de incurrir en una peligrosa simplificaci\u00f3n: la de disociar artificialmente la trayectoria pol\u00edtica de las pr\u00e1cticas que la sustentaron. Porque las acusaciones que pesan sobre el entorno de Pujol \u2014organizaci\u00f3n criminal, blanqueo de capitales, evasi\u00f3n fiscal\u2014 no son un elemento accesorio de su biograf\u00eda, sino una parte central del relato que hoy define su legado.<\/p>\n<p>El problema, en el fondo, no es jur\u00eddico, sino moral. Un funeral de Estado no es un acto neutro; es una forma de consagraci\u00f3n simb\u00f3lica. Es el Estado \u2014o, en este caso, la Generalitat\u2014 afirmando que esa figura merece ser recordada con los m\u00e1ximos honores. Y esa afirmaci\u00f3n, inevitablemente, env\u00eda un mensaje a la ciudadan\u00eda: sobre qu\u00e9 valores se premian, sobre qu\u00e9 conductas se toleran, sobre qu\u00e9 contradicciones se aceptan.<\/p>\n<p>En este sentido, la decisi\u00f3n de Illa parece inscribirse en una l\u00f3gica pol\u00edtica m\u00e1s amplia, donde los gestos simb\u00f3licos se utilizan como herramientas de conciliaci\u00f3n o de estrategia. No es casual que el acuerdo se haya alcanzado en un contexto de competencia por el electorado nacionalista, ni que algunos sectores interpreten este movimiento como un intento de conectar con una parte de la sociedad catalana que a\u00fan reivindica la figura de Pujol.<\/p>\n<p>Pero la pol\u00edtica simb\u00f3lica tiene un coste. Y ese coste se mide en t\u00e9rminos de confianza institucional. En un momento en que la corrupci\u00f3n sigue siendo una de las principales preocupaciones de la ciudadan\u00eda, la decisi\u00f3n de homenajear a una figura asociada a pr\u00e1cticas corruptas \u2014aunque no exista una sentencia firme\u2014 puede percibirse como una se\u00f1al de indulgencia o, peor a\u00fan, de indiferencia.<\/p>\n<p>Hay, adem\u00e1s, un elemento generacional que no conviene ignorar. Para quienes vivieron la Transici\u00f3n y los primeros a\u00f1os de la autonom\u00eda, Pujol representa una etapa de construcci\u00f3n y estabilidad. Para las generaciones m\u00e1s j\u00f3venes, en cambio, su nombre est\u00e1 indisolublemente ligado al esc\u00e1ndalo, a la opacidad y a la sensaci\u00f3n de que las \u00e9lites pol\u00edticas operaban bajo reglas distintas a las del resto de la sociedad. La concesi\u00f3n de un funeral de Estado, en este contexto, puede agrandar esa brecha en la percepci\u00f3n de la historia.<\/p>\n<p>No se trata de negar la complejidad de las figuras hist\u00f3ricas. La pol\u00edtica est\u00e1 llena de biograf\u00edas contradictorias, de l\u00edderes que hicieron contribuciones significativas mientras incurr\u00edan en pr\u00e1cticas cuestionables. Pero precisamente por eso, la forma en que las instituciones gestionan esa complejidad es crucial. Un homenaje sin matices corre el riesgo de convertirse en una forma de blanqueamiento; una condena sin reconocimiento, en una simplificaci\u00f3n injusta.<\/p>\n<p>Quiz\u00e1 la cuesti\u00f3n no sea si Pujol merece o no un funeral de Estado, sino qu\u00e9 tipo de relato acompa\u00f1ar\u00e1 a ese funeral. Si ser\u00e1 un acto de exaltaci\u00f3n acr\u00edtica o una oportunidad para reflexionar sobre las luces y sombras de una \u00e9poca. Si servir\u00e1 para reafirmar los valores democr\u00e1ticos o para diluirlos en una ambig\u00fcedad c\u00f3moda.<\/p>\n<p>La historia, al fin y al cabo, no es un tribunal, pero tampoco es un refugio para la amnesia selectiva. Las sociedades maduras no eligen entre recordar o olvidar, sino que aprenden a recordar de manera compleja, asumiendo las contradicciones de su pasado sin convertirlas en coartadas.<\/p>\n<p>En este sentido, el caso de Pujol plantea una pregunta inc\u00f3moda pero necesaria: \u00bfqu\u00e9 significa realmente rendir honores de Estado en una democracia contempor\u00e1nea? \u00bfEs un reconocimiento autom\u00e1tico a quienes han ocupado determinadas posiciones, o un juicio impl\u00edcito sobre el conjunto de su trayectoria? \u00bfDebe el Estado limitarse a protocolizar la memoria o tiene la responsabilidad de interpretarla?<\/p>\n<p>No hay respuestas definitivas, pero s\u00ed hay riesgos evidentes. El principal es el de trivializar los est\u00e1ndares \u00e9ticos en nombre de la tradici\u00f3n o de la conveniencia pol\u00edtica. El de transmitir la idea de que los m\u00e9ritos institucionales pueden compensar \u2014o al menos eclipsar\u2014 las responsabilidades morales. El de consolidar una cultura pol\u00edtica donde la rendici\u00f3n de cuentas queda subordinada al relato.<\/p>\n<p>El funeral de Estado, en definitiva, no ser\u00e1 solo un acto sobre el pasado, sino una declaraci\u00f3n sobre el presente. Sobre qu\u00e9 tipo de democracia queremos ser. Sobre qu\u00e9 valores estamos dispuestos a defender, incluso cuando resultan inc\u00f3modos.<\/p>\n<p>Porque en la pol\u00edtica, como en la vida, la forma en que despedimos a nuestros referentes dice tanto de ellos como de nosotros mismos.<\/p>","protected":false},"excerpt":{"rendered":"<p>Cuando el homenaje institucional se convierte en una encrucijada moral para la democracia<\/p>","protected":false},"author":3,"featured_media":5966,"comment_status":"closed","ping_status":"closed","sticky":false,"template":"","format":"standard","meta":{"footnotes":""},"categories":[1277],"tags":[],"class_list":["post-68125","post","type-post","status-publish","format-standard","has-post-thumbnail","hentry","category-portada"],"yoast_head":"<!-- This site is optimized with the Yoast SEO plugin v27.5 - https:\/\/yoast.com\/product\/yoast-seo-wordpress\/ -->\n<title>Funeral de Estado para Jordi Pujol - Revista Rambla<\/title>\n<meta name=\"robots\" content=\"index, follow, max-snippet:-1, max-image-preview:large, max-video-preview:-1\" \/>\n<link rel=\"canonical\" href=\"https:\/\/www.revistarambla.com\/en\/funeral-de-estado-para-jordi-pujol\/\" \/>\n<meta property=\"og:locale\" content=\"en_GB\" \/>\n<meta property=\"og:type\" content=\"article\" \/>\n<meta property=\"og:title\" content=\"Funeral de Estado para Jordi Pujol - Revista Rambla\" \/>\n<meta property=\"og:description\" content=\"Cuando el homenaje institucional se convierte en una encrucijada moral para la democracia\" \/>\n<meta property=\"og:url\" content=\"https:\/\/www.revistarambla.com\/en\/funeral-de-estado-para-jordi-pujol\/\" \/>\n<meta property=\"og:site_name\" content=\"Revista Rambla\" \/>\n<meta property=\"article:publisher\" content=\"https:\/\/www.facebook.com\/revistarambla\/\" \/>\n<meta property=\"article:author\" content=\"https:\/\/www.facebook.com\/revistarambla\" \/>\n<meta property=\"article:published_time\" content=\"2026-04-29T16:21:51+00:00\" \/>\n<meta property=\"og:image\" content=\"https:\/\/www.revistarambla.com\/wp-content\/uploads\/2014\/09\/pujol_02.jpg\" \/>\n\t<meta property=\"og:image:width\" content=\"700\" \/>\n\t<meta property=\"og:image:height\" content=\"394\" \/>\n\t<meta property=\"og:image:type\" content=\"image\/jpeg\" \/>\n<meta name=\"author\" content=\"R@mbla\" \/>\n<meta name=\"twitter:card\" content=\"summary_large_image\" \/>\n<meta name=\"twitter:creator\" content=\"@revistarambla\" \/>\n<meta name=\"twitter:site\" content=\"@revistarambla\" \/>\n<meta name=\"twitter:label1\" content=\"Written by\" \/>\n\t<meta name=\"twitter:data1\" content=\"R@mbla\" \/>\n\t<meta name=\"twitter:label2\" content=\"Estimated reading time\" \/>\n\t<meta name=\"twitter:data2\" content=\"6 minutes\" \/>\n<script type=\"application\/ld+json\" class=\"yoast-schema-graph\">{\"@context\":\"https:\\\/\\\/schema.org\",\"@graph\":[{\"@type\":\"Article\",\"@id\":\"https:\\\/\\\/www.revistarambla.com\\\/funeral-de-estado-para-jordi-pujol\\\/#article\",\"isPartOf\":{\"@id\":\"https:\\\/\\\/www.revistarambla.com\\\/funeral-de-estado-para-jordi-pujol\\\/\"},\"author\":{\"name\":\"R@mbla\",\"@id\":\"https:\\\/\\\/www.revistarambla.com\\\/#\\\/schema\\\/person\\\/a146a5a2550b94981a75131180e1bd9c\"},\"headline\":\"Funeral de Estado para Jordi Pujol\",\"datePublished\":\"2026-04-29T16:21:51+00:00\",\"mainEntityOfPage\":{\"@id\":\"https:\\\/\\\/www.revistarambla.com\\\/funeral-de-estado-para-jordi-pujol\\\/\"},\"wordCount\":1241,\"publisher\":{\"@id\":\"https:\\\/\\\/www.revistarambla.com\\\/#organization\"},\"image\":{\"@id\":\"https:\\\/\\\/www.revistarambla.com\\\/funeral-de-estado-para-jordi-pujol\\\/#primaryimage\"},\"thumbnailUrl\":\"https:\\\/\\\/www.revistarambla.com\\\/wp-content\\\/uploads\\\/2014\\\/09\\\/pujol_02.jpg\",\"articleSection\":[\"Portada\"],\"inLanguage\":\"en-GB\"},{\"@type\":\"WebPage\",\"@id\":\"https:\\\/\\\/www.revistarambla.com\\\/funeral-de-estado-para-jordi-pujol\\\/\",\"url\":\"https:\\\/\\\/www.revistarambla.com\\\/funeral-de-estado-para-jordi-pujol\\\/\",\"name\":\"Funeral de Estado para Jordi Pujol - Revista Rambla\",\"isPartOf\":{\"@id\":\"https:\\\/\\\/www.revistarambla.com\\\/#website\"},\"primaryImageOfPage\":{\"@id\":\"https:\\\/\\\/www.revistarambla.com\\\/funeral-de-estado-para-jordi-pujol\\\/#primaryimage\"},\"image\":{\"@id\":\"https:\\\/\\\/www.revistarambla.com\\\/funeral-de-estado-para-jordi-pujol\\\/#primaryimage\"},\"thumbnailUrl\":\"https:\\\/\\\/www.revistarambla.com\\\/wp-content\\\/uploads\\\/2014\\\/09\\\/pujol_02.jpg\",\"datePublished\":\"2026-04-29T16:21:51+00:00\",\"breadcrumb\":{\"@id\":\"https:\\\/\\\/www.revistarambla.com\\\/funeral-de-estado-para-jordi-pujol\\\/#breadcrumb\"},\"inLanguage\":\"en-GB\",\"potentialAction\":[{\"@type\":\"ReadAction\",\"target\":[\"https:\\\/\\\/www.revistarambla.com\\\/funeral-de-estado-para-jordi-pujol\\\/\"]}]},{\"@type\":\"ImageObject\",\"inLanguage\":\"en-GB\",\"@id\":\"https:\\\/\\\/www.revistarambla.com\\\/funeral-de-estado-para-jordi-pujol\\\/#primaryimage\",\"url\":\"https:\\\/\\\/www.revistarambla.com\\\/wp-content\\\/uploads\\\/2014\\\/09\\\/pujol_02.jpg\",\"contentUrl\":\"https:\\\/\\\/www.revistarambla.com\\\/wp-content\\\/uploads\\\/2014\\\/09\\\/pujol_02.jpg\",\"width\":700,\"height\":394,\"caption\":\"funeral de Estado Jordi Pujol pol\u00e9mica corrupci\u00f3n\"},{\"@type\":\"BreadcrumbList\",\"@id\":\"https:\\\/\\\/www.revistarambla.com\\\/funeral-de-estado-para-jordi-pujol\\\/#breadcrumb\",\"itemListElement\":[{\"@type\":\"ListItem\",\"position\":1,\"name\":\"Portada\",\"item\":\"https:\\\/\\\/www.revistarambla.com\\\/\"},{\"@type\":\"ListItem\",\"position\":2,\"name\":\"Funeral de Estado para Jordi Pujol\"}]},{\"@type\":\"WebSite\",\"@id\":\"https:\\\/\\\/www.revistarambla.com\\\/#website\",\"url\":\"https:\\\/\\\/www.revistarambla.com\\\/\",\"name\":\"Revista Rambla Barcelona\",\"description\":\"Periodismo independiente\",\"publisher\":{\"@id\":\"https:\\\/\\\/www.revistarambla.com\\\/#organization\"},\"potentialAction\":[{\"@type\":\"SearchAction\",\"target\":{\"@type\":\"EntryPoint\",\"urlTemplate\":\"https:\\\/\\\/www.revistarambla.com\\\/?s={search_term_string}\"},\"query-input\":{\"@type\":\"PropertyValueSpecification\",\"valueRequired\":true,\"valueName\":\"search_term_string\"}}],\"inLanguage\":\"en-GB\"},{\"@type\":\"Organization\",\"@id\":\"https:\\\/\\\/www.revistarambla.com\\\/#organization\",\"name\":\"Revista Rambla\",\"url\":\"https:\\\/\\\/www.revistarambla.com\\\/\",\"logo\":{\"@type\":\"ImageObject\",\"inLanguage\":\"en-GB\",\"@id\":\"https:\\\/\\\/www.revistarambla.com\\\/#\\\/schema\\\/logo\\\/image\\\/\",\"url\":\"https:\\\/\\\/www.revistarambla.com\\\/wp-content\\\/uploads\\\/2020\\\/09\\\/banner_rambla_1900x600_BB.png\",\"contentUrl\":\"https:\\\/\\\/www.revistarambla.com\\\/wp-content\\\/uploads\\\/2020\\\/09\\\/banner_rambla_1900x600_BB.png\",\"width\":1900,\"height\":600,\"caption\":\"Revista Rambla\"},\"image\":{\"@id\":\"https:\\\/\\\/www.revistarambla.com\\\/#\\\/schema\\\/logo\\\/image\\\/\"},\"sameAs\":[\"https:\\\/\\\/www.facebook.com\\\/revistarambla\\\/\",\"https:\\\/\\\/x.com\\\/revistarambla\",\"https:\\\/\\\/www.instagram.com\\\/revista_rambla\",\"https:\\\/\\\/es.linkedin.com\\\/company\\\/revista-rambla\"]},{\"@type\":\"Person\",\"@id\":\"https:\\\/\\\/www.revistarambla.com\\\/#\\\/schema\\\/person\\\/a146a5a2550b94981a75131180e1bd9c\",\"name\":\"R@mbla\",\"description\":\"Este art\u00edculo ha sido redactado y\\\/o validado por el equipo de redacci\u00f3n de Revista Rambla.\",\"sameAs\":[\"https:\\\/\\\/www.revistarambla.com\\\/\",\"https:\\\/\\\/www.facebook.com\\\/revistarambla\",\"https:\\\/\\\/x.com\\\/revistarambla\"]}]}<\/script>\n<!-- \/ Yoast SEO plugin. -->","yoast_head_json":{"title":"Funeral de Estado para Jordi Pujol - Revista Rambla","robots":{"index":"index","follow":"follow","max-snippet":"max-snippet:-1","max-image-preview":"max-image-preview:large","max-video-preview":"max-video-preview:-1"},"canonical":"https:\/\/www.revistarambla.com\/en\/funeral-de-estado-para-jordi-pujol\/","og_locale":"en_GB","og_type":"article","og_title":"Funeral de Estado para Jordi Pujol - Revista Rambla","og_description":"Cuando el homenaje institucional se convierte en una encrucijada moral para la democracia","og_url":"https:\/\/www.revistarambla.com\/en\/funeral-de-estado-para-jordi-pujol\/","og_site_name":"Revista Rambla","article_publisher":"https:\/\/www.facebook.com\/revistarambla\/","article_author":"https:\/\/www.facebook.com\/revistarambla","article_published_time":"2026-04-29T16:21:51+00:00","og_image":[{"width":700,"height":394,"url":"https:\/\/www.revistarambla.com\/wp-content\/uploads\/2014\/09\/pujol_02.jpg","type":"image\/jpeg"}],"author":"R@mbla","twitter_card":"summary_large_image","twitter_creator":"@revistarambla","twitter_site":"@revistarambla","twitter_misc":{"Written by":"R@mbla","Estimated reading time":"6 minutes"},"schema":{"@context":"https:\/\/schema.org","@graph":[{"@type":"Article","@id":"https:\/\/www.revistarambla.com\/funeral-de-estado-para-jordi-pujol\/#article","isPartOf":{"@id":"https:\/\/www.revistarambla.com\/funeral-de-estado-para-jordi-pujol\/"},"author":{"name":"R@mbla","@id":"https:\/\/www.revistarambla.com\/#\/schema\/person\/a146a5a2550b94981a75131180e1bd9c"},"headline":"Funeral de Estado para Jordi Pujol","datePublished":"2026-04-29T16:21:51+00:00","mainEntityOfPage":{"@id":"https:\/\/www.revistarambla.com\/funeral-de-estado-para-jordi-pujol\/"},"wordCount":1241,"publisher":{"@id":"https:\/\/www.revistarambla.com\/#organization"},"image":{"@id":"https:\/\/www.revistarambla.com\/funeral-de-estado-para-jordi-pujol\/#primaryimage"},"thumbnailUrl":"https:\/\/www.revistarambla.com\/wp-content\/uploads\/2014\/09\/pujol_02.jpg","articleSection":["Portada"],"inLanguage":"en-GB"},{"@type":"WebPage","@id":"https:\/\/www.revistarambla.com\/funeral-de-estado-para-jordi-pujol\/","url":"https:\/\/www.revistarambla.com\/funeral-de-estado-para-jordi-pujol\/","name":"Funeral de Estado para Jordi Pujol - Revista Rambla","isPartOf":{"@id":"https:\/\/www.revistarambla.com\/#website"},"primaryImageOfPage":{"@id":"https:\/\/www.revistarambla.com\/funeral-de-estado-para-jordi-pujol\/#primaryimage"},"image":{"@id":"https:\/\/www.revistarambla.com\/funeral-de-estado-para-jordi-pujol\/#primaryimage"},"thumbnailUrl":"https:\/\/www.revistarambla.com\/wp-content\/uploads\/2014\/09\/pujol_02.jpg","datePublished":"2026-04-29T16:21:51+00:00","breadcrumb":{"@id":"https:\/\/www.revistarambla.com\/funeral-de-estado-para-jordi-pujol\/#breadcrumb"},"inLanguage":"en-GB","potentialAction":[{"@type":"ReadAction","target":["https:\/\/www.revistarambla.com\/funeral-de-estado-para-jordi-pujol\/"]}]},{"@type":"ImageObject","inLanguage":"en-GB","@id":"https:\/\/www.revistarambla.com\/funeral-de-estado-para-jordi-pujol\/#primaryimage","url":"https:\/\/www.revistarambla.com\/wp-content\/uploads\/2014\/09\/pujol_02.jpg","contentUrl":"https:\/\/www.revistarambla.com\/wp-content\/uploads\/2014\/09\/pujol_02.jpg","width":700,"height":394,"caption":"funeral de Estado Jordi Pujol pol\u00e9mica corrupci\u00f3n"},{"@type":"BreadcrumbList","@id":"https:\/\/www.revistarambla.com\/funeral-de-estado-para-jordi-pujol\/#breadcrumb","itemListElement":[{"@type":"ListItem","position":1,"name":"Portada","item":"https:\/\/www.revistarambla.com\/"},{"@type":"ListItem","position":2,"name":"Funeral de Estado para Jordi Pujol"}]},{"@type":"WebSite","@id":"https:\/\/www.revistarambla.com\/#website","url":"https:\/\/www.revistarambla.com\/","name":"Revista Rambla Barcelona","description":"Periodismo independiente","publisher":{"@id":"https:\/\/www.revistarambla.com\/#organization"},"potentialAction":[{"@type":"SearchAction","target":{"@type":"EntryPoint","urlTemplate":"https:\/\/www.revistarambla.com\/?s={search_term_string}"},"query-input":{"@type":"PropertyValueSpecification","valueRequired":true,"valueName":"search_term_string"}}],"inLanguage":"en-GB"},{"@type":"Organization","@id":"https:\/\/www.revistarambla.com\/#organization","name":"Revista Rambla","url":"https:\/\/www.revistarambla.com\/","logo":{"@type":"ImageObject","inLanguage":"en-GB","@id":"https:\/\/www.revistarambla.com\/#\/schema\/logo\/image\/","url":"https:\/\/www.revistarambla.com\/wp-content\/uploads\/2020\/09\/banner_rambla_1900x600_BB.png","contentUrl":"https:\/\/www.revistarambla.com\/wp-content\/uploads\/2020\/09\/banner_rambla_1900x600_BB.png","width":1900,"height":600,"caption":"Revista Rambla"},"image":{"@id":"https:\/\/www.revistarambla.com\/#\/schema\/logo\/image\/"},"sameAs":["https:\/\/www.facebook.com\/revistarambla\/","https:\/\/x.com\/revistarambla","https:\/\/www.instagram.com\/revista_rambla","https:\/\/es.linkedin.com\/company\/revista-rambla"]},{"@type":"Person","@id":"https:\/\/www.revistarambla.com\/#\/schema\/person\/a146a5a2550b94981a75131180e1bd9c","name":"R@mbla","description":"Este art\u00edculo ha sido redactado y\/o validado por el equipo de redacci\u00f3n de Revista Rambla.","sameAs":["https:\/\/www.revistarambla.com\/","https:\/\/www.facebook.com\/revistarambla","https:\/\/x.com\/revistarambla"]}]}},"_links":{"self":[{"href":"https:\/\/www.revistarambla.com\/en\/wp-json\/wp\/v2\/posts\/68125","targetHints":{"allow":["GET"]}}],"collection":[{"href":"https:\/\/www.revistarambla.com\/en\/wp-json\/wp\/v2\/posts"}],"about":[{"href":"https:\/\/www.revistarambla.com\/en\/wp-json\/wp\/v2\/types\/post"}],"author":[{"embeddable":true,"href":"https:\/\/www.revistarambla.com\/en\/wp-json\/wp\/v2\/users\/3"}],"replies":[{"embeddable":true,"href":"https:\/\/www.revistarambla.com\/en\/wp-json\/wp\/v2\/comments?post=68125"}],"version-history":[{"count":1,"href":"https:\/\/www.revistarambla.com\/en\/wp-json\/wp\/v2\/posts\/68125\/revisions"}],"predecessor-version":[{"id":68126,"href":"https:\/\/www.revistarambla.com\/en\/wp-json\/wp\/v2\/posts\/68125\/revisions\/68126"}],"wp:featuredmedia":[{"embeddable":true,"href":"https:\/\/www.revistarambla.com\/en\/wp-json\/wp\/v2\/media\/5966"}],"wp:attachment":[{"href":"https:\/\/www.revistarambla.com\/en\/wp-json\/wp\/v2\/media?parent=68125"}],"wp:term":[{"taxonomy":"category","embeddable":true,"href":"https:\/\/www.revistarambla.com\/en\/wp-json\/wp\/v2\/categories?post=68125"},{"taxonomy":"post_tag","embeddable":true,"href":"https:\/\/www.revistarambla.com\/en\/wp-json\/wp\/v2\/tags?post=68125"}],"curies":[{"name":"wp","href":"https:\/\/api.w.org\/{rel}","templated":true}]}}