{"id":68122,"date":"2026-04-29T18:17:39","date_gmt":"2026-04-29T16:17:39","guid":{"rendered":"https:\/\/www.revistarambla.com\/?p=68122"},"modified":"2026-04-29T18:17:39","modified_gmt":"2026-04-29T16:17:39","slug":"la-portavoz-de-mas-madrid-en-el-congreso-se-queja-de-compartir-piso-cuando-cobra-5-650-e-al-mes-con-31-anos","status":"publish","type":"post","link":"https:\/\/www.revistarambla.com\/en\/la-portavoz-de-mas-madrid-en-el-congreso-se-queja-de-compartir-piso-cuando-cobra-5-650-e-al-mes-con-31-anos\/","title":{"rendered":"La portavoz de M\u00e1s Madrid en el Congreso se queja de compartir piso cuando cobra 5.650 \u20ac al mes con 31 a\u00f1os"},"content":{"rendered":"<p>La pol\u00edtica contempor\u00e1nea se ha convertido en un terreno donde la experiencia personal se utiliza como argumento, donde lo individual se eleva a categor\u00eda estructural <!--more-->y donde el relato compite \u2014y a veces sustituye\u2014 a los datos. En ese contexto, la reciente pol\u00e9mica protagonizada por una portavoz parlamentaria que afirma compartir piso a pesar de percibir un salario superior a los 5.600 euros mensuales no es un episodio menor ni anecd\u00f3tico. Es, m\u00e1s bien, una ventana privilegiada a una tensi\u00f3n m\u00e1s profunda: la dificultad de articular un discurso cre\u00edble sobre la crisis de la vivienda sin caer en contradicciones que erosionan la confianza ciudadana.<\/p>\n<p>La escena es conocida. Una diputada joven, con un sueldo notablemente por encima de la media espa\u00f1ola \u2014m\u00e1s de un 180 % superior\u2014 declara p\u00fablicamente que, pese a su situaci\u00f3n econ\u00f3mica, no puede permitirse acceder a una vivienda en solitario.\u00a0Su testimonio pretende ilustrar una realidad innegable: el mercado inmobiliario en Espa\u00f1a, especialmente en grandes ciudades como Madrid, ha alcanzado niveles de tensi\u00f3n que dificultan el acceso incluso a perfiles con ingresos elevados. Sin embargo, el impacto de sus palabras no se ha producido en el terreno de la empat\u00eda, sino en el de la incredulidad.<\/p>\n<p>Porque el problema no es tanto lo que dice como lo que simboliza. En una sociedad donde el salario medio apenas supera los 28.000 euros anuales, escuchar a una representante p\u00fablica con ingresos cercanos a los 80.000 euros expresar dificultades para emanciparse genera una disonancia cognitiva dif\u00edcil de ignorar.\u00a0No se trata de negar la existencia del problema, sino de cuestionar la legitimidad del mensajero.<\/p>\n<p>Este tipo de intervenciones ponen de manifiesto un fen\u00f3meno cada vez m\u00e1s extendido: la pol\u00edtica de la identificaci\u00f3n forzada. Es decir, la tendencia de ciertos representantes a presentarse como parte de una experiencia colectiva que, en realidad, no comparten plenamente. Se trata de una estrategia ret\u00f3rica eficaz en t\u00e9rminos medi\u00e1ticos, pero peligrosa en t\u00e9rminos de credibilidad. Porque cuando la distancia entre el discurso y la percepci\u00f3n social se hace evidente, el efecto no es la concienciaci\u00f3n, sino el rechazo.<\/p>\n<p>La crisis de la vivienda es real, profunda y estructural. Los datos son elocuentes: el aumento sostenido de los precios del alquiler, la escasez de oferta accesible y la precariedad laboral han configurado un escenario donde compartir piso ya no es una etapa transitoria, sino una condici\u00f3n prolongada incluso m\u00e1s all\u00e1 de los 30 o 40 a\u00f1os. En Madrid, por ejemplo, no solo los j\u00f3venes, sino tambi\u00e9n personas mayores de 50 a\u00f1os se ven obligadas a compartir vivienda, en muchos casos con consecuencias psicol\u00f3gicas y sociales significativas.<\/p>\n<p>En este contexto, el testimonio de una diputada podr\u00eda haber servido para visibilizar el problema desde una posici\u00f3n de responsabilidad institucional. Pero la forma en que se articula el mensaje importa tanto como su contenido. Cuando se percibe que el relato busca generar empat\u00eda sin asumir las diferencias materiales evidentes, el resultado es contraproducente. La ciudadan\u00eda no rechaza el diagn\u00f3stico, sino la forma en que se presenta.<\/p>\n<p>Hay, adem\u00e1s, un elemento adicional que conviene no ignorar: la instrumentalizaci\u00f3n pol\u00edtica de la experiencia personal. En un momento en que el Congreso debate medidas concretas \u2014como la pr\u00f3rroga de contratos de alquiler o la intervenci\u00f3n del mercado\u2014, las declaraciones individuales adquieren un valor estrat\u00e9gico. No son solo opiniones, sino piezas dentro de una narrativa m\u00e1s amplia que busca legitimar determinadas pol\u00edticas.<\/p>\n<p>Sin embargo, el riesgo de este enfoque es evidente. Cuando el argumento se basa en una experiencia que muchos perciben como privilegiada, la legitimidad de las propuestas se ve afectada. No porque las medidas sean necesariamente incorrectas, sino porque el marco desde el que se presentan genera desconfianza. En pol\u00edtica, la coherencia entre discurso y posici\u00f3n es un activo fundamental. Y cuando se pierde, el coste es elevado.<\/p>\n<p>Este episodio tambi\u00e9n invita a reflexionar sobre el papel de los representantes p\u00fablicos en la construcci\u00f3n del relato social. \u00bfDeben hablar desde su experiencia personal o desde su responsabilidad institucional? \u00bfEs leg\u00edtimo utilizar la propia vida como argumento pol\u00edtico cuando existen diferencias sustanciales con la mayor\u00eda de la poblaci\u00f3n? No hay respuestas simples, pero s\u00ed una certeza: la autenticidad no puede construirse sobre la negaci\u00f3n de la realidad material.<\/p>\n<p>La pol\u00edtica necesita relatos, pero tambi\u00e9n necesita rigor. Necesita empat\u00eda, pero tambi\u00e9n honestidad. Y, sobre todo, necesita reconocer que la representaci\u00f3n implica una distancia inevitable con la experiencia cotidiana de muchos ciudadanos. Pretender lo contrario no acerca la pol\u00edtica a la gente; la aleja.<\/p>\n<p>En \u00faltima instancia, la pol\u00e9mica no gira en torno a una diputada ni a su situaci\u00f3n personal. Gira en torno a una cuesti\u00f3n m\u00e1s amplia: c\u00f3mo se construye el discurso p\u00fablico en una sociedad marcada por la desigualdad y la desconfianza. Y en ese terreno, cada palabra cuenta.<\/p>\n<p>Porque la crisis de la vivienda no necesita portavoces que simulen precariedad, sino responsables p\u00fablicos capaces de afrontarla con claridad, coherencia y, sobre todo, credibilidad.<\/p>","protected":false},"excerpt":{"rendered":"<p>Cuando el discurso sobre la precariedad se cruza con los privilegios institucionales, la credibilidad p\u00fablica entra en juego<\/p>","protected":false},"author":3,"featured_media":68123,"comment_status":"closed","ping_status":"closed","sticky":false,"template":"","format":"standard","meta":{"footnotes":""},"categories":[58],"tags":[],"class_list":["post-68122","post","type-post","status-publish","format-standard","has-post-thumbnail","hentry","category-estado-espanol"],"yoast_head":"<!-- This site is optimized with the Yoast SEO plugin v27.5 - https:\/\/yoast.com\/product\/yoast-seo-wordpress\/ -->\n<title>La portavoz de M\u00e1s Madrid en el Congreso se queja de compartir piso cuando cobra 5.650 \u20ac al mes con 31 a\u00f1os - Revista Rambla<\/title>\n<meta name=\"robots\" content=\"index, follow, max-snippet:-1, max-image-preview:large, max-video-preview:-1\" \/>\n<link rel=\"canonical\" href=\"https:\/\/www.revistarambla.com\/en\/la-portavoz-de-mas-madrid-en-el-congreso-se-queja-de-compartir-piso-cuando-cobra-5-650-e-al-mes-con-31-anos\/\" \/>\n<meta property=\"og:locale\" content=\"en_GB\" \/>\n<meta property=\"og:type\" content=\"article\" \/>\n<meta property=\"og:title\" content=\"La portavoz de M\u00e1s Madrid en el Congreso se queja de compartir piso cuando cobra 5.650 \u20ac al mes con 31 a\u00f1os - Revista Rambla\" \/>\n<meta property=\"og:description\" content=\"Cuando el discurso sobre la precariedad se cruza con los privilegios institucionales, la credibilidad p\u00fablica entra en juego\" \/>\n<meta property=\"og:url\" content=\"https:\/\/www.revistarambla.com\/en\/la-portavoz-de-mas-madrid-en-el-congreso-se-queja-de-compartir-piso-cuando-cobra-5-650-e-al-mes-con-31-anos\/\" \/>\n<meta property=\"og:site_name\" content=\"Revista Rambla\" \/>\n<meta property=\"article:publisher\" content=\"https:\/\/www.facebook.com\/revistarambla\/\" \/>\n<meta property=\"article:author\" content=\"https:\/\/www.facebook.com\/revistarambla\" \/>\n<meta property=\"article:published_time\" content=\"2026-04-29T16:17:39+00:00\" \/>\n<meta property=\"og:image\" content=\"https:\/\/www.revistarambla.com\/wp-content\/uploads\/2026\/04\/69f21aec5ae19.r_d.2836-1303-2000.jpeg.webp\" \/>\n\t<meta property=\"og:image:width\" content=\"1200\" \/>\n\t<meta property=\"og:image:height\" content=\"525\" \/>\n\t<meta property=\"og:image:type\" content=\"image\/webp\" \/>\n<meta name=\"author\" content=\"R@mbla\" \/>\n<meta name=\"twitter:card\" content=\"summary_large_image\" \/>\n<meta name=\"twitter:creator\" content=\"@revistarambla\" \/>\n<meta name=\"twitter:site\" content=\"@revistarambla\" \/>\n<meta name=\"twitter:label1\" content=\"Written by\" \/>\n\t<meta name=\"twitter:data1\" content=\"R@mbla\" \/>\n\t<meta name=\"twitter:label2\" content=\"Estimated reading time\" \/>\n\t<meta name=\"twitter:data2\" content=\"4 minutes\" \/>\n<script type=\"application\/ld+json\" class=\"yoast-schema-graph\">{\"@context\":\"https:\\\/\\\/schema.org\",\"@graph\":[{\"@type\":\"Article\",\"@id\":\"https:\\\/\\\/www.revistarambla.com\\\/la-portavoz-de-mas-madrid-en-el-congreso-se-queja-de-compartir-piso-cuando-cobra-5-650-e-al-mes-con-31-anos\\\/#article\",\"isPartOf\":{\"@id\":\"https:\\\/\\\/www.revistarambla.com\\\/la-portavoz-de-mas-madrid-en-el-congreso-se-queja-de-compartir-piso-cuando-cobra-5-650-e-al-mes-con-31-anos\\\/\"},\"author\":{\"name\":\"R@mbla\",\"@id\":\"https:\\\/\\\/www.revistarambla.com\\\/#\\\/schema\\\/person\\\/a146a5a2550b94981a75131180e1bd9c\"},\"headline\":\"La portavoz de M\u00e1s Madrid en el Congreso se queja de compartir piso cuando cobra 5.650 \u20ac al mes con 31 a\u00f1os\",\"datePublished\":\"2026-04-29T16:17:39+00:00\",\"mainEntityOfPage\":{\"@id\":\"https:\\\/\\\/www.revistarambla.com\\\/la-portavoz-de-mas-madrid-en-el-congreso-se-queja-de-compartir-piso-cuando-cobra-5-650-e-al-mes-con-31-anos\\\/\"},\"wordCount\":899,\"publisher\":{\"@id\":\"https:\\\/\\\/www.revistarambla.com\\\/#organization\"},\"image\":{\"@id\":\"https:\\\/\\\/www.revistarambla.com\\\/la-portavoz-de-mas-madrid-en-el-congreso-se-queja-de-compartir-piso-cuando-cobra-5-650-e-al-mes-con-31-anos\\\/#primaryimage\"},\"thumbnailUrl\":\"https:\\\/\\\/www.revistarambla.com\\\/wp-content\\\/uploads\\\/2026\\\/04\\\/69f21aec5ae19.r_d.2836-1303-2000.jpeg.webp\",\"articleSection\":[\"Estado Espa\u00f1ol\"],\"inLanguage\":\"en-GB\"},{\"@type\":\"WebPage\",\"@id\":\"https:\\\/\\\/www.revistarambla.com\\\/la-portavoz-de-mas-madrid-en-el-congreso-se-queja-de-compartir-piso-cuando-cobra-5-650-e-al-mes-con-31-anos\\\/\",\"url\":\"https:\\\/\\\/www.revistarambla.com\\\/la-portavoz-de-mas-madrid-en-el-congreso-se-queja-de-compartir-piso-cuando-cobra-5-650-e-al-mes-con-31-anos\\\/\",\"name\":\"La portavoz de M\u00e1s Madrid en el Congreso se queja de compartir piso cuando cobra 5.650 \u20ac al mes con 31 a\u00f1os - Revista Rambla\",\"isPartOf\":{\"@id\":\"https:\\\/\\\/www.revistarambla.com\\\/#website\"},\"primaryImageOfPage\":{\"@id\":\"https:\\\/\\\/www.revistarambla.com\\\/la-portavoz-de-mas-madrid-en-el-congreso-se-queja-de-compartir-piso-cuando-cobra-5-650-e-al-mes-con-31-anos\\\/#primaryimage\"},\"image\":{\"@id\":\"https:\\\/\\\/www.revistarambla.com\\\/la-portavoz-de-mas-madrid-en-el-congreso-se-queja-de-compartir-piso-cuando-cobra-5-650-e-al-mes-con-31-anos\\\/#primaryimage\"},\"thumbnailUrl\":\"https:\\\/\\\/www.revistarambla.com\\\/wp-content\\\/uploads\\\/2026\\\/04\\\/69f21aec5ae19.r_d.2836-1303-2000.jpeg.webp\",\"datePublished\":\"2026-04-29T16:17:39+00:00\",\"breadcrumb\":{\"@id\":\"https:\\\/\\\/www.revistarambla.com\\\/la-portavoz-de-mas-madrid-en-el-congreso-se-queja-de-compartir-piso-cuando-cobra-5-650-e-al-mes-con-31-anos\\\/#breadcrumb\"},\"inLanguage\":\"en-GB\",\"potentialAction\":[{\"@type\":\"ReadAction\",\"target\":[\"https:\\\/\\\/www.revistarambla.com\\\/la-portavoz-de-mas-madrid-en-el-congreso-se-queja-de-compartir-piso-cuando-cobra-5-650-e-al-mes-con-31-anos\\\/\"]}]},{\"@type\":\"ImageObject\",\"inLanguage\":\"en-GB\",\"@id\":\"https:\\\/\\\/www.revistarambla.com\\\/la-portavoz-de-mas-madrid-en-el-congreso-se-queja-de-compartir-piso-cuando-cobra-5-650-e-al-mes-con-31-anos\\\/#primaryimage\",\"url\":\"https:\\\/\\\/www.revistarambla.com\\\/wp-content\\\/uploads\\\/2026\\\/04\\\/69f21aec5ae19.r_d.2836-1303-2000.jpeg.webp\",\"contentUrl\":\"https:\\\/\\\/www.revistarambla.com\\\/wp-content\\\/uploads\\\/2026\\\/04\\\/69f21aec5ae19.r_d.2836-1303-2000.jpeg.webp\",\"width\":1200,\"height\":525,\"caption\":\"crisis de la vivienda en Espa\u00f1a\"},{\"@type\":\"BreadcrumbList\",\"@id\":\"https:\\\/\\\/www.revistarambla.com\\\/la-portavoz-de-mas-madrid-en-el-congreso-se-queja-de-compartir-piso-cuando-cobra-5-650-e-al-mes-con-31-anos\\\/#breadcrumb\",\"itemListElement\":[{\"@type\":\"ListItem\",\"position\":1,\"name\":\"Portada\",\"item\":\"https:\\\/\\\/www.revistarambla.com\\\/\"},{\"@type\":\"ListItem\",\"position\":2,\"name\":\"La portavoz de M\u00e1s Madrid en el Congreso se queja de compartir piso cuando cobra 5.650 \u20ac al mes con 31 a\u00f1os\"}]},{\"@type\":\"WebSite\",\"@id\":\"https:\\\/\\\/www.revistarambla.com\\\/#website\",\"url\":\"https:\\\/\\\/www.revistarambla.com\\\/\",\"name\":\"Revista Rambla Barcelona\",\"description\":\"Periodismo independiente\",\"publisher\":{\"@id\":\"https:\\\/\\\/www.revistarambla.com\\\/#organization\"},\"potentialAction\":[{\"@type\":\"SearchAction\",\"target\":{\"@type\":\"EntryPoint\",\"urlTemplate\":\"https:\\\/\\\/www.revistarambla.com\\\/?s={search_term_string}\"},\"query-input\":{\"@type\":\"PropertyValueSpecification\",\"valueRequired\":true,\"valueName\":\"search_term_string\"}}],\"inLanguage\":\"en-GB\"},{\"@type\":\"Organization\",\"@id\":\"https:\\\/\\\/www.revistarambla.com\\\/#organization\",\"name\":\"Revista Rambla\",\"url\":\"https:\\\/\\\/www.revistarambla.com\\\/\",\"logo\":{\"@type\":\"ImageObject\",\"inLanguage\":\"en-GB\",\"@id\":\"https:\\\/\\\/www.revistarambla.com\\\/#\\\/schema\\\/logo\\\/image\\\/\",\"url\":\"https:\\\/\\\/www.revistarambla.com\\\/wp-content\\\/uploads\\\/2020\\\/09\\\/banner_rambla_1900x600_BB.png\",\"contentUrl\":\"https:\\\/\\\/www.revistarambla.com\\\/wp-content\\\/uploads\\\/2020\\\/09\\\/banner_rambla_1900x600_BB.png\",\"width\":1900,\"height\":600,\"caption\":\"Revista Rambla\"},\"image\":{\"@id\":\"https:\\\/\\\/www.revistarambla.com\\\/#\\\/schema\\\/logo\\\/image\\\/\"},\"sameAs\":[\"https:\\\/\\\/www.facebook.com\\\/revistarambla\\\/\",\"https:\\\/\\\/x.com\\\/revistarambla\",\"https:\\\/\\\/www.instagram.com\\\/revista_rambla\",\"https:\\\/\\\/es.linkedin.com\\\/company\\\/revista-rambla\"]},{\"@type\":\"Person\",\"@id\":\"https:\\\/\\\/www.revistarambla.com\\\/#\\\/schema\\\/person\\\/a146a5a2550b94981a75131180e1bd9c\",\"name\":\"R@mbla\",\"description\":\"Este art\u00edculo ha sido redactado y\\\/o validado por el equipo de redacci\u00f3n de Revista Rambla.\",\"sameAs\":[\"https:\\\/\\\/www.revistarambla.com\\\/\",\"https:\\\/\\\/www.facebook.com\\\/revistarambla\",\"https:\\\/\\\/x.com\\\/revistarambla\"]}]}<\/script>\n<!-- \/ Yoast SEO plugin. -->","yoast_head_json":{"title":"La portavoz de M\u00e1s Madrid en el Congreso se queja de compartir piso cuando cobra 5.650 \u20ac al mes con 31 a\u00f1os - Revista Rambla","robots":{"index":"index","follow":"follow","max-snippet":"max-snippet:-1","max-image-preview":"max-image-preview:large","max-video-preview":"max-video-preview:-1"},"canonical":"https:\/\/www.revistarambla.com\/en\/la-portavoz-de-mas-madrid-en-el-congreso-se-queja-de-compartir-piso-cuando-cobra-5-650-e-al-mes-con-31-anos\/","og_locale":"en_GB","og_type":"article","og_title":"La portavoz de M\u00e1s Madrid en el Congreso se queja de compartir piso cuando cobra 5.650 \u20ac al mes con 31 a\u00f1os - Revista Rambla","og_description":"Cuando el discurso sobre la precariedad se cruza con los privilegios institucionales, la credibilidad p\u00fablica entra en juego","og_url":"https:\/\/www.revistarambla.com\/en\/la-portavoz-de-mas-madrid-en-el-congreso-se-queja-de-compartir-piso-cuando-cobra-5-650-e-al-mes-con-31-anos\/","og_site_name":"Revista Rambla","article_publisher":"https:\/\/www.facebook.com\/revistarambla\/","article_author":"https:\/\/www.facebook.com\/revistarambla","article_published_time":"2026-04-29T16:17:39+00:00","og_image":[{"width":1200,"height":525,"url":"https:\/\/www.revistarambla.com\/wp-content\/uploads\/2026\/04\/69f21aec5ae19.r_d.2836-1303-2000.jpeg.webp","type":"image\/webp"}],"author":"R@mbla","twitter_card":"summary_large_image","twitter_creator":"@revistarambla","twitter_site":"@revistarambla","twitter_misc":{"Written by":"R@mbla","Estimated reading time":"4 minutes"},"schema":{"@context":"https:\/\/schema.org","@graph":[{"@type":"Article","@id":"https:\/\/www.revistarambla.com\/la-portavoz-de-mas-madrid-en-el-congreso-se-queja-de-compartir-piso-cuando-cobra-5-650-e-al-mes-con-31-anos\/#article","isPartOf":{"@id":"https:\/\/www.revistarambla.com\/la-portavoz-de-mas-madrid-en-el-congreso-se-queja-de-compartir-piso-cuando-cobra-5-650-e-al-mes-con-31-anos\/"},"author":{"name":"R@mbla","@id":"https:\/\/www.revistarambla.com\/#\/schema\/person\/a146a5a2550b94981a75131180e1bd9c"},"headline":"La portavoz de M\u00e1s Madrid en el Congreso se queja de compartir piso cuando cobra 5.650 \u20ac al mes con 31 a\u00f1os","datePublished":"2026-04-29T16:17:39+00:00","mainEntityOfPage":{"@id":"https:\/\/www.revistarambla.com\/la-portavoz-de-mas-madrid-en-el-congreso-se-queja-de-compartir-piso-cuando-cobra-5-650-e-al-mes-con-31-anos\/"},"wordCount":899,"publisher":{"@id":"https:\/\/www.revistarambla.com\/#organization"},"image":{"@id":"https:\/\/www.revistarambla.com\/la-portavoz-de-mas-madrid-en-el-congreso-se-queja-de-compartir-piso-cuando-cobra-5-650-e-al-mes-con-31-anos\/#primaryimage"},"thumbnailUrl":"https:\/\/www.revistarambla.com\/wp-content\/uploads\/2026\/04\/69f21aec5ae19.r_d.2836-1303-2000.jpeg.webp","articleSection":["Estado Espa\u00f1ol"],"inLanguage":"en-GB"},{"@type":"WebPage","@id":"https:\/\/www.revistarambla.com\/la-portavoz-de-mas-madrid-en-el-congreso-se-queja-de-compartir-piso-cuando-cobra-5-650-e-al-mes-con-31-anos\/","url":"https:\/\/www.revistarambla.com\/la-portavoz-de-mas-madrid-en-el-congreso-se-queja-de-compartir-piso-cuando-cobra-5-650-e-al-mes-con-31-anos\/","name":"La portavoz de M\u00e1s Madrid en el Congreso se queja de compartir piso cuando cobra 5.650 \u20ac al mes con 31 a\u00f1os - Revista Rambla","isPartOf":{"@id":"https:\/\/www.revistarambla.com\/#website"},"primaryImageOfPage":{"@id":"https:\/\/www.revistarambla.com\/la-portavoz-de-mas-madrid-en-el-congreso-se-queja-de-compartir-piso-cuando-cobra-5-650-e-al-mes-con-31-anos\/#primaryimage"},"image":{"@id":"https:\/\/www.revistarambla.com\/la-portavoz-de-mas-madrid-en-el-congreso-se-queja-de-compartir-piso-cuando-cobra-5-650-e-al-mes-con-31-anos\/#primaryimage"},"thumbnailUrl":"https:\/\/www.revistarambla.com\/wp-content\/uploads\/2026\/04\/69f21aec5ae19.r_d.2836-1303-2000.jpeg.webp","datePublished":"2026-04-29T16:17:39+00:00","breadcrumb":{"@id":"https:\/\/www.revistarambla.com\/la-portavoz-de-mas-madrid-en-el-congreso-se-queja-de-compartir-piso-cuando-cobra-5-650-e-al-mes-con-31-anos\/#breadcrumb"},"inLanguage":"en-GB","potentialAction":[{"@type":"ReadAction","target":["https:\/\/www.revistarambla.com\/la-portavoz-de-mas-madrid-en-el-congreso-se-queja-de-compartir-piso-cuando-cobra-5-650-e-al-mes-con-31-anos\/"]}]},{"@type":"ImageObject","inLanguage":"en-GB","@id":"https:\/\/www.revistarambla.com\/la-portavoz-de-mas-madrid-en-el-congreso-se-queja-de-compartir-piso-cuando-cobra-5-650-e-al-mes-con-31-anos\/#primaryimage","url":"https:\/\/www.revistarambla.com\/wp-content\/uploads\/2026\/04\/69f21aec5ae19.r_d.2836-1303-2000.jpeg.webp","contentUrl":"https:\/\/www.revistarambla.com\/wp-content\/uploads\/2026\/04\/69f21aec5ae19.r_d.2836-1303-2000.jpeg.webp","width":1200,"height":525,"caption":"crisis de la vivienda en Espa\u00f1a"},{"@type":"BreadcrumbList","@id":"https:\/\/www.revistarambla.com\/la-portavoz-de-mas-madrid-en-el-congreso-se-queja-de-compartir-piso-cuando-cobra-5-650-e-al-mes-con-31-anos\/#breadcrumb","itemListElement":[{"@type":"ListItem","position":1,"name":"Portada","item":"https:\/\/www.revistarambla.com\/"},{"@type":"ListItem","position":2,"name":"La portavoz de M\u00e1s Madrid en el Congreso se queja de compartir piso cuando cobra 5.650 \u20ac al mes con 31 a\u00f1os"}]},{"@type":"WebSite","@id":"https:\/\/www.revistarambla.com\/#website","url":"https:\/\/www.revistarambla.com\/","name":"Revista Rambla Barcelona","description":"Periodismo independiente","publisher":{"@id":"https:\/\/www.revistarambla.com\/#organization"},"potentialAction":[{"@type":"SearchAction","target":{"@type":"EntryPoint","urlTemplate":"https:\/\/www.revistarambla.com\/?s={search_term_string}"},"query-input":{"@type":"PropertyValueSpecification","valueRequired":true,"valueName":"search_term_string"}}],"inLanguage":"en-GB"},{"@type":"Organization","@id":"https:\/\/www.revistarambla.com\/#organization","name":"Revista Rambla","url":"https:\/\/www.revistarambla.com\/","logo":{"@type":"ImageObject","inLanguage":"en-GB","@id":"https:\/\/www.revistarambla.com\/#\/schema\/logo\/image\/","url":"https:\/\/www.revistarambla.com\/wp-content\/uploads\/2020\/09\/banner_rambla_1900x600_BB.png","contentUrl":"https:\/\/www.revistarambla.com\/wp-content\/uploads\/2020\/09\/banner_rambla_1900x600_BB.png","width":1900,"height":600,"caption":"Revista Rambla"},"image":{"@id":"https:\/\/www.revistarambla.com\/#\/schema\/logo\/image\/"},"sameAs":["https:\/\/www.facebook.com\/revistarambla\/","https:\/\/x.com\/revistarambla","https:\/\/www.instagram.com\/revista_rambla","https:\/\/es.linkedin.com\/company\/revista-rambla"]},{"@type":"Person","@id":"https:\/\/www.revistarambla.com\/#\/schema\/person\/a146a5a2550b94981a75131180e1bd9c","name":"R@mbla","description":"Este art\u00edculo ha sido redactado y\/o validado por el equipo de redacci\u00f3n de Revista Rambla.","sameAs":["https:\/\/www.revistarambla.com\/","https:\/\/www.facebook.com\/revistarambla","https:\/\/x.com\/revistarambla"]}]}},"_links":{"self":[{"href":"https:\/\/www.revistarambla.com\/en\/wp-json\/wp\/v2\/posts\/68122","targetHints":{"allow":["GET"]}}],"collection":[{"href":"https:\/\/www.revistarambla.com\/en\/wp-json\/wp\/v2\/posts"}],"about":[{"href":"https:\/\/www.revistarambla.com\/en\/wp-json\/wp\/v2\/types\/post"}],"author":[{"embeddable":true,"href":"https:\/\/www.revistarambla.com\/en\/wp-json\/wp\/v2\/users\/3"}],"replies":[{"embeddable":true,"href":"https:\/\/www.revistarambla.com\/en\/wp-json\/wp\/v2\/comments?post=68122"}],"version-history":[{"count":1,"href":"https:\/\/www.revistarambla.com\/en\/wp-json\/wp\/v2\/posts\/68122\/revisions"}],"predecessor-version":[{"id":68124,"href":"https:\/\/www.revistarambla.com\/en\/wp-json\/wp\/v2\/posts\/68122\/revisions\/68124"}],"wp:featuredmedia":[{"embeddable":true,"href":"https:\/\/www.revistarambla.com\/en\/wp-json\/wp\/v2\/media\/68123"}],"wp:attachment":[{"href":"https:\/\/www.revistarambla.com\/en\/wp-json\/wp\/v2\/media?parent=68122"}],"wp:term":[{"taxonomy":"category","embeddable":true,"href":"https:\/\/www.revistarambla.com\/en\/wp-json\/wp\/v2\/categories?post=68122"},{"taxonomy":"post_tag","embeddable":true,"href":"https:\/\/www.revistarambla.com\/en\/wp-json\/wp\/v2\/tags?post=68122"}],"curies":[{"name":"wp","href":"https:\/\/api.w.org\/{rel}","templated":true}]}}