{"id":68120,"date":"2026-04-29T18:11:28","date_gmt":"2026-04-29T16:11:28","guid":{"rendered":"https:\/\/www.revistarambla.com\/?p=68120"},"modified":"2026-04-29T18:11:28","modified_gmt":"2026-04-29T16:11:28","slug":"endesa-orange-y-energia-xxi-encabezan-las-quejas-en-un-contexto-de-tensiones-energeticas-errores-de-facturacion-y-crisis-de-confianza","status":"publish","type":"post","link":"https:\/\/www.revistarambla.com\/en\/endesa-orange-y-energia-xxi-encabezan-las-quejas-en-un-contexto-de-tensiones-energeticas-errores-de-facturacion-y-crisis-de-confianza\/","title":{"rendered":"Endesa, Orange y Energ\u00eda XXI encabezan las quejas en un contexto de tensiones energ\u00e9ticas, errores de facturaci\u00f3n y crisis de confianza"},"content":{"rendered":"<p>El a\u00f1o 2025 no solo consolid\u00f3 una transformaci\u00f3n profunda en los mercados energ\u00e9tico y de telecomunicaciones en Espa\u00f1a<!--more-->; tambi\u00e9n marc\u00f3 un punto de inflexi\u00f3n en la relaci\u00f3n entre empresas y consumidores. Las reclamaciones crecieron y se concentraron en nombres concretos que, por su volumen de clientes y la complejidad de sus servicios, se han convertido en epicentro del malestar ciudadano. Entre ellas destacan Endesa, Orange y Energ\u00eda XXI, compa\u00f1\u00edas que lideran el ranking de quejas y que simbolizan una tendencia m\u00e1s amplia: la erosi\u00f3n de la confianza en sectores esenciales.<\/p>\n<p>El incremento de reclamaciones no es un fen\u00f3meno aislado ni coyuntural. Responde a una combinaci\u00f3n de factores estructurales que han tensionado la experiencia del consumidor. Por un lado, la volatilidad de los precios energ\u00e9ticos y los cambios regulatorios han generado facturas dif\u00edciles de entender. Por otro, la digitalizaci\u00f3n de los servicios ha acelerado procesos, pero tambi\u00e9n ha multiplicado los errores automatizados y las dificultades para obtener atenci\u00f3n personalizada. En ese cruce de variables, el usuario se siente cada vez m\u00e1s desprotegido, lo que se traduce en una mayor disposici\u00f3n a reclamar.<\/p>\n<p>En el caso del sector el\u00e9ctrico, el protagonismo de Endesa y su filial Energ\u00eda XXI no resulta sorprendente. Ambas operan en segmentos clave \u2014mercado libre y regulado\u2014 y gestionan millones de contratos. Sin embargo, su volumen no explica por s\u00ed solo la acumulaci\u00f3n de quejas. En 2025, los problemas asociados a la facturaci\u00f3n se convirtieron en uno de los principales detonantes del conflicto. Episodios como errores en los sistemas de cobro, que llegaron a disparar recibos en cientos de euros, evidenciaron fragilidades internas que impactaron directamente en los usuarios. A ello se sumaron incidencias derivadas de ajustes tecnol\u00f3gicos y cambios en las condiciones contractuales, que en muchos casos no fueron comunicados con claridad.<\/p>\n<p>La situaci\u00f3n se agrav\u00f3 en un contexto energ\u00e9tico especialmente convulso. El gran apag\u00f3n que afect\u00f3 a la pen\u00ednsula ib\u00e9rica en abril de 2025 puso de manifiesto la vulnerabilidad del sistema el\u00e9ctrico y abri\u00f3 una investigaci\u00f3n de gran alcance. La Comisi\u00f3n Nacional de los Mercados y la Competencia inici\u00f3 expedientes sancionadores contra varias compa\u00f1\u00edas, incluidas grandes el\u00e9ctricas, por posibles incumplimientos en el funcionamiento del sistema. Aunque las responsabilidades siguen en discusi\u00f3n, el episodio dej\u00f3 una huella profunda en la percepci\u00f3n p\u00fablica: la sensaci\u00f3n de que las infraestructuras cr\u00edticas no est\u00e1n exentas de fallos sist\u00e9micos.<\/p>\n<p>En paralelo, el encarecimiento de la electricidad tras el apag\u00f3n y las medidas adoptadas para reforzar la seguridad del suministro incrementaron la presi\u00f3n sobre los consumidores, que vieron c\u00f3mo sus facturas se elevaban en un momento de incertidumbre. Este contexto aliment\u00f3 un c\u00edrculo de desconfianza: a mayor complejidad y coste, mayor exigencia de transparencia; y ante la falta de respuestas claras, mayor volumen de reclamaciones.<\/p>\n<p>La filial regulada Energ\u00eda XXI, encargada de suministrar electricidad a los usuarios acogidos a tarifas oficiales, tambi\u00e9n se situ\u00f3 entre las empresas m\u00e1s se\u00f1aladas. En este caso, las quejas no solo respondieron a cuestiones econ\u00f3micas, sino tambi\u00e9n a la dificultad de gestionar incidencias a trav\u00e9s de canales de atenci\u00f3n que muchos consumidores consideran insuficientes. La percepci\u00f3n de una atenci\u00f3n distante o automatizada se ha convertido en uno de los principales factores de frustraci\u00f3n, especialmente en servicios b\u00e1sicos donde el margen de elecci\u00f3n del usuario es limitado.<\/p>\n<p>A estos problemas se sumaron episodios que afectaron a la seguridad de los datos. A finales de 2025, un ciberataque comprometi\u00f3 informaci\u00f3n personal de clientes de Endesa y Energ\u00eda XXI, incluyendo datos sensibles como el DNI o el IBAN. Aunque las compa\u00f1\u00edas activaron protocolos de protecci\u00f3n, el incidente reforz\u00f3 la sensaci\u00f3n de vulnerabilidad y elev\u00f3 el nivel de exigencia de los usuarios en materia de privacidad. En un entorno digitalizado, la confianza ya no depende solo del servicio prestado, sino tambi\u00e9n de la capacidad de proteger la informaci\u00f3n personal.<\/p>\n<p>El sector de las telecomunicaciones, representado en este caso por Orange, presenta una din\u00e1mica similar, aunque con matices propios. Las reclamaciones suelen girar en torno a problemas de facturaci\u00f3n, cambios contractuales y calidad del servicio. La competencia intensa y la constante evoluci\u00f3n tecnol\u00f3gica generan un entorno en el que las ofertas se multiplican, pero tambi\u00e9n lo hacen las condiciones y las cl\u00e1usulas. Para muchos usuarios, comprender el alcance real de lo contratado se convierte en un desaf\u00edo, y cualquier discrepancia se traduce r\u00e1pidamente en una reclamaci\u00f3n.<\/p>\n<p>M\u00e1s all\u00e1 de los casos concretos, lo relevante es la tendencia general. El consumidor de 2025 es m\u00e1s consciente de sus derechos y est\u00e1 mejor informado, lo que se traduce en una mayor disposici\u00f3n a exigir responsabilidades. Organizaciones de defensa del consumidor han contribuido a este cambio cultural, promoviendo campa\u00f1as de informaci\u00f3n y facilitando herramientas para formalizar quejas. El resultado es un aumento sostenido de las reclamaciones, que ya no se perciben como un \u00faltimo recurso, sino como una parte habitual de la relaci\u00f3n con las empresas.<\/p>\n<p>Este cambio de actitud se refleja tambi\u00e9n en iniciativas simb\u00f3licas que captan el pulso social. En 2025, Endesa fue se\u00f1alada como una de las peores empresas del a\u00f1o por organizaciones de consumidores, en una votaci\u00f3n que pone de relieve el deterioro de su imagen p\u00fablica. Aunque este tipo de reconocimientos no tienen consecuencias legales, s\u00ed influyen en la reputaci\u00f3n y en la percepci\u00f3n de marca, factores cada vez m\u00e1s determinantes en mercados competitivos.<\/p>\n<p>Las administraciones p\u00fablicas, por su parte, han intensificado su actividad sancionadora y reguladora. El aumento de expedientes y multas refleja una mayor vigilancia sobre el comportamiento empresarial, pero tambi\u00e9n evidencia la complejidad de los sectores implicados. En el \u00e1mbito energ\u00e9tico, las investigaciones abiertas tras el apag\u00f3n apuntan a un problema multifactorial en el que intervienen operadores, empresas y reguladores. Esta dispersi\u00f3n de responsabilidades dificulta la identificaci\u00f3n de culpables claros y prolonga la incertidumbre.<\/p>\n<p>En este contexto, la gesti\u00f3n de las reclamaciones se convierte en un elemento estrat\u00e9gico para las compa\u00f1\u00edas. No se trata solo de resolver incidencias individuales, sino de reconstruir la confianza en un entorno cada vez m\u00e1s exigente. Las empresas que logren ofrecer transparencia, claridad en la comunicaci\u00f3n y canales de atenci\u00f3n eficaces tendr\u00e1n una ventaja competitiva significativa. Por el contrario, aquellas que no adapten sus procesos corren el riesgo de quedar atrapadas en una espiral de quejas y deterioro reputacional.<\/p>\n<p>El desaf\u00edo es especialmente complejo en sectores esenciales, donde el margen de elecci\u00f3n del consumidor es limitado y la dependencia del servicio es alta. La electricidad y las telecomunicaciones no son productos prescindibles; son infraestructuras b\u00e1sicas que condicionan la vida cotidiana. Esta realidad amplifica el impacto de cualquier incidencia y eleva el nivel de exigencia hacia las empresas proveedoras.<\/p>\n<p>Al mismo tiempo, la digitalizaci\u00f3n ofrece oportunidades para mejorar la relaci\u00f3n con el cliente. La automatizaci\u00f3n puede agilizar procesos y reducir errores, pero solo si se combina con mecanismos de supervisi\u00f3n y atenci\u00f3n personalizada. De lo contrario, el riesgo es generar una experiencia deshumanizada que aumente la frustraci\u00f3n del usuario. En \u00faltima instancia, la tecnolog\u00eda no sustituye la necesidad de confianza, sino que la redefine.<\/p>\n<p>El aumento de reclamaciones en 2025 tambi\u00e9n plantea interrogantes sobre el futuro del consumo en Espa\u00f1a. \u00bfEstamos ante un fen\u00f3meno coyuntural, vinculado a circunstancias espec\u00edficas como el apag\u00f3n o los cambios regulatorios, o se trata de una tendencia estructural que ha llegado para quedarse? Todo apunta a lo segundo. La combinaci\u00f3n de mayor informaci\u00f3n, herramientas digitales y conciencia de derechos configura un escenario en el que el consumidor tiene un papel m\u00e1s activo y exigente.<\/p>\n<p>En este nuevo equilibrio, las empresas ya no pueden limitarse a ofrecer un servicio funcional. Deben gestionar expectativas, comunicar con claridad y responder con rapidez a las incidencias. La transparencia se convierte en un valor central, no solo para evitar reclamaciones, sino para construir relaciones duraderas. En un mercado donde la confianza es cada vez m\u00e1s escasa, quien logre consolidarla tendr\u00e1 una ventaja decisiva.<\/p>\n<p>El liderazgo de Endesa, Orange y Energ\u00eda XXI en el ranking de reclamaciones no es solo un dato estad\u00edstico; es un s\u00edntoma de un cambio m\u00e1s profundo en la relaci\u00f3n entre empresas y consumidores. Un cambio que obliga a replantear estrategias, revisar procesos y, sobre todo, escuchar a un usuario que ya no se conforma con recibir un servicio, sino que exige comprenderlo, controlarlo y, llegado el caso, cuestionarlo.<\/p>\n<p>La historia de 2025, en definitiva, no es solo la de unas empresas con m\u00e1s quejas que otras, sino la de un consumidor que ha dejado de ser pasivo para convertirse en protagonista. Un consumidor que reclama, que exige y que, en \u00faltima instancia, redefine las reglas del mercado.<\/p>","protected":false},"excerpt":{"rendered":"<p>Las grandes compa\u00f1\u00edas en el punto de mira: el auge de las reclamaciones revela un consumidor m\u00e1s vigilante en 2025<\/p>","protected":false},"author":3,"featured_media":36252,"comment_status":"closed","ping_status":"closed","sticky":false,"template":"","format":"standard","meta":{"footnotes":""},"categories":[58],"tags":[],"class_list":["post-68120","post","type-post","status-publish","format-standard","has-post-thumbnail","hentry","category-estado-espanol"],"yoast_head":"<!-- This site is optimized with the Yoast SEO plugin v27.5 - https:\/\/yoast.com\/product\/yoast-seo-wordpress\/ -->\n<title>Endesa, Orange y Energ\u00eda XXI encabezan las quejas en un contexto de tensiones energ\u00e9ticas, errores de facturaci\u00f3n y crisis de confianza - Revista Rambla<\/title>\n<meta name=\"robots\" content=\"index, follow, max-snippet:-1, max-image-preview:large, max-video-preview:-1\" \/>\n<link rel=\"canonical\" href=\"https:\/\/www.revistarambla.com\/en\/endesa-orange-y-energia-xxi-encabezan-las-quejas-en-un-contexto-de-tensiones-energeticas-errores-de-facturacion-y-crisis-de-confianza\/\" \/>\n<meta property=\"og:locale\" content=\"en_GB\" \/>\n<meta property=\"og:type\" content=\"article\" \/>\n<meta property=\"og:title\" content=\"Endesa, Orange y Energ\u00eda XXI encabezan las quejas en un contexto de tensiones energ\u00e9ticas, errores de facturaci\u00f3n y crisis de confianza - Revista Rambla\" \/>\n<meta property=\"og:description\" content=\"Las grandes compa\u00f1\u00edas en el punto de mira: el auge de las reclamaciones revela un consumidor m\u00e1s vigilante en 2025\" \/>\n<meta property=\"og:url\" content=\"https:\/\/www.revistarambla.com\/en\/endesa-orange-y-energia-xxi-encabezan-las-quejas-en-un-contexto-de-tensiones-energeticas-errores-de-facturacion-y-crisis-de-confianza\/\" \/>\n<meta property=\"og:site_name\" content=\"Revista Rambla\" \/>\n<meta property=\"article:publisher\" content=\"https:\/\/www.facebook.com\/revistarambla\/\" \/>\n<meta property=\"article:author\" content=\"https:\/\/www.facebook.com\/revistarambla\" \/>\n<meta property=\"article:published_time\" content=\"2026-04-29T16:11:28+00:00\" \/>\n<meta property=\"og:image\" content=\"https:\/\/www.revistarambla.com\/wp-content\/uploads\/2021\/11\/asinem_endesa-scaled-1.jpg\" \/>\n\t<meta property=\"og:image:width\" content=\"2560\" \/>\n\t<meta property=\"og:image:height\" content=\"1421\" \/>\n\t<meta property=\"og:image:type\" content=\"image\/jpeg\" \/>\n<meta name=\"author\" content=\"R@mbla\" \/>\n<meta name=\"twitter:card\" content=\"summary_large_image\" \/>\n<meta name=\"twitter:creator\" content=\"@revistarambla\" \/>\n<meta name=\"twitter:site\" content=\"@revistarambla\" \/>\n<meta name=\"twitter:label1\" content=\"Written by\" \/>\n\t<meta name=\"twitter:data1\" content=\"R@mbla\" \/>\n\t<meta name=\"twitter:label2\" content=\"Estimated reading time\" \/>\n\t<meta name=\"twitter:data2\" content=\"7 minutes\" \/>\n<script type=\"application\/ld+json\" class=\"yoast-schema-graph\">{\"@context\":\"https:\\\/\\\/schema.org\",\"@graph\":[{\"@type\":\"Article\",\"@id\":\"https:\\\/\\\/www.revistarambla.com\\\/endesa-orange-y-energia-xxi-encabezan-las-quejas-en-un-contexto-de-tensiones-energeticas-errores-de-facturacion-y-crisis-de-confianza\\\/#article\",\"isPartOf\":{\"@id\":\"https:\\\/\\\/www.revistarambla.com\\\/endesa-orange-y-energia-xxi-encabezan-las-quejas-en-un-contexto-de-tensiones-energeticas-errores-de-facturacion-y-crisis-de-confianza\\\/\"},\"author\":{\"name\":\"R@mbla\",\"@id\":\"https:\\\/\\\/www.revistarambla.com\\\/#\\\/schema\\\/person\\\/a146a5a2550b94981a75131180e1bd9c\"},\"headline\":\"Endesa, Orange y Energ\u00eda XXI encabezan las quejas en un contexto de tensiones energ\u00e9ticas, errores de facturaci\u00f3n y crisis de confianza\",\"datePublished\":\"2026-04-29T16:11:28+00:00\",\"mainEntityOfPage\":{\"@id\":\"https:\\\/\\\/www.revistarambla.com\\\/endesa-orange-y-energia-xxi-encabezan-las-quejas-en-un-contexto-de-tensiones-energeticas-errores-de-facturacion-y-crisis-de-confianza\\\/\"},\"wordCount\":1551,\"publisher\":{\"@id\":\"https:\\\/\\\/www.revistarambla.com\\\/#organization\"},\"image\":{\"@id\":\"https:\\\/\\\/www.revistarambla.com\\\/endesa-orange-y-energia-xxi-encabezan-las-quejas-en-un-contexto-de-tensiones-energeticas-errores-de-facturacion-y-crisis-de-confianza\\\/#primaryimage\"},\"thumbnailUrl\":\"https:\\\/\\\/www.revistarambla.com\\\/wp-content\\\/uploads\\\/2021\\\/11\\\/asinem_endesa-scaled-1.jpg\",\"articleSection\":[\"Estado Espa\u00f1ol\"],\"inLanguage\":\"en-GB\"},{\"@type\":\"WebPage\",\"@id\":\"https:\\\/\\\/www.revistarambla.com\\\/endesa-orange-y-energia-xxi-encabezan-las-quejas-en-un-contexto-de-tensiones-energeticas-errores-de-facturacion-y-crisis-de-confianza\\\/\",\"url\":\"https:\\\/\\\/www.revistarambla.com\\\/endesa-orange-y-energia-xxi-encabezan-las-quejas-en-un-contexto-de-tensiones-energeticas-errores-de-facturacion-y-crisis-de-confianza\\\/\",\"name\":\"Endesa, Orange y Energ\u00eda XXI encabezan las quejas en un contexto de tensiones energ\u00e9ticas, errores de facturaci\u00f3n y crisis de confianza - Revista Rambla\",\"isPartOf\":{\"@id\":\"https:\\\/\\\/www.revistarambla.com\\\/#website\"},\"primaryImageOfPage\":{\"@id\":\"https:\\\/\\\/www.revistarambla.com\\\/endesa-orange-y-energia-xxi-encabezan-las-quejas-en-un-contexto-de-tensiones-energeticas-errores-de-facturacion-y-crisis-de-confianza\\\/#primaryimage\"},\"image\":{\"@id\":\"https:\\\/\\\/www.revistarambla.com\\\/endesa-orange-y-energia-xxi-encabezan-las-quejas-en-un-contexto-de-tensiones-energeticas-errores-de-facturacion-y-crisis-de-confianza\\\/#primaryimage\"},\"thumbnailUrl\":\"https:\\\/\\\/www.revistarambla.com\\\/wp-content\\\/uploads\\\/2021\\\/11\\\/asinem_endesa-scaled-1.jpg\",\"datePublished\":\"2026-04-29T16:11:28+00:00\",\"breadcrumb\":{\"@id\":\"https:\\\/\\\/www.revistarambla.com\\\/endesa-orange-y-energia-xxi-encabezan-las-quejas-en-un-contexto-de-tensiones-energeticas-errores-de-facturacion-y-crisis-de-confianza\\\/#breadcrumb\"},\"inLanguage\":\"en-GB\",\"potentialAction\":[{\"@type\":\"ReadAction\",\"target\":[\"https:\\\/\\\/www.revistarambla.com\\\/endesa-orange-y-energia-xxi-encabezan-las-quejas-en-un-contexto-de-tensiones-energeticas-errores-de-facturacion-y-crisis-de-confianza\\\/\"]}]},{\"@type\":\"ImageObject\",\"inLanguage\":\"en-GB\",\"@id\":\"https:\\\/\\\/www.revistarambla.com\\\/endesa-orange-y-energia-xxi-encabezan-las-quejas-en-un-contexto-de-tensiones-energeticas-errores-de-facturacion-y-crisis-de-confianza\\\/#primaryimage\",\"url\":\"https:\\\/\\\/www.revistarambla.com\\\/wp-content\\\/uploads\\\/2021\\\/11\\\/asinem_endesa-scaled-1.jpg\",\"contentUrl\":\"https:\\\/\\\/www.revistarambla.com\\\/wp-content\\\/uploads\\\/2021\\\/11\\\/asinem_endesa-scaled-1.jpg\",\"width\":2560,\"height\":1421,\"caption\":\"reclamaciones consumidores Espa\u00f1a 2025 empresas quejas Endesa Orange Energ\u00eda XXI\"},{\"@type\":\"BreadcrumbList\",\"@id\":\"https:\\\/\\\/www.revistarambla.com\\\/endesa-orange-y-energia-xxi-encabezan-las-quejas-en-un-contexto-de-tensiones-energeticas-errores-de-facturacion-y-crisis-de-confianza\\\/#breadcrumb\",\"itemListElement\":[{\"@type\":\"ListItem\",\"position\":1,\"name\":\"Portada\",\"item\":\"https:\\\/\\\/www.revistarambla.com\\\/\"},{\"@type\":\"ListItem\",\"position\":2,\"name\":\"Endesa, Orange y Energ\u00eda XXI encabezan las quejas en un contexto de tensiones energ\u00e9ticas, errores de facturaci\u00f3n y crisis de confianza\"}]},{\"@type\":\"WebSite\",\"@id\":\"https:\\\/\\\/www.revistarambla.com\\\/#website\",\"url\":\"https:\\\/\\\/www.revistarambla.com\\\/\",\"name\":\"Revista Rambla Barcelona\",\"description\":\"Periodismo independiente\",\"publisher\":{\"@id\":\"https:\\\/\\\/www.revistarambla.com\\\/#organization\"},\"potentialAction\":[{\"@type\":\"SearchAction\",\"target\":{\"@type\":\"EntryPoint\",\"urlTemplate\":\"https:\\\/\\\/www.revistarambla.com\\\/?s={search_term_string}\"},\"query-input\":{\"@type\":\"PropertyValueSpecification\",\"valueRequired\":true,\"valueName\":\"search_term_string\"}}],\"inLanguage\":\"en-GB\"},{\"@type\":\"Organization\",\"@id\":\"https:\\\/\\\/www.revistarambla.com\\\/#organization\",\"name\":\"Revista Rambla\",\"url\":\"https:\\\/\\\/www.revistarambla.com\\\/\",\"logo\":{\"@type\":\"ImageObject\",\"inLanguage\":\"en-GB\",\"@id\":\"https:\\\/\\\/www.revistarambla.com\\\/#\\\/schema\\\/logo\\\/image\\\/\",\"url\":\"https:\\\/\\\/www.revistarambla.com\\\/wp-content\\\/uploads\\\/2020\\\/09\\\/banner_rambla_1900x600_BB.png\",\"contentUrl\":\"https:\\\/\\\/www.revistarambla.com\\\/wp-content\\\/uploads\\\/2020\\\/09\\\/banner_rambla_1900x600_BB.png\",\"width\":1900,\"height\":600,\"caption\":\"Revista Rambla\"},\"image\":{\"@id\":\"https:\\\/\\\/www.revistarambla.com\\\/#\\\/schema\\\/logo\\\/image\\\/\"},\"sameAs\":[\"https:\\\/\\\/www.facebook.com\\\/revistarambla\\\/\",\"https:\\\/\\\/x.com\\\/revistarambla\",\"https:\\\/\\\/www.instagram.com\\\/revista_rambla\",\"https:\\\/\\\/es.linkedin.com\\\/company\\\/revista-rambla\"]},{\"@type\":\"Person\",\"@id\":\"https:\\\/\\\/www.revistarambla.com\\\/#\\\/schema\\\/person\\\/a146a5a2550b94981a75131180e1bd9c\",\"name\":\"R@mbla\",\"description\":\"Este art\u00edculo ha sido redactado y\\\/o validado por el equipo de redacci\u00f3n de Revista Rambla.\",\"sameAs\":[\"https:\\\/\\\/www.revistarambla.com\\\/\",\"https:\\\/\\\/www.facebook.com\\\/revistarambla\",\"https:\\\/\\\/x.com\\\/revistarambla\"]}]}<\/script>\n<!-- \/ Yoast SEO plugin. -->","yoast_head_json":{"title":"Endesa, Orange y Energ\u00eda XXI encabezan las quejas en un contexto de tensiones energ\u00e9ticas, errores de facturaci\u00f3n y crisis de confianza - Revista Rambla","robots":{"index":"index","follow":"follow","max-snippet":"max-snippet:-1","max-image-preview":"max-image-preview:large","max-video-preview":"max-video-preview:-1"},"canonical":"https:\/\/www.revistarambla.com\/en\/endesa-orange-y-energia-xxi-encabezan-las-quejas-en-un-contexto-de-tensiones-energeticas-errores-de-facturacion-y-crisis-de-confianza\/","og_locale":"en_GB","og_type":"article","og_title":"Endesa, Orange y Energ\u00eda XXI encabezan las quejas en un contexto de tensiones energ\u00e9ticas, errores de facturaci\u00f3n y crisis de confianza - Revista Rambla","og_description":"Las grandes compa\u00f1\u00edas en el punto de mira: el auge de las reclamaciones revela un consumidor m\u00e1s vigilante en 2025","og_url":"https:\/\/www.revistarambla.com\/en\/endesa-orange-y-energia-xxi-encabezan-las-quejas-en-un-contexto-de-tensiones-energeticas-errores-de-facturacion-y-crisis-de-confianza\/","og_site_name":"Revista Rambla","article_publisher":"https:\/\/www.facebook.com\/revistarambla\/","article_author":"https:\/\/www.facebook.com\/revistarambla","article_published_time":"2026-04-29T16:11:28+00:00","og_image":[{"width":2560,"height":1421,"url":"https:\/\/www.revistarambla.com\/wp-content\/uploads\/2021\/11\/asinem_endesa-scaled-1.jpg","type":"image\/jpeg"}],"author":"R@mbla","twitter_card":"summary_large_image","twitter_creator":"@revistarambla","twitter_site":"@revistarambla","twitter_misc":{"Written by":"R@mbla","Estimated reading time":"7 minutes"},"schema":{"@context":"https:\/\/schema.org","@graph":[{"@type":"Article","@id":"https:\/\/www.revistarambla.com\/endesa-orange-y-energia-xxi-encabezan-las-quejas-en-un-contexto-de-tensiones-energeticas-errores-de-facturacion-y-crisis-de-confianza\/#article","isPartOf":{"@id":"https:\/\/www.revistarambla.com\/endesa-orange-y-energia-xxi-encabezan-las-quejas-en-un-contexto-de-tensiones-energeticas-errores-de-facturacion-y-crisis-de-confianza\/"},"author":{"name":"R@mbla","@id":"https:\/\/www.revistarambla.com\/#\/schema\/person\/a146a5a2550b94981a75131180e1bd9c"},"headline":"Endesa, Orange y Energ\u00eda XXI encabezan las quejas en un contexto de tensiones energ\u00e9ticas, errores de facturaci\u00f3n y crisis de confianza","datePublished":"2026-04-29T16:11:28+00:00","mainEntityOfPage":{"@id":"https:\/\/www.revistarambla.com\/endesa-orange-y-energia-xxi-encabezan-las-quejas-en-un-contexto-de-tensiones-energeticas-errores-de-facturacion-y-crisis-de-confianza\/"},"wordCount":1551,"publisher":{"@id":"https:\/\/www.revistarambla.com\/#organization"},"image":{"@id":"https:\/\/www.revistarambla.com\/endesa-orange-y-energia-xxi-encabezan-las-quejas-en-un-contexto-de-tensiones-energeticas-errores-de-facturacion-y-crisis-de-confianza\/#primaryimage"},"thumbnailUrl":"https:\/\/www.revistarambla.com\/wp-content\/uploads\/2021\/11\/asinem_endesa-scaled-1.jpg","articleSection":["Estado Espa\u00f1ol"],"inLanguage":"en-GB"},{"@type":"WebPage","@id":"https:\/\/www.revistarambla.com\/endesa-orange-y-energia-xxi-encabezan-las-quejas-en-un-contexto-de-tensiones-energeticas-errores-de-facturacion-y-crisis-de-confianza\/","url":"https:\/\/www.revistarambla.com\/endesa-orange-y-energia-xxi-encabezan-las-quejas-en-un-contexto-de-tensiones-energeticas-errores-de-facturacion-y-crisis-de-confianza\/","name":"Endesa, Orange y Energ\u00eda XXI encabezan las quejas en un contexto de tensiones energ\u00e9ticas, errores de facturaci\u00f3n y crisis de confianza - Revista Rambla","isPartOf":{"@id":"https:\/\/www.revistarambla.com\/#website"},"primaryImageOfPage":{"@id":"https:\/\/www.revistarambla.com\/endesa-orange-y-energia-xxi-encabezan-las-quejas-en-un-contexto-de-tensiones-energeticas-errores-de-facturacion-y-crisis-de-confianza\/#primaryimage"},"image":{"@id":"https:\/\/www.revistarambla.com\/endesa-orange-y-energia-xxi-encabezan-las-quejas-en-un-contexto-de-tensiones-energeticas-errores-de-facturacion-y-crisis-de-confianza\/#primaryimage"},"thumbnailUrl":"https:\/\/www.revistarambla.com\/wp-content\/uploads\/2021\/11\/asinem_endesa-scaled-1.jpg","datePublished":"2026-04-29T16:11:28+00:00","breadcrumb":{"@id":"https:\/\/www.revistarambla.com\/endesa-orange-y-energia-xxi-encabezan-las-quejas-en-un-contexto-de-tensiones-energeticas-errores-de-facturacion-y-crisis-de-confianza\/#breadcrumb"},"inLanguage":"en-GB","potentialAction":[{"@type":"ReadAction","target":["https:\/\/www.revistarambla.com\/endesa-orange-y-energia-xxi-encabezan-las-quejas-en-un-contexto-de-tensiones-energeticas-errores-de-facturacion-y-crisis-de-confianza\/"]}]},{"@type":"ImageObject","inLanguage":"en-GB","@id":"https:\/\/www.revistarambla.com\/endesa-orange-y-energia-xxi-encabezan-las-quejas-en-un-contexto-de-tensiones-energeticas-errores-de-facturacion-y-crisis-de-confianza\/#primaryimage","url":"https:\/\/www.revistarambla.com\/wp-content\/uploads\/2021\/11\/asinem_endesa-scaled-1.jpg","contentUrl":"https:\/\/www.revistarambla.com\/wp-content\/uploads\/2021\/11\/asinem_endesa-scaled-1.jpg","width":2560,"height":1421,"caption":"reclamaciones consumidores Espa\u00f1a 2025 empresas quejas Endesa Orange Energ\u00eda XXI"},{"@type":"BreadcrumbList","@id":"https:\/\/www.revistarambla.com\/endesa-orange-y-energia-xxi-encabezan-las-quejas-en-un-contexto-de-tensiones-energeticas-errores-de-facturacion-y-crisis-de-confianza\/#breadcrumb","itemListElement":[{"@type":"ListItem","position":1,"name":"Portada","item":"https:\/\/www.revistarambla.com\/"},{"@type":"ListItem","position":2,"name":"Endesa, Orange y Energ\u00eda XXI encabezan las quejas en un contexto de tensiones energ\u00e9ticas, errores de facturaci\u00f3n y crisis de confianza"}]},{"@type":"WebSite","@id":"https:\/\/www.revistarambla.com\/#website","url":"https:\/\/www.revistarambla.com\/","name":"Revista Rambla Barcelona","description":"Periodismo independiente","publisher":{"@id":"https:\/\/www.revistarambla.com\/#organization"},"potentialAction":[{"@type":"SearchAction","target":{"@type":"EntryPoint","urlTemplate":"https:\/\/www.revistarambla.com\/?s={search_term_string}"},"query-input":{"@type":"PropertyValueSpecification","valueRequired":true,"valueName":"search_term_string"}}],"inLanguage":"en-GB"},{"@type":"Organization","@id":"https:\/\/www.revistarambla.com\/#organization","name":"Revista Rambla","url":"https:\/\/www.revistarambla.com\/","logo":{"@type":"ImageObject","inLanguage":"en-GB","@id":"https:\/\/www.revistarambla.com\/#\/schema\/logo\/image\/","url":"https:\/\/www.revistarambla.com\/wp-content\/uploads\/2020\/09\/banner_rambla_1900x600_BB.png","contentUrl":"https:\/\/www.revistarambla.com\/wp-content\/uploads\/2020\/09\/banner_rambla_1900x600_BB.png","width":1900,"height":600,"caption":"Revista Rambla"},"image":{"@id":"https:\/\/www.revistarambla.com\/#\/schema\/logo\/image\/"},"sameAs":["https:\/\/www.facebook.com\/revistarambla\/","https:\/\/x.com\/revistarambla","https:\/\/www.instagram.com\/revista_rambla","https:\/\/es.linkedin.com\/company\/revista-rambla"]},{"@type":"Person","@id":"https:\/\/www.revistarambla.com\/#\/schema\/person\/a146a5a2550b94981a75131180e1bd9c","name":"R@mbla","description":"Este art\u00edculo ha sido redactado y\/o validado por el equipo de redacci\u00f3n de Revista Rambla.","sameAs":["https:\/\/www.revistarambla.com\/","https:\/\/www.facebook.com\/revistarambla","https:\/\/x.com\/revistarambla"]}]}},"_links":{"self":[{"href":"https:\/\/www.revistarambla.com\/en\/wp-json\/wp\/v2\/posts\/68120","targetHints":{"allow":["GET"]}}],"collection":[{"href":"https:\/\/www.revistarambla.com\/en\/wp-json\/wp\/v2\/posts"}],"about":[{"href":"https:\/\/www.revistarambla.com\/en\/wp-json\/wp\/v2\/types\/post"}],"author":[{"embeddable":true,"href":"https:\/\/www.revistarambla.com\/en\/wp-json\/wp\/v2\/users\/3"}],"replies":[{"embeddable":true,"href":"https:\/\/www.revistarambla.com\/en\/wp-json\/wp\/v2\/comments?post=68120"}],"version-history":[{"count":1,"href":"https:\/\/www.revistarambla.com\/en\/wp-json\/wp\/v2\/posts\/68120\/revisions"}],"predecessor-version":[{"id":68121,"href":"https:\/\/www.revistarambla.com\/en\/wp-json\/wp\/v2\/posts\/68120\/revisions\/68121"}],"wp:featuredmedia":[{"embeddable":true,"href":"https:\/\/www.revistarambla.com\/en\/wp-json\/wp\/v2\/media\/36252"}],"wp:attachment":[{"href":"https:\/\/www.revistarambla.com\/en\/wp-json\/wp\/v2\/media?parent=68120"}],"wp:term":[{"taxonomy":"category","embeddable":true,"href":"https:\/\/www.revistarambla.com\/en\/wp-json\/wp\/v2\/categories?post=68120"},{"taxonomy":"post_tag","embeddable":true,"href":"https:\/\/www.revistarambla.com\/en\/wp-json\/wp\/v2\/tags?post=68120"}],"curies":[{"name":"wp","href":"https:\/\/api.w.org\/{rel}","templated":true}]}}