{"id":68114,"date":"2026-04-29T18:00:50","date_gmt":"2026-04-29T16:00:50","guid":{"rendered":"https:\/\/www.revistarambla.com\/?p=68114"},"modified":"2026-04-29T18:00:50","modified_gmt":"2026-04-29T16:00:50","slug":"beneficios-record-realidades-incomodas","status":"publish","type":"post","link":"https:\/\/www.revistarambla.com\/en\/beneficios-record-realidades-incomodas\/","title":{"rendered":"Beneficios r\u00e9cord, realidades inc\u00f3modas"},"content":{"rendered":"<p>Hay cifras que deslumbran y cifras que enga\u00f1an. A veces coinciden. <!--more-->En el arranque de 2026, tres de los grandes pilares del tejido corporativo espa\u00f1ol \u2014la banca, la energ\u00eda el\u00e9ctrica y el gas\u2014 han presentado resultados que, a primera vista, invitan a una lectura optimista. Sin embargo, basta con rascar ligeramente la superficie para descubrir que el relato triunfalista es, en el mejor de los casos, incompleto; en el peor, profundamente distorsionador de la realidad econ\u00f3mica que afrontan empresas, consumidores y reguladores.<\/p>\n<p>El caso del Banco Santander es paradigm\u00e1tico. La entidad ha anunciado un beneficio de 5.455 millones de euros hasta marzo, lo que supone un incremento del 60% interanual. La cifra impresiona, pero esconde un matiz crucial: casi 1.900 millones proceden de una operaci\u00f3n extraordinaria, la venta de su filial en Polonia. Si se excluye este efecto, el crecimiento real del negocio ordinario se reduce a un 12%, una cifra notable, s\u00ed, pero muy alejada del titular exuberante.<\/p>\n<p>Este tipo de ingenier\u00eda narrativa no es nuevo. En un entorno donde la percepci\u00f3n lo es todo \u2014para inversores, reguladores y opini\u00f3n p\u00fablica\u2014, las grandes corporaciones han perfeccionado el arte de presentar resultados ajustados, recurrentes o \u201cnormalizados\u201d seg\u00fan convenga. El problema no es tanto la pr\u00e1ctica en s\u00ed, leg\u00edtima desde un punto de vista contable, sino la construcci\u00f3n de un relato que induce a confundir crecimiento estructural con eventos puntuales.<\/p>\n<p>La cuesti\u00f3n de fondo es m\u00e1s inquietante: \u00bfqu\u00e9 ocurre cuando el crecimiento empresarial depende cada vez m\u00e1s de operaciones extraordinarias y menos de la actividad productiva real? La respuesta apunta a una econom\u00eda que se apoya en la rotaci\u00f3n de activos, la optimizaci\u00f3n financiera y la internacionalizaci\u00f3n selectiva, m\u00e1s que en la expansi\u00f3n org\u00e1nica sostenida.<\/p>\n<p>Algo similar ocurre con Iberdrola, aunque por v\u00edas distintas. La el\u00e9ctrica ha comunicado una ca\u00edda del beneficio neto reportado del 14,6%, compensada por un aumento del 11,4% en t\u00e9rminos ajustados. De nuevo, la dualidad entre cifras oficiales y cifras \u201cdepuradas\u201d introduce una ambig\u00fcedad que exige una lectura cr\u00edtica. El crecimiento, en este caso, se apoya en el negocio regulado de redes, mientras que otras \u00e1reas muestran signos de debilidad.<\/p>\n<p>Este desplazamiento no es casual. El negocio de redes ofrece estabilidad y rentabilidad predecible en un contexto de volatilidad energ\u00e9tica global. Es, en cierto modo, el refugio de un sector que ha aprendido a navegar entre la incertidumbre geopol\u00edtica, la transici\u00f3n ecol\u00f3gica y la presi\u00f3n regulatoria. Pero tambi\u00e9n plantea interrogantes sobre el modelo energ\u00e9tico: \u00bfhasta qu\u00e9 punto el crecimiento se basa en innovaci\u00f3n y eficiencia, y hasta qu\u00e9 punto en marcos regulatorios favorables?<\/p>\n<p>Naturgy, por su parte, completa el tri\u00e1ngulo con un incremento del 4,7% en su beneficio trimestral, impulsado en gran medida por el encarecimiento del gas.\u00a0Aqu\u00ed la paradoja es a\u00fan m\u00e1s evidente: el aumento de beneficios se produce en un contexto de tensi\u00f3n internacional que eleva los precios energ\u00e9ticos, con impacto directo sobre consumidores y empresas.<\/p>\n<p>Es dif\u00edcil no percibir cierta disonancia moral en este fen\u00f3meno. Mientras los hogares afrontan facturas m\u00e1s elevadas y las industrias luchan por mantener su competitividad, las compa\u00f1\u00edas energ\u00e9ticas capitalizan las condiciones adversas del mercado. No se trata de demonizar el beneficio \u2014motor leg\u00edtimo de la actividad empresarial\u2014, sino de cuestionar un modelo en el que las ganancias se amplifican precisamente cuando el entorno econ\u00f3mico se deteriora.<\/p>\n<p>Este patr\u00f3n no es aislado. Forma parte de una tendencia m\u00e1s amplia en la econom\u00eda espa\u00f1ola y global, donde los sectores m\u00e1s concentrados y regulados tienden a capturar rentas extraordinarias en momentos de crisis o disrupci\u00f3n. La banca se beneficia de los m\u00e1rgenes de inter\u00e9s, la energ\u00eda de los precios internacionales, y ambos de estructuras de mercado que limitan la competencia efectiva.<\/p>\n<p>El resultado es una econom\u00eda que, pese a mostrar indicadores macroecon\u00f3micos positivos, genera una creciente sensaci\u00f3n de desconexi\u00f3n entre los beneficios corporativos y el bienestar ciudadano. Los datos agregados pueden ser favorables, pero la distribuci\u00f3n de esos beneficios es profundamente desigual.<\/p>\n<p>En este contexto, el discurso empresarial insiste en la solidez, la resiliencia y la capacidad de adaptaci\u00f3n. Y, en efecto, estas compa\u00f1\u00edas han demostrado una notable habilidad para gestionar entornos complejos. Pero esa misma capacidad plantea una cuesti\u00f3n inc\u00f3moda: si las grandes corporaciones son capaces de prosperar en casi cualquier circunstancia, \u00bfqu\u00e9 dice eso sobre el funcionamiento del sistema econ\u00f3mico en su conjunto?<\/p>\n<p>La respuesta apunta a una asimetr\u00eda estructural. Las grandes empresas operan con ventajas significativas: acceso a financiaci\u00f3n, diversificaci\u00f3n geogr\u00e1fica, capacidad de influencia regulatoria y econom\u00edas de escala. Estas ventajas no solo les permiten resistir las crisis, sino en muchos casos convertirlas en oportunidades.<\/p>\n<p>Frente a ello, las peque\u00f1as y medianas empresas \u2014que constituyen el n\u00facleo del tejido productivo\u2014 carecen de esos amortiguadores. Para ellas, el encarecimiento de la energ\u00eda, el endurecimiento de las condiciones financieras o la volatilidad de la demanda no son oportunidades, sino amenazas existenciales.<\/p>\n<p>La brecha se ampl\u00eda, y con ella el riesgo de una econom\u00eda dual: por un lado, grandes corporaciones altamente rentables y globalizadas; por otro, un ecosistema empresarial m\u00e1s vulnerable, expuesto a los vaivenes del mercado sin la misma capacidad de adaptaci\u00f3n.<\/p>\n<p>Este desequilibrio tiene implicaciones que van m\u00e1s all\u00e1 de lo econ\u00f3mico. Afecta a la cohesi\u00f3n social, a la confianza en las instituciones y a la legitimidad del propio sistema de mercado. Cuando los beneficios se concentran y las dificultades se distribuyen, el contrato social se resiente.<\/p>\n<p>No se trata de cuestionar el \u00e9xito empresarial, sino de contextualizarlo. Los resultados de Santander, Iberdrola y Naturgy son, en muchos aspectos, un reflejo de su capacidad de gesti\u00f3n. Pero tambi\u00e9n son el producto de un entorno que favorece determinadas din\u00e1micas: consolidaci\u00f3n sectorial, marcos regulatorios complejos y una econom\u00eda global marcada por la incertidumbre.<\/p>\n<p>El desaf\u00edo, por tanto, no es tanto limitar los beneficios como entender su origen y sus implicaciones. \u00bfEstamos ante un crecimiento sostenible o ante un ciclo de rentas extraordinarias? \u00bfSe est\u00e1 incentivando la inversi\u00f3n productiva o la optimizaci\u00f3n financiera? \u00bfSe est\u00e1 fortaleciendo el tejido econ\u00f3mico o concentrando el poder?<\/p>\n<p>Responder a estas preguntas exige un debate que trascienda los titulares y los porcentajes. Un debate que reconozca la complejidad del contexto, pero que no renuncie a una mirada cr\u00edtica. Porque, al final, las cifras no hablan por s\u00ed solas: necesitan interpretaci\u00f3n.<\/p>\n<p>Y en esa interpretaci\u00f3n reside la clave. Los beneficios r\u00e9cord pueden ser motivo de celebraci\u00f3n, pero tambi\u00e9n de reflexi\u00f3n. Pueden indicar fortaleza, pero tambi\u00e9n revelar fragilidades ocultas. Pueden ser el s\u00edntoma de una econom\u00eda din\u00e1mica o el indicio de un sistema desequilibrado.<\/p>\n<p>En un momento en que la narrativa econ\u00f3mica se construye a golpe de resultados trimestrales, conviene recordar que la verdadera medida del progreso no es solo cu\u00e1nto ganan las grandes empresas, sino c\u00f3mo se distribuyen los frutos de ese crecimiento y qu\u00e9 impacto tienen sobre el conjunto de la sociedad.<\/p>\n<p>Porque, en \u00faltima instancia, la prosperidad no deber\u00eda ser un espejismo que se refleja en las cuentas de resultados, sino una realidad tangible que se percibe en la vida cotidiana de los ciudadanos.<\/p>","protected":false},"excerpt":{"rendered":"<p>Santander, Iberdrola y Naturgy exhiben m\u00fasculo financiero mientras aflora una inc\u00f3moda pregunta: \u00bfqui\u00e9n se beneficia realmente del auge empresarial?<\/p>","protected":false},"author":3,"featured_media":68115,"comment_status":"closed","ping_status":"closed","sticky":false,"template":"","format":"standard","meta":{"footnotes":""},"categories":[72],"tags":[],"class_list":["post-68114","post","type-post","status-publish","format-standard","has-post-thumbnail","hentry","category-opinion"],"yoast_head":"<!-- This site is optimized with the Yoast SEO plugin v27.5 - https:\/\/yoast.com\/product\/yoast-seo-wordpress\/ -->\n<title>Beneficios r\u00e9cord, realidades inc\u00f3modas - Revista Rambla<\/title>\n<meta name=\"robots\" content=\"index, follow, max-snippet:-1, max-image-preview:large, max-video-preview:-1\" \/>\n<link rel=\"canonical\" href=\"https:\/\/www.revistarambla.com\/en\/beneficios-record-realidades-incomodas\/\" \/>\n<meta property=\"og:locale\" content=\"en_GB\" \/>\n<meta property=\"og:type\" content=\"article\" \/>\n<meta property=\"og:title\" content=\"Beneficios r\u00e9cord, realidades inc\u00f3modas - Revista Rambla\" \/>\n<meta property=\"og:description\" content=\"Santander, Iberdrola y Naturgy exhiben m\u00fasculo financiero mientras aflora una inc\u00f3moda pregunta: \u00bfqui\u00e9n se beneficia realmente del auge empresarial?\" \/>\n<meta property=\"og:url\" content=\"https:\/\/www.revistarambla.com\/en\/beneficios-record-realidades-incomodas\/\" \/>\n<meta property=\"og:site_name\" content=\"Revista Rambla\" \/>\n<meta property=\"article:publisher\" content=\"https:\/\/www.facebook.com\/revistarambla\/\" \/>\n<meta property=\"article:author\" content=\"https:\/\/www.facebook.com\/revistarambla\" \/>\n<meta property=\"article:published_time\" content=\"2026-04-29T16:00:50+00:00\" \/>\n<meta property=\"og:image\" content=\"https:\/\/www.revistarambla.com\/wp-content\/uploads\/2026\/04\/europapress-4920516-presidente-iberdrola-ignacio-sanchez-galan-interviene-entrega-becas.jpg.webp\" \/>\n\t<meta property=\"og:image:width\" content=\"697\" \/>\n\t<meta property=\"og:image:height\" content=\"447\" \/>\n\t<meta property=\"og:image:type\" content=\"image\/webp\" \/>\n<meta name=\"author\" content=\"R@mbla\" \/>\n<meta name=\"twitter:card\" content=\"summary_large_image\" \/>\n<meta name=\"twitter:creator\" content=\"@revistarambla\" \/>\n<meta name=\"twitter:site\" content=\"@revistarambla\" \/>\n<meta name=\"twitter:label1\" content=\"Written by\" \/>\n\t<meta name=\"twitter:data1\" content=\"R@mbla\" \/>\n\t<meta name=\"twitter:label2\" content=\"Estimated reading time\" \/>\n\t<meta name=\"twitter:data2\" content=\"6 minutes\" \/>\n<script type=\"application\/ld+json\" class=\"yoast-schema-graph\">{\"@context\":\"https:\\\/\\\/schema.org\",\"@graph\":[{\"@type\":\"Article\",\"@id\":\"https:\\\/\\\/www.revistarambla.com\\\/beneficios-record-realidades-incomodas\\\/#article\",\"isPartOf\":{\"@id\":\"https:\\\/\\\/www.revistarambla.com\\\/beneficios-record-realidades-incomodas\\\/\"},\"author\":{\"name\":\"R@mbla\",\"@id\":\"https:\\\/\\\/www.revistarambla.com\\\/#\\\/schema\\\/person\\\/a146a5a2550b94981a75131180e1bd9c\"},\"headline\":\"Beneficios r\u00e9cord, realidades inc\u00f3modas\",\"datePublished\":\"2026-04-29T16:00:50+00:00\",\"mainEntityOfPage\":{\"@id\":\"https:\\\/\\\/www.revistarambla.com\\\/beneficios-record-realidades-incomodas\\\/\"},\"wordCount\":1265,\"publisher\":{\"@id\":\"https:\\\/\\\/www.revistarambla.com\\\/#organization\"},\"image\":{\"@id\":\"https:\\\/\\\/www.revistarambla.com\\\/beneficios-record-realidades-incomodas\\\/#primaryimage\"},\"thumbnailUrl\":\"https:\\\/\\\/www.revistarambla.com\\\/wp-content\\\/uploads\\\/2026\\\/04\\\/europapress-4920516-presidente-iberdrola-ignacio-sanchez-galan-interviene-entrega-becas.jpg.webp\",\"articleSection\":[\"Opiniones\"],\"inLanguage\":\"en-GB\"},{\"@type\":\"WebPage\",\"@id\":\"https:\\\/\\\/www.revistarambla.com\\\/beneficios-record-realidades-incomodas\\\/\",\"url\":\"https:\\\/\\\/www.revistarambla.com\\\/beneficios-record-realidades-incomodas\\\/\",\"name\":\"Beneficios r\u00e9cord, realidades inc\u00f3modas - Revista Rambla\",\"isPartOf\":{\"@id\":\"https:\\\/\\\/www.revistarambla.com\\\/#website\"},\"primaryImageOfPage\":{\"@id\":\"https:\\\/\\\/www.revistarambla.com\\\/beneficios-record-realidades-incomodas\\\/#primaryimage\"},\"image\":{\"@id\":\"https:\\\/\\\/www.revistarambla.com\\\/beneficios-record-realidades-incomodas\\\/#primaryimage\"},\"thumbnailUrl\":\"https:\\\/\\\/www.revistarambla.com\\\/wp-content\\\/uploads\\\/2026\\\/04\\\/europapress-4920516-presidente-iberdrola-ignacio-sanchez-galan-interviene-entrega-becas.jpg.webp\",\"datePublished\":\"2026-04-29T16:00:50+00:00\",\"breadcrumb\":{\"@id\":\"https:\\\/\\\/www.revistarambla.com\\\/beneficios-record-realidades-incomodas\\\/#breadcrumb\"},\"inLanguage\":\"en-GB\",\"potentialAction\":[{\"@type\":\"ReadAction\",\"target\":[\"https:\\\/\\\/www.revistarambla.com\\\/beneficios-record-realidades-incomodas\\\/\"]}]},{\"@type\":\"ImageObject\",\"inLanguage\":\"en-GB\",\"@id\":\"https:\\\/\\\/www.revistarambla.com\\\/beneficios-record-realidades-incomodas\\\/#primaryimage\",\"url\":\"https:\\\/\\\/www.revistarambla.com\\\/wp-content\\\/uploads\\\/2026\\\/04\\\/europapress-4920516-presidente-iberdrola-ignacio-sanchez-galan-interviene-entrega-becas.jpg.webp\",\"contentUrl\":\"https:\\\/\\\/www.revistarambla.com\\\/wp-content\\\/uploads\\\/2026\\\/04\\\/europapress-4920516-presidente-iberdrola-ignacio-sanchez-galan-interviene-entrega-becas.jpg.webp\",\"width\":697,\"height\":447,\"caption\":\"beneficios r\u00e9cord empresas espa\u00f1olas 2026\"},{\"@type\":\"BreadcrumbList\",\"@id\":\"https:\\\/\\\/www.revistarambla.com\\\/beneficios-record-realidades-incomodas\\\/#breadcrumb\",\"itemListElement\":[{\"@type\":\"ListItem\",\"position\":1,\"name\":\"Portada\",\"item\":\"https:\\\/\\\/www.revistarambla.com\\\/\"},{\"@type\":\"ListItem\",\"position\":2,\"name\":\"Beneficios r\u00e9cord, realidades inc\u00f3modas\"}]},{\"@type\":\"WebSite\",\"@id\":\"https:\\\/\\\/www.revistarambla.com\\\/#website\",\"url\":\"https:\\\/\\\/www.revistarambla.com\\\/\",\"name\":\"Revista Rambla Barcelona\",\"description\":\"Periodismo independiente\",\"publisher\":{\"@id\":\"https:\\\/\\\/www.revistarambla.com\\\/#organization\"},\"potentialAction\":[{\"@type\":\"SearchAction\",\"target\":{\"@type\":\"EntryPoint\",\"urlTemplate\":\"https:\\\/\\\/www.revistarambla.com\\\/?s={search_term_string}\"},\"query-input\":{\"@type\":\"PropertyValueSpecification\",\"valueRequired\":true,\"valueName\":\"search_term_string\"}}],\"inLanguage\":\"en-GB\"},{\"@type\":\"Organization\",\"@id\":\"https:\\\/\\\/www.revistarambla.com\\\/#organization\",\"name\":\"Revista Rambla\",\"url\":\"https:\\\/\\\/www.revistarambla.com\\\/\",\"logo\":{\"@type\":\"ImageObject\",\"inLanguage\":\"en-GB\",\"@id\":\"https:\\\/\\\/www.revistarambla.com\\\/#\\\/schema\\\/logo\\\/image\\\/\",\"url\":\"https:\\\/\\\/www.revistarambla.com\\\/wp-content\\\/uploads\\\/2020\\\/09\\\/banner_rambla_1900x600_BB.png\",\"contentUrl\":\"https:\\\/\\\/www.revistarambla.com\\\/wp-content\\\/uploads\\\/2020\\\/09\\\/banner_rambla_1900x600_BB.png\",\"width\":1900,\"height\":600,\"caption\":\"Revista Rambla\"},\"image\":{\"@id\":\"https:\\\/\\\/www.revistarambla.com\\\/#\\\/schema\\\/logo\\\/image\\\/\"},\"sameAs\":[\"https:\\\/\\\/www.facebook.com\\\/revistarambla\\\/\",\"https:\\\/\\\/x.com\\\/revistarambla\",\"https:\\\/\\\/www.instagram.com\\\/revista_rambla\",\"https:\\\/\\\/es.linkedin.com\\\/company\\\/revista-rambla\"]},{\"@type\":\"Person\",\"@id\":\"https:\\\/\\\/www.revistarambla.com\\\/#\\\/schema\\\/person\\\/a146a5a2550b94981a75131180e1bd9c\",\"name\":\"R@mbla\",\"description\":\"Este art\u00edculo ha sido redactado y\\\/o validado por el equipo de redacci\u00f3n de Revista Rambla.\",\"sameAs\":[\"https:\\\/\\\/www.revistarambla.com\\\/\",\"https:\\\/\\\/www.facebook.com\\\/revistarambla\",\"https:\\\/\\\/x.com\\\/revistarambla\"]}]}<\/script>\n<!-- \/ Yoast SEO plugin. -->","yoast_head_json":{"title":"Beneficios r\u00e9cord, realidades inc\u00f3modas - Revista Rambla","robots":{"index":"index","follow":"follow","max-snippet":"max-snippet:-1","max-image-preview":"max-image-preview:large","max-video-preview":"max-video-preview:-1"},"canonical":"https:\/\/www.revistarambla.com\/en\/beneficios-record-realidades-incomodas\/","og_locale":"en_GB","og_type":"article","og_title":"Beneficios r\u00e9cord, realidades inc\u00f3modas - Revista Rambla","og_description":"Santander, Iberdrola y Naturgy exhiben m\u00fasculo financiero mientras aflora una inc\u00f3moda pregunta: \u00bfqui\u00e9n se beneficia realmente del auge empresarial?","og_url":"https:\/\/www.revistarambla.com\/en\/beneficios-record-realidades-incomodas\/","og_site_name":"Revista Rambla","article_publisher":"https:\/\/www.facebook.com\/revistarambla\/","article_author":"https:\/\/www.facebook.com\/revistarambla","article_published_time":"2026-04-29T16:00:50+00:00","og_image":[{"width":697,"height":447,"url":"https:\/\/www.revistarambla.com\/wp-content\/uploads\/2026\/04\/europapress-4920516-presidente-iberdrola-ignacio-sanchez-galan-interviene-entrega-becas.jpg.webp","type":"image\/webp"}],"author":"R@mbla","twitter_card":"summary_large_image","twitter_creator":"@revistarambla","twitter_site":"@revistarambla","twitter_misc":{"Written by":"R@mbla","Estimated reading time":"6 minutes"},"schema":{"@context":"https:\/\/schema.org","@graph":[{"@type":"Article","@id":"https:\/\/www.revistarambla.com\/beneficios-record-realidades-incomodas\/#article","isPartOf":{"@id":"https:\/\/www.revistarambla.com\/beneficios-record-realidades-incomodas\/"},"author":{"name":"R@mbla","@id":"https:\/\/www.revistarambla.com\/#\/schema\/person\/a146a5a2550b94981a75131180e1bd9c"},"headline":"Beneficios r\u00e9cord, realidades inc\u00f3modas","datePublished":"2026-04-29T16:00:50+00:00","mainEntityOfPage":{"@id":"https:\/\/www.revistarambla.com\/beneficios-record-realidades-incomodas\/"},"wordCount":1265,"publisher":{"@id":"https:\/\/www.revistarambla.com\/#organization"},"image":{"@id":"https:\/\/www.revistarambla.com\/beneficios-record-realidades-incomodas\/#primaryimage"},"thumbnailUrl":"https:\/\/www.revistarambla.com\/wp-content\/uploads\/2026\/04\/europapress-4920516-presidente-iberdrola-ignacio-sanchez-galan-interviene-entrega-becas.jpg.webp","articleSection":["Opiniones"],"inLanguage":"en-GB"},{"@type":"WebPage","@id":"https:\/\/www.revistarambla.com\/beneficios-record-realidades-incomodas\/","url":"https:\/\/www.revistarambla.com\/beneficios-record-realidades-incomodas\/","name":"Beneficios r\u00e9cord, realidades inc\u00f3modas - Revista Rambla","isPartOf":{"@id":"https:\/\/www.revistarambla.com\/#website"},"primaryImageOfPage":{"@id":"https:\/\/www.revistarambla.com\/beneficios-record-realidades-incomodas\/#primaryimage"},"image":{"@id":"https:\/\/www.revistarambla.com\/beneficios-record-realidades-incomodas\/#primaryimage"},"thumbnailUrl":"https:\/\/www.revistarambla.com\/wp-content\/uploads\/2026\/04\/europapress-4920516-presidente-iberdrola-ignacio-sanchez-galan-interviene-entrega-becas.jpg.webp","datePublished":"2026-04-29T16:00:50+00:00","breadcrumb":{"@id":"https:\/\/www.revistarambla.com\/beneficios-record-realidades-incomodas\/#breadcrumb"},"inLanguage":"en-GB","potentialAction":[{"@type":"ReadAction","target":["https:\/\/www.revistarambla.com\/beneficios-record-realidades-incomodas\/"]}]},{"@type":"ImageObject","inLanguage":"en-GB","@id":"https:\/\/www.revistarambla.com\/beneficios-record-realidades-incomodas\/#primaryimage","url":"https:\/\/www.revistarambla.com\/wp-content\/uploads\/2026\/04\/europapress-4920516-presidente-iberdrola-ignacio-sanchez-galan-interviene-entrega-becas.jpg.webp","contentUrl":"https:\/\/www.revistarambla.com\/wp-content\/uploads\/2026\/04\/europapress-4920516-presidente-iberdrola-ignacio-sanchez-galan-interviene-entrega-becas.jpg.webp","width":697,"height":447,"caption":"beneficios r\u00e9cord empresas espa\u00f1olas 2026"},{"@type":"BreadcrumbList","@id":"https:\/\/www.revistarambla.com\/beneficios-record-realidades-incomodas\/#breadcrumb","itemListElement":[{"@type":"ListItem","position":1,"name":"Portada","item":"https:\/\/www.revistarambla.com\/"},{"@type":"ListItem","position":2,"name":"Beneficios r\u00e9cord, realidades inc\u00f3modas"}]},{"@type":"WebSite","@id":"https:\/\/www.revistarambla.com\/#website","url":"https:\/\/www.revistarambla.com\/","name":"Revista Rambla Barcelona","description":"Periodismo independiente","publisher":{"@id":"https:\/\/www.revistarambla.com\/#organization"},"potentialAction":[{"@type":"SearchAction","target":{"@type":"EntryPoint","urlTemplate":"https:\/\/www.revistarambla.com\/?s={search_term_string}"},"query-input":{"@type":"PropertyValueSpecification","valueRequired":true,"valueName":"search_term_string"}}],"inLanguage":"en-GB"},{"@type":"Organization","@id":"https:\/\/www.revistarambla.com\/#organization","name":"Revista Rambla","url":"https:\/\/www.revistarambla.com\/","logo":{"@type":"ImageObject","inLanguage":"en-GB","@id":"https:\/\/www.revistarambla.com\/#\/schema\/logo\/image\/","url":"https:\/\/www.revistarambla.com\/wp-content\/uploads\/2020\/09\/banner_rambla_1900x600_BB.png","contentUrl":"https:\/\/www.revistarambla.com\/wp-content\/uploads\/2020\/09\/banner_rambla_1900x600_BB.png","width":1900,"height":600,"caption":"Revista Rambla"},"image":{"@id":"https:\/\/www.revistarambla.com\/#\/schema\/logo\/image\/"},"sameAs":["https:\/\/www.facebook.com\/revistarambla\/","https:\/\/x.com\/revistarambla","https:\/\/www.instagram.com\/revista_rambla","https:\/\/es.linkedin.com\/company\/revista-rambla"]},{"@type":"Person","@id":"https:\/\/www.revistarambla.com\/#\/schema\/person\/a146a5a2550b94981a75131180e1bd9c","name":"R@mbla","description":"Este art\u00edculo ha sido redactado y\/o validado por el equipo de redacci\u00f3n de Revista Rambla.","sameAs":["https:\/\/www.revistarambla.com\/","https:\/\/www.facebook.com\/revistarambla","https:\/\/x.com\/revistarambla"]}]}},"_links":{"self":[{"href":"https:\/\/www.revistarambla.com\/en\/wp-json\/wp\/v2\/posts\/68114","targetHints":{"allow":["GET"]}}],"collection":[{"href":"https:\/\/www.revistarambla.com\/en\/wp-json\/wp\/v2\/posts"}],"about":[{"href":"https:\/\/www.revistarambla.com\/en\/wp-json\/wp\/v2\/types\/post"}],"author":[{"embeddable":true,"href":"https:\/\/www.revistarambla.com\/en\/wp-json\/wp\/v2\/users\/3"}],"replies":[{"embeddable":true,"href":"https:\/\/www.revistarambla.com\/en\/wp-json\/wp\/v2\/comments?post=68114"}],"version-history":[{"count":1,"href":"https:\/\/www.revistarambla.com\/en\/wp-json\/wp\/v2\/posts\/68114\/revisions"}],"predecessor-version":[{"id":68116,"href":"https:\/\/www.revistarambla.com\/en\/wp-json\/wp\/v2\/posts\/68114\/revisions\/68116"}],"wp:featuredmedia":[{"embeddable":true,"href":"https:\/\/www.revistarambla.com\/en\/wp-json\/wp\/v2\/media\/68115"}],"wp:attachment":[{"href":"https:\/\/www.revistarambla.com\/en\/wp-json\/wp\/v2\/media?parent=68114"}],"wp:term":[{"taxonomy":"category","embeddable":true,"href":"https:\/\/www.revistarambla.com\/en\/wp-json\/wp\/v2\/categories?post=68114"},{"taxonomy":"post_tag","embeddable":true,"href":"https:\/\/www.revistarambla.com\/en\/wp-json\/wp\/v2\/tags?post=68114"}],"curies":[{"name":"wp","href":"https:\/\/api.w.org\/{rel}","templated":true}]}}